{"id":4507,"date":"2013-10-02T01:16:53","date_gmt":"2013-10-02T01:16:53","guid":{"rendered":"https:\/\/pagina10.com\/web\/septima-semana-del-comic-manga-y-anime\/"},"modified":"2013-10-02T01:16:53","modified_gmt":"2013-10-02T01:16:53","slug":"septima-semana-del-comic-manga-y-anime","status":"publish","type":"post","link":"https:\/\/pagina10.com\/web\/septima-semana-del-comic-manga-y-anime\/","title":{"rendered":"S\u00e9ptima semana del Comic, Manga y Anime"},"content":{"rendered":"<p><img fetchpriority=\"high\" decoding=\"async\" class=\" size-full wp-image-4506\" src=\"https:\/\/pagina10.com\/web\/wp-content\/uploads\/2013\/10\/e45ccd1c0bf45be3d998a64c82246c0e.jpg\" alt=\"\" width=\"650\" height=\"297\" srcset=\"https:\/\/pagina10.com\/web\/wp-content\/uploads\/2013\/10\/e45ccd1c0bf45be3d998a64c82246c0e.jpg 650w, https:\/\/pagina10.com\/web\/wp-content\/uploads\/2013\/10\/e45ccd1c0bf45be3d998a64c82246c0e-300x137.jpg 300w\" sizes=\"(max-width: 650px) 100vw, 650px\" \/><\/p>\n<p>Llega&nbsp;el mayor evento que re\u00fane toda la cultura del comic, manga y \u00e1nime en la ciudad de Pasto: La&nbsp;S\u00e9ptima semana del Comic, Manga y Anime organizada por Dai Kazoku a realizarse del 9 al 12 de octubre en La Casa Teatro La Guagua.<\/p>\n<p>  <!--more-->  <\/p>\n<p><strong style=\"text-align: justify; line-height: 1.8;\"><span size=\"3\">Dai Kazoku <\/span><\/strong><span size=\"3\" style=\"text-align: justify; line-height: 1.8;\">es un grupo de j\u00f3venes apasionados por el mundo del Anime (Animaci\u00f3n&nbsp;Japonesa), Manga (historietas japonesas) y Comic (historietas estadounidenses); quienes durante 7 a\u00f1os han realizado el evento llamado la Semana del Comic Manga y Anime, enfocado a las personas aficionadas a esta&nbsp;<\/span><span size=\"3\" style=\"text-align: justify; line-height: 1.8;\">expresi\u00f3n<\/span><span size=\"3\" style=\"text-align: justify; line-height: 1.8;\">&nbsp;art\u00edstica, en la ciudad de Pasto. Como comunidad, buscan dar a conocer la cultura japonesa, mediante el Anime, y el Manga y la cultura de Estados Unidos mediante el Comic.<\/span><\/p>\n<div style=\"text-align: justify;\"><span size=\"3\">&nbsp;<\/span><\/div>\n<div style=\"text-align: justify;\"><span size=\"3\" data-mce-mark=\"1\">Tambi\u00e9n&nbsp;buscan explotar talentos en la regi\u00f3n mediante concursos, los cuales se desarrollan en el marco de este evento, como concursos de dibujo y de karaoke (canto en japon\u00e9s).&nbsp;Tambi\u00e9n&nbsp;se desarrollan talleres como: origami, lengua japonesa, yoga y dibujo.<\/span><\/div>\n<div><span size=\"3\" data-mce-mark=\"1\">&nbsp;<\/span><\/div>\n<div><span size=\"3\">Se quiere dar&nbsp;cabida&nbsp;a todo lo que con&nbsp;Jap\u00f3n&nbsp;se refiere, habr\u00e1 exhibicion de artes marciales, proyecion de pel\u00edculas, conferencias. Todo esto a realizarse del 9 al 12 de octubre del presente a\u00f1o, en Casa Teatro la Guagua, sala concertada con el Ministerio de Cultura, quienes se han unido de forma activa a este evento que se realiza cada a\u00f1o.<\/span><\/div>\n<div>&nbsp;<\/div>\n<div><strong><span size=\"3\">Cosplay<\/span><\/strong><\/div>\n<div style=\"text-align: justify;\"><span size=\"3\"><span size=\"3\"><span size=\"3\">Es la representaci\u00f3n mas exacta posible de los personajes animados, tando del Anime, Manga y Comic, Cosplay viene de las palabras en ingl\u00e9s: <em>Costume Play<\/em>, que significa juego de disfraces, el cual ha tomado mucha fuerza los&nbsp;\u00faltimos&nbsp;a\u00f1os, teniendo eventos en todo el mundo de este estilo, entregando premios, como el mas grande, que es la final en Tokio Jap\u00f3n.<\/span><\/span><\/span><\/div>\n<div style=\"text-align: justify;\"><span size=\"3\"><span size=\"3\">&nbsp;<\/span><\/span><\/div>\n<div style=\"text-align: justify;\"><span size=\"3\"><span size=\"3\">Uno de los eventos principales es el certamen llamado <strong>Formula Cosplay<\/strong>,&nbsp;<\/span><\/span><span size=\"3\">el cual consiste en elegir al mejor representante de nuestra regi\u00f3n, quien representar\u00e1 en la final nacional.&nbsp;<\/span><span size=\"3\">Ya son 4 a\u00f1os en los cuales los participantes del evento&nbsp;<\/span><strong style=\"line-height: 1.8; text-align: left;\">Formula Cosplay<\/strong><span size=\"3\">&nbsp;han dejado muy en alto el nombre de Nari\u00f1o en el concurso nacional.<\/span><\/div>\n<div style=\"text-align: justify;\"><span size=\"3\">&nbsp;<\/span><\/div>\n<div><span size=\"3\">&nbsp;<\/span><\/div>\n<div style=\"text-align: justify;\"><span size=\"3\">La&nbsp;m\u00fasica&nbsp;hace parte importante de S\u00e9ptima semana del Comic, Manga y Anime, es por eso que las bandas invitadas demostrar\u00e1n en escena covers de canciones en japon\u00e9s y canciones in\u00e9ditas, teniendo como influencia este estilo.<\/span><\/div>\n<div><span size=\"3\">&nbsp;<\/span><\/div>\n<div><strong><span size=\"3\">K-Pop<\/span><\/strong><\/div>\n<div style=\"text-align: justify;\">Se ha visto&nbsp;tambi\u00e9n&nbsp;la gran acogida que tiene nuestro pa\u00eds con respecto al Kpop (Pop sur Coreano), por lo cual este estilo musical tambi\u00e9n&nbsp;tiene su espacio, donde podremos ver coreografias&nbsp;de grupos regionales.<\/div>\n<div>&nbsp;<\/div>\n<div>El peri\u00f3dico digital p\u00e1gina10.com realizar\u00e1 un cubrimiento especial durante este evento. Oportunamente se publicar\u00e1 la programaci\u00f3n.<\/div>\n<div>&nbsp;<\/div>\n<div><strong><span size=\"3\">Fecha: Octubre 9 al 12 de 2013<\/span><\/strong><\/div>\n<div><strong>Lugar:&nbsp;Casa Teatro La Guagua<\/strong> Cra 35 # 15-07 San Ignacio. Sala Concertada Ministerio de Cultura, Gobernaci\u00f3n de Nari\u00f1o y Alcaldia Municipal de Pasto<\/div>\n<div><strong>Venta de Bonos de apoyo:&nbsp;<\/strong><span style=\"color: #333333; font-family: 'lucida grande', tahoma, verdana, arial, sans-serif; font-size: 12.727272033691406px; line-height: 15.454545021057129px;\">CIUDAD GOTICA en la AV Boyaca, LEAGUE OF DUELISTS en las Cuadras y OTAKU ROYAL PASTO en San Andr\u00e9s.<\/span><\/div>\n<p>&nbsp;<\/p>\n<h3 style=\"text-align: center;\"><span style=\"color: #0000ff;\"><a href=\"https:\/\/www.facebook.com\/events\/212111555620707\/?fref=ts\" target=\"_blank\"><span style=\"color: #0000ff;\">UNETE AL EVENTO EN FACEBOOK<\/span><\/a>&nbsp;<\/span><\/h3>\n<h3 style=\"text-align: center;\">galer\u00eda de eventos anteriores<\/h3>\n<p style=\"text-align: center;\">{igallery id=4115|cid=138|pid=4|type=category|children=0|addlinks=0|tags=|limit=0}<\/p>\n<p>&nbsp;<\/p>\n<p>&nbsp;<\/p>\n<p>&nbsp;<\/p>\n","protected":false},"excerpt":{"rendered":"<p>Llega&nbsp;el mayor evento que re\u00fane toda la cultura del comic, manga y \u00e1nime en la ciudad de Pasto: La&nbsp;S\u00e9ptima semana del Comic, Manga y Anime organizada por Dai Kazoku a realizarse del 9 al 12 de octubre en La Casa Teatro La Guagua.<\/p>\n","protected":false},"author":29,"featured_media":4506,"comment_status":"open","ping_status":"open","sticky":false,"template":"","format":"standard","meta":{"footnotes":""},"categories":[41],"tags":[],"class_list":["post-4507","post","type-post","status-publish","format-standard","has-post-thumbnail","hentry","category-manga"],"yoast_head":"<!-- This site is optimized with the Yoast SEO plugin v27.1.1 - https:\/\/yoast.com\/product\/yoast-seo-wordpress\/ -->\n<title>S\u00e9ptima semana del Comic, Manga y Anime | P\u00e1gina10<\/title>\n<meta name=\"robots\" content=\"index, follow, max-snippet:-1, max-image-preview:large, max-video-preview:-1\" \/>\n<link rel=\"canonical\" href=\"https:\/\/pagina10.com\/web\/septima-semana-del-comic-manga-y-anime\/\" \/>\n<meta property=\"og:locale\" content=\"es_ES\" \/>\n<meta property=\"og:type\" content=\"article\" \/>\n<meta property=\"og:title\" content=\"S\u00e9ptima semana del Comic, Manga y Anime | P\u00e1gina10\" \/>\n<meta property=\"og:description\" content=\"Llega&nbsp;el mayor evento que re\u00fane toda la cultura del comic, manga y \u00e1nime en la ciudad de Pasto: La&nbsp;S\u00e9ptima semana del Comic, Manga y Anime organizada por Dai Kazoku a realizarse del 9 al 12 de octubre en La Casa Teatro La Guagua.\" \/>\n<meta property=\"og:url\" content=\"https:\/\/pagina10.com\/web\/septima-semana-del-comic-manga-y-anime\/\" \/>\n<meta property=\"og:site_name\" content=\"P\u00e1gina10\" \/>\n<meta property=\"article:publisher\" content=\"https:\/\/www.facebook.com\/pag10com\" \/>\n<meta property=\"article:published_time\" content=\"2013-10-02T01:16:53+00:00\" \/>\n<meta property=\"og:image\" content=\"https:\/\/pagina10.com\/web\/wp-content\/uploads\/2013\/10\/e45ccd1c0bf45be3d998a64c82246c0e.jpg\" \/>\n\t<meta property=\"og:image:width\" content=\"650\" \/>\n\t<meta property=\"og:image:height\" content=\"297\" \/>\n\t<meta property=\"og:image:type\" content=\"image\/jpeg\" \/>\n<meta name=\"author\" content=\"P\u00e1gina 10\" \/>\n<meta name=\"twitter:card\" content=\"summary_large_image\" \/>\n<meta name=\"twitter:creator\" content=\"@Pag10com\" \/>\n<meta name=\"twitter:site\" content=\"@Pag10com\" \/>\n<meta name=\"twitter:label1\" content=\"Escrito por\" \/>\n\t<meta name=\"twitter:data1\" content=\"P\u00e1gina 10\" \/>\n\t<meta name=\"twitter:label2\" content=\"Tiempo de lectura\" \/>\n\t<meta name=\"twitter:data2\" content=\"3 minutos\" \/>\n<script type=\"application\/ld+json\" class=\"yoast-schema-graph\">{\"@context\":\"https:\/\/schema.org\",\"@graph\":[{\"@type\":\"Article\",\"@id\":\"https:\/\/pagina10.com\/web\/septima-semana-del-comic-manga-y-anime\/#article\",\"isPartOf\":{\"@id\":\"https:\/\/pagina10.com\/web\/septima-semana-del-comic-manga-y-anime\/\"},\"author\":{\"name\":\"P\u00e1gina 10\",\"@id\":\"https:\/\/pagina10.com\/web\/#\/schema\/person\/a7a5d38f0629dfc107f619fbae4f6cc3\"},\"headline\":\"S\u00e9ptima semana del Comic, Manga y Anime\",\"datePublished\":\"2013-10-02T01:16:53+00:00\",\"mainEntityOfPage\":{\"@id\":\"https:\/\/pagina10.com\/web\/septima-semana-del-comic-manga-y-anime\/\"},\"wordCount\":575,\"commentCount\":0,\"publisher\":{\"@id\":\"https:\/\/pagina10.com\/web\/#organization\"},\"image\":{\"@id\":\"https:\/\/pagina10.com\/web\/septima-semana-del-comic-manga-y-anime\/#primaryimage\"},\"thumbnailUrl\":\"https:\/\/pagina10.com\/web\/wp-content\/uploads\/2013\/10\/e45ccd1c0bf45be3d998a64c82246c0e.jpg\",\"articleSection\":[\"manga\"],\"inLanguage\":\"es\",\"potentialAction\":[{\"@type\":\"CommentAction\",\"name\":\"Comment\",\"target\":[\"https:\/\/pagina10.com\/web\/septima-semana-del-comic-manga-y-anime\/#respond\"]}]},{\"@type\":\"WebPage\",\"@id\":\"https:\/\/pagina10.com\/web\/septima-semana-del-comic-manga-y-anime\/\",\"url\":\"https:\/\/pagina10.com\/web\/septima-semana-del-comic-manga-y-anime\/\",\"name\":\"S\u00e9ptima semana del Comic, Manga y Anime | P\u00e1gina10\",\"isPartOf\":{\"@id\":\"https:\/\/pagina10.com\/web\/#website\"},\"primaryImageOfPage\":{\"@id\":\"https:\/\/pagina10.com\/web\/septima-semana-del-comic-manga-y-anime\/#primaryimage\"},\"image\":{\"@id\":\"https:\/\/pagina10.com\/web\/septima-semana-del-comic-manga-y-anime\/#primaryimage\"},\"thumbnailUrl\":\"https:\/\/pagina10.com\/web\/wp-content\/uploads\/2013\/10\/e45ccd1c0bf45be3d998a64c82246c0e.jpg\",\"datePublished\":\"2013-10-02T01:16:53+00:00\",\"breadcrumb\":{\"@id\":\"https:\/\/pagina10.com\/web\/septima-semana-del-comic-manga-y-anime\/#breadcrumb\"},\"inLanguage\":\"es\",\"potentialAction\":[{\"@type\":\"ReadAction\",\"target\":[\"https:\/\/pagina10.com\/web\/septima-semana-del-comic-manga-y-anime\/\"]}]},{\"@type\":\"ImageObject\",\"inLanguage\":\"es\",\"@id\":\"https:\/\/pagina10.com\/web\/septima-semana-del-comic-manga-y-anime\/#primaryimage\",\"url\":\"https:\/\/pagina10.com\/web\/wp-content\/uploads\/2013\/10\/e45ccd1c0bf45be3d998a64c82246c0e.jpg\",\"contentUrl\":\"https:\/\/pagina10.com\/web\/wp-content\/uploads\/2013\/10\/e45ccd1c0bf45be3d998a64c82246c0e.jpg\",\"width\":650,\"height\":297},{\"@type\":\"BreadcrumbList\",\"@id\":\"https:\/\/pagina10.com\/web\/septima-semana-del-comic-manga-y-anime\/#breadcrumb\",\"itemListElement\":[{\"@type\":\"ListItem\",\"position\":1,\"name\":\"Portada\",\"item\":\"https:\/\/pagina10.com\/web\/\"},{\"@type\":\"ListItem\",\"position\":2,\"name\":\"S\u00e9ptima semana del Comic, Manga y Anime\"}]},{\"@type\":\"WebSite\",\"@id\":\"https:\/\/pagina10.com\/web\/#website\",\"url\":\"https:\/\/pagina10.com\/web\/\",\"name\":\"P\u00e1gina10\",\"description\":\"Peri\u00f3dico Regional\",\"publisher\":{\"@id\":\"https:\/\/pagina10.com\/web\/#organization\"},\"alternateName\":\"P\u00e1gina10 Peri\u00f3dico Regional\",\"potentialAction\":[{\"@type\":\"SearchAction\",\"target\":{\"@type\":\"EntryPoint\",\"urlTemplate\":\"https:\/\/pagina10.com\/web\/?s={search_term_string}\"},\"query-input\":{\"@type\":\"PropertyValueSpecification\",\"valueRequired\":true,\"valueName\":\"search_term_string\"}}],\"inLanguage\":\"es\"},{\"@type\":\"Organization\",\"@id\":\"https:\/\/pagina10.com\/web\/#organization\",\"name\":\"P\u00e1gina10\",\"alternateName\":\"P\u00e1gina10 Peri\u00f3dico Regional\",\"url\":\"https:\/\/pagina10.com\/web\/\",\"logo\":{\"@type\":\"ImageObject\",\"inLanguage\":\"es\",\"@id\":\"https:\/\/pagina10.com\/web\/#\/schema\/logo\/image\/\",\"url\":\"https:\/\/pagina10.com\/web\/wp-content\/uploads\/2024\/01\/40-pagina-10-periodico-regional-pasto.jpg\",\"contentUrl\":\"https:\/\/pagina10.com\/web\/wp-content\/uploads\/2024\/01\/40-pagina-10-periodico-regional-pasto.jpg\",\"width\":1280,\"height\":720,\"caption\":\"P\u00e1gina10\"},\"image\":{\"@id\":\"https:\/\/pagina10.com\/web\/#\/schema\/logo\/image\/\"},\"sameAs\":[\"https:\/\/www.facebook.com\/pag10com\",\"https:\/\/x.com\/Pag10com\",\"https:\/\/www.instagram.com\/pagina10col\/\",\"https:\/\/youtube.com\/channel\/pag10\",\"https:\/\/www.tiktok.com\/@p10col\"]},{\"@type\":\"Person\",\"@id\":\"https:\/\/pagina10.com\/web\/#\/schema\/person\/a7a5d38f0629dfc107f619fbae4f6cc3\",\"name\":\"P\u00e1gina 10\",\"description\":\"P\u00e1gina10.com es un peri\u00f3dico digital que nace en Colombia, en el departamento de Nari\u00f1o, con un enfoque global, fundamentado en cuatro pilares esenciales: la libertad, el pluralismo, la inclusi\u00f3n y la independencia. P\u00e1gina10.com hace referencia a Nari\u00f1o como el d\u00e9cimo departamento creado en Colombia, despu\u00e9s de un proceso pol\u00edtico liderado por actores y actrices regionales con el fin de obtener la independencia y autonom\u00eda de nuestros territorios. Con la creaci\u00f3n de P\u00e1gina10.com se pretende abrir un escenario para el dialogo, la reflexi\u00f3n y el debate que se extienda a otras geograf\u00edas de Am\u00e9rica Latina y del planeta, en una apuesta por transformar colectivamente los desaf\u00edos de un mundo contempor\u00e1neo, m\u00e1s all\u00e1 de las fronteras impuestas.\",\"url\":\"https:\/\/pagina10.com\/web\/author\/mcepeda\/\"}]}<\/script>\n<!-- \/ Yoast SEO plugin. -->","yoast_head_json":{"title":"S\u00e9ptima semana del Comic, Manga y Anime | P\u00e1gina10","robots":{"index":"index","follow":"follow","max-snippet":"max-snippet:-1","max-image-preview":"max-image-preview:large","max-video-preview":"max-video-preview:-1"},"canonical":"https:\/\/pagina10.com\/web\/septima-semana-del-comic-manga-y-anime\/","og_locale":"es_ES","og_type":"article","og_title":"S\u00e9ptima semana del Comic, Manga y Anime | P\u00e1gina10","og_description":"Llega&nbsp;el mayor evento que re\u00fane toda la cultura del comic, manga y \u00e1nime en la ciudad de Pasto: La&nbsp;S\u00e9ptima semana del Comic, Manga y Anime organizada por Dai Kazoku a realizarse del 9 al 12 de octubre en La Casa Teatro La Guagua.","og_url":"https:\/\/pagina10.com\/web\/septima-semana-del-comic-manga-y-anime\/","og_site_name":"P\u00e1gina10","article_publisher":"https:\/\/www.facebook.com\/pag10com","article_published_time":"2013-10-02T01:16:53+00:00","og_image":[{"width":650,"height":297,"url":"https:\/\/pagina10.com\/web\/wp-content\/uploads\/2013\/10\/e45ccd1c0bf45be3d998a64c82246c0e.jpg","type":"image\/jpeg"}],"author":"P\u00e1gina 10","twitter_card":"summary_large_image","twitter_creator":"@Pag10com","twitter_site":"@Pag10com","twitter_misc":{"Escrito por":"P\u00e1gina 10","Tiempo de lectura":"3 minutos"},"schema":{"@context":"https:\/\/schema.org","@graph":[{"@type":"Article","@id":"https:\/\/pagina10.com\/web\/septima-semana-del-comic-manga-y-anime\/#article","isPartOf":{"@id":"https:\/\/pagina10.com\/web\/septima-semana-del-comic-manga-y-anime\/"},"author":{"name":"P\u00e1gina 10","@id":"https:\/\/pagina10.com\/web\/#\/schema\/person\/a7a5d38f0629dfc107f619fbae4f6cc3"},"headline":"S\u00e9ptima semana del Comic, Manga y Anime","datePublished":"2013-10-02T01:16:53+00:00","mainEntityOfPage":{"@id":"https:\/\/pagina10.com\/web\/septima-semana-del-comic-manga-y-anime\/"},"wordCount":575,"commentCount":0,"publisher":{"@id":"https:\/\/pagina10.com\/web\/#organization"},"image":{"@id":"https:\/\/pagina10.com\/web\/septima-semana-del-comic-manga-y-anime\/#primaryimage"},"thumbnailUrl":"https:\/\/pagina10.com\/web\/wp-content\/uploads\/2013\/10\/e45ccd1c0bf45be3d998a64c82246c0e.jpg","articleSection":["manga"],"inLanguage":"es","potentialAction":[{"@type":"CommentAction","name":"Comment","target":["https:\/\/pagina10.com\/web\/septima-semana-del-comic-manga-y-anime\/#respond"]}]},{"@type":"WebPage","@id":"https:\/\/pagina10.com\/web\/septima-semana-del-comic-manga-y-anime\/","url":"https:\/\/pagina10.com\/web\/septima-semana-del-comic-manga-y-anime\/","name":"S\u00e9ptima semana del Comic, Manga y Anime | P\u00e1gina10","isPartOf":{"@id":"https:\/\/pagina10.com\/web\/#website"},"primaryImageOfPage":{"@id":"https:\/\/pagina10.com\/web\/septima-semana-del-comic-manga-y-anime\/#primaryimage"},"image":{"@id":"https:\/\/pagina10.com\/web\/septima-semana-del-comic-manga-y-anime\/#primaryimage"},"thumbnailUrl":"https:\/\/pagina10.com\/web\/wp-content\/uploads\/2013\/10\/e45ccd1c0bf45be3d998a64c82246c0e.jpg","datePublished":"2013-10-02T01:16:53+00:00","breadcrumb":{"@id":"https:\/\/pagina10.com\/web\/septima-semana-del-comic-manga-y-anime\/#breadcrumb"},"inLanguage":"es","potentialAction":[{"@type":"ReadAction","target":["https:\/\/pagina10.com\/web\/septima-semana-del-comic-manga-y-anime\/"]}]},{"@type":"ImageObject","inLanguage":"es","@id":"https:\/\/pagina10.com\/web\/septima-semana-del-comic-manga-y-anime\/#primaryimage","url":"https:\/\/pagina10.com\/web\/wp-content\/uploads\/2013\/10\/e45ccd1c0bf45be3d998a64c82246c0e.jpg","contentUrl":"https:\/\/pagina10.com\/web\/wp-content\/uploads\/2013\/10\/e45ccd1c0bf45be3d998a64c82246c0e.jpg","width":650,"height":297},{"@type":"BreadcrumbList","@id":"https:\/\/pagina10.com\/web\/septima-semana-del-comic-manga-y-anime\/#breadcrumb","itemListElement":[{"@type":"ListItem","position":1,"name":"Portada","item":"https:\/\/pagina10.com\/web\/"},{"@type":"ListItem","position":2,"name":"S\u00e9ptima semana del Comic, Manga y Anime"}]},{"@type":"WebSite","@id":"https:\/\/pagina10.com\/web\/#website","url":"https:\/\/pagina10.com\/web\/","name":"P\u00e1gina10","description":"Peri\u00f3dico Regional","publisher":{"@id":"https:\/\/pagina10.com\/web\/#organization"},"alternateName":"P\u00e1gina10 Peri\u00f3dico Regional","potentialAction":[{"@type":"SearchAction","target":{"@type":"EntryPoint","urlTemplate":"https:\/\/pagina10.com\/web\/?s={search_term_string}"},"query-input":{"@type":"PropertyValueSpecification","valueRequired":true,"valueName":"search_term_string"}}],"inLanguage":"es"},{"@type":"Organization","@id":"https:\/\/pagina10.com\/web\/#organization","name":"P\u00e1gina10","alternateName":"P\u00e1gina10 Peri\u00f3dico Regional","url":"https:\/\/pagina10.com\/web\/","logo":{"@type":"ImageObject","inLanguage":"es","@id":"https:\/\/pagina10.com\/web\/#\/schema\/logo\/image\/","url":"https:\/\/pagina10.com\/web\/wp-content\/uploads\/2024\/01\/40-pagina-10-periodico-regional-pasto.jpg","contentUrl":"https:\/\/pagina10.com\/web\/wp-content\/uploads\/2024\/01\/40-pagina-10-periodico-regional-pasto.jpg","width":1280,"height":720,"caption":"P\u00e1gina10"},"image":{"@id":"https:\/\/pagina10.com\/web\/#\/schema\/logo\/image\/"},"sameAs":["https:\/\/www.facebook.com\/pag10com","https:\/\/x.com\/Pag10com","https:\/\/www.instagram.com\/pagina10col\/","https:\/\/youtube.com\/channel\/pag10","https:\/\/www.tiktok.com\/@p10col"]},{"@type":"Person","@id":"https:\/\/pagina10.com\/web\/#\/schema\/person\/a7a5d38f0629dfc107f619fbae4f6cc3","name":"P\u00e1gina 10","description":"P\u00e1gina10.com es un peri\u00f3dico digital que nace en Colombia, en el departamento de Nari\u00f1o, con un enfoque global, fundamentado en cuatro pilares esenciales: la libertad, el pluralismo, la inclusi\u00f3n y la independencia. P\u00e1gina10.com hace referencia a Nari\u00f1o como el d\u00e9cimo departamento creado en Colombia, despu\u00e9s de un proceso pol\u00edtico liderado por actores y actrices regionales con el fin de obtener la independencia y autonom\u00eda de nuestros territorios. Con la creaci\u00f3n de P\u00e1gina10.com se pretende abrir un escenario para el dialogo, la reflexi\u00f3n y el debate que se extienda a otras geograf\u00edas de Am\u00e9rica Latina y del planeta, en una apuesta por transformar colectivamente los desaf\u00edos de un mundo contempor\u00e1neo, m\u00e1s all\u00e1 de las fronteras impuestas.","url":"https:\/\/pagina10.com\/web\/author\/mcepeda\/"}]}},"_links":{"self":[{"href":"https:\/\/pagina10.com\/web\/wp-json\/wp\/v2\/posts\/4507","targetHints":{"allow":["GET"]}}],"collection":[{"href":"https:\/\/pagina10.com\/web\/wp-json\/wp\/v2\/posts"}],"about":[{"href":"https:\/\/pagina10.com\/web\/wp-json\/wp\/v2\/types\/post"}],"author":[{"embeddable":true,"href":"https:\/\/pagina10.com\/web\/wp-json\/wp\/v2\/users\/29"}],"replies":[{"embeddable":true,"href":"https:\/\/pagina10.com\/web\/wp-json\/wp\/v2\/comments?post=4507"}],"version-history":[{"count":0,"href":"https:\/\/pagina10.com\/web\/wp-json\/wp\/v2\/posts\/4507\/revisions"}],"wp:featuredmedia":[{"embeddable":true,"href":"https:\/\/pagina10.com\/web\/wp-json\/wp\/v2\/media\/4506"}],"wp:attachment":[{"href":"https:\/\/pagina10.com\/web\/wp-json\/wp\/v2\/media?parent=4507"}],"wp:term":[{"taxonomy":"category","embeddable":true,"href":"https:\/\/pagina10.com\/web\/wp-json\/wp\/v2\/categories?post=4507"},{"taxonomy":"post_tag","embeddable":true,"href":"https:\/\/pagina10.com\/web\/wp-json\/wp\/v2\/tags?post=4507"}],"curies":[{"name":"wp","href":"https:\/\/api.w.org\/{rel}","templated":true}]}}