{"id":45990,"date":"2020-05-19T15:15:11","date_gmt":"2020-05-19T15:15:11","guid":{"rendered":"https:\/\/pagina10.com\/web\/?p=45990"},"modified":"2020-05-19T15:15:11","modified_gmt":"2020-05-19T15:15:11","slug":"gustavo-castro-caycedo-un-colombiano-con-alma","status":"publish","type":"post","link":"https:\/\/pagina10.com\/web\/gustavo-castro-caycedo-un-colombiano-con-alma\/","title":{"rendered":"Gustavo Castro Caycedo, un colombiano con alma"},"content":{"rendered":"<p style=\"text-align: justify;\">Mi encuentro con el periodista, escritor y animalista Gustavo Castro Caycedo sucedi\u00f3 en el a\u00f1o 2013.\u00a0 \u00c9l acabada de publicar su libro \u201cHistorias humanas de perros y gatos\u201d y en la car\u00e1tula se pod\u00eda observar la figura de un Beagle y un gato, que m\u00e1s tarde supe que se trataba de Chig\u00fciro, un gato-arquero. Por mi parte mi familia viv\u00eda un duelo por la p\u00e9rdida de Gandhi, un perro Beagle que fue durante su corta estad\u00eda un peque\u00f1o brib\u00f3n que nos hacia los d\u00edas m\u00e1s alegres y dulces.\u00a0 Le gustaba jugar futbol y no exist\u00eda bal\u00f3n que se resista a su llamado, era el invitado de honor en todos los partidos del barrio, nadie se atrev\u00eda a quitarle el bal\u00f3n cuando ca\u00eda en su poder y \u00fanicamente se calmaba cuando alg\u00fan jugador lograba realizar el cambalache de una galleta por su peque\u00f1o tesoro. Confieso que ador\u00e9 a ese perro y sentimos mucho su p\u00e9rdida.\u00a0 Pero los d\u00edas, que lo curan todo, permitieron que superemos en familia la ausencia de nuestro querido futbolista de cuatro patas y cola larga.\u00a0 Hasta que lleg\u00f3 Rody y las cosas se pintaron de otro color, pues a un perro le sucedi\u00f3 un gato sagaz e inteligente hasta lo inimaginable.\u00a0 Mi hijo, Juan Pablo, nos introdujo en ese maravilloso mundo de los gatos al punto de ya no poder vivir sin su compa\u00f1\u00eda.\u00a0 Hoy, es la tierna y llorona Danna esa grata compa\u00f1era que nos regala risas y alegr\u00edas.<\/p>\n<p style=\"text-align: justify;\">\n<p style=\"text-align: justify;\">Es de caballeros confesar que fue gracias al escritor Gustavo Castro Caycedo que superamos nuestro duelo por Gandhi.\u00a0 Lo escuchamos en un programa radial en una noche de insomnio y tristeza. Justamente hablaba sobre su libro dedicado a los animales, y vaya que no hicimos otra cosa que correr a comprarlo y disfrutar de su lectura. Fue tal la pasi\u00f3n que nos despert\u00f3 sus historias en sus trescientas ochenta y dos p\u00e1ginas que no pudimos contener la curiosidad y se hizo necesario adquirir un nuevo texto que nos facilite su lectura.<\/p>\n<p style=\"text-align: justify;\">\n<p style=\"text-align: justify;\">Qu\u00e9 bello fue escuchar en la voz de este sensible y maravilloso escritor la historia de su gato Chig\u00fciro, \u201cel causante\u201d e inspirador del libro. Comienza la gatograf\u00eda de Chig\u00fciro as\u00ed: \u201cPara muchos, un gato \u201ces s\u00f3lo un animal\u201d. Para m\u00ed Chig\u00fciro fue mi gran amigo, el compa\u00f1ero incondicional que termin\u00f3 siendo una especie de nieto m\u00edo\u2026 el nieto que me faltaba y que en realidad lo fue\u2026\u201d, luego, aclara el gatografo, que en su casa cada uno de los miembros lo bautizaron como les dio la real gana: Barba Negra, Don Gato, Gaturro, Morringate, Mirringato y Gatobriand.<\/p>\n<p style=\"text-align: justify;\">\n<p style=\"text-align: justify;\">A diferencia de Platero, que s\u00f3lo era peludo, Chig\u00fciro \u201ccaminaba con paso elegante,\u00a0 lento, sin afanes y daba media vuelta para ver si lo est\u00e1bamos observando\u201d. Confiesa nuestro buen amigo gatografo que \u201cChig\u00fciro, que me examinaba con ojos investigadores, grandes y tiernos, fue el gato que hubiera querido tener de ni\u00f1o\u2026\u201d.\u00a0 Basta saber que un hombre, por viejo que sea, pero que escribe de esa manera y que se entiende tan bien con los gatos, es un ni\u00f1o grande y arrugado, o por lo menos tiene alma de ni\u00f1o.\u00a0 Eso es lo que nos transmiti\u00f3 Gustavo Castro Caycedo en su entrevista y posteriormente en su libro \u201cHistorias humanas de perros y gatos\u201d, texto que nos cautiv\u00f3 y marc\u00f3 nuestra ruta existencial.<\/p>\n<p style=\"text-align: justify;\">\n<p style=\"text-align: justify;\">La historia de Chig\u00fciro termina en la tristeza infinita de su muerte y el pesar de su gatografo, pues bien lo expresa as\u00ed: \u201cHoy dar\u00eda todo porque estuviera vivo, pero sano, as\u00ed fuera un solo d\u00eda. Por sentirlo cari\u00f1oso, reiter\u00e1ndonos su amor; acostado sobre el teclado del computador como extasiado por los colores de las im\u00e1genes y los sonidos del televisor; acompa\u00f1\u00e1ndome hasta las cuatro o cinco de la ma\u00f1ana; haciendo moner\u00edas; jugando con mis pantuflas y desconcentr\u00e1ndome por ratos\u2026\u201d. \u00danicamente quien tenga o haya tenido un gato entender\u00e1 en su real dimensi\u00f3n el significado de la p\u00e9rdida de uno de ellos, que nunca se olvidan y siempre se recuerdan\u2026 hasta en los sue\u00f1os.<\/p>\n<p style=\"text-align: justify;\">\n<p style=\"text-align: justify;\">M\u00e1s tarde me enter\u00e9 que Gustavo Castro Caycedo es un generoso autor de m\u00e1s de \u201c33 libros y coautor de 9 m\u00e1s. Administrador de empresas, consultor y experto en planeaci\u00f3n y direcci\u00f3n de medios de comunicaci\u00f3n. Ha sido director de Inravisi\u00f3n, presidente de RCN Radio y del C\u00edrculo de Periodistas de Bogot\u00e1. Director del Noticiero Cinevisi\u00f3n, de la revista Al D\u00eda y de varios programas de radio y TV. Columnista de El Tiempo, El Pa\u00eds y de otros medios. Asesor del Instituto Anticorrupci\u00f3n de la Universidad del Rosario. Comisionado por los presidentes, Virgilio Barco, Belisario Betancur y Ernesto Samper, para el empalme de sus gobiernos en el \u00e1rea de comunicaciones\u201d.\u00a0 Pero, en mi humilde criterio, considero que el t\u00edtulo que m\u00e1s lo honra es el de animalista y gatologo, gatografo y hombre bueno.<\/p>\n<p style=\"text-align: justify;\">\n<p style=\"text-align: justify;\">Son muchas y positivas las cosas que se pueden decir y escribir de Gustavo Castro Caycedo, un hombre que hizo de las letras el mejor lugar para habitar y crecer. En una de sus biograf\u00edas encontramos datos interesantes, como el siguiente: \u201cCastro Caycedo estudi\u00f3 Administraci\u00f3n de Empresa en la Tadeo, lo cual asegura \u00e9l fue clave para su \u00e9xito en el periodismo, tanto que en 1979 trajo a Colombia al campe\u00f3n mundial de boxeo del momento Mohamed Al\u00ed, convirtiendo al pa\u00eds en el \u00fanico de Suram\u00e9rica que Mohamed visit\u00f3 en su carrera deportiva. Tambi\u00e9n fue el creador del espacio radial \u201cNocturna RCN\u201d, famoso entre los radioescuchas nocturnos. Dirigi\u00f3 Inravisi\u00f3n e hizo parte del gabinete presidencial de las administraciones Barco y Betancourt. Sin duda una figura importante en el periodismo nacional\u201d.<\/p>\n<p style=\"text-align: justify;\">\n<p style=\"text-align: justify;\">En uno de sus libros exalta su infinito amor por Colombia y su anhelo de una paz que le permiti\u00f3 afirmar sin tapujo alguno \u201cGrandes momentos de Colombia\u201d es totalmente neutral, no se mete en temas pol\u00edticos, trata la guerra pero sin hacer juicios. Personalmente tengo una posici\u00f3n pol\u00edtica, soy liberal, dem\u00f3crata. Creo que el periodismo y la pol\u00edtica deben tener ese matrimonio\u201d.\u00a0 No nos queda duda alguna que su presencia y sus ideas alimentaron continuamente el anhelo de paz del pueblo colombiano y que siempre esa palabra encontr\u00f3 cabida en el o\u00eddo de los dignatarios que dirigieron los destinos de nuestro pa\u00eds.<\/p>\n<p style=\"text-align: justify;\">\n<p style=\"text-align: justify;\">La pluma de Gustavo Castro Caycedo es exquisita, sensible, humanista y humanizante.\u00a0 Y no es excluyente para un hombre como \u00e9l armonizar pol\u00edtica, amor o historia.\u00a0 Sus grandes dotes intelectuales le permiten abordar con propiedad diversos y divergentes temas sin que pierda la tonalidad o el ritmo de sus historias.<\/p>\n<p style=\"text-align: justify;\">\n<p style=\"text-align: justify;\">Definitivamente es un honor contar con un escritor, periodista e intelectual como el que hoy nos ocupa en nuestra cr\u00f3nica.\u00a0 Escucharlo, leerlo, analizarlo y asimilarlo es, de alguna manera, entrar en un mundo m\u00edstico donde la sensibilidad aflora en cada uno de sus conceptos.<\/p>\n<p style=\"text-align: justify;\">\n<p style=\"text-align: justify;\">Hoy, ya sin su Chig\u00fciro, contin\u00faa \u00a0tejiendo historias, labrando textos y proyectando sentimientos y sensaciones. Bien vale la pena aprovechar estos tiempos de confinamiento para adentrarnos en sus narraciones para dejar escapar una l\u00e1grima o una risa.\u00a0 Si me lo permiten, deseo terminar esta cr\u00f3nica haciendo referencia a ese libro que se ha convertido en el compa\u00f1ero permanente de los animalistas de Colombia y gran parte del mundo: \u201cNo es exagerado decir que Historias humanas de perros y de gatos, de Gustavo castro Caycedo, es una enciclopedia rigurosa y sentida sobre las relaciones entre seres humanos y sus mascotas. El autor escoge historias que desvelan el amor, el sufrimiento, y sobre todo una gran lecci\u00f3n que nos deparan los animales: su infinita lealtad, que logra despertar nuestras fibras m\u00e1s \u00edntimas\u201d.<\/p>\n<p style=\"text-align: justify;\">\n","protected":false},"excerpt":{"rendered":"<p>Mi encuentro con el periodista, escritor y animalista Gustavo Castro Caycedo sucedi\u00f3 en el a\u00f1o 2013.\u00a0 \u00c9l acabada de publicar su libro \u201cHistorias humanas de perros y gatos\u201d y en la car\u00e1tula se pod\u00eda observar la figura de un Beagle y un gato, que m\u00e1s tarde supe que se trataba de Chig\u00fciro, un gato-arquero. Por [&hellip;]<\/p>\n","protected":false},"author":46,"featured_media":45991,"comment_status":"open","ping_status":"open","sticky":false,"template":"","format":"standard","meta":{"footnotes":""},"categories":[87],"tags":[],"class_list":["post-45990","post","type-post","status-publish","format-standard","has-post-thumbnail","hentry","category-literatura-culturas-2"],"yoast_head":"<!-- This site is optimized with the Yoast SEO plugin v27.1.1 - https:\/\/yoast.com\/product\/yoast-seo-wordpress\/ -->\n<title>Gustavo Castro Caycedo, un colombiano con alma | P\u00e1gina10<\/title>\n<meta name=\"robots\" content=\"index, follow, max-snippet:-1, max-image-preview:large, max-video-preview:-1\" \/>\n<link rel=\"canonical\" href=\"https:\/\/pagina10.com\/web\/gustavo-castro-caycedo-un-colombiano-con-alma\/\" \/>\n<meta property=\"og:locale\" content=\"es_ES\" \/>\n<meta property=\"og:type\" content=\"article\" \/>\n<meta property=\"og:title\" content=\"Gustavo Castro Caycedo, un colombiano con alma | P\u00e1gina10\" \/>\n<meta property=\"og:description\" content=\"Mi encuentro con el periodista, escritor y animalista Gustavo Castro Caycedo sucedi\u00f3 en el a\u00f1o 2013. \u00c9l acabada de publicar su libro \u201cHistorias humanas de perros y gatos\u201d y en la car\u00e1tula se pod\u00eda observar la figura de un Beagle y un gato, que m\u00e1s tarde supe que se trataba de Chig\u00fciro, un gato-arquero. Por [&hellip;]\" \/>\n<meta property=\"og:url\" content=\"https:\/\/pagina10.com\/web\/gustavo-castro-caycedo-un-colombiano-con-alma\/\" \/>\n<meta property=\"og:site_name\" content=\"P\u00e1gina10\" \/>\n<meta property=\"article:publisher\" content=\"https:\/\/www.facebook.com\/pag10com\" \/>\n<meta property=\"article:published_time\" content=\"2020-05-19T15:15:11+00:00\" \/>\n<meta property=\"og:image\" content=\"https:\/\/pagina10.com\/web\/wp-content\/uploads\/2020\/05\/Captura-de-Pantalla-2020-05-19-a-las-10.14.46-a.-m..png\" \/>\n\t<meta property=\"og:image:width\" content=\"401\" \/>\n\t<meta property=\"og:image:height\" content=\"291\" \/>\n\t<meta property=\"og:image:type\" content=\"image\/png\" \/>\n<meta name=\"author\" content=\"Pablo Emilio Obando Acosta\" \/>\n<meta name=\"twitter:card\" content=\"summary_large_image\" \/>\n<meta name=\"twitter:creator\" content=\"@Pag10com\" \/>\n<meta name=\"twitter:site\" content=\"@Pag10com\" \/>\n<meta name=\"twitter:label1\" content=\"Escrito por\" \/>\n\t<meta name=\"twitter:data1\" content=\"Pablo Emilio Obando Acosta\" \/>\n\t<meta name=\"twitter:label2\" content=\"Tiempo de lectura\" \/>\n\t<meta name=\"twitter:data2\" content=\"7 minutos\" \/>\n<script type=\"application\/ld+json\" class=\"yoast-schema-graph\">{\"@context\":\"https:\/\/schema.org\",\"@graph\":[{\"@type\":\"Article\",\"@id\":\"https:\/\/pagina10.com\/web\/gustavo-castro-caycedo-un-colombiano-con-alma\/#article\",\"isPartOf\":{\"@id\":\"https:\/\/pagina10.com\/web\/gustavo-castro-caycedo-un-colombiano-con-alma\/\"},\"author\":{\"name\":\"Pablo Emilio Obando Acosta\",\"@id\":\"https:\/\/pagina10.com\/web\/#\/schema\/person\/3d3687c9f037834284853a963ee45123\"},\"headline\":\"Gustavo Castro Caycedo, un colombiano con alma\",\"datePublished\":\"2020-05-19T15:15:11+00:00\",\"mainEntityOfPage\":{\"@id\":\"https:\/\/pagina10.com\/web\/gustavo-castro-caycedo-un-colombiano-con-alma\/\"},\"wordCount\":1351,\"commentCount\":0,\"publisher\":{\"@id\":\"https:\/\/pagina10.com\/web\/#organization\"},\"image\":{\"@id\":\"https:\/\/pagina10.com\/web\/gustavo-castro-caycedo-un-colombiano-con-alma\/#primaryimage\"},\"thumbnailUrl\":\"https:\/\/pagina10.com\/web\/wp-content\/uploads\/2020\/05\/Captura-de-Pantalla-2020-05-19-a-las-10.14.46-a.-m..png\",\"articleSection\":[\"Literatura\"],\"inLanguage\":\"es\",\"potentialAction\":[{\"@type\":\"CommentAction\",\"name\":\"Comment\",\"target\":[\"https:\/\/pagina10.com\/web\/gustavo-castro-caycedo-un-colombiano-con-alma\/#respond\"]}]},{\"@type\":\"WebPage\",\"@id\":\"https:\/\/pagina10.com\/web\/gustavo-castro-caycedo-un-colombiano-con-alma\/\",\"url\":\"https:\/\/pagina10.com\/web\/gustavo-castro-caycedo-un-colombiano-con-alma\/\",\"name\":\"Gustavo Castro Caycedo, un colombiano con alma | P\u00e1gina10\",\"isPartOf\":{\"@id\":\"https:\/\/pagina10.com\/web\/#website\"},\"primaryImageOfPage\":{\"@id\":\"https:\/\/pagina10.com\/web\/gustavo-castro-caycedo-un-colombiano-con-alma\/#primaryimage\"},\"image\":{\"@id\":\"https:\/\/pagina10.com\/web\/gustavo-castro-caycedo-un-colombiano-con-alma\/#primaryimage\"},\"thumbnailUrl\":\"https:\/\/pagina10.com\/web\/wp-content\/uploads\/2020\/05\/Captura-de-Pantalla-2020-05-19-a-las-10.14.46-a.-m..png\",\"datePublished\":\"2020-05-19T15:15:11+00:00\",\"breadcrumb\":{\"@id\":\"https:\/\/pagina10.com\/web\/gustavo-castro-caycedo-un-colombiano-con-alma\/#breadcrumb\"},\"inLanguage\":\"es\",\"potentialAction\":[{\"@type\":\"ReadAction\",\"target\":[\"https:\/\/pagina10.com\/web\/gustavo-castro-caycedo-un-colombiano-con-alma\/\"]}]},{\"@type\":\"ImageObject\",\"inLanguage\":\"es\",\"@id\":\"https:\/\/pagina10.com\/web\/gustavo-castro-caycedo-un-colombiano-con-alma\/#primaryimage\",\"url\":\"https:\/\/pagina10.com\/web\/wp-content\/uploads\/2020\/05\/Captura-de-Pantalla-2020-05-19-a-las-10.14.46-a.-m..png\",\"contentUrl\":\"https:\/\/pagina10.com\/web\/wp-content\/uploads\/2020\/05\/Captura-de-Pantalla-2020-05-19-a-las-10.14.46-a.-m..png\",\"width\":401,\"height\":291},{\"@type\":\"BreadcrumbList\",\"@id\":\"https:\/\/pagina10.com\/web\/gustavo-castro-caycedo-un-colombiano-con-alma\/#breadcrumb\",\"itemListElement\":[{\"@type\":\"ListItem\",\"position\":1,\"name\":\"Portada\",\"item\":\"https:\/\/pagina10.com\/web\/\"},{\"@type\":\"ListItem\",\"position\":2,\"name\":\"Gustavo Castro Caycedo, un colombiano con alma\"}]},{\"@type\":\"WebSite\",\"@id\":\"https:\/\/pagina10.com\/web\/#website\",\"url\":\"https:\/\/pagina10.com\/web\/\",\"name\":\"P\u00e1gina10\",\"description\":\"Peri\u00f3dico Regional\",\"publisher\":{\"@id\":\"https:\/\/pagina10.com\/web\/#organization\"},\"alternateName\":\"P\u00e1gina10 Peri\u00f3dico Regional\",\"potentialAction\":[{\"@type\":\"SearchAction\",\"target\":{\"@type\":\"EntryPoint\",\"urlTemplate\":\"https:\/\/pagina10.com\/web\/?s={search_term_string}\"},\"query-input\":{\"@type\":\"PropertyValueSpecification\",\"valueRequired\":true,\"valueName\":\"search_term_string\"}}],\"inLanguage\":\"es\"},{\"@type\":\"Organization\",\"@id\":\"https:\/\/pagina10.com\/web\/#organization\",\"name\":\"P\u00e1gina10\",\"alternateName\":\"P\u00e1gina10 Peri\u00f3dico Regional\",\"url\":\"https:\/\/pagina10.com\/web\/\",\"logo\":{\"@type\":\"ImageObject\",\"inLanguage\":\"es\",\"@id\":\"https:\/\/pagina10.com\/web\/#\/schema\/logo\/image\/\",\"url\":\"https:\/\/pagina10.com\/web\/wp-content\/uploads\/2024\/01\/40-pagina-10-periodico-regional-pasto.jpg\",\"contentUrl\":\"https:\/\/pagina10.com\/web\/wp-content\/uploads\/2024\/01\/40-pagina-10-periodico-regional-pasto.jpg\",\"width\":1280,\"height\":720,\"caption\":\"P\u00e1gina10\"},\"image\":{\"@id\":\"https:\/\/pagina10.com\/web\/#\/schema\/logo\/image\/\"},\"sameAs\":[\"https:\/\/www.facebook.com\/pag10com\",\"https:\/\/x.com\/Pag10com\",\"https:\/\/www.instagram.com\/pagina10col\/\",\"https:\/\/youtube.com\/channel\/pag10\",\"https:\/\/www.tiktok.com\/@p10col\"]},{\"@type\":\"Person\",\"@id\":\"https:\/\/pagina10.com\/web\/#\/schema\/person\/3d3687c9f037834284853a963ee45123\",\"name\":\"Pablo Emilio Obando Acosta\",\"description\":\"PABLO EMILIO OBANDO ACOSTA Nace en el a\u00f1o de 1965. Bachiller acad\u00e9mico Modalidad Humanidades del INEM de Pasto. En 1989 culmina sus estudios universitarios en la Universidad de Nari\u00f1o obteniendo el t\u00edtulo de Licenciado en Ciencias Sociales \u2013 \u00e9nfasis Ciencias de la Educaci\u00f3n \u2013Jornada nocturna-. Especialista en Literatura latinoamericana y colaborador de importantes medios de comunicaci\u00f3n escritos de nuestra regi\u00f3n y del pa\u00eds: El Tiempo.com, Semana.com, Dinero, Diario Del Sur, El Espectador.com, entre otros, Sus escritos se conocen y han obtenido reconocimientos en Chile, Uruguay, Paraguay, Espa\u00f1a y Alemania. En el a\u00f1o 2000 obtiene el reconocimiento CORREO DEL SUR como el personaje c\u00edvico del a\u00f1o por su f\u00e9rrea defensa de la dignidad pastense al protestar con su documento \u201cUn pueblo ante la historia\u201d por el trato despectivo de algunos medios de comunicaci\u00f3n. Las reacciones no se hacen esperar en peri\u00f3dicos de circulaci\u00f3n regional y nacional como El Tiempo, El Espectador y El Pa\u00eds. Ha obtenido m\u00faltiples medallas y condecoraciones por su labor period\u00edstica y cultural: Medalla al merito Guillermo Edmundo Ch\u00e1vez \u2013 mejor escritor del departamento de Nari\u00f1o 2005 \u2013 Fundaci\u00f3n Gabriel Garc\u00eda M\u00e1rquez. Mejor Columnista del departamento de Nari\u00f1o \u2013 a\u00f1os 1991 \u2013 1993 \u2013 1996 \u2013 2001 \u2013 2006 Fundaci\u00f3n Cultural Correo del Sur. Personaje C\u00edvico del Departamento de Nari\u00f1o a\u00f1o 2000. Medalla \u00c1lvaro Javier Jurado Calvache a\u00f1o 2007 \u2013 Centro Educativo PROFESA \u2013 defensor poblaci\u00f3n vulnerable del municipio de Pasto. Mejor cuentista del departamento de Nari\u00f1o \u2013 a\u00f1os 1989 \u2013 2004 \u2013 2005. Cronista m\u00e1s destacado del departamento de Nari\u00f1o \u2013 a\u00f1o 2001. Finalista VI Concurso Internacional de Cuento \u2013 Prensa Nueva \u2013 a\u00f1o 1991. Primer puesto Concurso nacional de cuento \u2013 Contralor\u00eda general de la Rep\u00fablica \u2013 a\u00f1o 1992. Primer Lugar Concurso Municipal de Periodismo \u201cSilvio Le\u00f3n Espa\u00f1a\u201d \u2013 2009. . Reconocimiento Concejo municipal de Pasto, por su labor c\u00edvica y educativa. Sus obras y escritos se conocen en varios pa\u00edses de Latinoam\u00e9rica y de Colombia. Es autor de una docena de textos y m\u00e1s de un millar de columnas de opini\u00f3n que han generado pol\u00e9mica en el contexto nacional y latinoamericano: Testimonio de una insurrecci\u00f3n ciudadana \u2013 2011. El doctor Mierda. Un pueblo ante la historia. La filosof\u00eda de la gallina. Del amor por la Tierra... y otros textos. Diario de un maestro de escuela. Apuntes para una nueva historia Nuevos apuntes \u2013 Tomas Hidalgo Calvache. El problema de los cristianos. La utilidad del poeta. \u00bfTe acuerdas Mariana...? Corona F\u00fanebre \u2013 Tomas Hidalgo Calvache. En formato digital ha editado los siguientes t\u00edtulos: - La nueva filosof\u00eda de la gallina. - Tomas Hidalgo Calvache - Apuntes. - Educar con valor. Figura en varias antolog\u00edas de autores nari\u00f1enses y en una latinoamericana. Sobre \u00e9l han escrito elogiosamente intelectuales de la talla de Otto Morales Ben\u00edtez, Edgar Bastidas Urresty, Juan Augusto Ortiz cabrera, Carlos Santamar\u00eda, Javier Rodrizales, Miguel Garz\u00f3n Arteaga, Fausto Molina, Jorge Arturo Bravo y otros tantos que ser\u00eda dif\u00edcil nombrar en esta peque\u00f1a cr\u00f3nica sobre Pablo Emilio Obando Acosta.\",\"url\":\"https:\/\/pagina10.com\/web\/author\/pobando\/\"}]}<\/script>\n<!-- \/ Yoast SEO plugin. -->","yoast_head_json":{"title":"Gustavo Castro Caycedo, un colombiano con alma | P\u00e1gina10","robots":{"index":"index","follow":"follow","max-snippet":"max-snippet:-1","max-image-preview":"max-image-preview:large","max-video-preview":"max-video-preview:-1"},"canonical":"https:\/\/pagina10.com\/web\/gustavo-castro-caycedo-un-colombiano-con-alma\/","og_locale":"es_ES","og_type":"article","og_title":"Gustavo Castro Caycedo, un colombiano con alma | P\u00e1gina10","og_description":"Mi encuentro con el periodista, escritor y animalista Gustavo Castro Caycedo sucedi\u00f3 en el a\u00f1o 2013. \u00c9l acabada de publicar su libro \u201cHistorias humanas de perros y gatos\u201d y en la car\u00e1tula se pod\u00eda observar la figura de un Beagle y un gato, que m\u00e1s tarde supe que se trataba de Chig\u00fciro, un gato-arquero. Por [&hellip;]","og_url":"https:\/\/pagina10.com\/web\/gustavo-castro-caycedo-un-colombiano-con-alma\/","og_site_name":"P\u00e1gina10","article_publisher":"https:\/\/www.facebook.com\/pag10com","article_published_time":"2020-05-19T15:15:11+00:00","og_image":[{"width":401,"height":291,"url":"https:\/\/pagina10.com\/web\/wp-content\/uploads\/2020\/05\/Captura-de-Pantalla-2020-05-19-a-las-10.14.46-a.-m..png","type":"image\/png"}],"author":"Pablo Emilio Obando Acosta","twitter_card":"summary_large_image","twitter_creator":"@Pag10com","twitter_site":"@Pag10com","twitter_misc":{"Escrito por":"Pablo Emilio Obando Acosta","Tiempo de lectura":"7 minutos"},"schema":{"@context":"https:\/\/schema.org","@graph":[{"@type":"Article","@id":"https:\/\/pagina10.com\/web\/gustavo-castro-caycedo-un-colombiano-con-alma\/#article","isPartOf":{"@id":"https:\/\/pagina10.com\/web\/gustavo-castro-caycedo-un-colombiano-con-alma\/"},"author":{"name":"Pablo Emilio Obando Acosta","@id":"https:\/\/pagina10.com\/web\/#\/schema\/person\/3d3687c9f037834284853a963ee45123"},"headline":"Gustavo Castro Caycedo, un colombiano con alma","datePublished":"2020-05-19T15:15:11+00:00","mainEntityOfPage":{"@id":"https:\/\/pagina10.com\/web\/gustavo-castro-caycedo-un-colombiano-con-alma\/"},"wordCount":1351,"commentCount":0,"publisher":{"@id":"https:\/\/pagina10.com\/web\/#organization"},"image":{"@id":"https:\/\/pagina10.com\/web\/gustavo-castro-caycedo-un-colombiano-con-alma\/#primaryimage"},"thumbnailUrl":"https:\/\/pagina10.com\/web\/wp-content\/uploads\/2020\/05\/Captura-de-Pantalla-2020-05-19-a-las-10.14.46-a.-m..png","articleSection":["Literatura"],"inLanguage":"es","potentialAction":[{"@type":"CommentAction","name":"Comment","target":["https:\/\/pagina10.com\/web\/gustavo-castro-caycedo-un-colombiano-con-alma\/#respond"]}]},{"@type":"WebPage","@id":"https:\/\/pagina10.com\/web\/gustavo-castro-caycedo-un-colombiano-con-alma\/","url":"https:\/\/pagina10.com\/web\/gustavo-castro-caycedo-un-colombiano-con-alma\/","name":"Gustavo Castro Caycedo, un colombiano con alma | P\u00e1gina10","isPartOf":{"@id":"https:\/\/pagina10.com\/web\/#website"},"primaryImageOfPage":{"@id":"https:\/\/pagina10.com\/web\/gustavo-castro-caycedo-un-colombiano-con-alma\/#primaryimage"},"image":{"@id":"https:\/\/pagina10.com\/web\/gustavo-castro-caycedo-un-colombiano-con-alma\/#primaryimage"},"thumbnailUrl":"https:\/\/pagina10.com\/web\/wp-content\/uploads\/2020\/05\/Captura-de-Pantalla-2020-05-19-a-las-10.14.46-a.-m..png","datePublished":"2020-05-19T15:15:11+00:00","breadcrumb":{"@id":"https:\/\/pagina10.com\/web\/gustavo-castro-caycedo-un-colombiano-con-alma\/#breadcrumb"},"inLanguage":"es","potentialAction":[{"@type":"ReadAction","target":["https:\/\/pagina10.com\/web\/gustavo-castro-caycedo-un-colombiano-con-alma\/"]}]},{"@type":"ImageObject","inLanguage":"es","@id":"https:\/\/pagina10.com\/web\/gustavo-castro-caycedo-un-colombiano-con-alma\/#primaryimage","url":"https:\/\/pagina10.com\/web\/wp-content\/uploads\/2020\/05\/Captura-de-Pantalla-2020-05-19-a-las-10.14.46-a.-m..png","contentUrl":"https:\/\/pagina10.com\/web\/wp-content\/uploads\/2020\/05\/Captura-de-Pantalla-2020-05-19-a-las-10.14.46-a.-m..png","width":401,"height":291},{"@type":"BreadcrumbList","@id":"https:\/\/pagina10.com\/web\/gustavo-castro-caycedo-un-colombiano-con-alma\/#breadcrumb","itemListElement":[{"@type":"ListItem","position":1,"name":"Portada","item":"https:\/\/pagina10.com\/web\/"},{"@type":"ListItem","position":2,"name":"Gustavo Castro Caycedo, un colombiano con alma"}]},{"@type":"WebSite","@id":"https:\/\/pagina10.com\/web\/#website","url":"https:\/\/pagina10.com\/web\/","name":"P\u00e1gina10","description":"Peri\u00f3dico Regional","publisher":{"@id":"https:\/\/pagina10.com\/web\/#organization"},"alternateName":"P\u00e1gina10 Peri\u00f3dico Regional","potentialAction":[{"@type":"SearchAction","target":{"@type":"EntryPoint","urlTemplate":"https:\/\/pagina10.com\/web\/?s={search_term_string}"},"query-input":{"@type":"PropertyValueSpecification","valueRequired":true,"valueName":"search_term_string"}}],"inLanguage":"es"},{"@type":"Organization","@id":"https:\/\/pagina10.com\/web\/#organization","name":"P\u00e1gina10","alternateName":"P\u00e1gina10 Peri\u00f3dico Regional","url":"https:\/\/pagina10.com\/web\/","logo":{"@type":"ImageObject","inLanguage":"es","@id":"https:\/\/pagina10.com\/web\/#\/schema\/logo\/image\/","url":"https:\/\/pagina10.com\/web\/wp-content\/uploads\/2024\/01\/40-pagina-10-periodico-regional-pasto.jpg","contentUrl":"https:\/\/pagina10.com\/web\/wp-content\/uploads\/2024\/01\/40-pagina-10-periodico-regional-pasto.jpg","width":1280,"height":720,"caption":"P\u00e1gina10"},"image":{"@id":"https:\/\/pagina10.com\/web\/#\/schema\/logo\/image\/"},"sameAs":["https:\/\/www.facebook.com\/pag10com","https:\/\/x.com\/Pag10com","https:\/\/www.instagram.com\/pagina10col\/","https:\/\/youtube.com\/channel\/pag10","https:\/\/www.tiktok.com\/@p10col"]},{"@type":"Person","@id":"https:\/\/pagina10.com\/web\/#\/schema\/person\/3d3687c9f037834284853a963ee45123","name":"Pablo Emilio Obando Acosta","description":"PABLO EMILIO OBANDO ACOSTA Nace en el a\u00f1o de 1965. Bachiller acad\u00e9mico Modalidad Humanidades del INEM de Pasto. En 1989 culmina sus estudios universitarios en la Universidad de Nari\u00f1o obteniendo el t\u00edtulo de Licenciado en Ciencias Sociales \u2013 \u00e9nfasis Ciencias de la Educaci\u00f3n \u2013Jornada nocturna-. Especialista en Literatura latinoamericana y colaborador de importantes medios de comunicaci\u00f3n escritos de nuestra regi\u00f3n y del pa\u00eds: El Tiempo.com, Semana.com, Dinero, Diario Del Sur, El Espectador.com, entre otros, Sus escritos se conocen y han obtenido reconocimientos en Chile, Uruguay, Paraguay, Espa\u00f1a y Alemania. En el a\u00f1o 2000 obtiene el reconocimiento CORREO DEL SUR como el personaje c\u00edvico del a\u00f1o por su f\u00e9rrea defensa de la dignidad pastense al protestar con su documento \u201cUn pueblo ante la historia\u201d por el trato despectivo de algunos medios de comunicaci\u00f3n. Las reacciones no se hacen esperar en peri\u00f3dicos de circulaci\u00f3n regional y nacional como El Tiempo, El Espectador y El Pa\u00eds. Ha obtenido m\u00faltiples medallas y condecoraciones por su labor period\u00edstica y cultural: Medalla al merito Guillermo Edmundo Ch\u00e1vez \u2013 mejor escritor del departamento de Nari\u00f1o 2005 \u2013 Fundaci\u00f3n Gabriel Garc\u00eda M\u00e1rquez. Mejor Columnista del departamento de Nari\u00f1o \u2013 a\u00f1os 1991 \u2013 1993 \u2013 1996 \u2013 2001 \u2013 2006 Fundaci\u00f3n Cultural Correo del Sur. Personaje C\u00edvico del Departamento de Nari\u00f1o a\u00f1o 2000. Medalla \u00c1lvaro Javier Jurado Calvache a\u00f1o 2007 \u2013 Centro Educativo PROFESA \u2013 defensor poblaci\u00f3n vulnerable del municipio de Pasto. Mejor cuentista del departamento de Nari\u00f1o \u2013 a\u00f1os 1989 \u2013 2004 \u2013 2005. Cronista m\u00e1s destacado del departamento de Nari\u00f1o \u2013 a\u00f1o 2001. Finalista VI Concurso Internacional de Cuento \u2013 Prensa Nueva \u2013 a\u00f1o 1991. Primer puesto Concurso nacional de cuento \u2013 Contralor\u00eda general de la Rep\u00fablica \u2013 a\u00f1o 1992. Primer Lugar Concurso Municipal de Periodismo \u201cSilvio Le\u00f3n Espa\u00f1a\u201d \u2013 2009. . Reconocimiento Concejo municipal de Pasto, por su labor c\u00edvica y educativa. Sus obras y escritos se conocen en varios pa\u00edses de Latinoam\u00e9rica y de Colombia. Es autor de una docena de textos y m\u00e1s de un millar de columnas de opini\u00f3n que han generado pol\u00e9mica en el contexto nacional y latinoamericano: Testimonio de una insurrecci\u00f3n ciudadana \u2013 2011. El doctor Mierda. Un pueblo ante la historia. La filosof\u00eda de la gallina. Del amor por la Tierra... y otros textos. Diario de un maestro de escuela. Apuntes para una nueva historia Nuevos apuntes \u2013 Tomas Hidalgo Calvache. El problema de los cristianos. La utilidad del poeta. \u00bfTe acuerdas Mariana...? Corona F\u00fanebre \u2013 Tomas Hidalgo Calvache. En formato digital ha editado los siguientes t\u00edtulos: - La nueva filosof\u00eda de la gallina. - Tomas Hidalgo Calvache - Apuntes. - Educar con valor. Figura en varias antolog\u00edas de autores nari\u00f1enses y en una latinoamericana. Sobre \u00e9l han escrito elogiosamente intelectuales de la talla de Otto Morales Ben\u00edtez, Edgar Bastidas Urresty, Juan Augusto Ortiz cabrera, Carlos Santamar\u00eda, Javier Rodrizales, Miguel Garz\u00f3n Arteaga, Fausto Molina, Jorge Arturo Bravo y otros tantos que ser\u00eda dif\u00edcil nombrar en esta peque\u00f1a cr\u00f3nica sobre Pablo Emilio Obando Acosta.","url":"https:\/\/pagina10.com\/web\/author\/pobando\/"}]}},"_links":{"self":[{"href":"https:\/\/pagina10.com\/web\/wp-json\/wp\/v2\/posts\/45990","targetHints":{"allow":["GET"]}}],"collection":[{"href":"https:\/\/pagina10.com\/web\/wp-json\/wp\/v2\/posts"}],"about":[{"href":"https:\/\/pagina10.com\/web\/wp-json\/wp\/v2\/types\/post"}],"author":[{"embeddable":true,"href":"https:\/\/pagina10.com\/web\/wp-json\/wp\/v2\/users\/46"}],"replies":[{"embeddable":true,"href":"https:\/\/pagina10.com\/web\/wp-json\/wp\/v2\/comments?post=45990"}],"version-history":[{"count":1,"href":"https:\/\/pagina10.com\/web\/wp-json\/wp\/v2\/posts\/45990\/revisions"}],"predecessor-version":[{"id":45992,"href":"https:\/\/pagina10.com\/web\/wp-json\/wp\/v2\/posts\/45990\/revisions\/45992"}],"wp:featuredmedia":[{"embeddable":true,"href":"https:\/\/pagina10.com\/web\/wp-json\/wp\/v2\/media\/45991"}],"wp:attachment":[{"href":"https:\/\/pagina10.com\/web\/wp-json\/wp\/v2\/media?parent=45990"}],"wp:term":[{"taxonomy":"category","embeddable":true,"href":"https:\/\/pagina10.com\/web\/wp-json\/wp\/v2\/categories?post=45990"},{"taxonomy":"post_tag","embeddable":true,"href":"https:\/\/pagina10.com\/web\/wp-json\/wp\/v2\/tags?post=45990"}],"curies":[{"name":"wp","href":"https:\/\/api.w.org\/{rel}","templated":true}]}}