{"id":46752,"date":"2020-07-20T22:42:24","date_gmt":"2020-07-20T22:42:24","guid":{"rendered":"https:\/\/pagina10.com\/web\/?p=46752"},"modified":"2020-07-20T22:46:47","modified_gmt":"2020-07-20T22:46:47","slug":"empresa-editora-de-narino-edinar-al-borde-de-la-quiebra","status":"publish","type":"post","link":"https:\/\/pagina10.com\/web\/empresa-editora-de-narino-edinar-al-borde-de-la-quiebra\/","title":{"rendered":"Empresa Editora de Nari\u00f1o &#8220;Edinar&#8221; al borde de la quiebra."},"content":{"rendered":"<p style=\"text-align: justify;\">Un estudio t\u00e9cnico realizado por la Gobernaci\u00f3n de Nari\u00f1o respecto al estado financiero de la Empresa Editora de Nari\u00f1o &#8220;Edinar&#8221; estableci\u00f3 que esta empresa no es viable\u00a0financieramente. Seg\u00fan el documento se establece que la entidad sufri\u00f3\u00a0p\u00e9rdidas superiores a los \u00a0$376\u00a0millones\u00a0de pesos en el 2019 lo cual influy\u00f3 en\u00a0una p\u00e9rdida del valor del patrimonio en un 32%. Igualmente, conforme al estudio, luego del ejercicio contable de 2019 se produjo un incremento de los pasivos del 87% frente a la vigencia 2018. \u00a0Adem\u00e1s, se observa que el nivel de \u00a0endeudamiento de la empresa es del \u00a062.24% lo cual pone en riesgo a la empresa, considerando el porcentaje de endeudamiento que se encuentra comprometido con los activos de la empresa.<\/p>\n<p>Finalmente, atendiendo que la empresa tiene una perdida operacional de 335 millones de pesos, se tiene que la misma influye en los indicadores de rentabilidad, por cuanto en lis mismos se presentan unos resultados negativos.<\/p>\n<p style=\"text-align: justify;\"><img fetchpriority=\"high\" decoding=\"async\" class=\"size-full wp-image-46776 aligncenter\" src=\"https:\/\/pagina10.com\/web\/wp-content\/uploads\/2020\/07\/Captura-de-Pantalla-2020-07-20-a-las-5.14.29-p.-m..png\" alt=\"\" width=\"572\" height=\"190\" srcset=\"https:\/\/pagina10.com\/web\/wp-content\/uploads\/2020\/07\/Captura-de-Pantalla-2020-07-20-a-las-5.14.29-p.-m..png 572w, https:\/\/pagina10.com\/web\/wp-content\/uploads\/2020\/07\/Captura-de-Pantalla-2020-07-20-a-las-5.14.29-p.-m.-300x100.png 300w\" sizes=\"(max-width: 572px) 100vw, 572px\" \/><\/p>\n<p style=\"text-align: justify;\">Por lo \u00a0anterior, el diputado Juan Daniel Pe\u00f1uela responsabiliz\u00f3 al exgobernador de Nari\u00f1o, Camilo Romero, por la crisis financiera de la entidad.<\/p>\n<blockquote class=\"twitter-tweet\">\n<p dir=\"ltr\" lang=\"es\">Ineptitud y populismo <a href=\"https:\/\/twitter.com\/CamiloRomero?ref_src=twsrc%5Etfw\">@CamiloRomero<\/a> casi acaba con EDINAR, p\u00e9rdidas $376\u2019(2019); endeudamiento &gt; 62%; p\u00e9rdida valor patrimonio 32%; indicadores negativos rentabilidad. Apoyare c\u00f3mo ponente salvamento propuesto <a href=\"https:\/\/twitter.com\/jhonrojasca?ref_src=twsrc%5Etfw\">@jhonrojasca<\/a> y crear ETICNAR. <a href=\"https:\/\/t.co\/2722EYbt69\">pic.twitter.com\/2722EYbt69<\/a><\/p>\n<p>\u2014 Juan Daniel Pe\u00f1uela (@Juandapec) <a href=\"https:\/\/twitter.com\/Juandapec\/status\/1284125994677411841?ref_src=twsrc%5Etfw\">July 17, 2020<\/a><\/p><\/blockquote>\n<p><script async src=\"https:\/\/platform.twitter.com\/widgets.js\" charset=\"utf-8\"><\/script><\/p>\n<p>&nbsp;<\/p>\n<p><a href=\"https:\/\/pagina10.com\/web\/wp-content\/uploads\/2020\/07\/ESTUDIO-TECNICO-ETICNAR.pdf\">Aqu\u00ed puede descargar el estudio t\u00e9cnico sobre Edinar<\/a><\/p>\n","protected":false},"excerpt":{"rendered":"<p>Un estudio t\u00e9cnico realizado por la Gobernaci\u00f3n de Nari\u00f1o respecto al estado financiero de la Empresa Editora de Nari\u00f1o &#8220;Edinar&#8221; estableci\u00f3 que esta empresa no es viable\u00a0financieramente. Seg\u00fan el documento se establece que la entidad sufri\u00f3\u00a0p\u00e9rdidas superiores a los \u00a0$376\u00a0millones\u00a0de pesos en el 2019 lo cual influy\u00f3 en\u00a0una p\u00e9rdida del valor del patrimonio en un [&hellip;]<\/p>\n","protected":false},"author":1,"featured_media":46777,"comment_status":"open","ping_status":"open","sticky":false,"template":"","format":"standard","meta":{"footnotes":""},"categories":[13],"tags":[],"class_list":["post-46752","post","type-post","status-publish","format-standard","has-post-thumbnail","hentry","category-economia"],"yoast_head":"<!-- This site is optimized with the Yoast SEO plugin v27.1.1 - https:\/\/yoast.com\/product\/yoast-seo-wordpress\/ -->\n<title>Empresa Editora de Nari\u00f1o &quot;Edinar&quot; al borde de la quiebra. | P\u00e1gina10<\/title>\n<meta name=\"robots\" content=\"index, follow, max-snippet:-1, max-image-preview:large, max-video-preview:-1\" \/>\n<link rel=\"canonical\" href=\"https:\/\/pagina10.com\/web\/empresa-editora-de-narino-edinar-al-borde-de-la-quiebra\/\" \/>\n<meta property=\"og:locale\" content=\"es_ES\" \/>\n<meta property=\"og:type\" content=\"article\" \/>\n<meta property=\"og:title\" content=\"Empresa Editora de Nari\u00f1o &quot;Edinar&quot; al borde de la quiebra. | P\u00e1gina10\" \/>\n<meta property=\"og:description\" content=\"Un estudio t\u00e9cnico realizado por la Gobernaci\u00f3n de Nari\u00f1o respecto al estado financiero de la Empresa Editora de Nari\u00f1o &#8220;Edinar&#8221; estableci\u00f3 que esta empresa no es viable\u00a0financieramente. Seg\u00fan el documento se establece que la entidad sufri\u00f3\u00a0p\u00e9rdidas superiores a los $376\u00a0millones\u00a0de pesos en el 2019 lo cual influy\u00f3 en\u00a0una p\u00e9rdida del valor del patrimonio en un [&hellip;]\" \/>\n<meta property=\"og:url\" content=\"https:\/\/pagina10.com\/web\/empresa-editora-de-narino-edinar-al-borde-de-la-quiebra\/\" \/>\n<meta property=\"og:site_name\" content=\"P\u00e1gina10\" \/>\n<meta property=\"article:publisher\" content=\"https:\/\/www.facebook.com\/pag10com\" \/>\n<meta property=\"article:published_time\" content=\"2020-07-20T22:42:24+00:00\" \/>\n<meta property=\"article:modified_time\" content=\"2020-07-20T22:46:47+00:00\" \/>\n<meta property=\"og:image\" content=\"https:\/\/pagina10.com\/web\/wp-content\/uploads\/2020\/07\/Captura-de-Pantalla-2020-07-20-a-las-5.41.58-p.-m..png\" \/>\n\t<meta property=\"og:image:width\" content=\"544\" \/>\n\t<meta property=\"og:image:height\" content=\"329\" \/>\n\t<meta property=\"og:image:type\" content=\"image\/png\" \/>\n<meta name=\"author\" content=\"P\u00e1gina 10\" \/>\n<meta name=\"twitter:card\" content=\"summary_large_image\" \/>\n<meta name=\"twitter:creator\" content=\"@Pag10com\" \/>\n<meta name=\"twitter:site\" content=\"@Pag10com\" \/>\n<meta name=\"twitter:label1\" content=\"Escrito por\" \/>\n\t<meta name=\"twitter:data1\" content=\"P\u00e1gina 10\" \/>\n\t<meta name=\"twitter:label2\" content=\"Tiempo de lectura\" \/>\n\t<meta name=\"twitter:data2\" content=\"1 minuto\" \/>\n<script type=\"application\/ld+json\" class=\"yoast-schema-graph\">{\"@context\":\"https:\/\/schema.org\",\"@graph\":[{\"@type\":\"Article\",\"@id\":\"https:\/\/pagina10.com\/web\/empresa-editora-de-narino-edinar-al-borde-de-la-quiebra\/#article\",\"isPartOf\":{\"@id\":\"https:\/\/pagina10.com\/web\/empresa-editora-de-narino-edinar-al-borde-de-la-quiebra\/\"},\"author\":{\"name\":\"P\u00e1gina 10\",\"@id\":\"https:\/\/pagina10.com\/web\/#\/schema\/person\/2efc4a090d25b667d3bc796798a3a81b\"},\"headline\":\"Empresa Editora de Nari\u00f1o &#8220;Edinar&#8221; al borde de la quiebra.\",\"datePublished\":\"2020-07-20T22:42:24+00:00\",\"dateModified\":\"2020-07-20T22:46:47+00:00\",\"mainEntityOfPage\":{\"@id\":\"https:\/\/pagina10.com\/web\/empresa-editora-de-narino-edinar-al-borde-de-la-quiebra\/\"},\"wordCount\":241,\"commentCount\":0,\"publisher\":{\"@id\":\"https:\/\/pagina10.com\/web\/#organization\"},\"image\":{\"@id\":\"https:\/\/pagina10.com\/web\/empresa-editora-de-narino-edinar-al-borde-de-la-quiebra\/#primaryimage\"},\"thumbnailUrl\":\"https:\/\/pagina10.com\/web\/wp-content\/uploads\/2020\/07\/Captura-de-Pantalla-2020-07-20-a-las-5.41.58-p.-m..png\",\"articleSection\":[\"Econom\u00eda\"],\"inLanguage\":\"es\",\"potentialAction\":[{\"@type\":\"CommentAction\",\"name\":\"Comment\",\"target\":[\"https:\/\/pagina10.com\/web\/empresa-editora-de-narino-edinar-al-borde-de-la-quiebra\/#respond\"]}]},{\"@type\":\"WebPage\",\"@id\":\"https:\/\/pagina10.com\/web\/empresa-editora-de-narino-edinar-al-borde-de-la-quiebra\/\",\"url\":\"https:\/\/pagina10.com\/web\/empresa-editora-de-narino-edinar-al-borde-de-la-quiebra\/\",\"name\":\"Empresa Editora de Nari\u00f1o \\\"Edinar\\\" al borde de la quiebra. | P\u00e1gina10\",\"isPartOf\":{\"@id\":\"https:\/\/pagina10.com\/web\/#website\"},\"primaryImageOfPage\":{\"@id\":\"https:\/\/pagina10.com\/web\/empresa-editora-de-narino-edinar-al-borde-de-la-quiebra\/#primaryimage\"},\"image\":{\"@id\":\"https:\/\/pagina10.com\/web\/empresa-editora-de-narino-edinar-al-borde-de-la-quiebra\/#primaryimage\"},\"thumbnailUrl\":\"https:\/\/pagina10.com\/web\/wp-content\/uploads\/2020\/07\/Captura-de-Pantalla-2020-07-20-a-las-5.41.58-p.-m..png\",\"datePublished\":\"2020-07-20T22:42:24+00:00\",\"dateModified\":\"2020-07-20T22:46:47+00:00\",\"breadcrumb\":{\"@id\":\"https:\/\/pagina10.com\/web\/empresa-editora-de-narino-edinar-al-borde-de-la-quiebra\/#breadcrumb\"},\"inLanguage\":\"es\",\"potentialAction\":[{\"@type\":\"ReadAction\",\"target\":[\"https:\/\/pagina10.com\/web\/empresa-editora-de-narino-edinar-al-borde-de-la-quiebra\/\"]}]},{\"@type\":\"ImageObject\",\"inLanguage\":\"es\",\"@id\":\"https:\/\/pagina10.com\/web\/empresa-editora-de-narino-edinar-al-borde-de-la-quiebra\/#primaryimage\",\"url\":\"https:\/\/pagina10.com\/web\/wp-content\/uploads\/2020\/07\/Captura-de-Pantalla-2020-07-20-a-las-5.41.58-p.-m..png\",\"contentUrl\":\"https:\/\/pagina10.com\/web\/wp-content\/uploads\/2020\/07\/Captura-de-Pantalla-2020-07-20-a-las-5.41.58-p.-m..png\",\"width\":544,\"height\":329},{\"@type\":\"BreadcrumbList\",\"@id\":\"https:\/\/pagina10.com\/web\/empresa-editora-de-narino-edinar-al-borde-de-la-quiebra\/#breadcrumb\",\"itemListElement\":[{\"@type\":\"ListItem\",\"position\":1,\"name\":\"Portada\",\"item\":\"https:\/\/pagina10.com\/web\/\"},{\"@type\":\"ListItem\",\"position\":2,\"name\":\"Empresa Editora de Nari\u00f1o &#8220;Edinar&#8221; al borde de la quiebra.\"}]},{\"@type\":\"WebSite\",\"@id\":\"https:\/\/pagina10.com\/web\/#website\",\"url\":\"https:\/\/pagina10.com\/web\/\",\"name\":\"P\u00e1gina10\",\"description\":\"Peri\u00f3dico Regional\",\"publisher\":{\"@id\":\"https:\/\/pagina10.com\/web\/#organization\"},\"alternateName\":\"P\u00e1gina10 Peri\u00f3dico Regional\",\"potentialAction\":[{\"@type\":\"SearchAction\",\"target\":{\"@type\":\"EntryPoint\",\"urlTemplate\":\"https:\/\/pagina10.com\/web\/?s={search_term_string}\"},\"query-input\":{\"@type\":\"PropertyValueSpecification\",\"valueRequired\":true,\"valueName\":\"search_term_string\"}}],\"inLanguage\":\"es\"},{\"@type\":\"Organization\",\"@id\":\"https:\/\/pagina10.com\/web\/#organization\",\"name\":\"P\u00e1gina10\",\"alternateName\":\"P\u00e1gina10 Peri\u00f3dico Regional\",\"url\":\"https:\/\/pagina10.com\/web\/\",\"logo\":{\"@type\":\"ImageObject\",\"inLanguage\":\"es\",\"@id\":\"https:\/\/pagina10.com\/web\/#\/schema\/logo\/image\/\",\"url\":\"https:\/\/pagina10.com\/web\/wp-content\/uploads\/2024\/01\/40-pagina-10-periodico-regional-pasto.jpg\",\"contentUrl\":\"https:\/\/pagina10.com\/web\/wp-content\/uploads\/2024\/01\/40-pagina-10-periodico-regional-pasto.jpg\",\"width\":1280,\"height\":720,\"caption\":\"P\u00e1gina10\"},\"image\":{\"@id\":\"https:\/\/pagina10.com\/web\/#\/schema\/logo\/image\/\"},\"sameAs\":[\"https:\/\/www.facebook.com\/pag10com\",\"https:\/\/x.com\/Pag10com\",\"https:\/\/www.instagram.com\/pagina10col\/\",\"https:\/\/youtube.com\/channel\/pag10\",\"https:\/\/www.tiktok.com\/@p10col\"]},{\"@type\":\"Person\",\"@id\":\"https:\/\/pagina10.com\/web\/#\/schema\/person\/2efc4a090d25b667d3bc796798a3a81b\",\"name\":\"P\u00e1gina 10\",\"description\":\"P\u00e1gina 10 es un peri\u00f3dico regional que nace en Colombia, en el departamento de Nari\u00f1o, con un enfoque global, fundamentado en cuatro pilares esenciales: la libertad, el pluralismo, la inclusi\u00f3n y la independencia. P\u00e1gina 10 hace referencia a Nari\u00f1o como el d\u00e9cimo departamento creado en Colombia, despu\u00e9s de un proceso pol\u00edtico liderado por actores y actrices regionales con el fin de obtener la independencia y autonom\u00eda de nuestros territorios. Con la creaci\u00f3n de P\u00e1gina 10 se pretende abrir un escenario para el dialogo, la reflexi\u00f3n y el debate que se extienda a otras geograf\u00edas de Am\u00e9rica Latina y del planeta, en una apuesta por transformar colectivamente los desaf\u00edos de un mundo contempor\u00e1neo, m\u00e1s all\u00e1 de las fronteras impuestas.\",\"url\":\"https:\/\/pagina10.com\/web\/author\/pdiezadmin\/\"}]}<\/script>\n<!-- \/ Yoast SEO plugin. -->","yoast_head_json":{"title":"Empresa Editora de Nari\u00f1o \"Edinar\" al borde de la quiebra. | P\u00e1gina10","robots":{"index":"index","follow":"follow","max-snippet":"max-snippet:-1","max-image-preview":"max-image-preview:large","max-video-preview":"max-video-preview:-1"},"canonical":"https:\/\/pagina10.com\/web\/empresa-editora-de-narino-edinar-al-borde-de-la-quiebra\/","og_locale":"es_ES","og_type":"article","og_title":"Empresa Editora de Nari\u00f1o \"Edinar\" al borde de la quiebra. | P\u00e1gina10","og_description":"Un estudio t\u00e9cnico realizado por la Gobernaci\u00f3n de Nari\u00f1o respecto al estado financiero de la Empresa Editora de Nari\u00f1o &#8220;Edinar&#8221; estableci\u00f3 que esta empresa no es viable\u00a0financieramente. Seg\u00fan el documento se establece que la entidad sufri\u00f3\u00a0p\u00e9rdidas superiores a los $376\u00a0millones\u00a0de pesos en el 2019 lo cual influy\u00f3 en\u00a0una p\u00e9rdida del valor del patrimonio en un [&hellip;]","og_url":"https:\/\/pagina10.com\/web\/empresa-editora-de-narino-edinar-al-borde-de-la-quiebra\/","og_site_name":"P\u00e1gina10","article_publisher":"https:\/\/www.facebook.com\/pag10com","article_published_time":"2020-07-20T22:42:24+00:00","article_modified_time":"2020-07-20T22:46:47+00:00","og_image":[{"width":544,"height":329,"url":"https:\/\/pagina10.com\/web\/wp-content\/uploads\/2020\/07\/Captura-de-Pantalla-2020-07-20-a-las-5.41.58-p.-m..png","type":"image\/png"}],"author":"P\u00e1gina 10","twitter_card":"summary_large_image","twitter_creator":"@Pag10com","twitter_site":"@Pag10com","twitter_misc":{"Escrito por":"P\u00e1gina 10","Tiempo de lectura":"1 minuto"},"schema":{"@context":"https:\/\/schema.org","@graph":[{"@type":"Article","@id":"https:\/\/pagina10.com\/web\/empresa-editora-de-narino-edinar-al-borde-de-la-quiebra\/#article","isPartOf":{"@id":"https:\/\/pagina10.com\/web\/empresa-editora-de-narino-edinar-al-borde-de-la-quiebra\/"},"author":{"name":"P\u00e1gina 10","@id":"https:\/\/pagina10.com\/web\/#\/schema\/person\/2efc4a090d25b667d3bc796798a3a81b"},"headline":"Empresa Editora de Nari\u00f1o &#8220;Edinar&#8221; al borde de la quiebra.","datePublished":"2020-07-20T22:42:24+00:00","dateModified":"2020-07-20T22:46:47+00:00","mainEntityOfPage":{"@id":"https:\/\/pagina10.com\/web\/empresa-editora-de-narino-edinar-al-borde-de-la-quiebra\/"},"wordCount":241,"commentCount":0,"publisher":{"@id":"https:\/\/pagina10.com\/web\/#organization"},"image":{"@id":"https:\/\/pagina10.com\/web\/empresa-editora-de-narino-edinar-al-borde-de-la-quiebra\/#primaryimage"},"thumbnailUrl":"https:\/\/pagina10.com\/web\/wp-content\/uploads\/2020\/07\/Captura-de-Pantalla-2020-07-20-a-las-5.41.58-p.-m..png","articleSection":["Econom\u00eda"],"inLanguage":"es","potentialAction":[{"@type":"CommentAction","name":"Comment","target":["https:\/\/pagina10.com\/web\/empresa-editora-de-narino-edinar-al-borde-de-la-quiebra\/#respond"]}]},{"@type":"WebPage","@id":"https:\/\/pagina10.com\/web\/empresa-editora-de-narino-edinar-al-borde-de-la-quiebra\/","url":"https:\/\/pagina10.com\/web\/empresa-editora-de-narino-edinar-al-borde-de-la-quiebra\/","name":"Empresa Editora de Nari\u00f1o \"Edinar\" al borde de la quiebra. | P\u00e1gina10","isPartOf":{"@id":"https:\/\/pagina10.com\/web\/#website"},"primaryImageOfPage":{"@id":"https:\/\/pagina10.com\/web\/empresa-editora-de-narino-edinar-al-borde-de-la-quiebra\/#primaryimage"},"image":{"@id":"https:\/\/pagina10.com\/web\/empresa-editora-de-narino-edinar-al-borde-de-la-quiebra\/#primaryimage"},"thumbnailUrl":"https:\/\/pagina10.com\/web\/wp-content\/uploads\/2020\/07\/Captura-de-Pantalla-2020-07-20-a-las-5.41.58-p.-m..png","datePublished":"2020-07-20T22:42:24+00:00","dateModified":"2020-07-20T22:46:47+00:00","breadcrumb":{"@id":"https:\/\/pagina10.com\/web\/empresa-editora-de-narino-edinar-al-borde-de-la-quiebra\/#breadcrumb"},"inLanguage":"es","potentialAction":[{"@type":"ReadAction","target":["https:\/\/pagina10.com\/web\/empresa-editora-de-narino-edinar-al-borde-de-la-quiebra\/"]}]},{"@type":"ImageObject","inLanguage":"es","@id":"https:\/\/pagina10.com\/web\/empresa-editora-de-narino-edinar-al-borde-de-la-quiebra\/#primaryimage","url":"https:\/\/pagina10.com\/web\/wp-content\/uploads\/2020\/07\/Captura-de-Pantalla-2020-07-20-a-las-5.41.58-p.-m..png","contentUrl":"https:\/\/pagina10.com\/web\/wp-content\/uploads\/2020\/07\/Captura-de-Pantalla-2020-07-20-a-las-5.41.58-p.-m..png","width":544,"height":329},{"@type":"BreadcrumbList","@id":"https:\/\/pagina10.com\/web\/empresa-editora-de-narino-edinar-al-borde-de-la-quiebra\/#breadcrumb","itemListElement":[{"@type":"ListItem","position":1,"name":"Portada","item":"https:\/\/pagina10.com\/web\/"},{"@type":"ListItem","position":2,"name":"Empresa Editora de Nari\u00f1o &#8220;Edinar&#8221; al borde de la quiebra."}]},{"@type":"WebSite","@id":"https:\/\/pagina10.com\/web\/#website","url":"https:\/\/pagina10.com\/web\/","name":"P\u00e1gina10","description":"Peri\u00f3dico Regional","publisher":{"@id":"https:\/\/pagina10.com\/web\/#organization"},"alternateName":"P\u00e1gina10 Peri\u00f3dico Regional","potentialAction":[{"@type":"SearchAction","target":{"@type":"EntryPoint","urlTemplate":"https:\/\/pagina10.com\/web\/?s={search_term_string}"},"query-input":{"@type":"PropertyValueSpecification","valueRequired":true,"valueName":"search_term_string"}}],"inLanguage":"es"},{"@type":"Organization","@id":"https:\/\/pagina10.com\/web\/#organization","name":"P\u00e1gina10","alternateName":"P\u00e1gina10 Peri\u00f3dico Regional","url":"https:\/\/pagina10.com\/web\/","logo":{"@type":"ImageObject","inLanguage":"es","@id":"https:\/\/pagina10.com\/web\/#\/schema\/logo\/image\/","url":"https:\/\/pagina10.com\/web\/wp-content\/uploads\/2024\/01\/40-pagina-10-periodico-regional-pasto.jpg","contentUrl":"https:\/\/pagina10.com\/web\/wp-content\/uploads\/2024\/01\/40-pagina-10-periodico-regional-pasto.jpg","width":1280,"height":720,"caption":"P\u00e1gina10"},"image":{"@id":"https:\/\/pagina10.com\/web\/#\/schema\/logo\/image\/"},"sameAs":["https:\/\/www.facebook.com\/pag10com","https:\/\/x.com\/Pag10com","https:\/\/www.instagram.com\/pagina10col\/","https:\/\/youtube.com\/channel\/pag10","https:\/\/www.tiktok.com\/@p10col"]},{"@type":"Person","@id":"https:\/\/pagina10.com\/web\/#\/schema\/person\/2efc4a090d25b667d3bc796798a3a81b","name":"P\u00e1gina 10","description":"P\u00e1gina 10 es un peri\u00f3dico regional que nace en Colombia, en el departamento de Nari\u00f1o, con un enfoque global, fundamentado en cuatro pilares esenciales: la libertad, el pluralismo, la inclusi\u00f3n y la independencia. P\u00e1gina 10 hace referencia a Nari\u00f1o como el d\u00e9cimo departamento creado en Colombia, despu\u00e9s de un proceso pol\u00edtico liderado por actores y actrices regionales con el fin de obtener la independencia y autonom\u00eda de nuestros territorios. Con la creaci\u00f3n de P\u00e1gina 10 se pretende abrir un escenario para el dialogo, la reflexi\u00f3n y el debate que se extienda a otras geograf\u00edas de Am\u00e9rica Latina y del planeta, en una apuesta por transformar colectivamente los desaf\u00edos de un mundo contempor\u00e1neo, m\u00e1s all\u00e1 de las fronteras impuestas.","url":"https:\/\/pagina10.com\/web\/author\/pdiezadmin\/"}]}},"_links":{"self":[{"href":"https:\/\/pagina10.com\/web\/wp-json\/wp\/v2\/posts\/46752","targetHints":{"allow":["GET"]}}],"collection":[{"href":"https:\/\/pagina10.com\/web\/wp-json\/wp\/v2\/posts"}],"about":[{"href":"https:\/\/pagina10.com\/web\/wp-json\/wp\/v2\/types\/post"}],"author":[{"embeddable":true,"href":"https:\/\/pagina10.com\/web\/wp-json\/wp\/v2\/users\/1"}],"replies":[{"embeddable":true,"href":"https:\/\/pagina10.com\/web\/wp-json\/wp\/v2\/comments?post=46752"}],"version-history":[{"count":3,"href":"https:\/\/pagina10.com\/web\/wp-json\/wp\/v2\/posts\/46752\/revisions"}],"predecessor-version":[{"id":46780,"href":"https:\/\/pagina10.com\/web\/wp-json\/wp\/v2\/posts\/46752\/revisions\/46780"}],"wp:featuredmedia":[{"embeddable":true,"href":"https:\/\/pagina10.com\/web\/wp-json\/wp\/v2\/media\/46777"}],"wp:attachment":[{"href":"https:\/\/pagina10.com\/web\/wp-json\/wp\/v2\/media?parent=46752"}],"wp:term":[{"taxonomy":"category","embeddable":true,"href":"https:\/\/pagina10.com\/web\/wp-json\/wp\/v2\/categories?post=46752"},{"taxonomy":"post_tag","embeddable":true,"href":"https:\/\/pagina10.com\/web\/wp-json\/wp\/v2\/tags?post=46752"}],"curies":[{"name":"wp","href":"https:\/\/api.w.org\/{rel}","templated":true}]}}