{"id":47056,"date":"2020-08-12T19:59:28","date_gmt":"2020-08-12T19:59:28","guid":{"rendered":"https:\/\/pagina10.com\/web\/?p=47056"},"modified":"2020-08-12T19:59:28","modified_gmt":"2020-08-12T19:59:28","slug":"la-importancia-de-la-identidad-corporativa-en-una-empresa","status":"publish","type":"post","link":"https:\/\/pagina10.com\/web\/la-importancia-de-la-identidad-corporativa-en-una-empresa\/","title":{"rendered":"La importancia de la identidad corporativa en una empresa"},"content":{"rendered":"<p style=\"text-align: justify;\">La identidad corporativa es la apariencia f\u00edsica y la impresi\u00f3n de una empresa. Abarca las estructuras internas, las relaciones con el personal, los productos, los servicios, los valores y las metas y objetivos. La identidad corporativa es la forma en que los consumidores te ven, mientras que la identidad de la marca refleja c\u00f3mo se sienten los consumidores sobre ti.<\/p>\n<p style=\"text-align: justify;\">Por lo tanto, la identidad corporativa debe generar un impacto positivo en la mente de los consumidores, de modo que, esencialmente, vean el negocio de manera favorable, como una entidad que resuena visual, moral y \u00e9ticamente.<\/p>\n<p style=\"text-align: justify;\">Todo lo que ve el consumidor, desde el logotipo, los colores, los dise\u00f1os, la redacci\u00f3n, crea un imagen del negocio en su mente y por esta raz\u00f3n siempre debe tenerse en cuenta la <a href=\"https:\/\/www.oberlo.com.co\/blog\/identidad-corporativa\">importancia de la identidad corporativa<\/a>, adem\u00e1s esto se debe complementar con la forma en que la empresa interact\u00faa con los clientes, el personal y el p\u00fablico en general dado a que esto le da a los consumidores una idea de los valores que impulsan a la empresa.<\/p>\n<p style=\"text-align: justify;\">Cabe destacar que aunque la identidad corporativa est\u00e1 vinculada a la identidad de la marca, no es lo mismo. La identidad de la marca es asumida por el rendimiento del producto, la mejora de la vida y una conexi\u00f3n m\u00e1s personal entre la marca y los clientes. La identidad corporativa infunde un sentido de cultura y personalidad de la empresa.<\/p>\n<p style=\"text-align: justify;\">\n<p style=\"text-align: justify;\">\u00bfPor qu\u00e9 la identidad corporativa es importante?<\/p>\n<p style=\"text-align: justify;\">\n<p style=\"text-align: justify;\">La construcci\u00f3n de una identidad corporativa s\u00f3lida indica que una empresa se toma en serio su negocio, est\u00e1 decidida a causar un impacto y tiene poder de permanencia. Construir esa identidad es parte de la estrategia y refleja el \u00e9xito en el mercado.<\/p>\n<p style=\"text-align: justify;\">Una identidad estable es vital para que la empresa sea reconocida y recordada. Ser reconocible al instante es un claro indicador de \u00e9xito y tambi\u00e9n le da al consumidor una sensaci\u00f3n de confianza; conocen la reputaci\u00f3n no solo de los productos y servicios, sino que tambi\u00e9n conocen a la compa\u00f1\u00eda por su historial y reputaci\u00f3n comprobados.<\/p>\n<p style=\"text-align: justify;\">Tambi\u00e9n crear una sensaci\u00f3n de conciencia, confianza y continuidad es la forma en que una empresa puede aumentar su ventaja competitiva en el mercado.<\/p>\n<p style=\"text-align: justify;\">Asimismo, mantener esa presencia fuerte es vital no solo para construir la identidad de la empresa, sino tambi\u00e9n para mejorar la experiencia del cliente en todos los puntos de contacto, como las redes sociales, la publicidad, el marketing directo y todas las comunicaciones.<\/p>\n<p style=\"text-align: justify;\">\n<p style=\"text-align: justify;\">Maneras de crear una identidad corporativa<\/p>\n<p style=\"text-align: justify;\">\n<p style=\"text-align: justify;\">Hay varias maneras de ayudarte a crear tu <a href=\"https:\/\/economipedia.com\/definiciones\/imagen-corporativa.html\">imagen corporativa<\/a>. Para ello, puedes seguir los siguientes pasos:<\/p>\n<ul style=\"text-align: justify;\">\n<li>Conoce tu audiencia: Antes de construir tu identidad corporativa, necesitas conocer a tu audiencia, cu\u00e1l es su g\u00e9nero, edad, su nivel educativo, qu\u00e9 problemas est\u00e1n buscando soluciones. Saber todo esto te ayudar\u00e1 a dise\u00f1ar una identidad que se adapte a tus gustos y estilo de vida.<\/li>\n<\/ul>\n<p style=\"text-align: justify;\">\n<ul style=\"text-align: justify;\">\n<li>Conoce tu producto: Al principio, debes asegurarte de comprender tu producto y c\u00f3mo lo promocionar\u00e1s, lo que ofrecer\u00e1s (ya sea un producto o servicio) y el valor que proporcionar\u00e1 a tu p\u00fablico objetivo, lo que ayuda a dise\u00f1ar una identidad corporativa.<\/li>\n<\/ul>\n<p style=\"text-align: justify;\">\n<ul style=\"text-align: justify;\">\n<li>Dise\u00f1o de elementos visuales: Despu\u00e9s de conocer a tu audiencia y evaluar tu producto\/servicio, debes recurrir al dise\u00f1o de identidad visual porque es la gu\u00eda de tus clientes para la percepci\u00f3n de tu marca. Los elementos visuales m\u00e1s importantes en este caso son:<\/li>\n<\/ul>\n<p style=\"text-align: justify;\">\n<ul style=\"text-align: justify;\">\n<li>Logo: Es la base de la marca registrada de cualquier empresa, puede ser un s\u00edmbolo, una palabra o una imagen que exprese tu marca, y debe dise\u00f1arse de manera creativa y distinta, \u00fanica de otras empresas.<\/li>\n<\/ul>\n<p style=\"text-align: justify;\">\n<ul style=\"text-align: justify;\">\n<li>Colores: Ciertos colores afectan la construcci\u00f3n de una identidad atractiva para los consumidores. Los colores se utilizan en el dise\u00f1o de una identidad corporativa porque tienen diferentes significados que expresan cada empresa. Las empresas usan un m\u00e1ximo de uno o dos colores.<\/li>\n<\/ul>\n<p style=\"text-align: justify;\">\n<ul style=\"text-align: justify;\">\n<li>Fuente: Con la fuente que elijas al dise\u00f1ar tu identidad visual, su audiencia sabr\u00e1 mucho sobre tu marca. Aseg\u00farate de elegir algunas fuentes para que sean simples y f\u00e1ciles de asociar con la marca.<\/li>\n<\/ul>\n<p style=\"text-align: justify;\">\n<p style=\"text-align: justify;\">\n","protected":false},"excerpt":{"rendered":"<p>La identidad corporativa es la apariencia f\u00edsica y la impresi\u00f3n de una empresa. Abarca las estructuras internas, las relaciones con el personal, los productos, los servicios, los valores y las metas y objetivos. La identidad corporativa es la forma en que los consumidores te ven, mientras que la identidad de la marca refleja c\u00f3mo se [&hellip;]<\/p>\n","protected":false},"author":1,"featured_media":47057,"comment_status":"open","ping_status":"open","sticky":false,"template":"","format":"standard","meta":{"footnotes":""},"categories":[13],"tags":[],"class_list":["post-47056","post","type-post","status-publish","format-standard","has-post-thumbnail","hentry","category-economia"],"yoast_head":"<!-- This site is optimized with the Yoast SEO plugin v27.1.1 - https:\/\/yoast.com\/product\/yoast-seo-wordpress\/ -->\n<title>La importancia de la identidad corporativa en una empresa | P\u00e1gina10<\/title>\n<meta name=\"robots\" content=\"index, follow, max-snippet:-1, max-image-preview:large, max-video-preview:-1\" \/>\n<link rel=\"canonical\" href=\"https:\/\/pagina10.com\/web\/la-importancia-de-la-identidad-corporativa-en-una-empresa\/\" \/>\n<meta property=\"og:locale\" content=\"es_ES\" \/>\n<meta property=\"og:type\" content=\"article\" \/>\n<meta property=\"og:title\" content=\"La importancia de la identidad corporativa en una empresa | P\u00e1gina10\" \/>\n<meta property=\"og:description\" content=\"La identidad corporativa es la apariencia f\u00edsica y la impresi\u00f3n de una empresa. Abarca las estructuras internas, las relaciones con el personal, los productos, los servicios, los valores y las metas y objetivos. La identidad corporativa es la forma en que los consumidores te ven, mientras que la identidad de la marca refleja c\u00f3mo se [&hellip;]\" \/>\n<meta property=\"og:url\" content=\"https:\/\/pagina10.com\/web\/la-importancia-de-la-identidad-corporativa-en-una-empresa\/\" \/>\n<meta property=\"og:site_name\" content=\"P\u00e1gina10\" \/>\n<meta property=\"article:publisher\" content=\"https:\/\/www.facebook.com\/pag10com\" \/>\n<meta property=\"article:published_time\" content=\"2020-08-12T19:59:28+00:00\" \/>\n<meta property=\"og:image\" content=\"https:\/\/pagina10.com\/web\/wp-content\/uploads\/2020\/08\/Captura-de-Pantalla-2020-08-12-a-las-2.58.26-p.-m..png\" \/>\n\t<meta property=\"og:image:width\" content=\"591\" \/>\n\t<meta property=\"og:image:height\" content=\"388\" \/>\n\t<meta property=\"og:image:type\" content=\"image\/png\" \/>\n<meta name=\"author\" content=\"P\u00e1gina 10\" \/>\n<meta name=\"twitter:card\" content=\"summary_large_image\" \/>\n<meta name=\"twitter:creator\" content=\"@Pag10com\" \/>\n<meta name=\"twitter:site\" content=\"@Pag10com\" \/>\n<meta name=\"twitter:label1\" content=\"Escrito por\" \/>\n\t<meta name=\"twitter:data1\" content=\"P\u00e1gina 10\" \/>\n\t<meta name=\"twitter:label2\" content=\"Tiempo de lectura\" \/>\n\t<meta name=\"twitter:data2\" content=\"4 minutos\" \/>\n<script type=\"application\/ld+json\" class=\"yoast-schema-graph\">{\"@context\":\"https:\/\/schema.org\",\"@graph\":[{\"@type\":\"Article\",\"@id\":\"https:\/\/pagina10.com\/web\/la-importancia-de-la-identidad-corporativa-en-una-empresa\/#article\",\"isPartOf\":{\"@id\":\"https:\/\/pagina10.com\/web\/la-importancia-de-la-identidad-corporativa-en-una-empresa\/\"},\"author\":{\"name\":\"P\u00e1gina 10\",\"@id\":\"https:\/\/pagina10.com\/web\/#\/schema\/person\/2efc4a090d25b667d3bc796798a3a81b\"},\"headline\":\"La importancia de la identidad corporativa en una empresa\",\"datePublished\":\"2020-08-12T19:59:28+00:00\",\"mainEntityOfPage\":{\"@id\":\"https:\/\/pagina10.com\/web\/la-importancia-de-la-identidad-corporativa-en-una-empresa\/\"},\"wordCount\":729,\"commentCount\":0,\"publisher\":{\"@id\":\"https:\/\/pagina10.com\/web\/#organization\"},\"image\":{\"@id\":\"https:\/\/pagina10.com\/web\/la-importancia-de-la-identidad-corporativa-en-una-empresa\/#primaryimage\"},\"thumbnailUrl\":\"https:\/\/pagina10.com\/web\/wp-content\/uploads\/2020\/08\/Captura-de-Pantalla-2020-08-12-a-las-2.58.26-p.-m..png\",\"articleSection\":[\"Econom\u00eda\"],\"inLanguage\":\"es\",\"potentialAction\":[{\"@type\":\"CommentAction\",\"name\":\"Comment\",\"target\":[\"https:\/\/pagina10.com\/web\/la-importancia-de-la-identidad-corporativa-en-una-empresa\/#respond\"]}]},{\"@type\":\"WebPage\",\"@id\":\"https:\/\/pagina10.com\/web\/la-importancia-de-la-identidad-corporativa-en-una-empresa\/\",\"url\":\"https:\/\/pagina10.com\/web\/la-importancia-de-la-identidad-corporativa-en-una-empresa\/\",\"name\":\"La importancia de la identidad corporativa en una empresa | P\u00e1gina10\",\"isPartOf\":{\"@id\":\"https:\/\/pagina10.com\/web\/#website\"},\"primaryImageOfPage\":{\"@id\":\"https:\/\/pagina10.com\/web\/la-importancia-de-la-identidad-corporativa-en-una-empresa\/#primaryimage\"},\"image\":{\"@id\":\"https:\/\/pagina10.com\/web\/la-importancia-de-la-identidad-corporativa-en-una-empresa\/#primaryimage\"},\"thumbnailUrl\":\"https:\/\/pagina10.com\/web\/wp-content\/uploads\/2020\/08\/Captura-de-Pantalla-2020-08-12-a-las-2.58.26-p.-m..png\",\"datePublished\":\"2020-08-12T19:59:28+00:00\",\"breadcrumb\":{\"@id\":\"https:\/\/pagina10.com\/web\/la-importancia-de-la-identidad-corporativa-en-una-empresa\/#breadcrumb\"},\"inLanguage\":\"es\",\"potentialAction\":[{\"@type\":\"ReadAction\",\"target\":[\"https:\/\/pagina10.com\/web\/la-importancia-de-la-identidad-corporativa-en-una-empresa\/\"]}]},{\"@type\":\"ImageObject\",\"inLanguage\":\"es\",\"@id\":\"https:\/\/pagina10.com\/web\/la-importancia-de-la-identidad-corporativa-en-una-empresa\/#primaryimage\",\"url\":\"https:\/\/pagina10.com\/web\/wp-content\/uploads\/2020\/08\/Captura-de-Pantalla-2020-08-12-a-las-2.58.26-p.-m..png\",\"contentUrl\":\"https:\/\/pagina10.com\/web\/wp-content\/uploads\/2020\/08\/Captura-de-Pantalla-2020-08-12-a-las-2.58.26-p.-m..png\",\"width\":591,\"height\":388},{\"@type\":\"BreadcrumbList\",\"@id\":\"https:\/\/pagina10.com\/web\/la-importancia-de-la-identidad-corporativa-en-una-empresa\/#breadcrumb\",\"itemListElement\":[{\"@type\":\"ListItem\",\"position\":1,\"name\":\"Portada\",\"item\":\"https:\/\/pagina10.com\/web\/\"},{\"@type\":\"ListItem\",\"position\":2,\"name\":\"La importancia de la identidad corporativa en una empresa\"}]},{\"@type\":\"WebSite\",\"@id\":\"https:\/\/pagina10.com\/web\/#website\",\"url\":\"https:\/\/pagina10.com\/web\/\",\"name\":\"P\u00e1gina10\",\"description\":\"Peri\u00f3dico Regional\",\"publisher\":{\"@id\":\"https:\/\/pagina10.com\/web\/#organization\"},\"alternateName\":\"P\u00e1gina10 Peri\u00f3dico Regional\",\"potentialAction\":[{\"@type\":\"SearchAction\",\"target\":{\"@type\":\"EntryPoint\",\"urlTemplate\":\"https:\/\/pagina10.com\/web\/?s={search_term_string}\"},\"query-input\":{\"@type\":\"PropertyValueSpecification\",\"valueRequired\":true,\"valueName\":\"search_term_string\"}}],\"inLanguage\":\"es\"},{\"@type\":\"Organization\",\"@id\":\"https:\/\/pagina10.com\/web\/#organization\",\"name\":\"P\u00e1gina10\",\"alternateName\":\"P\u00e1gina10 Peri\u00f3dico Regional\",\"url\":\"https:\/\/pagina10.com\/web\/\",\"logo\":{\"@type\":\"ImageObject\",\"inLanguage\":\"es\",\"@id\":\"https:\/\/pagina10.com\/web\/#\/schema\/logo\/image\/\",\"url\":\"https:\/\/pagina10.com\/web\/wp-content\/uploads\/2024\/01\/40-pagina-10-periodico-regional-pasto.jpg\",\"contentUrl\":\"https:\/\/pagina10.com\/web\/wp-content\/uploads\/2024\/01\/40-pagina-10-periodico-regional-pasto.jpg\",\"width\":1280,\"height\":720,\"caption\":\"P\u00e1gina10\"},\"image\":{\"@id\":\"https:\/\/pagina10.com\/web\/#\/schema\/logo\/image\/\"},\"sameAs\":[\"https:\/\/www.facebook.com\/pag10com\",\"https:\/\/x.com\/Pag10com\",\"https:\/\/www.instagram.com\/pagina10col\/\",\"https:\/\/youtube.com\/channel\/pag10\",\"https:\/\/www.tiktok.com\/@p10col\"]},{\"@type\":\"Person\",\"@id\":\"https:\/\/pagina10.com\/web\/#\/schema\/person\/2efc4a090d25b667d3bc796798a3a81b\",\"name\":\"P\u00e1gina 10\",\"description\":\"P\u00e1gina 10 es un peri\u00f3dico regional que nace en Colombia, en el departamento de Nari\u00f1o, con un enfoque global, fundamentado en cuatro pilares esenciales: la libertad, el pluralismo, la inclusi\u00f3n y la independencia. P\u00e1gina 10 hace referencia a Nari\u00f1o como el d\u00e9cimo departamento creado en Colombia, despu\u00e9s de un proceso pol\u00edtico liderado por actores y actrices regionales con el fin de obtener la independencia y autonom\u00eda de nuestros territorios. Con la creaci\u00f3n de P\u00e1gina 10 se pretende abrir un escenario para el dialogo, la reflexi\u00f3n y el debate que se extienda a otras geograf\u00edas de Am\u00e9rica Latina y del planeta, en una apuesta por transformar colectivamente los desaf\u00edos de un mundo contempor\u00e1neo, m\u00e1s all\u00e1 de las fronteras impuestas.\",\"url\":\"https:\/\/pagina10.com\/web\/author\/pdiezadmin\/\"}]}<\/script>\n<!-- \/ Yoast SEO plugin. -->","yoast_head_json":{"title":"La importancia de la identidad corporativa en una empresa | P\u00e1gina10","robots":{"index":"index","follow":"follow","max-snippet":"max-snippet:-1","max-image-preview":"max-image-preview:large","max-video-preview":"max-video-preview:-1"},"canonical":"https:\/\/pagina10.com\/web\/la-importancia-de-la-identidad-corporativa-en-una-empresa\/","og_locale":"es_ES","og_type":"article","og_title":"La importancia de la identidad corporativa en una empresa | P\u00e1gina10","og_description":"La identidad corporativa es la apariencia f\u00edsica y la impresi\u00f3n de una empresa. Abarca las estructuras internas, las relaciones con el personal, los productos, los servicios, los valores y las metas y objetivos. La identidad corporativa es la forma en que los consumidores te ven, mientras que la identidad de la marca refleja c\u00f3mo se [&hellip;]","og_url":"https:\/\/pagina10.com\/web\/la-importancia-de-la-identidad-corporativa-en-una-empresa\/","og_site_name":"P\u00e1gina10","article_publisher":"https:\/\/www.facebook.com\/pag10com","article_published_time":"2020-08-12T19:59:28+00:00","og_image":[{"width":591,"height":388,"url":"https:\/\/pagina10.com\/web\/wp-content\/uploads\/2020\/08\/Captura-de-Pantalla-2020-08-12-a-las-2.58.26-p.-m..png","type":"image\/png"}],"author":"P\u00e1gina 10","twitter_card":"summary_large_image","twitter_creator":"@Pag10com","twitter_site":"@Pag10com","twitter_misc":{"Escrito por":"P\u00e1gina 10","Tiempo de lectura":"4 minutos"},"schema":{"@context":"https:\/\/schema.org","@graph":[{"@type":"Article","@id":"https:\/\/pagina10.com\/web\/la-importancia-de-la-identidad-corporativa-en-una-empresa\/#article","isPartOf":{"@id":"https:\/\/pagina10.com\/web\/la-importancia-de-la-identidad-corporativa-en-una-empresa\/"},"author":{"name":"P\u00e1gina 10","@id":"https:\/\/pagina10.com\/web\/#\/schema\/person\/2efc4a090d25b667d3bc796798a3a81b"},"headline":"La importancia de la identidad corporativa en una empresa","datePublished":"2020-08-12T19:59:28+00:00","mainEntityOfPage":{"@id":"https:\/\/pagina10.com\/web\/la-importancia-de-la-identidad-corporativa-en-una-empresa\/"},"wordCount":729,"commentCount":0,"publisher":{"@id":"https:\/\/pagina10.com\/web\/#organization"},"image":{"@id":"https:\/\/pagina10.com\/web\/la-importancia-de-la-identidad-corporativa-en-una-empresa\/#primaryimage"},"thumbnailUrl":"https:\/\/pagina10.com\/web\/wp-content\/uploads\/2020\/08\/Captura-de-Pantalla-2020-08-12-a-las-2.58.26-p.-m..png","articleSection":["Econom\u00eda"],"inLanguage":"es","potentialAction":[{"@type":"CommentAction","name":"Comment","target":["https:\/\/pagina10.com\/web\/la-importancia-de-la-identidad-corporativa-en-una-empresa\/#respond"]}]},{"@type":"WebPage","@id":"https:\/\/pagina10.com\/web\/la-importancia-de-la-identidad-corporativa-en-una-empresa\/","url":"https:\/\/pagina10.com\/web\/la-importancia-de-la-identidad-corporativa-en-una-empresa\/","name":"La importancia de la identidad corporativa en una empresa | P\u00e1gina10","isPartOf":{"@id":"https:\/\/pagina10.com\/web\/#website"},"primaryImageOfPage":{"@id":"https:\/\/pagina10.com\/web\/la-importancia-de-la-identidad-corporativa-en-una-empresa\/#primaryimage"},"image":{"@id":"https:\/\/pagina10.com\/web\/la-importancia-de-la-identidad-corporativa-en-una-empresa\/#primaryimage"},"thumbnailUrl":"https:\/\/pagina10.com\/web\/wp-content\/uploads\/2020\/08\/Captura-de-Pantalla-2020-08-12-a-las-2.58.26-p.-m..png","datePublished":"2020-08-12T19:59:28+00:00","breadcrumb":{"@id":"https:\/\/pagina10.com\/web\/la-importancia-de-la-identidad-corporativa-en-una-empresa\/#breadcrumb"},"inLanguage":"es","potentialAction":[{"@type":"ReadAction","target":["https:\/\/pagina10.com\/web\/la-importancia-de-la-identidad-corporativa-en-una-empresa\/"]}]},{"@type":"ImageObject","inLanguage":"es","@id":"https:\/\/pagina10.com\/web\/la-importancia-de-la-identidad-corporativa-en-una-empresa\/#primaryimage","url":"https:\/\/pagina10.com\/web\/wp-content\/uploads\/2020\/08\/Captura-de-Pantalla-2020-08-12-a-las-2.58.26-p.-m..png","contentUrl":"https:\/\/pagina10.com\/web\/wp-content\/uploads\/2020\/08\/Captura-de-Pantalla-2020-08-12-a-las-2.58.26-p.-m..png","width":591,"height":388},{"@type":"BreadcrumbList","@id":"https:\/\/pagina10.com\/web\/la-importancia-de-la-identidad-corporativa-en-una-empresa\/#breadcrumb","itemListElement":[{"@type":"ListItem","position":1,"name":"Portada","item":"https:\/\/pagina10.com\/web\/"},{"@type":"ListItem","position":2,"name":"La importancia de la identidad corporativa en una empresa"}]},{"@type":"WebSite","@id":"https:\/\/pagina10.com\/web\/#website","url":"https:\/\/pagina10.com\/web\/","name":"P\u00e1gina10","description":"Peri\u00f3dico Regional","publisher":{"@id":"https:\/\/pagina10.com\/web\/#organization"},"alternateName":"P\u00e1gina10 Peri\u00f3dico Regional","potentialAction":[{"@type":"SearchAction","target":{"@type":"EntryPoint","urlTemplate":"https:\/\/pagina10.com\/web\/?s={search_term_string}"},"query-input":{"@type":"PropertyValueSpecification","valueRequired":true,"valueName":"search_term_string"}}],"inLanguage":"es"},{"@type":"Organization","@id":"https:\/\/pagina10.com\/web\/#organization","name":"P\u00e1gina10","alternateName":"P\u00e1gina10 Peri\u00f3dico Regional","url":"https:\/\/pagina10.com\/web\/","logo":{"@type":"ImageObject","inLanguage":"es","@id":"https:\/\/pagina10.com\/web\/#\/schema\/logo\/image\/","url":"https:\/\/pagina10.com\/web\/wp-content\/uploads\/2024\/01\/40-pagina-10-periodico-regional-pasto.jpg","contentUrl":"https:\/\/pagina10.com\/web\/wp-content\/uploads\/2024\/01\/40-pagina-10-periodico-regional-pasto.jpg","width":1280,"height":720,"caption":"P\u00e1gina10"},"image":{"@id":"https:\/\/pagina10.com\/web\/#\/schema\/logo\/image\/"},"sameAs":["https:\/\/www.facebook.com\/pag10com","https:\/\/x.com\/Pag10com","https:\/\/www.instagram.com\/pagina10col\/","https:\/\/youtube.com\/channel\/pag10","https:\/\/www.tiktok.com\/@p10col"]},{"@type":"Person","@id":"https:\/\/pagina10.com\/web\/#\/schema\/person\/2efc4a090d25b667d3bc796798a3a81b","name":"P\u00e1gina 10","description":"P\u00e1gina 10 es un peri\u00f3dico regional que nace en Colombia, en el departamento de Nari\u00f1o, con un enfoque global, fundamentado en cuatro pilares esenciales: la libertad, el pluralismo, la inclusi\u00f3n y la independencia. P\u00e1gina 10 hace referencia a Nari\u00f1o como el d\u00e9cimo departamento creado en Colombia, despu\u00e9s de un proceso pol\u00edtico liderado por actores y actrices regionales con el fin de obtener la independencia y autonom\u00eda de nuestros territorios. Con la creaci\u00f3n de P\u00e1gina 10 se pretende abrir un escenario para el dialogo, la reflexi\u00f3n y el debate que se extienda a otras geograf\u00edas de Am\u00e9rica Latina y del planeta, en una apuesta por transformar colectivamente los desaf\u00edos de un mundo contempor\u00e1neo, m\u00e1s all\u00e1 de las fronteras impuestas.","url":"https:\/\/pagina10.com\/web\/author\/pdiezadmin\/"}]}},"_links":{"self":[{"href":"https:\/\/pagina10.com\/web\/wp-json\/wp\/v2\/posts\/47056","targetHints":{"allow":["GET"]}}],"collection":[{"href":"https:\/\/pagina10.com\/web\/wp-json\/wp\/v2\/posts"}],"about":[{"href":"https:\/\/pagina10.com\/web\/wp-json\/wp\/v2\/types\/post"}],"author":[{"embeddable":true,"href":"https:\/\/pagina10.com\/web\/wp-json\/wp\/v2\/users\/1"}],"replies":[{"embeddable":true,"href":"https:\/\/pagina10.com\/web\/wp-json\/wp\/v2\/comments?post=47056"}],"version-history":[{"count":1,"href":"https:\/\/pagina10.com\/web\/wp-json\/wp\/v2\/posts\/47056\/revisions"}],"predecessor-version":[{"id":47058,"href":"https:\/\/pagina10.com\/web\/wp-json\/wp\/v2\/posts\/47056\/revisions\/47058"}],"wp:featuredmedia":[{"embeddable":true,"href":"https:\/\/pagina10.com\/web\/wp-json\/wp\/v2\/media\/47057"}],"wp:attachment":[{"href":"https:\/\/pagina10.com\/web\/wp-json\/wp\/v2\/media?parent=47056"}],"wp:term":[{"taxonomy":"category","embeddable":true,"href":"https:\/\/pagina10.com\/web\/wp-json\/wp\/v2\/categories?post=47056"},{"taxonomy":"post_tag","embeddable":true,"href":"https:\/\/pagina10.com\/web\/wp-json\/wp\/v2\/tags?post=47056"}],"curies":[{"name":"wp","href":"https:\/\/api.w.org\/{rel}","templated":true}]}}