{"id":47133,"date":"2020-08-21T00:25:10","date_gmt":"2020-08-21T00:25:10","guid":{"rendered":"https:\/\/pagina10.com\/web\/?p=47133"},"modified":"2020-08-21T00:25:10","modified_gmt":"2020-08-21T00:25:10","slug":"abrimos-el-camino-de-las-grandes-competencias-en-europeo-fabio-parra","status":"publish","type":"post","link":"https:\/\/pagina10.com\/web\/abrimos-el-camino-de-las-grandes-competencias-en-europeo-fabio-parra\/","title":{"rendered":"\u201cAbrimos el camino de las grandes competencias en europeo\u201d: Fabio Parra"},"content":{"rendered":"<p style=\"text-align: justify;\">\u201cD\u00eda de gloria para Colombia; Parra va a ganar la etapa, Herrera har\u00e1 el segundo, los dem\u00e1s que lleguen como puedan\u201d, dice la voz ronca de Julio Arrast\u00eda Bricca, famoso comentarista nacido en Argentina y nacionalizado en Colombia, al cierre de la decimosegunda etapa del Tour de Francia, un 10 de julio de 1985, cuando la brillantez de los escarabajos colombianos conquist\u00f3 los titulares de los peri\u00f3dicos del mundo.<\/p>\n<p style=\"text-align: justify;\">Y es que el panorama no pod\u00eda ser m\u00e1s conmovedor. Fabio Parra y Lucho Herrera coronaban un puerto de monta\u00f1a \u2013el final de aquella etapa\u2013 con capacidad impresionante imponi\u00e9ndose a rivales estelares como Bernard Hinault, Sean Kelly, Greg LeMond, Pedro Delgado, Stepehn Roche y muchas otras figuras de primer nivel en el ciclismo mundial.<\/p>\n<p style=\"text-align: justify;\">En la distancia, a millares de colombianos se nos aguaban los ojos con la narraci\u00f3n de Julio Arrast\u00eda Bricca y sus compa\u00f1eros que con el alma en un hilo describ\u00edan lo que ocurr\u00eda en carreteras francesas. \u201c\u00a1Colombia! \u00a1Colombia!\u201d, repet\u00eda el narrador intentando sintetizar en esa palabra toda la emoci\u00f3n de aquel momento hist\u00f3rico.<\/p>\n<p style=\"text-align: justify;\">Era el pre\u00e1mbulo, los tiempos del aprendizaje, la avanzada primera de ciclistas colombianos que se atrevieron a conquistar Europa y cuyo camino siguieron otros hasta que a\u00f1os despu\u00e9s, Egan Bernal, coron\u00f3, lo que se cre\u00eda imposible.<\/p>\n<p style=\"text-align: justify;\">Y s\u00ed, como piedra fundadora, en ese inicio, Fabio Enrique Parra Pinto, natural de Sogamoso, hijo de ciclista, se catapult\u00f3 como un pedalista de condiciones excepcionales a quien el doping, a que acudieron sus rivales, privo de convertirse en el primer campe\u00f3n colombiano del Tour de Francia. Campe\u00f3n de la Vuelta a Colombia en varias versiones de esa competencia. Sub campe\u00f3n de la Vuelta a Espa\u00f1a, fue el primer ciclista latinoamericano en ocupar el podio de la connotada carrera francesa en 1988.<\/p>\n<p style=\"text-align: justify;\">Con Fabio Enrique Parra dialogamos en esta entrevista \u2013que es a la vez un homenaje\u2013 a un deportista que por derecho propio ocupa varias p\u00e1ginas en la historia del ciclismo nacional, al lado de Mart\u00edn Emilio \u201cCochise\u201d Rodr\u00edguez, Luis Alberto Herrera, Nairo Quintana, Egan Bernal y los que seguramente vendr\u00e1n, despu\u00e9s, a inyectarle sangre nueva al deporte m\u00e1s triunfador y lleno de satisfacciones para el pueblo colombiano.<\/p>\n<p style=\"text-align: justify;\">\n<p style=\"text-align: justify;\">Primero que todo, Fabio, recordemos las \u00e9pocas de sus inicios en el ciclismo de ruta.<\/p>\n<p style=\"text-align: justify;\">\n<p style=\"text-align: justify;\">Albeiro, un saludo muy especial para usted y gracias por la invitaci\u00f3n. Muy joven, a los 14 o 15 a\u00f1os inici\u00e9 mi actividad deportiva gracias al apoyo de mis padres que siempre estuvieron pendientes y apoy\u00e1ndome en lo que ten\u00eda que ver con lo log\u00edstico \u2013bicicletas, uniformes\u2013; y poco a poco, se dieron las cosas porque, tambi\u00e9n, los resultados cuando inici\u00e9 mi carrera fueron bastante buenos en las categor\u00edas juveniles. Eso hizo que, de alguna manera, se ratificara la pr\u00e1ctica del ciclismo y, a medida que fui avanzando en edad y las posibilidades de competir en campeonatos a nivel nacional, se facilit\u00f3 que cada vez fuera m\u00e1s grande la participaci\u00f3n y los resultados.<\/p>\n<p style=\"text-align: justify;\">\n<p style=\"text-align: justify;\">Su tierra Sogamoso, evidentemente, es una tierra de ciclistas, pero \u00bfusted proviene de alguna familia con antecedentes en el ciclismo?<\/p>\n<p style=\"text-align: justify;\">\n<p style=\"text-align: justify;\">S\u00ed, mi padre fue ciclista. \u00c9l compiti\u00f3 en la Vuelta a Colombia de 1967. Fue la \u00fanica vuelta en la que particip\u00f3 y digamos que de ah\u00ed inici\u00f3 tambi\u00e9n mi afici\u00f3n por el ciclismo. Me acuerdo bastante que cuando \u00e9l participaba, yo escuchaba las transmisiones radiales; era muy emotivo o\u00edr, en esa \u00e9poca, el cubrimiento de los periodistas, los locutores que transmit\u00edan ciclismo le pon\u00edan mucha emoci\u00f3n y, la verdad, como que entonces empez\u00f3 a surgir parte de mi afici\u00f3n por el ciclismo. El mismo ambiente en la casa, ver salir a entrenar a mi padre, ver los uniformes, las camisetas, tambi\u00e9n contribuy\u00f3 a formarme como ciclista.<\/p>\n<p style=\"text-align: justify;\">\n<p style=\"text-align: justify;\">\u00bfC\u00f3mo eran las Vueltas a Colombia de los a\u00f1os 80, cuando usted se impuso a m\u00edticos como Rafael Antonio Ni\u00f1o? \u00bfEn qu\u00e9 ha cambiado esa competencia?<\/p>\n<p style=\"text-align: justify;\">\n<p style=\"text-align: justify;\">La evoluci\u00f3n del ciclismo, en general, ha sido bastante grande a nivel de la tecnolog\u00eda, de la preparaci\u00f3n de los corredores, de los uniformes que se utilizan hoy en d\u00eda, de los sistemas de preparaci\u00f3n en equipo. Anteriormente, las carreras eran demasiado extensas, muy largas, muy duras; hoy es m\u00e1s t\u00e9cnico, digamos, m\u00e1s humanizado. Las mismas v\u00edas, antes eran de terreno destapado que hac\u00eda que fuera dif\u00edcil el recorrido de las competencias en el orden nacional; la log\u00edstica que hab\u00eda tambi\u00e9n era diferente a la nuestra.<\/p>\n<p style=\"text-align: justify;\">\n<p style=\"text-align: justify;\">Pilas Varta-Caf\u00e9 de Colombia es el equipo de ciclistas colombianos que abren un espacio important\u00edsimo en Europa, especialmente en la Vuelta a Espa\u00f1a y el Tour de Francia. Hablemos sobre algunos de sus compa\u00f1eros, \u00bfa qui\u00e9nes recuerda m\u00e1s?<\/p>\n<p style=\"text-align: justify;\">\n<p style=\"text-align: justify;\">S\u00ed, se\u00f1or. Estaban Mart\u00edn Ram\u00edrez, Pablo Wilches, Germ\u00e1n Loaiza, Alfonso Fl\u00f3rez, Jos\u00e9 Patrocinio Jim\u00e9nez, Edgar Corredor, Samuel Cabrera, entre otros. Hab\u00eda corredores muy buenos que le dieron grandes triunfos al ciclismo colombiano. Tuvimos la oportunidad de contar con un patrocinador como Pilas Varta-Caf\u00e9 de Colombia y ah\u00ed pr\u00e1cticamente inici\u00f3 ese proceso y la historia del ciclismo colombiano con grandes resultados en Europa. A partir de ese momento se abri\u00f3 el camino para que Colombia tuviera la oportunidad de competir a nivel profesional en el ciclismo europeo, que es donde est\u00e1 la meca del ciclismo mundial. Hoy en d\u00eda hay excelentes resultados, una historia que, afortunadamente, desde los a\u00f1os 60 hasta nuestros d\u00edas, ha sido de aciertos. La historia del ciclismo colombiano as\u00ed lo dice y se ha ganado todas las grandes vueltas. De pronto, nos hace falta un campeonato mundial, donde ya hemos sido protagonistas con Rigoberto Ur\u00e1n. Todos estos antecedentes han hecho que sea muy bien visto el ciclismo colombiano en Europa.<\/p>\n<p style=\"text-align: justify;\">\n<p style=\"text-align: justify;\">Usted ha sido uno de los ciclistas m\u00e1s completos que ha tenido el pa\u00eds, buen escalador, con gran desempe\u00f1o en el terreno llano y las pruebas contrareloj. \u00bfC\u00f3mo recuerda la etapa 12 del Tour de Francia de 1985, cuando hicieron el 1, 2, al lado de Lucho Herrera? Describ\u00e1moslo para las nuevas generaciones desde su punto de vista.<\/p>\n<p style=\"text-align: justify;\">\n<p style=\"text-align: justify;\">Bueno, s\u00ed. Fue una etapa bastante larga, cerca de 280 kil\u00f3metros, casi 8 horas de carrera. En pleno verano, el calor era bastante fuerte, una etapa con varios puertos de monta\u00f1a de segunda y tercera categor\u00eda. Al final, terminaba en una subida como de 5 kil\u00f3metros. Hasta ah\u00ed iba todo el grupo, al empezar el ascenso, yo parto, sac\u00f3 una ventaja, me logro mantener hasta cerca de la meta y viene Lucho que estaba peleando la monta\u00f1a, pasa por el premio de monta\u00f1a primero y llegamos los dos a la meta, donde yo gano esa etapa; una etapa que para el pueblo colombiano fue muy emotiva y que recuerdan mucho porque, hasta ese momento, Colombia (que no hab\u00eda ganado mucho en el ciclismo a nivel de carreras europeas) ten\u00eda la oportunidad de mostrar otra cara del pa\u00eds en el exterior.<\/p>\n<p style=\"text-align: justify;\">\n<p style=\"text-align: justify;\">Es indudable que usted debi\u00f3 ser el primer campe\u00f3n nuestro en el Tour de Francia. El dopaje de quienes se impusieron recurriendo a la triqui\u00f1uela lo impidi\u00f3. Con la perspectiva del tiempo y el descalabro de otros ciclistas como el norteamericano Lance Armstrong, \u00bfcu\u00e1l es la mayor ense\u00f1anza profesional que le deja Fabio Parra al ciclismo colombiano y del exterior?<\/p>\n<p style=\"text-align: justify;\">\n<p style=\"text-align: justify;\">Las personas que practican deporte tienen que, primero, interiorizar el tema de la disciplina. Para poder llegar a obtener grandes resultados hay que sacrificar muchas cosas y tener demasiada disciplina. Esa es como la ense\u00f1anza que les dejo. La perseverancia, las ganas, la motivaci\u00f3n. El hecho de que hay que trabajar muy duro para lograr metas. Ya en el caso de Lance Armstrong, lo que pas\u00f3, de alguna manera, permiti\u00f3 aclarar varias situaciones. Creo ha valido mucho porque, a partir de ese momento, el ciclismo colombiano volvi\u00f3 a tener ese esplendor que ven\u00eda teniendo. Los controles en dopaje son m\u00e1s exhaustivos, es m\u00e1s delicado que las personas utilicen elementos prohibidos y eso ha hecho que haya un nivel parejo entre todos los corredores del ciclismo mundial. Hoy en d\u00eda no se gana con grandes diferencias, como anteriormente que un corredor sacaba 10 o 15 minutos, al final de una clasificaci\u00f3n general. Actualmente, se gana por segundos; en las dos o tres \u00faltimas etapas, se est\u00e1 disputando una carrera grande. Entonces, eso sirvi\u00f3 para que haya un poco m\u00e1s de equilibrio entre los diferentes corredores. Y el ciclismo colombiano se benefici\u00f3 porque, a partir de ese momento, se volvi\u00f3 a tener resultados extraordinarios y en este momento nuestros corredores tienen la posibilidad de estar peleando siempre las grandes carreras por etapas, de estar en el podio.<\/p>\n<p style=\"text-align: justify;\">\n<p style=\"text-align: justify;\">\u00bfSigue practicando ciclismo de manera recreativa?<\/p>\n<p style=\"text-align: justify;\">\n<p style=\"text-align: justify;\">S\u00ed, se\u00f1or. Sigo practicando ciclismo, una o dos horitas. Trato de hacerlo, peri\u00f3dicamente, casi todos los d\u00edas, los fines de semana. Pero lo hago por condiciones de salud, por recreaci\u00f3n, por distraerme un poco. Es necesario, pues hoy en d\u00eda el tema del deporte es la mejor recomendaci\u00f3n que hacen los m\u00e9dicos para que la salud se mantenga en una buena condici\u00f3n. Actualmente, soy el gerente del Instituto Departamental del Deportes de Boyac\u00e1. Ha eso estoy dedicado, a atender y a velar por el desarrollo deportivo de mi tierra y ojal\u00e1 a generar nuevos talentos deportivos.<\/p>\n<p style=\"text-align: justify;\">\n<p style=\"text-align: justify;\">Amigo Fabio, voy a citar algunos nombres de ciclistas que deseo usted defina brevemente. El primero, Mart\u00edn Emilio \u201cCochise\u201d Rodr\u00edguez.<\/p>\n<p style=\"text-align: justify;\">\n<p style=\"text-align: justify;\">El ciclista que marc\u00f3 la historia, sobre todo, a nivel de t\u00edtulos mundiales.<\/p>\n<p style=\"text-align: justify;\">\n<p style=\"text-align: justify;\">Mart\u00edn Ram\u00edrez.<\/p>\n<p style=\"text-align: justify;\">\n<p style=\"text-align: justify;\">Tambi\u00e9n pas\u00f3 a la historia al ganar por primera vez el Dauphin\u00e9 Lib\u00e9r\u00e9. Demostr\u00f3 que se pod\u00eda llegar a ganar en Europa.<\/p>\n<p style=\"text-align: justify;\">\n<p style=\"text-align: justify;\">Alfonso Fl\u00f3rez Ortiz<\/p>\n<p style=\"text-align: justify;\">\n<p style=\"text-align: justify;\">Gan\u00f3 el Tour de l\u2019Avenir y rompi\u00f3 esa hegemon\u00eda que tra\u00eda la Uni\u00f3n Sovi\u00e9tica de estar ganando constantemente esa competencia.<\/p>\n<p style=\"text-align: justify;\">\n<p style=\"text-align: justify;\">Jos\u00e9 Patrocinio Jim\u00e9nez<\/p>\n<p style=\"text-align: justify;\">\n<p style=\"text-align: justify;\">Un escalador de condiciones extraordinarias. Siempre que particip\u00f3 en Europa lo hizo muy bien.<\/p>\n<p style=\"text-align: justify;\">\n<p style=\"text-align: justify;\">Lucho Herrera<\/p>\n<p style=\"text-align: justify;\">\n<p style=\"text-align: justify;\">Escalador de condiciones innatas. Sorprendi\u00f3 al ciclismo europeo cuando gan\u00f3 en el Alpe d\u2019Huez y la Vuelta a Espa\u00f1a.<\/p>\n<p style=\"text-align: justify;\">\n<p style=\"text-align: justify;\">Santiago Botero<\/p>\n<p style=\"text-align: justify;\">\n<p style=\"text-align: justify;\">Ciclista que venci\u00f3 a Lance Arstromg en pruebas contrareloj. Rompi\u00f3 el paradigma de que no se pod\u00eda ganar en el terreno llano.<\/p>\n<p style=\"text-align: justify;\">\n<p style=\"text-align: justify;\">Rigoberto Ur\u00e1n<\/p>\n<p style=\"text-align: justify;\">\n<p style=\"text-align: justify;\">Un corredor completo. Un hombre luchador, trabajador, que nunca pierde la motivaci\u00f3n.<\/p>\n<p style=\"text-align: justify;\">\n<p style=\"text-align: justify;\">Nairo Quintana<\/p>\n<p style=\"text-align: justify;\">\n<p style=\"text-align: justify;\">Es el corredor colombiano que ha ganado m\u00e1s carreras importantes. Le falta el Tour de Francia, pero es seguro que va a seguir intent\u00e1ndolo.<\/p>\n<p style=\"text-align: justify;\">\n<p style=\"text-align: justify;\">Egan Bernal<\/p>\n<p style=\"text-align: justify;\">\n<p style=\"text-align: justify;\">El primero que gana el Tour de Francia. Queda la expectativa, \u00bfcu\u00e1ntos m\u00e1s puede llegar a ganar?<\/p>\n<p style=\"text-align: justify;\">\n<p style=\"text-align: justify;\">Y un caballero, un profesional de la bicicleta, Fabio Parra<\/p>\n<p style=\"text-align: justify;\">\n<p style=\"text-align: justify;\">Una persona con mucha constancia, una persona que no se rinde ante las adversidades. Una persona que siempre ha sido correcta y creo que gracias a eso todav\u00eda la gente me recuerda.<\/p>\n<p style=\"text-align: justify;\">\n<p style=\"text-align: justify;\">Al colombiano Fabio Parra le queda la tranquilidad de un profesional que luch\u00f3 a cada pedalazo con profunda transparencia. De un hombre que, adem\u00e1s del deporte, se form\u00f3 en una universidad y dio una lecci\u00f3n de integridad moral, cosa que no pueden decir quienes acudieron al dopaje. A los colombianos nos queda la ense\u00f1anza de que no todo es v\u00e1lido en la vida y que se marca la diferencia cuando estamos frente a la altura de un deportista como Fabio Parra, para quien s\u00f3lo tenemos palabras de agradecimiento por lo que hizo y representa en el ciclismo colombiano. Mucha vida, la merece, mi campe\u00f3n.<\/p>\n","protected":false},"excerpt":{"rendered":"<p>\u201cD\u00eda de gloria para Colombia; Parra va a ganar la etapa, Herrera har\u00e1 el segundo, los dem\u00e1s que lleguen como puedan\u201d, dice la voz ronca de Julio Arrast\u00eda Bricca, famoso comentarista nacido en Argentina y nacionalizado en Colombia, al cierre de la decimosegunda etapa del Tour de Francia, un 10 de julio de 1985, cuando [&hellip;]<\/p>\n","protected":false},"author":17,"featured_media":47134,"comment_status":"open","ping_status":"open","sticky":false,"template":"","format":"standard","meta":{"footnotes":""},"categories":[86],"tags":[],"class_list":["post-47133","post","type-post","status-publish","format-standard","has-post-thumbnail","hentry","category-deportes-2"],"yoast_head":"<!-- This site is optimized with the Yoast SEO plugin v27.1.1 - https:\/\/yoast.com\/product\/yoast-seo-wordpress\/ -->\n<title>\u201cAbrimos el camino de las grandes competencias en europeo\u201d: Fabio Parra | P\u00e1gina10<\/title>\n<meta name=\"robots\" content=\"index, follow, max-snippet:-1, max-image-preview:large, max-video-preview:-1\" \/>\n<link rel=\"canonical\" href=\"https:\/\/pagina10.com\/web\/abrimos-el-camino-de-las-grandes-competencias-en-europeo-fabio-parra\/\" \/>\n<meta property=\"og:locale\" content=\"es_ES\" \/>\n<meta property=\"og:type\" content=\"article\" \/>\n<meta property=\"og:title\" content=\"\u201cAbrimos el camino de las grandes competencias en europeo\u201d: Fabio Parra | P\u00e1gina10\" \/>\n<meta property=\"og:description\" content=\"\u201cD\u00eda de gloria para Colombia; Parra va a ganar la etapa, Herrera har\u00e1 el segundo, los dem\u00e1s que lleguen como puedan\u201d, dice la voz ronca de Julio Arrast\u00eda Bricca, famoso comentarista nacido en Argentina y nacionalizado en Colombia, al cierre de la decimosegunda etapa del Tour de Francia, un 10 de julio de 1985, cuando [&hellip;]\" \/>\n<meta property=\"og:url\" content=\"https:\/\/pagina10.com\/web\/abrimos-el-camino-de-las-grandes-competencias-en-europeo-fabio-parra\/\" \/>\n<meta property=\"og:site_name\" content=\"P\u00e1gina10\" \/>\n<meta property=\"article:publisher\" content=\"https:\/\/www.facebook.com\/pag10com\" \/>\n<meta property=\"article:published_time\" content=\"2020-08-21T00:25:10+00:00\" \/>\n<meta property=\"og:image\" content=\"https:\/\/pagina10.com\/web\/wp-content\/uploads\/2020\/08\/Captura-de-Pantalla-2020-08-20-a-las-7.24.45-p.-m..png\" \/>\n\t<meta property=\"og:image:width\" content=\"753\" \/>\n\t<meta property=\"og:image:height\" content=\"519\" \/>\n\t<meta property=\"og:image:type\" content=\"image\/png\" \/>\n<meta name=\"author\" content=\"Albeiro Arciniegas\" \/>\n<meta name=\"twitter:card\" content=\"summary_large_image\" \/>\n<meta name=\"twitter:creator\" content=\"@Pag10com\" \/>\n<meta name=\"twitter:site\" content=\"@Pag10com\" \/>\n<meta name=\"twitter:label1\" content=\"Escrito por\" \/>\n\t<meta name=\"twitter:data1\" content=\"Albeiro Arciniegas\" \/>\n\t<meta name=\"twitter:label2\" content=\"Tiempo de lectura\" \/>\n\t<meta name=\"twitter:data2\" content=\"10 minutos\" \/>\n<script type=\"application\/ld+json\" class=\"yoast-schema-graph\">{\"@context\":\"https:\/\/schema.org\",\"@graph\":[{\"@type\":\"Article\",\"@id\":\"https:\/\/pagina10.com\/web\/abrimos-el-camino-de-las-grandes-competencias-en-europeo-fabio-parra\/#article\",\"isPartOf\":{\"@id\":\"https:\/\/pagina10.com\/web\/abrimos-el-camino-de-las-grandes-competencias-en-europeo-fabio-parra\/\"},\"author\":{\"name\":\"Albeiro Arciniegas\",\"@id\":\"https:\/\/pagina10.com\/web\/#\/schema\/person\/334a167008451d8dce4633b56c1082b8\"},\"headline\":\"\u201cAbrimos el camino de las grandes competencias en europeo\u201d: Fabio Parra\",\"datePublished\":\"2020-08-21T00:25:10+00:00\",\"mainEntityOfPage\":{\"@id\":\"https:\/\/pagina10.com\/web\/abrimos-el-camino-de-las-grandes-competencias-en-europeo-fabio-parra\/\"},\"wordCount\":2003,\"commentCount\":0,\"publisher\":{\"@id\":\"https:\/\/pagina10.com\/web\/#organization\"},\"image\":{\"@id\":\"https:\/\/pagina10.com\/web\/abrimos-el-camino-de-las-grandes-competencias-en-europeo-fabio-parra\/#primaryimage\"},\"thumbnailUrl\":\"https:\/\/pagina10.com\/web\/wp-content\/uploads\/2020\/08\/Captura-de-Pantalla-2020-08-20-a-las-7.24.45-p.-m..png\",\"articleSection\":[\"Deportes\"],\"inLanguage\":\"es\",\"potentialAction\":[{\"@type\":\"CommentAction\",\"name\":\"Comment\",\"target\":[\"https:\/\/pagina10.com\/web\/abrimos-el-camino-de-las-grandes-competencias-en-europeo-fabio-parra\/#respond\"]}]},{\"@type\":\"WebPage\",\"@id\":\"https:\/\/pagina10.com\/web\/abrimos-el-camino-de-las-grandes-competencias-en-europeo-fabio-parra\/\",\"url\":\"https:\/\/pagina10.com\/web\/abrimos-el-camino-de-las-grandes-competencias-en-europeo-fabio-parra\/\",\"name\":\"\u201cAbrimos el camino de las grandes competencias en europeo\u201d: Fabio Parra | P\u00e1gina10\",\"isPartOf\":{\"@id\":\"https:\/\/pagina10.com\/web\/#website\"},\"primaryImageOfPage\":{\"@id\":\"https:\/\/pagina10.com\/web\/abrimos-el-camino-de-las-grandes-competencias-en-europeo-fabio-parra\/#primaryimage\"},\"image\":{\"@id\":\"https:\/\/pagina10.com\/web\/abrimos-el-camino-de-las-grandes-competencias-en-europeo-fabio-parra\/#primaryimage\"},\"thumbnailUrl\":\"https:\/\/pagina10.com\/web\/wp-content\/uploads\/2020\/08\/Captura-de-Pantalla-2020-08-20-a-las-7.24.45-p.-m..png\",\"datePublished\":\"2020-08-21T00:25:10+00:00\",\"breadcrumb\":{\"@id\":\"https:\/\/pagina10.com\/web\/abrimos-el-camino-de-las-grandes-competencias-en-europeo-fabio-parra\/#breadcrumb\"},\"inLanguage\":\"es\",\"potentialAction\":[{\"@type\":\"ReadAction\",\"target\":[\"https:\/\/pagina10.com\/web\/abrimos-el-camino-de-las-grandes-competencias-en-europeo-fabio-parra\/\"]}]},{\"@type\":\"ImageObject\",\"inLanguage\":\"es\",\"@id\":\"https:\/\/pagina10.com\/web\/abrimos-el-camino-de-las-grandes-competencias-en-europeo-fabio-parra\/#primaryimage\",\"url\":\"https:\/\/pagina10.com\/web\/wp-content\/uploads\/2020\/08\/Captura-de-Pantalla-2020-08-20-a-las-7.24.45-p.-m..png\",\"contentUrl\":\"https:\/\/pagina10.com\/web\/wp-content\/uploads\/2020\/08\/Captura-de-Pantalla-2020-08-20-a-las-7.24.45-p.-m..png\",\"width\":753,\"height\":519},{\"@type\":\"BreadcrumbList\",\"@id\":\"https:\/\/pagina10.com\/web\/abrimos-el-camino-de-las-grandes-competencias-en-europeo-fabio-parra\/#breadcrumb\",\"itemListElement\":[{\"@type\":\"ListItem\",\"position\":1,\"name\":\"Portada\",\"item\":\"https:\/\/pagina10.com\/web\/\"},{\"@type\":\"ListItem\",\"position\":2,\"name\":\"\u201cAbrimos el camino de las grandes competencias en europeo\u201d: Fabio Parra\"}]},{\"@type\":\"WebSite\",\"@id\":\"https:\/\/pagina10.com\/web\/#website\",\"url\":\"https:\/\/pagina10.com\/web\/\",\"name\":\"P\u00e1gina10\",\"description\":\"Peri\u00f3dico Regional\",\"publisher\":{\"@id\":\"https:\/\/pagina10.com\/web\/#organization\"},\"alternateName\":\"P\u00e1gina10 Peri\u00f3dico Regional\",\"potentialAction\":[{\"@type\":\"SearchAction\",\"target\":{\"@type\":\"EntryPoint\",\"urlTemplate\":\"https:\/\/pagina10.com\/web\/?s={search_term_string}\"},\"query-input\":{\"@type\":\"PropertyValueSpecification\",\"valueRequired\":true,\"valueName\":\"search_term_string\"}}],\"inLanguage\":\"es\"},{\"@type\":\"Organization\",\"@id\":\"https:\/\/pagina10.com\/web\/#organization\",\"name\":\"P\u00e1gina10\",\"alternateName\":\"P\u00e1gina10 Peri\u00f3dico Regional\",\"url\":\"https:\/\/pagina10.com\/web\/\",\"logo\":{\"@type\":\"ImageObject\",\"inLanguage\":\"es\",\"@id\":\"https:\/\/pagina10.com\/web\/#\/schema\/logo\/image\/\",\"url\":\"https:\/\/pagina10.com\/web\/wp-content\/uploads\/2024\/01\/40-pagina-10-periodico-regional-pasto.jpg\",\"contentUrl\":\"https:\/\/pagina10.com\/web\/wp-content\/uploads\/2024\/01\/40-pagina-10-periodico-regional-pasto.jpg\",\"width\":1280,\"height\":720,\"caption\":\"P\u00e1gina10\"},\"image\":{\"@id\":\"https:\/\/pagina10.com\/web\/#\/schema\/logo\/image\/\"},\"sameAs\":[\"https:\/\/www.facebook.com\/pag10com\",\"https:\/\/x.com\/Pag10com\",\"https:\/\/www.instagram.com\/pagina10col\/\",\"https:\/\/youtube.com\/channel\/pag10\",\"https:\/\/www.tiktok.com\/@p10col\"]},{\"@type\":\"Person\",\"@id\":\"https:\/\/pagina10.com\/web\/#\/schema\/person\/334a167008451d8dce4633b56c1082b8\",\"name\":\"Albeiro Arciniegas\",\"description\":\"Escritor. Periodista. Licenciado en Filosof\u00eda y Letras y Mag\u00edster en Etnoliteratura de la Universidad de Nari\u00f1o. Ha publicado dos libros: Los decadentes y otros cuentos, con la Editorial Pre-textos de Valencia, Espa\u00f1a, y 5-12, Operaci\u00f3n Cauterio\/ Los decadentes y otros cuentos, con Ediciones Mascaluna de Medell\u00edn. Ganador del Concurso Nacional de Cuento de la Universidad Metropolitana de Barranquilla, finalista del Concurso de Cuentos \u201cCarlos Castro Saavedra\u201d de Medell\u00edn y ganador del Concurso Nacional de Cuento \u201cNuevo Milenio\u201d de Pereira. En Espa\u00f1a, gan\u00f3 el Premio Internacional de Libros de Cuentos \u201cManuel Llano\u201d, otorgado por el gobierno de Cantabria. Es el creador del Concurso Internacional de Cuento Ecol\u00f3gico \u201cCiudad de Pupiales\u201d, evento literario que cuenta con la participaci\u00f3n de escritores de los cinco continentes, especialmente de Am\u00e9rica y Europa. Actualmente, inmerso en la preparaci\u00f3n de su primera novela y algunos art\u00edculos de prensa. E-mail: albeiroarciniegas@yahoo.com.ar\",\"url\":\"https:\/\/pagina10.com\/web\/author\/aarciniegas\/\"}]}<\/script>\n<!-- \/ Yoast SEO plugin. -->","yoast_head_json":{"title":"\u201cAbrimos el camino de las grandes competencias en europeo\u201d: Fabio Parra | P\u00e1gina10","robots":{"index":"index","follow":"follow","max-snippet":"max-snippet:-1","max-image-preview":"max-image-preview:large","max-video-preview":"max-video-preview:-1"},"canonical":"https:\/\/pagina10.com\/web\/abrimos-el-camino-de-las-grandes-competencias-en-europeo-fabio-parra\/","og_locale":"es_ES","og_type":"article","og_title":"\u201cAbrimos el camino de las grandes competencias en europeo\u201d: Fabio Parra | P\u00e1gina10","og_description":"\u201cD\u00eda de gloria para Colombia; Parra va a ganar la etapa, Herrera har\u00e1 el segundo, los dem\u00e1s que lleguen como puedan\u201d, dice la voz ronca de Julio Arrast\u00eda Bricca, famoso comentarista nacido en Argentina y nacionalizado en Colombia, al cierre de la decimosegunda etapa del Tour de Francia, un 10 de julio de 1985, cuando [&hellip;]","og_url":"https:\/\/pagina10.com\/web\/abrimos-el-camino-de-las-grandes-competencias-en-europeo-fabio-parra\/","og_site_name":"P\u00e1gina10","article_publisher":"https:\/\/www.facebook.com\/pag10com","article_published_time":"2020-08-21T00:25:10+00:00","og_image":[{"width":753,"height":519,"url":"https:\/\/pagina10.com\/web\/wp-content\/uploads\/2020\/08\/Captura-de-Pantalla-2020-08-20-a-las-7.24.45-p.-m..png","type":"image\/png"}],"author":"Albeiro Arciniegas","twitter_card":"summary_large_image","twitter_creator":"@Pag10com","twitter_site":"@Pag10com","twitter_misc":{"Escrito por":"Albeiro Arciniegas","Tiempo de lectura":"10 minutos"},"schema":{"@context":"https:\/\/schema.org","@graph":[{"@type":"Article","@id":"https:\/\/pagina10.com\/web\/abrimos-el-camino-de-las-grandes-competencias-en-europeo-fabio-parra\/#article","isPartOf":{"@id":"https:\/\/pagina10.com\/web\/abrimos-el-camino-de-las-grandes-competencias-en-europeo-fabio-parra\/"},"author":{"name":"Albeiro Arciniegas","@id":"https:\/\/pagina10.com\/web\/#\/schema\/person\/334a167008451d8dce4633b56c1082b8"},"headline":"\u201cAbrimos el camino de las grandes competencias en europeo\u201d: Fabio Parra","datePublished":"2020-08-21T00:25:10+00:00","mainEntityOfPage":{"@id":"https:\/\/pagina10.com\/web\/abrimos-el-camino-de-las-grandes-competencias-en-europeo-fabio-parra\/"},"wordCount":2003,"commentCount":0,"publisher":{"@id":"https:\/\/pagina10.com\/web\/#organization"},"image":{"@id":"https:\/\/pagina10.com\/web\/abrimos-el-camino-de-las-grandes-competencias-en-europeo-fabio-parra\/#primaryimage"},"thumbnailUrl":"https:\/\/pagina10.com\/web\/wp-content\/uploads\/2020\/08\/Captura-de-Pantalla-2020-08-20-a-las-7.24.45-p.-m..png","articleSection":["Deportes"],"inLanguage":"es","potentialAction":[{"@type":"CommentAction","name":"Comment","target":["https:\/\/pagina10.com\/web\/abrimos-el-camino-de-las-grandes-competencias-en-europeo-fabio-parra\/#respond"]}]},{"@type":"WebPage","@id":"https:\/\/pagina10.com\/web\/abrimos-el-camino-de-las-grandes-competencias-en-europeo-fabio-parra\/","url":"https:\/\/pagina10.com\/web\/abrimos-el-camino-de-las-grandes-competencias-en-europeo-fabio-parra\/","name":"\u201cAbrimos el camino de las grandes competencias en europeo\u201d: Fabio Parra | P\u00e1gina10","isPartOf":{"@id":"https:\/\/pagina10.com\/web\/#website"},"primaryImageOfPage":{"@id":"https:\/\/pagina10.com\/web\/abrimos-el-camino-de-las-grandes-competencias-en-europeo-fabio-parra\/#primaryimage"},"image":{"@id":"https:\/\/pagina10.com\/web\/abrimos-el-camino-de-las-grandes-competencias-en-europeo-fabio-parra\/#primaryimage"},"thumbnailUrl":"https:\/\/pagina10.com\/web\/wp-content\/uploads\/2020\/08\/Captura-de-Pantalla-2020-08-20-a-las-7.24.45-p.-m..png","datePublished":"2020-08-21T00:25:10+00:00","breadcrumb":{"@id":"https:\/\/pagina10.com\/web\/abrimos-el-camino-de-las-grandes-competencias-en-europeo-fabio-parra\/#breadcrumb"},"inLanguage":"es","potentialAction":[{"@type":"ReadAction","target":["https:\/\/pagina10.com\/web\/abrimos-el-camino-de-las-grandes-competencias-en-europeo-fabio-parra\/"]}]},{"@type":"ImageObject","inLanguage":"es","@id":"https:\/\/pagina10.com\/web\/abrimos-el-camino-de-las-grandes-competencias-en-europeo-fabio-parra\/#primaryimage","url":"https:\/\/pagina10.com\/web\/wp-content\/uploads\/2020\/08\/Captura-de-Pantalla-2020-08-20-a-las-7.24.45-p.-m..png","contentUrl":"https:\/\/pagina10.com\/web\/wp-content\/uploads\/2020\/08\/Captura-de-Pantalla-2020-08-20-a-las-7.24.45-p.-m..png","width":753,"height":519},{"@type":"BreadcrumbList","@id":"https:\/\/pagina10.com\/web\/abrimos-el-camino-de-las-grandes-competencias-en-europeo-fabio-parra\/#breadcrumb","itemListElement":[{"@type":"ListItem","position":1,"name":"Portada","item":"https:\/\/pagina10.com\/web\/"},{"@type":"ListItem","position":2,"name":"\u201cAbrimos el camino de las grandes competencias en europeo\u201d: Fabio Parra"}]},{"@type":"WebSite","@id":"https:\/\/pagina10.com\/web\/#website","url":"https:\/\/pagina10.com\/web\/","name":"P\u00e1gina10","description":"Peri\u00f3dico Regional","publisher":{"@id":"https:\/\/pagina10.com\/web\/#organization"},"alternateName":"P\u00e1gina10 Peri\u00f3dico Regional","potentialAction":[{"@type":"SearchAction","target":{"@type":"EntryPoint","urlTemplate":"https:\/\/pagina10.com\/web\/?s={search_term_string}"},"query-input":{"@type":"PropertyValueSpecification","valueRequired":true,"valueName":"search_term_string"}}],"inLanguage":"es"},{"@type":"Organization","@id":"https:\/\/pagina10.com\/web\/#organization","name":"P\u00e1gina10","alternateName":"P\u00e1gina10 Peri\u00f3dico Regional","url":"https:\/\/pagina10.com\/web\/","logo":{"@type":"ImageObject","inLanguage":"es","@id":"https:\/\/pagina10.com\/web\/#\/schema\/logo\/image\/","url":"https:\/\/pagina10.com\/web\/wp-content\/uploads\/2024\/01\/40-pagina-10-periodico-regional-pasto.jpg","contentUrl":"https:\/\/pagina10.com\/web\/wp-content\/uploads\/2024\/01\/40-pagina-10-periodico-regional-pasto.jpg","width":1280,"height":720,"caption":"P\u00e1gina10"},"image":{"@id":"https:\/\/pagina10.com\/web\/#\/schema\/logo\/image\/"},"sameAs":["https:\/\/www.facebook.com\/pag10com","https:\/\/x.com\/Pag10com","https:\/\/www.instagram.com\/pagina10col\/","https:\/\/youtube.com\/channel\/pag10","https:\/\/www.tiktok.com\/@p10col"]},{"@type":"Person","@id":"https:\/\/pagina10.com\/web\/#\/schema\/person\/334a167008451d8dce4633b56c1082b8","name":"Albeiro Arciniegas","description":"Escritor. Periodista. Licenciado en Filosof\u00eda y Letras y Mag\u00edster en Etnoliteratura de la Universidad de Nari\u00f1o. Ha publicado dos libros: Los decadentes y otros cuentos, con la Editorial Pre-textos de Valencia, Espa\u00f1a, y 5-12, Operaci\u00f3n Cauterio\/ Los decadentes y otros cuentos, con Ediciones Mascaluna de Medell\u00edn. Ganador del Concurso Nacional de Cuento de la Universidad Metropolitana de Barranquilla, finalista del Concurso de Cuentos \u201cCarlos Castro Saavedra\u201d de Medell\u00edn y ganador del Concurso Nacional de Cuento \u201cNuevo Milenio\u201d de Pereira. En Espa\u00f1a, gan\u00f3 el Premio Internacional de Libros de Cuentos \u201cManuel Llano\u201d, otorgado por el gobierno de Cantabria. Es el creador del Concurso Internacional de Cuento Ecol\u00f3gico \u201cCiudad de Pupiales\u201d, evento literario que cuenta con la participaci\u00f3n de escritores de los cinco continentes, especialmente de Am\u00e9rica y Europa. Actualmente, inmerso en la preparaci\u00f3n de su primera novela y algunos art\u00edculos de prensa. E-mail: albeiroarciniegas@yahoo.com.ar","url":"https:\/\/pagina10.com\/web\/author\/aarciniegas\/"}]}},"_links":{"self":[{"href":"https:\/\/pagina10.com\/web\/wp-json\/wp\/v2\/posts\/47133","targetHints":{"allow":["GET"]}}],"collection":[{"href":"https:\/\/pagina10.com\/web\/wp-json\/wp\/v2\/posts"}],"about":[{"href":"https:\/\/pagina10.com\/web\/wp-json\/wp\/v2\/types\/post"}],"author":[{"embeddable":true,"href":"https:\/\/pagina10.com\/web\/wp-json\/wp\/v2\/users\/17"}],"replies":[{"embeddable":true,"href":"https:\/\/pagina10.com\/web\/wp-json\/wp\/v2\/comments?post=47133"}],"version-history":[{"count":1,"href":"https:\/\/pagina10.com\/web\/wp-json\/wp\/v2\/posts\/47133\/revisions"}],"predecessor-version":[{"id":47135,"href":"https:\/\/pagina10.com\/web\/wp-json\/wp\/v2\/posts\/47133\/revisions\/47135"}],"wp:featuredmedia":[{"embeddable":true,"href":"https:\/\/pagina10.com\/web\/wp-json\/wp\/v2\/media\/47134"}],"wp:attachment":[{"href":"https:\/\/pagina10.com\/web\/wp-json\/wp\/v2\/media?parent=47133"}],"wp:term":[{"taxonomy":"category","embeddable":true,"href":"https:\/\/pagina10.com\/web\/wp-json\/wp\/v2\/categories?post=47133"},{"taxonomy":"post_tag","embeddable":true,"href":"https:\/\/pagina10.com\/web\/wp-json\/wp\/v2\/tags?post=47133"}],"curies":[{"name":"wp","href":"https:\/\/api.w.org\/{rel}","templated":true}]}}