{"id":47406,"date":"2020-09-13T22:15:49","date_gmt":"2020-09-13T22:15:49","guid":{"rendered":"https:\/\/pagina10.com\/web\/?p=47406"},"modified":"2020-09-13T22:19:01","modified_gmt":"2020-09-13T22:19:01","slug":"gobernacion-de-narino-acudira-al-credito-para-financiar-el-plan-de-desarrollo","status":"publish","type":"post","link":"https:\/\/pagina10.com\/web\/gobernacion-de-narino-acudira-al-credito-para-financiar-el-plan-de-desarrollo\/","title":{"rendered":"Gobernaci\u00f3n de Nari\u00f1o acudir\u00e1 al cr\u00e9dito para financiar el plan de desarrollo."},"content":{"rendered":"<p style=\"text-align: justify;\">Ante el impacto negativo en las finanzas que tendr\u00e1 Nari\u00f1o y su plan de desarrollo por la modificaci\u00f3n al Sistema General de Regal\u00edas, el Gobernador de Nari\u00f1o, Jhon Rojas, anunci\u00f3 que su administraci\u00f3n buscar\u00e1 alternativas para la financiaci\u00f3n de los compromisos asumidos en el Plan. Por ello mencion\u00f3 que est\u00e1 en di\u00e1logos con entidades para explorar l\u00edneas de cr\u00e9dito, lo cual ser\u00e1 evaluado seg\u00fan la capacidad de endeudamiento del departamento.<\/p>\n<p style=\"text-align: justify;\">Aqu\u00ed puede ver la explicaci\u00f3n dada por el gobernador frente a problem\u00e1tica de reducci\u00f3n de recursos de regal\u00edas y respecto a las \u00a0posibilidades reales de apalancamiento del Plan.<\/p>\n<p><iframe style=\"border: none; overflow: hidden;\" src=\"https:\/\/www.facebook.com\/plugins\/video.php?href=https%3A%2F%2Fwww.facebook.com%2Fpag10com%2Fvideos%2F919210008573987%2F&amp;show_text=0&amp;width=560\" width=\"560\" height=\"315\" frameborder=\"0\" scrolling=\"no\" allowfullscreen=\"allowfullscreen\"><\/iframe><\/p>\n","protected":false},"excerpt":{"rendered":"<p>Ante el impacto negativo en las finanzas que tendr\u00e1 Nari\u00f1o y su plan de desarrollo por la modificaci\u00f3n al Sistema General de Regal\u00edas, el Gobernador de Nari\u00f1o, Jhon Rojas, anunci\u00f3 que su administraci\u00f3n buscar\u00e1 alternativas para la financiaci\u00f3n de los compromisos asumidos en el Plan. Por ello mencion\u00f3 que est\u00e1 en di\u00e1logos con entidades para [&hellip;]<\/p>\n","protected":false},"author":1,"featured_media":23688,"comment_status":"open","ping_status":"open","sticky":false,"template":"","format":"standard","meta":{"footnotes":""},"categories":[13],"tags":[],"class_list":["post-47406","post","type-post","status-publish","format-standard","has-post-thumbnail","hentry","category-economia"],"yoast_head":"<!-- This site is optimized with the Yoast SEO plugin v27.1.1 - https:\/\/yoast.com\/product\/yoast-seo-wordpress\/ -->\n<title>Gobernaci\u00f3n de Nari\u00f1o acudir\u00e1 al cr\u00e9dito para financiar el plan de desarrollo. | P\u00e1gina10<\/title>\n<meta name=\"robots\" content=\"index, follow, max-snippet:-1, max-image-preview:large, max-video-preview:-1\" \/>\n<link rel=\"canonical\" href=\"https:\/\/pagina10.com\/web\/gobernacion-de-narino-acudira-al-credito-para-financiar-el-plan-de-desarrollo\/\" \/>\n<meta property=\"og:locale\" content=\"es_ES\" \/>\n<meta property=\"og:type\" content=\"article\" \/>\n<meta property=\"og:title\" content=\"Gobernaci\u00f3n de Nari\u00f1o acudir\u00e1 al cr\u00e9dito para financiar el plan de desarrollo. | P\u00e1gina10\" \/>\n<meta property=\"og:description\" content=\"Ante el impacto negativo en las finanzas que tendr\u00e1 Nari\u00f1o y su plan de desarrollo por la modificaci\u00f3n al Sistema General de Regal\u00edas, el Gobernador de Nari\u00f1o, Jhon Rojas, anunci\u00f3 que su administraci\u00f3n buscar\u00e1 alternativas para la financiaci\u00f3n de los compromisos asumidos en el Plan. Por ello mencion\u00f3 que est\u00e1 en di\u00e1logos con entidades para [&hellip;]\" \/>\n<meta property=\"og:url\" content=\"https:\/\/pagina10.com\/web\/gobernacion-de-narino-acudira-al-credito-para-financiar-el-plan-de-desarrollo\/\" \/>\n<meta property=\"og:site_name\" content=\"P\u00e1gina10\" \/>\n<meta property=\"article:publisher\" content=\"https:\/\/www.facebook.com\/pag10com\" \/>\n<meta property=\"article:published_time\" content=\"2020-09-13T22:15:49+00:00\" \/>\n<meta property=\"article:modified_time\" content=\"2020-09-13T22:19:01+00:00\" \/>\n<meta property=\"og:image\" content=\"https:\/\/pagina10.com\/web\/wp-content\/uploads\/2017\/06\/gobernacion-de-NAri\u00f1o....jpg\" \/>\n\t<meta property=\"og:image:width\" content=\"550\" \/>\n\t<meta property=\"og:image:height\" content=\"352\" \/>\n\t<meta property=\"og:image:type\" content=\"image\/jpeg\" \/>\n<meta name=\"author\" content=\"P\u00e1gina 10\" \/>\n<meta name=\"twitter:card\" content=\"summary_large_image\" \/>\n<meta name=\"twitter:creator\" content=\"@Pag10com\" \/>\n<meta name=\"twitter:site\" content=\"@Pag10com\" \/>\n<meta name=\"twitter:label1\" content=\"Escrito por\" \/>\n\t<meta name=\"twitter:data1\" content=\"P\u00e1gina 10\" \/>\n\t<meta name=\"twitter:label2\" content=\"Tiempo de lectura\" \/>\n\t<meta name=\"twitter:data2\" content=\"1 minuto\" \/>\n<script type=\"application\/ld+json\" class=\"yoast-schema-graph\">{\"@context\":\"https:\/\/schema.org\",\"@graph\":[{\"@type\":\"Article\",\"@id\":\"https:\/\/pagina10.com\/web\/gobernacion-de-narino-acudira-al-credito-para-financiar-el-plan-de-desarrollo\/#article\",\"isPartOf\":{\"@id\":\"https:\/\/pagina10.com\/web\/gobernacion-de-narino-acudira-al-credito-para-financiar-el-plan-de-desarrollo\/\"},\"author\":{\"name\":\"P\u00e1gina 10\",\"@id\":\"https:\/\/pagina10.com\/web\/#\/schema\/person\/2efc4a090d25b667d3bc796798a3a81b\"},\"headline\":\"Gobernaci\u00f3n de Nari\u00f1o acudir\u00e1 al cr\u00e9dito para financiar el plan de desarrollo.\",\"datePublished\":\"2020-09-13T22:15:49+00:00\",\"dateModified\":\"2020-09-13T22:19:01+00:00\",\"mainEntityOfPage\":{\"@id\":\"https:\/\/pagina10.com\/web\/gobernacion-de-narino-acudira-al-credito-para-financiar-el-plan-de-desarrollo\/\"},\"wordCount\":127,\"commentCount\":0,\"publisher\":{\"@id\":\"https:\/\/pagina10.com\/web\/#organization\"},\"image\":{\"@id\":\"https:\/\/pagina10.com\/web\/gobernacion-de-narino-acudira-al-credito-para-financiar-el-plan-de-desarrollo\/#primaryimage\"},\"thumbnailUrl\":\"https:\/\/pagina10.com\/web\/wp-content\/uploads\/2017\/06\/gobernacion-de-NAri\u00f1o....jpg\",\"articleSection\":[\"Econom\u00eda\"],\"inLanguage\":\"es\",\"potentialAction\":[{\"@type\":\"CommentAction\",\"name\":\"Comment\",\"target\":[\"https:\/\/pagina10.com\/web\/gobernacion-de-narino-acudira-al-credito-para-financiar-el-plan-de-desarrollo\/#respond\"]}]},{\"@type\":\"WebPage\",\"@id\":\"https:\/\/pagina10.com\/web\/gobernacion-de-narino-acudira-al-credito-para-financiar-el-plan-de-desarrollo\/\",\"url\":\"https:\/\/pagina10.com\/web\/gobernacion-de-narino-acudira-al-credito-para-financiar-el-plan-de-desarrollo\/\",\"name\":\"Gobernaci\u00f3n de Nari\u00f1o acudir\u00e1 al cr\u00e9dito para financiar el plan de desarrollo. | P\u00e1gina10\",\"isPartOf\":{\"@id\":\"https:\/\/pagina10.com\/web\/#website\"},\"primaryImageOfPage\":{\"@id\":\"https:\/\/pagina10.com\/web\/gobernacion-de-narino-acudira-al-credito-para-financiar-el-plan-de-desarrollo\/#primaryimage\"},\"image\":{\"@id\":\"https:\/\/pagina10.com\/web\/gobernacion-de-narino-acudira-al-credito-para-financiar-el-plan-de-desarrollo\/#primaryimage\"},\"thumbnailUrl\":\"https:\/\/pagina10.com\/web\/wp-content\/uploads\/2017\/06\/gobernacion-de-NAri\u00f1o....jpg\",\"datePublished\":\"2020-09-13T22:15:49+00:00\",\"dateModified\":\"2020-09-13T22:19:01+00:00\",\"breadcrumb\":{\"@id\":\"https:\/\/pagina10.com\/web\/gobernacion-de-narino-acudira-al-credito-para-financiar-el-plan-de-desarrollo\/#breadcrumb\"},\"inLanguage\":\"es\",\"potentialAction\":[{\"@type\":\"ReadAction\",\"target\":[\"https:\/\/pagina10.com\/web\/gobernacion-de-narino-acudira-al-credito-para-financiar-el-plan-de-desarrollo\/\"]}]},{\"@type\":\"ImageObject\",\"inLanguage\":\"es\",\"@id\":\"https:\/\/pagina10.com\/web\/gobernacion-de-narino-acudira-al-credito-para-financiar-el-plan-de-desarrollo\/#primaryimage\",\"url\":\"https:\/\/pagina10.com\/web\/wp-content\/uploads\/2017\/06\/gobernacion-de-NAri\u00f1o....jpg\",\"contentUrl\":\"https:\/\/pagina10.com\/web\/wp-content\/uploads\/2017\/06\/gobernacion-de-NAri\u00f1o....jpg\",\"width\":550,\"height\":352},{\"@type\":\"BreadcrumbList\",\"@id\":\"https:\/\/pagina10.com\/web\/gobernacion-de-narino-acudira-al-credito-para-financiar-el-plan-de-desarrollo\/#breadcrumb\",\"itemListElement\":[{\"@type\":\"ListItem\",\"position\":1,\"name\":\"Portada\",\"item\":\"https:\/\/pagina10.com\/web\/\"},{\"@type\":\"ListItem\",\"position\":2,\"name\":\"Gobernaci\u00f3n de Nari\u00f1o acudir\u00e1 al cr\u00e9dito para financiar el plan de desarrollo.\"}]},{\"@type\":\"WebSite\",\"@id\":\"https:\/\/pagina10.com\/web\/#website\",\"url\":\"https:\/\/pagina10.com\/web\/\",\"name\":\"P\u00e1gina10\",\"description\":\"Peri\u00f3dico Regional\",\"publisher\":{\"@id\":\"https:\/\/pagina10.com\/web\/#organization\"},\"alternateName\":\"P\u00e1gina10 Peri\u00f3dico Regional\",\"potentialAction\":[{\"@type\":\"SearchAction\",\"target\":{\"@type\":\"EntryPoint\",\"urlTemplate\":\"https:\/\/pagina10.com\/web\/?s={search_term_string}\"},\"query-input\":{\"@type\":\"PropertyValueSpecification\",\"valueRequired\":true,\"valueName\":\"search_term_string\"}}],\"inLanguage\":\"es\"},{\"@type\":\"Organization\",\"@id\":\"https:\/\/pagina10.com\/web\/#organization\",\"name\":\"P\u00e1gina10\",\"alternateName\":\"P\u00e1gina10 Peri\u00f3dico Regional\",\"url\":\"https:\/\/pagina10.com\/web\/\",\"logo\":{\"@type\":\"ImageObject\",\"inLanguage\":\"es\",\"@id\":\"https:\/\/pagina10.com\/web\/#\/schema\/logo\/image\/\",\"url\":\"https:\/\/pagina10.com\/web\/wp-content\/uploads\/2024\/01\/40-pagina-10-periodico-regional-pasto.jpg\",\"contentUrl\":\"https:\/\/pagina10.com\/web\/wp-content\/uploads\/2024\/01\/40-pagina-10-periodico-regional-pasto.jpg\",\"width\":1280,\"height\":720,\"caption\":\"P\u00e1gina10\"},\"image\":{\"@id\":\"https:\/\/pagina10.com\/web\/#\/schema\/logo\/image\/\"},\"sameAs\":[\"https:\/\/www.facebook.com\/pag10com\",\"https:\/\/x.com\/Pag10com\",\"https:\/\/www.instagram.com\/pagina10col\/\",\"https:\/\/youtube.com\/channel\/pag10\",\"https:\/\/www.tiktok.com\/@p10col\"]},{\"@type\":\"Person\",\"@id\":\"https:\/\/pagina10.com\/web\/#\/schema\/person\/2efc4a090d25b667d3bc796798a3a81b\",\"name\":\"P\u00e1gina 10\",\"description\":\"P\u00e1gina 10 es un peri\u00f3dico regional que nace en Colombia, en el departamento de Nari\u00f1o, con un enfoque global, fundamentado en cuatro pilares esenciales: la libertad, el pluralismo, la inclusi\u00f3n y la independencia. P\u00e1gina 10 hace referencia a Nari\u00f1o como el d\u00e9cimo departamento creado en Colombia, despu\u00e9s de un proceso pol\u00edtico liderado por actores y actrices regionales con el fin de obtener la independencia y autonom\u00eda de nuestros territorios. Con la creaci\u00f3n de P\u00e1gina 10 se pretende abrir un escenario para el dialogo, la reflexi\u00f3n y el debate que se extienda a otras geograf\u00edas de Am\u00e9rica Latina y del planeta, en una apuesta por transformar colectivamente los desaf\u00edos de un mundo contempor\u00e1neo, m\u00e1s all\u00e1 de las fronteras impuestas.\",\"url\":\"https:\/\/pagina10.com\/web\/author\/pdiezadmin\/\"}]}<\/script>\n<!-- \/ Yoast SEO plugin. -->","yoast_head_json":{"title":"Gobernaci\u00f3n de Nari\u00f1o acudir\u00e1 al cr\u00e9dito para financiar el plan de desarrollo. | P\u00e1gina10","robots":{"index":"index","follow":"follow","max-snippet":"max-snippet:-1","max-image-preview":"max-image-preview:large","max-video-preview":"max-video-preview:-1"},"canonical":"https:\/\/pagina10.com\/web\/gobernacion-de-narino-acudira-al-credito-para-financiar-el-plan-de-desarrollo\/","og_locale":"es_ES","og_type":"article","og_title":"Gobernaci\u00f3n de Nari\u00f1o acudir\u00e1 al cr\u00e9dito para financiar el plan de desarrollo. | P\u00e1gina10","og_description":"Ante el impacto negativo en las finanzas que tendr\u00e1 Nari\u00f1o y su plan de desarrollo por la modificaci\u00f3n al Sistema General de Regal\u00edas, el Gobernador de Nari\u00f1o, Jhon Rojas, anunci\u00f3 que su administraci\u00f3n buscar\u00e1 alternativas para la financiaci\u00f3n de los compromisos asumidos en el Plan. Por ello mencion\u00f3 que est\u00e1 en di\u00e1logos con entidades para [&hellip;]","og_url":"https:\/\/pagina10.com\/web\/gobernacion-de-narino-acudira-al-credito-para-financiar-el-plan-de-desarrollo\/","og_site_name":"P\u00e1gina10","article_publisher":"https:\/\/www.facebook.com\/pag10com","article_published_time":"2020-09-13T22:15:49+00:00","article_modified_time":"2020-09-13T22:19:01+00:00","og_image":[{"width":550,"height":352,"url":"https:\/\/pagina10.com\/web\/wp-content\/uploads\/2017\/06\/gobernacion-de-NAri\u00f1o....jpg","type":"image\/jpeg"}],"author":"P\u00e1gina 10","twitter_card":"summary_large_image","twitter_creator":"@Pag10com","twitter_site":"@Pag10com","twitter_misc":{"Escrito por":"P\u00e1gina 10","Tiempo de lectura":"1 minuto"},"schema":{"@context":"https:\/\/schema.org","@graph":[{"@type":"Article","@id":"https:\/\/pagina10.com\/web\/gobernacion-de-narino-acudira-al-credito-para-financiar-el-plan-de-desarrollo\/#article","isPartOf":{"@id":"https:\/\/pagina10.com\/web\/gobernacion-de-narino-acudira-al-credito-para-financiar-el-plan-de-desarrollo\/"},"author":{"name":"P\u00e1gina 10","@id":"https:\/\/pagina10.com\/web\/#\/schema\/person\/2efc4a090d25b667d3bc796798a3a81b"},"headline":"Gobernaci\u00f3n de Nari\u00f1o acudir\u00e1 al cr\u00e9dito para financiar el plan de desarrollo.","datePublished":"2020-09-13T22:15:49+00:00","dateModified":"2020-09-13T22:19:01+00:00","mainEntityOfPage":{"@id":"https:\/\/pagina10.com\/web\/gobernacion-de-narino-acudira-al-credito-para-financiar-el-plan-de-desarrollo\/"},"wordCount":127,"commentCount":0,"publisher":{"@id":"https:\/\/pagina10.com\/web\/#organization"},"image":{"@id":"https:\/\/pagina10.com\/web\/gobernacion-de-narino-acudira-al-credito-para-financiar-el-plan-de-desarrollo\/#primaryimage"},"thumbnailUrl":"https:\/\/pagina10.com\/web\/wp-content\/uploads\/2017\/06\/gobernacion-de-NAri\u00f1o....jpg","articleSection":["Econom\u00eda"],"inLanguage":"es","potentialAction":[{"@type":"CommentAction","name":"Comment","target":["https:\/\/pagina10.com\/web\/gobernacion-de-narino-acudira-al-credito-para-financiar-el-plan-de-desarrollo\/#respond"]}]},{"@type":"WebPage","@id":"https:\/\/pagina10.com\/web\/gobernacion-de-narino-acudira-al-credito-para-financiar-el-plan-de-desarrollo\/","url":"https:\/\/pagina10.com\/web\/gobernacion-de-narino-acudira-al-credito-para-financiar-el-plan-de-desarrollo\/","name":"Gobernaci\u00f3n de Nari\u00f1o acudir\u00e1 al cr\u00e9dito para financiar el plan de desarrollo. | P\u00e1gina10","isPartOf":{"@id":"https:\/\/pagina10.com\/web\/#website"},"primaryImageOfPage":{"@id":"https:\/\/pagina10.com\/web\/gobernacion-de-narino-acudira-al-credito-para-financiar-el-plan-de-desarrollo\/#primaryimage"},"image":{"@id":"https:\/\/pagina10.com\/web\/gobernacion-de-narino-acudira-al-credito-para-financiar-el-plan-de-desarrollo\/#primaryimage"},"thumbnailUrl":"https:\/\/pagina10.com\/web\/wp-content\/uploads\/2017\/06\/gobernacion-de-NAri\u00f1o....jpg","datePublished":"2020-09-13T22:15:49+00:00","dateModified":"2020-09-13T22:19:01+00:00","breadcrumb":{"@id":"https:\/\/pagina10.com\/web\/gobernacion-de-narino-acudira-al-credito-para-financiar-el-plan-de-desarrollo\/#breadcrumb"},"inLanguage":"es","potentialAction":[{"@type":"ReadAction","target":["https:\/\/pagina10.com\/web\/gobernacion-de-narino-acudira-al-credito-para-financiar-el-plan-de-desarrollo\/"]}]},{"@type":"ImageObject","inLanguage":"es","@id":"https:\/\/pagina10.com\/web\/gobernacion-de-narino-acudira-al-credito-para-financiar-el-plan-de-desarrollo\/#primaryimage","url":"https:\/\/pagina10.com\/web\/wp-content\/uploads\/2017\/06\/gobernacion-de-NAri\u00f1o....jpg","contentUrl":"https:\/\/pagina10.com\/web\/wp-content\/uploads\/2017\/06\/gobernacion-de-NAri\u00f1o....jpg","width":550,"height":352},{"@type":"BreadcrumbList","@id":"https:\/\/pagina10.com\/web\/gobernacion-de-narino-acudira-al-credito-para-financiar-el-plan-de-desarrollo\/#breadcrumb","itemListElement":[{"@type":"ListItem","position":1,"name":"Portada","item":"https:\/\/pagina10.com\/web\/"},{"@type":"ListItem","position":2,"name":"Gobernaci\u00f3n de Nari\u00f1o acudir\u00e1 al cr\u00e9dito para financiar el plan de desarrollo."}]},{"@type":"WebSite","@id":"https:\/\/pagina10.com\/web\/#website","url":"https:\/\/pagina10.com\/web\/","name":"P\u00e1gina10","description":"Peri\u00f3dico Regional","publisher":{"@id":"https:\/\/pagina10.com\/web\/#organization"},"alternateName":"P\u00e1gina10 Peri\u00f3dico Regional","potentialAction":[{"@type":"SearchAction","target":{"@type":"EntryPoint","urlTemplate":"https:\/\/pagina10.com\/web\/?s={search_term_string}"},"query-input":{"@type":"PropertyValueSpecification","valueRequired":true,"valueName":"search_term_string"}}],"inLanguage":"es"},{"@type":"Organization","@id":"https:\/\/pagina10.com\/web\/#organization","name":"P\u00e1gina10","alternateName":"P\u00e1gina10 Peri\u00f3dico Regional","url":"https:\/\/pagina10.com\/web\/","logo":{"@type":"ImageObject","inLanguage":"es","@id":"https:\/\/pagina10.com\/web\/#\/schema\/logo\/image\/","url":"https:\/\/pagina10.com\/web\/wp-content\/uploads\/2024\/01\/40-pagina-10-periodico-regional-pasto.jpg","contentUrl":"https:\/\/pagina10.com\/web\/wp-content\/uploads\/2024\/01\/40-pagina-10-periodico-regional-pasto.jpg","width":1280,"height":720,"caption":"P\u00e1gina10"},"image":{"@id":"https:\/\/pagina10.com\/web\/#\/schema\/logo\/image\/"},"sameAs":["https:\/\/www.facebook.com\/pag10com","https:\/\/x.com\/Pag10com","https:\/\/www.instagram.com\/pagina10col\/","https:\/\/youtube.com\/channel\/pag10","https:\/\/www.tiktok.com\/@p10col"]},{"@type":"Person","@id":"https:\/\/pagina10.com\/web\/#\/schema\/person\/2efc4a090d25b667d3bc796798a3a81b","name":"P\u00e1gina 10","description":"P\u00e1gina 10 es un peri\u00f3dico regional que nace en Colombia, en el departamento de Nari\u00f1o, con un enfoque global, fundamentado en cuatro pilares esenciales: la libertad, el pluralismo, la inclusi\u00f3n y la independencia. P\u00e1gina 10 hace referencia a Nari\u00f1o como el d\u00e9cimo departamento creado en Colombia, despu\u00e9s de un proceso pol\u00edtico liderado por actores y actrices regionales con el fin de obtener la independencia y autonom\u00eda de nuestros territorios. Con la creaci\u00f3n de P\u00e1gina 10 se pretende abrir un escenario para el dialogo, la reflexi\u00f3n y el debate que se extienda a otras geograf\u00edas de Am\u00e9rica Latina y del planeta, en una apuesta por transformar colectivamente los desaf\u00edos de un mundo contempor\u00e1neo, m\u00e1s all\u00e1 de las fronteras impuestas.","url":"https:\/\/pagina10.com\/web\/author\/pdiezadmin\/"}]}},"_links":{"self":[{"href":"https:\/\/pagina10.com\/web\/wp-json\/wp\/v2\/posts\/47406","targetHints":{"allow":["GET"]}}],"collection":[{"href":"https:\/\/pagina10.com\/web\/wp-json\/wp\/v2\/posts"}],"about":[{"href":"https:\/\/pagina10.com\/web\/wp-json\/wp\/v2\/types\/post"}],"author":[{"embeddable":true,"href":"https:\/\/pagina10.com\/web\/wp-json\/wp\/v2\/users\/1"}],"replies":[{"embeddable":true,"href":"https:\/\/pagina10.com\/web\/wp-json\/wp\/v2\/comments?post=47406"}],"version-history":[{"count":2,"href":"https:\/\/pagina10.com\/web\/wp-json\/wp\/v2\/posts\/47406\/revisions"}],"predecessor-version":[{"id":47408,"href":"https:\/\/pagina10.com\/web\/wp-json\/wp\/v2\/posts\/47406\/revisions\/47408"}],"wp:featuredmedia":[{"embeddable":true,"href":"https:\/\/pagina10.com\/web\/wp-json\/wp\/v2\/media\/23688"}],"wp:attachment":[{"href":"https:\/\/pagina10.com\/web\/wp-json\/wp\/v2\/media?parent=47406"}],"wp:term":[{"taxonomy":"category","embeddable":true,"href":"https:\/\/pagina10.com\/web\/wp-json\/wp\/v2\/categories?post=47406"},{"taxonomy":"post_tag","embeddable":true,"href":"https:\/\/pagina10.com\/web\/wp-json\/wp\/v2\/tags?post=47406"}],"curies":[{"name":"wp","href":"https:\/\/api.w.org\/{rel}","templated":true}]}}