{"id":47560,"date":"2020-09-25T19:16:42","date_gmt":"2020-09-25T19:16:42","guid":{"rendered":"https:\/\/pagina10.com\/web\/?p=47560"},"modified":"2020-09-25T19:16:42","modified_gmt":"2020-09-25T19:16:42","slug":"todo-se-lo-debo-al-deportivo-pasto-jorge-la-brocha-vidal","status":"publish","type":"post","link":"https:\/\/pagina10.com\/web\/todo-se-lo-debo-al-deportivo-pasto-jorge-la-brocha-vidal\/","title":{"rendered":"\u201cTodo se lo debo al Deportivo Pasto\u201d: Jorge \u201cLa Brocha\u201d Vidal"},"content":{"rendered":"<p style=\"text-align: justify;\">\u201cEs el gol m\u00e1s importante de mi carrera deportiva\u201d, dice Jorge \u201cLa Brocha\u201d Vidal quien estudi\u00f3 en el colegio San Juan Bosco de Pasto y debut\u00f3 con Millonarios en 1995 y convirti\u00f3 el gol con que el Deportivo Pasto se coron\u00f3 campe\u00f3n del f\u00fatbol profesional colombiano en el a\u00f1o 2006.<\/p>\n<p style=\"text-align: justify;\">Dice que su formaci\u00f3n deportiva inicio en campeonatos intercolegiados, la Selecci\u00f3n Nari\u00f1o y la Primera C, con el Deportivo Pasto. Ten\u00eda un equipo de amigos en el Parque Bol\u00edvar de la capital nari\u00f1ense con quienes comenz\u00f3 a practicar microf\u00fatbol destac\u00e1ndose por sus capacidades individuales.<\/p>\n<p style=\"text-align: justify;\">Su paso por el f\u00fatbol colombiano comprende equipos como Independiente Medell\u00edn, Santa Fe, Once Caldas, Atl\u00e9tico Huila, el ya referido Millonarios y el Deportes Tolima, entre otros. Fue precisamente en un partido contra el Deportes Tolima que debut\u00f3 en el f\u00fatbol profesional del pa\u00eds. \u201cJugu\u00e9 el segundo tiempo donde tuve un buen desempe\u00f1o y Millonarios sac\u00f3 una victoria de 2 a 1\u201d, dice el deportista.<\/p>\n<p style=\"text-align: justify;\">En relaci\u00f3n con el Deportivo Pasto, agrega que es el equipo al que le debe todo, pues lo hizo conocer profesionalmente y \u00e9l supo devolverle ese favor con una anotaci\u00f3n hist\u00f3rica en el 2006, cuando afirmaban que eran jugadores de mont\u00f3n y conformaron un equipo humilde, pero bastante unido y trabajador que logr\u00f3 disputar los primeros puestos, haci\u00e9ndose imbatibles en el estadio de la capital nari\u00f1ense.<\/p>\n<p style=\"text-align: justify;\">La n\u00f3mina del Deportivo Cali, contra quien disputaron la final del 2006, era much\u00edsimo m\u00e1s costosa y, por nombres, se supon\u00eda superior al equipo del sur del pa\u00eds. Sin embargo, Deportivo Pasto se impuso en Cali con un gol del paraguayo Carlos Villagra y, ya en Pasto, el gol que ratific\u00f3 el t\u00edtulo lo convirti\u00f3 Jorge \u201cLa Brocha\u201d Vidal, una anotaci\u00f3n que permanece en la retina del pueblo nari\u00f1ense.<\/p>\n<p style=\"text-align: justify;\">\u201cEl estadio lleno con la familia, los amigos, es un lindo recuerdo, emocionante; el gol, despu\u00e9s de que el bal\u00f3n pega en el cuerpo de Villagra, me queda el revote y logro contactarlo con la pierna izquierda, es el gol m\u00e1s importante de mi carrera profesional\u201d, enfatiza.<\/p>\n<p style=\"text-align: justify;\">Afirma que todo se lo debe al f\u00fatbol, los amigos, la estabilidad econ\u00f3mica, el reconocimiento y, por eso, busca que su trabajo permita formar a nuevos deportistas y ojal\u00e1 proyectarlos en una disciplina que les permita crecer como personas integras y comprometidas con la vida ciudadana.<\/p>\n<p style=\"text-align: justify;\">Hoy Jorge Vidal coordina un \u00e1rea del deporte contratado por la Gobernaci\u00f3n de Nari\u00f1o y es un s\u00edmbolo y orgullo del deporte nari\u00f1ense, tierra de estupendos futbolistas como Willington Ortiz, Carlos Estrada, Pablo Armero y L\u00e9ider Calimenio Preciado, entre otros.<\/p>\n","protected":false},"excerpt":{"rendered":"<p>\u201cEs el gol m\u00e1s importante de mi carrera deportiva\u201d, dice Jorge \u201cLa Brocha\u201d Vidal quien estudi\u00f3 en el colegio San Juan Bosco de Pasto y debut\u00f3 con Millonarios en 1995 y convirti\u00f3 el gol con que el Deportivo Pasto se coron\u00f3 campe\u00f3n del f\u00fatbol profesional colombiano en el a\u00f1o 2006. Dice que su formaci\u00f3n deportiva [&hellip;]<\/p>\n","protected":false},"author":17,"featured_media":47561,"comment_status":"open","ping_status":"open","sticky":false,"template":"","format":"standard","meta":{"footnotes":""},"categories":[86],"tags":[],"class_list":["post-47560","post","type-post","status-publish","format-standard","has-post-thumbnail","hentry","category-deportes-2"],"yoast_head":"<!-- This site is optimized with the Yoast SEO plugin v27.1.1 - https:\/\/yoast.com\/product\/yoast-seo-wordpress\/ -->\n<title>\u201cTodo se lo debo al Deportivo Pasto\u201d: Jorge \u201cLa Brocha\u201d Vidal | P\u00e1gina10<\/title>\n<meta name=\"robots\" content=\"index, follow, max-snippet:-1, max-image-preview:large, max-video-preview:-1\" \/>\n<link rel=\"canonical\" href=\"https:\/\/pagina10.com\/web\/todo-se-lo-debo-al-deportivo-pasto-jorge-la-brocha-vidal\/\" \/>\n<meta property=\"og:locale\" content=\"es_ES\" \/>\n<meta property=\"og:type\" content=\"article\" \/>\n<meta property=\"og:title\" content=\"\u201cTodo se lo debo al Deportivo Pasto\u201d: Jorge \u201cLa Brocha\u201d Vidal | P\u00e1gina10\" \/>\n<meta property=\"og:description\" content=\"\u201cEs el gol m\u00e1s importante de mi carrera deportiva\u201d, dice Jorge \u201cLa Brocha\u201d Vidal quien estudi\u00f3 en el colegio San Juan Bosco de Pasto y debut\u00f3 con Millonarios en 1995 y convirti\u00f3 el gol con que el Deportivo Pasto se coron\u00f3 campe\u00f3n del f\u00fatbol profesional colombiano en el a\u00f1o 2006. Dice que su formaci\u00f3n deportiva [&hellip;]\" \/>\n<meta property=\"og:url\" content=\"https:\/\/pagina10.com\/web\/todo-se-lo-debo-al-deportivo-pasto-jorge-la-brocha-vidal\/\" \/>\n<meta property=\"og:site_name\" content=\"P\u00e1gina10\" \/>\n<meta property=\"article:publisher\" content=\"https:\/\/www.facebook.com\/pag10com\" \/>\n<meta property=\"article:published_time\" content=\"2020-09-25T19:16:42+00:00\" \/>\n<meta property=\"og:image\" content=\"https:\/\/pagina10.com\/web\/wp-content\/uploads\/2020\/09\/Captura-de-Pantalla-2020-09-25-a-las-2.14.30-p.-m..png\" \/>\n\t<meta property=\"og:image:width\" content=\"481\" \/>\n\t<meta property=\"og:image:height\" content=\"307\" \/>\n\t<meta property=\"og:image:type\" content=\"image\/png\" \/>\n<meta name=\"author\" content=\"Albeiro Arciniegas\" \/>\n<meta name=\"twitter:card\" content=\"summary_large_image\" \/>\n<meta name=\"twitter:creator\" content=\"@Pag10com\" \/>\n<meta name=\"twitter:site\" content=\"@Pag10com\" \/>\n<meta name=\"twitter:label1\" content=\"Escrito por\" \/>\n\t<meta name=\"twitter:data1\" content=\"Albeiro Arciniegas\" \/>\n\t<meta name=\"twitter:label2\" content=\"Tiempo de lectura\" \/>\n\t<meta name=\"twitter:data2\" content=\"2 minutos\" \/>\n<script type=\"application\/ld+json\" class=\"yoast-schema-graph\">{\"@context\":\"https:\/\/schema.org\",\"@graph\":[{\"@type\":\"Article\",\"@id\":\"https:\/\/pagina10.com\/web\/todo-se-lo-debo-al-deportivo-pasto-jorge-la-brocha-vidal\/#article\",\"isPartOf\":{\"@id\":\"https:\/\/pagina10.com\/web\/todo-se-lo-debo-al-deportivo-pasto-jorge-la-brocha-vidal\/\"},\"author\":{\"name\":\"Albeiro Arciniegas\",\"@id\":\"https:\/\/pagina10.com\/web\/#\/schema\/person\/334a167008451d8dce4633b56c1082b8\"},\"headline\":\"\u201cTodo se lo debo al Deportivo Pasto\u201d: Jorge \u201cLa Brocha\u201d Vidal\",\"datePublished\":\"2020-09-25T19:16:42+00:00\",\"mainEntityOfPage\":{\"@id\":\"https:\/\/pagina10.com\/web\/todo-se-lo-debo-al-deportivo-pasto-jorge-la-brocha-vidal\/\"},\"wordCount\":474,\"commentCount\":0,\"publisher\":{\"@id\":\"https:\/\/pagina10.com\/web\/#organization\"},\"image\":{\"@id\":\"https:\/\/pagina10.com\/web\/todo-se-lo-debo-al-deportivo-pasto-jorge-la-brocha-vidal\/#primaryimage\"},\"thumbnailUrl\":\"https:\/\/pagina10.com\/web\/wp-content\/uploads\/2020\/09\/Captura-de-Pantalla-2020-09-25-a-las-2.14.30-p.-m..png\",\"articleSection\":[\"Deportes\"],\"inLanguage\":\"es\",\"potentialAction\":[{\"@type\":\"CommentAction\",\"name\":\"Comment\",\"target\":[\"https:\/\/pagina10.com\/web\/todo-se-lo-debo-al-deportivo-pasto-jorge-la-brocha-vidal\/#respond\"]}]},{\"@type\":\"WebPage\",\"@id\":\"https:\/\/pagina10.com\/web\/todo-se-lo-debo-al-deportivo-pasto-jorge-la-brocha-vidal\/\",\"url\":\"https:\/\/pagina10.com\/web\/todo-se-lo-debo-al-deportivo-pasto-jorge-la-brocha-vidal\/\",\"name\":\"\u201cTodo se lo debo al Deportivo Pasto\u201d: Jorge \u201cLa Brocha\u201d Vidal | P\u00e1gina10\",\"isPartOf\":{\"@id\":\"https:\/\/pagina10.com\/web\/#website\"},\"primaryImageOfPage\":{\"@id\":\"https:\/\/pagina10.com\/web\/todo-se-lo-debo-al-deportivo-pasto-jorge-la-brocha-vidal\/#primaryimage\"},\"image\":{\"@id\":\"https:\/\/pagina10.com\/web\/todo-se-lo-debo-al-deportivo-pasto-jorge-la-brocha-vidal\/#primaryimage\"},\"thumbnailUrl\":\"https:\/\/pagina10.com\/web\/wp-content\/uploads\/2020\/09\/Captura-de-Pantalla-2020-09-25-a-las-2.14.30-p.-m..png\",\"datePublished\":\"2020-09-25T19:16:42+00:00\",\"breadcrumb\":{\"@id\":\"https:\/\/pagina10.com\/web\/todo-se-lo-debo-al-deportivo-pasto-jorge-la-brocha-vidal\/#breadcrumb\"},\"inLanguage\":\"es\",\"potentialAction\":[{\"@type\":\"ReadAction\",\"target\":[\"https:\/\/pagina10.com\/web\/todo-se-lo-debo-al-deportivo-pasto-jorge-la-brocha-vidal\/\"]}]},{\"@type\":\"ImageObject\",\"inLanguage\":\"es\",\"@id\":\"https:\/\/pagina10.com\/web\/todo-se-lo-debo-al-deportivo-pasto-jorge-la-brocha-vidal\/#primaryimage\",\"url\":\"https:\/\/pagina10.com\/web\/wp-content\/uploads\/2020\/09\/Captura-de-Pantalla-2020-09-25-a-las-2.14.30-p.-m..png\",\"contentUrl\":\"https:\/\/pagina10.com\/web\/wp-content\/uploads\/2020\/09\/Captura-de-Pantalla-2020-09-25-a-las-2.14.30-p.-m..png\",\"width\":481,\"height\":307},{\"@type\":\"BreadcrumbList\",\"@id\":\"https:\/\/pagina10.com\/web\/todo-se-lo-debo-al-deportivo-pasto-jorge-la-brocha-vidal\/#breadcrumb\",\"itemListElement\":[{\"@type\":\"ListItem\",\"position\":1,\"name\":\"Portada\",\"item\":\"https:\/\/pagina10.com\/web\/\"},{\"@type\":\"ListItem\",\"position\":2,\"name\":\"\u201cTodo se lo debo al Deportivo Pasto\u201d: Jorge \u201cLa Brocha\u201d Vidal\"}]},{\"@type\":\"WebSite\",\"@id\":\"https:\/\/pagina10.com\/web\/#website\",\"url\":\"https:\/\/pagina10.com\/web\/\",\"name\":\"P\u00e1gina10\",\"description\":\"Peri\u00f3dico Regional\",\"publisher\":{\"@id\":\"https:\/\/pagina10.com\/web\/#organization\"},\"alternateName\":\"P\u00e1gina10 Peri\u00f3dico Regional\",\"potentialAction\":[{\"@type\":\"SearchAction\",\"target\":{\"@type\":\"EntryPoint\",\"urlTemplate\":\"https:\/\/pagina10.com\/web\/?s={search_term_string}\"},\"query-input\":{\"@type\":\"PropertyValueSpecification\",\"valueRequired\":true,\"valueName\":\"search_term_string\"}}],\"inLanguage\":\"es\"},{\"@type\":\"Organization\",\"@id\":\"https:\/\/pagina10.com\/web\/#organization\",\"name\":\"P\u00e1gina10\",\"alternateName\":\"P\u00e1gina10 Peri\u00f3dico Regional\",\"url\":\"https:\/\/pagina10.com\/web\/\",\"logo\":{\"@type\":\"ImageObject\",\"inLanguage\":\"es\",\"@id\":\"https:\/\/pagina10.com\/web\/#\/schema\/logo\/image\/\",\"url\":\"https:\/\/pagina10.com\/web\/wp-content\/uploads\/2024\/01\/40-pagina-10-periodico-regional-pasto.jpg\",\"contentUrl\":\"https:\/\/pagina10.com\/web\/wp-content\/uploads\/2024\/01\/40-pagina-10-periodico-regional-pasto.jpg\",\"width\":1280,\"height\":720,\"caption\":\"P\u00e1gina10\"},\"image\":{\"@id\":\"https:\/\/pagina10.com\/web\/#\/schema\/logo\/image\/\"},\"sameAs\":[\"https:\/\/www.facebook.com\/pag10com\",\"https:\/\/x.com\/Pag10com\",\"https:\/\/www.instagram.com\/pagina10col\/\",\"https:\/\/youtube.com\/channel\/pag10\",\"https:\/\/www.tiktok.com\/@p10col\"]},{\"@type\":\"Person\",\"@id\":\"https:\/\/pagina10.com\/web\/#\/schema\/person\/334a167008451d8dce4633b56c1082b8\",\"name\":\"Albeiro Arciniegas\",\"description\":\"Escritor. Periodista. Licenciado en Filosof\u00eda y Letras y Mag\u00edster en Etnoliteratura de la Universidad de Nari\u00f1o. Ha publicado dos libros: Los decadentes y otros cuentos, con la Editorial Pre-textos de Valencia, Espa\u00f1a, y 5-12, Operaci\u00f3n Cauterio\/ Los decadentes y otros cuentos, con Ediciones Mascaluna de Medell\u00edn. Ganador del Concurso Nacional de Cuento de la Universidad Metropolitana de Barranquilla, finalista del Concurso de Cuentos \u201cCarlos Castro Saavedra\u201d de Medell\u00edn y ganador del Concurso Nacional de Cuento \u201cNuevo Milenio\u201d de Pereira. En Espa\u00f1a, gan\u00f3 el Premio Internacional de Libros de Cuentos \u201cManuel Llano\u201d, otorgado por el gobierno de Cantabria. Es el creador del Concurso Internacional de Cuento Ecol\u00f3gico \u201cCiudad de Pupiales\u201d, evento literario que cuenta con la participaci\u00f3n de escritores de los cinco continentes, especialmente de Am\u00e9rica y Europa. Actualmente, inmerso en la preparaci\u00f3n de su primera novela y algunos art\u00edculos de prensa. E-mail: albeiroarciniegas@yahoo.com.ar\",\"url\":\"https:\/\/pagina10.com\/web\/author\/aarciniegas\/\"}]}<\/script>\n<!-- \/ Yoast SEO plugin. -->","yoast_head_json":{"title":"\u201cTodo se lo debo al Deportivo Pasto\u201d: Jorge \u201cLa Brocha\u201d Vidal | P\u00e1gina10","robots":{"index":"index","follow":"follow","max-snippet":"max-snippet:-1","max-image-preview":"max-image-preview:large","max-video-preview":"max-video-preview:-1"},"canonical":"https:\/\/pagina10.com\/web\/todo-se-lo-debo-al-deportivo-pasto-jorge-la-brocha-vidal\/","og_locale":"es_ES","og_type":"article","og_title":"\u201cTodo se lo debo al Deportivo Pasto\u201d: Jorge \u201cLa Brocha\u201d Vidal | P\u00e1gina10","og_description":"\u201cEs el gol m\u00e1s importante de mi carrera deportiva\u201d, dice Jorge \u201cLa Brocha\u201d Vidal quien estudi\u00f3 en el colegio San Juan Bosco de Pasto y debut\u00f3 con Millonarios en 1995 y convirti\u00f3 el gol con que el Deportivo Pasto se coron\u00f3 campe\u00f3n del f\u00fatbol profesional colombiano en el a\u00f1o 2006. Dice que su formaci\u00f3n deportiva [&hellip;]","og_url":"https:\/\/pagina10.com\/web\/todo-se-lo-debo-al-deportivo-pasto-jorge-la-brocha-vidal\/","og_site_name":"P\u00e1gina10","article_publisher":"https:\/\/www.facebook.com\/pag10com","article_published_time":"2020-09-25T19:16:42+00:00","og_image":[{"width":481,"height":307,"url":"https:\/\/pagina10.com\/web\/wp-content\/uploads\/2020\/09\/Captura-de-Pantalla-2020-09-25-a-las-2.14.30-p.-m..png","type":"image\/png"}],"author":"Albeiro Arciniegas","twitter_card":"summary_large_image","twitter_creator":"@Pag10com","twitter_site":"@Pag10com","twitter_misc":{"Escrito por":"Albeiro Arciniegas","Tiempo de lectura":"2 minutos"},"schema":{"@context":"https:\/\/schema.org","@graph":[{"@type":"Article","@id":"https:\/\/pagina10.com\/web\/todo-se-lo-debo-al-deportivo-pasto-jorge-la-brocha-vidal\/#article","isPartOf":{"@id":"https:\/\/pagina10.com\/web\/todo-se-lo-debo-al-deportivo-pasto-jorge-la-brocha-vidal\/"},"author":{"name":"Albeiro Arciniegas","@id":"https:\/\/pagina10.com\/web\/#\/schema\/person\/334a167008451d8dce4633b56c1082b8"},"headline":"\u201cTodo se lo debo al Deportivo Pasto\u201d: Jorge \u201cLa Brocha\u201d Vidal","datePublished":"2020-09-25T19:16:42+00:00","mainEntityOfPage":{"@id":"https:\/\/pagina10.com\/web\/todo-se-lo-debo-al-deportivo-pasto-jorge-la-brocha-vidal\/"},"wordCount":474,"commentCount":0,"publisher":{"@id":"https:\/\/pagina10.com\/web\/#organization"},"image":{"@id":"https:\/\/pagina10.com\/web\/todo-se-lo-debo-al-deportivo-pasto-jorge-la-brocha-vidal\/#primaryimage"},"thumbnailUrl":"https:\/\/pagina10.com\/web\/wp-content\/uploads\/2020\/09\/Captura-de-Pantalla-2020-09-25-a-las-2.14.30-p.-m..png","articleSection":["Deportes"],"inLanguage":"es","potentialAction":[{"@type":"CommentAction","name":"Comment","target":["https:\/\/pagina10.com\/web\/todo-se-lo-debo-al-deportivo-pasto-jorge-la-brocha-vidal\/#respond"]}]},{"@type":"WebPage","@id":"https:\/\/pagina10.com\/web\/todo-se-lo-debo-al-deportivo-pasto-jorge-la-brocha-vidal\/","url":"https:\/\/pagina10.com\/web\/todo-se-lo-debo-al-deportivo-pasto-jorge-la-brocha-vidal\/","name":"\u201cTodo se lo debo al Deportivo Pasto\u201d: Jorge \u201cLa Brocha\u201d Vidal | P\u00e1gina10","isPartOf":{"@id":"https:\/\/pagina10.com\/web\/#website"},"primaryImageOfPage":{"@id":"https:\/\/pagina10.com\/web\/todo-se-lo-debo-al-deportivo-pasto-jorge-la-brocha-vidal\/#primaryimage"},"image":{"@id":"https:\/\/pagina10.com\/web\/todo-se-lo-debo-al-deportivo-pasto-jorge-la-brocha-vidal\/#primaryimage"},"thumbnailUrl":"https:\/\/pagina10.com\/web\/wp-content\/uploads\/2020\/09\/Captura-de-Pantalla-2020-09-25-a-las-2.14.30-p.-m..png","datePublished":"2020-09-25T19:16:42+00:00","breadcrumb":{"@id":"https:\/\/pagina10.com\/web\/todo-se-lo-debo-al-deportivo-pasto-jorge-la-brocha-vidal\/#breadcrumb"},"inLanguage":"es","potentialAction":[{"@type":"ReadAction","target":["https:\/\/pagina10.com\/web\/todo-se-lo-debo-al-deportivo-pasto-jorge-la-brocha-vidal\/"]}]},{"@type":"ImageObject","inLanguage":"es","@id":"https:\/\/pagina10.com\/web\/todo-se-lo-debo-al-deportivo-pasto-jorge-la-brocha-vidal\/#primaryimage","url":"https:\/\/pagina10.com\/web\/wp-content\/uploads\/2020\/09\/Captura-de-Pantalla-2020-09-25-a-las-2.14.30-p.-m..png","contentUrl":"https:\/\/pagina10.com\/web\/wp-content\/uploads\/2020\/09\/Captura-de-Pantalla-2020-09-25-a-las-2.14.30-p.-m..png","width":481,"height":307},{"@type":"BreadcrumbList","@id":"https:\/\/pagina10.com\/web\/todo-se-lo-debo-al-deportivo-pasto-jorge-la-brocha-vidal\/#breadcrumb","itemListElement":[{"@type":"ListItem","position":1,"name":"Portada","item":"https:\/\/pagina10.com\/web\/"},{"@type":"ListItem","position":2,"name":"\u201cTodo se lo debo al Deportivo Pasto\u201d: Jorge \u201cLa Brocha\u201d Vidal"}]},{"@type":"WebSite","@id":"https:\/\/pagina10.com\/web\/#website","url":"https:\/\/pagina10.com\/web\/","name":"P\u00e1gina10","description":"Peri\u00f3dico Regional","publisher":{"@id":"https:\/\/pagina10.com\/web\/#organization"},"alternateName":"P\u00e1gina10 Peri\u00f3dico Regional","potentialAction":[{"@type":"SearchAction","target":{"@type":"EntryPoint","urlTemplate":"https:\/\/pagina10.com\/web\/?s={search_term_string}"},"query-input":{"@type":"PropertyValueSpecification","valueRequired":true,"valueName":"search_term_string"}}],"inLanguage":"es"},{"@type":"Organization","@id":"https:\/\/pagina10.com\/web\/#organization","name":"P\u00e1gina10","alternateName":"P\u00e1gina10 Peri\u00f3dico Regional","url":"https:\/\/pagina10.com\/web\/","logo":{"@type":"ImageObject","inLanguage":"es","@id":"https:\/\/pagina10.com\/web\/#\/schema\/logo\/image\/","url":"https:\/\/pagina10.com\/web\/wp-content\/uploads\/2024\/01\/40-pagina-10-periodico-regional-pasto.jpg","contentUrl":"https:\/\/pagina10.com\/web\/wp-content\/uploads\/2024\/01\/40-pagina-10-periodico-regional-pasto.jpg","width":1280,"height":720,"caption":"P\u00e1gina10"},"image":{"@id":"https:\/\/pagina10.com\/web\/#\/schema\/logo\/image\/"},"sameAs":["https:\/\/www.facebook.com\/pag10com","https:\/\/x.com\/Pag10com","https:\/\/www.instagram.com\/pagina10col\/","https:\/\/youtube.com\/channel\/pag10","https:\/\/www.tiktok.com\/@p10col"]},{"@type":"Person","@id":"https:\/\/pagina10.com\/web\/#\/schema\/person\/334a167008451d8dce4633b56c1082b8","name":"Albeiro Arciniegas","description":"Escritor. Periodista. Licenciado en Filosof\u00eda y Letras y Mag\u00edster en Etnoliteratura de la Universidad de Nari\u00f1o. Ha publicado dos libros: Los decadentes y otros cuentos, con la Editorial Pre-textos de Valencia, Espa\u00f1a, y 5-12, Operaci\u00f3n Cauterio\/ Los decadentes y otros cuentos, con Ediciones Mascaluna de Medell\u00edn. Ganador del Concurso Nacional de Cuento de la Universidad Metropolitana de Barranquilla, finalista del Concurso de Cuentos \u201cCarlos Castro Saavedra\u201d de Medell\u00edn y ganador del Concurso Nacional de Cuento \u201cNuevo Milenio\u201d de Pereira. En Espa\u00f1a, gan\u00f3 el Premio Internacional de Libros de Cuentos \u201cManuel Llano\u201d, otorgado por el gobierno de Cantabria. Es el creador del Concurso Internacional de Cuento Ecol\u00f3gico \u201cCiudad de Pupiales\u201d, evento literario que cuenta con la participaci\u00f3n de escritores de los cinco continentes, especialmente de Am\u00e9rica y Europa. Actualmente, inmerso en la preparaci\u00f3n de su primera novela y algunos art\u00edculos de prensa. E-mail: albeiroarciniegas@yahoo.com.ar","url":"https:\/\/pagina10.com\/web\/author\/aarciniegas\/"}]}},"_links":{"self":[{"href":"https:\/\/pagina10.com\/web\/wp-json\/wp\/v2\/posts\/47560","targetHints":{"allow":["GET"]}}],"collection":[{"href":"https:\/\/pagina10.com\/web\/wp-json\/wp\/v2\/posts"}],"about":[{"href":"https:\/\/pagina10.com\/web\/wp-json\/wp\/v2\/types\/post"}],"author":[{"embeddable":true,"href":"https:\/\/pagina10.com\/web\/wp-json\/wp\/v2\/users\/17"}],"replies":[{"embeddable":true,"href":"https:\/\/pagina10.com\/web\/wp-json\/wp\/v2\/comments?post=47560"}],"version-history":[{"count":1,"href":"https:\/\/pagina10.com\/web\/wp-json\/wp\/v2\/posts\/47560\/revisions"}],"predecessor-version":[{"id":47562,"href":"https:\/\/pagina10.com\/web\/wp-json\/wp\/v2\/posts\/47560\/revisions\/47562"}],"wp:featuredmedia":[{"embeddable":true,"href":"https:\/\/pagina10.com\/web\/wp-json\/wp\/v2\/media\/47561"}],"wp:attachment":[{"href":"https:\/\/pagina10.com\/web\/wp-json\/wp\/v2\/media?parent=47560"}],"wp:term":[{"taxonomy":"category","embeddable":true,"href":"https:\/\/pagina10.com\/web\/wp-json\/wp\/v2\/categories?post=47560"},{"taxonomy":"post_tag","embeddable":true,"href":"https:\/\/pagina10.com\/web\/wp-json\/wp\/v2\/tags?post=47560"}],"curies":[{"name":"wp","href":"https:\/\/api.w.org\/{rel}","templated":true}]}}