{"id":47588,"date":"2020-09-26T23:25:25","date_gmt":"2020-09-26T23:25:25","guid":{"rendered":"https:\/\/pagina10.com\/web\/?p=47588"},"modified":"2020-09-26T23:25:25","modified_gmt":"2020-09-26T23:25:25","slug":"gobierno-nacional-cumple-la-cita-para-avanzar-en-la-doble-calzada-rumichaca-pasto","status":"publish","type":"post","link":"https:\/\/pagina10.com\/web\/gobierno-nacional-cumple-la-cita-para-avanzar-en-la-doble-calzada-rumichaca-pasto\/","title":{"rendered":"Gobierno nacional cumple la cita para avanzar en la Doble calzada Rumichaca-Pasto"},"content":{"rendered":"<p style=\"text-align: justify;\">-El presidente de la ANI y sus vicepresidentes se desplazaron a Ipiales para cumplir citaci\u00f3n del Gobernador de Nari\u00f1o, Jhon Rojas, y del alcalde de Ipiales, Luis Villota, para buscar soluciones y avanzar en la ejecuci\u00f3n de la doble calzada que conectar\u00e1 el sur del pa\u00eds con Ecuador.<\/p>\n<p style=\"text-align: justify;\">-De manera previa se concert\u00f3 la asistencia de los gobernadores del resguardo ind\u00edgena de Ipiales, sin embargo no asistieron al espacio convocado por el Gobernador Jhon Rojas. En todo caso, se mantiene abierta la posibilidad de di\u00e1logo con el Gobierno nacional.<\/p>\n<p style=\"text-align: justify;\">-La primera mesa t\u00e9cnica se realizar\u00e1 en un mes con los equipos t\u00e9cnicos de la regi\u00f3n, la concesi\u00f3n y la ANI. Adem\u00e1s se espera que los l\u00edderes del cabildo ind\u00edgena participen y se realice una construcci\u00f3n conjunta.<\/p>\n<p style=\"text-align: justify;\">El Gobierno nacional, en cabeza de la Agencia Nacional de Infraestructura (ANI), ratific\u00f3 su compromiso con el departamento de Nari\u00f1o y con la ejecuci\u00f3n del proyecto Rumichaca-Pasto, que busca conectar en doble calzada al sur del pa\u00eds con Ecuador, garantizando un corredor estrat\u00e9gico para el desarrollo econ\u00f3mico y social del departamento de Nari\u00f1o.<\/p>\n<p style=\"text-align: justify;\">El presidente de la ANI, Manuel Felipe Guti\u00e9rrez, junto con los vicepresidentes, Luis Eduardo Guti\u00e9rrez, Diego Morales, Diana Cardona y Fernando Ram\u00edrez, se reunieron este jueves en el municipio de Ipiales con el Gobernador de Nari\u00f1o, Jhon Rojas; el alcalde de Ipiales, Luis Villota;\u00a0el\u00a0alcalde de Contadero, Galo Chamorro; el Secretario de Infraestructura Mario Enriquez; los diputados del departamento Juan Daniel Pe\u00f1uela y Guillermo D\u00edaz; con el asesor de asuntos ind\u00edgenas, German Carlosama y la asesora de la gobernaci\u00f3n, Nilza Pantoja, para cumplir con el compromiso de abrir un espacio de di\u00e1logo que permita avanzar en la ejecuci\u00f3n del proyecto de doble calzada Rumichaca \u2013 Pasto.<\/p>\n<p style=\"text-align: justify;\">\u201cQuiero ofrecerle disculpas por los inconvenientes con las autoridades ind\u00edgenas, pero hay que hacer todo para garantizar el desarrollo de la regi\u00f3n. El proyecto es muy importante y demuestra un buen nivel de avance, superior al 60%. La v\u00eda garantiza el desarrollo y son obras que merece el departamento. As\u00ed que estamos comprometidos para avanzar en un trabajo conjunto y en avanzar en mesas t\u00e9cnicas que nos permitan sacar adelante esta doble calzada\u201d, afirm\u00f3 el Gobernador de Nari\u00f1o, Jhon Rojas.<\/p>\n<p style=\"text-align: justify;\">Durante este espacio, al que no asistieron los gobernadores del resguardo ind\u00edgena de Ipiales quienes fueron convocados previamente para dialogar sobre el desarrollo del proyecto, se concret\u00f3 el desarrollo de mesas de trabajo t\u00e9cnicas para acercar a las partes y definir alternativas para la ejecuci\u00f3n de las obras de doble calzada entre San Juan e Ipiales, un tramo clave para la conectividad del sur del pa\u00eds con Ecuador.<\/p>\n<p style=\"text-align: justify;\">\u201cPara la conectividad del pa\u00eds, para el departamento de Nari\u00f1o y para el municipio de Ipiales es una necesidad la ejecuci\u00f3n de la doble calzada de San Juan \u2013 Ipiales. Hemos trabajado con la comunidad ind\u00edgena y hemos hablado de manera clara sobre la responsabilidad que tenemos todos para que este proyecto llegue a feliz t\u00e9rmino. Como alcalde queremos que sea realidad, es un compromiso del Presidente Iv\u00e1n Duque y de la Ministra de Transporte para mejorar la movilidad y reducir la accidentalidad en esta zona de la regi\u00f3n. Queremos conectarnos todos y trabajar juntos por el desarrollo de Nari\u00f1o\u201d, indic\u00f3 el alcalde de Ipiales, Luis Villota.<\/p>\n<p style=\"text-align: justify;\">\u201cQueremos agradecer al gobernador de Nari\u00f1o y al alcalde de Ipiales por este espacio y por ser unos aliados clave para el desarrollo econ\u00f3mico y social del proyecto y de la regi\u00f3n. La Agencia Nacional de Infraestructura est\u00e1 comprometida para continuar con el dialogo que permita garantizar el desarrollo de la regi\u00f3n en beneficio de las comunidades. Estamos invirtiendo 2.2 billones de pesos en esta obra que contempla la construcci\u00f3n\u00a0\u00a0de 80km entre Pasto y Rumichaca\u201d, asegur\u00f3 Manuel Felipe Guti\u00e9rrez, Presidente de la ANI.<\/p>\n<p style=\"text-align: justify;\">Sobre este proyecto<\/p>\n<p style=\"text-align: justify;\">El proyecto 4G Rumichaca Pasto, que cuenta con cinco unidades funcionales, tiene una inversi\u00f3n de $3,07 billones (en Capex y Opex, pesos marzo 2020) y un avance de ejecuci\u00f3n del 64%.<\/p>\n<p style=\"text-align: justify;\">Se trata de un corredor de 83 kil\u00f3metros que contar\u00e1 con 62 kil\u00f3metros de doble calzada, 34 km de mejoramiento y 15 km de rehabilitaci\u00f3n. Esta v\u00eda beneficiar\u00e1 directamente a los habitantes de los municipios de Ipiales, El Contadero, Iles, Imu\u00e9s, Tangua, Yacuanquer y Pasto, en Nari\u00f1o.<\/p>\n<p style=\"text-align: justify;\">Entre las obras emblem\u00e1ticas de este proyecto est\u00e1n los puentes El Porvenir, La Magdalena y uno que atraviesa el r\u00edo Gu\u00e1itara. De este \u00faltimo, se logr\u00f3 la uni\u00f3n de sus estructuras en mayo pasado.<\/p>\n<p style=\"text-align: justify;\">Una vez finalizadas las obras de este proyecto vial, que avanzan cumpliendo con todas las medidas de bioseguridad, los usuarios disminuir\u00e1n el tiempo de recorrido entre Pasto y Rumichaca en aproximadamente una hora. Adem\u00e1s, se aumentar\u00e1 la velocidad vehicular a 60 kil\u00f3metros por hora, cuyo promedio actual es de 45 kil\u00f3metros, manteniendo la seguridad vial y disminuyendo los costos de operaci\u00f3n en los veh\u00edculos de carga.<\/p>\n<p style=\"text-align: justify;\">Este proyecto beneficia a m\u00e1s de 1.300.000 habitantes de los municipios de Ipiales, Pupiales, Gualmatan, Iles, El Pedragal, Funes, C\u00f3rdoba, Imu\u00e9s, Postos\u00ed, Yacuanquer y Pasto<\/p>\n","protected":false},"excerpt":{"rendered":"<p>-El presidente de la ANI y sus vicepresidentes se desplazaron a Ipiales para cumplir citaci\u00f3n del Gobernador de Nari\u00f1o, Jhon Rojas, y del alcalde de Ipiales, Luis Villota, para buscar soluciones y avanzar en la ejecuci\u00f3n de la doble calzada que conectar\u00e1 el sur del pa\u00eds con Ecuador. -De manera previa se concert\u00f3 la asistencia [&hellip;]<\/p>\n","protected":false},"author":1,"featured_media":47589,"comment_status":"open","ping_status":"open","sticky":false,"template":"","format":"standard","meta":{"footnotes":""},"categories":[13],"tags":[],"class_list":["post-47588","post","type-post","status-publish","format-standard","has-post-thumbnail","hentry","category-economia"],"yoast_head":"<!-- This site is optimized with the Yoast SEO plugin v27.1.1 - https:\/\/yoast.com\/product\/yoast-seo-wordpress\/ -->\n<title>Gobierno nacional cumple la cita para avanzar en la Doble calzada Rumichaca-Pasto | P\u00e1gina10<\/title>\n<meta name=\"robots\" content=\"index, follow, max-snippet:-1, max-image-preview:large, max-video-preview:-1\" \/>\n<link rel=\"canonical\" href=\"https:\/\/pagina10.com\/web\/gobierno-nacional-cumple-la-cita-para-avanzar-en-la-doble-calzada-rumichaca-pasto\/\" \/>\n<meta property=\"og:locale\" content=\"es_ES\" \/>\n<meta property=\"og:type\" content=\"article\" \/>\n<meta property=\"og:title\" content=\"Gobierno nacional cumple la cita para avanzar en la Doble calzada Rumichaca-Pasto | P\u00e1gina10\" \/>\n<meta property=\"og:description\" content=\"-El presidente de la ANI y sus vicepresidentes se desplazaron a Ipiales para cumplir citaci\u00f3n del Gobernador de Nari\u00f1o, Jhon Rojas, y del alcalde de Ipiales, Luis Villota, para buscar soluciones y avanzar en la ejecuci\u00f3n de la doble calzada que conectar\u00e1 el sur del pa\u00eds con Ecuador. -De manera previa se concert\u00f3 la asistencia [&hellip;]\" \/>\n<meta property=\"og:url\" content=\"https:\/\/pagina10.com\/web\/gobierno-nacional-cumple-la-cita-para-avanzar-en-la-doble-calzada-rumichaca-pasto\/\" \/>\n<meta property=\"og:site_name\" content=\"P\u00e1gina10\" \/>\n<meta property=\"article:publisher\" content=\"https:\/\/www.facebook.com\/pag10com\" \/>\n<meta property=\"article:published_time\" content=\"2020-09-26T23:25:25+00:00\" \/>\n<meta property=\"og:image\" content=\"https:\/\/pagina10.com\/web\/wp-content\/uploads\/2020\/09\/Captura-de-Pantalla-2020-09-26-a-las-6.22.17-p.-m..png\" \/>\n\t<meta property=\"og:image:width\" content=\"582\" \/>\n\t<meta property=\"og:image:height\" content=\"303\" \/>\n\t<meta property=\"og:image:type\" content=\"image\/png\" \/>\n<meta name=\"author\" content=\"P\u00e1gina 10\" \/>\n<meta name=\"twitter:card\" content=\"summary_large_image\" \/>\n<meta name=\"twitter:creator\" content=\"@Pag10com\" \/>\n<meta name=\"twitter:site\" content=\"@Pag10com\" \/>\n<meta name=\"twitter:label1\" content=\"Escrito por\" \/>\n\t<meta name=\"twitter:data1\" content=\"P\u00e1gina 10\" \/>\n\t<meta name=\"twitter:label2\" content=\"Tiempo de lectura\" \/>\n\t<meta name=\"twitter:data2\" content=\"4 minutos\" \/>\n<script type=\"application\/ld+json\" class=\"yoast-schema-graph\">{\"@context\":\"https:\/\/schema.org\",\"@graph\":[{\"@type\":\"Article\",\"@id\":\"https:\/\/pagina10.com\/web\/gobierno-nacional-cumple-la-cita-para-avanzar-en-la-doble-calzada-rumichaca-pasto\/#article\",\"isPartOf\":{\"@id\":\"https:\/\/pagina10.com\/web\/gobierno-nacional-cumple-la-cita-para-avanzar-en-la-doble-calzada-rumichaca-pasto\/\"},\"author\":{\"name\":\"P\u00e1gina 10\",\"@id\":\"https:\/\/pagina10.com\/web\/#\/schema\/person\/2efc4a090d25b667d3bc796798a3a81b\"},\"headline\":\"Gobierno nacional cumple la cita para avanzar en la Doble calzada Rumichaca-Pasto\",\"datePublished\":\"2020-09-26T23:25:25+00:00\",\"mainEntityOfPage\":{\"@id\":\"https:\/\/pagina10.com\/web\/gobierno-nacional-cumple-la-cita-para-avanzar-en-la-doble-calzada-rumichaca-pasto\/\"},\"wordCount\":904,\"commentCount\":0,\"publisher\":{\"@id\":\"https:\/\/pagina10.com\/web\/#organization\"},\"image\":{\"@id\":\"https:\/\/pagina10.com\/web\/gobierno-nacional-cumple-la-cita-para-avanzar-en-la-doble-calzada-rumichaca-pasto\/#primaryimage\"},\"thumbnailUrl\":\"https:\/\/pagina10.com\/web\/wp-content\/uploads\/2020\/09\/Captura-de-Pantalla-2020-09-26-a-las-6.22.17-p.-m..png\",\"articleSection\":[\"Econom\u00eda\"],\"inLanguage\":\"es\",\"potentialAction\":[{\"@type\":\"CommentAction\",\"name\":\"Comment\",\"target\":[\"https:\/\/pagina10.com\/web\/gobierno-nacional-cumple-la-cita-para-avanzar-en-la-doble-calzada-rumichaca-pasto\/#respond\"]}]},{\"@type\":\"WebPage\",\"@id\":\"https:\/\/pagina10.com\/web\/gobierno-nacional-cumple-la-cita-para-avanzar-en-la-doble-calzada-rumichaca-pasto\/\",\"url\":\"https:\/\/pagina10.com\/web\/gobierno-nacional-cumple-la-cita-para-avanzar-en-la-doble-calzada-rumichaca-pasto\/\",\"name\":\"Gobierno nacional cumple la cita para avanzar en la Doble calzada Rumichaca-Pasto | P\u00e1gina10\",\"isPartOf\":{\"@id\":\"https:\/\/pagina10.com\/web\/#website\"},\"primaryImageOfPage\":{\"@id\":\"https:\/\/pagina10.com\/web\/gobierno-nacional-cumple-la-cita-para-avanzar-en-la-doble-calzada-rumichaca-pasto\/#primaryimage\"},\"image\":{\"@id\":\"https:\/\/pagina10.com\/web\/gobierno-nacional-cumple-la-cita-para-avanzar-en-la-doble-calzada-rumichaca-pasto\/#primaryimage\"},\"thumbnailUrl\":\"https:\/\/pagina10.com\/web\/wp-content\/uploads\/2020\/09\/Captura-de-Pantalla-2020-09-26-a-las-6.22.17-p.-m..png\",\"datePublished\":\"2020-09-26T23:25:25+00:00\",\"breadcrumb\":{\"@id\":\"https:\/\/pagina10.com\/web\/gobierno-nacional-cumple-la-cita-para-avanzar-en-la-doble-calzada-rumichaca-pasto\/#breadcrumb\"},\"inLanguage\":\"es\",\"potentialAction\":[{\"@type\":\"ReadAction\",\"target\":[\"https:\/\/pagina10.com\/web\/gobierno-nacional-cumple-la-cita-para-avanzar-en-la-doble-calzada-rumichaca-pasto\/\"]}]},{\"@type\":\"ImageObject\",\"inLanguage\":\"es\",\"@id\":\"https:\/\/pagina10.com\/web\/gobierno-nacional-cumple-la-cita-para-avanzar-en-la-doble-calzada-rumichaca-pasto\/#primaryimage\",\"url\":\"https:\/\/pagina10.com\/web\/wp-content\/uploads\/2020\/09\/Captura-de-Pantalla-2020-09-26-a-las-6.22.17-p.-m..png\",\"contentUrl\":\"https:\/\/pagina10.com\/web\/wp-content\/uploads\/2020\/09\/Captura-de-Pantalla-2020-09-26-a-las-6.22.17-p.-m..png\",\"width\":582,\"height\":303},{\"@type\":\"BreadcrumbList\",\"@id\":\"https:\/\/pagina10.com\/web\/gobierno-nacional-cumple-la-cita-para-avanzar-en-la-doble-calzada-rumichaca-pasto\/#breadcrumb\",\"itemListElement\":[{\"@type\":\"ListItem\",\"position\":1,\"name\":\"Portada\",\"item\":\"https:\/\/pagina10.com\/web\/\"},{\"@type\":\"ListItem\",\"position\":2,\"name\":\"Gobierno nacional cumple la cita para avanzar en la Doble calzada Rumichaca-Pasto\"}]},{\"@type\":\"WebSite\",\"@id\":\"https:\/\/pagina10.com\/web\/#website\",\"url\":\"https:\/\/pagina10.com\/web\/\",\"name\":\"P\u00e1gina10\",\"description\":\"Peri\u00f3dico Regional\",\"publisher\":{\"@id\":\"https:\/\/pagina10.com\/web\/#organization\"},\"alternateName\":\"P\u00e1gina10 Peri\u00f3dico Regional\",\"potentialAction\":[{\"@type\":\"SearchAction\",\"target\":{\"@type\":\"EntryPoint\",\"urlTemplate\":\"https:\/\/pagina10.com\/web\/?s={search_term_string}\"},\"query-input\":{\"@type\":\"PropertyValueSpecification\",\"valueRequired\":true,\"valueName\":\"search_term_string\"}}],\"inLanguage\":\"es\"},{\"@type\":\"Organization\",\"@id\":\"https:\/\/pagina10.com\/web\/#organization\",\"name\":\"P\u00e1gina10\",\"alternateName\":\"P\u00e1gina10 Peri\u00f3dico Regional\",\"url\":\"https:\/\/pagina10.com\/web\/\",\"logo\":{\"@type\":\"ImageObject\",\"inLanguage\":\"es\",\"@id\":\"https:\/\/pagina10.com\/web\/#\/schema\/logo\/image\/\",\"url\":\"https:\/\/pagina10.com\/web\/wp-content\/uploads\/2024\/01\/40-pagina-10-periodico-regional-pasto.jpg\",\"contentUrl\":\"https:\/\/pagina10.com\/web\/wp-content\/uploads\/2024\/01\/40-pagina-10-periodico-regional-pasto.jpg\",\"width\":1280,\"height\":720,\"caption\":\"P\u00e1gina10\"},\"image\":{\"@id\":\"https:\/\/pagina10.com\/web\/#\/schema\/logo\/image\/\"},\"sameAs\":[\"https:\/\/www.facebook.com\/pag10com\",\"https:\/\/x.com\/Pag10com\",\"https:\/\/www.instagram.com\/pagina10col\/\",\"https:\/\/youtube.com\/channel\/pag10\",\"https:\/\/www.tiktok.com\/@p10col\"]},{\"@type\":\"Person\",\"@id\":\"https:\/\/pagina10.com\/web\/#\/schema\/person\/2efc4a090d25b667d3bc796798a3a81b\",\"name\":\"P\u00e1gina 10\",\"description\":\"P\u00e1gina 10 es un peri\u00f3dico regional que nace en Colombia, en el departamento de Nari\u00f1o, con un enfoque global, fundamentado en cuatro pilares esenciales: la libertad, el pluralismo, la inclusi\u00f3n y la independencia. P\u00e1gina 10 hace referencia a Nari\u00f1o como el d\u00e9cimo departamento creado en Colombia, despu\u00e9s de un proceso pol\u00edtico liderado por actores y actrices regionales con el fin de obtener la independencia y autonom\u00eda de nuestros territorios. Con la creaci\u00f3n de P\u00e1gina 10 se pretende abrir un escenario para el dialogo, la reflexi\u00f3n y el debate que se extienda a otras geograf\u00edas de Am\u00e9rica Latina y del planeta, en una apuesta por transformar colectivamente los desaf\u00edos de un mundo contempor\u00e1neo, m\u00e1s all\u00e1 de las fronteras impuestas.\",\"url\":\"https:\/\/pagina10.com\/web\/author\/pdiezadmin\/\"}]}<\/script>\n<!-- \/ Yoast SEO plugin. -->","yoast_head_json":{"title":"Gobierno nacional cumple la cita para avanzar en la Doble calzada Rumichaca-Pasto | P\u00e1gina10","robots":{"index":"index","follow":"follow","max-snippet":"max-snippet:-1","max-image-preview":"max-image-preview:large","max-video-preview":"max-video-preview:-1"},"canonical":"https:\/\/pagina10.com\/web\/gobierno-nacional-cumple-la-cita-para-avanzar-en-la-doble-calzada-rumichaca-pasto\/","og_locale":"es_ES","og_type":"article","og_title":"Gobierno nacional cumple la cita para avanzar en la Doble calzada Rumichaca-Pasto | P\u00e1gina10","og_description":"-El presidente de la ANI y sus vicepresidentes se desplazaron a Ipiales para cumplir citaci\u00f3n del Gobernador de Nari\u00f1o, Jhon Rojas, y del alcalde de Ipiales, Luis Villota, para buscar soluciones y avanzar en la ejecuci\u00f3n de la doble calzada que conectar\u00e1 el sur del pa\u00eds con Ecuador. -De manera previa se concert\u00f3 la asistencia [&hellip;]","og_url":"https:\/\/pagina10.com\/web\/gobierno-nacional-cumple-la-cita-para-avanzar-en-la-doble-calzada-rumichaca-pasto\/","og_site_name":"P\u00e1gina10","article_publisher":"https:\/\/www.facebook.com\/pag10com","article_published_time":"2020-09-26T23:25:25+00:00","og_image":[{"width":582,"height":303,"url":"https:\/\/pagina10.com\/web\/wp-content\/uploads\/2020\/09\/Captura-de-Pantalla-2020-09-26-a-las-6.22.17-p.-m..png","type":"image\/png"}],"author":"P\u00e1gina 10","twitter_card":"summary_large_image","twitter_creator":"@Pag10com","twitter_site":"@Pag10com","twitter_misc":{"Escrito por":"P\u00e1gina 10","Tiempo de lectura":"4 minutos"},"schema":{"@context":"https:\/\/schema.org","@graph":[{"@type":"Article","@id":"https:\/\/pagina10.com\/web\/gobierno-nacional-cumple-la-cita-para-avanzar-en-la-doble-calzada-rumichaca-pasto\/#article","isPartOf":{"@id":"https:\/\/pagina10.com\/web\/gobierno-nacional-cumple-la-cita-para-avanzar-en-la-doble-calzada-rumichaca-pasto\/"},"author":{"name":"P\u00e1gina 10","@id":"https:\/\/pagina10.com\/web\/#\/schema\/person\/2efc4a090d25b667d3bc796798a3a81b"},"headline":"Gobierno nacional cumple la cita para avanzar en la Doble calzada Rumichaca-Pasto","datePublished":"2020-09-26T23:25:25+00:00","mainEntityOfPage":{"@id":"https:\/\/pagina10.com\/web\/gobierno-nacional-cumple-la-cita-para-avanzar-en-la-doble-calzada-rumichaca-pasto\/"},"wordCount":904,"commentCount":0,"publisher":{"@id":"https:\/\/pagina10.com\/web\/#organization"},"image":{"@id":"https:\/\/pagina10.com\/web\/gobierno-nacional-cumple-la-cita-para-avanzar-en-la-doble-calzada-rumichaca-pasto\/#primaryimage"},"thumbnailUrl":"https:\/\/pagina10.com\/web\/wp-content\/uploads\/2020\/09\/Captura-de-Pantalla-2020-09-26-a-las-6.22.17-p.-m..png","articleSection":["Econom\u00eda"],"inLanguage":"es","potentialAction":[{"@type":"CommentAction","name":"Comment","target":["https:\/\/pagina10.com\/web\/gobierno-nacional-cumple-la-cita-para-avanzar-en-la-doble-calzada-rumichaca-pasto\/#respond"]}]},{"@type":"WebPage","@id":"https:\/\/pagina10.com\/web\/gobierno-nacional-cumple-la-cita-para-avanzar-en-la-doble-calzada-rumichaca-pasto\/","url":"https:\/\/pagina10.com\/web\/gobierno-nacional-cumple-la-cita-para-avanzar-en-la-doble-calzada-rumichaca-pasto\/","name":"Gobierno nacional cumple la cita para avanzar en la Doble calzada Rumichaca-Pasto | P\u00e1gina10","isPartOf":{"@id":"https:\/\/pagina10.com\/web\/#website"},"primaryImageOfPage":{"@id":"https:\/\/pagina10.com\/web\/gobierno-nacional-cumple-la-cita-para-avanzar-en-la-doble-calzada-rumichaca-pasto\/#primaryimage"},"image":{"@id":"https:\/\/pagina10.com\/web\/gobierno-nacional-cumple-la-cita-para-avanzar-en-la-doble-calzada-rumichaca-pasto\/#primaryimage"},"thumbnailUrl":"https:\/\/pagina10.com\/web\/wp-content\/uploads\/2020\/09\/Captura-de-Pantalla-2020-09-26-a-las-6.22.17-p.-m..png","datePublished":"2020-09-26T23:25:25+00:00","breadcrumb":{"@id":"https:\/\/pagina10.com\/web\/gobierno-nacional-cumple-la-cita-para-avanzar-en-la-doble-calzada-rumichaca-pasto\/#breadcrumb"},"inLanguage":"es","potentialAction":[{"@type":"ReadAction","target":["https:\/\/pagina10.com\/web\/gobierno-nacional-cumple-la-cita-para-avanzar-en-la-doble-calzada-rumichaca-pasto\/"]}]},{"@type":"ImageObject","inLanguage":"es","@id":"https:\/\/pagina10.com\/web\/gobierno-nacional-cumple-la-cita-para-avanzar-en-la-doble-calzada-rumichaca-pasto\/#primaryimage","url":"https:\/\/pagina10.com\/web\/wp-content\/uploads\/2020\/09\/Captura-de-Pantalla-2020-09-26-a-las-6.22.17-p.-m..png","contentUrl":"https:\/\/pagina10.com\/web\/wp-content\/uploads\/2020\/09\/Captura-de-Pantalla-2020-09-26-a-las-6.22.17-p.-m..png","width":582,"height":303},{"@type":"BreadcrumbList","@id":"https:\/\/pagina10.com\/web\/gobierno-nacional-cumple-la-cita-para-avanzar-en-la-doble-calzada-rumichaca-pasto\/#breadcrumb","itemListElement":[{"@type":"ListItem","position":1,"name":"Portada","item":"https:\/\/pagina10.com\/web\/"},{"@type":"ListItem","position":2,"name":"Gobierno nacional cumple la cita para avanzar en la Doble calzada Rumichaca-Pasto"}]},{"@type":"WebSite","@id":"https:\/\/pagina10.com\/web\/#website","url":"https:\/\/pagina10.com\/web\/","name":"P\u00e1gina10","description":"Peri\u00f3dico Regional","publisher":{"@id":"https:\/\/pagina10.com\/web\/#organization"},"alternateName":"P\u00e1gina10 Peri\u00f3dico Regional","potentialAction":[{"@type":"SearchAction","target":{"@type":"EntryPoint","urlTemplate":"https:\/\/pagina10.com\/web\/?s={search_term_string}"},"query-input":{"@type":"PropertyValueSpecification","valueRequired":true,"valueName":"search_term_string"}}],"inLanguage":"es"},{"@type":"Organization","@id":"https:\/\/pagina10.com\/web\/#organization","name":"P\u00e1gina10","alternateName":"P\u00e1gina10 Peri\u00f3dico Regional","url":"https:\/\/pagina10.com\/web\/","logo":{"@type":"ImageObject","inLanguage":"es","@id":"https:\/\/pagina10.com\/web\/#\/schema\/logo\/image\/","url":"https:\/\/pagina10.com\/web\/wp-content\/uploads\/2024\/01\/40-pagina-10-periodico-regional-pasto.jpg","contentUrl":"https:\/\/pagina10.com\/web\/wp-content\/uploads\/2024\/01\/40-pagina-10-periodico-regional-pasto.jpg","width":1280,"height":720,"caption":"P\u00e1gina10"},"image":{"@id":"https:\/\/pagina10.com\/web\/#\/schema\/logo\/image\/"},"sameAs":["https:\/\/www.facebook.com\/pag10com","https:\/\/x.com\/Pag10com","https:\/\/www.instagram.com\/pagina10col\/","https:\/\/youtube.com\/channel\/pag10","https:\/\/www.tiktok.com\/@p10col"]},{"@type":"Person","@id":"https:\/\/pagina10.com\/web\/#\/schema\/person\/2efc4a090d25b667d3bc796798a3a81b","name":"P\u00e1gina 10","description":"P\u00e1gina 10 es un peri\u00f3dico regional que nace en Colombia, en el departamento de Nari\u00f1o, con un enfoque global, fundamentado en cuatro pilares esenciales: la libertad, el pluralismo, la inclusi\u00f3n y la independencia. P\u00e1gina 10 hace referencia a Nari\u00f1o como el d\u00e9cimo departamento creado en Colombia, despu\u00e9s de un proceso pol\u00edtico liderado por actores y actrices regionales con el fin de obtener la independencia y autonom\u00eda de nuestros territorios. Con la creaci\u00f3n de P\u00e1gina 10 se pretende abrir un escenario para el dialogo, la reflexi\u00f3n y el debate que se extienda a otras geograf\u00edas de Am\u00e9rica Latina y del planeta, en una apuesta por transformar colectivamente los desaf\u00edos de un mundo contempor\u00e1neo, m\u00e1s all\u00e1 de las fronteras impuestas.","url":"https:\/\/pagina10.com\/web\/author\/pdiezadmin\/"}]}},"_links":{"self":[{"href":"https:\/\/pagina10.com\/web\/wp-json\/wp\/v2\/posts\/47588","targetHints":{"allow":["GET"]}}],"collection":[{"href":"https:\/\/pagina10.com\/web\/wp-json\/wp\/v2\/posts"}],"about":[{"href":"https:\/\/pagina10.com\/web\/wp-json\/wp\/v2\/types\/post"}],"author":[{"embeddable":true,"href":"https:\/\/pagina10.com\/web\/wp-json\/wp\/v2\/users\/1"}],"replies":[{"embeddable":true,"href":"https:\/\/pagina10.com\/web\/wp-json\/wp\/v2\/comments?post=47588"}],"version-history":[{"count":1,"href":"https:\/\/pagina10.com\/web\/wp-json\/wp\/v2\/posts\/47588\/revisions"}],"predecessor-version":[{"id":47590,"href":"https:\/\/pagina10.com\/web\/wp-json\/wp\/v2\/posts\/47588\/revisions\/47590"}],"wp:featuredmedia":[{"embeddable":true,"href":"https:\/\/pagina10.com\/web\/wp-json\/wp\/v2\/media\/47589"}],"wp:attachment":[{"href":"https:\/\/pagina10.com\/web\/wp-json\/wp\/v2\/media?parent=47588"}],"wp:term":[{"taxonomy":"category","embeddable":true,"href":"https:\/\/pagina10.com\/web\/wp-json\/wp\/v2\/categories?post=47588"},{"taxonomy":"post_tag","embeddable":true,"href":"https:\/\/pagina10.com\/web\/wp-json\/wp\/v2\/tags?post=47588"}],"curies":[{"name":"wp","href":"https:\/\/api.w.org\/{rel}","templated":true}]}}