{"id":47611,"date":"2020-09-28T20:35:36","date_gmt":"2020-09-28T20:35:36","guid":{"rendered":"https:\/\/pagina10.com\/web\/?p=47611"},"modified":"2020-09-28T20:35:36","modified_gmt":"2020-09-28T20:35:36","slug":"3o-festival-del-chocolate-en-tumaco","status":"publish","type":"post","link":"https:\/\/pagina10.com\/web\/3o-festival-del-chocolate-en-tumaco\/","title":{"rendered":"3\u00ba festival del chocolate en Tumaco"},"content":{"rendered":"<p style=\"text-align: justify;\">\n<p style=\"text-align: justify;\">Desde este lunes 28 de septiembre se llevar\u00e1 a cabo en Tumaco el Tercer Festival del Chocolate, un evento que re\u00fane a expertos cultivadores, procesadores, comerciantes y todos aquellos que tienen que ver con el cacao, ese maravilloso producto que es sin\u00f3nimo de alegr\u00eda, fiesta y amor. La pandemia ha hecho que el evento se reinvente, de tal manera que este ser\u00e1 virtual, buscando as\u00ed la continuidad con un evento que surgi\u00f3 en 2018 y que ha dado logros muy significativos para el hermoso territorio del Pac\u00edfico nari\u00f1ense.<\/p>\n<p style=\"text-align: justify;\">Durante tres d\u00edas se har\u00e1 este importante evento, que arranca con unas jornadas acad\u00e9micas, en donde expertos abordar\u00e1n el tema con una mirada t\u00e9cnica y cient\u00edfica, posibilitando as\u00ed el intercambio de saberes; el martes 28 es el d\u00eda comercial, en donde se har\u00e1n ruedas de negocios; y el mi\u00e9rcoles 30 ser\u00e1 de promoci\u00f3n, en donde los productores y transformadores podr\u00e1n mostrar sus valiosos productos.<\/p>\n<p style=\"text-align: justify;\">El evento es organizado por la C\u00e1mara de Comercio de Tumaco, quien as\u00ed apuesta por la transformaci\u00f3n del territorio, generando una vitrina donde el cacao es el protagonista y en donde se busca generar ingresos a todos los interesados en este producto, as\u00ed como el rescate del consumo del chocolate en el Pacifico nari\u00f1ense, invocando una ancestralidad que se ha ido perdiendo por la llegada de otros productos, por eso uno de sus lemas es \u201cYo tomo y como chocolate de Tumaco\u201d.<\/p>\n<p style=\"text-align: justify;\">A continuaci\u00f3n, encontrar\u00e1n los enlaces para que puedan acceder a este festival:<\/p>\n<p style=\"text-align: justify;\">\n<ol style=\"text-align: justify;\">\n<li>D\u00cdA ACAD\u00c9MICO: 28 de Septiembre de 2020 Enlace: https:\/\/meet.google.com\/eam-yarx-bbx<\/li>\n<li>D\u00cdA COMERCIAL: 29 de Septiembre de 2020 Enlace: https:\/\/meet.google.com\/jiv-ghvs-ovj<\/li>\n<li>D\u00cdA PROMOCI\u00d3N: 30 de Septiembre de 2020 Enlace: https:\/\/meet.google.com\/fqw-httm-aob<\/li>\n<\/ol>\n<p style=\"text-align: justify;\">\n<p style=\"text-align: justify;\">#chocofesttumaco<\/p>\n<p style=\"text-align: justify;\">#chocolateencasa<\/p>\n<p style=\"text-align: justify;\">#chocofesttumaco<\/p>\n<p style=\"text-align: justify;\">\n<p style=\"text-align: justify;\">\n<p style=\"text-align: justify;\">\n","protected":false},"excerpt":{"rendered":"<p>Desde este lunes 28 de septiembre se llevar\u00e1 a cabo en Tumaco el Tercer Festival del Chocolate, un evento que re\u00fane a expertos cultivadores, procesadores, comerciantes y todos aquellos que tienen que ver con el cacao, ese maravilloso producto que es sin\u00f3nimo de alegr\u00eda, fiesta y amor. La pandemia ha hecho que el evento se [&hellip;]<\/p>\n","protected":false},"author":1,"featured_media":47612,"comment_status":"open","ping_status":"open","sticky":false,"template":"","format":"standard","meta":{"footnotes":""},"categories":[13],"tags":[],"class_list":["post-47611","post","type-post","status-publish","format-standard","has-post-thumbnail","hentry","category-economia"],"yoast_head":"<!-- This site is optimized with the Yoast SEO plugin v27.1.1 - https:\/\/yoast.com\/product\/yoast-seo-wordpress\/ -->\n<title>3\u00ba festival del chocolate en Tumaco | P\u00e1gina10<\/title>\n<meta name=\"robots\" content=\"index, follow, max-snippet:-1, max-image-preview:large, max-video-preview:-1\" \/>\n<link rel=\"canonical\" href=\"https:\/\/pagina10.com\/web\/3o-festival-del-chocolate-en-tumaco\/\" \/>\n<meta property=\"og:locale\" content=\"es_ES\" \/>\n<meta property=\"og:type\" content=\"article\" \/>\n<meta property=\"og:title\" content=\"3\u00ba festival del chocolate en Tumaco | P\u00e1gina10\" \/>\n<meta property=\"og:description\" content=\"Desde este lunes 28 de septiembre se llevar\u00e1 a cabo en Tumaco el Tercer Festival del Chocolate, un evento que re\u00fane a expertos cultivadores, procesadores, comerciantes y todos aquellos que tienen que ver con el cacao, ese maravilloso producto que es sin\u00f3nimo de alegr\u00eda, fiesta y amor. La pandemia ha hecho que el evento se [&hellip;]\" \/>\n<meta property=\"og:url\" content=\"https:\/\/pagina10.com\/web\/3o-festival-del-chocolate-en-tumaco\/\" \/>\n<meta property=\"og:site_name\" content=\"P\u00e1gina10\" \/>\n<meta property=\"article:publisher\" content=\"https:\/\/www.facebook.com\/pag10com\" \/>\n<meta property=\"article:published_time\" content=\"2020-09-28T20:35:36+00:00\" \/>\n<meta property=\"og:image\" content=\"https:\/\/pagina10.com\/web\/wp-content\/uploads\/2020\/09\/Captura-de-Pantalla-2020-09-28-a-las-3.34.33-p.-m..png\" \/>\n\t<meta property=\"og:image:width\" content=\"609\" \/>\n\t<meta property=\"og:image:height\" content=\"506\" \/>\n\t<meta property=\"og:image:type\" content=\"image\/png\" \/>\n<meta name=\"author\" content=\"P\u00e1gina 10\" \/>\n<meta name=\"twitter:card\" content=\"summary_large_image\" \/>\n<meta name=\"twitter:creator\" content=\"@Pag10com\" \/>\n<meta name=\"twitter:site\" content=\"@Pag10com\" \/>\n<meta name=\"twitter:label1\" content=\"Escrito por\" \/>\n\t<meta name=\"twitter:data1\" content=\"P\u00e1gina 10\" \/>\n\t<meta name=\"twitter:label2\" content=\"Tiempo de lectura\" \/>\n\t<meta name=\"twitter:data2\" content=\"2 minutos\" \/>\n<script type=\"application\/ld+json\" class=\"yoast-schema-graph\">{\"@context\":\"https:\/\/schema.org\",\"@graph\":[{\"@type\":\"Article\",\"@id\":\"https:\/\/pagina10.com\/web\/3o-festival-del-chocolate-en-tumaco\/#article\",\"isPartOf\":{\"@id\":\"https:\/\/pagina10.com\/web\/3o-festival-del-chocolate-en-tumaco\/\"},\"author\":{\"name\":\"P\u00e1gina 10\",\"@id\":\"https:\/\/pagina10.com\/web\/#\/schema\/person\/2efc4a090d25b667d3bc796798a3a81b\"},\"headline\":\"3\u00ba festival del chocolate en Tumaco\",\"datePublished\":\"2020-09-28T20:35:36+00:00\",\"mainEntityOfPage\":{\"@id\":\"https:\/\/pagina10.com\/web\/3o-festival-del-chocolate-en-tumaco\/\"},\"wordCount\":308,\"commentCount\":0,\"publisher\":{\"@id\":\"https:\/\/pagina10.com\/web\/#organization\"},\"image\":{\"@id\":\"https:\/\/pagina10.com\/web\/3o-festival-del-chocolate-en-tumaco\/#primaryimage\"},\"thumbnailUrl\":\"https:\/\/pagina10.com\/web\/wp-content\/uploads\/2020\/09\/Captura-de-Pantalla-2020-09-28-a-las-3.34.33-p.-m..png\",\"articleSection\":[\"Econom\u00eda\"],\"inLanguage\":\"es\",\"potentialAction\":[{\"@type\":\"CommentAction\",\"name\":\"Comment\",\"target\":[\"https:\/\/pagina10.com\/web\/3o-festival-del-chocolate-en-tumaco\/#respond\"]}]},{\"@type\":\"WebPage\",\"@id\":\"https:\/\/pagina10.com\/web\/3o-festival-del-chocolate-en-tumaco\/\",\"url\":\"https:\/\/pagina10.com\/web\/3o-festival-del-chocolate-en-tumaco\/\",\"name\":\"3\u00ba festival del chocolate en Tumaco | P\u00e1gina10\",\"isPartOf\":{\"@id\":\"https:\/\/pagina10.com\/web\/#website\"},\"primaryImageOfPage\":{\"@id\":\"https:\/\/pagina10.com\/web\/3o-festival-del-chocolate-en-tumaco\/#primaryimage\"},\"image\":{\"@id\":\"https:\/\/pagina10.com\/web\/3o-festival-del-chocolate-en-tumaco\/#primaryimage\"},\"thumbnailUrl\":\"https:\/\/pagina10.com\/web\/wp-content\/uploads\/2020\/09\/Captura-de-Pantalla-2020-09-28-a-las-3.34.33-p.-m..png\",\"datePublished\":\"2020-09-28T20:35:36+00:00\",\"breadcrumb\":{\"@id\":\"https:\/\/pagina10.com\/web\/3o-festival-del-chocolate-en-tumaco\/#breadcrumb\"},\"inLanguage\":\"es\",\"potentialAction\":[{\"@type\":\"ReadAction\",\"target\":[\"https:\/\/pagina10.com\/web\/3o-festival-del-chocolate-en-tumaco\/\"]}]},{\"@type\":\"ImageObject\",\"inLanguage\":\"es\",\"@id\":\"https:\/\/pagina10.com\/web\/3o-festival-del-chocolate-en-tumaco\/#primaryimage\",\"url\":\"https:\/\/pagina10.com\/web\/wp-content\/uploads\/2020\/09\/Captura-de-Pantalla-2020-09-28-a-las-3.34.33-p.-m..png\",\"contentUrl\":\"https:\/\/pagina10.com\/web\/wp-content\/uploads\/2020\/09\/Captura-de-Pantalla-2020-09-28-a-las-3.34.33-p.-m..png\",\"width\":609,\"height\":506},{\"@type\":\"BreadcrumbList\",\"@id\":\"https:\/\/pagina10.com\/web\/3o-festival-del-chocolate-en-tumaco\/#breadcrumb\",\"itemListElement\":[{\"@type\":\"ListItem\",\"position\":1,\"name\":\"Portada\",\"item\":\"https:\/\/pagina10.com\/web\/\"},{\"@type\":\"ListItem\",\"position\":2,\"name\":\"3\u00ba festival del chocolate en Tumaco\"}]},{\"@type\":\"WebSite\",\"@id\":\"https:\/\/pagina10.com\/web\/#website\",\"url\":\"https:\/\/pagina10.com\/web\/\",\"name\":\"P\u00e1gina10\",\"description\":\"Peri\u00f3dico Regional\",\"publisher\":{\"@id\":\"https:\/\/pagina10.com\/web\/#organization\"},\"alternateName\":\"P\u00e1gina10 Peri\u00f3dico Regional\",\"potentialAction\":[{\"@type\":\"SearchAction\",\"target\":{\"@type\":\"EntryPoint\",\"urlTemplate\":\"https:\/\/pagina10.com\/web\/?s={search_term_string}\"},\"query-input\":{\"@type\":\"PropertyValueSpecification\",\"valueRequired\":true,\"valueName\":\"search_term_string\"}}],\"inLanguage\":\"es\"},{\"@type\":\"Organization\",\"@id\":\"https:\/\/pagina10.com\/web\/#organization\",\"name\":\"P\u00e1gina10\",\"alternateName\":\"P\u00e1gina10 Peri\u00f3dico Regional\",\"url\":\"https:\/\/pagina10.com\/web\/\",\"logo\":{\"@type\":\"ImageObject\",\"inLanguage\":\"es\",\"@id\":\"https:\/\/pagina10.com\/web\/#\/schema\/logo\/image\/\",\"url\":\"https:\/\/pagina10.com\/web\/wp-content\/uploads\/2024\/01\/40-pagina-10-periodico-regional-pasto.jpg\",\"contentUrl\":\"https:\/\/pagina10.com\/web\/wp-content\/uploads\/2024\/01\/40-pagina-10-periodico-regional-pasto.jpg\",\"width\":1280,\"height\":720,\"caption\":\"P\u00e1gina10\"},\"image\":{\"@id\":\"https:\/\/pagina10.com\/web\/#\/schema\/logo\/image\/\"},\"sameAs\":[\"https:\/\/www.facebook.com\/pag10com\",\"https:\/\/x.com\/Pag10com\",\"https:\/\/www.instagram.com\/pagina10col\/\",\"https:\/\/youtube.com\/channel\/pag10\",\"https:\/\/www.tiktok.com\/@p10col\"]},{\"@type\":\"Person\",\"@id\":\"https:\/\/pagina10.com\/web\/#\/schema\/person\/2efc4a090d25b667d3bc796798a3a81b\",\"name\":\"P\u00e1gina 10\",\"description\":\"P\u00e1gina 10 es un peri\u00f3dico regional que nace en Colombia, en el departamento de Nari\u00f1o, con un enfoque global, fundamentado en cuatro pilares esenciales: la libertad, el pluralismo, la inclusi\u00f3n y la independencia. P\u00e1gina 10 hace referencia a Nari\u00f1o como el d\u00e9cimo departamento creado en Colombia, despu\u00e9s de un proceso pol\u00edtico liderado por actores y actrices regionales con el fin de obtener la independencia y autonom\u00eda de nuestros territorios. Con la creaci\u00f3n de P\u00e1gina 10 se pretende abrir un escenario para el dialogo, la reflexi\u00f3n y el debate que se extienda a otras geograf\u00edas de Am\u00e9rica Latina y del planeta, en una apuesta por transformar colectivamente los desaf\u00edos de un mundo contempor\u00e1neo, m\u00e1s all\u00e1 de las fronteras impuestas.\",\"url\":\"https:\/\/pagina10.com\/web\/author\/pdiezadmin\/\"}]}<\/script>\n<!-- \/ Yoast SEO plugin. -->","yoast_head_json":{"title":"3\u00ba festival del chocolate en Tumaco | P\u00e1gina10","robots":{"index":"index","follow":"follow","max-snippet":"max-snippet:-1","max-image-preview":"max-image-preview:large","max-video-preview":"max-video-preview:-1"},"canonical":"https:\/\/pagina10.com\/web\/3o-festival-del-chocolate-en-tumaco\/","og_locale":"es_ES","og_type":"article","og_title":"3\u00ba festival del chocolate en Tumaco | P\u00e1gina10","og_description":"Desde este lunes 28 de septiembre se llevar\u00e1 a cabo en Tumaco el Tercer Festival del Chocolate, un evento que re\u00fane a expertos cultivadores, procesadores, comerciantes y todos aquellos que tienen que ver con el cacao, ese maravilloso producto que es sin\u00f3nimo de alegr\u00eda, fiesta y amor. La pandemia ha hecho que el evento se [&hellip;]","og_url":"https:\/\/pagina10.com\/web\/3o-festival-del-chocolate-en-tumaco\/","og_site_name":"P\u00e1gina10","article_publisher":"https:\/\/www.facebook.com\/pag10com","article_published_time":"2020-09-28T20:35:36+00:00","og_image":[{"width":609,"height":506,"url":"https:\/\/pagina10.com\/web\/wp-content\/uploads\/2020\/09\/Captura-de-Pantalla-2020-09-28-a-las-3.34.33-p.-m..png","type":"image\/png"}],"author":"P\u00e1gina 10","twitter_card":"summary_large_image","twitter_creator":"@Pag10com","twitter_site":"@Pag10com","twitter_misc":{"Escrito por":"P\u00e1gina 10","Tiempo de lectura":"2 minutos"},"schema":{"@context":"https:\/\/schema.org","@graph":[{"@type":"Article","@id":"https:\/\/pagina10.com\/web\/3o-festival-del-chocolate-en-tumaco\/#article","isPartOf":{"@id":"https:\/\/pagina10.com\/web\/3o-festival-del-chocolate-en-tumaco\/"},"author":{"name":"P\u00e1gina 10","@id":"https:\/\/pagina10.com\/web\/#\/schema\/person\/2efc4a090d25b667d3bc796798a3a81b"},"headline":"3\u00ba festival del chocolate en Tumaco","datePublished":"2020-09-28T20:35:36+00:00","mainEntityOfPage":{"@id":"https:\/\/pagina10.com\/web\/3o-festival-del-chocolate-en-tumaco\/"},"wordCount":308,"commentCount":0,"publisher":{"@id":"https:\/\/pagina10.com\/web\/#organization"},"image":{"@id":"https:\/\/pagina10.com\/web\/3o-festival-del-chocolate-en-tumaco\/#primaryimage"},"thumbnailUrl":"https:\/\/pagina10.com\/web\/wp-content\/uploads\/2020\/09\/Captura-de-Pantalla-2020-09-28-a-las-3.34.33-p.-m..png","articleSection":["Econom\u00eda"],"inLanguage":"es","potentialAction":[{"@type":"CommentAction","name":"Comment","target":["https:\/\/pagina10.com\/web\/3o-festival-del-chocolate-en-tumaco\/#respond"]}]},{"@type":"WebPage","@id":"https:\/\/pagina10.com\/web\/3o-festival-del-chocolate-en-tumaco\/","url":"https:\/\/pagina10.com\/web\/3o-festival-del-chocolate-en-tumaco\/","name":"3\u00ba festival del chocolate en Tumaco | P\u00e1gina10","isPartOf":{"@id":"https:\/\/pagina10.com\/web\/#website"},"primaryImageOfPage":{"@id":"https:\/\/pagina10.com\/web\/3o-festival-del-chocolate-en-tumaco\/#primaryimage"},"image":{"@id":"https:\/\/pagina10.com\/web\/3o-festival-del-chocolate-en-tumaco\/#primaryimage"},"thumbnailUrl":"https:\/\/pagina10.com\/web\/wp-content\/uploads\/2020\/09\/Captura-de-Pantalla-2020-09-28-a-las-3.34.33-p.-m..png","datePublished":"2020-09-28T20:35:36+00:00","breadcrumb":{"@id":"https:\/\/pagina10.com\/web\/3o-festival-del-chocolate-en-tumaco\/#breadcrumb"},"inLanguage":"es","potentialAction":[{"@type":"ReadAction","target":["https:\/\/pagina10.com\/web\/3o-festival-del-chocolate-en-tumaco\/"]}]},{"@type":"ImageObject","inLanguage":"es","@id":"https:\/\/pagina10.com\/web\/3o-festival-del-chocolate-en-tumaco\/#primaryimage","url":"https:\/\/pagina10.com\/web\/wp-content\/uploads\/2020\/09\/Captura-de-Pantalla-2020-09-28-a-las-3.34.33-p.-m..png","contentUrl":"https:\/\/pagina10.com\/web\/wp-content\/uploads\/2020\/09\/Captura-de-Pantalla-2020-09-28-a-las-3.34.33-p.-m..png","width":609,"height":506},{"@type":"BreadcrumbList","@id":"https:\/\/pagina10.com\/web\/3o-festival-del-chocolate-en-tumaco\/#breadcrumb","itemListElement":[{"@type":"ListItem","position":1,"name":"Portada","item":"https:\/\/pagina10.com\/web\/"},{"@type":"ListItem","position":2,"name":"3\u00ba festival del chocolate en Tumaco"}]},{"@type":"WebSite","@id":"https:\/\/pagina10.com\/web\/#website","url":"https:\/\/pagina10.com\/web\/","name":"P\u00e1gina10","description":"Peri\u00f3dico Regional","publisher":{"@id":"https:\/\/pagina10.com\/web\/#organization"},"alternateName":"P\u00e1gina10 Peri\u00f3dico Regional","potentialAction":[{"@type":"SearchAction","target":{"@type":"EntryPoint","urlTemplate":"https:\/\/pagina10.com\/web\/?s={search_term_string}"},"query-input":{"@type":"PropertyValueSpecification","valueRequired":true,"valueName":"search_term_string"}}],"inLanguage":"es"},{"@type":"Organization","@id":"https:\/\/pagina10.com\/web\/#organization","name":"P\u00e1gina10","alternateName":"P\u00e1gina10 Peri\u00f3dico Regional","url":"https:\/\/pagina10.com\/web\/","logo":{"@type":"ImageObject","inLanguage":"es","@id":"https:\/\/pagina10.com\/web\/#\/schema\/logo\/image\/","url":"https:\/\/pagina10.com\/web\/wp-content\/uploads\/2024\/01\/40-pagina-10-periodico-regional-pasto.jpg","contentUrl":"https:\/\/pagina10.com\/web\/wp-content\/uploads\/2024\/01\/40-pagina-10-periodico-regional-pasto.jpg","width":1280,"height":720,"caption":"P\u00e1gina10"},"image":{"@id":"https:\/\/pagina10.com\/web\/#\/schema\/logo\/image\/"},"sameAs":["https:\/\/www.facebook.com\/pag10com","https:\/\/x.com\/Pag10com","https:\/\/www.instagram.com\/pagina10col\/","https:\/\/youtube.com\/channel\/pag10","https:\/\/www.tiktok.com\/@p10col"]},{"@type":"Person","@id":"https:\/\/pagina10.com\/web\/#\/schema\/person\/2efc4a090d25b667d3bc796798a3a81b","name":"P\u00e1gina 10","description":"P\u00e1gina 10 es un peri\u00f3dico regional que nace en Colombia, en el departamento de Nari\u00f1o, con un enfoque global, fundamentado en cuatro pilares esenciales: la libertad, el pluralismo, la inclusi\u00f3n y la independencia. P\u00e1gina 10 hace referencia a Nari\u00f1o como el d\u00e9cimo departamento creado en Colombia, despu\u00e9s de un proceso pol\u00edtico liderado por actores y actrices regionales con el fin de obtener la independencia y autonom\u00eda de nuestros territorios. Con la creaci\u00f3n de P\u00e1gina 10 se pretende abrir un escenario para el dialogo, la reflexi\u00f3n y el debate que se extienda a otras geograf\u00edas de Am\u00e9rica Latina y del planeta, en una apuesta por transformar colectivamente los desaf\u00edos de un mundo contempor\u00e1neo, m\u00e1s all\u00e1 de las fronteras impuestas.","url":"https:\/\/pagina10.com\/web\/author\/pdiezadmin\/"}]}},"_links":{"self":[{"href":"https:\/\/pagina10.com\/web\/wp-json\/wp\/v2\/posts\/47611","targetHints":{"allow":["GET"]}}],"collection":[{"href":"https:\/\/pagina10.com\/web\/wp-json\/wp\/v2\/posts"}],"about":[{"href":"https:\/\/pagina10.com\/web\/wp-json\/wp\/v2\/types\/post"}],"author":[{"embeddable":true,"href":"https:\/\/pagina10.com\/web\/wp-json\/wp\/v2\/users\/1"}],"replies":[{"embeddable":true,"href":"https:\/\/pagina10.com\/web\/wp-json\/wp\/v2\/comments?post=47611"}],"version-history":[{"count":1,"href":"https:\/\/pagina10.com\/web\/wp-json\/wp\/v2\/posts\/47611\/revisions"}],"predecessor-version":[{"id":47613,"href":"https:\/\/pagina10.com\/web\/wp-json\/wp\/v2\/posts\/47611\/revisions\/47613"}],"wp:featuredmedia":[{"embeddable":true,"href":"https:\/\/pagina10.com\/web\/wp-json\/wp\/v2\/media\/47612"}],"wp:attachment":[{"href":"https:\/\/pagina10.com\/web\/wp-json\/wp\/v2\/media?parent=47611"}],"wp:term":[{"taxonomy":"category","embeddable":true,"href":"https:\/\/pagina10.com\/web\/wp-json\/wp\/v2\/categories?post=47611"},{"taxonomy":"post_tag","embeddable":true,"href":"https:\/\/pagina10.com\/web\/wp-json\/wp\/v2\/tags?post=47611"}],"curies":[{"name":"wp","href":"https:\/\/api.w.org\/{rel}","templated":true}]}}