{"id":47639,"date":"2020-10-01T20:07:54","date_gmt":"2020-10-01T20:07:54","guid":{"rendered":"https:\/\/pagina10.com\/web\/?p=47639"},"modified":"2020-10-01T20:12:16","modified_gmt":"2020-10-01T20:12:16","slug":"la-via-a-rumichaca-y-los-dialogos-en-la-vispera-del-funeral","status":"publish","type":"post","link":"https:\/\/pagina10.com\/web\/la-via-a-rumichaca-y-los-dialogos-en-la-vispera-del-funeral\/","title":{"rendered":"La v\u00eda a Rumichaca y los di\u00e1logos en la v\u00edspera del funeral"},"content":{"rendered":"<p style=\"text-align: justify;\">Por: Omar Raul Martinez Guerra<\/p>\n<p style=\"text-align: justify;\">Tengo en mi haber tres\u00a0 versiones sobre el descalabro \u00a0en la construcci\u00f3n de la doble calzada del aeropuerto Antonio Nari\u00f1o a la ciudad de Pasto. La primera, dada por un erudito \u00a0conductor de taxi, quien sosten\u00eda que los grandes constructores no aceptaron una obra que costaba 300.000 millones de pesos, pero cuyo presupuesto apenas llegaba a los 180.000.000. Gan\u00f3 la opci\u00f3n m\u00e1s barata. La segunda, que todo se debi\u00f3 a la oposici\u00f3n para instalar un peaje. Y la tercera, que los propietarios de los peque\u00f1os negocios en el tramo limitante con Chachagu\u00ed, se opusieron radicalmente a que una nueva v\u00eda afectara la ubicaci\u00f3n de sus tiendas y restaurantes. Una vez m\u00e1s, el bien particular por encima del beneficio com\u00fan.<\/p>\n<p style=\"text-align: justify;\">A\u00f1os despu\u00e9s, la realidad nos dice que la peor v\u00eda de comunicaci\u00f3n terrestre en Colombia entre una capital de departamento y su aeropuerto tiene nombre propio: la carretera aeropuerto, Chachagu\u00ed &#8211; Pasto. Es famosa hasta por saber que alguien contabiliz\u00f3 con precisi\u00f3n aritm\u00e9tica el n\u00famero de curvas, 333, en un tramo de 35 kil\u00f3metros. Casi 10 de ellas por cada kil\u00f3metro. De hecho, es \u00a0menor el tiempo empleado en viajar desde Bogot\u00e1 al Antonio Nari\u00f1o en un Airbus 319, -850 kil\u00f3metros en 45 minutos- , que hacerlo en carro desde el aer\u00f3dromo hasta Pasto, sorteando la fila de tractomulas, buses y todo tipo de veh\u00edculos de mayor peso y lentitud. Pasar en doble l\u00ednea amarilla o hacerlo en una curva cerrada es una de las peligrosas costumbres de todos los d\u00edas, cuando el af\u00e1n o la tensi\u00f3n desesperan, por encima del cuidado a la vida del o los pasajeros.<\/p>\n<p style=\"text-align: justify;\">La caricatura \u00a0de la segunda calzada hace parte hoy del paisaje. A poca distancia se alcanza a observar un carreteable amenazado con ser devorado por la naturaleza. No es una obra a medias. Es un fracaso completo, del cual \u00a0poco se habla y menos se sabe, y, sobre todo, del que \u00a0nadie se hace responsable. En el a\u00f1o anterior las autoridades locales anunciaron la inversi\u00f3n de 15.000 mil millones para unir mediante un puente los dos tramos. Trat\u00e1ndose de\u00a0 una noticia en v\u00edsperas de elecciones, nada pas\u00f3, ni siendo una baratija.<\/p>\n<p style=\"text-align: justify;\">En el caso de la esperada doble calzada a Rumichaca, no existe la versi\u00f3n de presupuesto insuficiente, que es el m\u00e1s grave tropiezo en materia de obras civiles, pero a juzgar por las circunstancias, si hay coincidencia \u00a0con las referidas al principio de esta columna, como lo son la ubicaci\u00f3n de un peaje y <a href=\"https:\/\/www.facebook.com\/412972205436998\/videos\/650906875832719\">la oposici\u00f3n de una comunidad bajo argumentos que seg\u00fan un joven concejal de Ipiales, se resumen en 43 puntos, que en el entred\u00eda se extendieron a 45.<\/a><\/p>\n<p style=\"text-align: justify;\">Hace casi un a\u00f1o, el 5 de octubre de 2019, me enter\u00e9 del riesgo de suspender la obra en el trayecto San Juan a Ipiales, por declaraciones de la gerente de la concesi\u00f3n. Escrib\u00ed para este mismo portal una columna que con las mejores intenciones- es lo que presumo- fue editada en su titular. Originalmente dec\u00eda: \u201cLa doble calzada: a cada soluci\u00f3n se le tiene su problema\u201d. T\u00edpico en Nari\u00f1o. \u00a0Planteaba entonces la necesidad de un dialogo civilizado entre Gobierno, concesionario y comunidades ind\u00edgenas. Suplicaba casi la intervenci\u00f3n del gobierno (departamental y municipal), los gremios, la clase pol\u00edtica y hasta de \u00a0la iglesia. Avizoraba las consecuencias nefastas en la econom\u00eda y el desarrollo social de Nari\u00f1o, en caso de una posible interrupci\u00f3n, y hasta\u00a0 pon\u00eda de ejemplo los acuerdos que permitieron al pa\u00eds vecino tener una de las mejores redes viales de Latinoam\u00e9rica, bien capitalizadas \u00a0por los hermanos ind\u00edgenas ecuatorianos. Vanas ilusiones.<\/p>\n<p style=\"text-align: justify;\">Hoy tuve la oportunidad de ver los paneles virtuales organizados por el director de Pagina10.com. Me detuve algo m\u00e1s en \u201c\u00bfUna doble calzada completa o incompleta: Posiciones encontradas?\u201d, con la intervenci\u00f3n de cinco ciudadanos y su moderador. Al final de los \u00a0paneles, me agradec\u00ed a m\u00ed mismo la paciencia para escuchar con atenci\u00f3n las exposiciones, debido \u00a0a la buena iniciativa del medio de comunicaci\u00f3n por ventilar en p\u00fablico los asuntos de inter\u00e9s general. Comparto algunas impresiones personales, nada optimistas.<\/p>\n<p style=\"text-align: justify;\">Un viejo proverbio chino dice: \u201cEn la vida hay tres cosas que no vuelven atr\u00e1s: la flecha lanzada, la palabra pronunciada y la oportunidad perdida\u201d. No parece sensato esperar a una discusi\u00f3n que lleva 4 o 6 \u00a0a\u00f1os enteros pueda resolverse en 20 d\u00edas finales. A menos que ocurra un milagro, el nuevo malogro est\u00e1 anunciado, no habr\u00eda doble calzada en el tramo final de Ipiales. Remitirse a un pasado irremediable para quejarse de que el trazado no era el adecuado, de cuanto se hizo o no se hizo, es por lo menos improcedente.<\/p>\n<p style=\"text-align: justify;\">Pero cuanto \u00a0m\u00e1s llama la atenci\u00f3n es el celo presente en \u00a0las conversaciones entre las partes. Un periodista \u00a0afirm\u00f3 que estas se dieron a puerta cerrada, como si el derecho constitucional a la consulta previa ordenara que los asuntos de inter\u00e9s p\u00fablico fueran manejados en secreto. El mismo periodista sostuvo que esta actitud afect\u00f3 la credibilidad de la gente, al dar lugar a\u00a0 juicios, prejuicios\u00a0 y suspicacias sobre la naturaleza de los intereses de los cabildos y las autoridades ind\u00edgenas. Ojal\u00e1 \u00a0nada de eso fuera cierto. Pero la verdad ser\u00e1 una sola y tendr\u00e1 que conocerse. Al respecto, otro de los participantes considera que las diferencias entre cabildos y autoridades con las comunidades ind\u00edgenas son reales, encontrando que \u00e9stas \u00faltimas son partidarias de llevar el trazado completo hasta la frontera.<\/p>\n<p style=\"text-align: justify;\">\u00a0Por su parte, el concejal ind\u00edgena, en representaci\u00f3n de las autoridades, sostuvo que los puntos para un acuerdo total y final son 43, a pesar de que en pocos momentos pas\u00f3 a 45. Ideal haberlos divulgado todos, pero a tiempo. De esos, se refiri\u00f3 a tres en concreto: a. la afectaci\u00f3n de un humedal, b. la construcci\u00f3n de redes viales desde las veredas a la nueva carretera y c. el aislamiento de la v\u00eda al Santuario de las Lajas por la presunta falta de un deprimido, lo cual \u00a0t\u00e9cnicamente parece poco cre\u00edble. De manera gen\u00e9rica mencion\u00f3 la defensa del agua y de la tierra, pero sin explicaci\u00f3n espec\u00edfica de potenciales riesgos, que en estos casos son los primeros llamados a evitar a cualquier costo, siempre y cuando sean identificados y evaluados.<\/p>\n<p style=\"text-align: justify;\">Un avezado panelista adujo que detr\u00e1s de todo hay una trampa del Gobierno Nacional y el concesionario, a quienes les interesa suprimir la doble v\u00eda por ahorro del gasto. Peor todav\u00eda, de ser cierto, porque dar\u00eda lugar a pensar en que al oponerse se estar\u00eda facilitando ese inter\u00e9s. No parece sino una especulaci\u00f3n m\u00e1s. En otros paneles, los t\u00e9cnicos responsables de la gesti\u00f3n por parte del departamento expusieron con gran claridad el penoso \u00a0viacrucis para conseguir que los funcionarios en Bogot\u00e1 ampliaran los plazos para conseguir los ariscos acuerdos. De nada sirvieron los plazos, el tiempo y los sempiternos \u00a0di\u00e1logos, la palabra m\u00e1s desgastada en este ca\u00f3tico proceso.<\/p>\n<p style=\"text-align: justify;\">Al final, la triste \u00a0conclusi\u00f3n de la jornada medi\u00e1tica parece ser\u00a0 \u00a0que la \u201cdoble calzada se quedar\u00e1 con 2 peajes y 16 kil\u00f3metros menos\u201d. Inaceptable, incomprensible, irresponsable. Sin embargo, \u00a0tal como pas\u00f3 con la doble v\u00eda al aeropuerto de Pasto, en poco tiempo nadie responder\u00e1 por la oportunidad perdida ni la palabra pronunciada.<\/p>\n<p style=\"text-align: justify;\">Como una reflexi\u00f3n final se me viene a la cabeza las falsas ilusiones montadas sobre la \u00a0Constituci\u00f3n Pol\u00edtica de 1991. Qu\u00e9 f\u00e1cil es decir que Colombia es un Estado de Derecho, pero que dif\u00edcil es entenderlo y ponerlo en pr\u00e1ctica. Ni se diga lo ocurrido con el fastidioso manoseo del derecho a la participaci\u00f3n. En nuestro medio regional, todo el mundo quiere participar, siempre y cuando lo participativo consista en satisfacer los\u00a0 intereses de cada quien. El concepto de bien com\u00fan \u00a0es una falacia. Y aqu\u00ed estriba una de las mayores dificultades para que en regiones como Nari\u00f1o, nuestro departamento, salga adelante en el concierto nacional. Detr\u00e1s de todo, subyace una cultura propensa al individualismo, al clan, al grup\u00fasculo pol\u00edtico, al partido, al alcalde y al cacique. Vivimos del diario vivir de la queja, del lamento, del \u201cno nos quieren\u201d. El agravio y la descalificaci\u00f3n al contrario es una norma, como lo demostraron quienes escribieron los comentarios, en su mayor\u00eda con loas endiosadas a sus \u00eddolos, aunque plagadas de errores de ortograf\u00eda, de redacci\u00f3n y sin ideas ni propuestas, salvo escas\u00edsimas \u00a0excepciones.<\/p>\n<p style=\"text-align: justify;\">Cuanto qued\u00f3 en \u00a0evidencia es que si hay un acuerdo en 20 d\u00edas es porque mi Dios es m\u00e1s grande de cuanto cre\u00edamos \u00a0los mortales, Dudo sobremanera alcanzar el \u00a0acuerdo, pero lo celebrar\u00eda a rabiar si se lograra. De cuanto si estoy seguro es que un proyecto so\u00f1ado para el bienestar y el progreso de Nari\u00f1o entero, de no darse, \u00a0agudizar\u00e1 la \u00a0honda ruptura entre cabildos-autoridades \u00a0ind\u00edgenas de Ipiales \u00a0y el resto de la poblaci\u00f3n, cuando lo ideal es la unidad, el respeto y la integraci\u00f3n. El gran malestar \u00a0se sentir\u00e1 verdaderamente cuando los millares de viajeros recorran desde el norte gastando la mitad del tiempo de antes, y pierdan el doble del mismo cuando lleguen al cuello de botella en San Juan. O al contrario. Peor a\u00fan si es cierto lo de un proyecto que unir\u00eda Quito con Bogot\u00e1 pasando por San Miguel en el Putumayo, el \u00a0cual aislar\u00eda irremediable a Nari\u00f1o entero. Acudir a los llamados al dialogo en v\u00edsperas del funeral es inoficioso y demag\u00f3gico. Es ya o nunca.<\/p>\n<p style=\"text-align: justify;\">Nota final: un peaje es un impuesto sobre el uso del suelo que le pertenece al Estado. Nadie se siente gustoso pagando impuestos, aunque a veces compruebe con sus ojos que su plata se ha invertido correctamente y no se la han robado. Con los impuestos recaudados del peaje, el constructor recupera el capital invertido \u00a0y saca sus respectivas ganancias, de acuerdo con las leyes del mercado. Ignoro cu\u00e1les ser\u00e1n sus valores pero aspiro como todos a un costo sensato. En Ecuador tuvieron los recursos del petr\u00f3leo para construir sus carreteras sin necesidad de los peajes. Se dice que en Colombia no existen los recursos como los tuvo el pais vecino. Este deber\u00eda ser un tema de ciencias sociales en s\u00e9ptimo grado, que ayudar\u00eda mucho a entender c\u00f3mo funciona el Estado. Como no se hace, vivimos confundidos y con cierta raz\u00f3n, enojados y peleando entre nosotros mismos.<\/p>\n<p style=\"text-align: justify;\">\u00a0De all\u00ed la necesidad de que se d\u00e9 formaci\u00f3n pol\u00edtica en los establecimientos escolares, para aprender a defender los derechos como ciudadanos y tambi\u00e9n a cumplir con los deberes, a participar cr\u00edticamente y a comprometernos solidariamente y responsablemente con las soluciones. A conocer y adoptar la \u00e9tica, independientemente si se es citadino, ind\u00edgena, campesino,\u00a0 afro, mestizo o blanco. A vigilar con criterio el manejo financiero de nuestros impuestos. A participar democr\u00e1ticamente, con argumentos y aprender a ceder cuando el contrario tiene la raz\u00f3n. A elegir a conciencia a nuestras autoridades y dirigentes y a superar las perversas costumbres de vender el voto a cambio de favores que finalmente nos empobrecen m\u00e1s. No debe ser tan f\u00e1cil, pero se puede.<\/p>\n<p style=\"text-align: justify;\">Bogot\u00e1, septiembre 30 de 2020<\/p>\n<p><iframe style=\"border: none; overflow: hidden;\" src=\"https:\/\/www.facebook.com\/plugins\/video.php?href=https%3A%2F%2Fwww.facebook.com%2Fpag10com%2Fvideos%2F546817912792178%2F&amp;show_text=0&amp;width=560\" width=\"560\" height=\"315\" frameborder=\"0\" scrolling=\"no\" allowfullscreen=\"allowfullscreen\"><\/iframe><\/p>\n<p><iframe style=\"border: none; overflow: hidden;\" src=\"https:\/\/www.facebook.com\/plugins\/video.php?href=https%3A%2F%2Fwww.facebook.com%2Fpag10com%2Fvideos%2F335202970926019%2F&amp;show_text=0&amp;width=560\" width=\"560\" height=\"315\" frameborder=\"0\" scrolling=\"no\" allowfullscreen=\"allowfullscreen\"><\/iframe><\/p>\n","protected":false},"excerpt":{"rendered":"<p>Por: Omar Raul Martinez Guerra Tengo en mi haber tres\u00a0 versiones sobre el descalabro \u00a0en la construcci\u00f3n de la doble calzada del aeropuerto Antonio Nari\u00f1o a la ciudad de Pasto. La primera, dada por un erudito \u00a0conductor de taxi, quien sosten\u00eda que los grandes constructores no aceptaron una obra que costaba 300.000 millones de pesos, [&hellip;]<\/p>\n","protected":false},"author":15,"featured_media":29034,"comment_status":"open","ping_status":"open","sticky":false,"template":"","format":"standard","meta":{"footnotes":""},"categories":[13],"tags":[],"class_list":["post-47639","post","type-post","status-publish","format-standard","has-post-thumbnail","hentry","category-economia"],"yoast_head":"<!-- This site is optimized with the Yoast SEO plugin v27.1.1 - https:\/\/yoast.com\/product\/yoast-seo-wordpress\/ -->\n<title>La v\u00eda a Rumichaca y los di\u00e1logos en la v\u00edspera del funeral | P\u00e1gina10<\/title>\n<meta name=\"robots\" content=\"index, follow, max-snippet:-1, max-image-preview:large, max-video-preview:-1\" \/>\n<link rel=\"canonical\" href=\"https:\/\/pagina10.com\/web\/la-via-a-rumichaca-y-los-dialogos-en-la-vispera-del-funeral\/\" \/>\n<meta property=\"og:locale\" content=\"es_ES\" \/>\n<meta property=\"og:type\" content=\"article\" \/>\n<meta property=\"og:title\" content=\"La v\u00eda a Rumichaca y los di\u00e1logos en la v\u00edspera del funeral | P\u00e1gina10\" \/>\n<meta property=\"og:description\" content=\"Por: Omar Raul Martinez Guerra Tengo en mi haber tres versiones sobre el descalabro en la construcci\u00f3n de la doble calzada del aeropuerto Antonio Nari\u00f1o a la ciudad de Pasto. La primera, dada por un erudito conductor de taxi, quien sosten\u00eda que los grandes constructores no aceptaron una obra que costaba 300.000 millones de pesos, [&hellip;]\" \/>\n<meta property=\"og:url\" content=\"https:\/\/pagina10.com\/web\/la-via-a-rumichaca-y-los-dialogos-en-la-vispera-del-funeral\/\" \/>\n<meta property=\"og:site_name\" content=\"P\u00e1gina10\" \/>\n<meta property=\"article:publisher\" content=\"https:\/\/www.facebook.com\/pag10com\" \/>\n<meta property=\"article:published_time\" content=\"2020-10-01T20:07:54+00:00\" \/>\n<meta property=\"article:modified_time\" content=\"2020-10-01T20:12:16+00:00\" \/>\n<meta property=\"og:image\" content=\"https:\/\/pagina10.com\/web\/wp-content\/uploads\/2018\/02\/doble-calzada.jpg\" \/>\n\t<meta property=\"og:image:width\" content=\"600\" \/>\n\t<meta property=\"og:image:height\" content=\"300\" \/>\n\t<meta property=\"og:image:type\" content=\"image\/jpeg\" \/>\n<meta name=\"author\" content=\"Columnista Invitado\" \/>\n<meta name=\"twitter:card\" content=\"summary_large_image\" \/>\n<meta name=\"twitter:creator\" content=\"@Pag10com\" \/>\n<meta name=\"twitter:site\" content=\"@Pag10com\" \/>\n<meta name=\"twitter:label1\" content=\"Escrito por\" \/>\n\t<meta name=\"twitter:data1\" content=\"Columnista Invitado\" \/>\n\t<meta name=\"twitter:label2\" content=\"Tiempo de lectura\" \/>\n\t<meta name=\"twitter:data2\" content=\"10 minutos\" \/>\n<script type=\"application\/ld+json\" class=\"yoast-schema-graph\">{\"@context\":\"https:\/\/schema.org\",\"@graph\":[{\"@type\":\"Article\",\"@id\":\"https:\/\/pagina10.com\/web\/la-via-a-rumichaca-y-los-dialogos-en-la-vispera-del-funeral\/#article\",\"isPartOf\":{\"@id\":\"https:\/\/pagina10.com\/web\/la-via-a-rumichaca-y-los-dialogos-en-la-vispera-del-funeral\/\"},\"author\":{\"name\":\"Columnista Invitado\",\"@id\":\"https:\/\/pagina10.com\/web\/#\/schema\/person\/21249ac8e46fa849c3df7b78feed163e\"},\"headline\":\"La v\u00eda a Rumichaca y los di\u00e1logos en la v\u00edspera del funeral\",\"datePublished\":\"2020-10-01T20:07:54+00:00\",\"dateModified\":\"2020-10-01T20:12:16+00:00\",\"mainEntityOfPage\":{\"@id\":\"https:\/\/pagina10.com\/web\/la-via-a-rumichaca-y-los-dialogos-en-la-vispera-del-funeral\/\"},\"wordCount\":1956,\"commentCount\":0,\"publisher\":{\"@id\":\"https:\/\/pagina10.com\/web\/#organization\"},\"image\":{\"@id\":\"https:\/\/pagina10.com\/web\/la-via-a-rumichaca-y-los-dialogos-en-la-vispera-del-funeral\/#primaryimage\"},\"thumbnailUrl\":\"https:\/\/pagina10.com\/web\/wp-content\/uploads\/2018\/02\/doble-calzada-e1717685667636.jpg\",\"articleSection\":[\"Econom\u00eda\"],\"inLanguage\":\"es\",\"potentialAction\":[{\"@type\":\"CommentAction\",\"name\":\"Comment\",\"target\":[\"https:\/\/pagina10.com\/web\/la-via-a-rumichaca-y-los-dialogos-en-la-vispera-del-funeral\/#respond\"]}]},{\"@type\":\"WebPage\",\"@id\":\"https:\/\/pagina10.com\/web\/la-via-a-rumichaca-y-los-dialogos-en-la-vispera-del-funeral\/\",\"url\":\"https:\/\/pagina10.com\/web\/la-via-a-rumichaca-y-los-dialogos-en-la-vispera-del-funeral\/\",\"name\":\"La v\u00eda a Rumichaca y los di\u00e1logos en la v\u00edspera del funeral | P\u00e1gina10\",\"isPartOf\":{\"@id\":\"https:\/\/pagina10.com\/web\/#website\"},\"primaryImageOfPage\":{\"@id\":\"https:\/\/pagina10.com\/web\/la-via-a-rumichaca-y-los-dialogos-en-la-vispera-del-funeral\/#primaryimage\"},\"image\":{\"@id\":\"https:\/\/pagina10.com\/web\/la-via-a-rumichaca-y-los-dialogos-en-la-vispera-del-funeral\/#primaryimage\"},\"thumbnailUrl\":\"https:\/\/pagina10.com\/web\/wp-content\/uploads\/2018\/02\/doble-calzada-e1717685667636.jpg\",\"datePublished\":\"2020-10-01T20:07:54+00:00\",\"dateModified\":\"2020-10-01T20:12:16+00:00\",\"breadcrumb\":{\"@id\":\"https:\/\/pagina10.com\/web\/la-via-a-rumichaca-y-los-dialogos-en-la-vispera-del-funeral\/#breadcrumb\"},\"inLanguage\":\"es\",\"potentialAction\":[{\"@type\":\"ReadAction\",\"target\":[\"https:\/\/pagina10.com\/web\/la-via-a-rumichaca-y-los-dialogos-en-la-vispera-del-funeral\/\"]}]},{\"@type\":\"ImageObject\",\"inLanguage\":\"es\",\"@id\":\"https:\/\/pagina10.com\/web\/la-via-a-rumichaca-y-los-dialogos-en-la-vispera-del-funeral\/#primaryimage\",\"url\":\"https:\/\/pagina10.com\/web\/wp-content\/uploads\/2018\/02\/doble-calzada-e1717685667636.jpg\",\"contentUrl\":\"https:\/\/pagina10.com\/web\/wp-content\/uploads\/2018\/02\/doble-calzada-e1717685667636.jpg\",\"width\":406,\"height\":248},{\"@type\":\"BreadcrumbList\",\"@id\":\"https:\/\/pagina10.com\/web\/la-via-a-rumichaca-y-los-dialogos-en-la-vispera-del-funeral\/#breadcrumb\",\"itemListElement\":[{\"@type\":\"ListItem\",\"position\":1,\"name\":\"Portada\",\"item\":\"https:\/\/pagina10.com\/web\/\"},{\"@type\":\"ListItem\",\"position\":2,\"name\":\"La v\u00eda a Rumichaca y los di\u00e1logos en la v\u00edspera del funeral\"}]},{\"@type\":\"WebSite\",\"@id\":\"https:\/\/pagina10.com\/web\/#website\",\"url\":\"https:\/\/pagina10.com\/web\/\",\"name\":\"P\u00e1gina10\",\"description\":\"Peri\u00f3dico Regional\",\"publisher\":{\"@id\":\"https:\/\/pagina10.com\/web\/#organization\"},\"alternateName\":\"P\u00e1gina10 Peri\u00f3dico Regional\",\"potentialAction\":[{\"@type\":\"SearchAction\",\"target\":{\"@type\":\"EntryPoint\",\"urlTemplate\":\"https:\/\/pagina10.com\/web\/?s={search_term_string}\"},\"query-input\":{\"@type\":\"PropertyValueSpecification\",\"valueRequired\":true,\"valueName\":\"search_term_string\"}}],\"inLanguage\":\"es\"},{\"@type\":\"Organization\",\"@id\":\"https:\/\/pagina10.com\/web\/#organization\",\"name\":\"P\u00e1gina10\",\"alternateName\":\"P\u00e1gina10 Peri\u00f3dico Regional\",\"url\":\"https:\/\/pagina10.com\/web\/\",\"logo\":{\"@type\":\"ImageObject\",\"inLanguage\":\"es\",\"@id\":\"https:\/\/pagina10.com\/web\/#\/schema\/logo\/image\/\",\"url\":\"https:\/\/pagina10.com\/web\/wp-content\/uploads\/2024\/01\/40-pagina-10-periodico-regional-pasto.jpg\",\"contentUrl\":\"https:\/\/pagina10.com\/web\/wp-content\/uploads\/2024\/01\/40-pagina-10-periodico-regional-pasto.jpg\",\"width\":1280,\"height\":720,\"caption\":\"P\u00e1gina10\"},\"image\":{\"@id\":\"https:\/\/pagina10.com\/web\/#\/schema\/logo\/image\/\"},\"sameAs\":[\"https:\/\/www.facebook.com\/pag10com\",\"https:\/\/x.com\/Pag10com\",\"https:\/\/www.instagram.com\/pagina10col\/\",\"https:\/\/youtube.com\/channel\/pag10\",\"https:\/\/www.tiktok.com\/@p10col\"]},{\"@type\":\"Person\",\"@id\":\"https:\/\/pagina10.com\/web\/#\/schema\/person\/21249ac8e46fa849c3df7b78feed163e\",\"name\":\"Columnista Invitado\",\"url\":\"https:\/\/pagina10.com\/web\/author\/invitado\/\"}]}<\/script>\n<!-- \/ Yoast SEO plugin. -->","yoast_head_json":{"title":"La v\u00eda a Rumichaca y los di\u00e1logos en la v\u00edspera del funeral | P\u00e1gina10","robots":{"index":"index","follow":"follow","max-snippet":"max-snippet:-1","max-image-preview":"max-image-preview:large","max-video-preview":"max-video-preview:-1"},"canonical":"https:\/\/pagina10.com\/web\/la-via-a-rumichaca-y-los-dialogos-en-la-vispera-del-funeral\/","og_locale":"es_ES","og_type":"article","og_title":"La v\u00eda a Rumichaca y los di\u00e1logos en la v\u00edspera del funeral | P\u00e1gina10","og_description":"Por: Omar Raul Martinez Guerra Tengo en mi haber tres versiones sobre el descalabro en la construcci\u00f3n de la doble calzada del aeropuerto Antonio Nari\u00f1o a la ciudad de Pasto. La primera, dada por un erudito conductor de taxi, quien sosten\u00eda que los grandes constructores no aceptaron una obra que costaba 300.000 millones de pesos, [&hellip;]","og_url":"https:\/\/pagina10.com\/web\/la-via-a-rumichaca-y-los-dialogos-en-la-vispera-del-funeral\/","og_site_name":"P\u00e1gina10","article_publisher":"https:\/\/www.facebook.com\/pag10com","article_published_time":"2020-10-01T20:07:54+00:00","article_modified_time":"2020-10-01T20:12:16+00:00","og_image":[{"width":600,"height":300,"url":"https:\/\/pagina10.com\/web\/wp-content\/uploads\/2018\/02\/doble-calzada.jpg","type":"image\/jpeg"}],"author":"Columnista Invitado","twitter_card":"summary_large_image","twitter_creator":"@Pag10com","twitter_site":"@Pag10com","twitter_misc":{"Escrito por":"Columnista Invitado","Tiempo de lectura":"10 minutos"},"schema":{"@context":"https:\/\/schema.org","@graph":[{"@type":"Article","@id":"https:\/\/pagina10.com\/web\/la-via-a-rumichaca-y-los-dialogos-en-la-vispera-del-funeral\/#article","isPartOf":{"@id":"https:\/\/pagina10.com\/web\/la-via-a-rumichaca-y-los-dialogos-en-la-vispera-del-funeral\/"},"author":{"name":"Columnista Invitado","@id":"https:\/\/pagina10.com\/web\/#\/schema\/person\/21249ac8e46fa849c3df7b78feed163e"},"headline":"La v\u00eda a Rumichaca y los di\u00e1logos en la v\u00edspera del funeral","datePublished":"2020-10-01T20:07:54+00:00","dateModified":"2020-10-01T20:12:16+00:00","mainEntityOfPage":{"@id":"https:\/\/pagina10.com\/web\/la-via-a-rumichaca-y-los-dialogos-en-la-vispera-del-funeral\/"},"wordCount":1956,"commentCount":0,"publisher":{"@id":"https:\/\/pagina10.com\/web\/#organization"},"image":{"@id":"https:\/\/pagina10.com\/web\/la-via-a-rumichaca-y-los-dialogos-en-la-vispera-del-funeral\/#primaryimage"},"thumbnailUrl":"https:\/\/pagina10.com\/web\/wp-content\/uploads\/2018\/02\/doble-calzada-e1717685667636.jpg","articleSection":["Econom\u00eda"],"inLanguage":"es","potentialAction":[{"@type":"CommentAction","name":"Comment","target":["https:\/\/pagina10.com\/web\/la-via-a-rumichaca-y-los-dialogos-en-la-vispera-del-funeral\/#respond"]}]},{"@type":"WebPage","@id":"https:\/\/pagina10.com\/web\/la-via-a-rumichaca-y-los-dialogos-en-la-vispera-del-funeral\/","url":"https:\/\/pagina10.com\/web\/la-via-a-rumichaca-y-los-dialogos-en-la-vispera-del-funeral\/","name":"La v\u00eda a Rumichaca y los di\u00e1logos en la v\u00edspera del funeral | P\u00e1gina10","isPartOf":{"@id":"https:\/\/pagina10.com\/web\/#website"},"primaryImageOfPage":{"@id":"https:\/\/pagina10.com\/web\/la-via-a-rumichaca-y-los-dialogos-en-la-vispera-del-funeral\/#primaryimage"},"image":{"@id":"https:\/\/pagina10.com\/web\/la-via-a-rumichaca-y-los-dialogos-en-la-vispera-del-funeral\/#primaryimage"},"thumbnailUrl":"https:\/\/pagina10.com\/web\/wp-content\/uploads\/2018\/02\/doble-calzada-e1717685667636.jpg","datePublished":"2020-10-01T20:07:54+00:00","dateModified":"2020-10-01T20:12:16+00:00","breadcrumb":{"@id":"https:\/\/pagina10.com\/web\/la-via-a-rumichaca-y-los-dialogos-en-la-vispera-del-funeral\/#breadcrumb"},"inLanguage":"es","potentialAction":[{"@type":"ReadAction","target":["https:\/\/pagina10.com\/web\/la-via-a-rumichaca-y-los-dialogos-en-la-vispera-del-funeral\/"]}]},{"@type":"ImageObject","inLanguage":"es","@id":"https:\/\/pagina10.com\/web\/la-via-a-rumichaca-y-los-dialogos-en-la-vispera-del-funeral\/#primaryimage","url":"https:\/\/pagina10.com\/web\/wp-content\/uploads\/2018\/02\/doble-calzada-e1717685667636.jpg","contentUrl":"https:\/\/pagina10.com\/web\/wp-content\/uploads\/2018\/02\/doble-calzada-e1717685667636.jpg","width":406,"height":248},{"@type":"BreadcrumbList","@id":"https:\/\/pagina10.com\/web\/la-via-a-rumichaca-y-los-dialogos-en-la-vispera-del-funeral\/#breadcrumb","itemListElement":[{"@type":"ListItem","position":1,"name":"Portada","item":"https:\/\/pagina10.com\/web\/"},{"@type":"ListItem","position":2,"name":"La v\u00eda a Rumichaca y los di\u00e1logos en la v\u00edspera del funeral"}]},{"@type":"WebSite","@id":"https:\/\/pagina10.com\/web\/#website","url":"https:\/\/pagina10.com\/web\/","name":"P\u00e1gina10","description":"Peri\u00f3dico Regional","publisher":{"@id":"https:\/\/pagina10.com\/web\/#organization"},"alternateName":"P\u00e1gina10 Peri\u00f3dico Regional","potentialAction":[{"@type":"SearchAction","target":{"@type":"EntryPoint","urlTemplate":"https:\/\/pagina10.com\/web\/?s={search_term_string}"},"query-input":{"@type":"PropertyValueSpecification","valueRequired":true,"valueName":"search_term_string"}}],"inLanguage":"es"},{"@type":"Organization","@id":"https:\/\/pagina10.com\/web\/#organization","name":"P\u00e1gina10","alternateName":"P\u00e1gina10 Peri\u00f3dico Regional","url":"https:\/\/pagina10.com\/web\/","logo":{"@type":"ImageObject","inLanguage":"es","@id":"https:\/\/pagina10.com\/web\/#\/schema\/logo\/image\/","url":"https:\/\/pagina10.com\/web\/wp-content\/uploads\/2024\/01\/40-pagina-10-periodico-regional-pasto.jpg","contentUrl":"https:\/\/pagina10.com\/web\/wp-content\/uploads\/2024\/01\/40-pagina-10-periodico-regional-pasto.jpg","width":1280,"height":720,"caption":"P\u00e1gina10"},"image":{"@id":"https:\/\/pagina10.com\/web\/#\/schema\/logo\/image\/"},"sameAs":["https:\/\/www.facebook.com\/pag10com","https:\/\/x.com\/Pag10com","https:\/\/www.instagram.com\/pagina10col\/","https:\/\/youtube.com\/channel\/pag10","https:\/\/www.tiktok.com\/@p10col"]},{"@type":"Person","@id":"https:\/\/pagina10.com\/web\/#\/schema\/person\/21249ac8e46fa849c3df7b78feed163e","name":"Columnista Invitado","url":"https:\/\/pagina10.com\/web\/author\/invitado\/"}]}},"_links":{"self":[{"href":"https:\/\/pagina10.com\/web\/wp-json\/wp\/v2\/posts\/47639","targetHints":{"allow":["GET"]}}],"collection":[{"href":"https:\/\/pagina10.com\/web\/wp-json\/wp\/v2\/posts"}],"about":[{"href":"https:\/\/pagina10.com\/web\/wp-json\/wp\/v2\/types\/post"}],"author":[{"embeddable":true,"href":"https:\/\/pagina10.com\/web\/wp-json\/wp\/v2\/users\/15"}],"replies":[{"embeddable":true,"href":"https:\/\/pagina10.com\/web\/wp-json\/wp\/v2\/comments?post=47639"}],"version-history":[{"count":3,"href":"https:\/\/pagina10.com\/web\/wp-json\/wp\/v2\/posts\/47639\/revisions"}],"predecessor-version":[{"id":47642,"href":"https:\/\/pagina10.com\/web\/wp-json\/wp\/v2\/posts\/47639\/revisions\/47642"}],"wp:featuredmedia":[{"embeddable":true,"href":"https:\/\/pagina10.com\/web\/wp-json\/wp\/v2\/media\/29034"}],"wp:attachment":[{"href":"https:\/\/pagina10.com\/web\/wp-json\/wp\/v2\/media?parent=47639"}],"wp:term":[{"taxonomy":"category","embeddable":true,"href":"https:\/\/pagina10.com\/web\/wp-json\/wp\/v2\/categories?post=47639"},{"taxonomy":"post_tag","embeddable":true,"href":"https:\/\/pagina10.com\/web\/wp-json\/wp\/v2\/tags?post=47639"}],"curies":[{"name":"wp","href":"https:\/\/api.w.org\/{rel}","templated":true}]}}