{"id":47717,"date":"2020-10-08T16:17:34","date_gmt":"2020-10-08T16:17:34","guid":{"rendered":"https:\/\/pagina10.com\/web\/?p=47717"},"modified":"2020-10-08T16:23:39","modified_gmt":"2020-10-08T16:23:39","slug":"narino-salio-de-los-ultimos-lugares-en-la-gestion-de-proyectos-de-regalias","status":"publish","type":"post","link":"https:\/\/pagina10.com\/web\/narino-salio-de-los-ultimos-lugares-en-la-gestion-de-proyectos-de-regalias\/","title":{"rendered":"Nari\u00f1o sali\u00f3 de los \u00faltimos lugares en la gesti\u00f3n de proyectos de regal\u00edas."},"content":{"rendered":"<p style=\"text-align: justify;\">As\u00ed lo dio a conocer el secretario de planeaci\u00f3n departamental, Euler Mart\u00ednez, qui\u00e9n se\u00f1al\u00f3 que \u201cNari\u00f1o dio un salto significativo en el escalaf\u00f3n nacional de manejo de recursos de regal\u00edas, al pasar del inc\u00f3modo puesto 30 en que qued\u00f3 ubicado el departamento en el a\u00f1o 2019 al puesto 24 a 30 de junio del 2020 subiendo 6 puestos.\u201d<\/p>\n<p style=\"text-align: justify;\">Adem\u00e1s expres\u00f3: \u201cEsto significa que la gesti\u00f3n y la labor que hemos hecho en este campo, han dado los primeros frutos que permiten esperar que en el pr\u00f3ximo a\u00f1o, ojal\u00e1 ya sin pandemia y con la vocaci\u00f3n emprendedora de los nari\u00f1enses en plena recuperaci\u00f3n, Nari\u00f1o pueda acercarse a una mejor posici\u00f3n\u201d.<\/p>\n<p style=\"text-align: justify;\">La gobernaci\u00f3n de Nari\u00f1o se ubica en el puesto 24 con 106 proyectos ejecutados, lo que implica una mejor\u00eda en 6 puestos al trimestre inmediatamente anterior. Cabe resaltar que es uno de los departamentos que m\u00e1s proyectos ejecuta en relaci\u00f3n a los 33, incluido Bogot\u00e1, medidos en el informe de gesti\u00f3n de regal\u00edas.<\/p>\n<p style=\"text-align: justify;\"><img fetchpriority=\"high\" decoding=\"async\" class=\"aligncenter size-full wp-image-47723\" src=\"https:\/\/pagina10.com\/web\/wp-content\/uploads\/2020\/10\/Captura-de-Pantalla-2020-10-08-a-las-11.22.54-a.-m..png\" alt=\"\" width=\"593\" height=\"425\" srcset=\"https:\/\/pagina10.com\/web\/wp-content\/uploads\/2020\/10\/Captura-de-Pantalla-2020-10-08-a-las-11.22.54-a.-m..png 593w, https:\/\/pagina10.com\/web\/wp-content\/uploads\/2020\/10\/Captura-de-Pantalla-2020-10-08-a-las-11.22.54-a.-m.-300x215.png 300w\" sizes=\"(max-width: 593px) 100vw, 593px\" \/><\/p>\n<p style=\"text-align: justify;\">Cabe recordar que el\u00a0\u00cdndice de Gesti\u00f3n de Proyectos de Regal\u00edas \u2013 IGPR- con fecha de corte a 2019, \u00a0Nari\u00f1o ocup\u00f3 los \u00faltimos lugares en la gesti\u00f3n de proyectos financiados con Regal\u00edas. \u00a0Este \u00edndice es una herramienta de gesti\u00f3n y control preventivo creada a partir de la informaci\u00f3n registrada por las entidades ejecutoras de los proyectos aprobados con recursos del SGR y de las acciones del Sistema de Monitoreo, Seguimiento, Control y Evaluaci\u00f3n \u2013 SMSCE.<\/p>\n<div style=\"text-align: justify;\">Al cerrar la administraci\u00f3n del exgobernador Romero, Nari\u00f1o ocup\u00f3 el puesto 972 de 1192 a nivel nacional, el 68 de 71 a nivel departamental y el 30 de 33 de entidades de similar tipo.<\/div>\n<p>&nbsp;<\/p>\n<p><a href=\"https:\/\/pagina10.com\/web\/decepcionante-manejo-en-la-ejecucion-de-recursos-de-regalias-en-narino\/\">Esto tambi\u00e9n le puede interesar:\u00a0<span class=\"post-title\">Decepcionante manejo en la ejecuci\u00f3n de recursos de Regal\u00edas en Nari\u00f1o.<\/span><\/a><\/p>\n<p>&nbsp;<\/p>\n","protected":false},"excerpt":{"rendered":"<p>As\u00ed lo dio a conocer el secretario de planeaci\u00f3n departamental, Euler Mart\u00ednez, qui\u00e9n se\u00f1al\u00f3 que \u201cNari\u00f1o dio un salto significativo en el escalaf\u00f3n nacional de manejo de recursos de regal\u00edas, al pasar del inc\u00f3modo puesto 30 en que qued\u00f3 ubicado el departamento en el a\u00f1o 2019 al puesto 24 a 30 de junio del 2020 [&hellip;]<\/p>\n","protected":false},"author":1,"featured_media":47718,"comment_status":"open","ping_status":"open","sticky":false,"template":"","format":"standard","meta":{"footnotes":""},"categories":[53],"tags":[],"class_list":["post-47717","post","type-post","status-publish","format-standard","has-post-thumbnail","hentry","category-regiones"],"yoast_head":"<!-- This site is optimized with the Yoast SEO plugin v27.1.1 - https:\/\/yoast.com\/product\/yoast-seo-wordpress\/ -->\n<title>Nari\u00f1o sali\u00f3 de los \u00faltimos lugares en la gesti\u00f3n de proyectos de regal\u00edas. | P\u00e1gina10<\/title>\n<meta name=\"robots\" content=\"index, follow, max-snippet:-1, max-image-preview:large, max-video-preview:-1\" \/>\n<link rel=\"canonical\" href=\"https:\/\/pagina10.com\/web\/narino-salio-de-los-ultimos-lugares-en-la-gestion-de-proyectos-de-regalias\/\" \/>\n<meta property=\"og:locale\" content=\"es_ES\" \/>\n<meta property=\"og:type\" content=\"article\" \/>\n<meta property=\"og:title\" content=\"Nari\u00f1o sali\u00f3 de los \u00faltimos lugares en la gesti\u00f3n de proyectos de regal\u00edas. | P\u00e1gina10\" \/>\n<meta property=\"og:description\" content=\"As\u00ed lo dio a conocer el secretario de planeaci\u00f3n departamental, Euler Mart\u00ednez, qui\u00e9n se\u00f1al\u00f3 que \u201cNari\u00f1o dio un salto significativo en el escalaf\u00f3n nacional de manejo de recursos de regal\u00edas, al pasar del inc\u00f3modo puesto 30 en que qued\u00f3 ubicado el departamento en el a\u00f1o 2019 al puesto 24 a 30 de junio del 2020 [&hellip;]\" \/>\n<meta property=\"og:url\" content=\"https:\/\/pagina10.com\/web\/narino-salio-de-los-ultimos-lugares-en-la-gestion-de-proyectos-de-regalias\/\" \/>\n<meta property=\"og:site_name\" content=\"P\u00e1gina10\" \/>\n<meta property=\"article:publisher\" content=\"https:\/\/www.facebook.com\/pag10com\" \/>\n<meta property=\"article:published_time\" content=\"2020-10-08T16:17:34+00:00\" \/>\n<meta property=\"article:modified_time\" content=\"2020-10-08T16:23:39+00:00\" \/>\n<meta property=\"og:image\" content=\"https:\/\/pagina10.com\/web\/wp-content\/uploads\/2020\/10\/Captura-de-Pantalla-2020-10-08-a-las-11.11.21-a.-m..png\" \/>\n\t<meta property=\"og:image:width\" content=\"647\" \/>\n\t<meta property=\"og:image:height\" content=\"299\" \/>\n\t<meta property=\"og:image:type\" content=\"image\/png\" \/>\n<meta name=\"author\" content=\"P\u00e1gina 10\" \/>\n<meta name=\"twitter:card\" content=\"summary_large_image\" \/>\n<meta name=\"twitter:creator\" content=\"@Pag10com\" \/>\n<meta name=\"twitter:site\" content=\"@Pag10com\" \/>\n<meta name=\"twitter:label1\" content=\"Escrito por\" \/>\n\t<meta name=\"twitter:data1\" content=\"P\u00e1gina 10\" \/>\n\t<meta name=\"twitter:label2\" content=\"Tiempo de lectura\" \/>\n\t<meta name=\"twitter:data2\" content=\"2 minutos\" \/>\n<script type=\"application\/ld+json\" class=\"yoast-schema-graph\">{\"@context\":\"https:\/\/schema.org\",\"@graph\":[{\"@type\":\"Article\",\"@id\":\"https:\/\/pagina10.com\/web\/narino-salio-de-los-ultimos-lugares-en-la-gestion-de-proyectos-de-regalias\/#article\",\"isPartOf\":{\"@id\":\"https:\/\/pagina10.com\/web\/narino-salio-de-los-ultimos-lugares-en-la-gestion-de-proyectos-de-regalias\/\"},\"author\":{\"name\":\"P\u00e1gina 10\",\"@id\":\"https:\/\/pagina10.com\/web\/#\/schema\/person\/2efc4a090d25b667d3bc796798a3a81b\"},\"headline\":\"Nari\u00f1o sali\u00f3 de los \u00faltimos lugares en la gesti\u00f3n de proyectos de regal\u00edas.\",\"datePublished\":\"2020-10-08T16:17:34+00:00\",\"dateModified\":\"2020-10-08T16:23:39+00:00\",\"mainEntityOfPage\":{\"@id\":\"https:\/\/pagina10.com\/web\/narino-salio-de-los-ultimos-lugares-en-la-gestion-de-proyectos-de-regalias\/\"},\"wordCount\":325,\"commentCount\":0,\"publisher\":{\"@id\":\"https:\/\/pagina10.com\/web\/#organization\"},\"image\":{\"@id\":\"https:\/\/pagina10.com\/web\/narino-salio-de-los-ultimos-lugares-en-la-gestion-de-proyectos-de-regalias\/#primaryimage\"},\"thumbnailUrl\":\"https:\/\/pagina10.com\/web\/wp-content\/uploads\/2020\/10\/Captura-de-Pantalla-2020-10-08-a-las-11.11.21-a.-m..png\",\"articleSection\":[\"Regiones\"],\"inLanguage\":\"es\",\"potentialAction\":[{\"@type\":\"CommentAction\",\"name\":\"Comment\",\"target\":[\"https:\/\/pagina10.com\/web\/narino-salio-de-los-ultimos-lugares-en-la-gestion-de-proyectos-de-regalias\/#respond\"]}]},{\"@type\":\"WebPage\",\"@id\":\"https:\/\/pagina10.com\/web\/narino-salio-de-los-ultimos-lugares-en-la-gestion-de-proyectos-de-regalias\/\",\"url\":\"https:\/\/pagina10.com\/web\/narino-salio-de-los-ultimos-lugares-en-la-gestion-de-proyectos-de-regalias\/\",\"name\":\"Nari\u00f1o sali\u00f3 de los \u00faltimos lugares en la gesti\u00f3n de proyectos de regal\u00edas. | P\u00e1gina10\",\"isPartOf\":{\"@id\":\"https:\/\/pagina10.com\/web\/#website\"},\"primaryImageOfPage\":{\"@id\":\"https:\/\/pagina10.com\/web\/narino-salio-de-los-ultimos-lugares-en-la-gestion-de-proyectos-de-regalias\/#primaryimage\"},\"image\":{\"@id\":\"https:\/\/pagina10.com\/web\/narino-salio-de-los-ultimos-lugares-en-la-gestion-de-proyectos-de-regalias\/#primaryimage\"},\"thumbnailUrl\":\"https:\/\/pagina10.com\/web\/wp-content\/uploads\/2020\/10\/Captura-de-Pantalla-2020-10-08-a-las-11.11.21-a.-m..png\",\"datePublished\":\"2020-10-08T16:17:34+00:00\",\"dateModified\":\"2020-10-08T16:23:39+00:00\",\"breadcrumb\":{\"@id\":\"https:\/\/pagina10.com\/web\/narino-salio-de-los-ultimos-lugares-en-la-gestion-de-proyectos-de-regalias\/#breadcrumb\"},\"inLanguage\":\"es\",\"potentialAction\":[{\"@type\":\"ReadAction\",\"target\":[\"https:\/\/pagina10.com\/web\/narino-salio-de-los-ultimos-lugares-en-la-gestion-de-proyectos-de-regalias\/\"]}]},{\"@type\":\"ImageObject\",\"inLanguage\":\"es\",\"@id\":\"https:\/\/pagina10.com\/web\/narino-salio-de-los-ultimos-lugares-en-la-gestion-de-proyectos-de-regalias\/#primaryimage\",\"url\":\"https:\/\/pagina10.com\/web\/wp-content\/uploads\/2020\/10\/Captura-de-Pantalla-2020-10-08-a-las-11.11.21-a.-m..png\",\"contentUrl\":\"https:\/\/pagina10.com\/web\/wp-content\/uploads\/2020\/10\/Captura-de-Pantalla-2020-10-08-a-las-11.11.21-a.-m..png\",\"width\":647,\"height\":299},{\"@type\":\"BreadcrumbList\",\"@id\":\"https:\/\/pagina10.com\/web\/narino-salio-de-los-ultimos-lugares-en-la-gestion-de-proyectos-de-regalias\/#breadcrumb\",\"itemListElement\":[{\"@type\":\"ListItem\",\"position\":1,\"name\":\"Portada\",\"item\":\"https:\/\/pagina10.com\/web\/\"},{\"@type\":\"ListItem\",\"position\":2,\"name\":\"Nari\u00f1o sali\u00f3 de los \u00faltimos lugares en la gesti\u00f3n de proyectos de regal\u00edas.\"}]},{\"@type\":\"WebSite\",\"@id\":\"https:\/\/pagina10.com\/web\/#website\",\"url\":\"https:\/\/pagina10.com\/web\/\",\"name\":\"P\u00e1gina10\",\"description\":\"Peri\u00f3dico Regional\",\"publisher\":{\"@id\":\"https:\/\/pagina10.com\/web\/#organization\"},\"alternateName\":\"P\u00e1gina10 Peri\u00f3dico Regional\",\"potentialAction\":[{\"@type\":\"SearchAction\",\"target\":{\"@type\":\"EntryPoint\",\"urlTemplate\":\"https:\/\/pagina10.com\/web\/?s={search_term_string}\"},\"query-input\":{\"@type\":\"PropertyValueSpecification\",\"valueRequired\":true,\"valueName\":\"search_term_string\"}}],\"inLanguage\":\"es\"},{\"@type\":\"Organization\",\"@id\":\"https:\/\/pagina10.com\/web\/#organization\",\"name\":\"P\u00e1gina10\",\"alternateName\":\"P\u00e1gina10 Peri\u00f3dico Regional\",\"url\":\"https:\/\/pagina10.com\/web\/\",\"logo\":{\"@type\":\"ImageObject\",\"inLanguage\":\"es\",\"@id\":\"https:\/\/pagina10.com\/web\/#\/schema\/logo\/image\/\",\"url\":\"https:\/\/pagina10.com\/web\/wp-content\/uploads\/2024\/01\/40-pagina-10-periodico-regional-pasto.jpg\",\"contentUrl\":\"https:\/\/pagina10.com\/web\/wp-content\/uploads\/2024\/01\/40-pagina-10-periodico-regional-pasto.jpg\",\"width\":1280,\"height\":720,\"caption\":\"P\u00e1gina10\"},\"image\":{\"@id\":\"https:\/\/pagina10.com\/web\/#\/schema\/logo\/image\/\"},\"sameAs\":[\"https:\/\/www.facebook.com\/pag10com\",\"https:\/\/x.com\/Pag10com\",\"https:\/\/www.instagram.com\/pagina10col\/\",\"https:\/\/youtube.com\/channel\/pag10\",\"https:\/\/www.tiktok.com\/@p10col\"]},{\"@type\":\"Person\",\"@id\":\"https:\/\/pagina10.com\/web\/#\/schema\/person\/2efc4a090d25b667d3bc796798a3a81b\",\"name\":\"P\u00e1gina 10\",\"description\":\"P\u00e1gina 10 es un peri\u00f3dico regional que nace en Colombia, en el departamento de Nari\u00f1o, con un enfoque global, fundamentado en cuatro pilares esenciales: la libertad, el pluralismo, la inclusi\u00f3n y la independencia. P\u00e1gina 10 hace referencia a Nari\u00f1o como el d\u00e9cimo departamento creado en Colombia, despu\u00e9s de un proceso pol\u00edtico liderado por actores y actrices regionales con el fin de obtener la independencia y autonom\u00eda de nuestros territorios. Con la creaci\u00f3n de P\u00e1gina 10 se pretende abrir un escenario para el dialogo, la reflexi\u00f3n y el debate que se extienda a otras geograf\u00edas de Am\u00e9rica Latina y del planeta, en una apuesta por transformar colectivamente los desaf\u00edos de un mundo contempor\u00e1neo, m\u00e1s all\u00e1 de las fronteras impuestas.\",\"url\":\"https:\/\/pagina10.com\/web\/author\/pdiezadmin\/\"}]}<\/script>\n<!-- \/ Yoast SEO plugin. -->","yoast_head_json":{"title":"Nari\u00f1o sali\u00f3 de los \u00faltimos lugares en la gesti\u00f3n de proyectos de regal\u00edas. | P\u00e1gina10","robots":{"index":"index","follow":"follow","max-snippet":"max-snippet:-1","max-image-preview":"max-image-preview:large","max-video-preview":"max-video-preview:-1"},"canonical":"https:\/\/pagina10.com\/web\/narino-salio-de-los-ultimos-lugares-en-la-gestion-de-proyectos-de-regalias\/","og_locale":"es_ES","og_type":"article","og_title":"Nari\u00f1o sali\u00f3 de los \u00faltimos lugares en la gesti\u00f3n de proyectos de regal\u00edas. | P\u00e1gina10","og_description":"As\u00ed lo dio a conocer el secretario de planeaci\u00f3n departamental, Euler Mart\u00ednez, qui\u00e9n se\u00f1al\u00f3 que \u201cNari\u00f1o dio un salto significativo en el escalaf\u00f3n nacional de manejo de recursos de regal\u00edas, al pasar del inc\u00f3modo puesto 30 en que qued\u00f3 ubicado el departamento en el a\u00f1o 2019 al puesto 24 a 30 de junio del 2020 [&hellip;]","og_url":"https:\/\/pagina10.com\/web\/narino-salio-de-los-ultimos-lugares-en-la-gestion-de-proyectos-de-regalias\/","og_site_name":"P\u00e1gina10","article_publisher":"https:\/\/www.facebook.com\/pag10com","article_published_time":"2020-10-08T16:17:34+00:00","article_modified_time":"2020-10-08T16:23:39+00:00","og_image":[{"width":647,"height":299,"url":"https:\/\/pagina10.com\/web\/wp-content\/uploads\/2020\/10\/Captura-de-Pantalla-2020-10-08-a-las-11.11.21-a.-m..png","type":"image\/png"}],"author":"P\u00e1gina 10","twitter_card":"summary_large_image","twitter_creator":"@Pag10com","twitter_site":"@Pag10com","twitter_misc":{"Escrito por":"P\u00e1gina 10","Tiempo de lectura":"2 minutos"},"schema":{"@context":"https:\/\/schema.org","@graph":[{"@type":"Article","@id":"https:\/\/pagina10.com\/web\/narino-salio-de-los-ultimos-lugares-en-la-gestion-de-proyectos-de-regalias\/#article","isPartOf":{"@id":"https:\/\/pagina10.com\/web\/narino-salio-de-los-ultimos-lugares-en-la-gestion-de-proyectos-de-regalias\/"},"author":{"name":"P\u00e1gina 10","@id":"https:\/\/pagina10.com\/web\/#\/schema\/person\/2efc4a090d25b667d3bc796798a3a81b"},"headline":"Nari\u00f1o sali\u00f3 de los \u00faltimos lugares en la gesti\u00f3n de proyectos de regal\u00edas.","datePublished":"2020-10-08T16:17:34+00:00","dateModified":"2020-10-08T16:23:39+00:00","mainEntityOfPage":{"@id":"https:\/\/pagina10.com\/web\/narino-salio-de-los-ultimos-lugares-en-la-gestion-de-proyectos-de-regalias\/"},"wordCount":325,"commentCount":0,"publisher":{"@id":"https:\/\/pagina10.com\/web\/#organization"},"image":{"@id":"https:\/\/pagina10.com\/web\/narino-salio-de-los-ultimos-lugares-en-la-gestion-de-proyectos-de-regalias\/#primaryimage"},"thumbnailUrl":"https:\/\/pagina10.com\/web\/wp-content\/uploads\/2020\/10\/Captura-de-Pantalla-2020-10-08-a-las-11.11.21-a.-m..png","articleSection":["Regiones"],"inLanguage":"es","potentialAction":[{"@type":"CommentAction","name":"Comment","target":["https:\/\/pagina10.com\/web\/narino-salio-de-los-ultimos-lugares-en-la-gestion-de-proyectos-de-regalias\/#respond"]}]},{"@type":"WebPage","@id":"https:\/\/pagina10.com\/web\/narino-salio-de-los-ultimos-lugares-en-la-gestion-de-proyectos-de-regalias\/","url":"https:\/\/pagina10.com\/web\/narino-salio-de-los-ultimos-lugares-en-la-gestion-de-proyectos-de-regalias\/","name":"Nari\u00f1o sali\u00f3 de los \u00faltimos lugares en la gesti\u00f3n de proyectos de regal\u00edas. | P\u00e1gina10","isPartOf":{"@id":"https:\/\/pagina10.com\/web\/#website"},"primaryImageOfPage":{"@id":"https:\/\/pagina10.com\/web\/narino-salio-de-los-ultimos-lugares-en-la-gestion-de-proyectos-de-regalias\/#primaryimage"},"image":{"@id":"https:\/\/pagina10.com\/web\/narino-salio-de-los-ultimos-lugares-en-la-gestion-de-proyectos-de-regalias\/#primaryimage"},"thumbnailUrl":"https:\/\/pagina10.com\/web\/wp-content\/uploads\/2020\/10\/Captura-de-Pantalla-2020-10-08-a-las-11.11.21-a.-m..png","datePublished":"2020-10-08T16:17:34+00:00","dateModified":"2020-10-08T16:23:39+00:00","breadcrumb":{"@id":"https:\/\/pagina10.com\/web\/narino-salio-de-los-ultimos-lugares-en-la-gestion-de-proyectos-de-regalias\/#breadcrumb"},"inLanguage":"es","potentialAction":[{"@type":"ReadAction","target":["https:\/\/pagina10.com\/web\/narino-salio-de-los-ultimos-lugares-en-la-gestion-de-proyectos-de-regalias\/"]}]},{"@type":"ImageObject","inLanguage":"es","@id":"https:\/\/pagina10.com\/web\/narino-salio-de-los-ultimos-lugares-en-la-gestion-de-proyectos-de-regalias\/#primaryimage","url":"https:\/\/pagina10.com\/web\/wp-content\/uploads\/2020\/10\/Captura-de-Pantalla-2020-10-08-a-las-11.11.21-a.-m..png","contentUrl":"https:\/\/pagina10.com\/web\/wp-content\/uploads\/2020\/10\/Captura-de-Pantalla-2020-10-08-a-las-11.11.21-a.-m..png","width":647,"height":299},{"@type":"BreadcrumbList","@id":"https:\/\/pagina10.com\/web\/narino-salio-de-los-ultimos-lugares-en-la-gestion-de-proyectos-de-regalias\/#breadcrumb","itemListElement":[{"@type":"ListItem","position":1,"name":"Portada","item":"https:\/\/pagina10.com\/web\/"},{"@type":"ListItem","position":2,"name":"Nari\u00f1o sali\u00f3 de los \u00faltimos lugares en la gesti\u00f3n de proyectos de regal\u00edas."}]},{"@type":"WebSite","@id":"https:\/\/pagina10.com\/web\/#website","url":"https:\/\/pagina10.com\/web\/","name":"P\u00e1gina10","description":"Peri\u00f3dico Regional","publisher":{"@id":"https:\/\/pagina10.com\/web\/#organization"},"alternateName":"P\u00e1gina10 Peri\u00f3dico Regional","potentialAction":[{"@type":"SearchAction","target":{"@type":"EntryPoint","urlTemplate":"https:\/\/pagina10.com\/web\/?s={search_term_string}"},"query-input":{"@type":"PropertyValueSpecification","valueRequired":true,"valueName":"search_term_string"}}],"inLanguage":"es"},{"@type":"Organization","@id":"https:\/\/pagina10.com\/web\/#organization","name":"P\u00e1gina10","alternateName":"P\u00e1gina10 Peri\u00f3dico Regional","url":"https:\/\/pagina10.com\/web\/","logo":{"@type":"ImageObject","inLanguage":"es","@id":"https:\/\/pagina10.com\/web\/#\/schema\/logo\/image\/","url":"https:\/\/pagina10.com\/web\/wp-content\/uploads\/2024\/01\/40-pagina-10-periodico-regional-pasto.jpg","contentUrl":"https:\/\/pagina10.com\/web\/wp-content\/uploads\/2024\/01\/40-pagina-10-periodico-regional-pasto.jpg","width":1280,"height":720,"caption":"P\u00e1gina10"},"image":{"@id":"https:\/\/pagina10.com\/web\/#\/schema\/logo\/image\/"},"sameAs":["https:\/\/www.facebook.com\/pag10com","https:\/\/x.com\/Pag10com","https:\/\/www.instagram.com\/pagina10col\/","https:\/\/youtube.com\/channel\/pag10","https:\/\/www.tiktok.com\/@p10col"]},{"@type":"Person","@id":"https:\/\/pagina10.com\/web\/#\/schema\/person\/2efc4a090d25b667d3bc796798a3a81b","name":"P\u00e1gina 10","description":"P\u00e1gina 10 es un peri\u00f3dico regional que nace en Colombia, en el departamento de Nari\u00f1o, con un enfoque global, fundamentado en cuatro pilares esenciales: la libertad, el pluralismo, la inclusi\u00f3n y la independencia. P\u00e1gina 10 hace referencia a Nari\u00f1o como el d\u00e9cimo departamento creado en Colombia, despu\u00e9s de un proceso pol\u00edtico liderado por actores y actrices regionales con el fin de obtener la independencia y autonom\u00eda de nuestros territorios. Con la creaci\u00f3n de P\u00e1gina 10 se pretende abrir un escenario para el dialogo, la reflexi\u00f3n y el debate que se extienda a otras geograf\u00edas de Am\u00e9rica Latina y del planeta, en una apuesta por transformar colectivamente los desaf\u00edos de un mundo contempor\u00e1neo, m\u00e1s all\u00e1 de las fronteras impuestas.","url":"https:\/\/pagina10.com\/web\/author\/pdiezadmin\/"}]}},"_links":{"self":[{"href":"https:\/\/pagina10.com\/web\/wp-json\/wp\/v2\/posts\/47717","targetHints":{"allow":["GET"]}}],"collection":[{"href":"https:\/\/pagina10.com\/web\/wp-json\/wp\/v2\/posts"}],"about":[{"href":"https:\/\/pagina10.com\/web\/wp-json\/wp\/v2\/types\/post"}],"author":[{"embeddable":true,"href":"https:\/\/pagina10.com\/web\/wp-json\/wp\/v2\/users\/1"}],"replies":[{"embeddable":true,"href":"https:\/\/pagina10.com\/web\/wp-json\/wp\/v2\/comments?post=47717"}],"version-history":[{"count":4,"href":"https:\/\/pagina10.com\/web\/wp-json\/wp\/v2\/posts\/47717\/revisions"}],"predecessor-version":[{"id":47724,"href":"https:\/\/pagina10.com\/web\/wp-json\/wp\/v2\/posts\/47717\/revisions\/47724"}],"wp:featuredmedia":[{"embeddable":true,"href":"https:\/\/pagina10.com\/web\/wp-json\/wp\/v2\/media\/47718"}],"wp:attachment":[{"href":"https:\/\/pagina10.com\/web\/wp-json\/wp\/v2\/media?parent=47717"}],"wp:term":[{"taxonomy":"category","embeddable":true,"href":"https:\/\/pagina10.com\/web\/wp-json\/wp\/v2\/categories?post=47717"},{"taxonomy":"post_tag","embeddable":true,"href":"https:\/\/pagina10.com\/web\/wp-json\/wp\/v2\/tags?post=47717"}],"curies":[{"name":"wp","href":"https:\/\/api.w.org\/{rel}","templated":true}]}}