{"id":47762,"date":"2020-10-13T14:54:30","date_gmt":"2020-10-13T14:54:30","guid":{"rendered":"https:\/\/pagina10.com\/web\/?p=47762"},"modified":"2020-10-13T14:54:30","modified_gmt":"2020-10-13T14:54:30","slug":"onu-mujeres-destaca-a-organizacion-narinense-defensora-de-derechos-humanos","status":"publish","type":"post","link":"https:\/\/pagina10.com\/web\/onu-mujeres-destaca-a-organizacion-narinense-defensora-de-derechos-humanos\/","title":{"rendered":"ONU Mujeres destaca a organizaci\u00f3n nari\u00f1ense defensora de derechos humanos."},"content":{"rendered":"<p style=\"text-align: justify;\">En Nari\u00f1o la Corporaci\u00f3n 8 de marzo desde hace 10 a\u00f1os lucha por la defensa de la vida a pesar de que la violencia no da tregua. Su prop\u00f3sito: que los derechos de las mujeres siempre cuenten. Detalles de su labor.<\/p>\n<p style=\"text-align: justify;\">En el departamento de Nari\u00f1o, ubicado al sur de Colombia, lideresas y defensoras de derechos humanos realizan su labor en medio de un contexto hostil marcado entre otras cosas, por una arraigada cultura patriarcal. Estas condiciones son cada vez m\u00e1s complejas y dan cuenta de los riesgos latentes que tiene un pa\u00eds como Colombia para el quehacer de las lideresas.<\/p>\n<p style=\"text-align: justify;\">De acuerdo con ONU Derechos Humanos, este a\u00f1o en Colombia 22 defensores y defensoras de derechos humanos han sido asesinados, 4 de ellas fueron mujeres. La problem\u00e1tica agudizada en todo el territorio nacional se ha visto incrementada por las medias de cuarentena debido a la pandemia.<\/p>\n<p style=\"text-align: justify;\">El departamento de Nari\u00f1o no es ajeno a esta situaci\u00f3n, este a\u00f1o el territorio ha sido testigo de diversas afectaciones a la integridad de las comunidades, sus l\u00edderes y lideresas sociales, y sus territorios. De acuerdo con el observatorio de g\u00e9nero de Nari\u00f1o a pesar del marco normativo internacional y nacional que ampara los derechos humanos y fundamentales de las mujeres lideresas y defensoras, en territorios del departamento se presentan, m\u00faltiples afectaciones a su vida, integridad f\u00edsica, emocional y sexual, que implican tambi\u00e9n afectaciones a los procesos comunitarios y pol\u00edticos que ellas lideran o defienden.<\/p>\n<p style=\"text-align: justify;\">Esta\u00a0 realidad que vive el departamento d\u00eda a d\u00eda, no ha sido un obst\u00e1culo sino una raz\u00f3n para que se consoliden procesos significativos a favor de la paz y la igualdad. En ese contexto, la\u00a0Corporaci\u00f3n 8 de Marzo, Mujeres y Hombres por la Igualdad, lleva cerca de una d\u00e9cada trabajando en la promoci\u00f3n de la igualdad de g\u00e9nero, a trav\u00e9s de la participaci\u00f3n, investigaci\u00f3n, estudio y defensa de los derechos de las mujeres<\/p>\n<p style=\"text-align: justify;\">Recientemente, el 24 de junio de este a\u00f1o, ONU Mujeres en alianza con la Embajada de Noruega y la Defensor\u00eda del Pueblo llev\u00f3 a cabo el lanzamiento del programa conjunto ProDefensoras, la Corporaci\u00f3n Ocho de Marzo, en alianza con Mujeres Nari\u00f1enses por la Paz, fueron elegidas junto a la Consultor\u00eda para los Derechos humanos y el desplazamiento CODHES, para llevar esta iniciativa\u00a0 a\u00a0 13 municipios de Nari\u00f1o.<\/p>\n<p style=\"text-align: justify;\">\n<p style=\"text-align: justify;\"><img fetchpriority=\"high\" decoding=\"async\" class=\"aligncenter\" src=\"https:\/\/www2.unwomen.org\/-\/media\/field%20office%20colombia\/imagenes\/noticias\/2020\/01\/corp8_2.jpg?h=auto&amp;w=960&amp;la=es&amp;vs=4156&amp;hash=7177D3E1A9C8D19A5DB768DD7B37008C379FDFE0\" alt=\"\" width=\"714\" height=\"476\" \/><\/p>\n<p style=\"text-align: justify;\">\n<p style=\"text-align: justify;\">Sobre la organizaci\u00f3n<\/p>\n<p style=\"text-align: justify;\">La Corporaci\u00f3n 8 de Marzo le debe su nombre a la conmemoraci\u00f3n del D\u00eda Internacional de los derechos de las mujeres, Andrea Riascos, cofundadora de la Corporaci\u00f3n afirma: \u201ceste hito en la historia que nos ha inspirado a luchar por nuestros derechos y so\u00f1arnos con un panorama distinto para nosotras, en el que se puedan consolidar nuestras propuestas, ideas y sue\u00f1os, luchando y trabajando por alcanzar un mundo donde la igualdad de g\u00e9nero sea una realidad\u201d.<\/p>\n<p>A lo largo de estos a\u00f1os, el equipo de trabajo de 8 Marzo ha trabajado\u00a0 en todo el departamento nari\u00f1ense, desde el norte hasta el sur incluyendo la costa pac\u00edfica. Los y las integrantes de la organizaci\u00f3n, entre ellos 25 mujeres y 8 hombres, han promovido iniciativas, que van desde la consolidaci\u00f3n de procesos organizativos con diversos colectivos de mujeres en Nari\u00f1o, la promoci\u00f3n de nuevas masculinidades, procesos formativos, hasta la recuperaci\u00f3n de expresiones art\u00edsticas propias de la regi\u00f3n. En el desarrollo de sus actividades, la corporaci\u00f3n ha trabajado con diversos grupos y organizaciones de mujeres: campesinas, excombatientes, ind\u00edgenas, afrodescedendientes, mestizas, entre otras.<\/p>\n<p>El impacto de su trabajo se ha visto reflejado en las m\u00e1s de 5 mil personas beneficiarias de sus iniciativas a lo largo y ancho del departamento: \u201cEn Pasto y Policarpa, logramos que las lideresas y defensoras dise\u00f1aran y pusieran en pr\u00e1ctica planes de autocuidado y autoprotecci\u00f3n seg\u00fan sus necesidades. As\u00ed, se logr\u00f3 la implementaci\u00f3n de acciones para el reconocimiento de las lideresas sociales y defensoras de derechos humanos y para la identificaci\u00f3n y adecuaci\u00f3n de espacios protectores que les permitan ejercer de forma libre y segura sus actividades y liderazgo\u201d a\u00f1ade Riascos.<\/p>\n<p>Sumado a esto, la Corporaci\u00f3n se ha vinculado activamente a procesos organizativos locales, regionales y nacionales, reconociendo que solo el trabajo en red y articulado permite un impacto a gran escala para el beneficio de todas las mujeres.\u00a0 Dentro de los procesos de los que hacen parte se destacan: la Red Guane\u00f1as Feministas, la Ruta Pac\u00edfica de las Mujeres, la Red Departamental de Defensoras de Derechos Humanos y la Alianza de organizaciones defensoras de v\u00edctimas de violencia sexual en el marco del conflicto armado ante la JEP.<\/p>\n<p>Muchas veces han enfrentado situaciones desafiantes relacionadas principalmente con las resistencias propias de la cultura patriarcal: los prejuicios, el miedo al cambio de paradigmas, el machismo, la misoginia, el sexismo y la homofobia, lo que dificulta avanzar hacia la igualdad, pero afortunadamente son m\u00e1s las personas que le apuestan al cambio y que se comprometen a transformar desde sus vidas hasta sus comunidades, en raz\u00f3n de la paz, la equidad y la justicia social.<\/p>\n<p style=\"text-align: justify;\">\n<p style=\"text-align: justify;\"><img decoding=\"async\" class=\"aligncenter\" src=\"https:\/\/www2.unwomen.org\/-\/media\/field%20office%20colombia\/imagenes\/noticias\/2020\/01\/corp8_3.jpg?h=auto&amp;w=960&amp;la=es&amp;vs=4235&amp;hash=CE470839F0D2B37DD9D5F2A550E7C4562845D152\" alt=\"\" width=\"672\" height=\"448\" \/><\/p>\n<p style=\"text-align: justify;\">\n<p style=\"text-align: justify;\">ProDefensoras en Nari\u00f1o<\/p>\n<p style=\"text-align: justify;\">\u201cLa voz de las lideresas y defensoras es clave para fortalecer las pol\u00edticas p\u00fablicas de la protecci\u00f3n integral, ya que son ellas quienes conocen los territorios, los riesgos, las amenazas y vulnerabilidades a los que se enfrentan por el hecho de ser mujeres en el ejercicio de la defensa de los derechos humanos\u201d, dice Andrea Riascos, directora ejecutiva de la Corporaci\u00f3n 8 de Marzo.<\/p>\n<p style=\"text-align: justify;\">Con el trabajo que desarrollar\u00e1n con ProDefensoras, se tiene previsto fortalecer a 620 personas, en su mayor\u00eda lideresas y defensoras de derechos humanos de 13 municipios, con quienes se fusca fortalecer la \u201cRed Departamental de Defensoras de Derechos Humanos de Nari\u00f1o\u201d y brindar insumos para la territorializaci\u00f3n del Programa Integral de Garant\u00edas.<\/p>\n<p style=\"text-align: justify;\">\u201cNos alineamos con la iniciativa ProDefensoras porque desde nuestro accionar tambi\u00e9n esperamos contribuir a la prevenci\u00f3n y protecci\u00f3n de lideresas y defensoras de DDHH, basadas en una perspectiva hol\u00edstica de seguridad individual y colectiva (f\u00edsica, digital y psicosocial) que fortalezcan el tejido organizativo de las defensoras de derechos humanos\u201d, cuenta Riascos.<\/p>\n<p style=\"text-align: justify;\">Al preguntarles \u00bfqu\u00e9 las inspira? No dudan en responder: \u201cver el enorme trabajo que realizan las mujeres en cada uno de sus territorios para contribuir a la construcci\u00f3n de la paz, la igualdad de g\u00e9nero, el cuidado del medio ambiente, el desarrollo sostenible y la defensa de los derechos humanos; reconocer este trabajo, visibilizarlo, fortalecerlo y trabajar conjuntamente con ellas\u201d.<\/p>\n<p style=\"text-align: justify;\">Diana Montero, una de las lideresas de la Corporaci\u00f3n 8 de Marzo, y quien trabaja como defensora de v\u00edctimas y especialista en derechos humanos, es un claro ejemplo de la tenacidad y el esfuerzo que cada uno de las y los integrantes de esta organizaci\u00f3n tienen para la defensa de los derechos humanos: \u201cDefender los derechos humanos es para m\u00ed una gran satisfacci\u00f3n personal y profesional q me permite crecer y al mismo tiempo ayudar a los dem\u00e1s buscando equidad y justicia\u201d.<\/p>\n<p>&nbsp;<\/p>\n<p><em>Esta historia se ha redactado en el marco de la iniciativa Prodefensoras, que busca proteger la vida de las lideresas y defensoras de derechos humanos en Colombia. En momentos en que las personas que defienden los derechos humanos se enfrentan a diversas problem\u00e1ticas para ejercer su labor, la historia de la Corporaci\u00f3n 8 de marzo debe llevar a la reflexi\u00f3n de cu\u00e1n importantes son las lideresas para avanzar hacia la reducci\u00f3n de las desigualdades, la paz y el desarrollo sostenibles.<\/em><\/p>\n<p>&nbsp;<\/p>\n<p>Fuente: ONU Mujeres<\/p>\n","protected":false},"excerpt":{"rendered":"<p>En Nari\u00f1o la Corporaci\u00f3n 8 de marzo desde hace 10 a\u00f1os lucha por la defensa de la vida a pesar de que la violencia no da tregua. Su prop\u00f3sito: que los derechos de las mujeres siempre cuenten. Detalles de su labor. En el departamento de Nari\u00f1o, ubicado al sur de Colombia, lideresas y defensoras de [&hellip;]<\/p>\n","protected":false},"author":1,"featured_media":47763,"comment_status":"open","ping_status":"open","sticky":false,"template":"","format":"standard","meta":{"footnotes":""},"categories":[53],"tags":[],"class_list":["post-47762","post","type-post","status-publish","format-standard","has-post-thumbnail","hentry","category-regiones"],"yoast_head":"<!-- This site is optimized with the Yoast SEO plugin v27.1.1 - https:\/\/yoast.com\/product\/yoast-seo-wordpress\/ -->\n<title>ONU Mujeres destaca a organizaci\u00f3n nari\u00f1ense defensora de derechos humanos. | P\u00e1gina10<\/title>\n<meta name=\"robots\" content=\"index, follow, max-snippet:-1, max-image-preview:large, max-video-preview:-1\" \/>\n<link rel=\"canonical\" href=\"https:\/\/pagina10.com\/web\/onu-mujeres-destaca-a-organizacion-narinense-defensora-de-derechos-humanos\/\" \/>\n<meta property=\"og:locale\" content=\"es_ES\" \/>\n<meta property=\"og:type\" content=\"article\" \/>\n<meta property=\"og:title\" content=\"ONU Mujeres destaca a organizaci\u00f3n nari\u00f1ense defensora de derechos humanos. | P\u00e1gina10\" \/>\n<meta property=\"og:description\" content=\"En Nari\u00f1o la Corporaci\u00f3n 8 de marzo desde hace 10 a\u00f1os lucha por la defensa de la vida a pesar de que la violencia no da tregua. Su prop\u00f3sito: que los derechos de las mujeres siempre cuenten. Detalles de su labor. En el departamento de Nari\u00f1o, ubicado al sur de Colombia, lideresas y defensoras de [&hellip;]\" \/>\n<meta property=\"og:url\" content=\"https:\/\/pagina10.com\/web\/onu-mujeres-destaca-a-organizacion-narinense-defensora-de-derechos-humanos\/\" \/>\n<meta property=\"og:site_name\" content=\"P\u00e1gina10\" \/>\n<meta property=\"article:publisher\" content=\"https:\/\/www.facebook.com\/pag10com\" \/>\n<meta property=\"article:published_time\" content=\"2020-10-13T14:54:30+00:00\" \/>\n<meta property=\"og:image\" content=\"https:\/\/pagina10.com\/web\/wp-content\/uploads\/2020\/10\/Captura-de-Pantalla-2020-10-13-a-las-9.53.25-a.-m..png\" \/>\n\t<meta property=\"og:image:width\" content=\"926\" \/>\n\t<meta property=\"og:image:height\" content=\"495\" \/>\n\t<meta property=\"og:image:type\" content=\"image\/png\" \/>\n<meta name=\"author\" content=\"P\u00e1gina 10\" \/>\n<meta name=\"twitter:card\" content=\"summary_large_image\" \/>\n<meta name=\"twitter:creator\" content=\"@Pag10com\" \/>\n<meta name=\"twitter:site\" content=\"@Pag10com\" \/>\n<meta name=\"twitter:label1\" content=\"Escrito por\" \/>\n\t<meta name=\"twitter:data1\" content=\"P\u00e1gina 10\" \/>\n\t<meta name=\"twitter:label2\" content=\"Tiempo de lectura\" \/>\n\t<meta name=\"twitter:data2\" content=\"6 minutos\" \/>\n<script type=\"application\/ld+json\" class=\"yoast-schema-graph\">{\"@context\":\"https:\/\/schema.org\",\"@graph\":[{\"@type\":\"Article\",\"@id\":\"https:\/\/pagina10.com\/web\/onu-mujeres-destaca-a-organizacion-narinense-defensora-de-derechos-humanos\/#article\",\"isPartOf\":{\"@id\":\"https:\/\/pagina10.com\/web\/onu-mujeres-destaca-a-organizacion-narinense-defensora-de-derechos-humanos\/\"},\"author\":{\"name\":\"P\u00e1gina 10\",\"@id\":\"https:\/\/pagina10.com\/web\/#\/schema\/person\/2efc4a090d25b667d3bc796798a3a81b\"},\"headline\":\"ONU Mujeres destaca a organizaci\u00f3n nari\u00f1ense defensora de derechos humanos.\",\"datePublished\":\"2020-10-13T14:54:30+00:00\",\"mainEntityOfPage\":{\"@id\":\"https:\/\/pagina10.com\/web\/onu-mujeres-destaca-a-organizacion-narinense-defensora-de-derechos-humanos\/\"},\"wordCount\":1309,\"commentCount\":0,\"publisher\":{\"@id\":\"https:\/\/pagina10.com\/web\/#organization\"},\"image\":{\"@id\":\"https:\/\/pagina10.com\/web\/onu-mujeres-destaca-a-organizacion-narinense-defensora-de-derechos-humanos\/#primaryimage\"},\"thumbnailUrl\":\"https:\/\/pagina10.com\/web\/wp-content\/uploads\/2020\/10\/Captura-de-Pantalla-2020-10-13-a-las-9.53.25-a.-m..png\",\"articleSection\":[\"Regiones\"],\"inLanguage\":\"es\",\"potentialAction\":[{\"@type\":\"CommentAction\",\"name\":\"Comment\",\"target\":[\"https:\/\/pagina10.com\/web\/onu-mujeres-destaca-a-organizacion-narinense-defensora-de-derechos-humanos\/#respond\"]}]},{\"@type\":\"WebPage\",\"@id\":\"https:\/\/pagina10.com\/web\/onu-mujeres-destaca-a-organizacion-narinense-defensora-de-derechos-humanos\/\",\"url\":\"https:\/\/pagina10.com\/web\/onu-mujeres-destaca-a-organizacion-narinense-defensora-de-derechos-humanos\/\",\"name\":\"ONU Mujeres destaca a organizaci\u00f3n nari\u00f1ense defensora de derechos humanos. | P\u00e1gina10\",\"isPartOf\":{\"@id\":\"https:\/\/pagina10.com\/web\/#website\"},\"primaryImageOfPage\":{\"@id\":\"https:\/\/pagina10.com\/web\/onu-mujeres-destaca-a-organizacion-narinense-defensora-de-derechos-humanos\/#primaryimage\"},\"image\":{\"@id\":\"https:\/\/pagina10.com\/web\/onu-mujeres-destaca-a-organizacion-narinense-defensora-de-derechos-humanos\/#primaryimage\"},\"thumbnailUrl\":\"https:\/\/pagina10.com\/web\/wp-content\/uploads\/2020\/10\/Captura-de-Pantalla-2020-10-13-a-las-9.53.25-a.-m..png\",\"datePublished\":\"2020-10-13T14:54:30+00:00\",\"breadcrumb\":{\"@id\":\"https:\/\/pagina10.com\/web\/onu-mujeres-destaca-a-organizacion-narinense-defensora-de-derechos-humanos\/#breadcrumb\"},\"inLanguage\":\"es\",\"potentialAction\":[{\"@type\":\"ReadAction\",\"target\":[\"https:\/\/pagina10.com\/web\/onu-mujeres-destaca-a-organizacion-narinense-defensora-de-derechos-humanos\/\"]}]},{\"@type\":\"ImageObject\",\"inLanguage\":\"es\",\"@id\":\"https:\/\/pagina10.com\/web\/onu-mujeres-destaca-a-organizacion-narinense-defensora-de-derechos-humanos\/#primaryimage\",\"url\":\"https:\/\/pagina10.com\/web\/wp-content\/uploads\/2020\/10\/Captura-de-Pantalla-2020-10-13-a-las-9.53.25-a.-m..png\",\"contentUrl\":\"https:\/\/pagina10.com\/web\/wp-content\/uploads\/2020\/10\/Captura-de-Pantalla-2020-10-13-a-las-9.53.25-a.-m..png\",\"width\":926,\"height\":495},{\"@type\":\"BreadcrumbList\",\"@id\":\"https:\/\/pagina10.com\/web\/onu-mujeres-destaca-a-organizacion-narinense-defensora-de-derechos-humanos\/#breadcrumb\",\"itemListElement\":[{\"@type\":\"ListItem\",\"position\":1,\"name\":\"Portada\",\"item\":\"https:\/\/pagina10.com\/web\/\"},{\"@type\":\"ListItem\",\"position\":2,\"name\":\"ONU Mujeres destaca a organizaci\u00f3n nari\u00f1ense defensora de derechos humanos.\"}]},{\"@type\":\"WebSite\",\"@id\":\"https:\/\/pagina10.com\/web\/#website\",\"url\":\"https:\/\/pagina10.com\/web\/\",\"name\":\"P\u00e1gina10\",\"description\":\"Peri\u00f3dico Regional\",\"publisher\":{\"@id\":\"https:\/\/pagina10.com\/web\/#organization\"},\"alternateName\":\"P\u00e1gina10 Peri\u00f3dico Regional\",\"potentialAction\":[{\"@type\":\"SearchAction\",\"target\":{\"@type\":\"EntryPoint\",\"urlTemplate\":\"https:\/\/pagina10.com\/web\/?s={search_term_string}\"},\"query-input\":{\"@type\":\"PropertyValueSpecification\",\"valueRequired\":true,\"valueName\":\"search_term_string\"}}],\"inLanguage\":\"es\"},{\"@type\":\"Organization\",\"@id\":\"https:\/\/pagina10.com\/web\/#organization\",\"name\":\"P\u00e1gina10\",\"alternateName\":\"P\u00e1gina10 Peri\u00f3dico Regional\",\"url\":\"https:\/\/pagina10.com\/web\/\",\"logo\":{\"@type\":\"ImageObject\",\"inLanguage\":\"es\",\"@id\":\"https:\/\/pagina10.com\/web\/#\/schema\/logo\/image\/\",\"url\":\"https:\/\/pagina10.com\/web\/wp-content\/uploads\/2024\/01\/40-pagina-10-periodico-regional-pasto.jpg\",\"contentUrl\":\"https:\/\/pagina10.com\/web\/wp-content\/uploads\/2024\/01\/40-pagina-10-periodico-regional-pasto.jpg\",\"width\":1280,\"height\":720,\"caption\":\"P\u00e1gina10\"},\"image\":{\"@id\":\"https:\/\/pagina10.com\/web\/#\/schema\/logo\/image\/\"},\"sameAs\":[\"https:\/\/www.facebook.com\/pag10com\",\"https:\/\/x.com\/Pag10com\",\"https:\/\/www.instagram.com\/pagina10col\/\",\"https:\/\/youtube.com\/channel\/pag10\",\"https:\/\/www.tiktok.com\/@p10col\"]},{\"@type\":\"Person\",\"@id\":\"https:\/\/pagina10.com\/web\/#\/schema\/person\/2efc4a090d25b667d3bc796798a3a81b\",\"name\":\"P\u00e1gina 10\",\"description\":\"P\u00e1gina 10 es un peri\u00f3dico regional que nace en Colombia, en el departamento de Nari\u00f1o, con un enfoque global, fundamentado en cuatro pilares esenciales: la libertad, el pluralismo, la inclusi\u00f3n y la independencia. P\u00e1gina 10 hace referencia a Nari\u00f1o como el d\u00e9cimo departamento creado en Colombia, despu\u00e9s de un proceso pol\u00edtico liderado por actores y actrices regionales con el fin de obtener la independencia y autonom\u00eda de nuestros territorios. Con la creaci\u00f3n de P\u00e1gina 10 se pretende abrir un escenario para el dialogo, la reflexi\u00f3n y el debate que se extienda a otras geograf\u00edas de Am\u00e9rica Latina y del planeta, en una apuesta por transformar colectivamente los desaf\u00edos de un mundo contempor\u00e1neo, m\u00e1s all\u00e1 de las fronteras impuestas.\",\"url\":\"https:\/\/pagina10.com\/web\/author\/pdiezadmin\/\"}]}<\/script>\n<!-- \/ Yoast SEO plugin. -->","yoast_head_json":{"title":"ONU Mujeres destaca a organizaci\u00f3n nari\u00f1ense defensora de derechos humanos. | P\u00e1gina10","robots":{"index":"index","follow":"follow","max-snippet":"max-snippet:-1","max-image-preview":"max-image-preview:large","max-video-preview":"max-video-preview:-1"},"canonical":"https:\/\/pagina10.com\/web\/onu-mujeres-destaca-a-organizacion-narinense-defensora-de-derechos-humanos\/","og_locale":"es_ES","og_type":"article","og_title":"ONU Mujeres destaca a organizaci\u00f3n nari\u00f1ense defensora de derechos humanos. | P\u00e1gina10","og_description":"En Nari\u00f1o la Corporaci\u00f3n 8 de marzo desde hace 10 a\u00f1os lucha por la defensa de la vida a pesar de que la violencia no da tregua. Su prop\u00f3sito: que los derechos de las mujeres siempre cuenten. Detalles de su labor. En el departamento de Nari\u00f1o, ubicado al sur de Colombia, lideresas y defensoras de [&hellip;]","og_url":"https:\/\/pagina10.com\/web\/onu-mujeres-destaca-a-organizacion-narinense-defensora-de-derechos-humanos\/","og_site_name":"P\u00e1gina10","article_publisher":"https:\/\/www.facebook.com\/pag10com","article_published_time":"2020-10-13T14:54:30+00:00","og_image":[{"width":926,"height":495,"url":"https:\/\/pagina10.com\/web\/wp-content\/uploads\/2020\/10\/Captura-de-Pantalla-2020-10-13-a-las-9.53.25-a.-m..png","type":"image\/png"}],"author":"P\u00e1gina 10","twitter_card":"summary_large_image","twitter_creator":"@Pag10com","twitter_site":"@Pag10com","twitter_misc":{"Escrito por":"P\u00e1gina 10","Tiempo de lectura":"6 minutos"},"schema":{"@context":"https:\/\/schema.org","@graph":[{"@type":"Article","@id":"https:\/\/pagina10.com\/web\/onu-mujeres-destaca-a-organizacion-narinense-defensora-de-derechos-humanos\/#article","isPartOf":{"@id":"https:\/\/pagina10.com\/web\/onu-mujeres-destaca-a-organizacion-narinense-defensora-de-derechos-humanos\/"},"author":{"name":"P\u00e1gina 10","@id":"https:\/\/pagina10.com\/web\/#\/schema\/person\/2efc4a090d25b667d3bc796798a3a81b"},"headline":"ONU Mujeres destaca a organizaci\u00f3n nari\u00f1ense defensora de derechos humanos.","datePublished":"2020-10-13T14:54:30+00:00","mainEntityOfPage":{"@id":"https:\/\/pagina10.com\/web\/onu-mujeres-destaca-a-organizacion-narinense-defensora-de-derechos-humanos\/"},"wordCount":1309,"commentCount":0,"publisher":{"@id":"https:\/\/pagina10.com\/web\/#organization"},"image":{"@id":"https:\/\/pagina10.com\/web\/onu-mujeres-destaca-a-organizacion-narinense-defensora-de-derechos-humanos\/#primaryimage"},"thumbnailUrl":"https:\/\/pagina10.com\/web\/wp-content\/uploads\/2020\/10\/Captura-de-Pantalla-2020-10-13-a-las-9.53.25-a.-m..png","articleSection":["Regiones"],"inLanguage":"es","potentialAction":[{"@type":"CommentAction","name":"Comment","target":["https:\/\/pagina10.com\/web\/onu-mujeres-destaca-a-organizacion-narinense-defensora-de-derechos-humanos\/#respond"]}]},{"@type":"WebPage","@id":"https:\/\/pagina10.com\/web\/onu-mujeres-destaca-a-organizacion-narinense-defensora-de-derechos-humanos\/","url":"https:\/\/pagina10.com\/web\/onu-mujeres-destaca-a-organizacion-narinense-defensora-de-derechos-humanos\/","name":"ONU Mujeres destaca a organizaci\u00f3n nari\u00f1ense defensora de derechos humanos. | P\u00e1gina10","isPartOf":{"@id":"https:\/\/pagina10.com\/web\/#website"},"primaryImageOfPage":{"@id":"https:\/\/pagina10.com\/web\/onu-mujeres-destaca-a-organizacion-narinense-defensora-de-derechos-humanos\/#primaryimage"},"image":{"@id":"https:\/\/pagina10.com\/web\/onu-mujeres-destaca-a-organizacion-narinense-defensora-de-derechos-humanos\/#primaryimage"},"thumbnailUrl":"https:\/\/pagina10.com\/web\/wp-content\/uploads\/2020\/10\/Captura-de-Pantalla-2020-10-13-a-las-9.53.25-a.-m..png","datePublished":"2020-10-13T14:54:30+00:00","breadcrumb":{"@id":"https:\/\/pagina10.com\/web\/onu-mujeres-destaca-a-organizacion-narinense-defensora-de-derechos-humanos\/#breadcrumb"},"inLanguage":"es","potentialAction":[{"@type":"ReadAction","target":["https:\/\/pagina10.com\/web\/onu-mujeres-destaca-a-organizacion-narinense-defensora-de-derechos-humanos\/"]}]},{"@type":"ImageObject","inLanguage":"es","@id":"https:\/\/pagina10.com\/web\/onu-mujeres-destaca-a-organizacion-narinense-defensora-de-derechos-humanos\/#primaryimage","url":"https:\/\/pagina10.com\/web\/wp-content\/uploads\/2020\/10\/Captura-de-Pantalla-2020-10-13-a-las-9.53.25-a.-m..png","contentUrl":"https:\/\/pagina10.com\/web\/wp-content\/uploads\/2020\/10\/Captura-de-Pantalla-2020-10-13-a-las-9.53.25-a.-m..png","width":926,"height":495},{"@type":"BreadcrumbList","@id":"https:\/\/pagina10.com\/web\/onu-mujeres-destaca-a-organizacion-narinense-defensora-de-derechos-humanos\/#breadcrumb","itemListElement":[{"@type":"ListItem","position":1,"name":"Portada","item":"https:\/\/pagina10.com\/web\/"},{"@type":"ListItem","position":2,"name":"ONU Mujeres destaca a organizaci\u00f3n nari\u00f1ense defensora de derechos humanos."}]},{"@type":"WebSite","@id":"https:\/\/pagina10.com\/web\/#website","url":"https:\/\/pagina10.com\/web\/","name":"P\u00e1gina10","description":"Peri\u00f3dico Regional","publisher":{"@id":"https:\/\/pagina10.com\/web\/#organization"},"alternateName":"P\u00e1gina10 Peri\u00f3dico Regional","potentialAction":[{"@type":"SearchAction","target":{"@type":"EntryPoint","urlTemplate":"https:\/\/pagina10.com\/web\/?s={search_term_string}"},"query-input":{"@type":"PropertyValueSpecification","valueRequired":true,"valueName":"search_term_string"}}],"inLanguage":"es"},{"@type":"Organization","@id":"https:\/\/pagina10.com\/web\/#organization","name":"P\u00e1gina10","alternateName":"P\u00e1gina10 Peri\u00f3dico Regional","url":"https:\/\/pagina10.com\/web\/","logo":{"@type":"ImageObject","inLanguage":"es","@id":"https:\/\/pagina10.com\/web\/#\/schema\/logo\/image\/","url":"https:\/\/pagina10.com\/web\/wp-content\/uploads\/2024\/01\/40-pagina-10-periodico-regional-pasto.jpg","contentUrl":"https:\/\/pagina10.com\/web\/wp-content\/uploads\/2024\/01\/40-pagina-10-periodico-regional-pasto.jpg","width":1280,"height":720,"caption":"P\u00e1gina10"},"image":{"@id":"https:\/\/pagina10.com\/web\/#\/schema\/logo\/image\/"},"sameAs":["https:\/\/www.facebook.com\/pag10com","https:\/\/x.com\/Pag10com","https:\/\/www.instagram.com\/pagina10col\/","https:\/\/youtube.com\/channel\/pag10","https:\/\/www.tiktok.com\/@p10col"]},{"@type":"Person","@id":"https:\/\/pagina10.com\/web\/#\/schema\/person\/2efc4a090d25b667d3bc796798a3a81b","name":"P\u00e1gina 10","description":"P\u00e1gina 10 es un peri\u00f3dico regional que nace en Colombia, en el departamento de Nari\u00f1o, con un enfoque global, fundamentado en cuatro pilares esenciales: la libertad, el pluralismo, la inclusi\u00f3n y la independencia. P\u00e1gina 10 hace referencia a Nari\u00f1o como el d\u00e9cimo departamento creado en Colombia, despu\u00e9s de un proceso pol\u00edtico liderado por actores y actrices regionales con el fin de obtener la independencia y autonom\u00eda de nuestros territorios. Con la creaci\u00f3n de P\u00e1gina 10 se pretende abrir un escenario para el dialogo, la reflexi\u00f3n y el debate que se extienda a otras geograf\u00edas de Am\u00e9rica Latina y del planeta, en una apuesta por transformar colectivamente los desaf\u00edos de un mundo contempor\u00e1neo, m\u00e1s all\u00e1 de las fronteras impuestas.","url":"https:\/\/pagina10.com\/web\/author\/pdiezadmin\/"}]}},"_links":{"self":[{"href":"https:\/\/pagina10.com\/web\/wp-json\/wp\/v2\/posts\/47762","targetHints":{"allow":["GET"]}}],"collection":[{"href":"https:\/\/pagina10.com\/web\/wp-json\/wp\/v2\/posts"}],"about":[{"href":"https:\/\/pagina10.com\/web\/wp-json\/wp\/v2\/types\/post"}],"author":[{"embeddable":true,"href":"https:\/\/pagina10.com\/web\/wp-json\/wp\/v2\/users\/1"}],"replies":[{"embeddable":true,"href":"https:\/\/pagina10.com\/web\/wp-json\/wp\/v2\/comments?post=47762"}],"version-history":[{"count":1,"href":"https:\/\/pagina10.com\/web\/wp-json\/wp\/v2\/posts\/47762\/revisions"}],"predecessor-version":[{"id":47764,"href":"https:\/\/pagina10.com\/web\/wp-json\/wp\/v2\/posts\/47762\/revisions\/47764"}],"wp:featuredmedia":[{"embeddable":true,"href":"https:\/\/pagina10.com\/web\/wp-json\/wp\/v2\/media\/47763"}],"wp:attachment":[{"href":"https:\/\/pagina10.com\/web\/wp-json\/wp\/v2\/media?parent=47762"}],"wp:term":[{"taxonomy":"category","embeddable":true,"href":"https:\/\/pagina10.com\/web\/wp-json\/wp\/v2\/categories?post=47762"},{"taxonomy":"post_tag","embeddable":true,"href":"https:\/\/pagina10.com\/web\/wp-json\/wp\/v2\/tags?post=47762"}],"curies":[{"name":"wp","href":"https:\/\/api.w.org\/{rel}","templated":true}]}}