{"id":47800,"date":"2020-10-16T22:44:16","date_gmt":"2020-10-16T22:44:16","guid":{"rendered":"https:\/\/pagina10.com\/web\/?p=47800"},"modified":"2020-10-16T22:44:16","modified_gmt":"2020-10-16T22:44:16","slug":"yacuanquer-tendra-emisora-de-interes-publico","status":"publish","type":"post","link":"https:\/\/pagina10.com\/web\/yacuanquer-tendra-emisora-de-interes-publico\/","title":{"rendered":"Yacuanquer tendr\u00e1 emisora de inter\u00e9s p\u00fablico"},"content":{"rendered":"<div>\n<ul>\n<li style=\"text-align: justify;\">Durante su primer d\u00eda de visita a Nari\u00f1o, la funcionaria activ\u00f3 una zona digital en la plazoleta del municipio, llegando as\u00ed el departamento a un total de 115 puntos de conexi\u00f3n gratuita a internet v\u00eda wifi (50 rurales y 65 urbanas).<\/li>\n<li style=\"text-align: justify;\">Abudinen visit\u00f3 el colegio Pedro Le\u00f3n Torres, instituci\u00f3n educativa que se caracteriza por brindar atenci\u00f3n integral e inclusiva a m\u00e1s de 50 ni\u00f1os en condici\u00f3n de discapacidad cognitiva. All\u00ed entreg\u00f3 20 tabletas para los estudiantes y anunci\u00f3 la llegada de 70 computadores.<\/li>\n<li style=\"text-align: justify;\">La funcionaria tambi\u00e9n activ\u00f3 otra zona digital en el municipio de Alb\u00e1n durante la presentaci\u00f3n del programa del MinTIC \u201cEjecutando y Conectando\u201d, donde hizo la activaci\u00f3n oficial de las 2.350 zonas digitales urbanas y rurales en todo el pa\u00eds y prob\u00f3 la calidad de la conexi\u00f3n haciendo una video llamada al presidente Iv\u00e1n Duque.<\/li>\n<li style=\"text-align: justify;\">La agenda ministerial continuar\u00e1 este viernes en la ciudad de Pasto, donde la ministra participar\u00e1 en un encuentro de mujeres, visitar\u00e1 la vereda San Antonio de Acuyuyo, y el Museo del Carnaval de Negros y Blancos.<\/li>\n<\/ul>\n<\/div>\n<div style=\"text-align: justify;\"><\/div>\n<p style=\"text-align: justify;\">Tras anunciar en Alb\u00e1n (Nari\u00f1o) la llegada de 250 nuevas zonas digitales urbanas en 132 municipios de 25 departamentos del pa\u00eds, cuatro de estas ubicadas en las poblaciones nari\u00f1enses de San Andr\u00e9s de Tumaco y La Cruz, la ministra de las TIC, Karen Abudinen, visit\u00f3 este jueves en la tarde la poblaci\u00f3n de Yacuanquer y confirm\u00f3 que la comunidad contar\u00e1 con una emisora de inter\u00e9s p\u00fablico.<\/p>\n<p style=\"text-align: justify;\">La noticia fue dada a conocer por la funcionaria en presencia del alcalde Daniel Santacruz, qui\u00e9n celebr\u00f3 con la comunidad no solo la existencia de un nuevo medio p\u00fablico de comunicaci\u00f3n sino la activaci\u00f3n de una nueva zona digital en la plazoleta central del municipio.<\/p>\n<p style=\"text-align: justify;\">&#8220;El alcalde me hab\u00eda pedido con urgencia la creaci\u00f3n de una emisora de inter\u00e9s p\u00fablico para la comunidad y quiero decirle que ya la tiene, para que conectemos este municipio con todas sus zonas rurales&#8221;, anunci\u00f3 Abudinen.<\/p>\n<p style=\"text-align: justify;\">Seg\u00fan explic\u00f3 la ministra, la emisora ya es un hecho pues cuenta con c\u00f3digo de frecuencia y una vez se concluyan algunos tr\u00e1mites ante la Agencia Nacional del Espectro (ANE), la administraci\u00f3n municipal podr\u00e1 hacer uso de ella.<\/p>\n<h3 style=\"text-align: justify;\">Ejecutando y conectando<\/h3>\n<p style=\"text-align: justify;\">La ministra Abudinen tambi\u00e9n activ\u00f3 una zona digital urbana en la plazoleta de Yacuanquer, llegando as\u00ed el departamento de Nari\u00f1o a un total de 115 puntos de conexi\u00f3n gratuita a internet v\u00eda wifi (50 rurales y 65 urbanas). Las urbanas aumentar\u00e1n de una a seis horas el tiempo de conexi\u00f3n permitido por usuario al d\u00eda. La ministra tambi\u00e9n inform\u00f3 que siete colegios rurales del municipio estar\u00e1n conectados a internet en 2021 por 10 a\u00f1os.<\/p>\n<p style=\"text-align: justify;\">&#8220;Con esta zona digital, los emprendedores nos ense\u00f1ar\u00e1n a mirar las cosas diferentes y a so\u00f1ar en grande, poniendo en marcha nuevas ideas que reactiven la econom\u00eda del municipio. Ese es parte de nuestro compromiso y por eso estoy recorriendo las regiones del pa\u00eds, conociendo de primera mano d\u00f3nde tenemos que conectar y sumar esfuerzos para que todos tengamos oportunidades&#8221;, agreg\u00f3 Abudinen.<\/p>\n<p style=\"text-align: justify;\">La ministra visit\u00f3 las instalaciones del colegio Pedro Le\u00f3n Torres, instituci\u00f3n educativa que se caracteriza por brindar atenci\u00f3n integral e inclusiva a m\u00e1s de 50 ni\u00f1os en condici\u00f3n de discapacidad cognitiva. All\u00ed entreg\u00f3 20 tabletas para los estudiantes y anunci\u00f3 la llegada de 70 computadores.<\/p>\n<p style=\"text-align: justify;\">Horas antes, la funcionaria tambi\u00e9n activ\u00f3 otra zona digital en el municipio de Alb\u00e1n durante la presentaci\u00f3n del programa del MinTIC &#8220;Ejecutando y Conectando&#8221;, donde hizo la activaci\u00f3n oficial de las 2.350 zonas digitales y anunci\u00f3 la llegada de 250 m\u00e1s para las \u00e1reas urbanas en 132 municipios de 25 departamentos del pa\u00eds. As\u00ed mismo, prob\u00f3 la calidad de la conexi\u00f3n haciendo una video llamada al presidente Iv\u00e1n Duque.<\/p>\n<p style=\"text-align: justify;\">&#8220;El presidente Iv\u00e1n Duque me encomend\u00f3 conectar este pa\u00eds y hay que conectarlo consentido. De nada me sirve poner internet si no traemos la tecnolog\u00eda que se requiere para poder aprender, estar unidos con el teletrabajo, con nuestras familias y el comercio electr\u00f3nico&#8221;, concluy\u00f3 la ministra Karen Abudinen.<\/p>\n","protected":false},"excerpt":{"rendered":"<p>Durante su primer d\u00eda de visita a Nari\u00f1o, la funcionaria activ\u00f3 una zona digital en la plazoleta del municipio, llegando as\u00ed el departamento a un total de 115 puntos de conexi\u00f3n gratuita a internet v\u00eda wifi (50 rurales y 65 urbanas). Abudinen visit\u00f3 el colegio Pedro Le\u00f3n Torres, instituci\u00f3n educativa que se caracteriza por brindar [&hellip;]<\/p>\n","protected":false},"author":1,"featured_media":47801,"comment_status":"open","ping_status":"open","sticky":false,"template":"","format":"standard","meta":{"footnotes":""},"categories":[53],"tags":[],"class_list":["post-47800","post","type-post","status-publish","format-standard","has-post-thumbnail","hentry","category-regiones"],"yoast_head":"<!-- This site is optimized with the Yoast SEO plugin v27.1.1 - https:\/\/yoast.com\/product\/yoast-seo-wordpress\/ -->\n<title>Yacuanquer tendr\u00e1 emisora de inter\u00e9s p\u00fablico | P\u00e1gina10<\/title>\n<meta name=\"robots\" content=\"index, follow, max-snippet:-1, max-image-preview:large, max-video-preview:-1\" \/>\n<link rel=\"canonical\" href=\"https:\/\/pagina10.com\/web\/yacuanquer-tendra-emisora-de-interes-publico\/\" \/>\n<meta property=\"og:locale\" content=\"es_ES\" \/>\n<meta property=\"og:type\" content=\"article\" \/>\n<meta property=\"og:title\" content=\"Yacuanquer tendr\u00e1 emisora de inter\u00e9s p\u00fablico | P\u00e1gina10\" \/>\n<meta property=\"og:description\" content=\"Durante su primer d\u00eda de visita a Nari\u00f1o, la funcionaria activ\u00f3 una zona digital en la plazoleta del municipio, llegando as\u00ed el departamento a un total de 115 puntos de conexi\u00f3n gratuita a internet v\u00eda wifi (50 rurales y 65 urbanas). Abudinen visit\u00f3 el colegio Pedro Le\u00f3n Torres, instituci\u00f3n educativa que se caracteriza por brindar [&hellip;]\" \/>\n<meta property=\"og:url\" content=\"https:\/\/pagina10.com\/web\/yacuanquer-tendra-emisora-de-interes-publico\/\" \/>\n<meta property=\"og:site_name\" content=\"P\u00e1gina10\" \/>\n<meta property=\"article:publisher\" content=\"https:\/\/www.facebook.com\/pag10com\" \/>\n<meta property=\"article:published_time\" content=\"2020-10-16T22:44:16+00:00\" \/>\n<meta property=\"og:image\" content=\"https:\/\/pagina10.com\/web\/wp-content\/uploads\/2020\/10\/Captura-de-Pantalla-2020-10-16-a-las-5.43.46-p.-m..png\" \/>\n\t<meta property=\"og:image:width\" content=\"602\" \/>\n\t<meta property=\"og:image:height\" content=\"343\" \/>\n\t<meta property=\"og:image:type\" content=\"image\/png\" \/>\n<meta name=\"author\" content=\"P\u00e1gina 10\" \/>\n<meta name=\"twitter:card\" content=\"summary_large_image\" \/>\n<meta name=\"twitter:creator\" content=\"@Pag10com\" \/>\n<meta name=\"twitter:site\" content=\"@Pag10com\" \/>\n<meta name=\"twitter:label1\" content=\"Escrito por\" \/>\n\t<meta name=\"twitter:data1\" content=\"P\u00e1gina 10\" \/>\n\t<meta name=\"twitter:label2\" content=\"Tiempo de lectura\" \/>\n\t<meta name=\"twitter:data2\" content=\"4 minutos\" \/>\n<script type=\"application\/ld+json\" class=\"yoast-schema-graph\">{\"@context\":\"https:\/\/schema.org\",\"@graph\":[{\"@type\":\"Article\",\"@id\":\"https:\/\/pagina10.com\/web\/yacuanquer-tendra-emisora-de-interes-publico\/#article\",\"isPartOf\":{\"@id\":\"https:\/\/pagina10.com\/web\/yacuanquer-tendra-emisora-de-interes-publico\/\"},\"author\":{\"name\":\"P\u00e1gina 10\",\"@id\":\"https:\/\/pagina10.com\/web\/#\/schema\/person\/2efc4a090d25b667d3bc796798a3a81b\"},\"headline\":\"Yacuanquer tendr\u00e1 emisora de inter\u00e9s p\u00fablico\",\"datePublished\":\"2020-10-16T22:44:16+00:00\",\"mainEntityOfPage\":{\"@id\":\"https:\/\/pagina10.com\/web\/yacuanquer-tendra-emisora-de-interes-publico\/\"},\"wordCount\":717,\"commentCount\":0,\"publisher\":{\"@id\":\"https:\/\/pagina10.com\/web\/#organization\"},\"image\":{\"@id\":\"https:\/\/pagina10.com\/web\/yacuanquer-tendra-emisora-de-interes-publico\/#primaryimage\"},\"thumbnailUrl\":\"https:\/\/pagina10.com\/web\/wp-content\/uploads\/2020\/10\/Captura-de-Pantalla-2020-10-16-a-las-5.43.46-p.-m..png\",\"articleSection\":[\"Regiones\"],\"inLanguage\":\"es\",\"potentialAction\":[{\"@type\":\"CommentAction\",\"name\":\"Comment\",\"target\":[\"https:\/\/pagina10.com\/web\/yacuanquer-tendra-emisora-de-interes-publico\/#respond\"]}]},{\"@type\":\"WebPage\",\"@id\":\"https:\/\/pagina10.com\/web\/yacuanquer-tendra-emisora-de-interes-publico\/\",\"url\":\"https:\/\/pagina10.com\/web\/yacuanquer-tendra-emisora-de-interes-publico\/\",\"name\":\"Yacuanquer tendr\u00e1 emisora de inter\u00e9s p\u00fablico | P\u00e1gina10\",\"isPartOf\":{\"@id\":\"https:\/\/pagina10.com\/web\/#website\"},\"primaryImageOfPage\":{\"@id\":\"https:\/\/pagina10.com\/web\/yacuanquer-tendra-emisora-de-interes-publico\/#primaryimage\"},\"image\":{\"@id\":\"https:\/\/pagina10.com\/web\/yacuanquer-tendra-emisora-de-interes-publico\/#primaryimage\"},\"thumbnailUrl\":\"https:\/\/pagina10.com\/web\/wp-content\/uploads\/2020\/10\/Captura-de-Pantalla-2020-10-16-a-las-5.43.46-p.-m..png\",\"datePublished\":\"2020-10-16T22:44:16+00:00\",\"breadcrumb\":{\"@id\":\"https:\/\/pagina10.com\/web\/yacuanquer-tendra-emisora-de-interes-publico\/#breadcrumb\"},\"inLanguage\":\"es\",\"potentialAction\":[{\"@type\":\"ReadAction\",\"target\":[\"https:\/\/pagina10.com\/web\/yacuanquer-tendra-emisora-de-interes-publico\/\"]}]},{\"@type\":\"ImageObject\",\"inLanguage\":\"es\",\"@id\":\"https:\/\/pagina10.com\/web\/yacuanquer-tendra-emisora-de-interes-publico\/#primaryimage\",\"url\":\"https:\/\/pagina10.com\/web\/wp-content\/uploads\/2020\/10\/Captura-de-Pantalla-2020-10-16-a-las-5.43.46-p.-m..png\",\"contentUrl\":\"https:\/\/pagina10.com\/web\/wp-content\/uploads\/2020\/10\/Captura-de-Pantalla-2020-10-16-a-las-5.43.46-p.-m..png\",\"width\":602,\"height\":343},{\"@type\":\"BreadcrumbList\",\"@id\":\"https:\/\/pagina10.com\/web\/yacuanquer-tendra-emisora-de-interes-publico\/#breadcrumb\",\"itemListElement\":[{\"@type\":\"ListItem\",\"position\":1,\"name\":\"Portada\",\"item\":\"https:\/\/pagina10.com\/web\/\"},{\"@type\":\"ListItem\",\"position\":2,\"name\":\"Yacuanquer tendr\u00e1 emisora de inter\u00e9s p\u00fablico\"}]},{\"@type\":\"WebSite\",\"@id\":\"https:\/\/pagina10.com\/web\/#website\",\"url\":\"https:\/\/pagina10.com\/web\/\",\"name\":\"P\u00e1gina10\",\"description\":\"Peri\u00f3dico Regional\",\"publisher\":{\"@id\":\"https:\/\/pagina10.com\/web\/#organization\"},\"alternateName\":\"P\u00e1gina10 Peri\u00f3dico Regional\",\"potentialAction\":[{\"@type\":\"SearchAction\",\"target\":{\"@type\":\"EntryPoint\",\"urlTemplate\":\"https:\/\/pagina10.com\/web\/?s={search_term_string}\"},\"query-input\":{\"@type\":\"PropertyValueSpecification\",\"valueRequired\":true,\"valueName\":\"search_term_string\"}}],\"inLanguage\":\"es\"},{\"@type\":\"Organization\",\"@id\":\"https:\/\/pagina10.com\/web\/#organization\",\"name\":\"P\u00e1gina10\",\"alternateName\":\"P\u00e1gina10 Peri\u00f3dico Regional\",\"url\":\"https:\/\/pagina10.com\/web\/\",\"logo\":{\"@type\":\"ImageObject\",\"inLanguage\":\"es\",\"@id\":\"https:\/\/pagina10.com\/web\/#\/schema\/logo\/image\/\",\"url\":\"https:\/\/pagina10.com\/web\/wp-content\/uploads\/2024\/01\/40-pagina-10-periodico-regional-pasto.jpg\",\"contentUrl\":\"https:\/\/pagina10.com\/web\/wp-content\/uploads\/2024\/01\/40-pagina-10-periodico-regional-pasto.jpg\",\"width\":1280,\"height\":720,\"caption\":\"P\u00e1gina10\"},\"image\":{\"@id\":\"https:\/\/pagina10.com\/web\/#\/schema\/logo\/image\/\"},\"sameAs\":[\"https:\/\/www.facebook.com\/pag10com\",\"https:\/\/x.com\/Pag10com\",\"https:\/\/www.instagram.com\/pagina10col\/\",\"https:\/\/youtube.com\/channel\/pag10\",\"https:\/\/www.tiktok.com\/@p10col\"]},{\"@type\":\"Person\",\"@id\":\"https:\/\/pagina10.com\/web\/#\/schema\/person\/2efc4a090d25b667d3bc796798a3a81b\",\"name\":\"P\u00e1gina 10\",\"description\":\"P\u00e1gina 10 es un peri\u00f3dico regional que nace en Colombia, en el departamento de Nari\u00f1o, con un enfoque global, fundamentado en cuatro pilares esenciales: la libertad, el pluralismo, la inclusi\u00f3n y la independencia. P\u00e1gina 10 hace referencia a Nari\u00f1o como el d\u00e9cimo departamento creado en Colombia, despu\u00e9s de un proceso pol\u00edtico liderado por actores y actrices regionales con el fin de obtener la independencia y autonom\u00eda de nuestros territorios. Con la creaci\u00f3n de P\u00e1gina 10 se pretende abrir un escenario para el dialogo, la reflexi\u00f3n y el debate que se extienda a otras geograf\u00edas de Am\u00e9rica Latina y del planeta, en una apuesta por transformar colectivamente los desaf\u00edos de un mundo contempor\u00e1neo, m\u00e1s all\u00e1 de las fronteras impuestas.\",\"url\":\"https:\/\/pagina10.com\/web\/author\/pdiezadmin\/\"}]}<\/script>\n<!-- \/ Yoast SEO plugin. -->","yoast_head_json":{"title":"Yacuanquer tendr\u00e1 emisora de inter\u00e9s p\u00fablico | P\u00e1gina10","robots":{"index":"index","follow":"follow","max-snippet":"max-snippet:-1","max-image-preview":"max-image-preview:large","max-video-preview":"max-video-preview:-1"},"canonical":"https:\/\/pagina10.com\/web\/yacuanquer-tendra-emisora-de-interes-publico\/","og_locale":"es_ES","og_type":"article","og_title":"Yacuanquer tendr\u00e1 emisora de inter\u00e9s p\u00fablico | P\u00e1gina10","og_description":"Durante su primer d\u00eda de visita a Nari\u00f1o, la funcionaria activ\u00f3 una zona digital en la plazoleta del municipio, llegando as\u00ed el departamento a un total de 115 puntos de conexi\u00f3n gratuita a internet v\u00eda wifi (50 rurales y 65 urbanas). Abudinen visit\u00f3 el colegio Pedro Le\u00f3n Torres, instituci\u00f3n educativa que se caracteriza por brindar [&hellip;]","og_url":"https:\/\/pagina10.com\/web\/yacuanquer-tendra-emisora-de-interes-publico\/","og_site_name":"P\u00e1gina10","article_publisher":"https:\/\/www.facebook.com\/pag10com","article_published_time":"2020-10-16T22:44:16+00:00","og_image":[{"width":602,"height":343,"url":"https:\/\/pagina10.com\/web\/wp-content\/uploads\/2020\/10\/Captura-de-Pantalla-2020-10-16-a-las-5.43.46-p.-m..png","type":"image\/png"}],"author":"P\u00e1gina 10","twitter_card":"summary_large_image","twitter_creator":"@Pag10com","twitter_site":"@Pag10com","twitter_misc":{"Escrito por":"P\u00e1gina 10","Tiempo de lectura":"4 minutos"},"schema":{"@context":"https:\/\/schema.org","@graph":[{"@type":"Article","@id":"https:\/\/pagina10.com\/web\/yacuanquer-tendra-emisora-de-interes-publico\/#article","isPartOf":{"@id":"https:\/\/pagina10.com\/web\/yacuanquer-tendra-emisora-de-interes-publico\/"},"author":{"name":"P\u00e1gina 10","@id":"https:\/\/pagina10.com\/web\/#\/schema\/person\/2efc4a090d25b667d3bc796798a3a81b"},"headline":"Yacuanquer tendr\u00e1 emisora de inter\u00e9s p\u00fablico","datePublished":"2020-10-16T22:44:16+00:00","mainEntityOfPage":{"@id":"https:\/\/pagina10.com\/web\/yacuanquer-tendra-emisora-de-interes-publico\/"},"wordCount":717,"commentCount":0,"publisher":{"@id":"https:\/\/pagina10.com\/web\/#organization"},"image":{"@id":"https:\/\/pagina10.com\/web\/yacuanquer-tendra-emisora-de-interes-publico\/#primaryimage"},"thumbnailUrl":"https:\/\/pagina10.com\/web\/wp-content\/uploads\/2020\/10\/Captura-de-Pantalla-2020-10-16-a-las-5.43.46-p.-m..png","articleSection":["Regiones"],"inLanguage":"es","potentialAction":[{"@type":"CommentAction","name":"Comment","target":["https:\/\/pagina10.com\/web\/yacuanquer-tendra-emisora-de-interes-publico\/#respond"]}]},{"@type":"WebPage","@id":"https:\/\/pagina10.com\/web\/yacuanquer-tendra-emisora-de-interes-publico\/","url":"https:\/\/pagina10.com\/web\/yacuanquer-tendra-emisora-de-interes-publico\/","name":"Yacuanquer tendr\u00e1 emisora de inter\u00e9s p\u00fablico | P\u00e1gina10","isPartOf":{"@id":"https:\/\/pagina10.com\/web\/#website"},"primaryImageOfPage":{"@id":"https:\/\/pagina10.com\/web\/yacuanquer-tendra-emisora-de-interes-publico\/#primaryimage"},"image":{"@id":"https:\/\/pagina10.com\/web\/yacuanquer-tendra-emisora-de-interes-publico\/#primaryimage"},"thumbnailUrl":"https:\/\/pagina10.com\/web\/wp-content\/uploads\/2020\/10\/Captura-de-Pantalla-2020-10-16-a-las-5.43.46-p.-m..png","datePublished":"2020-10-16T22:44:16+00:00","breadcrumb":{"@id":"https:\/\/pagina10.com\/web\/yacuanquer-tendra-emisora-de-interes-publico\/#breadcrumb"},"inLanguage":"es","potentialAction":[{"@type":"ReadAction","target":["https:\/\/pagina10.com\/web\/yacuanquer-tendra-emisora-de-interes-publico\/"]}]},{"@type":"ImageObject","inLanguage":"es","@id":"https:\/\/pagina10.com\/web\/yacuanquer-tendra-emisora-de-interes-publico\/#primaryimage","url":"https:\/\/pagina10.com\/web\/wp-content\/uploads\/2020\/10\/Captura-de-Pantalla-2020-10-16-a-las-5.43.46-p.-m..png","contentUrl":"https:\/\/pagina10.com\/web\/wp-content\/uploads\/2020\/10\/Captura-de-Pantalla-2020-10-16-a-las-5.43.46-p.-m..png","width":602,"height":343},{"@type":"BreadcrumbList","@id":"https:\/\/pagina10.com\/web\/yacuanquer-tendra-emisora-de-interes-publico\/#breadcrumb","itemListElement":[{"@type":"ListItem","position":1,"name":"Portada","item":"https:\/\/pagina10.com\/web\/"},{"@type":"ListItem","position":2,"name":"Yacuanquer tendr\u00e1 emisora de inter\u00e9s p\u00fablico"}]},{"@type":"WebSite","@id":"https:\/\/pagina10.com\/web\/#website","url":"https:\/\/pagina10.com\/web\/","name":"P\u00e1gina10","description":"Peri\u00f3dico Regional","publisher":{"@id":"https:\/\/pagina10.com\/web\/#organization"},"alternateName":"P\u00e1gina10 Peri\u00f3dico Regional","potentialAction":[{"@type":"SearchAction","target":{"@type":"EntryPoint","urlTemplate":"https:\/\/pagina10.com\/web\/?s={search_term_string}"},"query-input":{"@type":"PropertyValueSpecification","valueRequired":true,"valueName":"search_term_string"}}],"inLanguage":"es"},{"@type":"Organization","@id":"https:\/\/pagina10.com\/web\/#organization","name":"P\u00e1gina10","alternateName":"P\u00e1gina10 Peri\u00f3dico Regional","url":"https:\/\/pagina10.com\/web\/","logo":{"@type":"ImageObject","inLanguage":"es","@id":"https:\/\/pagina10.com\/web\/#\/schema\/logo\/image\/","url":"https:\/\/pagina10.com\/web\/wp-content\/uploads\/2024\/01\/40-pagina-10-periodico-regional-pasto.jpg","contentUrl":"https:\/\/pagina10.com\/web\/wp-content\/uploads\/2024\/01\/40-pagina-10-periodico-regional-pasto.jpg","width":1280,"height":720,"caption":"P\u00e1gina10"},"image":{"@id":"https:\/\/pagina10.com\/web\/#\/schema\/logo\/image\/"},"sameAs":["https:\/\/www.facebook.com\/pag10com","https:\/\/x.com\/Pag10com","https:\/\/www.instagram.com\/pagina10col\/","https:\/\/youtube.com\/channel\/pag10","https:\/\/www.tiktok.com\/@p10col"]},{"@type":"Person","@id":"https:\/\/pagina10.com\/web\/#\/schema\/person\/2efc4a090d25b667d3bc796798a3a81b","name":"P\u00e1gina 10","description":"P\u00e1gina 10 es un peri\u00f3dico regional que nace en Colombia, en el departamento de Nari\u00f1o, con un enfoque global, fundamentado en cuatro pilares esenciales: la libertad, el pluralismo, la inclusi\u00f3n y la independencia. P\u00e1gina 10 hace referencia a Nari\u00f1o como el d\u00e9cimo departamento creado en Colombia, despu\u00e9s de un proceso pol\u00edtico liderado por actores y actrices regionales con el fin de obtener la independencia y autonom\u00eda de nuestros territorios. Con la creaci\u00f3n de P\u00e1gina 10 se pretende abrir un escenario para el dialogo, la reflexi\u00f3n y el debate que se extienda a otras geograf\u00edas de Am\u00e9rica Latina y del planeta, en una apuesta por transformar colectivamente los desaf\u00edos de un mundo contempor\u00e1neo, m\u00e1s all\u00e1 de las fronteras impuestas.","url":"https:\/\/pagina10.com\/web\/author\/pdiezadmin\/"}]}},"_links":{"self":[{"href":"https:\/\/pagina10.com\/web\/wp-json\/wp\/v2\/posts\/47800","targetHints":{"allow":["GET"]}}],"collection":[{"href":"https:\/\/pagina10.com\/web\/wp-json\/wp\/v2\/posts"}],"about":[{"href":"https:\/\/pagina10.com\/web\/wp-json\/wp\/v2\/types\/post"}],"author":[{"embeddable":true,"href":"https:\/\/pagina10.com\/web\/wp-json\/wp\/v2\/users\/1"}],"replies":[{"embeddable":true,"href":"https:\/\/pagina10.com\/web\/wp-json\/wp\/v2\/comments?post=47800"}],"version-history":[{"count":1,"href":"https:\/\/pagina10.com\/web\/wp-json\/wp\/v2\/posts\/47800\/revisions"}],"predecessor-version":[{"id":47802,"href":"https:\/\/pagina10.com\/web\/wp-json\/wp\/v2\/posts\/47800\/revisions\/47802"}],"wp:featuredmedia":[{"embeddable":true,"href":"https:\/\/pagina10.com\/web\/wp-json\/wp\/v2\/media\/47801"}],"wp:attachment":[{"href":"https:\/\/pagina10.com\/web\/wp-json\/wp\/v2\/media?parent=47800"}],"wp:term":[{"taxonomy":"category","embeddable":true,"href":"https:\/\/pagina10.com\/web\/wp-json\/wp\/v2\/categories?post=47800"},{"taxonomy":"post_tag","embeddable":true,"href":"https:\/\/pagina10.com\/web\/wp-json\/wp\/v2\/tags?post=47800"}],"curies":[{"name":"wp","href":"https:\/\/api.w.org\/{rel}","templated":true}]}}