{"id":47828,"date":"2020-10-18T21:38:55","date_gmt":"2020-10-18T21:38:55","guid":{"rendered":"https:\/\/pagina10.com\/web\/?p=47828"},"modified":"2020-10-18T21:38:55","modified_gmt":"2020-10-18T21:38:55","slug":"riego-previene-amarillamiento-de-hojas-en-cultivos-de-papa","status":"publish","type":"post","link":"https:\/\/pagina10.com\/web\/riego-previene-amarillamiento-de-hojas-en-cultivos-de-papa\/","title":{"rendered":"Riego previene amarillamiento de hojas en cultivos de papa"},"content":{"rendered":"<p style=\"text-align: justify;\">El uso de semillas certificadas y el manejo h\u00eddrico del cultivo de papa promueve el \u00f3ptimo metabolismo de la planta y una menor expresi\u00f3n de los s\u00edntomas del virus Potato yellow vein virus (PYVV), o amarillamiento, una enfermedad com\u00fan que afecta hasta el 50 % de la producci\u00f3n.<\/p>\n<p style=\"text-align: justify;\">Cuando se tienen menos posibilidades de sequ\u00eda se propaga menos poblaci\u00f3n del insecto Trialeurodes vaporariorum \u2013o mosca blanca de invernaderos\u2013, principal transmisor horizontal del virus a otras plantas o ambientes.<\/p>\n<p style=\"text-align: justify;\">As\u00ed lo detalla la investigaci\u00f3n de Diego Fernando V\u00e1squez Mendieta, mag\u00edster en Ciencias Agrarias de la Universidad Nacional de Colombia (UNAL).<\/p>\n<p style=\"text-align: justify;\">El PYVV es un virus transmitido de forma semipersistente (tiempo de persistencia de los virus) y es el agente causal del amarillamiento de las nervaduras de la hoja de papa (distribuci\u00f3n de los nervios), una enfermedad de estos cultivos en el norte de Am\u00e9rica del Sur.<\/p>\n<p style=\"text-align: justify;\">Pese a que la enfermedad no siempre genera s\u00edntomas, cuando se dan aparecen en el borde de las hojas y se va extendiendo hasta el interior, siendo m\u00e1s severo el env\u00e9s de los foliolos.<\/p>\n<p style=\"text-align: justify;\">El virus ha sido estudiado y analizado desde su parte molecular y su reconocimiento, pero no desde las interacciones con el hospedero (la papa) ni con el vector que lo transmite (mosca blanca de invernadero). Es as\u00ed como la investigaci\u00f3n del mag\u00edster V\u00e1squez evalu\u00f3 el efecto de la expresi\u00f3n de s\u00edntomas de PYVD en las plantas de papa sobre la sobrevivencia, el desarrollo y el comportamiento de su transmisor.<\/p>\n<p style=\"text-align: justify;\">\u201cEste insecto est\u00e1 en todo el mundo, en todos los continentes y tiene una particularidad, y es que en este punto espec\u00edfico es el \u00fanico vector que transmite este virus en papa\u201d, se\u00f1ala el investigador.<\/p>\n<p style=\"text-align: justify;\">A\u00f1ade que este insecto no es considerado como una plaga para los cultivos, por lo que no se controla a menos que est\u00e9 asociado con el virus, evidenciando las relaciones entre estos y su hospedero (la papa).<\/p>\n<p style=\"text-align: justify;\">Se realizaron experimentos bajo condiciones controladas en c\u00e1maras clim\u00e1ticas, en las que se evaluaron factores como la temperatura, que las plantas estuvieran infectadas y pudieran o no presentar los s\u00edntomas, y la cuantificaci\u00f3n del virus ante diferentes temperaturas y condiciones de estr\u00e9s h\u00eddrico (sequ\u00eda).<\/p>\n<p style=\"text-align: justify;\">Mayor sequ\u00eda, mayores s\u00edntomas<\/p>\n<p style=\"text-align: justify;\">\u201cTomamos plantas de papa infectadas con s\u00edntomas en campo y las sembramos a diferentes temperaturas, y durante 15 d\u00edas no se les hizo riego. Se tomaron pruebas moleculares antes y despu\u00e9s del estr\u00e9s h\u00eddrico para ver c\u00f3mo se manten\u00edan y evaluamos cu\u00e1les sal\u00edan con s\u00edntomas y cu\u00e1les no, y si pod\u00edan salir plantas sanas, pese a provenir de una planta madre infectada\u201d.<\/p>\n<p style=\"text-align: justify;\">Las pruebas evidenciaron que la expresi\u00f3n de los s\u00edntomas del virus en las plantas de papa tiene un efecto directo, tanto en la tasa de desarrollo como en el comportamiento de la mosca blanca, y estos s\u00edntomas pueden desencadenarse por episodios de sequ\u00eda, pues, seg\u00fan los resultados de la investigaci\u00f3n, los s\u00edntomas fueron evidentes despu\u00e9s de tres d\u00edas del riego, mientras que las plantas bien regadas presentaron s\u00edntomas de forma retardada, que se produjeron entre los 10 y 25 d\u00edas luego de que las plantas fueran sometidas al estr\u00e9s h\u00eddrico.<\/p>\n<p style=\"text-align: justify;\">Estos factores se pueden consideras al momento de establecer pr\u00e1cticas para manejar y prevenir futuras epidemias de PYVV.<\/p>\n","protected":false},"excerpt":{"rendered":"<p>El uso de semillas certificadas y el manejo h\u00eddrico del cultivo de papa promueve el \u00f3ptimo metabolismo de la planta y una menor expresi\u00f3n de los s\u00edntomas del virus Potato yellow vein virus (PYVV), o amarillamiento, una enfermedad com\u00fan que afecta hasta el 50 % de la producci\u00f3n. Cuando se tienen menos posibilidades de sequ\u00eda [&hellip;]<\/p>\n","protected":false},"author":1,"featured_media":47829,"comment_status":"open","ping_status":"open","sticky":false,"template":"","format":"standard","meta":{"footnotes":""},"categories":[13],"tags":[],"class_list":["post-47828","post","type-post","status-publish","format-standard","has-post-thumbnail","hentry","category-economia"],"yoast_head":"<!-- This site is optimized with the Yoast SEO plugin v27.1.1 - https:\/\/yoast.com\/product\/yoast-seo-wordpress\/ -->\n<title>Riego previene amarillamiento de hojas en cultivos de papa | P\u00e1gina10<\/title>\n<meta name=\"robots\" content=\"index, follow, max-snippet:-1, max-image-preview:large, max-video-preview:-1\" \/>\n<link rel=\"canonical\" href=\"https:\/\/pagina10.com\/web\/riego-previene-amarillamiento-de-hojas-en-cultivos-de-papa\/\" \/>\n<meta property=\"og:locale\" content=\"es_ES\" \/>\n<meta property=\"og:type\" content=\"article\" \/>\n<meta property=\"og:title\" content=\"Riego previene amarillamiento de hojas en cultivos de papa | P\u00e1gina10\" \/>\n<meta property=\"og:description\" content=\"El uso de semillas certificadas y el manejo h\u00eddrico del cultivo de papa promueve el \u00f3ptimo metabolismo de la planta y una menor expresi\u00f3n de los s\u00edntomas del virus Potato yellow vein virus (PYVV), o amarillamiento, una enfermedad com\u00fan que afecta hasta el 50 % de la producci\u00f3n. Cuando se tienen menos posibilidades de sequ\u00eda [&hellip;]\" \/>\n<meta property=\"og:url\" content=\"https:\/\/pagina10.com\/web\/riego-previene-amarillamiento-de-hojas-en-cultivos-de-papa\/\" \/>\n<meta property=\"og:site_name\" content=\"P\u00e1gina10\" \/>\n<meta property=\"article:publisher\" content=\"https:\/\/www.facebook.com\/pag10com\" \/>\n<meta property=\"article:published_time\" content=\"2020-10-18T21:38:55+00:00\" \/>\n<meta property=\"og:image\" content=\"https:\/\/pagina10.com\/web\/wp-content\/uploads\/2020\/10\/Captura-de-Pantalla-2020-10-18-a-las-4.38.14-p.-m..png\" \/>\n\t<meta property=\"og:image:width\" content=\"787\" \/>\n\t<meta property=\"og:image:height\" content=\"370\" \/>\n\t<meta property=\"og:image:type\" content=\"image\/png\" \/>\n<meta name=\"author\" content=\"P\u00e1gina 10\" \/>\n<meta name=\"twitter:card\" content=\"summary_large_image\" \/>\n<meta name=\"twitter:creator\" content=\"@Pag10com\" \/>\n<meta name=\"twitter:site\" content=\"@Pag10com\" \/>\n<meta name=\"twitter:label1\" content=\"Escrito por\" \/>\n\t<meta name=\"twitter:data1\" content=\"P\u00e1gina 10\" \/>\n\t<meta name=\"twitter:label2\" content=\"Tiempo de lectura\" \/>\n\t<meta name=\"twitter:data2\" content=\"3 minutos\" \/>\n<script type=\"application\/ld+json\" class=\"yoast-schema-graph\">{\"@context\":\"https:\/\/schema.org\",\"@graph\":[{\"@type\":\"Article\",\"@id\":\"https:\/\/pagina10.com\/web\/riego-previene-amarillamiento-de-hojas-en-cultivos-de-papa\/#article\",\"isPartOf\":{\"@id\":\"https:\/\/pagina10.com\/web\/riego-previene-amarillamiento-de-hojas-en-cultivos-de-papa\/\"},\"author\":{\"name\":\"P\u00e1gina 10\",\"@id\":\"https:\/\/pagina10.com\/web\/#\/schema\/person\/2efc4a090d25b667d3bc796798a3a81b\"},\"headline\":\"Riego previene amarillamiento de hojas en cultivos de papa\",\"datePublished\":\"2020-10-18T21:38:55+00:00\",\"mainEntityOfPage\":{\"@id\":\"https:\/\/pagina10.com\/web\/riego-previene-amarillamiento-de-hojas-en-cultivos-de-papa\/\"},\"wordCount\":600,\"commentCount\":0,\"publisher\":{\"@id\":\"https:\/\/pagina10.com\/web\/#organization\"},\"image\":{\"@id\":\"https:\/\/pagina10.com\/web\/riego-previene-amarillamiento-de-hojas-en-cultivos-de-papa\/#primaryimage\"},\"thumbnailUrl\":\"https:\/\/pagina10.com\/web\/wp-content\/uploads\/2020\/10\/Captura-de-Pantalla-2020-10-18-a-las-4.38.14-p.-m..png\",\"articleSection\":[\"Econom\u00eda\"],\"inLanguage\":\"es\",\"potentialAction\":[{\"@type\":\"CommentAction\",\"name\":\"Comment\",\"target\":[\"https:\/\/pagina10.com\/web\/riego-previene-amarillamiento-de-hojas-en-cultivos-de-papa\/#respond\"]}]},{\"@type\":\"WebPage\",\"@id\":\"https:\/\/pagina10.com\/web\/riego-previene-amarillamiento-de-hojas-en-cultivos-de-papa\/\",\"url\":\"https:\/\/pagina10.com\/web\/riego-previene-amarillamiento-de-hojas-en-cultivos-de-papa\/\",\"name\":\"Riego previene amarillamiento de hojas en cultivos de papa | P\u00e1gina10\",\"isPartOf\":{\"@id\":\"https:\/\/pagina10.com\/web\/#website\"},\"primaryImageOfPage\":{\"@id\":\"https:\/\/pagina10.com\/web\/riego-previene-amarillamiento-de-hojas-en-cultivos-de-papa\/#primaryimage\"},\"image\":{\"@id\":\"https:\/\/pagina10.com\/web\/riego-previene-amarillamiento-de-hojas-en-cultivos-de-papa\/#primaryimage\"},\"thumbnailUrl\":\"https:\/\/pagina10.com\/web\/wp-content\/uploads\/2020\/10\/Captura-de-Pantalla-2020-10-18-a-las-4.38.14-p.-m..png\",\"datePublished\":\"2020-10-18T21:38:55+00:00\",\"breadcrumb\":{\"@id\":\"https:\/\/pagina10.com\/web\/riego-previene-amarillamiento-de-hojas-en-cultivos-de-papa\/#breadcrumb\"},\"inLanguage\":\"es\",\"potentialAction\":[{\"@type\":\"ReadAction\",\"target\":[\"https:\/\/pagina10.com\/web\/riego-previene-amarillamiento-de-hojas-en-cultivos-de-papa\/\"]}]},{\"@type\":\"ImageObject\",\"inLanguage\":\"es\",\"@id\":\"https:\/\/pagina10.com\/web\/riego-previene-amarillamiento-de-hojas-en-cultivos-de-papa\/#primaryimage\",\"url\":\"https:\/\/pagina10.com\/web\/wp-content\/uploads\/2020\/10\/Captura-de-Pantalla-2020-10-18-a-las-4.38.14-p.-m..png\",\"contentUrl\":\"https:\/\/pagina10.com\/web\/wp-content\/uploads\/2020\/10\/Captura-de-Pantalla-2020-10-18-a-las-4.38.14-p.-m..png\",\"width\":787,\"height\":370},{\"@type\":\"BreadcrumbList\",\"@id\":\"https:\/\/pagina10.com\/web\/riego-previene-amarillamiento-de-hojas-en-cultivos-de-papa\/#breadcrumb\",\"itemListElement\":[{\"@type\":\"ListItem\",\"position\":1,\"name\":\"Portada\",\"item\":\"https:\/\/pagina10.com\/web\/\"},{\"@type\":\"ListItem\",\"position\":2,\"name\":\"Riego previene amarillamiento de hojas en cultivos de papa\"}]},{\"@type\":\"WebSite\",\"@id\":\"https:\/\/pagina10.com\/web\/#website\",\"url\":\"https:\/\/pagina10.com\/web\/\",\"name\":\"P\u00e1gina10\",\"description\":\"Peri\u00f3dico Regional\",\"publisher\":{\"@id\":\"https:\/\/pagina10.com\/web\/#organization\"},\"alternateName\":\"P\u00e1gina10 Peri\u00f3dico Regional\",\"potentialAction\":[{\"@type\":\"SearchAction\",\"target\":{\"@type\":\"EntryPoint\",\"urlTemplate\":\"https:\/\/pagina10.com\/web\/?s={search_term_string}\"},\"query-input\":{\"@type\":\"PropertyValueSpecification\",\"valueRequired\":true,\"valueName\":\"search_term_string\"}}],\"inLanguage\":\"es\"},{\"@type\":\"Organization\",\"@id\":\"https:\/\/pagina10.com\/web\/#organization\",\"name\":\"P\u00e1gina10\",\"alternateName\":\"P\u00e1gina10 Peri\u00f3dico Regional\",\"url\":\"https:\/\/pagina10.com\/web\/\",\"logo\":{\"@type\":\"ImageObject\",\"inLanguage\":\"es\",\"@id\":\"https:\/\/pagina10.com\/web\/#\/schema\/logo\/image\/\",\"url\":\"https:\/\/pagina10.com\/web\/wp-content\/uploads\/2024\/01\/40-pagina-10-periodico-regional-pasto.jpg\",\"contentUrl\":\"https:\/\/pagina10.com\/web\/wp-content\/uploads\/2024\/01\/40-pagina-10-periodico-regional-pasto.jpg\",\"width\":1280,\"height\":720,\"caption\":\"P\u00e1gina10\"},\"image\":{\"@id\":\"https:\/\/pagina10.com\/web\/#\/schema\/logo\/image\/\"},\"sameAs\":[\"https:\/\/www.facebook.com\/pag10com\",\"https:\/\/x.com\/Pag10com\",\"https:\/\/www.instagram.com\/pagina10col\/\",\"https:\/\/youtube.com\/channel\/pag10\",\"https:\/\/www.tiktok.com\/@p10col\"]},{\"@type\":\"Person\",\"@id\":\"https:\/\/pagina10.com\/web\/#\/schema\/person\/2efc4a090d25b667d3bc796798a3a81b\",\"name\":\"P\u00e1gina 10\",\"description\":\"P\u00e1gina 10 es un peri\u00f3dico regional que nace en Colombia, en el departamento de Nari\u00f1o, con un enfoque global, fundamentado en cuatro pilares esenciales: la libertad, el pluralismo, la inclusi\u00f3n y la independencia. P\u00e1gina 10 hace referencia a Nari\u00f1o como el d\u00e9cimo departamento creado en Colombia, despu\u00e9s de un proceso pol\u00edtico liderado por actores y actrices regionales con el fin de obtener la independencia y autonom\u00eda de nuestros territorios. Con la creaci\u00f3n de P\u00e1gina 10 se pretende abrir un escenario para el dialogo, la reflexi\u00f3n y el debate que se extienda a otras geograf\u00edas de Am\u00e9rica Latina y del planeta, en una apuesta por transformar colectivamente los desaf\u00edos de un mundo contempor\u00e1neo, m\u00e1s all\u00e1 de las fronteras impuestas.\",\"url\":\"https:\/\/pagina10.com\/web\/author\/pdiezadmin\/\"}]}<\/script>\n<!-- \/ Yoast SEO plugin. -->","yoast_head_json":{"title":"Riego previene amarillamiento de hojas en cultivos de papa | P\u00e1gina10","robots":{"index":"index","follow":"follow","max-snippet":"max-snippet:-1","max-image-preview":"max-image-preview:large","max-video-preview":"max-video-preview:-1"},"canonical":"https:\/\/pagina10.com\/web\/riego-previene-amarillamiento-de-hojas-en-cultivos-de-papa\/","og_locale":"es_ES","og_type":"article","og_title":"Riego previene amarillamiento de hojas en cultivos de papa | P\u00e1gina10","og_description":"El uso de semillas certificadas y el manejo h\u00eddrico del cultivo de papa promueve el \u00f3ptimo metabolismo de la planta y una menor expresi\u00f3n de los s\u00edntomas del virus Potato yellow vein virus (PYVV), o amarillamiento, una enfermedad com\u00fan que afecta hasta el 50 % de la producci\u00f3n. Cuando se tienen menos posibilidades de sequ\u00eda [&hellip;]","og_url":"https:\/\/pagina10.com\/web\/riego-previene-amarillamiento-de-hojas-en-cultivos-de-papa\/","og_site_name":"P\u00e1gina10","article_publisher":"https:\/\/www.facebook.com\/pag10com","article_published_time":"2020-10-18T21:38:55+00:00","og_image":[{"width":787,"height":370,"url":"https:\/\/pagina10.com\/web\/wp-content\/uploads\/2020\/10\/Captura-de-Pantalla-2020-10-18-a-las-4.38.14-p.-m..png","type":"image\/png"}],"author":"P\u00e1gina 10","twitter_card":"summary_large_image","twitter_creator":"@Pag10com","twitter_site":"@Pag10com","twitter_misc":{"Escrito por":"P\u00e1gina 10","Tiempo de lectura":"3 minutos"},"schema":{"@context":"https:\/\/schema.org","@graph":[{"@type":"Article","@id":"https:\/\/pagina10.com\/web\/riego-previene-amarillamiento-de-hojas-en-cultivos-de-papa\/#article","isPartOf":{"@id":"https:\/\/pagina10.com\/web\/riego-previene-amarillamiento-de-hojas-en-cultivos-de-papa\/"},"author":{"name":"P\u00e1gina 10","@id":"https:\/\/pagina10.com\/web\/#\/schema\/person\/2efc4a090d25b667d3bc796798a3a81b"},"headline":"Riego previene amarillamiento de hojas en cultivos de papa","datePublished":"2020-10-18T21:38:55+00:00","mainEntityOfPage":{"@id":"https:\/\/pagina10.com\/web\/riego-previene-amarillamiento-de-hojas-en-cultivos-de-papa\/"},"wordCount":600,"commentCount":0,"publisher":{"@id":"https:\/\/pagina10.com\/web\/#organization"},"image":{"@id":"https:\/\/pagina10.com\/web\/riego-previene-amarillamiento-de-hojas-en-cultivos-de-papa\/#primaryimage"},"thumbnailUrl":"https:\/\/pagina10.com\/web\/wp-content\/uploads\/2020\/10\/Captura-de-Pantalla-2020-10-18-a-las-4.38.14-p.-m..png","articleSection":["Econom\u00eda"],"inLanguage":"es","potentialAction":[{"@type":"CommentAction","name":"Comment","target":["https:\/\/pagina10.com\/web\/riego-previene-amarillamiento-de-hojas-en-cultivos-de-papa\/#respond"]}]},{"@type":"WebPage","@id":"https:\/\/pagina10.com\/web\/riego-previene-amarillamiento-de-hojas-en-cultivos-de-papa\/","url":"https:\/\/pagina10.com\/web\/riego-previene-amarillamiento-de-hojas-en-cultivos-de-papa\/","name":"Riego previene amarillamiento de hojas en cultivos de papa | P\u00e1gina10","isPartOf":{"@id":"https:\/\/pagina10.com\/web\/#website"},"primaryImageOfPage":{"@id":"https:\/\/pagina10.com\/web\/riego-previene-amarillamiento-de-hojas-en-cultivos-de-papa\/#primaryimage"},"image":{"@id":"https:\/\/pagina10.com\/web\/riego-previene-amarillamiento-de-hojas-en-cultivos-de-papa\/#primaryimage"},"thumbnailUrl":"https:\/\/pagina10.com\/web\/wp-content\/uploads\/2020\/10\/Captura-de-Pantalla-2020-10-18-a-las-4.38.14-p.-m..png","datePublished":"2020-10-18T21:38:55+00:00","breadcrumb":{"@id":"https:\/\/pagina10.com\/web\/riego-previene-amarillamiento-de-hojas-en-cultivos-de-papa\/#breadcrumb"},"inLanguage":"es","potentialAction":[{"@type":"ReadAction","target":["https:\/\/pagina10.com\/web\/riego-previene-amarillamiento-de-hojas-en-cultivos-de-papa\/"]}]},{"@type":"ImageObject","inLanguage":"es","@id":"https:\/\/pagina10.com\/web\/riego-previene-amarillamiento-de-hojas-en-cultivos-de-papa\/#primaryimage","url":"https:\/\/pagina10.com\/web\/wp-content\/uploads\/2020\/10\/Captura-de-Pantalla-2020-10-18-a-las-4.38.14-p.-m..png","contentUrl":"https:\/\/pagina10.com\/web\/wp-content\/uploads\/2020\/10\/Captura-de-Pantalla-2020-10-18-a-las-4.38.14-p.-m..png","width":787,"height":370},{"@type":"BreadcrumbList","@id":"https:\/\/pagina10.com\/web\/riego-previene-amarillamiento-de-hojas-en-cultivos-de-papa\/#breadcrumb","itemListElement":[{"@type":"ListItem","position":1,"name":"Portada","item":"https:\/\/pagina10.com\/web\/"},{"@type":"ListItem","position":2,"name":"Riego previene amarillamiento de hojas en cultivos de papa"}]},{"@type":"WebSite","@id":"https:\/\/pagina10.com\/web\/#website","url":"https:\/\/pagina10.com\/web\/","name":"P\u00e1gina10","description":"Peri\u00f3dico Regional","publisher":{"@id":"https:\/\/pagina10.com\/web\/#organization"},"alternateName":"P\u00e1gina10 Peri\u00f3dico Regional","potentialAction":[{"@type":"SearchAction","target":{"@type":"EntryPoint","urlTemplate":"https:\/\/pagina10.com\/web\/?s={search_term_string}"},"query-input":{"@type":"PropertyValueSpecification","valueRequired":true,"valueName":"search_term_string"}}],"inLanguage":"es"},{"@type":"Organization","@id":"https:\/\/pagina10.com\/web\/#organization","name":"P\u00e1gina10","alternateName":"P\u00e1gina10 Peri\u00f3dico Regional","url":"https:\/\/pagina10.com\/web\/","logo":{"@type":"ImageObject","inLanguage":"es","@id":"https:\/\/pagina10.com\/web\/#\/schema\/logo\/image\/","url":"https:\/\/pagina10.com\/web\/wp-content\/uploads\/2024\/01\/40-pagina-10-periodico-regional-pasto.jpg","contentUrl":"https:\/\/pagina10.com\/web\/wp-content\/uploads\/2024\/01\/40-pagina-10-periodico-regional-pasto.jpg","width":1280,"height":720,"caption":"P\u00e1gina10"},"image":{"@id":"https:\/\/pagina10.com\/web\/#\/schema\/logo\/image\/"},"sameAs":["https:\/\/www.facebook.com\/pag10com","https:\/\/x.com\/Pag10com","https:\/\/www.instagram.com\/pagina10col\/","https:\/\/youtube.com\/channel\/pag10","https:\/\/www.tiktok.com\/@p10col"]},{"@type":"Person","@id":"https:\/\/pagina10.com\/web\/#\/schema\/person\/2efc4a090d25b667d3bc796798a3a81b","name":"P\u00e1gina 10","description":"P\u00e1gina 10 es un peri\u00f3dico regional que nace en Colombia, en el departamento de Nari\u00f1o, con un enfoque global, fundamentado en cuatro pilares esenciales: la libertad, el pluralismo, la inclusi\u00f3n y la independencia. P\u00e1gina 10 hace referencia a Nari\u00f1o como el d\u00e9cimo departamento creado en Colombia, despu\u00e9s de un proceso pol\u00edtico liderado por actores y actrices regionales con el fin de obtener la independencia y autonom\u00eda de nuestros territorios. Con la creaci\u00f3n de P\u00e1gina 10 se pretende abrir un escenario para el dialogo, la reflexi\u00f3n y el debate que se extienda a otras geograf\u00edas de Am\u00e9rica Latina y del planeta, en una apuesta por transformar colectivamente los desaf\u00edos de un mundo contempor\u00e1neo, m\u00e1s all\u00e1 de las fronteras impuestas.","url":"https:\/\/pagina10.com\/web\/author\/pdiezadmin\/"}]}},"_links":{"self":[{"href":"https:\/\/pagina10.com\/web\/wp-json\/wp\/v2\/posts\/47828","targetHints":{"allow":["GET"]}}],"collection":[{"href":"https:\/\/pagina10.com\/web\/wp-json\/wp\/v2\/posts"}],"about":[{"href":"https:\/\/pagina10.com\/web\/wp-json\/wp\/v2\/types\/post"}],"author":[{"embeddable":true,"href":"https:\/\/pagina10.com\/web\/wp-json\/wp\/v2\/users\/1"}],"replies":[{"embeddable":true,"href":"https:\/\/pagina10.com\/web\/wp-json\/wp\/v2\/comments?post=47828"}],"version-history":[{"count":1,"href":"https:\/\/pagina10.com\/web\/wp-json\/wp\/v2\/posts\/47828\/revisions"}],"predecessor-version":[{"id":47830,"href":"https:\/\/pagina10.com\/web\/wp-json\/wp\/v2\/posts\/47828\/revisions\/47830"}],"wp:featuredmedia":[{"embeddable":true,"href":"https:\/\/pagina10.com\/web\/wp-json\/wp\/v2\/media\/47829"}],"wp:attachment":[{"href":"https:\/\/pagina10.com\/web\/wp-json\/wp\/v2\/media?parent=47828"}],"wp:term":[{"taxonomy":"category","embeddable":true,"href":"https:\/\/pagina10.com\/web\/wp-json\/wp\/v2\/categories?post=47828"},{"taxonomy":"post_tag","embeddable":true,"href":"https:\/\/pagina10.com\/web\/wp-json\/wp\/v2\/tags?post=47828"}],"curies":[{"name":"wp","href":"https:\/\/api.w.org\/{rel}","templated":true}]}}