{"id":47925,"date":"2020-10-23T21:41:07","date_gmt":"2020-10-23T21:41:07","guid":{"rendered":"https:\/\/pagina10.com\/web\/?p=47925"},"modified":"2020-10-29T21:43:45","modified_gmt":"2020-10-29T21:43:45","slug":"asamblea-departamental-archiva-tasa-pro-deporte","status":"publish","type":"post","link":"https:\/\/pagina10.com\/web\/asamblea-departamental-archiva-tasa-pro-deporte\/","title":{"rendered":"Asamblea Departamental archiva tasa pro- deporte"},"content":{"rendered":"<p style=\"text-align: justify;\">En sesi\u00f3n ordinaria el d\u00eda de ayer 22\u00a0 de octubre, se vot\u00f3 el proyecto de la tasa Pro Deporte, el cual fue presentado por los diputados ponentes Juan Daniel Pe\u00f1uela, Rosita Guevara y Jes\u00fas Eraso, misma que contaba con el respaldo del Gobernador Jhon Rojas.<\/p>\n<p style=\"text-align: justify;\">Luego de ser sometido a votaci\u00f3n, dicho proyecto fue archivado teniendo en cuenta las actuales condiciones presupuestales por las cuales atraviesa el departamento de Nari\u00f1o, por motivo de la emergencia\u00a0 social, sanitaria, econ\u00f3mica y ambiental generada por la COVID-19.<\/p>\n<p style=\"text-align: justify;\">En la sesi\u00f3n dos diputados de la Costa Pac\u00edfica no votaron por fallas de conexi\u00f3n (Heriberto Campaz y Francisco Valencia), mientras que los dem\u00e1s diputados votaron en contra de este proyecto: David Mora, Guillermo D\u00edaz Hidalgo, Jairo Tulc\u00e1n, \u00c1lvaro Bastidas, Julio Cesar Vallejo, Julio Anibal \u00c1lvarez, Leonel S\u00e1nchez, Jos\u00e9 Mar\u00eda Moncayo y Eduardo Z\u00fa\u00f1iga.<\/p>\n<p style=\"text-align: justify;\">Las razones expuestas por algunos integrantes de la Corporaci\u00f3n radicaron en la inconveniencia de la creaci\u00f3n de nuevos impuestos.<\/p>\n<p style=\"text-align: justify;\">Los Diputados de Nari\u00f1o reconocieron la importancia del deporte en el Departamento de Nari\u00f1o y del presente proyecto de ordenanza, el cual podr\u00e1 ser estudiado en una vigencia diferente, especialmente cuando el presupuesto del Departamento y las finanzas de los y las nari\u00f1enses se hayan logrado consolidar positivamente.<\/p>\n<p style=\"text-align: justify;\">De igual forma se sugiri\u00f3 la necesidad de realizar las acciones tendientes a mejorar las organizaciones adscritas al sector deportivo en el Departamento y continuar en la b\u00fasqueda de estrategias para la reactivaci\u00f3n econ\u00f3mica que ha sido afectada por la pandemia.<\/p>\n<p style=\"text-align: justify;\">\n","protected":false},"excerpt":{"rendered":"<p>En sesi\u00f3n ordinaria el d\u00eda de ayer 22\u00a0 de octubre, se vot\u00f3 el proyecto de la tasa Pro Deporte, el cual fue presentado por los diputados ponentes Juan Daniel Pe\u00f1uela, Rosita Guevara y Jes\u00fas Eraso, misma que contaba con el respaldo del Gobernador Jhon Rojas. Luego de ser sometido a votaci\u00f3n, dicho proyecto fue archivado [&hellip;]<\/p>\n","protected":false},"author":1,"featured_media":47926,"comment_status":"open","ping_status":"open","sticky":false,"template":"","format":"standard","meta":{"footnotes":""},"categories":[86],"tags":[],"class_list":["post-47925","post","type-post","status-publish","format-standard","has-post-thumbnail","hentry","category-deportes-2"],"yoast_head":"<!-- This site is optimized with the Yoast SEO plugin v27.1.1 - https:\/\/yoast.com\/product\/yoast-seo-wordpress\/ -->\n<title>Asamblea Departamental archiva tasa pro- deporte | P\u00e1gina10<\/title>\n<meta name=\"robots\" content=\"index, follow, max-snippet:-1, max-image-preview:large, max-video-preview:-1\" \/>\n<link rel=\"canonical\" href=\"https:\/\/pagina10.com\/web\/asamblea-departamental-archiva-tasa-pro-deporte\/\" \/>\n<meta property=\"og:locale\" content=\"es_ES\" \/>\n<meta property=\"og:type\" content=\"article\" \/>\n<meta property=\"og:title\" content=\"Asamblea Departamental archiva tasa pro- deporte | P\u00e1gina10\" \/>\n<meta property=\"og:description\" content=\"En sesi\u00f3n ordinaria el d\u00eda de ayer 22 de octubre, se vot\u00f3 el proyecto de la tasa Pro Deporte, el cual fue presentado por los diputados ponentes Juan Daniel Pe\u00f1uela, Rosita Guevara y Jes\u00fas Eraso, misma que contaba con el respaldo del Gobernador Jhon Rojas. Luego de ser sometido a votaci\u00f3n, dicho proyecto fue archivado [&hellip;]\" \/>\n<meta property=\"og:url\" content=\"https:\/\/pagina10.com\/web\/asamblea-departamental-archiva-tasa-pro-deporte\/\" \/>\n<meta property=\"og:site_name\" content=\"P\u00e1gina10\" \/>\n<meta property=\"article:publisher\" content=\"https:\/\/www.facebook.com\/pag10com\" \/>\n<meta property=\"article:published_time\" content=\"2020-10-23T21:41:07+00:00\" \/>\n<meta property=\"article:modified_time\" content=\"2020-10-29T21:43:45+00:00\" \/>\n<meta property=\"og:image\" content=\"https:\/\/pagina10.com\/web\/wp-content\/uploads\/2020\/10\/depo.jpg\" \/>\n\t<meta property=\"og:image:width\" content=\"720\" \/>\n\t<meta property=\"og:image:height\" content=\"479\" \/>\n\t<meta property=\"og:image:type\" content=\"image\/jpeg\" \/>\n<meta name=\"author\" content=\"P\u00e1gina 10\" \/>\n<meta name=\"twitter:card\" content=\"summary_large_image\" \/>\n<meta name=\"twitter:creator\" content=\"@Pag10com\" \/>\n<meta name=\"twitter:site\" content=\"@Pag10com\" \/>\n<meta name=\"twitter:label1\" content=\"Escrito por\" \/>\n\t<meta name=\"twitter:data1\" content=\"P\u00e1gina 10\" \/>\n\t<meta name=\"twitter:label2\" content=\"Tiempo de lectura\" \/>\n\t<meta name=\"twitter:data2\" content=\"1 minuto\" \/>\n<script type=\"application\/ld+json\" class=\"yoast-schema-graph\">{\"@context\":\"https:\/\/schema.org\",\"@graph\":[{\"@type\":\"Article\",\"@id\":\"https:\/\/pagina10.com\/web\/asamblea-departamental-archiva-tasa-pro-deporte\/#article\",\"isPartOf\":{\"@id\":\"https:\/\/pagina10.com\/web\/asamblea-departamental-archiva-tasa-pro-deporte\/\"},\"author\":{\"name\":\"P\u00e1gina 10\",\"@id\":\"https:\/\/pagina10.com\/web\/#\/schema\/person\/2efc4a090d25b667d3bc796798a3a81b\"},\"headline\":\"Asamblea Departamental archiva tasa pro- deporte\",\"datePublished\":\"2020-10-23T21:41:07+00:00\",\"dateModified\":\"2020-10-29T21:43:45+00:00\",\"mainEntityOfPage\":{\"@id\":\"https:\/\/pagina10.com\/web\/asamblea-departamental-archiva-tasa-pro-deporte\/\"},\"wordCount\":275,\"commentCount\":0,\"publisher\":{\"@id\":\"https:\/\/pagina10.com\/web\/#organization\"},\"image\":{\"@id\":\"https:\/\/pagina10.com\/web\/asamblea-departamental-archiva-tasa-pro-deporte\/#primaryimage\"},\"thumbnailUrl\":\"https:\/\/pagina10.com\/web\/wp-content\/uploads\/2020\/10\/depo.jpg\",\"articleSection\":[\"Deportes\"],\"inLanguage\":\"es\",\"potentialAction\":[{\"@type\":\"CommentAction\",\"name\":\"Comment\",\"target\":[\"https:\/\/pagina10.com\/web\/asamblea-departamental-archiva-tasa-pro-deporte\/#respond\"]}]},{\"@type\":\"WebPage\",\"@id\":\"https:\/\/pagina10.com\/web\/asamblea-departamental-archiva-tasa-pro-deporte\/\",\"url\":\"https:\/\/pagina10.com\/web\/asamblea-departamental-archiva-tasa-pro-deporte\/\",\"name\":\"Asamblea Departamental archiva tasa pro- deporte | P\u00e1gina10\",\"isPartOf\":{\"@id\":\"https:\/\/pagina10.com\/web\/#website\"},\"primaryImageOfPage\":{\"@id\":\"https:\/\/pagina10.com\/web\/asamblea-departamental-archiva-tasa-pro-deporte\/#primaryimage\"},\"image\":{\"@id\":\"https:\/\/pagina10.com\/web\/asamblea-departamental-archiva-tasa-pro-deporte\/#primaryimage\"},\"thumbnailUrl\":\"https:\/\/pagina10.com\/web\/wp-content\/uploads\/2020\/10\/depo.jpg\",\"datePublished\":\"2020-10-23T21:41:07+00:00\",\"dateModified\":\"2020-10-29T21:43:45+00:00\",\"breadcrumb\":{\"@id\":\"https:\/\/pagina10.com\/web\/asamblea-departamental-archiva-tasa-pro-deporte\/#breadcrumb\"},\"inLanguage\":\"es\",\"potentialAction\":[{\"@type\":\"ReadAction\",\"target\":[\"https:\/\/pagina10.com\/web\/asamblea-departamental-archiva-tasa-pro-deporte\/\"]}]},{\"@type\":\"ImageObject\",\"inLanguage\":\"es\",\"@id\":\"https:\/\/pagina10.com\/web\/asamblea-departamental-archiva-tasa-pro-deporte\/#primaryimage\",\"url\":\"https:\/\/pagina10.com\/web\/wp-content\/uploads\/2020\/10\/depo.jpg\",\"contentUrl\":\"https:\/\/pagina10.com\/web\/wp-content\/uploads\/2020\/10\/depo.jpg\",\"width\":720,\"height\":479},{\"@type\":\"BreadcrumbList\",\"@id\":\"https:\/\/pagina10.com\/web\/asamblea-departamental-archiva-tasa-pro-deporte\/#breadcrumb\",\"itemListElement\":[{\"@type\":\"ListItem\",\"position\":1,\"name\":\"Portada\",\"item\":\"https:\/\/pagina10.com\/web\/\"},{\"@type\":\"ListItem\",\"position\":2,\"name\":\"Asamblea Departamental archiva tasa pro- deporte\"}]},{\"@type\":\"WebSite\",\"@id\":\"https:\/\/pagina10.com\/web\/#website\",\"url\":\"https:\/\/pagina10.com\/web\/\",\"name\":\"P\u00e1gina10\",\"description\":\"Peri\u00f3dico Regional\",\"publisher\":{\"@id\":\"https:\/\/pagina10.com\/web\/#organization\"},\"alternateName\":\"P\u00e1gina10 Peri\u00f3dico Regional\",\"potentialAction\":[{\"@type\":\"SearchAction\",\"target\":{\"@type\":\"EntryPoint\",\"urlTemplate\":\"https:\/\/pagina10.com\/web\/?s={search_term_string}\"},\"query-input\":{\"@type\":\"PropertyValueSpecification\",\"valueRequired\":true,\"valueName\":\"search_term_string\"}}],\"inLanguage\":\"es\"},{\"@type\":\"Organization\",\"@id\":\"https:\/\/pagina10.com\/web\/#organization\",\"name\":\"P\u00e1gina10\",\"alternateName\":\"P\u00e1gina10 Peri\u00f3dico Regional\",\"url\":\"https:\/\/pagina10.com\/web\/\",\"logo\":{\"@type\":\"ImageObject\",\"inLanguage\":\"es\",\"@id\":\"https:\/\/pagina10.com\/web\/#\/schema\/logo\/image\/\",\"url\":\"https:\/\/pagina10.com\/web\/wp-content\/uploads\/2024\/01\/40-pagina-10-periodico-regional-pasto.jpg\",\"contentUrl\":\"https:\/\/pagina10.com\/web\/wp-content\/uploads\/2024\/01\/40-pagina-10-periodico-regional-pasto.jpg\",\"width\":1280,\"height\":720,\"caption\":\"P\u00e1gina10\"},\"image\":{\"@id\":\"https:\/\/pagina10.com\/web\/#\/schema\/logo\/image\/\"},\"sameAs\":[\"https:\/\/www.facebook.com\/pag10com\",\"https:\/\/x.com\/Pag10com\",\"https:\/\/www.instagram.com\/pagina10col\/\",\"https:\/\/youtube.com\/channel\/pag10\",\"https:\/\/www.tiktok.com\/@p10col\"]},{\"@type\":\"Person\",\"@id\":\"https:\/\/pagina10.com\/web\/#\/schema\/person\/2efc4a090d25b667d3bc796798a3a81b\",\"name\":\"P\u00e1gina 10\",\"description\":\"P\u00e1gina 10 es un peri\u00f3dico regional que nace en Colombia, en el departamento de Nari\u00f1o, con un enfoque global, fundamentado en cuatro pilares esenciales: la libertad, el pluralismo, la inclusi\u00f3n y la independencia. P\u00e1gina 10 hace referencia a Nari\u00f1o como el d\u00e9cimo departamento creado en Colombia, despu\u00e9s de un proceso pol\u00edtico liderado por actores y actrices regionales con el fin de obtener la independencia y autonom\u00eda de nuestros territorios. Con la creaci\u00f3n de P\u00e1gina 10 se pretende abrir un escenario para el dialogo, la reflexi\u00f3n y el debate que se extienda a otras geograf\u00edas de Am\u00e9rica Latina y del planeta, en una apuesta por transformar colectivamente los desaf\u00edos de un mundo contempor\u00e1neo, m\u00e1s all\u00e1 de las fronteras impuestas.\",\"url\":\"https:\/\/pagina10.com\/web\/author\/pdiezadmin\/\"}]}<\/script>\n<!-- \/ Yoast SEO plugin. -->","yoast_head_json":{"title":"Asamblea Departamental archiva tasa pro- deporte | P\u00e1gina10","robots":{"index":"index","follow":"follow","max-snippet":"max-snippet:-1","max-image-preview":"max-image-preview:large","max-video-preview":"max-video-preview:-1"},"canonical":"https:\/\/pagina10.com\/web\/asamblea-departamental-archiva-tasa-pro-deporte\/","og_locale":"es_ES","og_type":"article","og_title":"Asamblea Departamental archiva tasa pro- deporte | P\u00e1gina10","og_description":"En sesi\u00f3n ordinaria el d\u00eda de ayer 22 de octubre, se vot\u00f3 el proyecto de la tasa Pro Deporte, el cual fue presentado por los diputados ponentes Juan Daniel Pe\u00f1uela, Rosita Guevara y Jes\u00fas Eraso, misma que contaba con el respaldo del Gobernador Jhon Rojas. Luego de ser sometido a votaci\u00f3n, dicho proyecto fue archivado [&hellip;]","og_url":"https:\/\/pagina10.com\/web\/asamblea-departamental-archiva-tasa-pro-deporte\/","og_site_name":"P\u00e1gina10","article_publisher":"https:\/\/www.facebook.com\/pag10com","article_published_time":"2020-10-23T21:41:07+00:00","article_modified_time":"2020-10-29T21:43:45+00:00","og_image":[{"width":720,"height":479,"url":"https:\/\/pagina10.com\/web\/wp-content\/uploads\/2020\/10\/depo.jpg","type":"image\/jpeg"}],"author":"P\u00e1gina 10","twitter_card":"summary_large_image","twitter_creator":"@Pag10com","twitter_site":"@Pag10com","twitter_misc":{"Escrito por":"P\u00e1gina 10","Tiempo de lectura":"1 minuto"},"schema":{"@context":"https:\/\/schema.org","@graph":[{"@type":"Article","@id":"https:\/\/pagina10.com\/web\/asamblea-departamental-archiva-tasa-pro-deporte\/#article","isPartOf":{"@id":"https:\/\/pagina10.com\/web\/asamblea-departamental-archiva-tasa-pro-deporte\/"},"author":{"name":"P\u00e1gina 10","@id":"https:\/\/pagina10.com\/web\/#\/schema\/person\/2efc4a090d25b667d3bc796798a3a81b"},"headline":"Asamblea Departamental archiva tasa pro- deporte","datePublished":"2020-10-23T21:41:07+00:00","dateModified":"2020-10-29T21:43:45+00:00","mainEntityOfPage":{"@id":"https:\/\/pagina10.com\/web\/asamblea-departamental-archiva-tasa-pro-deporte\/"},"wordCount":275,"commentCount":0,"publisher":{"@id":"https:\/\/pagina10.com\/web\/#organization"},"image":{"@id":"https:\/\/pagina10.com\/web\/asamblea-departamental-archiva-tasa-pro-deporte\/#primaryimage"},"thumbnailUrl":"https:\/\/pagina10.com\/web\/wp-content\/uploads\/2020\/10\/depo.jpg","articleSection":["Deportes"],"inLanguage":"es","potentialAction":[{"@type":"CommentAction","name":"Comment","target":["https:\/\/pagina10.com\/web\/asamblea-departamental-archiva-tasa-pro-deporte\/#respond"]}]},{"@type":"WebPage","@id":"https:\/\/pagina10.com\/web\/asamblea-departamental-archiva-tasa-pro-deporte\/","url":"https:\/\/pagina10.com\/web\/asamblea-departamental-archiva-tasa-pro-deporte\/","name":"Asamblea Departamental archiva tasa pro- deporte | P\u00e1gina10","isPartOf":{"@id":"https:\/\/pagina10.com\/web\/#website"},"primaryImageOfPage":{"@id":"https:\/\/pagina10.com\/web\/asamblea-departamental-archiva-tasa-pro-deporte\/#primaryimage"},"image":{"@id":"https:\/\/pagina10.com\/web\/asamblea-departamental-archiva-tasa-pro-deporte\/#primaryimage"},"thumbnailUrl":"https:\/\/pagina10.com\/web\/wp-content\/uploads\/2020\/10\/depo.jpg","datePublished":"2020-10-23T21:41:07+00:00","dateModified":"2020-10-29T21:43:45+00:00","breadcrumb":{"@id":"https:\/\/pagina10.com\/web\/asamblea-departamental-archiva-tasa-pro-deporte\/#breadcrumb"},"inLanguage":"es","potentialAction":[{"@type":"ReadAction","target":["https:\/\/pagina10.com\/web\/asamblea-departamental-archiva-tasa-pro-deporte\/"]}]},{"@type":"ImageObject","inLanguage":"es","@id":"https:\/\/pagina10.com\/web\/asamblea-departamental-archiva-tasa-pro-deporte\/#primaryimage","url":"https:\/\/pagina10.com\/web\/wp-content\/uploads\/2020\/10\/depo.jpg","contentUrl":"https:\/\/pagina10.com\/web\/wp-content\/uploads\/2020\/10\/depo.jpg","width":720,"height":479},{"@type":"BreadcrumbList","@id":"https:\/\/pagina10.com\/web\/asamblea-departamental-archiva-tasa-pro-deporte\/#breadcrumb","itemListElement":[{"@type":"ListItem","position":1,"name":"Portada","item":"https:\/\/pagina10.com\/web\/"},{"@type":"ListItem","position":2,"name":"Asamblea Departamental archiva tasa pro- deporte"}]},{"@type":"WebSite","@id":"https:\/\/pagina10.com\/web\/#website","url":"https:\/\/pagina10.com\/web\/","name":"P\u00e1gina10","description":"Peri\u00f3dico Regional","publisher":{"@id":"https:\/\/pagina10.com\/web\/#organization"},"alternateName":"P\u00e1gina10 Peri\u00f3dico Regional","potentialAction":[{"@type":"SearchAction","target":{"@type":"EntryPoint","urlTemplate":"https:\/\/pagina10.com\/web\/?s={search_term_string}"},"query-input":{"@type":"PropertyValueSpecification","valueRequired":true,"valueName":"search_term_string"}}],"inLanguage":"es"},{"@type":"Organization","@id":"https:\/\/pagina10.com\/web\/#organization","name":"P\u00e1gina10","alternateName":"P\u00e1gina10 Peri\u00f3dico Regional","url":"https:\/\/pagina10.com\/web\/","logo":{"@type":"ImageObject","inLanguage":"es","@id":"https:\/\/pagina10.com\/web\/#\/schema\/logo\/image\/","url":"https:\/\/pagina10.com\/web\/wp-content\/uploads\/2024\/01\/40-pagina-10-periodico-regional-pasto.jpg","contentUrl":"https:\/\/pagina10.com\/web\/wp-content\/uploads\/2024\/01\/40-pagina-10-periodico-regional-pasto.jpg","width":1280,"height":720,"caption":"P\u00e1gina10"},"image":{"@id":"https:\/\/pagina10.com\/web\/#\/schema\/logo\/image\/"},"sameAs":["https:\/\/www.facebook.com\/pag10com","https:\/\/x.com\/Pag10com","https:\/\/www.instagram.com\/pagina10col\/","https:\/\/youtube.com\/channel\/pag10","https:\/\/www.tiktok.com\/@p10col"]},{"@type":"Person","@id":"https:\/\/pagina10.com\/web\/#\/schema\/person\/2efc4a090d25b667d3bc796798a3a81b","name":"P\u00e1gina 10","description":"P\u00e1gina 10 es un peri\u00f3dico regional que nace en Colombia, en el departamento de Nari\u00f1o, con un enfoque global, fundamentado en cuatro pilares esenciales: la libertad, el pluralismo, la inclusi\u00f3n y la independencia. P\u00e1gina 10 hace referencia a Nari\u00f1o como el d\u00e9cimo departamento creado en Colombia, despu\u00e9s de un proceso pol\u00edtico liderado por actores y actrices regionales con el fin de obtener la independencia y autonom\u00eda de nuestros territorios. Con la creaci\u00f3n de P\u00e1gina 10 se pretende abrir un escenario para el dialogo, la reflexi\u00f3n y el debate que se extienda a otras geograf\u00edas de Am\u00e9rica Latina y del planeta, en una apuesta por transformar colectivamente los desaf\u00edos de un mundo contempor\u00e1neo, m\u00e1s all\u00e1 de las fronteras impuestas.","url":"https:\/\/pagina10.com\/web\/author\/pdiezadmin\/"}]}},"_links":{"self":[{"href":"https:\/\/pagina10.com\/web\/wp-json\/wp\/v2\/posts\/47925","targetHints":{"allow":["GET"]}}],"collection":[{"href":"https:\/\/pagina10.com\/web\/wp-json\/wp\/v2\/posts"}],"about":[{"href":"https:\/\/pagina10.com\/web\/wp-json\/wp\/v2\/types\/post"}],"author":[{"embeddable":true,"href":"https:\/\/pagina10.com\/web\/wp-json\/wp\/v2\/users\/1"}],"replies":[{"embeddable":true,"href":"https:\/\/pagina10.com\/web\/wp-json\/wp\/v2\/comments?post=47925"}],"version-history":[{"count":2,"href":"https:\/\/pagina10.com\/web\/wp-json\/wp\/v2\/posts\/47925\/revisions"}],"predecessor-version":[{"id":48112,"href":"https:\/\/pagina10.com\/web\/wp-json\/wp\/v2\/posts\/47925\/revisions\/48112"}],"wp:featuredmedia":[{"embeddable":true,"href":"https:\/\/pagina10.com\/web\/wp-json\/wp\/v2\/media\/47926"}],"wp:attachment":[{"href":"https:\/\/pagina10.com\/web\/wp-json\/wp\/v2\/media?parent=47925"}],"wp:term":[{"taxonomy":"category","embeddable":true,"href":"https:\/\/pagina10.com\/web\/wp-json\/wp\/v2\/categories?post=47925"},{"taxonomy":"post_tag","embeddable":true,"href":"https:\/\/pagina10.com\/web\/wp-json\/wp\/v2\/tags?post=47925"}],"curies":[{"name":"wp","href":"https:\/\/api.w.org\/{rel}","templated":true}]}}