{"id":47989,"date":"2020-10-26T20:04:11","date_gmt":"2020-10-26T20:04:11","guid":{"rendered":"https:\/\/pagina10.com\/web\/?p=47989"},"modified":"2020-10-26T20:04:11","modified_gmt":"2020-10-26T20:04:11","slug":"la-bicicleta-una-de-las-mejores-alternativas-en-epoca-de-pandemia-segun-la-oms","status":"publish","type":"post","link":"https:\/\/pagina10.com\/web\/la-bicicleta-una-de-las-mejores-alternativas-en-epoca-de-pandemia-segun-la-oms\/","title":{"rendered":"La bicicleta: una de las mejores alternativas en \u00e9poca de pandemia seg\u00fan la OMS"},"content":{"rendered":"<p style=\"text-align: justify;\">En \u00e9poca de pandemia han existido innumerables desaf\u00edos en aras de adaptarnos a una nueva realidad, en donde los protocolos de sanidad y las normas de distanciamiento so el com\u00fan denominador de la<em> \u201cnueva normalidad\u201d.<\/em><\/p>\n<p style=\"text-align: justify;\">Uno de los principales inconvenientes al momento de salir a las calles para la gran mayor\u00eda de personas, es la movilidad, ya que seg\u00fan muchas de las \u00edndices de contagio m\u00e1s altos de COVID 19 son los escenarios de transporte p\u00fablico teniendo en cuenta la poca ventilaci\u00f3n, encontrarse en recintos cerrados y el sobre cupo de pasajeros en algunos ocasiones, reuniones y eventos p\u00fablicos.<\/p>\n<p style=\"text-align: justify;\">Frente a los desaf\u00edos que implica la movilidad en grandes y medianas ciudades, la OMS recomend\u00f3 altamente el uso frecuente de la bicicleta, considerada como uno de las mejores alternativas para mantenerse activo, combatir enfermedades como la obesidad y sobre todo estar de alguna manera m\u00e1s seguro.<\/p>\n<p style=\"text-align: justify;\"><em>&#8220;Siempre que sea posible, considere andar en bicicleta o caminar: esto proporciona distancia f\u00edsica mientras ayuda a cumplir con el requisito m\u00ednimo para la actividad f\u00edsica diaria, que puede ser m\u00e1s dif\u00edcil debido al aumento del homeoffice y el acceso limitado al deporte y otras actividades recreativas&#8221;,<\/em> inform\u00f3 la OMS en uno de sus comunicados oficiales.<\/p>\n<p style=\"text-align: justify;\">Una vez m\u00e1s se demuestra el alto impacto ambiental, social y sanitario que existe al tomar la bicicleta como uno de los mejores medios de transporte, inclusive en tiempos de pandemia.<\/p>\n<p style=\"text-align: justify;\">\n","protected":false},"excerpt":{"rendered":"<p>En \u00e9poca de pandemia han existido innumerables desaf\u00edos en aras de adaptarnos a una nueva realidad, en donde los protocolos de sanidad y las normas de distanciamiento so el com\u00fan denominador de la \u201cnueva normalidad\u201d. Uno de los principales inconvenientes al momento de salir a las calles para la gran mayor\u00eda de personas, es la [&hellip;]<\/p>\n","protected":false},"author":1,"featured_media":47990,"comment_status":"open","ping_status":"open","sticky":false,"template":"","format":"standard","meta":{"footnotes":""},"categories":[9],"tags":[],"class_list":["post-47989","post","type-post","status-publish","format-standard","has-post-thumbnail","hentry","category-global"],"yoast_head":"<!-- This site is optimized with the Yoast SEO plugin v27.1.1 - https:\/\/yoast.com\/product\/yoast-seo-wordpress\/ -->\n<title>La bicicleta: una de las mejores alternativas en \u00e9poca de pandemia seg\u00fan la OMS | P\u00e1gina10<\/title>\n<meta name=\"robots\" content=\"index, follow, max-snippet:-1, max-image-preview:large, max-video-preview:-1\" \/>\n<link rel=\"canonical\" href=\"https:\/\/pagina10.com\/web\/la-bicicleta-una-de-las-mejores-alternativas-en-epoca-de-pandemia-segun-la-oms\/\" \/>\n<meta property=\"og:locale\" content=\"es_ES\" \/>\n<meta property=\"og:type\" content=\"article\" \/>\n<meta property=\"og:title\" content=\"La bicicleta: una de las mejores alternativas en \u00e9poca de pandemia seg\u00fan la OMS | P\u00e1gina10\" \/>\n<meta property=\"og:description\" content=\"En \u00e9poca de pandemia han existido innumerables desaf\u00edos en aras de adaptarnos a una nueva realidad, en donde los protocolos de sanidad y las normas de distanciamiento so el com\u00fan denominador de la \u201cnueva normalidad\u201d. Uno de los principales inconvenientes al momento de salir a las calles para la gran mayor\u00eda de personas, es la [&hellip;]\" \/>\n<meta property=\"og:url\" content=\"https:\/\/pagina10.com\/web\/la-bicicleta-una-de-las-mejores-alternativas-en-epoca-de-pandemia-segun-la-oms\/\" \/>\n<meta property=\"og:site_name\" content=\"P\u00e1gina10\" \/>\n<meta property=\"article:publisher\" content=\"https:\/\/www.facebook.com\/pag10com\" \/>\n<meta property=\"article:published_time\" content=\"2020-10-26T20:04:11+00:00\" \/>\n<meta property=\"og:image\" content=\"https:\/\/pagina10.com\/web\/wp-content\/uploads\/2020\/10\/bici.jpg\" \/>\n\t<meta property=\"og:image:width\" content=\"1024\" \/>\n\t<meta property=\"og:image:height\" content=\"726\" \/>\n\t<meta property=\"og:image:type\" content=\"image\/jpeg\" \/>\n<meta name=\"author\" content=\"P\u00e1gina 10\" \/>\n<meta name=\"twitter:card\" content=\"summary_large_image\" \/>\n<meta name=\"twitter:creator\" content=\"@Pag10com\" \/>\n<meta name=\"twitter:site\" content=\"@Pag10com\" \/>\n<meta name=\"twitter:label1\" content=\"Escrito por\" \/>\n\t<meta name=\"twitter:data1\" content=\"P\u00e1gina 10\" \/>\n\t<meta name=\"twitter:label2\" content=\"Tiempo de lectura\" \/>\n\t<meta name=\"twitter:data2\" content=\"1 minuto\" \/>\n<script type=\"application\/ld+json\" class=\"yoast-schema-graph\">{\"@context\":\"https:\/\/schema.org\",\"@graph\":[{\"@type\":\"Article\",\"@id\":\"https:\/\/pagina10.com\/web\/la-bicicleta-una-de-las-mejores-alternativas-en-epoca-de-pandemia-segun-la-oms\/#article\",\"isPartOf\":{\"@id\":\"https:\/\/pagina10.com\/web\/la-bicicleta-una-de-las-mejores-alternativas-en-epoca-de-pandemia-segun-la-oms\/\"},\"author\":{\"name\":\"P\u00e1gina 10\",\"@id\":\"https:\/\/pagina10.com\/web\/#\/schema\/person\/2efc4a090d25b667d3bc796798a3a81b\"},\"headline\":\"La bicicleta: una de las mejores alternativas en \u00e9poca de pandemia seg\u00fan la OMS\",\"datePublished\":\"2020-10-26T20:04:11+00:00\",\"mainEntityOfPage\":{\"@id\":\"https:\/\/pagina10.com\/web\/la-bicicleta-una-de-las-mejores-alternativas-en-epoca-de-pandemia-segun-la-oms\/\"},\"wordCount\":263,\"commentCount\":0,\"publisher\":{\"@id\":\"https:\/\/pagina10.com\/web\/#organization\"},\"image\":{\"@id\":\"https:\/\/pagina10.com\/web\/la-bicicleta-una-de-las-mejores-alternativas-en-epoca-de-pandemia-segun-la-oms\/#primaryimage\"},\"thumbnailUrl\":\"https:\/\/pagina10.com\/web\/wp-content\/uploads\/2020\/10\/bici.jpg\",\"articleSection\":[\"Global\"],\"inLanguage\":\"es\",\"potentialAction\":[{\"@type\":\"CommentAction\",\"name\":\"Comment\",\"target\":[\"https:\/\/pagina10.com\/web\/la-bicicleta-una-de-las-mejores-alternativas-en-epoca-de-pandemia-segun-la-oms\/#respond\"]}]},{\"@type\":\"WebPage\",\"@id\":\"https:\/\/pagina10.com\/web\/la-bicicleta-una-de-las-mejores-alternativas-en-epoca-de-pandemia-segun-la-oms\/\",\"url\":\"https:\/\/pagina10.com\/web\/la-bicicleta-una-de-las-mejores-alternativas-en-epoca-de-pandemia-segun-la-oms\/\",\"name\":\"La bicicleta: una de las mejores alternativas en \u00e9poca de pandemia seg\u00fan la OMS | P\u00e1gina10\",\"isPartOf\":{\"@id\":\"https:\/\/pagina10.com\/web\/#website\"},\"primaryImageOfPage\":{\"@id\":\"https:\/\/pagina10.com\/web\/la-bicicleta-una-de-las-mejores-alternativas-en-epoca-de-pandemia-segun-la-oms\/#primaryimage\"},\"image\":{\"@id\":\"https:\/\/pagina10.com\/web\/la-bicicleta-una-de-las-mejores-alternativas-en-epoca-de-pandemia-segun-la-oms\/#primaryimage\"},\"thumbnailUrl\":\"https:\/\/pagina10.com\/web\/wp-content\/uploads\/2020\/10\/bici.jpg\",\"datePublished\":\"2020-10-26T20:04:11+00:00\",\"breadcrumb\":{\"@id\":\"https:\/\/pagina10.com\/web\/la-bicicleta-una-de-las-mejores-alternativas-en-epoca-de-pandemia-segun-la-oms\/#breadcrumb\"},\"inLanguage\":\"es\",\"potentialAction\":[{\"@type\":\"ReadAction\",\"target\":[\"https:\/\/pagina10.com\/web\/la-bicicleta-una-de-las-mejores-alternativas-en-epoca-de-pandemia-segun-la-oms\/\"]}]},{\"@type\":\"ImageObject\",\"inLanguage\":\"es\",\"@id\":\"https:\/\/pagina10.com\/web\/la-bicicleta-una-de-las-mejores-alternativas-en-epoca-de-pandemia-segun-la-oms\/#primaryimage\",\"url\":\"https:\/\/pagina10.com\/web\/wp-content\/uploads\/2020\/10\/bici.jpg\",\"contentUrl\":\"https:\/\/pagina10.com\/web\/wp-content\/uploads\/2020\/10\/bici.jpg\",\"width\":1024,\"height\":726},{\"@type\":\"BreadcrumbList\",\"@id\":\"https:\/\/pagina10.com\/web\/la-bicicleta-una-de-las-mejores-alternativas-en-epoca-de-pandemia-segun-la-oms\/#breadcrumb\",\"itemListElement\":[{\"@type\":\"ListItem\",\"position\":1,\"name\":\"Portada\",\"item\":\"https:\/\/pagina10.com\/web\/\"},{\"@type\":\"ListItem\",\"position\":2,\"name\":\"La bicicleta: una de las mejores alternativas en \u00e9poca de pandemia seg\u00fan la OMS\"}]},{\"@type\":\"WebSite\",\"@id\":\"https:\/\/pagina10.com\/web\/#website\",\"url\":\"https:\/\/pagina10.com\/web\/\",\"name\":\"P\u00e1gina10\",\"description\":\"Peri\u00f3dico Regional\",\"publisher\":{\"@id\":\"https:\/\/pagina10.com\/web\/#organization\"},\"alternateName\":\"P\u00e1gina10 Peri\u00f3dico Regional\",\"potentialAction\":[{\"@type\":\"SearchAction\",\"target\":{\"@type\":\"EntryPoint\",\"urlTemplate\":\"https:\/\/pagina10.com\/web\/?s={search_term_string}\"},\"query-input\":{\"@type\":\"PropertyValueSpecification\",\"valueRequired\":true,\"valueName\":\"search_term_string\"}}],\"inLanguage\":\"es\"},{\"@type\":\"Organization\",\"@id\":\"https:\/\/pagina10.com\/web\/#organization\",\"name\":\"P\u00e1gina10\",\"alternateName\":\"P\u00e1gina10 Peri\u00f3dico Regional\",\"url\":\"https:\/\/pagina10.com\/web\/\",\"logo\":{\"@type\":\"ImageObject\",\"inLanguage\":\"es\",\"@id\":\"https:\/\/pagina10.com\/web\/#\/schema\/logo\/image\/\",\"url\":\"https:\/\/pagina10.com\/web\/wp-content\/uploads\/2024\/01\/40-pagina-10-periodico-regional-pasto.jpg\",\"contentUrl\":\"https:\/\/pagina10.com\/web\/wp-content\/uploads\/2024\/01\/40-pagina-10-periodico-regional-pasto.jpg\",\"width\":1280,\"height\":720,\"caption\":\"P\u00e1gina10\"},\"image\":{\"@id\":\"https:\/\/pagina10.com\/web\/#\/schema\/logo\/image\/\"},\"sameAs\":[\"https:\/\/www.facebook.com\/pag10com\",\"https:\/\/x.com\/Pag10com\",\"https:\/\/www.instagram.com\/pagina10col\/\",\"https:\/\/youtube.com\/channel\/pag10\",\"https:\/\/www.tiktok.com\/@p10col\"]},{\"@type\":\"Person\",\"@id\":\"https:\/\/pagina10.com\/web\/#\/schema\/person\/2efc4a090d25b667d3bc796798a3a81b\",\"name\":\"P\u00e1gina 10\",\"description\":\"P\u00e1gina 10 es un peri\u00f3dico regional que nace en Colombia, en el departamento de Nari\u00f1o, con un enfoque global, fundamentado en cuatro pilares esenciales: la libertad, el pluralismo, la inclusi\u00f3n y la independencia. P\u00e1gina 10 hace referencia a Nari\u00f1o como el d\u00e9cimo departamento creado en Colombia, despu\u00e9s de un proceso pol\u00edtico liderado por actores y actrices regionales con el fin de obtener la independencia y autonom\u00eda de nuestros territorios. Con la creaci\u00f3n de P\u00e1gina 10 se pretende abrir un escenario para el dialogo, la reflexi\u00f3n y el debate que se extienda a otras geograf\u00edas de Am\u00e9rica Latina y del planeta, en una apuesta por transformar colectivamente los desaf\u00edos de un mundo contempor\u00e1neo, m\u00e1s all\u00e1 de las fronteras impuestas.\",\"url\":\"https:\/\/pagina10.com\/web\/author\/pdiezadmin\/\"}]}<\/script>\n<!-- \/ Yoast SEO plugin. -->","yoast_head_json":{"title":"La bicicleta: una de las mejores alternativas en \u00e9poca de pandemia seg\u00fan la OMS | P\u00e1gina10","robots":{"index":"index","follow":"follow","max-snippet":"max-snippet:-1","max-image-preview":"max-image-preview:large","max-video-preview":"max-video-preview:-1"},"canonical":"https:\/\/pagina10.com\/web\/la-bicicleta-una-de-las-mejores-alternativas-en-epoca-de-pandemia-segun-la-oms\/","og_locale":"es_ES","og_type":"article","og_title":"La bicicleta: una de las mejores alternativas en \u00e9poca de pandemia seg\u00fan la OMS | P\u00e1gina10","og_description":"En \u00e9poca de pandemia han existido innumerables desaf\u00edos en aras de adaptarnos a una nueva realidad, en donde los protocolos de sanidad y las normas de distanciamiento so el com\u00fan denominador de la \u201cnueva normalidad\u201d. Uno de los principales inconvenientes al momento de salir a las calles para la gran mayor\u00eda de personas, es la [&hellip;]","og_url":"https:\/\/pagina10.com\/web\/la-bicicleta-una-de-las-mejores-alternativas-en-epoca-de-pandemia-segun-la-oms\/","og_site_name":"P\u00e1gina10","article_publisher":"https:\/\/www.facebook.com\/pag10com","article_published_time":"2020-10-26T20:04:11+00:00","og_image":[{"width":1024,"height":726,"url":"https:\/\/pagina10.com\/web\/wp-content\/uploads\/2020\/10\/bici.jpg","type":"image\/jpeg"}],"author":"P\u00e1gina 10","twitter_card":"summary_large_image","twitter_creator":"@Pag10com","twitter_site":"@Pag10com","twitter_misc":{"Escrito por":"P\u00e1gina 10","Tiempo de lectura":"1 minuto"},"schema":{"@context":"https:\/\/schema.org","@graph":[{"@type":"Article","@id":"https:\/\/pagina10.com\/web\/la-bicicleta-una-de-las-mejores-alternativas-en-epoca-de-pandemia-segun-la-oms\/#article","isPartOf":{"@id":"https:\/\/pagina10.com\/web\/la-bicicleta-una-de-las-mejores-alternativas-en-epoca-de-pandemia-segun-la-oms\/"},"author":{"name":"P\u00e1gina 10","@id":"https:\/\/pagina10.com\/web\/#\/schema\/person\/2efc4a090d25b667d3bc796798a3a81b"},"headline":"La bicicleta: una de las mejores alternativas en \u00e9poca de pandemia seg\u00fan la OMS","datePublished":"2020-10-26T20:04:11+00:00","mainEntityOfPage":{"@id":"https:\/\/pagina10.com\/web\/la-bicicleta-una-de-las-mejores-alternativas-en-epoca-de-pandemia-segun-la-oms\/"},"wordCount":263,"commentCount":0,"publisher":{"@id":"https:\/\/pagina10.com\/web\/#organization"},"image":{"@id":"https:\/\/pagina10.com\/web\/la-bicicleta-una-de-las-mejores-alternativas-en-epoca-de-pandemia-segun-la-oms\/#primaryimage"},"thumbnailUrl":"https:\/\/pagina10.com\/web\/wp-content\/uploads\/2020\/10\/bici.jpg","articleSection":["Global"],"inLanguage":"es","potentialAction":[{"@type":"CommentAction","name":"Comment","target":["https:\/\/pagina10.com\/web\/la-bicicleta-una-de-las-mejores-alternativas-en-epoca-de-pandemia-segun-la-oms\/#respond"]}]},{"@type":"WebPage","@id":"https:\/\/pagina10.com\/web\/la-bicicleta-una-de-las-mejores-alternativas-en-epoca-de-pandemia-segun-la-oms\/","url":"https:\/\/pagina10.com\/web\/la-bicicleta-una-de-las-mejores-alternativas-en-epoca-de-pandemia-segun-la-oms\/","name":"La bicicleta: una de las mejores alternativas en \u00e9poca de pandemia seg\u00fan la OMS | P\u00e1gina10","isPartOf":{"@id":"https:\/\/pagina10.com\/web\/#website"},"primaryImageOfPage":{"@id":"https:\/\/pagina10.com\/web\/la-bicicleta-una-de-las-mejores-alternativas-en-epoca-de-pandemia-segun-la-oms\/#primaryimage"},"image":{"@id":"https:\/\/pagina10.com\/web\/la-bicicleta-una-de-las-mejores-alternativas-en-epoca-de-pandemia-segun-la-oms\/#primaryimage"},"thumbnailUrl":"https:\/\/pagina10.com\/web\/wp-content\/uploads\/2020\/10\/bici.jpg","datePublished":"2020-10-26T20:04:11+00:00","breadcrumb":{"@id":"https:\/\/pagina10.com\/web\/la-bicicleta-una-de-las-mejores-alternativas-en-epoca-de-pandemia-segun-la-oms\/#breadcrumb"},"inLanguage":"es","potentialAction":[{"@type":"ReadAction","target":["https:\/\/pagina10.com\/web\/la-bicicleta-una-de-las-mejores-alternativas-en-epoca-de-pandemia-segun-la-oms\/"]}]},{"@type":"ImageObject","inLanguage":"es","@id":"https:\/\/pagina10.com\/web\/la-bicicleta-una-de-las-mejores-alternativas-en-epoca-de-pandemia-segun-la-oms\/#primaryimage","url":"https:\/\/pagina10.com\/web\/wp-content\/uploads\/2020\/10\/bici.jpg","contentUrl":"https:\/\/pagina10.com\/web\/wp-content\/uploads\/2020\/10\/bici.jpg","width":1024,"height":726},{"@type":"BreadcrumbList","@id":"https:\/\/pagina10.com\/web\/la-bicicleta-una-de-las-mejores-alternativas-en-epoca-de-pandemia-segun-la-oms\/#breadcrumb","itemListElement":[{"@type":"ListItem","position":1,"name":"Portada","item":"https:\/\/pagina10.com\/web\/"},{"@type":"ListItem","position":2,"name":"La bicicleta: una de las mejores alternativas en \u00e9poca de pandemia seg\u00fan la OMS"}]},{"@type":"WebSite","@id":"https:\/\/pagina10.com\/web\/#website","url":"https:\/\/pagina10.com\/web\/","name":"P\u00e1gina10","description":"Peri\u00f3dico Regional","publisher":{"@id":"https:\/\/pagina10.com\/web\/#organization"},"alternateName":"P\u00e1gina10 Peri\u00f3dico Regional","potentialAction":[{"@type":"SearchAction","target":{"@type":"EntryPoint","urlTemplate":"https:\/\/pagina10.com\/web\/?s={search_term_string}"},"query-input":{"@type":"PropertyValueSpecification","valueRequired":true,"valueName":"search_term_string"}}],"inLanguage":"es"},{"@type":"Organization","@id":"https:\/\/pagina10.com\/web\/#organization","name":"P\u00e1gina10","alternateName":"P\u00e1gina10 Peri\u00f3dico Regional","url":"https:\/\/pagina10.com\/web\/","logo":{"@type":"ImageObject","inLanguage":"es","@id":"https:\/\/pagina10.com\/web\/#\/schema\/logo\/image\/","url":"https:\/\/pagina10.com\/web\/wp-content\/uploads\/2024\/01\/40-pagina-10-periodico-regional-pasto.jpg","contentUrl":"https:\/\/pagina10.com\/web\/wp-content\/uploads\/2024\/01\/40-pagina-10-periodico-regional-pasto.jpg","width":1280,"height":720,"caption":"P\u00e1gina10"},"image":{"@id":"https:\/\/pagina10.com\/web\/#\/schema\/logo\/image\/"},"sameAs":["https:\/\/www.facebook.com\/pag10com","https:\/\/x.com\/Pag10com","https:\/\/www.instagram.com\/pagina10col\/","https:\/\/youtube.com\/channel\/pag10","https:\/\/www.tiktok.com\/@p10col"]},{"@type":"Person","@id":"https:\/\/pagina10.com\/web\/#\/schema\/person\/2efc4a090d25b667d3bc796798a3a81b","name":"P\u00e1gina 10","description":"P\u00e1gina 10 es un peri\u00f3dico regional que nace en Colombia, en el departamento de Nari\u00f1o, con un enfoque global, fundamentado en cuatro pilares esenciales: la libertad, el pluralismo, la inclusi\u00f3n y la independencia. P\u00e1gina 10 hace referencia a Nari\u00f1o como el d\u00e9cimo departamento creado en Colombia, despu\u00e9s de un proceso pol\u00edtico liderado por actores y actrices regionales con el fin de obtener la independencia y autonom\u00eda de nuestros territorios. Con la creaci\u00f3n de P\u00e1gina 10 se pretende abrir un escenario para el dialogo, la reflexi\u00f3n y el debate que se extienda a otras geograf\u00edas de Am\u00e9rica Latina y del planeta, en una apuesta por transformar colectivamente los desaf\u00edos de un mundo contempor\u00e1neo, m\u00e1s all\u00e1 de las fronteras impuestas.","url":"https:\/\/pagina10.com\/web\/author\/pdiezadmin\/"}]}},"_links":{"self":[{"href":"https:\/\/pagina10.com\/web\/wp-json\/wp\/v2\/posts\/47989","targetHints":{"allow":["GET"]}}],"collection":[{"href":"https:\/\/pagina10.com\/web\/wp-json\/wp\/v2\/posts"}],"about":[{"href":"https:\/\/pagina10.com\/web\/wp-json\/wp\/v2\/types\/post"}],"author":[{"embeddable":true,"href":"https:\/\/pagina10.com\/web\/wp-json\/wp\/v2\/users\/1"}],"replies":[{"embeddable":true,"href":"https:\/\/pagina10.com\/web\/wp-json\/wp\/v2\/comments?post=47989"}],"version-history":[{"count":1,"href":"https:\/\/pagina10.com\/web\/wp-json\/wp\/v2\/posts\/47989\/revisions"}],"predecessor-version":[{"id":47991,"href":"https:\/\/pagina10.com\/web\/wp-json\/wp\/v2\/posts\/47989\/revisions\/47991"}],"wp:featuredmedia":[{"embeddable":true,"href":"https:\/\/pagina10.com\/web\/wp-json\/wp\/v2\/media\/47990"}],"wp:attachment":[{"href":"https:\/\/pagina10.com\/web\/wp-json\/wp\/v2\/media?parent=47989"}],"wp:term":[{"taxonomy":"category","embeddable":true,"href":"https:\/\/pagina10.com\/web\/wp-json\/wp\/v2\/categories?post=47989"},{"taxonomy":"post_tag","embeddable":true,"href":"https:\/\/pagina10.com\/web\/wp-json\/wp\/v2\/tags?post=47989"}],"curies":[{"name":"wp","href":"https:\/\/api.w.org\/{rel}","templated":true}]}}