{"id":48025,"date":"2020-10-27T15:45:07","date_gmt":"2020-10-27T15:45:07","guid":{"rendered":"https:\/\/pagina10.com\/web\/?p=48025"},"modified":"2020-10-27T15:45:07","modified_gmt":"2020-10-27T15:45:07","slug":"capturado-hace-pocas-horas-el-hombre-del-hacha-miguel-camilo-parra-agresor-de-su-pareja-sentimental-angela-ferro","status":"publish","type":"post","link":"https:\/\/pagina10.com\/web\/capturado-hace-pocas-horas-el-hombre-del-hacha-miguel-camilo-parra-agresor-de-su-pareja-sentimental-angela-ferro\/","title":{"rendered":"Capturado hace pocas horas &#8220;el Hombre del Hacha&#8221;, Miguel Camilo Parra, agresor de su pareja sentimental Angela Ferro"},"content":{"rendered":"<p style=\"text-align: justify;\">En un trabajo colectivo entre la Polic\u00eda y la Fiscal\u00eda General de la Naci\u00f3n, en horas de la noche del d\u00eda de ayer lunes 26 de octubre, fue capturado en una zona boscosa del Fusagasuga \u2013 Cundinamarca, Miguel Camilo Parra, el brutal agresor se\u00f1alado de haber atacado en estado de indefensi\u00f3n a su pareja sentimental \u00c1ngela Parra, propin\u00e1ndole heridas en varias partes de su cuerpo mediante el uso de una hacha.<\/p>\n<p style=\"text-align: justify;\">Seg\u00fan versiones, Parra habr\u00eda estado en casa de algunos familiares y amigos por unos d\u00edas y debido a los operativos de b\u00fasqueda, resolvi\u00f3 esconderse en las zonas boscosas a las afueras de Bogot\u00e1, cort\u00e1ndose el cabello como medio para confundir y pasar desapercibidos ante las autoridades.<\/p>\n<p style=\"text-align: justify;\">El hombre quien ya se encuentra a disposici\u00f3n de la Fiscal\u00eda ser\u00e1 imputado con el delito de intento de feminicidio y violencia intrafamiliar y podr\u00eda recibir una pena carcelaria de hasta 30 a\u00f1os.<\/p>\n<p style=\"text-align: justify;\">Seg\u00fan familiares y amigos de la v\u00edctima, Miguel Camilo Parra llevaba una relaci\u00f3n t\u00f3xica, era bipolar, celoso y altamente violento. Se espera que las autoridades hagan justicia en este bochornoso hecho que ha conmocionado al Pa\u00eds, en donde una vez m\u00e1s se ratifican las voces unidas contra todo tipo de violencia f\u00edsica, emocional, econ\u00f3mica y psicolog\u00eda contra las mujeres y las ni\u00f1as de Colombia. e<\/p>\n<p style=\"text-align: justify;\">\n<p style=\"text-align: justify;\">\n","protected":false},"excerpt":{"rendered":"<p>En un trabajo colectivo entre la Polic\u00eda y la Fiscal\u00eda General de la Naci\u00f3n, en horas de la noche del d\u00eda de ayer lunes 26 de octubre, fue capturado en una zona boscosa del Fusagasuga \u2013 Cundinamarca, Miguel Camilo Parra, el brutal agresor se\u00f1alado de haber atacado en estado de indefensi\u00f3n a su pareja sentimental [&hellip;]<\/p>\n","protected":false},"author":1,"featured_media":48026,"comment_status":"open","ping_status":"open","sticky":false,"template":"","format":"standard","meta":{"footnotes":""},"categories":[61],"tags":[],"class_list":["post-48025","post","type-post","status-publish","format-standard","has-post-thumbnail","hentry","category-judicial"],"yoast_head":"<!-- This site is optimized with the Yoast SEO plugin v27.1.1 - https:\/\/yoast.com\/product\/yoast-seo-wordpress\/ -->\n<title>Capturado hace pocas horas &quot;el Hombre del Hacha&quot;, Miguel Camilo Parra, agresor de su pareja sentimental Angela Ferro | P\u00e1gina10<\/title>\n<meta name=\"robots\" content=\"index, follow, max-snippet:-1, max-image-preview:large, max-video-preview:-1\" \/>\n<link rel=\"canonical\" href=\"https:\/\/pagina10.com\/web\/capturado-hace-pocas-horas-el-hombre-del-hacha-miguel-camilo-parra-agresor-de-su-pareja-sentimental-angela-ferro\/\" \/>\n<meta property=\"og:locale\" content=\"es_ES\" \/>\n<meta property=\"og:type\" content=\"article\" \/>\n<meta property=\"og:title\" content=\"Capturado hace pocas horas &quot;el Hombre del Hacha&quot;, Miguel Camilo Parra, agresor de su pareja sentimental Angela Ferro | P\u00e1gina10\" \/>\n<meta property=\"og:description\" content=\"En un trabajo colectivo entre la Polic\u00eda y la Fiscal\u00eda General de la Naci\u00f3n, en horas de la noche del d\u00eda de ayer lunes 26 de octubre, fue capturado en una zona boscosa del Fusagasuga \u2013 Cundinamarca, Miguel Camilo Parra, el brutal agresor se\u00f1alado de haber atacado en estado de indefensi\u00f3n a su pareja sentimental [&hellip;]\" \/>\n<meta property=\"og:url\" content=\"https:\/\/pagina10.com\/web\/capturado-hace-pocas-horas-el-hombre-del-hacha-miguel-camilo-parra-agresor-de-su-pareja-sentimental-angela-ferro\/\" \/>\n<meta property=\"og:site_name\" content=\"P\u00e1gina10\" \/>\n<meta property=\"article:publisher\" content=\"https:\/\/www.facebook.com\/pag10com\" \/>\n<meta property=\"article:published_time\" content=\"2020-10-27T15:45:07+00:00\" \/>\n<meta property=\"og:image\" content=\"https:\/\/pagina10.com\/web\/wp-content\/uploads\/2020\/10\/ha.jpeg\" \/>\n\t<meta property=\"og:image:width\" content=\"950\" \/>\n\t<meta property=\"og:image:height\" content=\"534\" \/>\n\t<meta property=\"og:image:type\" content=\"image\/jpeg\" \/>\n<meta name=\"author\" content=\"P\u00e1gina 10\" \/>\n<meta name=\"twitter:card\" content=\"summary_large_image\" \/>\n<meta name=\"twitter:creator\" content=\"@Pag10com\" \/>\n<meta name=\"twitter:site\" content=\"@Pag10com\" \/>\n<meta name=\"twitter:label1\" content=\"Escrito por\" \/>\n\t<meta name=\"twitter:data1\" content=\"P\u00e1gina 10\" \/>\n\t<meta name=\"twitter:label2\" content=\"Tiempo de lectura\" \/>\n\t<meta name=\"twitter:data2\" content=\"1 minuto\" \/>\n<script type=\"application\/ld+json\" class=\"yoast-schema-graph\">{\"@context\":\"https:\/\/schema.org\",\"@graph\":[{\"@type\":\"Article\",\"@id\":\"https:\/\/pagina10.com\/web\/capturado-hace-pocas-horas-el-hombre-del-hacha-miguel-camilo-parra-agresor-de-su-pareja-sentimental-angela-ferro\/#article\",\"isPartOf\":{\"@id\":\"https:\/\/pagina10.com\/web\/capturado-hace-pocas-horas-el-hombre-del-hacha-miguel-camilo-parra-agresor-de-su-pareja-sentimental-angela-ferro\/\"},\"author\":{\"name\":\"P\u00e1gina 10\",\"@id\":\"https:\/\/pagina10.com\/web\/#\/schema\/person\/2efc4a090d25b667d3bc796798a3a81b\"},\"headline\":\"Capturado hace pocas horas &#8220;el Hombre del Hacha&#8221;, Miguel Camilo Parra, agresor de su pareja sentimental Angela Ferro\",\"datePublished\":\"2020-10-27T15:45:07+00:00\",\"mainEntityOfPage\":{\"@id\":\"https:\/\/pagina10.com\/web\/capturado-hace-pocas-horas-el-hombre-del-hacha-miguel-camilo-parra-agresor-de-su-pareja-sentimental-angela-ferro\/\"},\"wordCount\":256,\"commentCount\":0,\"publisher\":{\"@id\":\"https:\/\/pagina10.com\/web\/#organization\"},\"image\":{\"@id\":\"https:\/\/pagina10.com\/web\/capturado-hace-pocas-horas-el-hombre-del-hacha-miguel-camilo-parra-agresor-de-su-pareja-sentimental-angela-ferro\/#primaryimage\"},\"thumbnailUrl\":\"https:\/\/pagina10.com\/web\/wp-content\/uploads\/2020\/10\/ha.jpeg\",\"articleSection\":[\"Judicial\"],\"inLanguage\":\"es\",\"potentialAction\":[{\"@type\":\"CommentAction\",\"name\":\"Comment\",\"target\":[\"https:\/\/pagina10.com\/web\/capturado-hace-pocas-horas-el-hombre-del-hacha-miguel-camilo-parra-agresor-de-su-pareja-sentimental-angela-ferro\/#respond\"]}]},{\"@type\":\"WebPage\",\"@id\":\"https:\/\/pagina10.com\/web\/capturado-hace-pocas-horas-el-hombre-del-hacha-miguel-camilo-parra-agresor-de-su-pareja-sentimental-angela-ferro\/\",\"url\":\"https:\/\/pagina10.com\/web\/capturado-hace-pocas-horas-el-hombre-del-hacha-miguel-camilo-parra-agresor-de-su-pareja-sentimental-angela-ferro\/\",\"name\":\"Capturado hace pocas horas \\\"el Hombre del Hacha\\\", Miguel Camilo Parra, agresor de su pareja sentimental Angela Ferro | P\u00e1gina10\",\"isPartOf\":{\"@id\":\"https:\/\/pagina10.com\/web\/#website\"},\"primaryImageOfPage\":{\"@id\":\"https:\/\/pagina10.com\/web\/capturado-hace-pocas-horas-el-hombre-del-hacha-miguel-camilo-parra-agresor-de-su-pareja-sentimental-angela-ferro\/#primaryimage\"},\"image\":{\"@id\":\"https:\/\/pagina10.com\/web\/capturado-hace-pocas-horas-el-hombre-del-hacha-miguel-camilo-parra-agresor-de-su-pareja-sentimental-angela-ferro\/#primaryimage\"},\"thumbnailUrl\":\"https:\/\/pagina10.com\/web\/wp-content\/uploads\/2020\/10\/ha.jpeg\",\"datePublished\":\"2020-10-27T15:45:07+00:00\",\"breadcrumb\":{\"@id\":\"https:\/\/pagina10.com\/web\/capturado-hace-pocas-horas-el-hombre-del-hacha-miguel-camilo-parra-agresor-de-su-pareja-sentimental-angela-ferro\/#breadcrumb\"},\"inLanguage\":\"es\",\"potentialAction\":[{\"@type\":\"ReadAction\",\"target\":[\"https:\/\/pagina10.com\/web\/capturado-hace-pocas-horas-el-hombre-del-hacha-miguel-camilo-parra-agresor-de-su-pareja-sentimental-angela-ferro\/\"]}]},{\"@type\":\"ImageObject\",\"inLanguage\":\"es\",\"@id\":\"https:\/\/pagina10.com\/web\/capturado-hace-pocas-horas-el-hombre-del-hacha-miguel-camilo-parra-agresor-de-su-pareja-sentimental-angela-ferro\/#primaryimage\",\"url\":\"https:\/\/pagina10.com\/web\/wp-content\/uploads\/2020\/10\/ha.jpeg\",\"contentUrl\":\"https:\/\/pagina10.com\/web\/wp-content\/uploads\/2020\/10\/ha.jpeg\",\"width\":950,\"height\":534},{\"@type\":\"BreadcrumbList\",\"@id\":\"https:\/\/pagina10.com\/web\/capturado-hace-pocas-horas-el-hombre-del-hacha-miguel-camilo-parra-agresor-de-su-pareja-sentimental-angela-ferro\/#breadcrumb\",\"itemListElement\":[{\"@type\":\"ListItem\",\"position\":1,\"name\":\"Portada\",\"item\":\"https:\/\/pagina10.com\/web\/\"},{\"@type\":\"ListItem\",\"position\":2,\"name\":\"Capturado hace pocas horas &#8220;el Hombre del Hacha&#8221;, Miguel Camilo Parra, agresor de su pareja sentimental Angela Ferro\"}]},{\"@type\":\"WebSite\",\"@id\":\"https:\/\/pagina10.com\/web\/#website\",\"url\":\"https:\/\/pagina10.com\/web\/\",\"name\":\"P\u00e1gina10\",\"description\":\"Peri\u00f3dico Regional\",\"publisher\":{\"@id\":\"https:\/\/pagina10.com\/web\/#organization\"},\"alternateName\":\"P\u00e1gina10 Peri\u00f3dico Regional\",\"potentialAction\":[{\"@type\":\"SearchAction\",\"target\":{\"@type\":\"EntryPoint\",\"urlTemplate\":\"https:\/\/pagina10.com\/web\/?s={search_term_string}\"},\"query-input\":{\"@type\":\"PropertyValueSpecification\",\"valueRequired\":true,\"valueName\":\"search_term_string\"}}],\"inLanguage\":\"es\"},{\"@type\":\"Organization\",\"@id\":\"https:\/\/pagina10.com\/web\/#organization\",\"name\":\"P\u00e1gina10\",\"alternateName\":\"P\u00e1gina10 Peri\u00f3dico Regional\",\"url\":\"https:\/\/pagina10.com\/web\/\",\"logo\":{\"@type\":\"ImageObject\",\"inLanguage\":\"es\",\"@id\":\"https:\/\/pagina10.com\/web\/#\/schema\/logo\/image\/\",\"url\":\"https:\/\/pagina10.com\/web\/wp-content\/uploads\/2024\/01\/40-pagina-10-periodico-regional-pasto.jpg\",\"contentUrl\":\"https:\/\/pagina10.com\/web\/wp-content\/uploads\/2024\/01\/40-pagina-10-periodico-regional-pasto.jpg\",\"width\":1280,\"height\":720,\"caption\":\"P\u00e1gina10\"},\"image\":{\"@id\":\"https:\/\/pagina10.com\/web\/#\/schema\/logo\/image\/\"},\"sameAs\":[\"https:\/\/www.facebook.com\/pag10com\",\"https:\/\/x.com\/Pag10com\",\"https:\/\/www.instagram.com\/pagina10col\/\",\"https:\/\/youtube.com\/channel\/pag10\",\"https:\/\/www.tiktok.com\/@p10col\"]},{\"@type\":\"Person\",\"@id\":\"https:\/\/pagina10.com\/web\/#\/schema\/person\/2efc4a090d25b667d3bc796798a3a81b\",\"name\":\"P\u00e1gina 10\",\"description\":\"P\u00e1gina 10 es un peri\u00f3dico regional que nace en Colombia, en el departamento de Nari\u00f1o, con un enfoque global, fundamentado en cuatro pilares esenciales: la libertad, el pluralismo, la inclusi\u00f3n y la independencia. P\u00e1gina 10 hace referencia a Nari\u00f1o como el d\u00e9cimo departamento creado en Colombia, despu\u00e9s de un proceso pol\u00edtico liderado por actores y actrices regionales con el fin de obtener la independencia y autonom\u00eda de nuestros territorios. Con la creaci\u00f3n de P\u00e1gina 10 se pretende abrir un escenario para el dialogo, la reflexi\u00f3n y el debate que se extienda a otras geograf\u00edas de Am\u00e9rica Latina y del planeta, en una apuesta por transformar colectivamente los desaf\u00edos de un mundo contempor\u00e1neo, m\u00e1s all\u00e1 de las fronteras impuestas.\",\"url\":\"https:\/\/pagina10.com\/web\/author\/pdiezadmin\/\"}]}<\/script>\n<!-- \/ Yoast SEO plugin. -->","yoast_head_json":{"title":"Capturado hace pocas horas \"el Hombre del Hacha\", Miguel Camilo Parra, agresor de su pareja sentimental Angela Ferro | P\u00e1gina10","robots":{"index":"index","follow":"follow","max-snippet":"max-snippet:-1","max-image-preview":"max-image-preview:large","max-video-preview":"max-video-preview:-1"},"canonical":"https:\/\/pagina10.com\/web\/capturado-hace-pocas-horas-el-hombre-del-hacha-miguel-camilo-parra-agresor-de-su-pareja-sentimental-angela-ferro\/","og_locale":"es_ES","og_type":"article","og_title":"Capturado hace pocas horas \"el Hombre del Hacha\", Miguel Camilo Parra, agresor de su pareja sentimental Angela Ferro | P\u00e1gina10","og_description":"En un trabajo colectivo entre la Polic\u00eda y la Fiscal\u00eda General de la Naci\u00f3n, en horas de la noche del d\u00eda de ayer lunes 26 de octubre, fue capturado en una zona boscosa del Fusagasuga \u2013 Cundinamarca, Miguel Camilo Parra, el brutal agresor se\u00f1alado de haber atacado en estado de indefensi\u00f3n a su pareja sentimental [&hellip;]","og_url":"https:\/\/pagina10.com\/web\/capturado-hace-pocas-horas-el-hombre-del-hacha-miguel-camilo-parra-agresor-de-su-pareja-sentimental-angela-ferro\/","og_site_name":"P\u00e1gina10","article_publisher":"https:\/\/www.facebook.com\/pag10com","article_published_time":"2020-10-27T15:45:07+00:00","og_image":[{"width":950,"height":534,"url":"https:\/\/pagina10.com\/web\/wp-content\/uploads\/2020\/10\/ha.jpeg","type":"image\/jpeg"}],"author":"P\u00e1gina 10","twitter_card":"summary_large_image","twitter_creator":"@Pag10com","twitter_site":"@Pag10com","twitter_misc":{"Escrito por":"P\u00e1gina 10","Tiempo de lectura":"1 minuto"},"schema":{"@context":"https:\/\/schema.org","@graph":[{"@type":"Article","@id":"https:\/\/pagina10.com\/web\/capturado-hace-pocas-horas-el-hombre-del-hacha-miguel-camilo-parra-agresor-de-su-pareja-sentimental-angela-ferro\/#article","isPartOf":{"@id":"https:\/\/pagina10.com\/web\/capturado-hace-pocas-horas-el-hombre-del-hacha-miguel-camilo-parra-agresor-de-su-pareja-sentimental-angela-ferro\/"},"author":{"name":"P\u00e1gina 10","@id":"https:\/\/pagina10.com\/web\/#\/schema\/person\/2efc4a090d25b667d3bc796798a3a81b"},"headline":"Capturado hace pocas horas &#8220;el Hombre del Hacha&#8221;, Miguel Camilo Parra, agresor de su pareja sentimental Angela Ferro","datePublished":"2020-10-27T15:45:07+00:00","mainEntityOfPage":{"@id":"https:\/\/pagina10.com\/web\/capturado-hace-pocas-horas-el-hombre-del-hacha-miguel-camilo-parra-agresor-de-su-pareja-sentimental-angela-ferro\/"},"wordCount":256,"commentCount":0,"publisher":{"@id":"https:\/\/pagina10.com\/web\/#organization"},"image":{"@id":"https:\/\/pagina10.com\/web\/capturado-hace-pocas-horas-el-hombre-del-hacha-miguel-camilo-parra-agresor-de-su-pareja-sentimental-angela-ferro\/#primaryimage"},"thumbnailUrl":"https:\/\/pagina10.com\/web\/wp-content\/uploads\/2020\/10\/ha.jpeg","articleSection":["Judicial"],"inLanguage":"es","potentialAction":[{"@type":"CommentAction","name":"Comment","target":["https:\/\/pagina10.com\/web\/capturado-hace-pocas-horas-el-hombre-del-hacha-miguel-camilo-parra-agresor-de-su-pareja-sentimental-angela-ferro\/#respond"]}]},{"@type":"WebPage","@id":"https:\/\/pagina10.com\/web\/capturado-hace-pocas-horas-el-hombre-del-hacha-miguel-camilo-parra-agresor-de-su-pareja-sentimental-angela-ferro\/","url":"https:\/\/pagina10.com\/web\/capturado-hace-pocas-horas-el-hombre-del-hacha-miguel-camilo-parra-agresor-de-su-pareja-sentimental-angela-ferro\/","name":"Capturado hace pocas horas \"el Hombre del Hacha\", Miguel Camilo Parra, agresor de su pareja sentimental Angela Ferro | P\u00e1gina10","isPartOf":{"@id":"https:\/\/pagina10.com\/web\/#website"},"primaryImageOfPage":{"@id":"https:\/\/pagina10.com\/web\/capturado-hace-pocas-horas-el-hombre-del-hacha-miguel-camilo-parra-agresor-de-su-pareja-sentimental-angela-ferro\/#primaryimage"},"image":{"@id":"https:\/\/pagina10.com\/web\/capturado-hace-pocas-horas-el-hombre-del-hacha-miguel-camilo-parra-agresor-de-su-pareja-sentimental-angela-ferro\/#primaryimage"},"thumbnailUrl":"https:\/\/pagina10.com\/web\/wp-content\/uploads\/2020\/10\/ha.jpeg","datePublished":"2020-10-27T15:45:07+00:00","breadcrumb":{"@id":"https:\/\/pagina10.com\/web\/capturado-hace-pocas-horas-el-hombre-del-hacha-miguel-camilo-parra-agresor-de-su-pareja-sentimental-angela-ferro\/#breadcrumb"},"inLanguage":"es","potentialAction":[{"@type":"ReadAction","target":["https:\/\/pagina10.com\/web\/capturado-hace-pocas-horas-el-hombre-del-hacha-miguel-camilo-parra-agresor-de-su-pareja-sentimental-angela-ferro\/"]}]},{"@type":"ImageObject","inLanguage":"es","@id":"https:\/\/pagina10.com\/web\/capturado-hace-pocas-horas-el-hombre-del-hacha-miguel-camilo-parra-agresor-de-su-pareja-sentimental-angela-ferro\/#primaryimage","url":"https:\/\/pagina10.com\/web\/wp-content\/uploads\/2020\/10\/ha.jpeg","contentUrl":"https:\/\/pagina10.com\/web\/wp-content\/uploads\/2020\/10\/ha.jpeg","width":950,"height":534},{"@type":"BreadcrumbList","@id":"https:\/\/pagina10.com\/web\/capturado-hace-pocas-horas-el-hombre-del-hacha-miguel-camilo-parra-agresor-de-su-pareja-sentimental-angela-ferro\/#breadcrumb","itemListElement":[{"@type":"ListItem","position":1,"name":"Portada","item":"https:\/\/pagina10.com\/web\/"},{"@type":"ListItem","position":2,"name":"Capturado hace pocas horas &#8220;el Hombre del Hacha&#8221;, Miguel Camilo Parra, agresor de su pareja sentimental Angela Ferro"}]},{"@type":"WebSite","@id":"https:\/\/pagina10.com\/web\/#website","url":"https:\/\/pagina10.com\/web\/","name":"P\u00e1gina10","description":"Peri\u00f3dico Regional","publisher":{"@id":"https:\/\/pagina10.com\/web\/#organization"},"alternateName":"P\u00e1gina10 Peri\u00f3dico Regional","potentialAction":[{"@type":"SearchAction","target":{"@type":"EntryPoint","urlTemplate":"https:\/\/pagina10.com\/web\/?s={search_term_string}"},"query-input":{"@type":"PropertyValueSpecification","valueRequired":true,"valueName":"search_term_string"}}],"inLanguage":"es"},{"@type":"Organization","@id":"https:\/\/pagina10.com\/web\/#organization","name":"P\u00e1gina10","alternateName":"P\u00e1gina10 Peri\u00f3dico Regional","url":"https:\/\/pagina10.com\/web\/","logo":{"@type":"ImageObject","inLanguage":"es","@id":"https:\/\/pagina10.com\/web\/#\/schema\/logo\/image\/","url":"https:\/\/pagina10.com\/web\/wp-content\/uploads\/2024\/01\/40-pagina-10-periodico-regional-pasto.jpg","contentUrl":"https:\/\/pagina10.com\/web\/wp-content\/uploads\/2024\/01\/40-pagina-10-periodico-regional-pasto.jpg","width":1280,"height":720,"caption":"P\u00e1gina10"},"image":{"@id":"https:\/\/pagina10.com\/web\/#\/schema\/logo\/image\/"},"sameAs":["https:\/\/www.facebook.com\/pag10com","https:\/\/x.com\/Pag10com","https:\/\/www.instagram.com\/pagina10col\/","https:\/\/youtube.com\/channel\/pag10","https:\/\/www.tiktok.com\/@p10col"]},{"@type":"Person","@id":"https:\/\/pagina10.com\/web\/#\/schema\/person\/2efc4a090d25b667d3bc796798a3a81b","name":"P\u00e1gina 10","description":"P\u00e1gina 10 es un peri\u00f3dico regional que nace en Colombia, en el departamento de Nari\u00f1o, con un enfoque global, fundamentado en cuatro pilares esenciales: la libertad, el pluralismo, la inclusi\u00f3n y la independencia. P\u00e1gina 10 hace referencia a Nari\u00f1o como el d\u00e9cimo departamento creado en Colombia, despu\u00e9s de un proceso pol\u00edtico liderado por actores y actrices regionales con el fin de obtener la independencia y autonom\u00eda de nuestros territorios. Con la creaci\u00f3n de P\u00e1gina 10 se pretende abrir un escenario para el dialogo, la reflexi\u00f3n y el debate que se extienda a otras geograf\u00edas de Am\u00e9rica Latina y del planeta, en una apuesta por transformar colectivamente los desaf\u00edos de un mundo contempor\u00e1neo, m\u00e1s all\u00e1 de las fronteras impuestas.","url":"https:\/\/pagina10.com\/web\/author\/pdiezadmin\/"}]}},"_links":{"self":[{"href":"https:\/\/pagina10.com\/web\/wp-json\/wp\/v2\/posts\/48025","targetHints":{"allow":["GET"]}}],"collection":[{"href":"https:\/\/pagina10.com\/web\/wp-json\/wp\/v2\/posts"}],"about":[{"href":"https:\/\/pagina10.com\/web\/wp-json\/wp\/v2\/types\/post"}],"author":[{"embeddable":true,"href":"https:\/\/pagina10.com\/web\/wp-json\/wp\/v2\/users\/1"}],"replies":[{"embeddable":true,"href":"https:\/\/pagina10.com\/web\/wp-json\/wp\/v2\/comments?post=48025"}],"version-history":[{"count":1,"href":"https:\/\/pagina10.com\/web\/wp-json\/wp\/v2\/posts\/48025\/revisions"}],"predecessor-version":[{"id":48027,"href":"https:\/\/pagina10.com\/web\/wp-json\/wp\/v2\/posts\/48025\/revisions\/48027"}],"wp:featuredmedia":[{"embeddable":true,"href":"https:\/\/pagina10.com\/web\/wp-json\/wp\/v2\/media\/48026"}],"wp:attachment":[{"href":"https:\/\/pagina10.com\/web\/wp-json\/wp\/v2\/media?parent=48025"}],"wp:term":[{"taxonomy":"category","embeddable":true,"href":"https:\/\/pagina10.com\/web\/wp-json\/wp\/v2\/categories?post=48025"},{"taxonomy":"post_tag","embeddable":true,"href":"https:\/\/pagina10.com\/web\/wp-json\/wp\/v2\/tags?post=48025"}],"curies":[{"name":"wp","href":"https:\/\/api.w.org\/{rel}","templated":true}]}}