{"id":48040,"date":"2020-10-27T20:30:35","date_gmt":"2020-10-27T20:30:35","guid":{"rendered":"https:\/\/pagina10.com\/web\/?p=48040"},"modified":"2020-10-27T21:43:59","modified_gmt":"2020-10-27T21:43:59","slug":"a-la-carcel-presuntos-responsables-de-la-masacre-ocurrida-en-samaniego","status":"publish","type":"post","link":"https:\/\/pagina10.com\/web\/a-la-carcel-presuntos-responsables-de-la-masacre-ocurrida-en-samaniego\/","title":{"rendered":"A la c\u00e1rcel presuntos responsables de la masacre ocurrida en Samaniego."},"content":{"rendered":"<p style=\"text-align: justify;\">La Fiscal\u00eda General de la Naci\u00f3n logr\u00f3 que Jueces de Control de Garant\u00edas enviaran a la c\u00e1rcel, como medida preventiva de aseguramiento a los 5 hombres que ser\u00eda los presuntos responsables de los homicidios ocurridos en Samaniego, donde murieron 8 j\u00f3venes el pasado 15 de agosto de 2020; y Jamund\u00ed ocurrido el 9 de octubre del mismo a\u00f1o y donde se registr\u00f3 la muerte de 4 personas.<\/p>\n<p style=\"text-align: justify;\">Luego del anuncio por el Fiscal General de la Naci\u00f3n, Francisco Barbosa Delgado, sobre la captura de estas cinco personas, que permite el esclarecimiento de estos m\u00faltiples cr\u00edmenes, se continua con la respectiva judicializaci\u00f3n.<\/p>\n<p style=\"text-align: justify;\"><strong>Caso Samaniego.<\/strong><\/p>\n<p style=\"text-align: justify;\">La contundencia del material probatorio presentado por la Fiscal\u00eda Especializada de Pasto (Seccional Nari\u00f1o) permiti\u00f3 que el Juez acogiera los argumentos del ente acusador y orden\u00f3 el traslado a la c\u00e1rcel judicial de Pasto a Andr\u00e9s Fernando Moriano Caicedo, alias \u201cFercho\u201d; y Jeiron Alejandro Pantoja Rodr\u00edguez, alias \u201cMono\u201d o \u201cconductor\u201d, esto mientras se logra su ubicaci\u00f3n en un establecimiento de m\u00e1xima seguridad.<\/p>\n<p style=\"text-align: justify;\">Moriano y Pantoja fueron imputados por la Fiscal\u00eda como presuntos responsables de los delitos de homicidio agravado, en con concurso homog\u00e9neo, tr\u00e1fico y porte de armas municiones de uso restringido, de uso privativo de las fuerzas armadas o explosivos, porte ilegal de armas de fuego de uso personal y concierto para delinquir agravado.<\/p>\n<p style=\"text-align: justify;\">Los dos hombres est\u00e1n siendo judicializados por su presunta participaci\u00f3n en el homicidio de \u00d3scar Andr\u00e9s Obando, Laura Michel Melo Riascos, Jhon Sebasti\u00e1n Quintero, Daniel Steven Vargas, Byron Pati\u00f1o, Rub\u00e9n Dario Ibarra, Elian Benavides y Brayan Alexis Cuar\u00e1n, j\u00f3venes con edades entre los 22 y los 27 a\u00f1os.<\/p>\n<p style=\"text-align: justify;\"><strong>Caso Jamund\u00ed<\/strong><\/p>\n<p style=\"text-align: justify;\">La Unidad Especial de Investigaci\u00f3n, en asocio con la Direcci\u00f3n Seccional Cali, present\u00f3 suficientes elementos legalmente recopilados que llevaron al Juez de Control de Garant\u00edas a inferencia razonable sobre la presunta responsabilidad de Stiven Andr\u00e9s Jaramillo, alias \u201cEl Chavo\u201d o \u201cBairon\u201d; Heider Andr\u00e9s Medina Grueso, alias \u201cni\u00f1o malo\u201d y Yilmer Andres Dagua alias \u201cEl indio\u201d en el crimen de 4 personas en la Finca La Rosa, ubicada en la vereda Meseta sector Comuneros, del municipio de Jamund\u00ed (Valle del Cauca).<\/p>\n<p style=\"text-align: justify;\">Los 3 capturados fueron imputados por ser los presuntos responsables de los delitos de homicidio agravado en concurso homog\u00e9neo y en concurso heterog\u00e9neo con el punible de porte de ilegal de armas de fuego de uso personal y uso privativo de la fuerza p\u00fablica y concierto para delinquir.<\/p>\n<p style=\"text-align: justify;\">Las victimas fueron identificadas como Jose Luis Campo, Mehyer Dahian Ramirez Ramirez, Edgar Hernandez Campos y Eider Guti\u00e9rrez Corrales.<\/p>\n<p style=\"text-align: justify;\">En relaci\u00f3n con este caso se encuentran vigentes 4 ordenes de captura de presuntos implicados en los hechos.<\/p>\n<p style=\"text-align: justify;\">Fuente: Fiscal\u00eda General de la Naci\u00f3n<\/p>\n","protected":false},"excerpt":{"rendered":"<p>La Fiscal\u00eda General de la Naci\u00f3n logr\u00f3 que Jueces de Control de Garant\u00edas enviaran a la c\u00e1rcel, como medida preventiva de aseguramiento a los 5 hombres que ser\u00eda los presuntos responsables de los homicidios ocurridos en Samaniego, donde murieron 8 j\u00f3venes el pasado 15 de agosto de 2020; y Jamund\u00ed ocurrido el 9 de octubre [&hellip;]<\/p>\n","protected":false},"author":1,"featured_media":48041,"comment_status":"open","ping_status":"open","sticky":false,"template":"","format":"standard","meta":{"footnotes":""},"categories":[61],"tags":[],"class_list":["post-48040","post","type-post","status-publish","format-standard","has-post-thumbnail","hentry","category-judicial"],"yoast_head":"<!-- This site is optimized with the Yoast SEO plugin v27.1.1 - https:\/\/yoast.com\/product\/yoast-seo-wordpress\/ -->\n<title>A la c\u00e1rcel presuntos responsables de la masacre ocurrida en Samaniego. | P\u00e1gina10<\/title>\n<meta name=\"robots\" content=\"index, follow, max-snippet:-1, max-image-preview:large, max-video-preview:-1\" \/>\n<link rel=\"canonical\" href=\"https:\/\/pagina10.com\/web\/a-la-carcel-presuntos-responsables-de-la-masacre-ocurrida-en-samaniego\/\" \/>\n<meta property=\"og:locale\" content=\"es_ES\" \/>\n<meta property=\"og:type\" content=\"article\" \/>\n<meta property=\"og:title\" content=\"A la c\u00e1rcel presuntos responsables de la masacre ocurrida en Samaniego. | P\u00e1gina10\" \/>\n<meta property=\"og:description\" content=\"La Fiscal\u00eda General de la Naci\u00f3n logr\u00f3 que Jueces de Control de Garant\u00edas enviaran a la c\u00e1rcel, como medida preventiva de aseguramiento a los 5 hombres que ser\u00eda los presuntos responsables de los homicidios ocurridos en Samaniego, donde murieron 8 j\u00f3venes el pasado 15 de agosto de 2020; y Jamund\u00ed ocurrido el 9 de octubre [&hellip;]\" \/>\n<meta property=\"og:url\" content=\"https:\/\/pagina10.com\/web\/a-la-carcel-presuntos-responsables-de-la-masacre-ocurrida-en-samaniego\/\" \/>\n<meta property=\"og:site_name\" content=\"P\u00e1gina10\" \/>\n<meta property=\"article:publisher\" content=\"https:\/\/www.facebook.com\/pag10com\" \/>\n<meta property=\"article:published_time\" content=\"2020-10-27T20:30:35+00:00\" \/>\n<meta property=\"article:modified_time\" content=\"2020-10-27T21:43:59+00:00\" \/>\n<meta property=\"og:image\" content=\"https:\/\/pagina10.com\/web\/wp-content\/uploads\/2020\/10\/jovenes.jpg\" \/>\n\t<meta property=\"og:image:width\" content=\"512\" \/>\n\t<meta property=\"og:image:height\" content=\"367\" \/>\n\t<meta property=\"og:image:type\" content=\"image\/jpeg\" \/>\n<meta name=\"author\" content=\"P\u00e1gina 10\" \/>\n<meta name=\"twitter:card\" content=\"summary_large_image\" \/>\n<meta name=\"twitter:creator\" content=\"@Pag10com\" \/>\n<meta name=\"twitter:site\" content=\"@Pag10com\" \/>\n<meta name=\"twitter:label1\" content=\"Escrito por\" \/>\n\t<meta name=\"twitter:data1\" content=\"P\u00e1gina 10\" \/>\n\t<meta name=\"twitter:label2\" content=\"Tiempo de lectura\" \/>\n\t<meta name=\"twitter:data2\" content=\"2 minutos\" \/>\n<script type=\"application\/ld+json\" class=\"yoast-schema-graph\">{\"@context\":\"https:\/\/schema.org\",\"@graph\":[{\"@type\":\"Article\",\"@id\":\"https:\/\/pagina10.com\/web\/a-la-carcel-presuntos-responsables-de-la-masacre-ocurrida-en-samaniego\/#article\",\"isPartOf\":{\"@id\":\"https:\/\/pagina10.com\/web\/a-la-carcel-presuntos-responsables-de-la-masacre-ocurrida-en-samaniego\/\"},\"author\":{\"name\":\"P\u00e1gina 10\",\"@id\":\"https:\/\/pagina10.com\/web\/#\/schema\/person\/2efc4a090d25b667d3bc796798a3a81b\"},\"headline\":\"A la c\u00e1rcel presuntos responsables de la masacre ocurrida en Samaniego.\",\"datePublished\":\"2020-10-27T20:30:35+00:00\",\"dateModified\":\"2020-10-27T21:43:59+00:00\",\"mainEntityOfPage\":{\"@id\":\"https:\/\/pagina10.com\/web\/a-la-carcel-presuntos-responsables-de-la-masacre-ocurrida-en-samaniego\/\"},\"wordCount\":483,\"commentCount\":0,\"publisher\":{\"@id\":\"https:\/\/pagina10.com\/web\/#organization\"},\"image\":{\"@id\":\"https:\/\/pagina10.com\/web\/a-la-carcel-presuntos-responsables-de-la-masacre-ocurrida-en-samaniego\/#primaryimage\"},\"thumbnailUrl\":\"https:\/\/pagina10.com\/web\/wp-content\/uploads\/2020\/10\/jovenes.jpg\",\"articleSection\":[\"Judicial\"],\"inLanguage\":\"es\",\"potentialAction\":[{\"@type\":\"CommentAction\",\"name\":\"Comment\",\"target\":[\"https:\/\/pagina10.com\/web\/a-la-carcel-presuntos-responsables-de-la-masacre-ocurrida-en-samaniego\/#respond\"]}]},{\"@type\":\"WebPage\",\"@id\":\"https:\/\/pagina10.com\/web\/a-la-carcel-presuntos-responsables-de-la-masacre-ocurrida-en-samaniego\/\",\"url\":\"https:\/\/pagina10.com\/web\/a-la-carcel-presuntos-responsables-de-la-masacre-ocurrida-en-samaniego\/\",\"name\":\"A la c\u00e1rcel presuntos responsables de la masacre ocurrida en Samaniego. | P\u00e1gina10\",\"isPartOf\":{\"@id\":\"https:\/\/pagina10.com\/web\/#website\"},\"primaryImageOfPage\":{\"@id\":\"https:\/\/pagina10.com\/web\/a-la-carcel-presuntos-responsables-de-la-masacre-ocurrida-en-samaniego\/#primaryimage\"},\"image\":{\"@id\":\"https:\/\/pagina10.com\/web\/a-la-carcel-presuntos-responsables-de-la-masacre-ocurrida-en-samaniego\/#primaryimage\"},\"thumbnailUrl\":\"https:\/\/pagina10.com\/web\/wp-content\/uploads\/2020\/10\/jovenes.jpg\",\"datePublished\":\"2020-10-27T20:30:35+00:00\",\"dateModified\":\"2020-10-27T21:43:59+00:00\",\"breadcrumb\":{\"@id\":\"https:\/\/pagina10.com\/web\/a-la-carcel-presuntos-responsables-de-la-masacre-ocurrida-en-samaniego\/#breadcrumb\"},\"inLanguage\":\"es\",\"potentialAction\":[{\"@type\":\"ReadAction\",\"target\":[\"https:\/\/pagina10.com\/web\/a-la-carcel-presuntos-responsables-de-la-masacre-ocurrida-en-samaniego\/\"]}]},{\"@type\":\"ImageObject\",\"inLanguage\":\"es\",\"@id\":\"https:\/\/pagina10.com\/web\/a-la-carcel-presuntos-responsables-de-la-masacre-ocurrida-en-samaniego\/#primaryimage\",\"url\":\"https:\/\/pagina10.com\/web\/wp-content\/uploads\/2020\/10\/jovenes.jpg\",\"contentUrl\":\"https:\/\/pagina10.com\/web\/wp-content\/uploads\/2020\/10\/jovenes.jpg\",\"width\":512,\"height\":367},{\"@type\":\"BreadcrumbList\",\"@id\":\"https:\/\/pagina10.com\/web\/a-la-carcel-presuntos-responsables-de-la-masacre-ocurrida-en-samaniego\/#breadcrumb\",\"itemListElement\":[{\"@type\":\"ListItem\",\"position\":1,\"name\":\"Portada\",\"item\":\"https:\/\/pagina10.com\/web\/\"},{\"@type\":\"ListItem\",\"position\":2,\"name\":\"A la c\u00e1rcel presuntos responsables de la masacre ocurrida en Samaniego.\"}]},{\"@type\":\"WebSite\",\"@id\":\"https:\/\/pagina10.com\/web\/#website\",\"url\":\"https:\/\/pagina10.com\/web\/\",\"name\":\"P\u00e1gina10\",\"description\":\"Peri\u00f3dico Regional\",\"publisher\":{\"@id\":\"https:\/\/pagina10.com\/web\/#organization\"},\"alternateName\":\"P\u00e1gina10 Peri\u00f3dico Regional\",\"potentialAction\":[{\"@type\":\"SearchAction\",\"target\":{\"@type\":\"EntryPoint\",\"urlTemplate\":\"https:\/\/pagina10.com\/web\/?s={search_term_string}\"},\"query-input\":{\"@type\":\"PropertyValueSpecification\",\"valueRequired\":true,\"valueName\":\"search_term_string\"}}],\"inLanguage\":\"es\"},{\"@type\":\"Organization\",\"@id\":\"https:\/\/pagina10.com\/web\/#organization\",\"name\":\"P\u00e1gina10\",\"alternateName\":\"P\u00e1gina10 Peri\u00f3dico Regional\",\"url\":\"https:\/\/pagina10.com\/web\/\",\"logo\":{\"@type\":\"ImageObject\",\"inLanguage\":\"es\",\"@id\":\"https:\/\/pagina10.com\/web\/#\/schema\/logo\/image\/\",\"url\":\"https:\/\/pagina10.com\/web\/wp-content\/uploads\/2024\/01\/40-pagina-10-periodico-regional-pasto.jpg\",\"contentUrl\":\"https:\/\/pagina10.com\/web\/wp-content\/uploads\/2024\/01\/40-pagina-10-periodico-regional-pasto.jpg\",\"width\":1280,\"height\":720,\"caption\":\"P\u00e1gina10\"},\"image\":{\"@id\":\"https:\/\/pagina10.com\/web\/#\/schema\/logo\/image\/\"},\"sameAs\":[\"https:\/\/www.facebook.com\/pag10com\",\"https:\/\/x.com\/Pag10com\",\"https:\/\/www.instagram.com\/pagina10col\/\",\"https:\/\/youtube.com\/channel\/pag10\",\"https:\/\/www.tiktok.com\/@p10col\"]},{\"@type\":\"Person\",\"@id\":\"https:\/\/pagina10.com\/web\/#\/schema\/person\/2efc4a090d25b667d3bc796798a3a81b\",\"name\":\"P\u00e1gina 10\",\"description\":\"P\u00e1gina 10 es un peri\u00f3dico regional que nace en Colombia, en el departamento de Nari\u00f1o, con un enfoque global, fundamentado en cuatro pilares esenciales: la libertad, el pluralismo, la inclusi\u00f3n y la independencia. P\u00e1gina 10 hace referencia a Nari\u00f1o como el d\u00e9cimo departamento creado en Colombia, despu\u00e9s de un proceso pol\u00edtico liderado por actores y actrices regionales con el fin de obtener la independencia y autonom\u00eda de nuestros territorios. Con la creaci\u00f3n de P\u00e1gina 10 se pretende abrir un escenario para el dialogo, la reflexi\u00f3n y el debate que se extienda a otras geograf\u00edas de Am\u00e9rica Latina y del planeta, en una apuesta por transformar colectivamente los desaf\u00edos de un mundo contempor\u00e1neo, m\u00e1s all\u00e1 de las fronteras impuestas.\",\"url\":\"https:\/\/pagina10.com\/web\/author\/pdiezadmin\/\"}]}<\/script>\n<!-- \/ Yoast SEO plugin. -->","yoast_head_json":{"title":"A la c\u00e1rcel presuntos responsables de la masacre ocurrida en Samaniego. | P\u00e1gina10","robots":{"index":"index","follow":"follow","max-snippet":"max-snippet:-1","max-image-preview":"max-image-preview:large","max-video-preview":"max-video-preview:-1"},"canonical":"https:\/\/pagina10.com\/web\/a-la-carcel-presuntos-responsables-de-la-masacre-ocurrida-en-samaniego\/","og_locale":"es_ES","og_type":"article","og_title":"A la c\u00e1rcel presuntos responsables de la masacre ocurrida en Samaniego. | P\u00e1gina10","og_description":"La Fiscal\u00eda General de la Naci\u00f3n logr\u00f3 que Jueces de Control de Garant\u00edas enviaran a la c\u00e1rcel, como medida preventiva de aseguramiento a los 5 hombres que ser\u00eda los presuntos responsables de los homicidios ocurridos en Samaniego, donde murieron 8 j\u00f3venes el pasado 15 de agosto de 2020; y Jamund\u00ed ocurrido el 9 de octubre [&hellip;]","og_url":"https:\/\/pagina10.com\/web\/a-la-carcel-presuntos-responsables-de-la-masacre-ocurrida-en-samaniego\/","og_site_name":"P\u00e1gina10","article_publisher":"https:\/\/www.facebook.com\/pag10com","article_published_time":"2020-10-27T20:30:35+00:00","article_modified_time":"2020-10-27T21:43:59+00:00","og_image":[{"width":512,"height":367,"url":"https:\/\/pagina10.com\/web\/wp-content\/uploads\/2020\/10\/jovenes.jpg","type":"image\/jpeg"}],"author":"P\u00e1gina 10","twitter_card":"summary_large_image","twitter_creator":"@Pag10com","twitter_site":"@Pag10com","twitter_misc":{"Escrito por":"P\u00e1gina 10","Tiempo de lectura":"2 minutos"},"schema":{"@context":"https:\/\/schema.org","@graph":[{"@type":"Article","@id":"https:\/\/pagina10.com\/web\/a-la-carcel-presuntos-responsables-de-la-masacre-ocurrida-en-samaniego\/#article","isPartOf":{"@id":"https:\/\/pagina10.com\/web\/a-la-carcel-presuntos-responsables-de-la-masacre-ocurrida-en-samaniego\/"},"author":{"name":"P\u00e1gina 10","@id":"https:\/\/pagina10.com\/web\/#\/schema\/person\/2efc4a090d25b667d3bc796798a3a81b"},"headline":"A la c\u00e1rcel presuntos responsables de la masacre ocurrida en Samaniego.","datePublished":"2020-10-27T20:30:35+00:00","dateModified":"2020-10-27T21:43:59+00:00","mainEntityOfPage":{"@id":"https:\/\/pagina10.com\/web\/a-la-carcel-presuntos-responsables-de-la-masacre-ocurrida-en-samaniego\/"},"wordCount":483,"commentCount":0,"publisher":{"@id":"https:\/\/pagina10.com\/web\/#organization"},"image":{"@id":"https:\/\/pagina10.com\/web\/a-la-carcel-presuntos-responsables-de-la-masacre-ocurrida-en-samaniego\/#primaryimage"},"thumbnailUrl":"https:\/\/pagina10.com\/web\/wp-content\/uploads\/2020\/10\/jovenes.jpg","articleSection":["Judicial"],"inLanguage":"es","potentialAction":[{"@type":"CommentAction","name":"Comment","target":["https:\/\/pagina10.com\/web\/a-la-carcel-presuntos-responsables-de-la-masacre-ocurrida-en-samaniego\/#respond"]}]},{"@type":"WebPage","@id":"https:\/\/pagina10.com\/web\/a-la-carcel-presuntos-responsables-de-la-masacre-ocurrida-en-samaniego\/","url":"https:\/\/pagina10.com\/web\/a-la-carcel-presuntos-responsables-de-la-masacre-ocurrida-en-samaniego\/","name":"A la c\u00e1rcel presuntos responsables de la masacre ocurrida en Samaniego. | P\u00e1gina10","isPartOf":{"@id":"https:\/\/pagina10.com\/web\/#website"},"primaryImageOfPage":{"@id":"https:\/\/pagina10.com\/web\/a-la-carcel-presuntos-responsables-de-la-masacre-ocurrida-en-samaniego\/#primaryimage"},"image":{"@id":"https:\/\/pagina10.com\/web\/a-la-carcel-presuntos-responsables-de-la-masacre-ocurrida-en-samaniego\/#primaryimage"},"thumbnailUrl":"https:\/\/pagina10.com\/web\/wp-content\/uploads\/2020\/10\/jovenes.jpg","datePublished":"2020-10-27T20:30:35+00:00","dateModified":"2020-10-27T21:43:59+00:00","breadcrumb":{"@id":"https:\/\/pagina10.com\/web\/a-la-carcel-presuntos-responsables-de-la-masacre-ocurrida-en-samaniego\/#breadcrumb"},"inLanguage":"es","potentialAction":[{"@type":"ReadAction","target":["https:\/\/pagina10.com\/web\/a-la-carcel-presuntos-responsables-de-la-masacre-ocurrida-en-samaniego\/"]}]},{"@type":"ImageObject","inLanguage":"es","@id":"https:\/\/pagina10.com\/web\/a-la-carcel-presuntos-responsables-de-la-masacre-ocurrida-en-samaniego\/#primaryimage","url":"https:\/\/pagina10.com\/web\/wp-content\/uploads\/2020\/10\/jovenes.jpg","contentUrl":"https:\/\/pagina10.com\/web\/wp-content\/uploads\/2020\/10\/jovenes.jpg","width":512,"height":367},{"@type":"BreadcrumbList","@id":"https:\/\/pagina10.com\/web\/a-la-carcel-presuntos-responsables-de-la-masacre-ocurrida-en-samaniego\/#breadcrumb","itemListElement":[{"@type":"ListItem","position":1,"name":"Portada","item":"https:\/\/pagina10.com\/web\/"},{"@type":"ListItem","position":2,"name":"A la c\u00e1rcel presuntos responsables de la masacre ocurrida en Samaniego."}]},{"@type":"WebSite","@id":"https:\/\/pagina10.com\/web\/#website","url":"https:\/\/pagina10.com\/web\/","name":"P\u00e1gina10","description":"Peri\u00f3dico Regional","publisher":{"@id":"https:\/\/pagina10.com\/web\/#organization"},"alternateName":"P\u00e1gina10 Peri\u00f3dico Regional","potentialAction":[{"@type":"SearchAction","target":{"@type":"EntryPoint","urlTemplate":"https:\/\/pagina10.com\/web\/?s={search_term_string}"},"query-input":{"@type":"PropertyValueSpecification","valueRequired":true,"valueName":"search_term_string"}}],"inLanguage":"es"},{"@type":"Organization","@id":"https:\/\/pagina10.com\/web\/#organization","name":"P\u00e1gina10","alternateName":"P\u00e1gina10 Peri\u00f3dico Regional","url":"https:\/\/pagina10.com\/web\/","logo":{"@type":"ImageObject","inLanguage":"es","@id":"https:\/\/pagina10.com\/web\/#\/schema\/logo\/image\/","url":"https:\/\/pagina10.com\/web\/wp-content\/uploads\/2024\/01\/40-pagina-10-periodico-regional-pasto.jpg","contentUrl":"https:\/\/pagina10.com\/web\/wp-content\/uploads\/2024\/01\/40-pagina-10-periodico-regional-pasto.jpg","width":1280,"height":720,"caption":"P\u00e1gina10"},"image":{"@id":"https:\/\/pagina10.com\/web\/#\/schema\/logo\/image\/"},"sameAs":["https:\/\/www.facebook.com\/pag10com","https:\/\/x.com\/Pag10com","https:\/\/www.instagram.com\/pagina10col\/","https:\/\/youtube.com\/channel\/pag10","https:\/\/www.tiktok.com\/@p10col"]},{"@type":"Person","@id":"https:\/\/pagina10.com\/web\/#\/schema\/person\/2efc4a090d25b667d3bc796798a3a81b","name":"P\u00e1gina 10","description":"P\u00e1gina 10 es un peri\u00f3dico regional que nace en Colombia, en el departamento de Nari\u00f1o, con un enfoque global, fundamentado en cuatro pilares esenciales: la libertad, el pluralismo, la inclusi\u00f3n y la independencia. P\u00e1gina 10 hace referencia a Nari\u00f1o como el d\u00e9cimo departamento creado en Colombia, despu\u00e9s de un proceso pol\u00edtico liderado por actores y actrices regionales con el fin de obtener la independencia y autonom\u00eda de nuestros territorios. Con la creaci\u00f3n de P\u00e1gina 10 se pretende abrir un escenario para el dialogo, la reflexi\u00f3n y el debate que se extienda a otras geograf\u00edas de Am\u00e9rica Latina y del planeta, en una apuesta por transformar colectivamente los desaf\u00edos de un mundo contempor\u00e1neo, m\u00e1s all\u00e1 de las fronteras impuestas.","url":"https:\/\/pagina10.com\/web\/author\/pdiezadmin\/"}]}},"_links":{"self":[{"href":"https:\/\/pagina10.com\/web\/wp-json\/wp\/v2\/posts\/48040","targetHints":{"allow":["GET"]}}],"collection":[{"href":"https:\/\/pagina10.com\/web\/wp-json\/wp\/v2\/posts"}],"about":[{"href":"https:\/\/pagina10.com\/web\/wp-json\/wp\/v2\/types\/post"}],"author":[{"embeddable":true,"href":"https:\/\/pagina10.com\/web\/wp-json\/wp\/v2\/users\/1"}],"replies":[{"embeddable":true,"href":"https:\/\/pagina10.com\/web\/wp-json\/wp\/v2\/comments?post=48040"}],"version-history":[{"count":5,"href":"https:\/\/pagina10.com\/web\/wp-json\/wp\/v2\/posts\/48040\/revisions"}],"predecessor-version":[{"id":48050,"href":"https:\/\/pagina10.com\/web\/wp-json\/wp\/v2\/posts\/48040\/revisions\/48050"}],"wp:featuredmedia":[{"embeddable":true,"href":"https:\/\/pagina10.com\/web\/wp-json\/wp\/v2\/media\/48041"}],"wp:attachment":[{"href":"https:\/\/pagina10.com\/web\/wp-json\/wp\/v2\/media?parent=48040"}],"wp:term":[{"taxonomy":"category","embeddable":true,"href":"https:\/\/pagina10.com\/web\/wp-json\/wp\/v2\/categories?post=48040"},{"taxonomy":"post_tag","embeddable":true,"href":"https:\/\/pagina10.com\/web\/wp-json\/wp\/v2\/tags?post=48040"}],"curies":[{"name":"wp","href":"https:\/\/api.w.org\/{rel}","templated":true}]}}