{"id":48051,"date":"2020-10-28T00:36:13","date_gmt":"2020-10-28T00:36:13","guid":{"rendered":"https:\/\/pagina10.com\/web\/?p=48051"},"modified":"2020-10-28T02:38:53","modified_gmt":"2020-10-28T02:38:53","slug":"inem-50-anos-contexto-global","status":"publish","type":"post","link":"https:\/\/pagina10.com\/web\/inem-50-anos-contexto-global\/","title":{"rendered":"INEM 50 a\u00f1os: contexto global"},"content":{"rendered":"<p style=\"text-align: justify;\">El presidente Carlos Lleras Restrepo estampaba su r\u00fabrica junto a la del ministro de educaci\u00f3n, Octavio Arismendi Posada; era el decreto 1962 del 20 de noviembre de 1969, en \u00e9l se establece la ense\u00f1anza media diversificada en el pa\u00eds. En consideraci\u00f3n a la necesidad de atender la mayor demanda de educaci\u00f3n media y a la necesidad de mejorar su calidad en concordancia con las modernas tendencias educativas y a los requerimientos del pa\u00eds, para lo cual se ha venido dise\u00f1ando un plan de institutos de educaci\u00f3n media diversificada.<\/p>\n<p style=\"text-align: justify;\">La transformaci\u00f3n social, econ\u00f3mica y pol\u00edtica de la naci\u00f3n demanda de la creaci\u00f3n de los 19 Inem en Colombia, en las ciudades capitales de departamento y dos en la capital del pa\u00eds. Responde a la necesidad de establecer nuevas pol\u00edticas que conduzcan a la naci\u00f3n a transitar en torno a los cambios mundiales y volver m\u00e1s eficiente el pa\u00eds. Entre otras, se ha tenido la asistencia t\u00e9cnica y financiera del Banco Internacional de Reconstrucci\u00f3n y Fomento (BIRF) y de la Agencia Internacional de Desarrollo (AID).<\/p>\n<p style=\"text-align: justify;\">Las necesidades de un proyecto educativo ambicioso deben responder al contexto de la naci\u00f3n y el mundo. Por ello hemos cre\u00eddo importante revisar qu\u00e9 circunstancias rodeaban la creaci\u00f3n de un proyecto innovador como el sistema Inem en Colombia.<\/p>\n<p style=\"text-align: justify;\">Para la segunda mitad del siglo XX el clima internacional ped\u00eda cambios a gritos. Una vez finalizada la Segunda Guerra Mundial con los bombardeos at\u00f3micos a Hiroshima y Nagasaki, dando el triunfo de los aliados y la rendici\u00f3n del Imperio Japon\u00e9s, se sella uno de los cap\u00edtulos m\u00e1s grandes que la humanidad recuerde. El precio que se tuvo que pagar fue de 60 millones de muertos, cientos de miles de exiliados, los jud\u00edos sometidos a una nueva di\u00e1spora y otros tantos millones de personas con los traumas propios de la guerra. Las cosas ya no podr\u00edan seguir igual, el mundo tendr\u00eda que dar un viraje.<\/p>\n<p style=\"text-align: justify;\">En la Conferencia de Yalta, en 1945, se crea el mayor organismo mundial de todos los tiempos, la ONU o Naciones Unidas, y con \u00e9l las misiones especializadas que buscar\u00edan mantener la paz y la seguridad internacionales, la cooperaci\u00f3n y la amistad entre las naciones para solucionar problemas globales y servir de centro que armonice las acciones de las naciones.<\/p>\n<p style=\"text-align: justify;\">En ese mismo contexto en el 10 de diciembre de 1948 se aprueba la declaraci\u00f3n universal de los Derechos Humanos, como una asimilaci\u00f3n de los Derechos del Hombre y del Ciudadano de 1789 (Revoluci\u00f3n Francesa), con el firme prop\u00f3sito de avanzar en el logro de una sociedad m\u00e1s civilizada y un ambiente de fraternidad, donde se garantice las m\u00ednimas condiciones para la dignidad del ser humano.<\/p>\n<p style=\"text-align: justify;\">Considerado como un triunfo femenino, el derecho al voto de la mujer en Colombia fue establecido el 25 de agosto de 1954 a trav\u00e9s del acto legislativo No. 3 de la Asamblea Nacional Constituyente, durante el gobierno de Gustavo Rojas Pinilla. Este episodio marc\u00f3 el fin de una larga lucha de las mujeres por ser reconocidas como ciudadanas y otro camino para lograr la igualdad.<\/p>\n<p style=\"text-align: justify;\">En el a\u00f1o de 1961, el presidente John F. Kennedy cre\u00f3 Alianza para el Progreso, un plan de ayuda econ\u00f3mica, pol\u00edtica y social para la Am\u00e9rica Latina tendiente a contrarrestar los efectos que empieza a causar el reciente triunfo de la Revoluci\u00f3n Cubana con el surgimiento de brotes de rebeld\u00eda en varios pa\u00edses.<\/p>\n<p style=\"text-align: justify;\">En Colombia, en 1964 surgi\u00f3 una de las guerrillas que mayor avance tendr\u00eda para lograr hacerse al poder por la v\u00eda armada, como lo fueron la Fuerzas Armadas Revolucionarias de Colombia (Farc). Por el mismo tiempo en Santander los hermanos V\u00e1squez Casta\u00f1o, que hab\u00edan visto morir a su padre a machetazos de los \u201cp\u00e1jaros\u201d, fundan el Ej\u00e9rcito de Liberaci\u00f3n Nacional (ELN); con la posterior vinculaci\u00f3n de sacerdotes, como Domingo La\u00edn, Camilo Torres y Manuel P\u00e9rez. Se vigorizan con una estructura ideol\u00f3gica impulsada desde el Brasil con la Teolog\u00eda de la Liberaci\u00f3n por el sacerdote Leonardo Boff, que motiv\u00f3 a laicos y religiosos de base a emprender un camino de rebeld\u00eda.<\/p>\n<p style=\"text-align: justify;\">Con estas nuevas estructuras ideol\u00f3gicas, se ir\u00eda sepultando el proceso de violencia que ven\u00eda viviendo el pa\u00eds con la divisi\u00f3n entre <em>\u2018cachiporros\u2019 y \u2018chulavitas\u2019<\/em> (liberales y conservadores) que ten\u00edan al pa\u00eds en un conflicto sin fin, con lo cual devienen las guerrillas izquierdistas. Los j\u00f3venes vienen siendo cooptados ante la falta de oportunidades de formaci\u00f3n y laborales.<\/p>\n<p style=\"text-align: justify;\">Este es el sustrato que la juventud de todo un continente tiene a su alcance: la rebeld\u00eda, los movimientos opositores a la Guerra del Vietnam, el hipismo, el consumo de drogas, el auge rock, The Beatles, el Che Guevara, el comunismo internacional, el surgimiento de la p\u00edldora anticonceptiva, el sexo libre, expresiones como \u2018prohibido prohibir\u2019. Todos estos elementos buscan seducir a una juventud con ansias de experiencias colmadas de frenes\u00ed. Es el tiempo del movimiento de la contracultura que buscaba hacer oposici\u00f3n a los valores culturales e ideol\u00f3gicos establecidos por la sociedad.<\/p>\n<p style=\"text-align: justify;\">La respuesta indudablemente tendr\u00eda que venir de las mismas instancias gubernamentales para no repetir la historia reciente. La opci\u00f3n est\u00e1 en encaminar a los j\u00f3venes en una vida laboral y productiva. Los diagn\u00f3sticos arrojan la necesidad de implementar mano de obra calificada en el nivel t\u00e9cnico.<\/p>\n<p style=\"text-align: justify;\">Y es ah\u00ed el momento donde se realizan los estudios pertinentes desde el sector gubernamental para crear una educaci\u00f3n t\u00e9cnica que arrojar\u00e1 como resultado la creaci\u00f3n de los Institutos Nacionales de Educaci\u00f3n Media Diversificada, Inem, donde los j\u00f3venes tengan capacidad de vincularse a la vida laboral o aspirar a una carrera universitaria.<\/p>\n<p style=\"text-align: justify;\">\n","protected":false},"excerpt":{"rendered":"<p>El presidente Carlos Lleras Restrepo estampaba su r\u00fabrica junto a la del ministro de educaci\u00f3n, Octavio Arismendi Posada; era el decreto 1962 del 20 de noviembre de 1969, en \u00e9l se establece la ense\u00f1anza media diversificada en el pa\u00eds. En consideraci\u00f3n a la necesidad de atender la mayor demanda de educaci\u00f3n media y a la [&hellip;]<\/p>\n","protected":false},"author":65,"featured_media":48052,"comment_status":"open","ping_status":"open","sticky":false,"template":"","format":"standard","meta":{"footnotes":""},"categories":[9],"tags":[],"class_list":["post-48051","post","type-post","status-publish","format-standard","has-post-thumbnail","hentry","category-global"],"yoast_head":"<!-- This site is optimized with the Yoast SEO plugin v27.1.1 - https:\/\/yoast.com\/product\/yoast-seo-wordpress\/ -->\n<title>INEM 50 a\u00f1os: contexto global | P\u00e1gina10<\/title>\n<meta name=\"robots\" content=\"index, follow, max-snippet:-1, max-image-preview:large, max-video-preview:-1\" \/>\n<link rel=\"canonical\" href=\"https:\/\/pagina10.com\/web\/inem-50-anos-contexto-global\/\" \/>\n<meta property=\"og:locale\" content=\"es_ES\" \/>\n<meta property=\"og:type\" content=\"article\" \/>\n<meta property=\"og:title\" content=\"INEM 50 a\u00f1os: contexto global | P\u00e1gina10\" \/>\n<meta property=\"og:description\" content=\"El presidente Carlos Lleras Restrepo estampaba su r\u00fabrica junto a la del ministro de educaci\u00f3n, Octavio Arismendi Posada; era el decreto 1962 del 20 de noviembre de 1969, en \u00e9l se establece la ense\u00f1anza media diversificada en el pa\u00eds. En consideraci\u00f3n a la necesidad de atender la mayor demanda de educaci\u00f3n media y a la [&hellip;]\" \/>\n<meta property=\"og:url\" content=\"https:\/\/pagina10.com\/web\/inem-50-anos-contexto-global\/\" \/>\n<meta property=\"og:site_name\" content=\"P\u00e1gina10\" \/>\n<meta property=\"article:publisher\" content=\"https:\/\/www.facebook.com\/pag10com\" \/>\n<meta property=\"article:published_time\" content=\"2020-10-28T00:36:13+00:00\" \/>\n<meta property=\"article:modified_time\" content=\"2020-10-28T02:38:53+00:00\" \/>\n<meta property=\"og:image\" content=\"https:\/\/pagina10.com\/web\/wp-content\/uploads\/2020\/10\/inem.jpg\" \/>\n\t<meta property=\"og:image:width\" content=\"1600\" \/>\n\t<meta property=\"og:image:height\" content=\"1200\" \/>\n\t<meta property=\"og:image:type\" content=\"image\/jpeg\" \/>\n<meta name=\"author\" content=\"Anibal Ar\u00e9valo Rosero\" \/>\n<meta name=\"twitter:card\" content=\"summary_large_image\" \/>\n<meta name=\"twitter:creator\" content=\"@Pag10com\" \/>\n<meta name=\"twitter:site\" content=\"@Pag10com\" \/>\n<meta name=\"twitter:label1\" content=\"Escrito por\" \/>\n\t<meta name=\"twitter:data1\" content=\"Anibal Ar\u00e9valo Rosero\" \/>\n\t<meta name=\"twitter:label2\" content=\"Tiempo de lectura\" \/>\n\t<meta name=\"twitter:data2\" content=\"5 minutos\" \/>\n<script type=\"application\/ld+json\" class=\"yoast-schema-graph\">{\"@context\":\"https:\/\/schema.org\",\"@graph\":[{\"@type\":\"Article\",\"@id\":\"https:\/\/pagina10.com\/web\/inem-50-anos-contexto-global\/#article\",\"isPartOf\":{\"@id\":\"https:\/\/pagina10.com\/web\/inem-50-anos-contexto-global\/\"},\"author\":{\"name\":\"Anibal Ar\u00e9valo Rosero\",\"@id\":\"https:\/\/pagina10.com\/web\/#\/schema\/person\/9ec3e2b432363a195d2d01bf820c66fe\"},\"headline\":\"INEM 50 a\u00f1os: contexto global\",\"datePublished\":\"2020-10-28T00:36:13+00:00\",\"dateModified\":\"2020-10-28T02:38:53+00:00\",\"mainEntityOfPage\":{\"@id\":\"https:\/\/pagina10.com\/web\/inem-50-anos-contexto-global\/\"},\"wordCount\":996,\"commentCount\":0,\"publisher\":{\"@id\":\"https:\/\/pagina10.com\/web\/#organization\"},\"image\":{\"@id\":\"https:\/\/pagina10.com\/web\/inem-50-anos-contexto-global\/#primaryimage\"},\"thumbnailUrl\":\"https:\/\/pagina10.com\/web\/wp-content\/uploads\/2020\/10\/inem.jpg\",\"articleSection\":[\"Global\"],\"inLanguage\":\"es\",\"potentialAction\":[{\"@type\":\"CommentAction\",\"name\":\"Comment\",\"target\":[\"https:\/\/pagina10.com\/web\/inem-50-anos-contexto-global\/#respond\"]}]},{\"@type\":\"WebPage\",\"@id\":\"https:\/\/pagina10.com\/web\/inem-50-anos-contexto-global\/\",\"url\":\"https:\/\/pagina10.com\/web\/inem-50-anos-contexto-global\/\",\"name\":\"INEM 50 a\u00f1os: contexto global | P\u00e1gina10\",\"isPartOf\":{\"@id\":\"https:\/\/pagina10.com\/web\/#website\"},\"primaryImageOfPage\":{\"@id\":\"https:\/\/pagina10.com\/web\/inem-50-anos-contexto-global\/#primaryimage\"},\"image\":{\"@id\":\"https:\/\/pagina10.com\/web\/inem-50-anos-contexto-global\/#primaryimage\"},\"thumbnailUrl\":\"https:\/\/pagina10.com\/web\/wp-content\/uploads\/2020\/10\/inem.jpg\",\"datePublished\":\"2020-10-28T00:36:13+00:00\",\"dateModified\":\"2020-10-28T02:38:53+00:00\",\"breadcrumb\":{\"@id\":\"https:\/\/pagina10.com\/web\/inem-50-anos-contexto-global\/#breadcrumb\"},\"inLanguage\":\"es\",\"potentialAction\":[{\"@type\":\"ReadAction\",\"target\":[\"https:\/\/pagina10.com\/web\/inem-50-anos-contexto-global\/\"]}]},{\"@type\":\"ImageObject\",\"inLanguage\":\"es\",\"@id\":\"https:\/\/pagina10.com\/web\/inem-50-anos-contexto-global\/#primaryimage\",\"url\":\"https:\/\/pagina10.com\/web\/wp-content\/uploads\/2020\/10\/inem.jpg\",\"contentUrl\":\"https:\/\/pagina10.com\/web\/wp-content\/uploads\/2020\/10\/inem.jpg\",\"width\":1600,\"height\":1200,\"caption\":\"Este es el momento en el que Luis Delf\u00edn Insuasty Rodr\u00edguez (nari\u00f1ense de Yacuanquer) presenta el proyecto de un moderno sistema de ense\u00f1anza al presidente Carlos Lleras Restrepo en el a\u00f1o de 1968. Es por eso que a Luis Delf\u00edn se lo conoce como el padre de los INEM.\"},{\"@type\":\"BreadcrumbList\",\"@id\":\"https:\/\/pagina10.com\/web\/inem-50-anos-contexto-global\/#breadcrumb\",\"itemListElement\":[{\"@type\":\"ListItem\",\"position\":1,\"name\":\"Portada\",\"item\":\"https:\/\/pagina10.com\/web\/\"},{\"@type\":\"ListItem\",\"position\":2,\"name\":\"INEM 50 a\u00f1os: contexto global\"}]},{\"@type\":\"WebSite\",\"@id\":\"https:\/\/pagina10.com\/web\/#website\",\"url\":\"https:\/\/pagina10.com\/web\/\",\"name\":\"P\u00e1gina10\",\"description\":\"Peri\u00f3dico Regional\",\"publisher\":{\"@id\":\"https:\/\/pagina10.com\/web\/#organization\"},\"alternateName\":\"P\u00e1gina10 Peri\u00f3dico Regional\",\"potentialAction\":[{\"@type\":\"SearchAction\",\"target\":{\"@type\":\"EntryPoint\",\"urlTemplate\":\"https:\/\/pagina10.com\/web\/?s={search_term_string}\"},\"query-input\":{\"@type\":\"PropertyValueSpecification\",\"valueRequired\":true,\"valueName\":\"search_term_string\"}}],\"inLanguage\":\"es\"},{\"@type\":\"Organization\",\"@id\":\"https:\/\/pagina10.com\/web\/#organization\",\"name\":\"P\u00e1gina10\",\"alternateName\":\"P\u00e1gina10 Peri\u00f3dico Regional\",\"url\":\"https:\/\/pagina10.com\/web\/\",\"logo\":{\"@type\":\"ImageObject\",\"inLanguage\":\"es\",\"@id\":\"https:\/\/pagina10.com\/web\/#\/schema\/logo\/image\/\",\"url\":\"https:\/\/pagina10.com\/web\/wp-content\/uploads\/2024\/01\/40-pagina-10-periodico-regional-pasto.jpg\",\"contentUrl\":\"https:\/\/pagina10.com\/web\/wp-content\/uploads\/2024\/01\/40-pagina-10-periodico-regional-pasto.jpg\",\"width\":1280,\"height\":720,\"caption\":\"P\u00e1gina10\"},\"image\":{\"@id\":\"https:\/\/pagina10.com\/web\/#\/schema\/logo\/image\/\"},\"sameAs\":[\"https:\/\/www.facebook.com\/pag10com\",\"https:\/\/x.com\/Pag10com\",\"https:\/\/www.instagram.com\/pagina10col\/\",\"https:\/\/youtube.com\/channel\/pag10\",\"https:\/\/www.tiktok.com\/@p10col\"]},{\"@type\":\"Person\",\"@id\":\"https:\/\/pagina10.com\/web\/#\/schema\/person\/9ec3e2b432363a195d2d01bf820c66fe\",\"name\":\"Anibal Ar\u00e9valo Rosero\",\"description\":\"An\u00edbal Ar\u00e9valo Rosero a trav\u00e9s de su vida ha realizado diversas actividades tendientes a reivindicar al ser humano en su conciencia plena. Durante su vida ha hecho teatro, a escrito poes\u00eda y en sus tiempos de universitario realiz\u00f3 varias publicaciones entre las que se recuerda la revista Quinde. Junto con otros compa\u00f1eros fund\u00f3 el Taller Cultural El Cueche, equipo con el que se hicieron varias publicaciones. De este mismo grupo hay que resaltar que se hizo un trabajo pionero en la difusi\u00f3n de la m\u00fasica andina, latinoamericana y del caribe. Despu\u00e9s de terminar sus estudios de biolog\u00eda en la Universidad de Nari\u00f1o entr\u00f3 a laborar en emisoras de la ciudad de Pasto como en RCN, donde se desempe\u00f1aba como locutor de planta. Dirigi\u00f3 programas en la extinta Ondas del Mayo, en varias oportunidades; tambi\u00e9n en Ecos de Pasto. Fue colaborador de el Noticias RCN y dirigi\u00f3 el programa Simana al D\u00eda, del Sindicato del Magisterio de Nari\u00f1o, en dos \u00e9pocas. En el a\u00f1o de 1992 funda el Comit\u00e9 de Solidaridad con Cuba Jos\u00e9 Mart\u00ed, cuyo objetivo era divulgar la realidad cubana y expresar apoyo moral, pol\u00edtico y material al pa\u00eds caribe\u00f1o. Ante la mala interpretaci\u00f3n que la gente le daba a este tipo de acciones, se decide promover viajes de solidad a Cuba para participar en la Brigada Latinoamericana de Trabajo Voluntario, en el Festival Cuba Vive y, de manera especia,l en el 14 Festival Mundial de la Juventud y los Estudiantes, que se desarroll\u00f3 en la isla en el a\u00f1o de 1997. Con esta experiencia impulsa el turismo al pa\u00eds caribe\u00f1o con el resultado de que miles de personas han participado de las excursiones organizadas por Ar\u00e9valo Rosero. Asimismo ha venido impulsando las Brigadas de Salud en Cuba, tendiente a llevar pacientes de c\u00e1ncer a ese destino con el fin de que reciban atenci\u00f3n m\u00e9dica, teniendo en cuenta que la experiencia cubana en el tema ha sido bastante favorable. Veinte a\u00f1os despu\u00e9s de estas nutritivas experiencias, le permiten impulsar excursiones adem\u00e1s a M\u00e9xico, Machu Picchu, Argentina, Ecuador, Panam\u00e1 y Tierra Santa. En cuanto al desempe\u00f1o period\u00edstico, adem\u00e1s de los medios radiales y de televisi\u00f3n, en los canales de la universidades de Nari\u00f1o y Mariana, se ha desempe\u00f1ado como columnista en Diario del Sur durante 6 a\u00f1os y en algunos medios virtuales. Tambi\u00e9n es colaborador de el Diario del Cauca. Considera que la pr\u00e1ctica de la lectura es beber de la fuente nutricia que permite apropiarse de manera consciente del ejercicio de la democracia; y la posibilidad de escribir y ser le\u00eddo, acceder al poder, por que considera la palabra como el mayor instrumento de acci\u00f3n cuando est\u00e1 bien encamina al leg\u00edtimo servicio social. En la actualidad adem\u00e1s de so\u00f1ar con viajar por el mundo se desempe\u00f1a como docente del departamento de ciencias de Inem Luis Delf\u00edn Insuasty de Pasto. Correo: Esta direcci\u00f3n de correo electr\u00f3nico est\u00e1 protegida contra spambots. Usted necesita tener Javascript activado para poder verla.\\\" target=\\\"_blank\\\" style=\\\"color: #1155cc; text-align: justify; font-family: arial, sans-serif; font-size: 13px; line-height: normal;\\\"&gt;fundacionecosofia@gmail.com\",\"url\":\"https:\/\/pagina10.com\/web\/author\/anibal\/\"}]}<\/script>\n<!-- \/ Yoast SEO plugin. -->","yoast_head_json":{"title":"INEM 50 a\u00f1os: contexto global | P\u00e1gina10","robots":{"index":"index","follow":"follow","max-snippet":"max-snippet:-1","max-image-preview":"max-image-preview:large","max-video-preview":"max-video-preview:-1"},"canonical":"https:\/\/pagina10.com\/web\/inem-50-anos-contexto-global\/","og_locale":"es_ES","og_type":"article","og_title":"INEM 50 a\u00f1os: contexto global | P\u00e1gina10","og_description":"El presidente Carlos Lleras Restrepo estampaba su r\u00fabrica junto a la del ministro de educaci\u00f3n, Octavio Arismendi Posada; era el decreto 1962 del 20 de noviembre de 1969, en \u00e9l se establece la ense\u00f1anza media diversificada en el pa\u00eds. En consideraci\u00f3n a la necesidad de atender la mayor demanda de educaci\u00f3n media y a la [&hellip;]","og_url":"https:\/\/pagina10.com\/web\/inem-50-anos-contexto-global\/","og_site_name":"P\u00e1gina10","article_publisher":"https:\/\/www.facebook.com\/pag10com","article_published_time":"2020-10-28T00:36:13+00:00","article_modified_time":"2020-10-28T02:38:53+00:00","og_image":[{"width":1600,"height":1200,"url":"https:\/\/pagina10.com\/web\/wp-content\/uploads\/2020\/10\/inem.jpg","type":"image\/jpeg"}],"author":"Anibal Ar\u00e9valo Rosero","twitter_card":"summary_large_image","twitter_creator":"@Pag10com","twitter_site":"@Pag10com","twitter_misc":{"Escrito por":"Anibal Ar\u00e9valo Rosero","Tiempo de lectura":"5 minutos"},"schema":{"@context":"https:\/\/schema.org","@graph":[{"@type":"Article","@id":"https:\/\/pagina10.com\/web\/inem-50-anos-contexto-global\/#article","isPartOf":{"@id":"https:\/\/pagina10.com\/web\/inem-50-anos-contexto-global\/"},"author":{"name":"Anibal Ar\u00e9valo Rosero","@id":"https:\/\/pagina10.com\/web\/#\/schema\/person\/9ec3e2b432363a195d2d01bf820c66fe"},"headline":"INEM 50 a\u00f1os: contexto global","datePublished":"2020-10-28T00:36:13+00:00","dateModified":"2020-10-28T02:38:53+00:00","mainEntityOfPage":{"@id":"https:\/\/pagina10.com\/web\/inem-50-anos-contexto-global\/"},"wordCount":996,"commentCount":0,"publisher":{"@id":"https:\/\/pagina10.com\/web\/#organization"},"image":{"@id":"https:\/\/pagina10.com\/web\/inem-50-anos-contexto-global\/#primaryimage"},"thumbnailUrl":"https:\/\/pagina10.com\/web\/wp-content\/uploads\/2020\/10\/inem.jpg","articleSection":["Global"],"inLanguage":"es","potentialAction":[{"@type":"CommentAction","name":"Comment","target":["https:\/\/pagina10.com\/web\/inem-50-anos-contexto-global\/#respond"]}]},{"@type":"WebPage","@id":"https:\/\/pagina10.com\/web\/inem-50-anos-contexto-global\/","url":"https:\/\/pagina10.com\/web\/inem-50-anos-contexto-global\/","name":"INEM 50 a\u00f1os: contexto global | P\u00e1gina10","isPartOf":{"@id":"https:\/\/pagina10.com\/web\/#website"},"primaryImageOfPage":{"@id":"https:\/\/pagina10.com\/web\/inem-50-anos-contexto-global\/#primaryimage"},"image":{"@id":"https:\/\/pagina10.com\/web\/inem-50-anos-contexto-global\/#primaryimage"},"thumbnailUrl":"https:\/\/pagina10.com\/web\/wp-content\/uploads\/2020\/10\/inem.jpg","datePublished":"2020-10-28T00:36:13+00:00","dateModified":"2020-10-28T02:38:53+00:00","breadcrumb":{"@id":"https:\/\/pagina10.com\/web\/inem-50-anos-contexto-global\/#breadcrumb"},"inLanguage":"es","potentialAction":[{"@type":"ReadAction","target":["https:\/\/pagina10.com\/web\/inem-50-anos-contexto-global\/"]}]},{"@type":"ImageObject","inLanguage":"es","@id":"https:\/\/pagina10.com\/web\/inem-50-anos-contexto-global\/#primaryimage","url":"https:\/\/pagina10.com\/web\/wp-content\/uploads\/2020\/10\/inem.jpg","contentUrl":"https:\/\/pagina10.com\/web\/wp-content\/uploads\/2020\/10\/inem.jpg","width":1600,"height":1200,"caption":"Este es el momento en el que Luis Delf\u00edn Insuasty Rodr\u00edguez (nari\u00f1ense de Yacuanquer) presenta el proyecto de un moderno sistema de ense\u00f1anza al presidente Carlos Lleras Restrepo en el a\u00f1o de 1968. Es por eso que a Luis Delf\u00edn se lo conoce como el padre de los INEM."},{"@type":"BreadcrumbList","@id":"https:\/\/pagina10.com\/web\/inem-50-anos-contexto-global\/#breadcrumb","itemListElement":[{"@type":"ListItem","position":1,"name":"Portada","item":"https:\/\/pagina10.com\/web\/"},{"@type":"ListItem","position":2,"name":"INEM 50 a\u00f1os: contexto global"}]},{"@type":"WebSite","@id":"https:\/\/pagina10.com\/web\/#website","url":"https:\/\/pagina10.com\/web\/","name":"P\u00e1gina10","description":"Peri\u00f3dico Regional","publisher":{"@id":"https:\/\/pagina10.com\/web\/#organization"},"alternateName":"P\u00e1gina10 Peri\u00f3dico Regional","potentialAction":[{"@type":"SearchAction","target":{"@type":"EntryPoint","urlTemplate":"https:\/\/pagina10.com\/web\/?s={search_term_string}"},"query-input":{"@type":"PropertyValueSpecification","valueRequired":true,"valueName":"search_term_string"}}],"inLanguage":"es"},{"@type":"Organization","@id":"https:\/\/pagina10.com\/web\/#organization","name":"P\u00e1gina10","alternateName":"P\u00e1gina10 Peri\u00f3dico Regional","url":"https:\/\/pagina10.com\/web\/","logo":{"@type":"ImageObject","inLanguage":"es","@id":"https:\/\/pagina10.com\/web\/#\/schema\/logo\/image\/","url":"https:\/\/pagina10.com\/web\/wp-content\/uploads\/2024\/01\/40-pagina-10-periodico-regional-pasto.jpg","contentUrl":"https:\/\/pagina10.com\/web\/wp-content\/uploads\/2024\/01\/40-pagina-10-periodico-regional-pasto.jpg","width":1280,"height":720,"caption":"P\u00e1gina10"},"image":{"@id":"https:\/\/pagina10.com\/web\/#\/schema\/logo\/image\/"},"sameAs":["https:\/\/www.facebook.com\/pag10com","https:\/\/x.com\/Pag10com","https:\/\/www.instagram.com\/pagina10col\/","https:\/\/youtube.com\/channel\/pag10","https:\/\/www.tiktok.com\/@p10col"]},{"@type":"Person","@id":"https:\/\/pagina10.com\/web\/#\/schema\/person\/9ec3e2b432363a195d2d01bf820c66fe","name":"Anibal Ar\u00e9valo Rosero","description":"An\u00edbal Ar\u00e9valo Rosero a trav\u00e9s de su vida ha realizado diversas actividades tendientes a reivindicar al ser humano en su conciencia plena. Durante su vida ha hecho teatro, a escrito poes\u00eda y en sus tiempos de universitario realiz\u00f3 varias publicaciones entre las que se recuerda la revista Quinde. Junto con otros compa\u00f1eros fund\u00f3 el Taller Cultural El Cueche, equipo con el que se hicieron varias publicaciones. De este mismo grupo hay que resaltar que se hizo un trabajo pionero en la difusi\u00f3n de la m\u00fasica andina, latinoamericana y del caribe. Despu\u00e9s de terminar sus estudios de biolog\u00eda en la Universidad de Nari\u00f1o entr\u00f3 a laborar en emisoras de la ciudad de Pasto como en RCN, donde se desempe\u00f1aba como locutor de planta. Dirigi\u00f3 programas en la extinta Ondas del Mayo, en varias oportunidades; tambi\u00e9n en Ecos de Pasto. Fue colaborador de el Noticias RCN y dirigi\u00f3 el programa Simana al D\u00eda, del Sindicato del Magisterio de Nari\u00f1o, en dos \u00e9pocas. En el a\u00f1o de 1992 funda el Comit\u00e9 de Solidaridad con Cuba Jos\u00e9 Mart\u00ed, cuyo objetivo era divulgar la realidad cubana y expresar apoyo moral, pol\u00edtico y material al pa\u00eds caribe\u00f1o. Ante la mala interpretaci\u00f3n que la gente le daba a este tipo de acciones, se decide promover viajes de solidad a Cuba para participar en la Brigada Latinoamericana de Trabajo Voluntario, en el Festival Cuba Vive y, de manera especia,l en el 14 Festival Mundial de la Juventud y los Estudiantes, que se desarroll\u00f3 en la isla en el a\u00f1o de 1997. Con esta experiencia impulsa el turismo al pa\u00eds caribe\u00f1o con el resultado de que miles de personas han participado de las excursiones organizadas por Ar\u00e9valo Rosero. Asimismo ha venido impulsando las Brigadas de Salud en Cuba, tendiente a llevar pacientes de c\u00e1ncer a ese destino con el fin de que reciban atenci\u00f3n m\u00e9dica, teniendo en cuenta que la experiencia cubana en el tema ha sido bastante favorable. Veinte a\u00f1os despu\u00e9s de estas nutritivas experiencias, le permiten impulsar excursiones adem\u00e1s a M\u00e9xico, Machu Picchu, Argentina, Ecuador, Panam\u00e1 y Tierra Santa. En cuanto al desempe\u00f1o period\u00edstico, adem\u00e1s de los medios radiales y de televisi\u00f3n, en los canales de la universidades de Nari\u00f1o y Mariana, se ha desempe\u00f1ado como columnista en Diario del Sur durante 6 a\u00f1os y en algunos medios virtuales. Tambi\u00e9n es colaborador de el Diario del Cauca. Considera que la pr\u00e1ctica de la lectura es beber de la fuente nutricia que permite apropiarse de manera consciente del ejercicio de la democracia; y la posibilidad de escribir y ser le\u00eddo, acceder al poder, por que considera la palabra como el mayor instrumento de acci\u00f3n cuando est\u00e1 bien encamina al leg\u00edtimo servicio social. En la actualidad adem\u00e1s de so\u00f1ar con viajar por el mundo se desempe\u00f1a como docente del departamento de ciencias de Inem Luis Delf\u00edn Insuasty de Pasto. Correo: Esta direcci\u00f3n de correo electr\u00f3nico est\u00e1 protegida contra spambots. Usted necesita tener Javascript activado para poder verla.\" target=\"_blank\" style=\"color: #1155cc; text-align: justify; font-family: arial, sans-serif; font-size: 13px; line-height: normal;\"&gt;fundacionecosofia@gmail.com","url":"https:\/\/pagina10.com\/web\/author\/anibal\/"}]}},"_links":{"self":[{"href":"https:\/\/pagina10.com\/web\/wp-json\/wp\/v2\/posts\/48051","targetHints":{"allow":["GET"]}}],"collection":[{"href":"https:\/\/pagina10.com\/web\/wp-json\/wp\/v2\/posts"}],"about":[{"href":"https:\/\/pagina10.com\/web\/wp-json\/wp\/v2\/types\/post"}],"author":[{"embeddable":true,"href":"https:\/\/pagina10.com\/web\/wp-json\/wp\/v2\/users\/65"}],"replies":[{"embeddable":true,"href":"https:\/\/pagina10.com\/web\/wp-json\/wp\/v2\/comments?post=48051"}],"version-history":[{"count":2,"href":"https:\/\/pagina10.com\/web\/wp-json\/wp\/v2\/posts\/48051\/revisions"}],"predecessor-version":[{"id":48054,"href":"https:\/\/pagina10.com\/web\/wp-json\/wp\/v2\/posts\/48051\/revisions\/48054"}],"wp:featuredmedia":[{"embeddable":true,"href":"https:\/\/pagina10.com\/web\/wp-json\/wp\/v2\/media\/48052"}],"wp:attachment":[{"href":"https:\/\/pagina10.com\/web\/wp-json\/wp\/v2\/media?parent=48051"}],"wp:term":[{"taxonomy":"category","embeddable":true,"href":"https:\/\/pagina10.com\/web\/wp-json\/wp\/v2\/categories?post=48051"},{"taxonomy":"post_tag","embeddable":true,"href":"https:\/\/pagina10.com\/web\/wp-json\/wp\/v2\/tags?post=48051"}],"curies":[{"name":"wp","href":"https:\/\/api.w.org\/{rel}","templated":true}]}}