{"id":48127,"date":"2020-10-29T23:54:54","date_gmt":"2020-10-29T23:54:54","guid":{"rendered":"https:\/\/pagina10.com\/web\/?p=48127"},"modified":"2020-10-29T23:57:39","modified_gmt":"2020-10-29T23:57:39","slug":"alcaldia-de-pasto-reconocio-labor-humanitaria-a-cooperacion-internacional-en-medio-de-la-pandemia","status":"publish","type":"post","link":"https:\/\/pagina10.com\/web\/alcaldia-de-pasto-reconocio-labor-humanitaria-a-cooperacion-internacional-en-medio-de-la-pandemia\/","title":{"rendered":"Alcald\u00eda de Pasto reconoci\u00f3 labor humanitaria a Cooperaci\u00f3n Internacional en medio de la pandemia"},"content":{"rendered":"<p style=\"text-align: justify;\">En las instalaciones de la Alcald\u00eda de Pasto sede San Andr\u00e9s, se realiz\u00f3 un reconocimiento especial a las agencias de cooperaci\u00f3n internacional que hacen parte del Grupo Interagencial sobre Flujos Migratorios &#8220;GIFMM&#8221;, que trabajan articuladamente con la Administraci\u00f3n Municipal para mitigar los efectos de la problem\u00e1tica migratoria.<\/p>\n<p style=\"text-align: justify;\">El Alcalde de Pasto, German Chamorro de la Rosa, presidi\u00f3 la entrega de las placas para los delegados de cada organizaci\u00f3n y expres\u00f3 su agradecimiento por el apoyo brindado. <em>\u201cUn mensaje de gratitud a la cooperaci\u00f3n internacional, que en los momentos m\u00e1s cr\u00edticos de la pandemia ha venido acompa\u00f1ando de forma comprometida nuestro plan de desarrollo, siempre defendiendo la dignidad de migrantes y personas menos favorecidas en el Municipio de Pasto\u201d,<\/em> expres\u00f3.<\/p>\n<p style=\"text-align: justify;\">El GIFMM tiene como objetivo principal coordinar la respuesta a las necesidades de refugiados, migrantes, retornados colombianos y poblaci\u00f3n de acogida. Gracias a este espacio de articulaci\u00f3n y coordinaci\u00f3n se ha logrado emitir una respuesta operacional conjunta para suplir las necesidades b\u00e1sicas de miles de personas en estado de tr\u00e1nsito o con vocaci\u00f3n de permanencia.<\/p>\n<p style=\"text-align: justify;\">El Secretario de Gobierno, Carlos Bastidas Torres, manifest\u00f3 que la ayuda de los organismos de cooperaci\u00f3n internacional garantiz\u00f3 la adecuada aplicaci\u00f3n del Derecho Internacional Humanitario con esta poblaci\u00f3n. \u201cLa entrega de kits alimentarios para los m\u00e1s pobres, la garant\u00eda de pago de hospedaje, la atenci\u00f3n en primera instancia de los migrantes venezolanos que caminan desde Ipiales y para quienes se cre\u00f3 un punto de atenci\u00f3n en Catambuco, como a muchos a quienes se les ha facilitado el retorno a sus sitios de origen; fueron acciones posibles gracias a estos recursos\u201d, se\u00f1al\u00f3.<\/p>\n<p style=\"text-align: justify;\">Con el aporte de las agencias de cooperaci\u00f3n se beneficiaron m\u00e1s de 1.200 migrantes en tr\u00e1nsito, 4.000 que se encuentran con vocaci\u00f3n de permanencia; se facilit\u00f3 el proceso de atenci\u00f3n y alojamiento temporal de 650 personas y el retorno a su pa\u00eds de 3.000 ciudadanos venezolanos.<\/p>\n<p style=\"text-align: justify;\">El agradecimiento se entreg\u00f3 a: ACNUR, Cruz Roja Colombiana, Acci\u00f3n Contra el Hambre, Aldeas Infantiles SOS, Alianza por la Solidaridad, CICR, FAO, FUPAD, M\u00e9dicos del Mundo, OIM, NRC, ONU Mujeres, OPS\/ONU, Pastoral Social Ipiales, Pastoral Social Pasto, Save The Children, Plan Internacional, SJR Colombia, UNICEF, WFP, World Vision, Heartland Alliance International.<\/p>\n","protected":false},"excerpt":{"rendered":"<p>En las instalaciones de la Alcald\u00eda de Pasto sede San Andr\u00e9s, se realiz\u00f3 un reconocimiento especial a las agencias de cooperaci\u00f3n internacional que hacen parte del Grupo Interagencial sobre Flujos Migratorios &#8220;GIFMM&#8221;, que trabajan articuladamente con la Administraci\u00f3n Municipal para mitigar los efectos de la problem\u00e1tica migratoria. El Alcalde de Pasto, German Chamorro de la [&hellip;]<\/p>\n","protected":false},"author":1,"featured_media":48128,"comment_status":"open","ping_status":"open","sticky":false,"template":"","format":"standard","meta":{"footnotes":""},"categories":[9],"tags":[],"class_list":["post-48127","post","type-post","status-publish","format-standard","has-post-thumbnail","hentry","category-global"],"yoast_head":"<!-- This site is optimized with the Yoast SEO plugin v27.1.1 - https:\/\/yoast.com\/product\/yoast-seo-wordpress\/ -->\n<title>Alcald\u00eda de Pasto reconoci\u00f3 labor humanitaria a Cooperaci\u00f3n Internacional en medio de la pandemia | P\u00e1gina10<\/title>\n<meta name=\"robots\" content=\"index, follow, max-snippet:-1, max-image-preview:large, max-video-preview:-1\" \/>\n<link rel=\"canonical\" href=\"https:\/\/pagina10.com\/web\/alcaldia-de-pasto-reconocio-labor-humanitaria-a-cooperacion-internacional-en-medio-de-la-pandemia\/\" \/>\n<meta property=\"og:locale\" content=\"es_ES\" \/>\n<meta property=\"og:type\" content=\"article\" \/>\n<meta property=\"og:title\" content=\"Alcald\u00eda de Pasto reconoci\u00f3 labor humanitaria a Cooperaci\u00f3n Internacional en medio de la pandemia | P\u00e1gina10\" \/>\n<meta property=\"og:description\" content=\"En las instalaciones de la Alcald\u00eda de Pasto sede San Andr\u00e9s, se realiz\u00f3 un reconocimiento especial a las agencias de cooperaci\u00f3n internacional que hacen parte del Grupo Interagencial sobre Flujos Migratorios &#8220;GIFMM&#8221;, que trabajan articuladamente con la Administraci\u00f3n Municipal para mitigar los efectos de la problem\u00e1tica migratoria. El Alcalde de Pasto, German Chamorro de la [&hellip;]\" \/>\n<meta property=\"og:url\" content=\"https:\/\/pagina10.com\/web\/alcaldia-de-pasto-reconocio-labor-humanitaria-a-cooperacion-internacional-en-medio-de-la-pandemia\/\" \/>\n<meta property=\"og:site_name\" content=\"P\u00e1gina10\" \/>\n<meta property=\"article:publisher\" content=\"https:\/\/www.facebook.com\/pag10com\" \/>\n<meta property=\"article:published_time\" content=\"2020-10-29T23:54:54+00:00\" \/>\n<meta property=\"article:modified_time\" content=\"2020-10-29T23:57:39+00:00\" \/>\n<meta property=\"og:image\" content=\"https:\/\/pagina10.com\/web\/wp-content\/uploads\/2020\/10\/apoyo.jpg\" \/>\n\t<meta property=\"og:image:width\" content=\"1280\" \/>\n\t<meta property=\"og:image:height\" content=\"853\" \/>\n\t<meta property=\"og:image:type\" content=\"image\/jpeg\" \/>\n<meta name=\"author\" content=\"P\u00e1gina 10\" \/>\n<meta name=\"twitter:card\" content=\"summary_large_image\" \/>\n<meta name=\"twitter:creator\" content=\"@Pag10com\" \/>\n<meta name=\"twitter:site\" content=\"@Pag10com\" \/>\n<meta name=\"twitter:label1\" content=\"Escrito por\" \/>\n\t<meta name=\"twitter:data1\" content=\"P\u00e1gina 10\" \/>\n\t<meta name=\"twitter:label2\" content=\"Tiempo de lectura\" \/>\n\t<meta name=\"twitter:data2\" content=\"2 minutos\" \/>\n<script type=\"application\/ld+json\" class=\"yoast-schema-graph\">{\"@context\":\"https:\/\/schema.org\",\"@graph\":[{\"@type\":\"Article\",\"@id\":\"https:\/\/pagina10.com\/web\/alcaldia-de-pasto-reconocio-labor-humanitaria-a-cooperacion-internacional-en-medio-de-la-pandemia\/#article\",\"isPartOf\":{\"@id\":\"https:\/\/pagina10.com\/web\/alcaldia-de-pasto-reconocio-labor-humanitaria-a-cooperacion-internacional-en-medio-de-la-pandemia\/\"},\"author\":{\"name\":\"P\u00e1gina 10\",\"@id\":\"https:\/\/pagina10.com\/web\/#\/schema\/person\/2efc4a090d25b667d3bc796798a3a81b\"},\"headline\":\"Alcald\u00eda de Pasto reconoci\u00f3 labor humanitaria a Cooperaci\u00f3n Internacional en medio de la pandemia\",\"datePublished\":\"2020-10-29T23:54:54+00:00\",\"dateModified\":\"2020-10-29T23:57:39+00:00\",\"mainEntityOfPage\":{\"@id\":\"https:\/\/pagina10.com\/web\/alcaldia-de-pasto-reconocio-labor-humanitaria-a-cooperacion-internacional-en-medio-de-la-pandemia\/\"},\"wordCount\":407,\"commentCount\":0,\"publisher\":{\"@id\":\"https:\/\/pagina10.com\/web\/#organization\"},\"image\":{\"@id\":\"https:\/\/pagina10.com\/web\/alcaldia-de-pasto-reconocio-labor-humanitaria-a-cooperacion-internacional-en-medio-de-la-pandemia\/#primaryimage\"},\"thumbnailUrl\":\"https:\/\/pagina10.com\/web\/wp-content\/uploads\/2020\/10\/apoyo.jpg\",\"articleSection\":[\"Global\"],\"inLanguage\":\"es\",\"potentialAction\":[{\"@type\":\"CommentAction\",\"name\":\"Comment\",\"target\":[\"https:\/\/pagina10.com\/web\/alcaldia-de-pasto-reconocio-labor-humanitaria-a-cooperacion-internacional-en-medio-de-la-pandemia\/#respond\"]}]},{\"@type\":\"WebPage\",\"@id\":\"https:\/\/pagina10.com\/web\/alcaldia-de-pasto-reconocio-labor-humanitaria-a-cooperacion-internacional-en-medio-de-la-pandemia\/\",\"url\":\"https:\/\/pagina10.com\/web\/alcaldia-de-pasto-reconocio-labor-humanitaria-a-cooperacion-internacional-en-medio-de-la-pandemia\/\",\"name\":\"Alcald\u00eda de Pasto reconoci\u00f3 labor humanitaria a Cooperaci\u00f3n Internacional en medio de la pandemia | P\u00e1gina10\",\"isPartOf\":{\"@id\":\"https:\/\/pagina10.com\/web\/#website\"},\"primaryImageOfPage\":{\"@id\":\"https:\/\/pagina10.com\/web\/alcaldia-de-pasto-reconocio-labor-humanitaria-a-cooperacion-internacional-en-medio-de-la-pandemia\/#primaryimage\"},\"image\":{\"@id\":\"https:\/\/pagina10.com\/web\/alcaldia-de-pasto-reconocio-labor-humanitaria-a-cooperacion-internacional-en-medio-de-la-pandemia\/#primaryimage\"},\"thumbnailUrl\":\"https:\/\/pagina10.com\/web\/wp-content\/uploads\/2020\/10\/apoyo.jpg\",\"datePublished\":\"2020-10-29T23:54:54+00:00\",\"dateModified\":\"2020-10-29T23:57:39+00:00\",\"breadcrumb\":{\"@id\":\"https:\/\/pagina10.com\/web\/alcaldia-de-pasto-reconocio-labor-humanitaria-a-cooperacion-internacional-en-medio-de-la-pandemia\/#breadcrumb\"},\"inLanguage\":\"es\",\"potentialAction\":[{\"@type\":\"ReadAction\",\"target\":[\"https:\/\/pagina10.com\/web\/alcaldia-de-pasto-reconocio-labor-humanitaria-a-cooperacion-internacional-en-medio-de-la-pandemia\/\"]}]},{\"@type\":\"ImageObject\",\"inLanguage\":\"es\",\"@id\":\"https:\/\/pagina10.com\/web\/alcaldia-de-pasto-reconocio-labor-humanitaria-a-cooperacion-internacional-en-medio-de-la-pandemia\/#primaryimage\",\"url\":\"https:\/\/pagina10.com\/web\/wp-content\/uploads\/2020\/10\/apoyo.jpg\",\"contentUrl\":\"https:\/\/pagina10.com\/web\/wp-content\/uploads\/2020\/10\/apoyo.jpg\",\"width\":1280,\"height\":853},{\"@type\":\"BreadcrumbList\",\"@id\":\"https:\/\/pagina10.com\/web\/alcaldia-de-pasto-reconocio-labor-humanitaria-a-cooperacion-internacional-en-medio-de-la-pandemia\/#breadcrumb\",\"itemListElement\":[{\"@type\":\"ListItem\",\"position\":1,\"name\":\"Portada\",\"item\":\"https:\/\/pagina10.com\/web\/\"},{\"@type\":\"ListItem\",\"position\":2,\"name\":\"Alcald\u00eda de Pasto reconoci\u00f3 labor humanitaria a Cooperaci\u00f3n Internacional en medio de la pandemia\"}]},{\"@type\":\"WebSite\",\"@id\":\"https:\/\/pagina10.com\/web\/#website\",\"url\":\"https:\/\/pagina10.com\/web\/\",\"name\":\"P\u00e1gina10\",\"description\":\"Peri\u00f3dico Regional\",\"publisher\":{\"@id\":\"https:\/\/pagina10.com\/web\/#organization\"},\"alternateName\":\"P\u00e1gina10 Peri\u00f3dico Regional\",\"potentialAction\":[{\"@type\":\"SearchAction\",\"target\":{\"@type\":\"EntryPoint\",\"urlTemplate\":\"https:\/\/pagina10.com\/web\/?s={search_term_string}\"},\"query-input\":{\"@type\":\"PropertyValueSpecification\",\"valueRequired\":true,\"valueName\":\"search_term_string\"}}],\"inLanguage\":\"es\"},{\"@type\":\"Organization\",\"@id\":\"https:\/\/pagina10.com\/web\/#organization\",\"name\":\"P\u00e1gina10\",\"alternateName\":\"P\u00e1gina10 Peri\u00f3dico Regional\",\"url\":\"https:\/\/pagina10.com\/web\/\",\"logo\":{\"@type\":\"ImageObject\",\"inLanguage\":\"es\",\"@id\":\"https:\/\/pagina10.com\/web\/#\/schema\/logo\/image\/\",\"url\":\"https:\/\/pagina10.com\/web\/wp-content\/uploads\/2024\/01\/40-pagina-10-periodico-regional-pasto.jpg\",\"contentUrl\":\"https:\/\/pagina10.com\/web\/wp-content\/uploads\/2024\/01\/40-pagina-10-periodico-regional-pasto.jpg\",\"width\":1280,\"height\":720,\"caption\":\"P\u00e1gina10\"},\"image\":{\"@id\":\"https:\/\/pagina10.com\/web\/#\/schema\/logo\/image\/\"},\"sameAs\":[\"https:\/\/www.facebook.com\/pag10com\",\"https:\/\/x.com\/Pag10com\",\"https:\/\/www.instagram.com\/pagina10col\/\",\"https:\/\/youtube.com\/channel\/pag10\",\"https:\/\/www.tiktok.com\/@p10col\"]},{\"@type\":\"Person\",\"@id\":\"https:\/\/pagina10.com\/web\/#\/schema\/person\/2efc4a090d25b667d3bc796798a3a81b\",\"name\":\"P\u00e1gina 10\",\"description\":\"P\u00e1gina 10 es un peri\u00f3dico regional que nace en Colombia, en el departamento de Nari\u00f1o, con un enfoque global, fundamentado en cuatro pilares esenciales: la libertad, el pluralismo, la inclusi\u00f3n y la independencia. P\u00e1gina 10 hace referencia a Nari\u00f1o como el d\u00e9cimo departamento creado en Colombia, despu\u00e9s de un proceso pol\u00edtico liderado por actores y actrices regionales con el fin de obtener la independencia y autonom\u00eda de nuestros territorios. Con la creaci\u00f3n de P\u00e1gina 10 se pretende abrir un escenario para el dialogo, la reflexi\u00f3n y el debate que se extienda a otras geograf\u00edas de Am\u00e9rica Latina y del planeta, en una apuesta por transformar colectivamente los desaf\u00edos de un mundo contempor\u00e1neo, m\u00e1s all\u00e1 de las fronteras impuestas.\",\"url\":\"https:\/\/pagina10.com\/web\/author\/pdiezadmin\/\"}]}<\/script>\n<!-- \/ Yoast SEO plugin. -->","yoast_head_json":{"title":"Alcald\u00eda de Pasto reconoci\u00f3 labor humanitaria a Cooperaci\u00f3n Internacional en medio de la pandemia | P\u00e1gina10","robots":{"index":"index","follow":"follow","max-snippet":"max-snippet:-1","max-image-preview":"max-image-preview:large","max-video-preview":"max-video-preview:-1"},"canonical":"https:\/\/pagina10.com\/web\/alcaldia-de-pasto-reconocio-labor-humanitaria-a-cooperacion-internacional-en-medio-de-la-pandemia\/","og_locale":"es_ES","og_type":"article","og_title":"Alcald\u00eda de Pasto reconoci\u00f3 labor humanitaria a Cooperaci\u00f3n Internacional en medio de la pandemia | P\u00e1gina10","og_description":"En las instalaciones de la Alcald\u00eda de Pasto sede San Andr\u00e9s, se realiz\u00f3 un reconocimiento especial a las agencias de cooperaci\u00f3n internacional que hacen parte del Grupo Interagencial sobre Flujos Migratorios &#8220;GIFMM&#8221;, que trabajan articuladamente con la Administraci\u00f3n Municipal para mitigar los efectos de la problem\u00e1tica migratoria. El Alcalde de Pasto, German Chamorro de la [&hellip;]","og_url":"https:\/\/pagina10.com\/web\/alcaldia-de-pasto-reconocio-labor-humanitaria-a-cooperacion-internacional-en-medio-de-la-pandemia\/","og_site_name":"P\u00e1gina10","article_publisher":"https:\/\/www.facebook.com\/pag10com","article_published_time":"2020-10-29T23:54:54+00:00","article_modified_time":"2020-10-29T23:57:39+00:00","og_image":[{"width":1280,"height":853,"url":"https:\/\/pagina10.com\/web\/wp-content\/uploads\/2020\/10\/apoyo.jpg","type":"image\/jpeg"}],"author":"P\u00e1gina 10","twitter_card":"summary_large_image","twitter_creator":"@Pag10com","twitter_site":"@Pag10com","twitter_misc":{"Escrito por":"P\u00e1gina 10","Tiempo de lectura":"2 minutos"},"schema":{"@context":"https:\/\/schema.org","@graph":[{"@type":"Article","@id":"https:\/\/pagina10.com\/web\/alcaldia-de-pasto-reconocio-labor-humanitaria-a-cooperacion-internacional-en-medio-de-la-pandemia\/#article","isPartOf":{"@id":"https:\/\/pagina10.com\/web\/alcaldia-de-pasto-reconocio-labor-humanitaria-a-cooperacion-internacional-en-medio-de-la-pandemia\/"},"author":{"name":"P\u00e1gina 10","@id":"https:\/\/pagina10.com\/web\/#\/schema\/person\/2efc4a090d25b667d3bc796798a3a81b"},"headline":"Alcald\u00eda de Pasto reconoci\u00f3 labor humanitaria a Cooperaci\u00f3n Internacional en medio de la pandemia","datePublished":"2020-10-29T23:54:54+00:00","dateModified":"2020-10-29T23:57:39+00:00","mainEntityOfPage":{"@id":"https:\/\/pagina10.com\/web\/alcaldia-de-pasto-reconocio-labor-humanitaria-a-cooperacion-internacional-en-medio-de-la-pandemia\/"},"wordCount":407,"commentCount":0,"publisher":{"@id":"https:\/\/pagina10.com\/web\/#organization"},"image":{"@id":"https:\/\/pagina10.com\/web\/alcaldia-de-pasto-reconocio-labor-humanitaria-a-cooperacion-internacional-en-medio-de-la-pandemia\/#primaryimage"},"thumbnailUrl":"https:\/\/pagina10.com\/web\/wp-content\/uploads\/2020\/10\/apoyo.jpg","articleSection":["Global"],"inLanguage":"es","potentialAction":[{"@type":"CommentAction","name":"Comment","target":["https:\/\/pagina10.com\/web\/alcaldia-de-pasto-reconocio-labor-humanitaria-a-cooperacion-internacional-en-medio-de-la-pandemia\/#respond"]}]},{"@type":"WebPage","@id":"https:\/\/pagina10.com\/web\/alcaldia-de-pasto-reconocio-labor-humanitaria-a-cooperacion-internacional-en-medio-de-la-pandemia\/","url":"https:\/\/pagina10.com\/web\/alcaldia-de-pasto-reconocio-labor-humanitaria-a-cooperacion-internacional-en-medio-de-la-pandemia\/","name":"Alcald\u00eda de Pasto reconoci\u00f3 labor humanitaria a Cooperaci\u00f3n Internacional en medio de la pandemia | P\u00e1gina10","isPartOf":{"@id":"https:\/\/pagina10.com\/web\/#website"},"primaryImageOfPage":{"@id":"https:\/\/pagina10.com\/web\/alcaldia-de-pasto-reconocio-labor-humanitaria-a-cooperacion-internacional-en-medio-de-la-pandemia\/#primaryimage"},"image":{"@id":"https:\/\/pagina10.com\/web\/alcaldia-de-pasto-reconocio-labor-humanitaria-a-cooperacion-internacional-en-medio-de-la-pandemia\/#primaryimage"},"thumbnailUrl":"https:\/\/pagina10.com\/web\/wp-content\/uploads\/2020\/10\/apoyo.jpg","datePublished":"2020-10-29T23:54:54+00:00","dateModified":"2020-10-29T23:57:39+00:00","breadcrumb":{"@id":"https:\/\/pagina10.com\/web\/alcaldia-de-pasto-reconocio-labor-humanitaria-a-cooperacion-internacional-en-medio-de-la-pandemia\/#breadcrumb"},"inLanguage":"es","potentialAction":[{"@type":"ReadAction","target":["https:\/\/pagina10.com\/web\/alcaldia-de-pasto-reconocio-labor-humanitaria-a-cooperacion-internacional-en-medio-de-la-pandemia\/"]}]},{"@type":"ImageObject","inLanguage":"es","@id":"https:\/\/pagina10.com\/web\/alcaldia-de-pasto-reconocio-labor-humanitaria-a-cooperacion-internacional-en-medio-de-la-pandemia\/#primaryimage","url":"https:\/\/pagina10.com\/web\/wp-content\/uploads\/2020\/10\/apoyo.jpg","contentUrl":"https:\/\/pagina10.com\/web\/wp-content\/uploads\/2020\/10\/apoyo.jpg","width":1280,"height":853},{"@type":"BreadcrumbList","@id":"https:\/\/pagina10.com\/web\/alcaldia-de-pasto-reconocio-labor-humanitaria-a-cooperacion-internacional-en-medio-de-la-pandemia\/#breadcrumb","itemListElement":[{"@type":"ListItem","position":1,"name":"Portada","item":"https:\/\/pagina10.com\/web\/"},{"@type":"ListItem","position":2,"name":"Alcald\u00eda de Pasto reconoci\u00f3 labor humanitaria a Cooperaci\u00f3n Internacional en medio de la pandemia"}]},{"@type":"WebSite","@id":"https:\/\/pagina10.com\/web\/#website","url":"https:\/\/pagina10.com\/web\/","name":"P\u00e1gina10","description":"Peri\u00f3dico Regional","publisher":{"@id":"https:\/\/pagina10.com\/web\/#organization"},"alternateName":"P\u00e1gina10 Peri\u00f3dico Regional","potentialAction":[{"@type":"SearchAction","target":{"@type":"EntryPoint","urlTemplate":"https:\/\/pagina10.com\/web\/?s={search_term_string}"},"query-input":{"@type":"PropertyValueSpecification","valueRequired":true,"valueName":"search_term_string"}}],"inLanguage":"es"},{"@type":"Organization","@id":"https:\/\/pagina10.com\/web\/#organization","name":"P\u00e1gina10","alternateName":"P\u00e1gina10 Peri\u00f3dico Regional","url":"https:\/\/pagina10.com\/web\/","logo":{"@type":"ImageObject","inLanguage":"es","@id":"https:\/\/pagina10.com\/web\/#\/schema\/logo\/image\/","url":"https:\/\/pagina10.com\/web\/wp-content\/uploads\/2024\/01\/40-pagina-10-periodico-regional-pasto.jpg","contentUrl":"https:\/\/pagina10.com\/web\/wp-content\/uploads\/2024\/01\/40-pagina-10-periodico-regional-pasto.jpg","width":1280,"height":720,"caption":"P\u00e1gina10"},"image":{"@id":"https:\/\/pagina10.com\/web\/#\/schema\/logo\/image\/"},"sameAs":["https:\/\/www.facebook.com\/pag10com","https:\/\/x.com\/Pag10com","https:\/\/www.instagram.com\/pagina10col\/","https:\/\/youtube.com\/channel\/pag10","https:\/\/www.tiktok.com\/@p10col"]},{"@type":"Person","@id":"https:\/\/pagina10.com\/web\/#\/schema\/person\/2efc4a090d25b667d3bc796798a3a81b","name":"P\u00e1gina 10","description":"P\u00e1gina 10 es un peri\u00f3dico regional que nace en Colombia, en el departamento de Nari\u00f1o, con un enfoque global, fundamentado en cuatro pilares esenciales: la libertad, el pluralismo, la inclusi\u00f3n y la independencia. P\u00e1gina 10 hace referencia a Nari\u00f1o como el d\u00e9cimo departamento creado en Colombia, despu\u00e9s de un proceso pol\u00edtico liderado por actores y actrices regionales con el fin de obtener la independencia y autonom\u00eda de nuestros territorios. Con la creaci\u00f3n de P\u00e1gina 10 se pretende abrir un escenario para el dialogo, la reflexi\u00f3n y el debate que se extienda a otras geograf\u00edas de Am\u00e9rica Latina y del planeta, en una apuesta por transformar colectivamente los desaf\u00edos de un mundo contempor\u00e1neo, m\u00e1s all\u00e1 de las fronteras impuestas.","url":"https:\/\/pagina10.com\/web\/author\/pdiezadmin\/"}]}},"_links":{"self":[{"href":"https:\/\/pagina10.com\/web\/wp-json\/wp\/v2\/posts\/48127","targetHints":{"allow":["GET"]}}],"collection":[{"href":"https:\/\/pagina10.com\/web\/wp-json\/wp\/v2\/posts"}],"about":[{"href":"https:\/\/pagina10.com\/web\/wp-json\/wp\/v2\/types\/post"}],"author":[{"embeddable":true,"href":"https:\/\/pagina10.com\/web\/wp-json\/wp\/v2\/users\/1"}],"replies":[{"embeddable":true,"href":"https:\/\/pagina10.com\/web\/wp-json\/wp\/v2\/comments?post=48127"}],"version-history":[{"count":3,"href":"https:\/\/pagina10.com\/web\/wp-json\/wp\/v2\/posts\/48127\/revisions"}],"predecessor-version":[{"id":48131,"href":"https:\/\/pagina10.com\/web\/wp-json\/wp\/v2\/posts\/48127\/revisions\/48131"}],"wp:featuredmedia":[{"embeddable":true,"href":"https:\/\/pagina10.com\/web\/wp-json\/wp\/v2\/media\/48128"}],"wp:attachment":[{"href":"https:\/\/pagina10.com\/web\/wp-json\/wp\/v2\/media?parent=48127"}],"wp:term":[{"taxonomy":"category","embeddable":true,"href":"https:\/\/pagina10.com\/web\/wp-json\/wp\/v2\/categories?post=48127"},{"taxonomy":"post_tag","embeddable":true,"href":"https:\/\/pagina10.com\/web\/wp-json\/wp\/v2\/tags?post=48127"}],"curies":[{"name":"wp","href":"https:\/\/api.w.org\/{rel}","templated":true}]}}