{"id":48177,"date":"2020-11-01T01:59:21","date_gmt":"2020-11-01T01:59:21","guid":{"rendered":"https:\/\/pagina10.com\/web\/?p=48177"},"modified":"2020-11-01T01:59:21","modified_gmt":"2020-11-01T01:59:21","slug":"el-refrito-del-caso-colmenares","status":"publish","type":"post","link":"https:\/\/pagina10.com\/web\/el-refrito-del-caso-colmenares\/","title":{"rendered":"El refrito del caso Colmenares"},"content":{"rendered":"<p style=\"text-align: justify;\">Lo \u00fanico que se ha probado cient\u00edfica, t\u00e9cnica y legalmente con relaci\u00f3n a la muerte del joven Luis Colmenares es que fue producto de un lamentable accidente. Objetivamente no hay ninguna otra consideraci\u00f3n. Subjetivamente y por cuenta de gente con pereza para profundizar en la investigaci\u00f3n, los medios facilistas y las redes sociales, se construy\u00f3 un imaginario totalmente interesado, falseado y tendencioso. En contra de la verdad y la justicia.<\/p>\n<p style=\"text-align: justify;\">\n<p style=\"text-align: justify;\">Hasta la saciedad se demostr\u00f3 la manipulaci\u00f3n con testigos falsos por parte del fiscal Gonz\u00e1lez, todos condenados y \u00e9l mismo en graves problemas. En buena parte de los medios era notorio que tomaron partido, adrede o culposamente. Ni que decir de las redes sociales. Todos contribuyeron a construir una de las m\u00e1s grandes Fake News de este pa\u00eds.<\/p>\n<p style=\"text-align: justify;\">\n<p style=\"text-align: justify;\">La mayor\u00eda del p\u00fablico se convirtieron en fan\u00e1ticos cuasi religiosos en contra de tres j\u00f3venes estudiantes hoy a todas luces totalmente inocentes. Pero adem\u00e1s innecesariamente le hicieron un profundo da\u00f1o tambi\u00e9n a su familia (del fallecido) quienes desde un principio era notorio que defend\u00edan un libreto conveniente.\u00a0 La mejor justicia es la verdad, y por ahora no hay otra debidamente probada.<\/p>\n<p style=\"text-align: justify;\">\n<p style=\"text-align: justify;\">A las dos se\u00f1oritas se\u00f1aladas el grueso del p\u00fablico las trataba de asesinas, como en la \u00e9poca de los romanos, solo por ver m\u00e1s sangre en la arena, no importaba de qui\u00e9n fuera. El morbo se alimenta todos los d\u00edas, hasta hoy, 10 a\u00f1os despu\u00e9s persisten despistados y frustrados que a pesar de toda la evidencia no quieren creer en la verdad sino en aquello que quisieran que as\u00ed fuera\u00a0y dise\u00f1aron un veredicto postizo.<\/p>\n<p style=\"text-align: justify;\">\n<p style=\"text-align: justify;\">Obviamente era totalmente improbable que estas dos estudiantes tuvieran algo que ver la muerte de su compa\u00f1ero y amigo. Mucho menos que fueran autoras hasta materiales como as\u00ed lo siguen creyendo y apostando un mont\u00f3n de confundidos o con enormes resentimientos contra un sector de la sociedad.<\/p>\n<p style=\"text-align: justify;\">\n<p style=\"text-align: justify;\">Cada octubre es la misma historia y se revive inoficiosamente el tema. Ahora hasta connotados medios publicaron una supuesta foto que &#8220;cambiar\u00eda&#8221; el caso. Pero no reparan que ese tema se debati\u00f3 con suficiencia en el juicio y la investigaci\u00f3n. La foto es un total refrito. Lo que sorprende es que hasta los medios serios no se dan el trabajo de investigar un poco antes de emitir semejantes conceptos y se\u00f1alamientos.<\/p>\n<p style=\"text-align: justify;\">\n<p style=\"text-align: justify;\">Pero la pelea por el rating gana a la profundidad y seriedad. triunfa la mediocridad y superficialidad para &#8220;vender&#8221; m\u00e1s. El ingenio, la creatividad, y sobre todo la evidencia cient\u00edfica para ciertos &#8220;informadores&#8221; no demuestran es prioridad. Luego nos quejamos de la calidad del periodismo contempor\u00e1neo (no de todo)<\/p>\n<p style=\"text-align: justify;\">\n<p style=\"text-align: justify;\">Me permito recordar que un a\u00f1o antes del veredicto publicamos las conclusiones cient\u00edficas totalmente corroboradas en el dictamen final del juicio, ver aqu\u00ed\u00a0<a href=\"https:\/\/www.las2orillas.co\/colmenares-caso-resuelto-cientificamente\/\" data-saferedirecturl=\"https:\/\/www.google.com\/url?q=https:\/\/www.las2orillas.co\/colmenares-caso-resuelto-cientificamente\/&amp;source=gmail&amp;ust=1604274235671000&amp;usg=AFQjCNHyLlVvz9Le2IaoSVemvDsXmmbVkg\">https:\/\/www.las2orillas.co\/colmenares-caso-resuelto-cientificamente\/<\/a><\/p>\n<p style=\"text-align: justify;\">\n<p style=\"text-align: justify;\">Pero hoy cuando se vuelve el caso un refrito, las publicaciones buscan sin fundamento tratar de torcer o tergiversar el dictamen del juicio y en general atacan o se solazan con el supuesto sufrimiento (de los tres j\u00f3venes injustamente se\u00f1alados), que a\u00fan cargan, por cuenta de una enorme mentira. Solo miremos este par de notas, que la mayor\u00eda son por la misma l\u00ednea: \u201cEl calvario de Jessy Quintero en Espa\u00f1a\u201d. \u201cA Carlos C\u00e1rdenas se le arruin\u00f3 la vida despu\u00e9s de la muerte de Luis Andres Colmenares\u201d. Solo los titulares amargan la vida o le hacen da\u00f1o a unos inocentes.<\/p>\n<p style=\"text-align: justify;\">\n<p style=\"text-align: justify;\">En fin, los fan\u00e1ticos y radicales decepcionados (entre medios y p\u00fablico) se sienten viudos o hu\u00e9rfanos por cuenta del amarillismo que quieren mantener. Muchos medios no pueden seguir siendo tan tendenciosos, porque contribuyen a mantener una herida abierta. Hoy hasta desesperados vuelven a buscar a los familiares Colmenares. Pero gracias tal vez a ese poder de victimizaci\u00f3n lastimero ya eligi\u00f3 nada menos que concejal de Bogot\u00e1 a su hermano menor. Un fen\u00f3meno muy parecido a lo acontecido con el Concejal Lucho. \u00bfSer\u00e1 esto justo y beneficioso para la ciudad entregar ese tipo de premios o compensaciones?<\/p>\n<p style=\"text-align: justify;\">\n<p style=\"text-align: justify;\">Pero esos son los r\u00e9ditos que a\u00fan quieren sacar, quienes a\u00fan hoy una d\u00e9cada despu\u00e9s, no han aceptado una realidad y m\u00e1s que ello la verdad.<\/p>\n<p style=\"text-align: justify;\">\n<p style=\"text-align: justify;\">Apostilla: \u201c\u00a1Triste \u00e9poca la nuestra! Es m\u00e1s f\u00e1cil desintegrar un \u00e1tomo que un prejuicio\u201d. (Albert Einstein)<\/p>\n","protected":false},"excerpt":{"rendered":"<p>Lo \u00fanico que se ha probado cient\u00edfica, t\u00e9cnica y legalmente con relaci\u00f3n a la muerte del joven Luis Colmenares es que fue producto de un lamentable accidente. Objetivamente no hay ninguna otra consideraci\u00f3n. Subjetivamente y por cuenta de gente con pereza para profundizar en la investigaci\u00f3n, los medios facilistas y las redes sociales, se construy\u00f3 [&hellip;]<\/p>\n","protected":false},"author":67,"featured_media":48178,"comment_status":"open","ping_status":"open","sticky":false,"template":"","format":"standard","meta":{"footnotes":""},"categories":[94],"tags":[],"class_list":["post-48177","post","type-post","status-publish","format-standard","has-post-thumbnail","hentry","category-nacional-global-2"],"yoast_head":"<!-- This site is optimized with the Yoast SEO plugin v27.1.1 - https:\/\/yoast.com\/product\/yoast-seo-wordpress\/ -->\n<title>El refrito del caso Colmenares | P\u00e1gina10<\/title>\n<meta name=\"robots\" content=\"index, follow, max-snippet:-1, max-image-preview:large, max-video-preview:-1\" \/>\n<link rel=\"canonical\" href=\"https:\/\/pagina10.com\/web\/el-refrito-del-caso-colmenares\/\" \/>\n<meta property=\"og:locale\" content=\"es_ES\" \/>\n<meta property=\"og:type\" content=\"article\" \/>\n<meta property=\"og:title\" content=\"El refrito del caso Colmenares | P\u00e1gina10\" \/>\n<meta property=\"og:description\" content=\"Lo \u00fanico que se ha probado cient\u00edfica, t\u00e9cnica y legalmente con relaci\u00f3n a la muerte del joven Luis Colmenares es que fue producto de un lamentable accidente. Objetivamente no hay ninguna otra consideraci\u00f3n. Subjetivamente y por cuenta de gente con pereza para profundizar en la investigaci\u00f3n, los medios facilistas y las redes sociales, se construy\u00f3 [&hellip;]\" \/>\n<meta property=\"og:url\" content=\"https:\/\/pagina10.com\/web\/el-refrito-del-caso-colmenares\/\" \/>\n<meta property=\"og:site_name\" content=\"P\u00e1gina10\" \/>\n<meta property=\"article:publisher\" content=\"https:\/\/www.facebook.com\/pag10com\" \/>\n<meta property=\"article:published_time\" content=\"2020-11-01T01:59:21+00:00\" \/>\n<meta property=\"og:image\" content=\"https:\/\/pagina10.com\/web\/wp-content\/uploads\/2020\/11\/Captura-de-Pantalla-2020-10-31-a-las-8.58.33-p.-m..png\" \/>\n\t<meta property=\"og:image:width\" content=\"417\" \/>\n\t<meta property=\"og:image:height\" content=\"231\" \/>\n\t<meta property=\"og:image:type\" content=\"image\/png\" \/>\n<meta name=\"author\" content=\"Fabio Ar\u00e9valo\" \/>\n<meta name=\"twitter:card\" content=\"summary_large_image\" \/>\n<meta name=\"twitter:creator\" content=\"@Pag10com\" \/>\n<meta name=\"twitter:site\" content=\"@Pag10com\" \/>\n<meta name=\"twitter:label1\" content=\"Escrito por\" \/>\n\t<meta name=\"twitter:data1\" content=\"Fabio Ar\u00e9valo\" \/>\n\t<meta name=\"twitter:label2\" content=\"Tiempo de lectura\" \/>\n\t<meta name=\"twitter:data2\" content=\"4 minutos\" \/>\n<script type=\"application\/ld+json\" class=\"yoast-schema-graph\">{\"@context\":\"https:\/\/schema.org\",\"@graph\":[{\"@type\":\"Article\",\"@id\":\"https:\/\/pagina10.com\/web\/el-refrito-del-caso-colmenares\/#article\",\"isPartOf\":{\"@id\":\"https:\/\/pagina10.com\/web\/el-refrito-del-caso-colmenares\/\"},\"author\":{\"name\":\"Fabio Ar\u00e9valo\",\"@id\":\"https:\/\/pagina10.com\/web\/#\/schema\/person\/1ac5abd7c2098da67025a537f88703e2\"},\"headline\":\"El refrito del caso Colmenares\",\"datePublished\":\"2020-11-01T01:59:21+00:00\",\"mainEntityOfPage\":{\"@id\":\"https:\/\/pagina10.com\/web\/el-refrito-del-caso-colmenares\/\"},\"wordCount\":759,\"commentCount\":0,\"publisher\":{\"@id\":\"https:\/\/pagina10.com\/web\/#organization\"},\"image\":{\"@id\":\"https:\/\/pagina10.com\/web\/el-refrito-del-caso-colmenares\/#primaryimage\"},\"thumbnailUrl\":\"https:\/\/pagina10.com\/web\/wp-content\/uploads\/2020\/11\/Captura-de-Pantalla-2020-10-31-a-las-8.58.33-p.-m..png\",\"articleSection\":[\"Nacional\"],\"inLanguage\":\"es\",\"potentialAction\":[{\"@type\":\"CommentAction\",\"name\":\"Comment\",\"target\":[\"https:\/\/pagina10.com\/web\/el-refrito-del-caso-colmenares\/#respond\"]}]},{\"@type\":\"WebPage\",\"@id\":\"https:\/\/pagina10.com\/web\/el-refrito-del-caso-colmenares\/\",\"url\":\"https:\/\/pagina10.com\/web\/el-refrito-del-caso-colmenares\/\",\"name\":\"El refrito del caso Colmenares | P\u00e1gina10\",\"isPartOf\":{\"@id\":\"https:\/\/pagina10.com\/web\/#website\"},\"primaryImageOfPage\":{\"@id\":\"https:\/\/pagina10.com\/web\/el-refrito-del-caso-colmenares\/#primaryimage\"},\"image\":{\"@id\":\"https:\/\/pagina10.com\/web\/el-refrito-del-caso-colmenares\/#primaryimage\"},\"thumbnailUrl\":\"https:\/\/pagina10.com\/web\/wp-content\/uploads\/2020\/11\/Captura-de-Pantalla-2020-10-31-a-las-8.58.33-p.-m..png\",\"datePublished\":\"2020-11-01T01:59:21+00:00\",\"breadcrumb\":{\"@id\":\"https:\/\/pagina10.com\/web\/el-refrito-del-caso-colmenares\/#breadcrumb\"},\"inLanguage\":\"es\",\"potentialAction\":[{\"@type\":\"ReadAction\",\"target\":[\"https:\/\/pagina10.com\/web\/el-refrito-del-caso-colmenares\/\"]}]},{\"@type\":\"ImageObject\",\"inLanguage\":\"es\",\"@id\":\"https:\/\/pagina10.com\/web\/el-refrito-del-caso-colmenares\/#primaryimage\",\"url\":\"https:\/\/pagina10.com\/web\/wp-content\/uploads\/2020\/11\/Captura-de-Pantalla-2020-10-31-a-las-8.58.33-p.-m..png\",\"contentUrl\":\"https:\/\/pagina10.com\/web\/wp-content\/uploads\/2020\/11\/Captura-de-Pantalla-2020-10-31-a-las-8.58.33-p.-m..png\",\"width\":417,\"height\":231},{\"@type\":\"BreadcrumbList\",\"@id\":\"https:\/\/pagina10.com\/web\/el-refrito-del-caso-colmenares\/#breadcrumb\",\"itemListElement\":[{\"@type\":\"ListItem\",\"position\":1,\"name\":\"Portada\",\"item\":\"https:\/\/pagina10.com\/web\/\"},{\"@type\":\"ListItem\",\"position\":2,\"name\":\"El refrito del caso Colmenares\"}]},{\"@type\":\"WebSite\",\"@id\":\"https:\/\/pagina10.com\/web\/#website\",\"url\":\"https:\/\/pagina10.com\/web\/\",\"name\":\"P\u00e1gina10\",\"description\":\"Peri\u00f3dico Regional\",\"publisher\":{\"@id\":\"https:\/\/pagina10.com\/web\/#organization\"},\"alternateName\":\"P\u00e1gina10 Peri\u00f3dico Regional\",\"potentialAction\":[{\"@type\":\"SearchAction\",\"target\":{\"@type\":\"EntryPoint\",\"urlTemplate\":\"https:\/\/pagina10.com\/web\/?s={search_term_string}\"},\"query-input\":{\"@type\":\"PropertyValueSpecification\",\"valueRequired\":true,\"valueName\":\"search_term_string\"}}],\"inLanguage\":\"es\"},{\"@type\":\"Organization\",\"@id\":\"https:\/\/pagina10.com\/web\/#organization\",\"name\":\"P\u00e1gina10\",\"alternateName\":\"P\u00e1gina10 Peri\u00f3dico Regional\",\"url\":\"https:\/\/pagina10.com\/web\/\",\"logo\":{\"@type\":\"ImageObject\",\"inLanguage\":\"es\",\"@id\":\"https:\/\/pagina10.com\/web\/#\/schema\/logo\/image\/\",\"url\":\"https:\/\/pagina10.com\/web\/wp-content\/uploads\/2024\/01\/40-pagina-10-periodico-regional-pasto.jpg\",\"contentUrl\":\"https:\/\/pagina10.com\/web\/wp-content\/uploads\/2024\/01\/40-pagina-10-periodico-regional-pasto.jpg\",\"width\":1280,\"height\":720,\"caption\":\"P\u00e1gina10\"},\"image\":{\"@id\":\"https:\/\/pagina10.com\/web\/#\/schema\/logo\/image\/\"},\"sameAs\":[\"https:\/\/www.facebook.com\/pag10com\",\"https:\/\/x.com\/Pag10com\",\"https:\/\/www.instagram.com\/pagina10col\/\",\"https:\/\/youtube.com\/channel\/pag10\",\"https:\/\/www.tiktok.com\/@p10col\"]},{\"@type\":\"Person\",\"@id\":\"https:\/\/pagina10.com\/web\/#\/schema\/person\/1ac5abd7c2098da67025a537f88703e2\",\"name\":\"Fabio Ar\u00e9valo\",\"description\":\"M\u00e9dico, bioqu\u00edmico, escritor, consultor urbano, educador ciudadano, divulgador cient\u00edfico, innovador social, dise\u00f1ador de ciudades saludables, Campe\u00f3n del mundo atletismo, JMS, Islas Canarias). Docente universitario, investigador en salud p\u00fablica. Candidato a Premio Nacional de Paz 2012. Reconocido como Mejor columnista web, Suroccidente colombiano, 2013, Fundaci\u00f3n Correo del Sur. Presidente Sociedad Colombiana de Ciencias del Deporte. Autor de obras como: \u2018Caf\u00e9 para el alma, lecturas para ser feliz\u2019, \u2018Activarse m\u00e1s, nutrirse bien, vivir mejor\u2019 y \u2018El deporte como fen\u00f3meno social\u2019. L\u00edder y creador del proyecto internacional: \u2018CIUDAD FELIZ, una forma distinta de vivir\u2019. Columnista en Las 2Orillas Twitter: @fabioarevalo\",\"url\":\"https:\/\/pagina10.com\/web\/author\/farevalo\/\"}]}<\/script>\n<!-- \/ Yoast SEO plugin. -->","yoast_head_json":{"title":"El refrito del caso Colmenares | P\u00e1gina10","robots":{"index":"index","follow":"follow","max-snippet":"max-snippet:-1","max-image-preview":"max-image-preview:large","max-video-preview":"max-video-preview:-1"},"canonical":"https:\/\/pagina10.com\/web\/el-refrito-del-caso-colmenares\/","og_locale":"es_ES","og_type":"article","og_title":"El refrito del caso Colmenares | P\u00e1gina10","og_description":"Lo \u00fanico que se ha probado cient\u00edfica, t\u00e9cnica y legalmente con relaci\u00f3n a la muerte del joven Luis Colmenares es que fue producto de un lamentable accidente. Objetivamente no hay ninguna otra consideraci\u00f3n. Subjetivamente y por cuenta de gente con pereza para profundizar en la investigaci\u00f3n, los medios facilistas y las redes sociales, se construy\u00f3 [&hellip;]","og_url":"https:\/\/pagina10.com\/web\/el-refrito-del-caso-colmenares\/","og_site_name":"P\u00e1gina10","article_publisher":"https:\/\/www.facebook.com\/pag10com","article_published_time":"2020-11-01T01:59:21+00:00","og_image":[{"width":417,"height":231,"url":"https:\/\/pagina10.com\/web\/wp-content\/uploads\/2020\/11\/Captura-de-Pantalla-2020-10-31-a-las-8.58.33-p.-m..png","type":"image\/png"}],"author":"Fabio Ar\u00e9valo","twitter_card":"summary_large_image","twitter_creator":"@Pag10com","twitter_site":"@Pag10com","twitter_misc":{"Escrito por":"Fabio Ar\u00e9valo","Tiempo de lectura":"4 minutos"},"schema":{"@context":"https:\/\/schema.org","@graph":[{"@type":"Article","@id":"https:\/\/pagina10.com\/web\/el-refrito-del-caso-colmenares\/#article","isPartOf":{"@id":"https:\/\/pagina10.com\/web\/el-refrito-del-caso-colmenares\/"},"author":{"name":"Fabio Ar\u00e9valo","@id":"https:\/\/pagina10.com\/web\/#\/schema\/person\/1ac5abd7c2098da67025a537f88703e2"},"headline":"El refrito del caso Colmenares","datePublished":"2020-11-01T01:59:21+00:00","mainEntityOfPage":{"@id":"https:\/\/pagina10.com\/web\/el-refrito-del-caso-colmenares\/"},"wordCount":759,"commentCount":0,"publisher":{"@id":"https:\/\/pagina10.com\/web\/#organization"},"image":{"@id":"https:\/\/pagina10.com\/web\/el-refrito-del-caso-colmenares\/#primaryimage"},"thumbnailUrl":"https:\/\/pagina10.com\/web\/wp-content\/uploads\/2020\/11\/Captura-de-Pantalla-2020-10-31-a-las-8.58.33-p.-m..png","articleSection":["Nacional"],"inLanguage":"es","potentialAction":[{"@type":"CommentAction","name":"Comment","target":["https:\/\/pagina10.com\/web\/el-refrito-del-caso-colmenares\/#respond"]}]},{"@type":"WebPage","@id":"https:\/\/pagina10.com\/web\/el-refrito-del-caso-colmenares\/","url":"https:\/\/pagina10.com\/web\/el-refrito-del-caso-colmenares\/","name":"El refrito del caso Colmenares | P\u00e1gina10","isPartOf":{"@id":"https:\/\/pagina10.com\/web\/#website"},"primaryImageOfPage":{"@id":"https:\/\/pagina10.com\/web\/el-refrito-del-caso-colmenares\/#primaryimage"},"image":{"@id":"https:\/\/pagina10.com\/web\/el-refrito-del-caso-colmenares\/#primaryimage"},"thumbnailUrl":"https:\/\/pagina10.com\/web\/wp-content\/uploads\/2020\/11\/Captura-de-Pantalla-2020-10-31-a-las-8.58.33-p.-m..png","datePublished":"2020-11-01T01:59:21+00:00","breadcrumb":{"@id":"https:\/\/pagina10.com\/web\/el-refrito-del-caso-colmenares\/#breadcrumb"},"inLanguage":"es","potentialAction":[{"@type":"ReadAction","target":["https:\/\/pagina10.com\/web\/el-refrito-del-caso-colmenares\/"]}]},{"@type":"ImageObject","inLanguage":"es","@id":"https:\/\/pagina10.com\/web\/el-refrito-del-caso-colmenares\/#primaryimage","url":"https:\/\/pagina10.com\/web\/wp-content\/uploads\/2020\/11\/Captura-de-Pantalla-2020-10-31-a-las-8.58.33-p.-m..png","contentUrl":"https:\/\/pagina10.com\/web\/wp-content\/uploads\/2020\/11\/Captura-de-Pantalla-2020-10-31-a-las-8.58.33-p.-m..png","width":417,"height":231},{"@type":"BreadcrumbList","@id":"https:\/\/pagina10.com\/web\/el-refrito-del-caso-colmenares\/#breadcrumb","itemListElement":[{"@type":"ListItem","position":1,"name":"Portada","item":"https:\/\/pagina10.com\/web\/"},{"@type":"ListItem","position":2,"name":"El refrito del caso Colmenares"}]},{"@type":"WebSite","@id":"https:\/\/pagina10.com\/web\/#website","url":"https:\/\/pagina10.com\/web\/","name":"P\u00e1gina10","description":"Peri\u00f3dico Regional","publisher":{"@id":"https:\/\/pagina10.com\/web\/#organization"},"alternateName":"P\u00e1gina10 Peri\u00f3dico Regional","potentialAction":[{"@type":"SearchAction","target":{"@type":"EntryPoint","urlTemplate":"https:\/\/pagina10.com\/web\/?s={search_term_string}"},"query-input":{"@type":"PropertyValueSpecification","valueRequired":true,"valueName":"search_term_string"}}],"inLanguage":"es"},{"@type":"Organization","@id":"https:\/\/pagina10.com\/web\/#organization","name":"P\u00e1gina10","alternateName":"P\u00e1gina10 Peri\u00f3dico Regional","url":"https:\/\/pagina10.com\/web\/","logo":{"@type":"ImageObject","inLanguage":"es","@id":"https:\/\/pagina10.com\/web\/#\/schema\/logo\/image\/","url":"https:\/\/pagina10.com\/web\/wp-content\/uploads\/2024\/01\/40-pagina-10-periodico-regional-pasto.jpg","contentUrl":"https:\/\/pagina10.com\/web\/wp-content\/uploads\/2024\/01\/40-pagina-10-periodico-regional-pasto.jpg","width":1280,"height":720,"caption":"P\u00e1gina10"},"image":{"@id":"https:\/\/pagina10.com\/web\/#\/schema\/logo\/image\/"},"sameAs":["https:\/\/www.facebook.com\/pag10com","https:\/\/x.com\/Pag10com","https:\/\/www.instagram.com\/pagina10col\/","https:\/\/youtube.com\/channel\/pag10","https:\/\/www.tiktok.com\/@p10col"]},{"@type":"Person","@id":"https:\/\/pagina10.com\/web\/#\/schema\/person\/1ac5abd7c2098da67025a537f88703e2","name":"Fabio Ar\u00e9valo","description":"M\u00e9dico, bioqu\u00edmico, escritor, consultor urbano, educador ciudadano, divulgador cient\u00edfico, innovador social, dise\u00f1ador de ciudades saludables, Campe\u00f3n del mundo atletismo, JMS, Islas Canarias). Docente universitario, investigador en salud p\u00fablica. Candidato a Premio Nacional de Paz 2012. Reconocido como Mejor columnista web, Suroccidente colombiano, 2013, Fundaci\u00f3n Correo del Sur. Presidente Sociedad Colombiana de Ciencias del Deporte. Autor de obras como: \u2018Caf\u00e9 para el alma, lecturas para ser feliz\u2019, \u2018Activarse m\u00e1s, nutrirse bien, vivir mejor\u2019 y \u2018El deporte como fen\u00f3meno social\u2019. L\u00edder y creador del proyecto internacional: \u2018CIUDAD FELIZ, una forma distinta de vivir\u2019. Columnista en Las 2Orillas Twitter: @fabioarevalo","url":"https:\/\/pagina10.com\/web\/author\/farevalo\/"}]}},"_links":{"self":[{"href":"https:\/\/pagina10.com\/web\/wp-json\/wp\/v2\/posts\/48177","targetHints":{"allow":["GET"]}}],"collection":[{"href":"https:\/\/pagina10.com\/web\/wp-json\/wp\/v2\/posts"}],"about":[{"href":"https:\/\/pagina10.com\/web\/wp-json\/wp\/v2\/types\/post"}],"author":[{"embeddable":true,"href":"https:\/\/pagina10.com\/web\/wp-json\/wp\/v2\/users\/67"}],"replies":[{"embeddable":true,"href":"https:\/\/pagina10.com\/web\/wp-json\/wp\/v2\/comments?post=48177"}],"version-history":[{"count":1,"href":"https:\/\/pagina10.com\/web\/wp-json\/wp\/v2\/posts\/48177\/revisions"}],"predecessor-version":[{"id":48179,"href":"https:\/\/pagina10.com\/web\/wp-json\/wp\/v2\/posts\/48177\/revisions\/48179"}],"wp:featuredmedia":[{"embeddable":true,"href":"https:\/\/pagina10.com\/web\/wp-json\/wp\/v2\/media\/48178"}],"wp:attachment":[{"href":"https:\/\/pagina10.com\/web\/wp-json\/wp\/v2\/media?parent=48177"}],"wp:term":[{"taxonomy":"category","embeddable":true,"href":"https:\/\/pagina10.com\/web\/wp-json\/wp\/v2\/categories?post=48177"},{"taxonomy":"post_tag","embeddable":true,"href":"https:\/\/pagina10.com\/web\/wp-json\/wp\/v2\/tags?post=48177"}],"curies":[{"name":"wp","href":"https:\/\/api.w.org\/{rel}","templated":true}]}}