{"id":48217,"date":"2020-11-01T23:41:35","date_gmt":"2020-11-01T23:41:35","guid":{"rendered":"https:\/\/pagina10.com\/web\/?p=48217"},"modified":"2020-11-01T23:41:35","modified_gmt":"2020-11-01T23:41:35","slug":"el-matrimonio-entre-y-con-personas-menores-de-18-anos-vulnera-los-derechos-humanos","status":"publish","type":"post","link":"https:\/\/pagina10.com\/web\/el-matrimonio-entre-y-con-personas-menores-de-18-anos-vulnera-los-derechos-humanos\/","title":{"rendered":"El matrimonio entre y con personas menores de 18 a\u00f1os vulnera los derechos humanos"},"content":{"rendered":"<div style=\"text-align: justify;\">\u00a0La Procuradur\u00eda General de la Naci\u00f3n advirti\u00f3 que el matrimonio entre y con personas menores de 18 a\u00f1os vulnera los derechos humanos de los ni\u00f1os, ni\u00f1as y adolescentes, hace parte de las formas de violencias de g\u00e9nero, contribuye a la deserci\u00f3n escolar, y perpet\u00faa las desigualdades entre hombres y mujeres.<\/div>\n<div style=\"text-align: justify;\"><\/div>\n<div style=\"text-align: justify;\">As\u00ed lo sostuvo el Ministerio P\u00fablico en la audiencia en la que se discuti\u00f3 el Proyecto de Ley 118 de 2020 en la Comisi\u00f3n Primera del Senado, donde hizo un llamado a promover acciones de lucha contra las uniones tempranas por los efectos nocivos en la salud f\u00edsica y mental de los ni\u00f1os y ni\u00f1as y adolescentes, y enfatiz\u00f3 en que la PGN es partidaria de la eliminaci\u00f3n de la facultad otorgada por el legislador a los menores de edad para contraer matrimonio.<\/div>\n<div style=\"text-align: justify;\"><\/div>\n<div style=\"text-align: justify;\">La PGN demand\u00f3 pol\u00edticas p\u00fablicas para que ni\u00f1os, ni\u00f1as y adolescentes aprovechen cada etapa de su edad y puedan formarse en todas sus dimensiones como seres humanos, \u201csin que la carga del matrimonio les afecte su desarrollo\u201d, y advirti\u00f3 que la posibilidad legal del matrimonio de menores de edad con autorizaci\u00f3n de los padres, puede llegar a disfrazar casos de explotaci\u00f3n sexual.<\/div>\n<div style=\"text-align: justify;\"><\/div>\n<div style=\"text-align: justify;\">\u201cLograr eliminar estas normas vulneratorias de derechos humanos en nuestra legislaci\u00f3n no solucionan el problema de ra\u00edz y comprendemos que el ordenamiento jur\u00eddico por s\u00ed mismo no transforma realidades y no por no existir la misma vamos a impedir las uniones tempranas, pero s\u00ed ser\u00eda el inicio de una gran labor que debemos emprender por proteger integralmente a la ni\u00f1ez y la adolescencia en Colombia\u201d, insisti\u00f3 el ente de control.<\/div>\n<div style=\"text-align: justify;\"><\/div>\n<div style=\"text-align: justify;\">Asegur\u00f3 que es deber del Estado proteger a la infancia y adolescencia de \u201cuna pr\u00e1ctica que pone en juego los proyectos de vida y que esconde muchas vulneraciones de los derechos humanos\u201d.<\/div>\n<div style=\"text-align: justify;\"><\/div>\n<div style=\"text-align: justify;\">La PGN acompa\u00f1ar\u00e1 el tr\u00e1mite legislativo del proyecto que el Procurador Fernando Carrillo Fl\u00f3rez suscribi\u00f3 el pasado 20 de julio y que fue radicado por el senador Honorio Henr\u00edquez, y har\u00e1 vigilancia a la implementaci\u00f3n de las pol\u00edticas que deben establecer el Gobierno nacional y las administraciones territoriales para erradicar esta pr\u00e1ctica.<\/div>\n<div style=\"text-align: justify;\"><\/div>\n<div style=\"text-align: justify;\">El pasado 10 de septiembre la Procuradur\u00eda lider\u00f3 el conversatorio: \u201cEl deber de proteger a la ni\u00f1ez de los matrimonios y uniones tempranas\u201d, el cual llam\u00f3 a congresistas, sociedad civil, academia, al ICBF (Instituto Colombiano de Bienestar Familiar), los ministerios de Educaci\u00f3n y de Salud y Protecci\u00f3n Social, la Consejer\u00eda Presidencial para la Ni\u00f1ez y Adolescencia y organismos de cooperaci\u00f3n internacional como UNICEF y ONU Mujeres, a fortalecer las acciones de protecci\u00f3n hacia la infancia y la adolescencia.<\/div>\n","protected":false},"excerpt":{"rendered":"<p>\u00a0La Procuradur\u00eda General de la Naci\u00f3n advirti\u00f3 que el matrimonio entre y con personas menores de 18 a\u00f1os vulnera los derechos humanos de los ni\u00f1os, ni\u00f1as y adolescentes, hace parte de las formas de violencias de g\u00e9nero, contribuye a la deserci\u00f3n escolar, y perpet\u00faa las desigualdades entre hombres y mujeres. As\u00ed lo sostuvo el Ministerio [&hellip;]<\/p>\n","protected":false},"author":1,"featured_media":48218,"comment_status":"open","ping_status":"open","sticky":false,"template":"","format":"standard","meta":{"footnotes":""},"categories":[9],"tags":[],"class_list":["post-48217","post","type-post","status-publish","format-standard","has-post-thumbnail","hentry","category-global"],"yoast_head":"<!-- This site is optimized with the Yoast SEO plugin v27.1.1 - https:\/\/yoast.com\/product\/yoast-seo-wordpress\/ -->\n<title>El matrimonio entre y con personas menores de 18 a\u00f1os vulnera los derechos humanos | P\u00e1gina10<\/title>\n<meta name=\"robots\" content=\"index, follow, max-snippet:-1, max-image-preview:large, max-video-preview:-1\" \/>\n<link rel=\"canonical\" href=\"https:\/\/pagina10.com\/web\/el-matrimonio-entre-y-con-personas-menores-de-18-anos-vulnera-los-derechos-humanos\/\" \/>\n<meta property=\"og:locale\" content=\"es_ES\" \/>\n<meta property=\"og:type\" content=\"article\" \/>\n<meta property=\"og:title\" content=\"El matrimonio entre y con personas menores de 18 a\u00f1os vulnera los derechos humanos | P\u00e1gina10\" \/>\n<meta property=\"og:description\" content=\"\u00a0La Procuradur\u00eda General de la Naci\u00f3n advirti\u00f3 que el matrimonio entre y con personas menores de 18 a\u00f1os vulnera los derechos humanos de los ni\u00f1os, ni\u00f1as y adolescentes, hace parte de las formas de violencias de g\u00e9nero, contribuye a la deserci\u00f3n escolar, y perpet\u00faa las desigualdades entre hombres y mujeres. As\u00ed lo sostuvo el Ministerio [&hellip;]\" \/>\n<meta property=\"og:url\" content=\"https:\/\/pagina10.com\/web\/el-matrimonio-entre-y-con-personas-menores-de-18-anos-vulnera-los-derechos-humanos\/\" \/>\n<meta property=\"og:site_name\" content=\"P\u00e1gina10\" \/>\n<meta property=\"article:publisher\" content=\"https:\/\/www.facebook.com\/pag10com\" \/>\n<meta property=\"article:published_time\" content=\"2020-11-01T23:41:35+00:00\" \/>\n<meta property=\"og:image\" content=\"https:\/\/pagina10.com\/web\/wp-content\/uploads\/2020\/11\/Captura-de-Pantalla-2020-11-01-a-las-6.41.02-p.-m..png\" \/>\n\t<meta property=\"og:image:width\" content=\"571\" \/>\n\t<meta property=\"og:image:height\" content=\"323\" \/>\n\t<meta property=\"og:image:type\" content=\"image\/png\" \/>\n<meta name=\"author\" content=\"P\u00e1gina 10\" \/>\n<meta name=\"twitter:card\" content=\"summary_large_image\" \/>\n<meta name=\"twitter:creator\" content=\"@Pag10com\" \/>\n<meta name=\"twitter:site\" content=\"@Pag10com\" \/>\n<meta name=\"twitter:label1\" content=\"Escrito por\" \/>\n\t<meta name=\"twitter:data1\" content=\"P\u00e1gina 10\" \/>\n\t<meta name=\"twitter:label2\" content=\"Tiempo de lectura\" \/>\n\t<meta name=\"twitter:data2\" content=\"2 minutos\" \/>\n<script type=\"application\/ld+json\" class=\"yoast-schema-graph\">{\"@context\":\"https:\/\/schema.org\",\"@graph\":[{\"@type\":\"Article\",\"@id\":\"https:\/\/pagina10.com\/web\/el-matrimonio-entre-y-con-personas-menores-de-18-anos-vulnera-los-derechos-humanos\/#article\",\"isPartOf\":{\"@id\":\"https:\/\/pagina10.com\/web\/el-matrimonio-entre-y-con-personas-menores-de-18-anos-vulnera-los-derechos-humanos\/\"},\"author\":{\"name\":\"P\u00e1gina 10\",\"@id\":\"https:\/\/pagina10.com\/web\/#\/schema\/person\/2efc4a090d25b667d3bc796798a3a81b\"},\"headline\":\"El matrimonio entre y con personas menores de 18 a\u00f1os vulnera los derechos humanos\",\"datePublished\":\"2020-11-01T23:41:35+00:00\",\"mainEntityOfPage\":{\"@id\":\"https:\/\/pagina10.com\/web\/el-matrimonio-entre-y-con-personas-menores-de-18-anos-vulnera-los-derechos-humanos\/\"},\"wordCount\":477,\"commentCount\":0,\"publisher\":{\"@id\":\"https:\/\/pagina10.com\/web\/#organization\"},\"image\":{\"@id\":\"https:\/\/pagina10.com\/web\/el-matrimonio-entre-y-con-personas-menores-de-18-anos-vulnera-los-derechos-humanos\/#primaryimage\"},\"thumbnailUrl\":\"https:\/\/pagina10.com\/web\/wp-content\/uploads\/2020\/11\/Captura-de-Pantalla-2020-11-01-a-las-6.41.02-p.-m..png\",\"articleSection\":[\"Global\"],\"inLanguage\":\"es\",\"potentialAction\":[{\"@type\":\"CommentAction\",\"name\":\"Comment\",\"target\":[\"https:\/\/pagina10.com\/web\/el-matrimonio-entre-y-con-personas-menores-de-18-anos-vulnera-los-derechos-humanos\/#respond\"]}]},{\"@type\":\"WebPage\",\"@id\":\"https:\/\/pagina10.com\/web\/el-matrimonio-entre-y-con-personas-menores-de-18-anos-vulnera-los-derechos-humanos\/\",\"url\":\"https:\/\/pagina10.com\/web\/el-matrimonio-entre-y-con-personas-menores-de-18-anos-vulnera-los-derechos-humanos\/\",\"name\":\"El matrimonio entre y con personas menores de 18 a\u00f1os vulnera los derechos humanos | P\u00e1gina10\",\"isPartOf\":{\"@id\":\"https:\/\/pagina10.com\/web\/#website\"},\"primaryImageOfPage\":{\"@id\":\"https:\/\/pagina10.com\/web\/el-matrimonio-entre-y-con-personas-menores-de-18-anos-vulnera-los-derechos-humanos\/#primaryimage\"},\"image\":{\"@id\":\"https:\/\/pagina10.com\/web\/el-matrimonio-entre-y-con-personas-menores-de-18-anos-vulnera-los-derechos-humanos\/#primaryimage\"},\"thumbnailUrl\":\"https:\/\/pagina10.com\/web\/wp-content\/uploads\/2020\/11\/Captura-de-Pantalla-2020-11-01-a-las-6.41.02-p.-m..png\",\"datePublished\":\"2020-11-01T23:41:35+00:00\",\"breadcrumb\":{\"@id\":\"https:\/\/pagina10.com\/web\/el-matrimonio-entre-y-con-personas-menores-de-18-anos-vulnera-los-derechos-humanos\/#breadcrumb\"},\"inLanguage\":\"es\",\"potentialAction\":[{\"@type\":\"ReadAction\",\"target\":[\"https:\/\/pagina10.com\/web\/el-matrimonio-entre-y-con-personas-menores-de-18-anos-vulnera-los-derechos-humanos\/\"]}]},{\"@type\":\"ImageObject\",\"inLanguage\":\"es\",\"@id\":\"https:\/\/pagina10.com\/web\/el-matrimonio-entre-y-con-personas-menores-de-18-anos-vulnera-los-derechos-humanos\/#primaryimage\",\"url\":\"https:\/\/pagina10.com\/web\/wp-content\/uploads\/2020\/11\/Captura-de-Pantalla-2020-11-01-a-las-6.41.02-p.-m..png\",\"contentUrl\":\"https:\/\/pagina10.com\/web\/wp-content\/uploads\/2020\/11\/Captura-de-Pantalla-2020-11-01-a-las-6.41.02-p.-m..png\",\"width\":571,\"height\":323},{\"@type\":\"BreadcrumbList\",\"@id\":\"https:\/\/pagina10.com\/web\/el-matrimonio-entre-y-con-personas-menores-de-18-anos-vulnera-los-derechos-humanos\/#breadcrumb\",\"itemListElement\":[{\"@type\":\"ListItem\",\"position\":1,\"name\":\"Portada\",\"item\":\"https:\/\/pagina10.com\/web\/\"},{\"@type\":\"ListItem\",\"position\":2,\"name\":\"El matrimonio entre y con personas menores de 18 a\u00f1os vulnera los derechos humanos\"}]},{\"@type\":\"WebSite\",\"@id\":\"https:\/\/pagina10.com\/web\/#website\",\"url\":\"https:\/\/pagina10.com\/web\/\",\"name\":\"P\u00e1gina10\",\"description\":\"Peri\u00f3dico Regional\",\"publisher\":{\"@id\":\"https:\/\/pagina10.com\/web\/#organization\"},\"alternateName\":\"P\u00e1gina10 Peri\u00f3dico Regional\",\"potentialAction\":[{\"@type\":\"SearchAction\",\"target\":{\"@type\":\"EntryPoint\",\"urlTemplate\":\"https:\/\/pagina10.com\/web\/?s={search_term_string}\"},\"query-input\":{\"@type\":\"PropertyValueSpecification\",\"valueRequired\":true,\"valueName\":\"search_term_string\"}}],\"inLanguage\":\"es\"},{\"@type\":\"Organization\",\"@id\":\"https:\/\/pagina10.com\/web\/#organization\",\"name\":\"P\u00e1gina10\",\"alternateName\":\"P\u00e1gina10 Peri\u00f3dico Regional\",\"url\":\"https:\/\/pagina10.com\/web\/\",\"logo\":{\"@type\":\"ImageObject\",\"inLanguage\":\"es\",\"@id\":\"https:\/\/pagina10.com\/web\/#\/schema\/logo\/image\/\",\"url\":\"https:\/\/pagina10.com\/web\/wp-content\/uploads\/2024\/01\/40-pagina-10-periodico-regional-pasto.jpg\",\"contentUrl\":\"https:\/\/pagina10.com\/web\/wp-content\/uploads\/2024\/01\/40-pagina-10-periodico-regional-pasto.jpg\",\"width\":1280,\"height\":720,\"caption\":\"P\u00e1gina10\"},\"image\":{\"@id\":\"https:\/\/pagina10.com\/web\/#\/schema\/logo\/image\/\"},\"sameAs\":[\"https:\/\/www.facebook.com\/pag10com\",\"https:\/\/x.com\/Pag10com\",\"https:\/\/www.instagram.com\/pagina10col\/\",\"https:\/\/youtube.com\/channel\/pag10\",\"https:\/\/www.tiktok.com\/@p10col\"]},{\"@type\":\"Person\",\"@id\":\"https:\/\/pagina10.com\/web\/#\/schema\/person\/2efc4a090d25b667d3bc796798a3a81b\",\"name\":\"P\u00e1gina 10\",\"description\":\"P\u00e1gina 10 es un peri\u00f3dico regional que nace en Colombia, en el departamento de Nari\u00f1o, con un enfoque global, fundamentado en cuatro pilares esenciales: la libertad, el pluralismo, la inclusi\u00f3n y la independencia. P\u00e1gina 10 hace referencia a Nari\u00f1o como el d\u00e9cimo departamento creado en Colombia, despu\u00e9s de un proceso pol\u00edtico liderado por actores y actrices regionales con el fin de obtener la independencia y autonom\u00eda de nuestros territorios. Con la creaci\u00f3n de P\u00e1gina 10 se pretende abrir un escenario para el dialogo, la reflexi\u00f3n y el debate que se extienda a otras geograf\u00edas de Am\u00e9rica Latina y del planeta, en una apuesta por transformar colectivamente los desaf\u00edos de un mundo contempor\u00e1neo, m\u00e1s all\u00e1 de las fronteras impuestas.\",\"url\":\"https:\/\/pagina10.com\/web\/author\/pdiezadmin\/\"}]}<\/script>\n<!-- \/ Yoast SEO plugin. -->","yoast_head_json":{"title":"El matrimonio entre y con personas menores de 18 a\u00f1os vulnera los derechos humanos | P\u00e1gina10","robots":{"index":"index","follow":"follow","max-snippet":"max-snippet:-1","max-image-preview":"max-image-preview:large","max-video-preview":"max-video-preview:-1"},"canonical":"https:\/\/pagina10.com\/web\/el-matrimonio-entre-y-con-personas-menores-de-18-anos-vulnera-los-derechos-humanos\/","og_locale":"es_ES","og_type":"article","og_title":"El matrimonio entre y con personas menores de 18 a\u00f1os vulnera los derechos humanos | P\u00e1gina10","og_description":"\u00a0La Procuradur\u00eda General de la Naci\u00f3n advirti\u00f3 que el matrimonio entre y con personas menores de 18 a\u00f1os vulnera los derechos humanos de los ni\u00f1os, ni\u00f1as y adolescentes, hace parte de las formas de violencias de g\u00e9nero, contribuye a la deserci\u00f3n escolar, y perpet\u00faa las desigualdades entre hombres y mujeres. As\u00ed lo sostuvo el Ministerio [&hellip;]","og_url":"https:\/\/pagina10.com\/web\/el-matrimonio-entre-y-con-personas-menores-de-18-anos-vulnera-los-derechos-humanos\/","og_site_name":"P\u00e1gina10","article_publisher":"https:\/\/www.facebook.com\/pag10com","article_published_time":"2020-11-01T23:41:35+00:00","og_image":[{"width":571,"height":323,"url":"https:\/\/pagina10.com\/web\/wp-content\/uploads\/2020\/11\/Captura-de-Pantalla-2020-11-01-a-las-6.41.02-p.-m..png","type":"image\/png"}],"author":"P\u00e1gina 10","twitter_card":"summary_large_image","twitter_creator":"@Pag10com","twitter_site":"@Pag10com","twitter_misc":{"Escrito por":"P\u00e1gina 10","Tiempo de lectura":"2 minutos"},"schema":{"@context":"https:\/\/schema.org","@graph":[{"@type":"Article","@id":"https:\/\/pagina10.com\/web\/el-matrimonio-entre-y-con-personas-menores-de-18-anos-vulnera-los-derechos-humanos\/#article","isPartOf":{"@id":"https:\/\/pagina10.com\/web\/el-matrimonio-entre-y-con-personas-menores-de-18-anos-vulnera-los-derechos-humanos\/"},"author":{"name":"P\u00e1gina 10","@id":"https:\/\/pagina10.com\/web\/#\/schema\/person\/2efc4a090d25b667d3bc796798a3a81b"},"headline":"El matrimonio entre y con personas menores de 18 a\u00f1os vulnera los derechos humanos","datePublished":"2020-11-01T23:41:35+00:00","mainEntityOfPage":{"@id":"https:\/\/pagina10.com\/web\/el-matrimonio-entre-y-con-personas-menores-de-18-anos-vulnera-los-derechos-humanos\/"},"wordCount":477,"commentCount":0,"publisher":{"@id":"https:\/\/pagina10.com\/web\/#organization"},"image":{"@id":"https:\/\/pagina10.com\/web\/el-matrimonio-entre-y-con-personas-menores-de-18-anos-vulnera-los-derechos-humanos\/#primaryimage"},"thumbnailUrl":"https:\/\/pagina10.com\/web\/wp-content\/uploads\/2020\/11\/Captura-de-Pantalla-2020-11-01-a-las-6.41.02-p.-m..png","articleSection":["Global"],"inLanguage":"es","potentialAction":[{"@type":"CommentAction","name":"Comment","target":["https:\/\/pagina10.com\/web\/el-matrimonio-entre-y-con-personas-menores-de-18-anos-vulnera-los-derechos-humanos\/#respond"]}]},{"@type":"WebPage","@id":"https:\/\/pagina10.com\/web\/el-matrimonio-entre-y-con-personas-menores-de-18-anos-vulnera-los-derechos-humanos\/","url":"https:\/\/pagina10.com\/web\/el-matrimonio-entre-y-con-personas-menores-de-18-anos-vulnera-los-derechos-humanos\/","name":"El matrimonio entre y con personas menores de 18 a\u00f1os vulnera los derechos humanos | P\u00e1gina10","isPartOf":{"@id":"https:\/\/pagina10.com\/web\/#website"},"primaryImageOfPage":{"@id":"https:\/\/pagina10.com\/web\/el-matrimonio-entre-y-con-personas-menores-de-18-anos-vulnera-los-derechos-humanos\/#primaryimage"},"image":{"@id":"https:\/\/pagina10.com\/web\/el-matrimonio-entre-y-con-personas-menores-de-18-anos-vulnera-los-derechos-humanos\/#primaryimage"},"thumbnailUrl":"https:\/\/pagina10.com\/web\/wp-content\/uploads\/2020\/11\/Captura-de-Pantalla-2020-11-01-a-las-6.41.02-p.-m..png","datePublished":"2020-11-01T23:41:35+00:00","breadcrumb":{"@id":"https:\/\/pagina10.com\/web\/el-matrimonio-entre-y-con-personas-menores-de-18-anos-vulnera-los-derechos-humanos\/#breadcrumb"},"inLanguage":"es","potentialAction":[{"@type":"ReadAction","target":["https:\/\/pagina10.com\/web\/el-matrimonio-entre-y-con-personas-menores-de-18-anos-vulnera-los-derechos-humanos\/"]}]},{"@type":"ImageObject","inLanguage":"es","@id":"https:\/\/pagina10.com\/web\/el-matrimonio-entre-y-con-personas-menores-de-18-anos-vulnera-los-derechos-humanos\/#primaryimage","url":"https:\/\/pagina10.com\/web\/wp-content\/uploads\/2020\/11\/Captura-de-Pantalla-2020-11-01-a-las-6.41.02-p.-m..png","contentUrl":"https:\/\/pagina10.com\/web\/wp-content\/uploads\/2020\/11\/Captura-de-Pantalla-2020-11-01-a-las-6.41.02-p.-m..png","width":571,"height":323},{"@type":"BreadcrumbList","@id":"https:\/\/pagina10.com\/web\/el-matrimonio-entre-y-con-personas-menores-de-18-anos-vulnera-los-derechos-humanos\/#breadcrumb","itemListElement":[{"@type":"ListItem","position":1,"name":"Portada","item":"https:\/\/pagina10.com\/web\/"},{"@type":"ListItem","position":2,"name":"El matrimonio entre y con personas menores de 18 a\u00f1os vulnera los derechos humanos"}]},{"@type":"WebSite","@id":"https:\/\/pagina10.com\/web\/#website","url":"https:\/\/pagina10.com\/web\/","name":"P\u00e1gina10","description":"Peri\u00f3dico Regional","publisher":{"@id":"https:\/\/pagina10.com\/web\/#organization"},"alternateName":"P\u00e1gina10 Peri\u00f3dico Regional","potentialAction":[{"@type":"SearchAction","target":{"@type":"EntryPoint","urlTemplate":"https:\/\/pagina10.com\/web\/?s={search_term_string}"},"query-input":{"@type":"PropertyValueSpecification","valueRequired":true,"valueName":"search_term_string"}}],"inLanguage":"es"},{"@type":"Organization","@id":"https:\/\/pagina10.com\/web\/#organization","name":"P\u00e1gina10","alternateName":"P\u00e1gina10 Peri\u00f3dico Regional","url":"https:\/\/pagina10.com\/web\/","logo":{"@type":"ImageObject","inLanguage":"es","@id":"https:\/\/pagina10.com\/web\/#\/schema\/logo\/image\/","url":"https:\/\/pagina10.com\/web\/wp-content\/uploads\/2024\/01\/40-pagina-10-periodico-regional-pasto.jpg","contentUrl":"https:\/\/pagina10.com\/web\/wp-content\/uploads\/2024\/01\/40-pagina-10-periodico-regional-pasto.jpg","width":1280,"height":720,"caption":"P\u00e1gina10"},"image":{"@id":"https:\/\/pagina10.com\/web\/#\/schema\/logo\/image\/"},"sameAs":["https:\/\/www.facebook.com\/pag10com","https:\/\/x.com\/Pag10com","https:\/\/www.instagram.com\/pagina10col\/","https:\/\/youtube.com\/channel\/pag10","https:\/\/www.tiktok.com\/@p10col"]},{"@type":"Person","@id":"https:\/\/pagina10.com\/web\/#\/schema\/person\/2efc4a090d25b667d3bc796798a3a81b","name":"P\u00e1gina 10","description":"P\u00e1gina 10 es un peri\u00f3dico regional que nace en Colombia, en el departamento de Nari\u00f1o, con un enfoque global, fundamentado en cuatro pilares esenciales: la libertad, el pluralismo, la inclusi\u00f3n y la independencia. P\u00e1gina 10 hace referencia a Nari\u00f1o como el d\u00e9cimo departamento creado en Colombia, despu\u00e9s de un proceso pol\u00edtico liderado por actores y actrices regionales con el fin de obtener la independencia y autonom\u00eda de nuestros territorios. Con la creaci\u00f3n de P\u00e1gina 10 se pretende abrir un escenario para el dialogo, la reflexi\u00f3n y el debate que se extienda a otras geograf\u00edas de Am\u00e9rica Latina y del planeta, en una apuesta por transformar colectivamente los desaf\u00edos de un mundo contempor\u00e1neo, m\u00e1s all\u00e1 de las fronteras impuestas.","url":"https:\/\/pagina10.com\/web\/author\/pdiezadmin\/"}]}},"_links":{"self":[{"href":"https:\/\/pagina10.com\/web\/wp-json\/wp\/v2\/posts\/48217","targetHints":{"allow":["GET"]}}],"collection":[{"href":"https:\/\/pagina10.com\/web\/wp-json\/wp\/v2\/posts"}],"about":[{"href":"https:\/\/pagina10.com\/web\/wp-json\/wp\/v2\/types\/post"}],"author":[{"embeddable":true,"href":"https:\/\/pagina10.com\/web\/wp-json\/wp\/v2\/users\/1"}],"replies":[{"embeddable":true,"href":"https:\/\/pagina10.com\/web\/wp-json\/wp\/v2\/comments?post=48217"}],"version-history":[{"count":1,"href":"https:\/\/pagina10.com\/web\/wp-json\/wp\/v2\/posts\/48217\/revisions"}],"predecessor-version":[{"id":48219,"href":"https:\/\/pagina10.com\/web\/wp-json\/wp\/v2\/posts\/48217\/revisions\/48219"}],"wp:featuredmedia":[{"embeddable":true,"href":"https:\/\/pagina10.com\/web\/wp-json\/wp\/v2\/media\/48218"}],"wp:attachment":[{"href":"https:\/\/pagina10.com\/web\/wp-json\/wp\/v2\/media?parent=48217"}],"wp:term":[{"taxonomy":"category","embeddable":true,"href":"https:\/\/pagina10.com\/web\/wp-json\/wp\/v2\/categories?post=48217"},{"taxonomy":"post_tag","embeddable":true,"href":"https:\/\/pagina10.com\/web\/wp-json\/wp\/v2\/tags?post=48217"}],"curies":[{"name":"wp","href":"https:\/\/api.w.org\/{rel}","templated":true}]}}