{"id":48226,"date":"2020-11-02T14:24:52","date_gmt":"2020-11-02T14:24:52","guid":{"rendered":"https:\/\/pagina10.com\/web\/?p=48226"},"modified":"2020-11-02T16:39:33","modified_gmt":"2020-11-02T16:39:33","slug":"participe-en-el-secuestro-extorsivo-de-una-joven-universitaria-sentenciado-a-14-anos-de-prision","status":"publish","type":"post","link":"https:\/\/pagina10.com\/web\/participe-en-el-secuestro-extorsivo-de-una-joven-universitaria-sentenciado-a-14-anos-de-prision\/","title":{"rendered":"Part\u00edcipe en el secuestro extorsivo de una joven universitaria sentenciado a 14 a\u00f1os de prisi\u00f3n."},"content":{"rendered":"<p style=\"text-align: justify;\"><span lang=\"ES\">Luego de avalar preacuerdo entre la Fiscal\u00eda y el procesado, un juez con funciones de conocimiento de Pasto (Nari\u00f1o) conden\u00f3 a 14 a\u00f1os y 20 d\u00edas de prisi\u00f3n a Marino Cer\u00f3n Cer\u00f3n, por su responsabilidad en los delitos de concierto para delinquir,\u00a0<\/span><span lang=\"ES\"><a href=\"https:\/\/www.fiscalia.gov.co\/colombia\/seccionales\/fiscalia-obtiene-dos-nuevas-condenas-en-un-caso-de-secuestro-extorsivo-en-el-departamento-de-narino\/\" target=\"_blank\" rel=\"noopener noreferrer\" data-auth=\"NotApplicable\">secuestro extorsivo<\/a><\/span><span lang=\"ES\">\u00a0en concurso homog\u00e9neo y sucesivo,\u00a0<\/span><span lang=\"ES\">porte ilegal de armas de fuego<\/span><span lang=\"ES\">\u00a0de uso civil para defensa personal agravado y\u00a0<\/span><span lang=\"ES\">hurto calificado y agravado<\/span><span lang=\"ES\">\u00a0en concurso homog\u00e9neo y sucesivo.<\/span><span lang=\"ES\">\u00a0<\/span><\/p>\n<p style=\"text-align: justify;\"><span lang=\"ES\">El material probatorio recopilado por la Fiscal\u00eda y los investigadores del Gaula de la Polic\u00eda Nacional permiti\u00f3 identificar a Cer\u00f3n Cer\u00f3n como part\u00edcipe en el secuestro extorsivo del que fue v\u00edctima una joven universitaria, el 25 de abril de 2018.<\/span><span lang=\"ES\">\u00a0<\/span><\/p>\n<p style=\"text-align: justify;\"><span lang=\"ES\">Ese d\u00eda, la v\u00edctima se desplazaba desde el municipio de San Jos\u00e9 de Alb\u00e1n al Tabl\u00f3n de G\u00f3mez (Nari\u00f1o) para adelantar su pr\u00e1ctica como judicante de Derecho en la Alcald\u00eda de esa localidad, pero fue interceptada por 4 personas que, usando armas de fuego para intimidarla, la despojaron de la moto en la que se transportaba. Luego, en un veh\u00edculo la trasladaron hasta otro lugar donde la mantuvieron en cautiverio, y\u00a0<\/span><span lang=\"ES\">le exigieron a su padre 200 millones por su liberaci\u00f3n.<\/span><span lang=\"ES\">\u00a0<\/span><\/p>\n<p style=\"text-align: justify;\"><span lang=\"ES\">Tres d\u00edas despu\u00e9s la joven fue rescatada por el Gaula de la Polic\u00eda Nacional y, durante el operativo, se logr\u00f3 la captura de sus secuestradores, entre ellos, el hoy condenado.<\/span><span lang=\"ES\">\u00a0<\/span><\/p>\n<p style=\"text-align: justify;\"><span lang=\"ES\">El sentenciado estuvo involucrado en hechos similares ocurridos el 16 de noviembre de 2018 en la misma zona que el plagio de la universitaria. All\u00ed, fue secuestrada y despojada de sus pertenencias a una pareja de esposos residentes en San Jos\u00e9 de Alb\u00e1n.<\/span><\/p>\n<p style=\"text-align: justify;\"><span lang=\"ES\">Marino Cer\u00f3n Cer\u00f3n fue capturado por orden judicial el 28 de abril de 2019 y desde entonces permanece privado de la libertad en establecimiento carcelario, donde continuar\u00e1 recluido para cumplir la pena impuesta.<\/span><span lang=\"ES\">\u00a0<\/span><\/p>\n<p>Fuente: Fiscal\u00eda General de la Naci\u00f3n.<\/p>\n","protected":false},"excerpt":{"rendered":"<p>Luego de avalar preacuerdo entre la Fiscal\u00eda y el procesado, un juez con funciones de conocimiento de Pasto (Nari\u00f1o) conden\u00f3 a 14 a\u00f1os y 20 d\u00edas de prisi\u00f3n a Marino Cer\u00f3n Cer\u00f3n, por su responsabilidad en los delitos de concierto para delinquir,\u00a0secuestro extorsivo\u00a0en concurso homog\u00e9neo y sucesivo,\u00a0porte ilegal de armas de fuego\u00a0de uso civil para [&hellip;]<\/p>\n","protected":false},"author":1,"featured_media":48227,"comment_status":"open","ping_status":"open","sticky":false,"template":"","format":"standard","meta":{"footnotes":""},"categories":[61],"tags":[],"class_list":["post-48226","post","type-post","status-publish","format-standard","has-post-thumbnail","hentry","category-judicial"],"yoast_head":"<!-- This site is optimized with the Yoast SEO plugin v27.1.1 - https:\/\/yoast.com\/product\/yoast-seo-wordpress\/ -->\n<title>Part\u00edcipe en el secuestro extorsivo de una joven universitaria sentenciado a 14 a\u00f1os de prisi\u00f3n. | P\u00e1gina10<\/title>\n<meta name=\"robots\" content=\"index, follow, max-snippet:-1, max-image-preview:large, max-video-preview:-1\" \/>\n<link rel=\"canonical\" href=\"https:\/\/pagina10.com\/web\/participe-en-el-secuestro-extorsivo-de-una-joven-universitaria-sentenciado-a-14-anos-de-prision\/\" \/>\n<meta property=\"og:locale\" content=\"es_ES\" \/>\n<meta property=\"og:type\" content=\"article\" \/>\n<meta property=\"og:title\" content=\"Part\u00edcipe en el secuestro extorsivo de una joven universitaria sentenciado a 14 a\u00f1os de prisi\u00f3n. | P\u00e1gina10\" \/>\n<meta property=\"og:description\" content=\"Luego de avalar preacuerdo entre la Fiscal\u00eda y el procesado, un juez con funciones de conocimiento de Pasto (Nari\u00f1o) conden\u00f3 a 14 a\u00f1os y 20 d\u00edas de prisi\u00f3n a Marino Cer\u00f3n Cer\u00f3n, por su responsabilidad en los delitos de concierto para delinquir,\u00a0secuestro extorsivo\u00a0en concurso homog\u00e9neo y sucesivo,\u00a0porte ilegal de armas de fuego\u00a0de uso civil para [&hellip;]\" \/>\n<meta property=\"og:url\" content=\"https:\/\/pagina10.com\/web\/participe-en-el-secuestro-extorsivo-de-una-joven-universitaria-sentenciado-a-14-anos-de-prision\/\" \/>\n<meta property=\"og:site_name\" content=\"P\u00e1gina10\" \/>\n<meta property=\"article:publisher\" content=\"https:\/\/www.facebook.com\/pag10com\" \/>\n<meta property=\"article:published_time\" content=\"2020-11-02T14:24:52+00:00\" \/>\n<meta property=\"article:modified_time\" content=\"2020-11-02T16:39:33+00:00\" \/>\n<meta property=\"og:image\" content=\"https:\/\/pagina10.com\/web\/wp-content\/uploads\/2020\/11\/esposas-0r.jpg\" \/>\n\t<meta property=\"og:image:width\" content=\"824\" \/>\n\t<meta property=\"og:image:height\" content=\"549\" \/>\n\t<meta property=\"og:image:type\" content=\"image\/jpeg\" \/>\n<meta name=\"author\" content=\"P\u00e1gina 10\" \/>\n<meta name=\"twitter:card\" content=\"summary_large_image\" \/>\n<meta name=\"twitter:creator\" content=\"@Pag10com\" \/>\n<meta name=\"twitter:site\" content=\"@Pag10com\" \/>\n<meta name=\"twitter:label1\" content=\"Escrito por\" \/>\n\t<meta name=\"twitter:data1\" content=\"P\u00e1gina 10\" \/>\n\t<meta name=\"twitter:label2\" content=\"Tiempo de lectura\" \/>\n\t<meta name=\"twitter:data2\" content=\"2 minutos\" \/>\n<script type=\"application\/ld+json\" class=\"yoast-schema-graph\">{\"@context\":\"https:\/\/schema.org\",\"@graph\":[{\"@type\":\"Article\",\"@id\":\"https:\/\/pagina10.com\/web\/participe-en-el-secuestro-extorsivo-de-una-joven-universitaria-sentenciado-a-14-anos-de-prision\/#article\",\"isPartOf\":{\"@id\":\"https:\/\/pagina10.com\/web\/participe-en-el-secuestro-extorsivo-de-una-joven-universitaria-sentenciado-a-14-anos-de-prision\/\"},\"author\":{\"name\":\"P\u00e1gina 10\",\"@id\":\"https:\/\/pagina10.com\/web\/#\/schema\/person\/2efc4a090d25b667d3bc796798a3a81b\"},\"headline\":\"Part\u00edcipe en el secuestro extorsivo de una joven universitaria sentenciado a 14 a\u00f1os de prisi\u00f3n.\",\"datePublished\":\"2020-11-02T14:24:52+00:00\",\"dateModified\":\"2020-11-02T16:39:33+00:00\",\"mainEntityOfPage\":{\"@id\":\"https:\/\/pagina10.com\/web\/participe-en-el-secuestro-extorsivo-de-una-joven-universitaria-sentenciado-a-14-anos-de-prision\/\"},\"wordCount\":345,\"commentCount\":0,\"publisher\":{\"@id\":\"https:\/\/pagina10.com\/web\/#organization\"},\"image\":{\"@id\":\"https:\/\/pagina10.com\/web\/participe-en-el-secuestro-extorsivo-de-una-joven-universitaria-sentenciado-a-14-anos-de-prision\/#primaryimage\"},\"thumbnailUrl\":\"https:\/\/pagina10.com\/web\/wp-content\/uploads\/2020\/11\/esposas-0r.jpg\",\"articleSection\":[\"Judicial\"],\"inLanguage\":\"es\",\"potentialAction\":[{\"@type\":\"CommentAction\",\"name\":\"Comment\",\"target\":[\"https:\/\/pagina10.com\/web\/participe-en-el-secuestro-extorsivo-de-una-joven-universitaria-sentenciado-a-14-anos-de-prision\/#respond\"]}]},{\"@type\":\"WebPage\",\"@id\":\"https:\/\/pagina10.com\/web\/participe-en-el-secuestro-extorsivo-de-una-joven-universitaria-sentenciado-a-14-anos-de-prision\/\",\"url\":\"https:\/\/pagina10.com\/web\/participe-en-el-secuestro-extorsivo-de-una-joven-universitaria-sentenciado-a-14-anos-de-prision\/\",\"name\":\"Part\u00edcipe en el secuestro extorsivo de una joven universitaria sentenciado a 14 a\u00f1os de prisi\u00f3n. | P\u00e1gina10\",\"isPartOf\":{\"@id\":\"https:\/\/pagina10.com\/web\/#website\"},\"primaryImageOfPage\":{\"@id\":\"https:\/\/pagina10.com\/web\/participe-en-el-secuestro-extorsivo-de-una-joven-universitaria-sentenciado-a-14-anos-de-prision\/#primaryimage\"},\"image\":{\"@id\":\"https:\/\/pagina10.com\/web\/participe-en-el-secuestro-extorsivo-de-una-joven-universitaria-sentenciado-a-14-anos-de-prision\/#primaryimage\"},\"thumbnailUrl\":\"https:\/\/pagina10.com\/web\/wp-content\/uploads\/2020\/11\/esposas-0r.jpg\",\"datePublished\":\"2020-11-02T14:24:52+00:00\",\"dateModified\":\"2020-11-02T16:39:33+00:00\",\"breadcrumb\":{\"@id\":\"https:\/\/pagina10.com\/web\/participe-en-el-secuestro-extorsivo-de-una-joven-universitaria-sentenciado-a-14-anos-de-prision\/#breadcrumb\"},\"inLanguage\":\"es\",\"potentialAction\":[{\"@type\":\"ReadAction\",\"target\":[\"https:\/\/pagina10.com\/web\/participe-en-el-secuestro-extorsivo-de-una-joven-universitaria-sentenciado-a-14-anos-de-prision\/\"]}]},{\"@type\":\"ImageObject\",\"inLanguage\":\"es\",\"@id\":\"https:\/\/pagina10.com\/web\/participe-en-el-secuestro-extorsivo-de-una-joven-universitaria-sentenciado-a-14-anos-de-prision\/#primaryimage\",\"url\":\"https:\/\/pagina10.com\/web\/wp-content\/uploads\/2020\/11\/esposas-0r.jpg\",\"contentUrl\":\"https:\/\/pagina10.com\/web\/wp-content\/uploads\/2020\/11\/esposas-0r.jpg\",\"width\":824,\"height\":549},{\"@type\":\"BreadcrumbList\",\"@id\":\"https:\/\/pagina10.com\/web\/participe-en-el-secuestro-extorsivo-de-una-joven-universitaria-sentenciado-a-14-anos-de-prision\/#breadcrumb\",\"itemListElement\":[{\"@type\":\"ListItem\",\"position\":1,\"name\":\"Portada\",\"item\":\"https:\/\/pagina10.com\/web\/\"},{\"@type\":\"ListItem\",\"position\":2,\"name\":\"Part\u00edcipe en el secuestro extorsivo de una joven universitaria sentenciado a 14 a\u00f1os de prisi\u00f3n.\"}]},{\"@type\":\"WebSite\",\"@id\":\"https:\/\/pagina10.com\/web\/#website\",\"url\":\"https:\/\/pagina10.com\/web\/\",\"name\":\"P\u00e1gina10\",\"description\":\"Peri\u00f3dico Regional\",\"publisher\":{\"@id\":\"https:\/\/pagina10.com\/web\/#organization\"},\"alternateName\":\"P\u00e1gina10 Peri\u00f3dico Regional\",\"potentialAction\":[{\"@type\":\"SearchAction\",\"target\":{\"@type\":\"EntryPoint\",\"urlTemplate\":\"https:\/\/pagina10.com\/web\/?s={search_term_string}\"},\"query-input\":{\"@type\":\"PropertyValueSpecification\",\"valueRequired\":true,\"valueName\":\"search_term_string\"}}],\"inLanguage\":\"es\"},{\"@type\":\"Organization\",\"@id\":\"https:\/\/pagina10.com\/web\/#organization\",\"name\":\"P\u00e1gina10\",\"alternateName\":\"P\u00e1gina10 Peri\u00f3dico Regional\",\"url\":\"https:\/\/pagina10.com\/web\/\",\"logo\":{\"@type\":\"ImageObject\",\"inLanguage\":\"es\",\"@id\":\"https:\/\/pagina10.com\/web\/#\/schema\/logo\/image\/\",\"url\":\"https:\/\/pagina10.com\/web\/wp-content\/uploads\/2024\/01\/40-pagina-10-periodico-regional-pasto.jpg\",\"contentUrl\":\"https:\/\/pagina10.com\/web\/wp-content\/uploads\/2024\/01\/40-pagina-10-periodico-regional-pasto.jpg\",\"width\":1280,\"height\":720,\"caption\":\"P\u00e1gina10\"},\"image\":{\"@id\":\"https:\/\/pagina10.com\/web\/#\/schema\/logo\/image\/\"},\"sameAs\":[\"https:\/\/www.facebook.com\/pag10com\",\"https:\/\/x.com\/Pag10com\",\"https:\/\/www.instagram.com\/pagina10col\/\",\"https:\/\/youtube.com\/channel\/pag10\",\"https:\/\/www.tiktok.com\/@p10col\"]},{\"@type\":\"Person\",\"@id\":\"https:\/\/pagina10.com\/web\/#\/schema\/person\/2efc4a090d25b667d3bc796798a3a81b\",\"name\":\"P\u00e1gina 10\",\"description\":\"P\u00e1gina 10 es un peri\u00f3dico regional que nace en Colombia, en el departamento de Nari\u00f1o, con un enfoque global, fundamentado en cuatro pilares esenciales: la libertad, el pluralismo, la inclusi\u00f3n y la independencia. P\u00e1gina 10 hace referencia a Nari\u00f1o como el d\u00e9cimo departamento creado en Colombia, despu\u00e9s de un proceso pol\u00edtico liderado por actores y actrices regionales con el fin de obtener la independencia y autonom\u00eda de nuestros territorios. Con la creaci\u00f3n de P\u00e1gina 10 se pretende abrir un escenario para el dialogo, la reflexi\u00f3n y el debate que se extienda a otras geograf\u00edas de Am\u00e9rica Latina y del planeta, en una apuesta por transformar colectivamente los desaf\u00edos de un mundo contempor\u00e1neo, m\u00e1s all\u00e1 de las fronteras impuestas.\",\"url\":\"https:\/\/pagina10.com\/web\/author\/pdiezadmin\/\"}]}<\/script>\n<!-- \/ Yoast SEO plugin. -->","yoast_head_json":{"title":"Part\u00edcipe en el secuestro extorsivo de una joven universitaria sentenciado a 14 a\u00f1os de prisi\u00f3n. | P\u00e1gina10","robots":{"index":"index","follow":"follow","max-snippet":"max-snippet:-1","max-image-preview":"max-image-preview:large","max-video-preview":"max-video-preview:-1"},"canonical":"https:\/\/pagina10.com\/web\/participe-en-el-secuestro-extorsivo-de-una-joven-universitaria-sentenciado-a-14-anos-de-prision\/","og_locale":"es_ES","og_type":"article","og_title":"Part\u00edcipe en el secuestro extorsivo de una joven universitaria sentenciado a 14 a\u00f1os de prisi\u00f3n. | P\u00e1gina10","og_description":"Luego de avalar preacuerdo entre la Fiscal\u00eda y el procesado, un juez con funciones de conocimiento de Pasto (Nari\u00f1o) conden\u00f3 a 14 a\u00f1os y 20 d\u00edas de prisi\u00f3n a Marino Cer\u00f3n Cer\u00f3n, por su responsabilidad en los delitos de concierto para delinquir,\u00a0secuestro extorsivo\u00a0en concurso homog\u00e9neo y sucesivo,\u00a0porte ilegal de armas de fuego\u00a0de uso civil para [&hellip;]","og_url":"https:\/\/pagina10.com\/web\/participe-en-el-secuestro-extorsivo-de-una-joven-universitaria-sentenciado-a-14-anos-de-prision\/","og_site_name":"P\u00e1gina10","article_publisher":"https:\/\/www.facebook.com\/pag10com","article_published_time":"2020-11-02T14:24:52+00:00","article_modified_time":"2020-11-02T16:39:33+00:00","og_image":[{"width":824,"height":549,"url":"https:\/\/pagina10.com\/web\/wp-content\/uploads\/2020\/11\/esposas-0r.jpg","type":"image\/jpeg"}],"author":"P\u00e1gina 10","twitter_card":"summary_large_image","twitter_creator":"@Pag10com","twitter_site":"@Pag10com","twitter_misc":{"Escrito por":"P\u00e1gina 10","Tiempo de lectura":"2 minutos"},"schema":{"@context":"https:\/\/schema.org","@graph":[{"@type":"Article","@id":"https:\/\/pagina10.com\/web\/participe-en-el-secuestro-extorsivo-de-una-joven-universitaria-sentenciado-a-14-anos-de-prision\/#article","isPartOf":{"@id":"https:\/\/pagina10.com\/web\/participe-en-el-secuestro-extorsivo-de-una-joven-universitaria-sentenciado-a-14-anos-de-prision\/"},"author":{"name":"P\u00e1gina 10","@id":"https:\/\/pagina10.com\/web\/#\/schema\/person\/2efc4a090d25b667d3bc796798a3a81b"},"headline":"Part\u00edcipe en el secuestro extorsivo de una joven universitaria sentenciado a 14 a\u00f1os de prisi\u00f3n.","datePublished":"2020-11-02T14:24:52+00:00","dateModified":"2020-11-02T16:39:33+00:00","mainEntityOfPage":{"@id":"https:\/\/pagina10.com\/web\/participe-en-el-secuestro-extorsivo-de-una-joven-universitaria-sentenciado-a-14-anos-de-prision\/"},"wordCount":345,"commentCount":0,"publisher":{"@id":"https:\/\/pagina10.com\/web\/#organization"},"image":{"@id":"https:\/\/pagina10.com\/web\/participe-en-el-secuestro-extorsivo-de-una-joven-universitaria-sentenciado-a-14-anos-de-prision\/#primaryimage"},"thumbnailUrl":"https:\/\/pagina10.com\/web\/wp-content\/uploads\/2020\/11\/esposas-0r.jpg","articleSection":["Judicial"],"inLanguage":"es","potentialAction":[{"@type":"CommentAction","name":"Comment","target":["https:\/\/pagina10.com\/web\/participe-en-el-secuestro-extorsivo-de-una-joven-universitaria-sentenciado-a-14-anos-de-prision\/#respond"]}]},{"@type":"WebPage","@id":"https:\/\/pagina10.com\/web\/participe-en-el-secuestro-extorsivo-de-una-joven-universitaria-sentenciado-a-14-anos-de-prision\/","url":"https:\/\/pagina10.com\/web\/participe-en-el-secuestro-extorsivo-de-una-joven-universitaria-sentenciado-a-14-anos-de-prision\/","name":"Part\u00edcipe en el secuestro extorsivo de una joven universitaria sentenciado a 14 a\u00f1os de prisi\u00f3n. | P\u00e1gina10","isPartOf":{"@id":"https:\/\/pagina10.com\/web\/#website"},"primaryImageOfPage":{"@id":"https:\/\/pagina10.com\/web\/participe-en-el-secuestro-extorsivo-de-una-joven-universitaria-sentenciado-a-14-anos-de-prision\/#primaryimage"},"image":{"@id":"https:\/\/pagina10.com\/web\/participe-en-el-secuestro-extorsivo-de-una-joven-universitaria-sentenciado-a-14-anos-de-prision\/#primaryimage"},"thumbnailUrl":"https:\/\/pagina10.com\/web\/wp-content\/uploads\/2020\/11\/esposas-0r.jpg","datePublished":"2020-11-02T14:24:52+00:00","dateModified":"2020-11-02T16:39:33+00:00","breadcrumb":{"@id":"https:\/\/pagina10.com\/web\/participe-en-el-secuestro-extorsivo-de-una-joven-universitaria-sentenciado-a-14-anos-de-prision\/#breadcrumb"},"inLanguage":"es","potentialAction":[{"@type":"ReadAction","target":["https:\/\/pagina10.com\/web\/participe-en-el-secuestro-extorsivo-de-una-joven-universitaria-sentenciado-a-14-anos-de-prision\/"]}]},{"@type":"ImageObject","inLanguage":"es","@id":"https:\/\/pagina10.com\/web\/participe-en-el-secuestro-extorsivo-de-una-joven-universitaria-sentenciado-a-14-anos-de-prision\/#primaryimage","url":"https:\/\/pagina10.com\/web\/wp-content\/uploads\/2020\/11\/esposas-0r.jpg","contentUrl":"https:\/\/pagina10.com\/web\/wp-content\/uploads\/2020\/11\/esposas-0r.jpg","width":824,"height":549},{"@type":"BreadcrumbList","@id":"https:\/\/pagina10.com\/web\/participe-en-el-secuestro-extorsivo-de-una-joven-universitaria-sentenciado-a-14-anos-de-prision\/#breadcrumb","itemListElement":[{"@type":"ListItem","position":1,"name":"Portada","item":"https:\/\/pagina10.com\/web\/"},{"@type":"ListItem","position":2,"name":"Part\u00edcipe en el secuestro extorsivo de una joven universitaria sentenciado a 14 a\u00f1os de prisi\u00f3n."}]},{"@type":"WebSite","@id":"https:\/\/pagina10.com\/web\/#website","url":"https:\/\/pagina10.com\/web\/","name":"P\u00e1gina10","description":"Peri\u00f3dico Regional","publisher":{"@id":"https:\/\/pagina10.com\/web\/#organization"},"alternateName":"P\u00e1gina10 Peri\u00f3dico Regional","potentialAction":[{"@type":"SearchAction","target":{"@type":"EntryPoint","urlTemplate":"https:\/\/pagina10.com\/web\/?s={search_term_string}"},"query-input":{"@type":"PropertyValueSpecification","valueRequired":true,"valueName":"search_term_string"}}],"inLanguage":"es"},{"@type":"Organization","@id":"https:\/\/pagina10.com\/web\/#organization","name":"P\u00e1gina10","alternateName":"P\u00e1gina10 Peri\u00f3dico Regional","url":"https:\/\/pagina10.com\/web\/","logo":{"@type":"ImageObject","inLanguage":"es","@id":"https:\/\/pagina10.com\/web\/#\/schema\/logo\/image\/","url":"https:\/\/pagina10.com\/web\/wp-content\/uploads\/2024\/01\/40-pagina-10-periodico-regional-pasto.jpg","contentUrl":"https:\/\/pagina10.com\/web\/wp-content\/uploads\/2024\/01\/40-pagina-10-periodico-regional-pasto.jpg","width":1280,"height":720,"caption":"P\u00e1gina10"},"image":{"@id":"https:\/\/pagina10.com\/web\/#\/schema\/logo\/image\/"},"sameAs":["https:\/\/www.facebook.com\/pag10com","https:\/\/x.com\/Pag10com","https:\/\/www.instagram.com\/pagina10col\/","https:\/\/youtube.com\/channel\/pag10","https:\/\/www.tiktok.com\/@p10col"]},{"@type":"Person","@id":"https:\/\/pagina10.com\/web\/#\/schema\/person\/2efc4a090d25b667d3bc796798a3a81b","name":"P\u00e1gina 10","description":"P\u00e1gina 10 es un peri\u00f3dico regional que nace en Colombia, en el departamento de Nari\u00f1o, con un enfoque global, fundamentado en cuatro pilares esenciales: la libertad, el pluralismo, la inclusi\u00f3n y la independencia. P\u00e1gina 10 hace referencia a Nari\u00f1o como el d\u00e9cimo departamento creado en Colombia, despu\u00e9s de un proceso pol\u00edtico liderado por actores y actrices regionales con el fin de obtener la independencia y autonom\u00eda de nuestros territorios. Con la creaci\u00f3n de P\u00e1gina 10 se pretende abrir un escenario para el dialogo, la reflexi\u00f3n y el debate que se extienda a otras geograf\u00edas de Am\u00e9rica Latina y del planeta, en una apuesta por transformar colectivamente los desaf\u00edos de un mundo contempor\u00e1neo, m\u00e1s all\u00e1 de las fronteras impuestas.","url":"https:\/\/pagina10.com\/web\/author\/pdiezadmin\/"}]}},"_links":{"self":[{"href":"https:\/\/pagina10.com\/web\/wp-json\/wp\/v2\/posts\/48226","targetHints":{"allow":["GET"]}}],"collection":[{"href":"https:\/\/pagina10.com\/web\/wp-json\/wp\/v2\/posts"}],"about":[{"href":"https:\/\/pagina10.com\/web\/wp-json\/wp\/v2\/types\/post"}],"author":[{"embeddable":true,"href":"https:\/\/pagina10.com\/web\/wp-json\/wp\/v2\/users\/1"}],"replies":[{"embeddable":true,"href":"https:\/\/pagina10.com\/web\/wp-json\/wp\/v2\/comments?post=48226"}],"version-history":[{"count":2,"href":"https:\/\/pagina10.com\/web\/wp-json\/wp\/v2\/posts\/48226\/revisions"}],"predecessor-version":[{"id":48235,"href":"https:\/\/pagina10.com\/web\/wp-json\/wp\/v2\/posts\/48226\/revisions\/48235"}],"wp:featuredmedia":[{"embeddable":true,"href":"https:\/\/pagina10.com\/web\/wp-json\/wp\/v2\/media\/48227"}],"wp:attachment":[{"href":"https:\/\/pagina10.com\/web\/wp-json\/wp\/v2\/media?parent=48226"}],"wp:term":[{"taxonomy":"category","embeddable":true,"href":"https:\/\/pagina10.com\/web\/wp-json\/wp\/v2\/categories?post=48226"},{"taxonomy":"post_tag","embeddable":true,"href":"https:\/\/pagina10.com\/web\/wp-json\/wp\/v2\/tags?post=48226"}],"curies":[{"name":"wp","href":"https:\/\/api.w.org\/{rel}","templated":true}]}}