{"id":48429,"date":"2020-11-08T23:20:53","date_gmt":"2020-11-08T23:20:53","guid":{"rendered":"https:\/\/pagina10.com\/web\/?p=48429"},"modified":"2020-11-08T23:20:53","modified_gmt":"2020-11-08T23:20:53","slug":"el-pueblo-awa-denuncia-asesinato-de-joven-indigena","status":"publish","type":"post","link":"https:\/\/pagina10.com\/web\/el-pueblo-awa-denuncia-asesinato-de-joven-indigena\/","title":{"rendered":"El pueblo Aw\u00e1 denuncia asesinato de joven ind\u00edgena"},"content":{"rendered":"<p style=\"text-align: justify;\">Fuertes denuncias p\u00fablicas publicaron los miembros de la Unidad Ind\u00edgena del Pueblo Aw\u00e1 Unipa, en su cuenta oficial de twitter, en donde se evidencia el grado de inseguridad, miedo y violencia en sus territorios. Uno de estos hechos es el asesinato de un miembro de su comunidad ante circunstancias violentas. El homicidio ocurri\u00f3 en el Municipio de Barbacoas el pasado 5 de noviembre de 2020.<\/p>\n<p style=\"text-align: justify;\">Tal como lo manifest\u00f3 la Unidad \u201c<em>Seguimos denunciando los hechos violentos que ata\u00f1en a nuestro pueblo ind\u00edgena Aw\u00e1, no encontramos palabras para expresar el dolor que sentimos cuando las balas asesinas callan las voces de quienes son el futuro de nuestro pueblo, nuevamente los j\u00f3venes Aw\u00e1 pasan a ser v\u00edctimas de una guerra sin sentido que se incrementa con el pasar de los a\u00f1os y afecta directamente a quienes siempre hemos buscado vivir en armon\u00eda dentro de nuestro territorio\u201d.<\/em><\/p>\n<p style=\"text-align: justify;\">Los hechos seg\u00fan el comunicado oficial ocurrieron siendo las 10.30 am, momento en donde perdi\u00f3 la vida el joven Diego Fernando Gonz\u00e1lez Rodr\u00edguez de 18 a\u00f1os, quien pertenec\u00eda al Reguardo Ind\u00edgena Aw\u00e1 de Pipalta Palbi Yaguap\u00ed del municipio de Barbacoas. Para el momento de los hechos el joven se encontraba acompa\u00f1ando a su hermana en la IPS &#8211; UNIPA. Hombres desconocidos que se movilizaban en un autom\u00f3vil, bajaron del carro, entraron a las instalaciones e impactaron en dos ocasiones contra la humanidad de Diego Fernando, ocasion\u00e1ndole la muerte de manera instant\u00e1nea.<\/p>\n<p style=\"text-align: justify;\">El hecho ocurri\u00f3 en la v\u00eda Pasto \u2013 Tumaco \u00a0en el kil\u00f3metro 109, zona donde han venido sucediendo m\u00faltiples hechos violentos, donde seg\u00fan el comunicado<em> \u201cnos genera una profunda preocupaci\u00f3n porque evidencia para nuestro pueblo Aw\u00e1 no existe garant\u00eda de seguridad&#8221;.<\/em><\/p>\n<p style=\"text-align: justify;\">Adicional a este lamentable hecho el 29 de octubre de 2020 en el Resguardo Gran Rosario \u2013 municipio de Tumaco, una madre Aw\u00e1 fue v\u00edctima de una mina antipersonal, ocasion\u00e1ndole graves heridas en su cuerpo.<\/p>\n<p style=\"text-align: justify;\">Sumado a ello se menciona que el pasado 31 de octubre siendo las 7.00 pm el corregimiento el Diviso, un grupo de hombres armados pintaron las casas de las familias ind\u00edgenas Aw\u00e1 con mensajes alusivos a su grupo armado intimidando\u00a0 a la poblaci\u00f3n y generando zozobra.<\/p>\n<p style=\"text-align: justify;\">La Unidad Ind\u00edgena del Pueblo Aw\u00e1 Unipa hizo un llamado a la Fiscal\u00eda \u00a0para que se avance en las investigaciones de los hechos ocurridos y que no queden en la impunidad y a las autoridades competentes para que protejan y realicen todas las medidas que se requieran.<\/p>\n<p style=\"text-align: justify;\"><em>\u201cExigimos al Presidente Iv\u00e1n Duque que se den las garant\u00edas reales de protecci\u00f3n para nuestro pueblo Aw\u00e1, es hora de que se cumplimiento a los autos emitidos por la Honorable Corte Constitucional\u201d.<\/em><\/p>\n<p style=\"text-align: justify;\">As\u00ed mismo se se\u00f1ala <em>\u201cInsistimos a los entes territoriales a que se activen las rutas de protecci\u00f3n de derechos de nuestras familias Aw\u00e1, que se encuentran en situaci\u00f3n de desplazamiento y que est\u00e1n siendo amenazadas por el accionar de los grupos armados\u201d.<\/em><\/p>\n","protected":false},"excerpt":{"rendered":"<p>Fuertes denuncias p\u00fablicas publicaron los miembros de la Unidad Ind\u00edgena del Pueblo Aw\u00e1 Unipa, en su cuenta oficial de twitter, en donde se evidencia el grado de inseguridad, miedo y violencia en sus territorios. Uno de estos hechos es el asesinato de un miembro de su comunidad ante circunstancias violentas. El homicidio ocurri\u00f3 en el [&hellip;]<\/p>\n","protected":false},"author":1,"featured_media":48430,"comment_status":"open","ping_status":"open","sticky":false,"template":"","format":"standard","meta":{"footnotes":""},"categories":[61],"tags":[],"class_list":["post-48429","post","type-post","status-publish","format-standard","has-post-thumbnail","hentry","category-judicial"],"yoast_head":"<!-- This site is optimized with the Yoast SEO plugin v27.1.1 - https:\/\/yoast.com\/product\/yoast-seo-wordpress\/ -->\n<title>El pueblo Aw\u00e1 denuncia asesinato de joven ind\u00edgena | P\u00e1gina10<\/title>\n<meta name=\"robots\" content=\"index, follow, max-snippet:-1, max-image-preview:large, max-video-preview:-1\" \/>\n<link rel=\"canonical\" href=\"https:\/\/pagina10.com\/web\/el-pueblo-awa-denuncia-asesinato-de-joven-indigena\/\" \/>\n<meta property=\"og:locale\" content=\"es_ES\" \/>\n<meta property=\"og:type\" content=\"article\" \/>\n<meta property=\"og:title\" content=\"El pueblo Aw\u00e1 denuncia asesinato de joven ind\u00edgena | P\u00e1gina10\" \/>\n<meta property=\"og:description\" content=\"Fuertes denuncias p\u00fablicas publicaron los miembros de la Unidad Ind\u00edgena del Pueblo Aw\u00e1 Unipa, en su cuenta oficial de twitter, en donde se evidencia el grado de inseguridad, miedo y violencia en sus territorios. Uno de estos hechos es el asesinato de un miembro de su comunidad ante circunstancias violentas. El homicidio ocurri\u00f3 en el [&hellip;]\" \/>\n<meta property=\"og:url\" content=\"https:\/\/pagina10.com\/web\/el-pueblo-awa-denuncia-asesinato-de-joven-indigena\/\" \/>\n<meta property=\"og:site_name\" content=\"P\u00e1gina10\" \/>\n<meta property=\"article:publisher\" content=\"https:\/\/www.facebook.com\/pag10com\" \/>\n<meta property=\"article:published_time\" content=\"2020-11-08T23:20:53+00:00\" \/>\n<meta property=\"og:image\" content=\"https:\/\/pagina10.com\/web\/wp-content\/uploads\/2020\/11\/indi.jpg\" \/>\n\t<meta property=\"og:image:width\" content=\"512\" \/>\n\t<meta property=\"og:image:height\" content=\"317\" \/>\n\t<meta property=\"og:image:type\" content=\"image\/jpeg\" \/>\n<meta name=\"author\" content=\"P\u00e1gina 10\" \/>\n<meta name=\"twitter:card\" content=\"summary_large_image\" \/>\n<meta name=\"twitter:creator\" content=\"@Pag10com\" \/>\n<meta name=\"twitter:site\" content=\"@Pag10com\" \/>\n<meta name=\"twitter:label1\" content=\"Escrito por\" \/>\n\t<meta name=\"twitter:data1\" content=\"P\u00e1gina 10\" \/>\n\t<meta name=\"twitter:label2\" content=\"Tiempo de lectura\" \/>\n\t<meta name=\"twitter:data2\" content=\"3 minutos\" \/>\n<script type=\"application\/ld+json\" class=\"yoast-schema-graph\">{\"@context\":\"https:\/\/schema.org\",\"@graph\":[{\"@type\":\"Article\",\"@id\":\"https:\/\/pagina10.com\/web\/el-pueblo-awa-denuncia-asesinato-de-joven-indigena\/#article\",\"isPartOf\":{\"@id\":\"https:\/\/pagina10.com\/web\/el-pueblo-awa-denuncia-asesinato-de-joven-indigena\/\"},\"author\":{\"name\":\"P\u00e1gina 10\",\"@id\":\"https:\/\/pagina10.com\/web\/#\/schema\/person\/2efc4a090d25b667d3bc796798a3a81b\"},\"headline\":\"El pueblo Aw\u00e1 denuncia asesinato de joven ind\u00edgena\",\"datePublished\":\"2020-11-08T23:20:53+00:00\",\"mainEntityOfPage\":{\"@id\":\"https:\/\/pagina10.com\/web\/el-pueblo-awa-denuncia-asesinato-de-joven-indigena\/\"},\"wordCount\":513,\"commentCount\":0,\"publisher\":{\"@id\":\"https:\/\/pagina10.com\/web\/#organization\"},\"image\":{\"@id\":\"https:\/\/pagina10.com\/web\/el-pueblo-awa-denuncia-asesinato-de-joven-indigena\/#primaryimage\"},\"thumbnailUrl\":\"https:\/\/pagina10.com\/web\/wp-content\/uploads\/2020\/11\/indi.jpg\",\"articleSection\":[\"Judicial\"],\"inLanguage\":\"es\",\"potentialAction\":[{\"@type\":\"CommentAction\",\"name\":\"Comment\",\"target\":[\"https:\/\/pagina10.com\/web\/el-pueblo-awa-denuncia-asesinato-de-joven-indigena\/#respond\"]}]},{\"@type\":\"WebPage\",\"@id\":\"https:\/\/pagina10.com\/web\/el-pueblo-awa-denuncia-asesinato-de-joven-indigena\/\",\"url\":\"https:\/\/pagina10.com\/web\/el-pueblo-awa-denuncia-asesinato-de-joven-indigena\/\",\"name\":\"El pueblo Aw\u00e1 denuncia asesinato de joven ind\u00edgena | P\u00e1gina10\",\"isPartOf\":{\"@id\":\"https:\/\/pagina10.com\/web\/#website\"},\"primaryImageOfPage\":{\"@id\":\"https:\/\/pagina10.com\/web\/el-pueblo-awa-denuncia-asesinato-de-joven-indigena\/#primaryimage\"},\"image\":{\"@id\":\"https:\/\/pagina10.com\/web\/el-pueblo-awa-denuncia-asesinato-de-joven-indigena\/#primaryimage\"},\"thumbnailUrl\":\"https:\/\/pagina10.com\/web\/wp-content\/uploads\/2020\/11\/indi.jpg\",\"datePublished\":\"2020-11-08T23:20:53+00:00\",\"breadcrumb\":{\"@id\":\"https:\/\/pagina10.com\/web\/el-pueblo-awa-denuncia-asesinato-de-joven-indigena\/#breadcrumb\"},\"inLanguage\":\"es\",\"potentialAction\":[{\"@type\":\"ReadAction\",\"target\":[\"https:\/\/pagina10.com\/web\/el-pueblo-awa-denuncia-asesinato-de-joven-indigena\/\"]}]},{\"@type\":\"ImageObject\",\"inLanguage\":\"es\",\"@id\":\"https:\/\/pagina10.com\/web\/el-pueblo-awa-denuncia-asesinato-de-joven-indigena\/#primaryimage\",\"url\":\"https:\/\/pagina10.com\/web\/wp-content\/uploads\/2020\/11\/indi.jpg\",\"contentUrl\":\"https:\/\/pagina10.com\/web\/wp-content\/uploads\/2020\/11\/indi.jpg\",\"width\":512,\"height\":317},{\"@type\":\"BreadcrumbList\",\"@id\":\"https:\/\/pagina10.com\/web\/el-pueblo-awa-denuncia-asesinato-de-joven-indigena\/#breadcrumb\",\"itemListElement\":[{\"@type\":\"ListItem\",\"position\":1,\"name\":\"Portada\",\"item\":\"https:\/\/pagina10.com\/web\/\"},{\"@type\":\"ListItem\",\"position\":2,\"name\":\"El pueblo Aw\u00e1 denuncia asesinato de joven ind\u00edgena\"}]},{\"@type\":\"WebSite\",\"@id\":\"https:\/\/pagina10.com\/web\/#website\",\"url\":\"https:\/\/pagina10.com\/web\/\",\"name\":\"P\u00e1gina10\",\"description\":\"Peri\u00f3dico Regional\",\"publisher\":{\"@id\":\"https:\/\/pagina10.com\/web\/#organization\"},\"alternateName\":\"P\u00e1gina10 Peri\u00f3dico Regional\",\"potentialAction\":[{\"@type\":\"SearchAction\",\"target\":{\"@type\":\"EntryPoint\",\"urlTemplate\":\"https:\/\/pagina10.com\/web\/?s={search_term_string}\"},\"query-input\":{\"@type\":\"PropertyValueSpecification\",\"valueRequired\":true,\"valueName\":\"search_term_string\"}}],\"inLanguage\":\"es\"},{\"@type\":\"Organization\",\"@id\":\"https:\/\/pagina10.com\/web\/#organization\",\"name\":\"P\u00e1gina10\",\"alternateName\":\"P\u00e1gina10 Peri\u00f3dico Regional\",\"url\":\"https:\/\/pagina10.com\/web\/\",\"logo\":{\"@type\":\"ImageObject\",\"inLanguage\":\"es\",\"@id\":\"https:\/\/pagina10.com\/web\/#\/schema\/logo\/image\/\",\"url\":\"https:\/\/pagina10.com\/web\/wp-content\/uploads\/2024\/01\/40-pagina-10-periodico-regional-pasto.jpg\",\"contentUrl\":\"https:\/\/pagina10.com\/web\/wp-content\/uploads\/2024\/01\/40-pagina-10-periodico-regional-pasto.jpg\",\"width\":1280,\"height\":720,\"caption\":\"P\u00e1gina10\"},\"image\":{\"@id\":\"https:\/\/pagina10.com\/web\/#\/schema\/logo\/image\/\"},\"sameAs\":[\"https:\/\/www.facebook.com\/pag10com\",\"https:\/\/x.com\/Pag10com\",\"https:\/\/www.instagram.com\/pagina10col\/\",\"https:\/\/youtube.com\/channel\/pag10\",\"https:\/\/www.tiktok.com\/@p10col\"]},{\"@type\":\"Person\",\"@id\":\"https:\/\/pagina10.com\/web\/#\/schema\/person\/2efc4a090d25b667d3bc796798a3a81b\",\"name\":\"P\u00e1gina 10\",\"description\":\"P\u00e1gina 10 es un peri\u00f3dico regional que nace en Colombia, en el departamento de Nari\u00f1o, con un enfoque global, fundamentado en cuatro pilares esenciales: la libertad, el pluralismo, la inclusi\u00f3n y la independencia. P\u00e1gina 10 hace referencia a Nari\u00f1o como el d\u00e9cimo departamento creado en Colombia, despu\u00e9s de un proceso pol\u00edtico liderado por actores y actrices regionales con el fin de obtener la independencia y autonom\u00eda de nuestros territorios. Con la creaci\u00f3n de P\u00e1gina 10 se pretende abrir un escenario para el dialogo, la reflexi\u00f3n y el debate que se extienda a otras geograf\u00edas de Am\u00e9rica Latina y del planeta, en una apuesta por transformar colectivamente los desaf\u00edos de un mundo contempor\u00e1neo, m\u00e1s all\u00e1 de las fronteras impuestas.\",\"url\":\"https:\/\/pagina10.com\/web\/author\/pdiezadmin\/\"}]}<\/script>\n<!-- \/ Yoast SEO plugin. -->","yoast_head_json":{"title":"El pueblo Aw\u00e1 denuncia asesinato de joven ind\u00edgena | P\u00e1gina10","robots":{"index":"index","follow":"follow","max-snippet":"max-snippet:-1","max-image-preview":"max-image-preview:large","max-video-preview":"max-video-preview:-1"},"canonical":"https:\/\/pagina10.com\/web\/el-pueblo-awa-denuncia-asesinato-de-joven-indigena\/","og_locale":"es_ES","og_type":"article","og_title":"El pueblo Aw\u00e1 denuncia asesinato de joven ind\u00edgena | P\u00e1gina10","og_description":"Fuertes denuncias p\u00fablicas publicaron los miembros de la Unidad Ind\u00edgena del Pueblo Aw\u00e1 Unipa, en su cuenta oficial de twitter, en donde se evidencia el grado de inseguridad, miedo y violencia en sus territorios. Uno de estos hechos es el asesinato de un miembro de su comunidad ante circunstancias violentas. El homicidio ocurri\u00f3 en el [&hellip;]","og_url":"https:\/\/pagina10.com\/web\/el-pueblo-awa-denuncia-asesinato-de-joven-indigena\/","og_site_name":"P\u00e1gina10","article_publisher":"https:\/\/www.facebook.com\/pag10com","article_published_time":"2020-11-08T23:20:53+00:00","og_image":[{"width":512,"height":317,"url":"https:\/\/pagina10.com\/web\/wp-content\/uploads\/2020\/11\/indi.jpg","type":"image\/jpeg"}],"author":"P\u00e1gina 10","twitter_card":"summary_large_image","twitter_creator":"@Pag10com","twitter_site":"@Pag10com","twitter_misc":{"Escrito por":"P\u00e1gina 10","Tiempo de lectura":"3 minutos"},"schema":{"@context":"https:\/\/schema.org","@graph":[{"@type":"Article","@id":"https:\/\/pagina10.com\/web\/el-pueblo-awa-denuncia-asesinato-de-joven-indigena\/#article","isPartOf":{"@id":"https:\/\/pagina10.com\/web\/el-pueblo-awa-denuncia-asesinato-de-joven-indigena\/"},"author":{"name":"P\u00e1gina 10","@id":"https:\/\/pagina10.com\/web\/#\/schema\/person\/2efc4a090d25b667d3bc796798a3a81b"},"headline":"El pueblo Aw\u00e1 denuncia asesinato de joven ind\u00edgena","datePublished":"2020-11-08T23:20:53+00:00","mainEntityOfPage":{"@id":"https:\/\/pagina10.com\/web\/el-pueblo-awa-denuncia-asesinato-de-joven-indigena\/"},"wordCount":513,"commentCount":0,"publisher":{"@id":"https:\/\/pagina10.com\/web\/#organization"},"image":{"@id":"https:\/\/pagina10.com\/web\/el-pueblo-awa-denuncia-asesinato-de-joven-indigena\/#primaryimage"},"thumbnailUrl":"https:\/\/pagina10.com\/web\/wp-content\/uploads\/2020\/11\/indi.jpg","articleSection":["Judicial"],"inLanguage":"es","potentialAction":[{"@type":"CommentAction","name":"Comment","target":["https:\/\/pagina10.com\/web\/el-pueblo-awa-denuncia-asesinato-de-joven-indigena\/#respond"]}]},{"@type":"WebPage","@id":"https:\/\/pagina10.com\/web\/el-pueblo-awa-denuncia-asesinato-de-joven-indigena\/","url":"https:\/\/pagina10.com\/web\/el-pueblo-awa-denuncia-asesinato-de-joven-indigena\/","name":"El pueblo Aw\u00e1 denuncia asesinato de joven ind\u00edgena | P\u00e1gina10","isPartOf":{"@id":"https:\/\/pagina10.com\/web\/#website"},"primaryImageOfPage":{"@id":"https:\/\/pagina10.com\/web\/el-pueblo-awa-denuncia-asesinato-de-joven-indigena\/#primaryimage"},"image":{"@id":"https:\/\/pagina10.com\/web\/el-pueblo-awa-denuncia-asesinato-de-joven-indigena\/#primaryimage"},"thumbnailUrl":"https:\/\/pagina10.com\/web\/wp-content\/uploads\/2020\/11\/indi.jpg","datePublished":"2020-11-08T23:20:53+00:00","breadcrumb":{"@id":"https:\/\/pagina10.com\/web\/el-pueblo-awa-denuncia-asesinato-de-joven-indigena\/#breadcrumb"},"inLanguage":"es","potentialAction":[{"@type":"ReadAction","target":["https:\/\/pagina10.com\/web\/el-pueblo-awa-denuncia-asesinato-de-joven-indigena\/"]}]},{"@type":"ImageObject","inLanguage":"es","@id":"https:\/\/pagina10.com\/web\/el-pueblo-awa-denuncia-asesinato-de-joven-indigena\/#primaryimage","url":"https:\/\/pagina10.com\/web\/wp-content\/uploads\/2020\/11\/indi.jpg","contentUrl":"https:\/\/pagina10.com\/web\/wp-content\/uploads\/2020\/11\/indi.jpg","width":512,"height":317},{"@type":"BreadcrumbList","@id":"https:\/\/pagina10.com\/web\/el-pueblo-awa-denuncia-asesinato-de-joven-indigena\/#breadcrumb","itemListElement":[{"@type":"ListItem","position":1,"name":"Portada","item":"https:\/\/pagina10.com\/web\/"},{"@type":"ListItem","position":2,"name":"El pueblo Aw\u00e1 denuncia asesinato de joven ind\u00edgena"}]},{"@type":"WebSite","@id":"https:\/\/pagina10.com\/web\/#website","url":"https:\/\/pagina10.com\/web\/","name":"P\u00e1gina10","description":"Peri\u00f3dico Regional","publisher":{"@id":"https:\/\/pagina10.com\/web\/#organization"},"alternateName":"P\u00e1gina10 Peri\u00f3dico Regional","potentialAction":[{"@type":"SearchAction","target":{"@type":"EntryPoint","urlTemplate":"https:\/\/pagina10.com\/web\/?s={search_term_string}"},"query-input":{"@type":"PropertyValueSpecification","valueRequired":true,"valueName":"search_term_string"}}],"inLanguage":"es"},{"@type":"Organization","@id":"https:\/\/pagina10.com\/web\/#organization","name":"P\u00e1gina10","alternateName":"P\u00e1gina10 Peri\u00f3dico Regional","url":"https:\/\/pagina10.com\/web\/","logo":{"@type":"ImageObject","inLanguage":"es","@id":"https:\/\/pagina10.com\/web\/#\/schema\/logo\/image\/","url":"https:\/\/pagina10.com\/web\/wp-content\/uploads\/2024\/01\/40-pagina-10-periodico-regional-pasto.jpg","contentUrl":"https:\/\/pagina10.com\/web\/wp-content\/uploads\/2024\/01\/40-pagina-10-periodico-regional-pasto.jpg","width":1280,"height":720,"caption":"P\u00e1gina10"},"image":{"@id":"https:\/\/pagina10.com\/web\/#\/schema\/logo\/image\/"},"sameAs":["https:\/\/www.facebook.com\/pag10com","https:\/\/x.com\/Pag10com","https:\/\/www.instagram.com\/pagina10col\/","https:\/\/youtube.com\/channel\/pag10","https:\/\/www.tiktok.com\/@p10col"]},{"@type":"Person","@id":"https:\/\/pagina10.com\/web\/#\/schema\/person\/2efc4a090d25b667d3bc796798a3a81b","name":"P\u00e1gina 10","description":"P\u00e1gina 10 es un peri\u00f3dico regional que nace en Colombia, en el departamento de Nari\u00f1o, con un enfoque global, fundamentado en cuatro pilares esenciales: la libertad, el pluralismo, la inclusi\u00f3n y la independencia. P\u00e1gina 10 hace referencia a Nari\u00f1o como el d\u00e9cimo departamento creado en Colombia, despu\u00e9s de un proceso pol\u00edtico liderado por actores y actrices regionales con el fin de obtener la independencia y autonom\u00eda de nuestros territorios. Con la creaci\u00f3n de P\u00e1gina 10 se pretende abrir un escenario para el dialogo, la reflexi\u00f3n y el debate que se extienda a otras geograf\u00edas de Am\u00e9rica Latina y del planeta, en una apuesta por transformar colectivamente los desaf\u00edos de un mundo contempor\u00e1neo, m\u00e1s all\u00e1 de las fronteras impuestas.","url":"https:\/\/pagina10.com\/web\/author\/pdiezadmin\/"}]}},"_links":{"self":[{"href":"https:\/\/pagina10.com\/web\/wp-json\/wp\/v2\/posts\/48429","targetHints":{"allow":["GET"]}}],"collection":[{"href":"https:\/\/pagina10.com\/web\/wp-json\/wp\/v2\/posts"}],"about":[{"href":"https:\/\/pagina10.com\/web\/wp-json\/wp\/v2\/types\/post"}],"author":[{"embeddable":true,"href":"https:\/\/pagina10.com\/web\/wp-json\/wp\/v2\/users\/1"}],"replies":[{"embeddable":true,"href":"https:\/\/pagina10.com\/web\/wp-json\/wp\/v2\/comments?post=48429"}],"version-history":[{"count":1,"href":"https:\/\/pagina10.com\/web\/wp-json\/wp\/v2\/posts\/48429\/revisions"}],"predecessor-version":[{"id":48431,"href":"https:\/\/pagina10.com\/web\/wp-json\/wp\/v2\/posts\/48429\/revisions\/48431"}],"wp:featuredmedia":[{"embeddable":true,"href":"https:\/\/pagina10.com\/web\/wp-json\/wp\/v2\/media\/48430"}],"wp:attachment":[{"href":"https:\/\/pagina10.com\/web\/wp-json\/wp\/v2\/media?parent=48429"}],"wp:term":[{"taxonomy":"category","embeddable":true,"href":"https:\/\/pagina10.com\/web\/wp-json\/wp\/v2\/categories?post=48429"},{"taxonomy":"post_tag","embeddable":true,"href":"https:\/\/pagina10.com\/web\/wp-json\/wp\/v2\/tags?post=48429"}],"curies":[{"name":"wp","href":"https:\/\/api.w.org\/{rel}","templated":true}]}}