{"id":48432,"date":"2020-11-09T14:23:18","date_gmt":"2020-11-09T14:23:18","guid":{"rendered":"https:\/\/pagina10.com\/web\/?p=48432"},"modified":"2020-11-09T14:23:18","modified_gmt":"2020-11-09T14:23:18","slug":"farmaceutica-pzifer-afirma-que-su-vacuna-contra-el-covid-19-es-eficaz-en-un-90","status":"publish","type":"post","link":"https:\/\/pagina10.com\/web\/farmaceutica-pzifer-afirma-que-su-vacuna-contra-el-covid-19-es-eficaz-en-un-90\/","title":{"rendered":"Farmac\u00e9utica  Pzifer afirma que su vacuna contra el covid-19 es \u201ceficaz en un 90%\u201d"},"content":{"rendered":"<p style=\"text-align: justify;\">Hace pocas horas mediante comunicado oficial la farmac\u00e9utica Pfizer comunic\u00f3 en conjunto con la firma BioNTech, noticias alentadoras en la b\u00fasqueda de resultados significativos para tratar el Covid 19, se\u00f1alando que su vacuna desarrollada es <em><strong>\u201ceficaz en un 90%\u201d<\/strong><\/em> teniendo en cuenta el primer an\u00e1lisis intermedio de su ensayo de fase 3, la \u00faltima etapa antes de pedir formalmente su homologaci\u00f3n.<\/p>\n<p style=\"text-align: justify;\">Este resultado de eficacia de protecci\u00f3n frente al virus SARS-CoV-2, se logr\u00f3 7d\u00edas despu\u00e9s de la segunda dosis de vacuna y 28 d\u00edas despu\u00e9s de la primera, seg\u00fan indica la farmac\u00e9utica estadounidense.<\/p>\n<p style=\"text-align: justify;\"><em>\u201cHemos dado un paso importante y estamos m\u00e1s cerca de proveer a los ciudadanos del mundo\u201d<\/em> esta vacuna, tan<em> \u201cnecesaria para contribuir a acabar con esta crisis sanitaria mundial<\/em>\u201d, a\u00f1adi\u00f3.<\/p>\n<p style=\"text-align: justify;\">Si las cosas van bien, se prev\u00e9 que esta vacuna estar\u00e1 disponible para 2020, suministrando 50 millones de unidades \u00a0para final de a\u00f1o y hasta 1.300 millones en 2021.<\/p>\n<p style=\"text-align: justify;\">Entre las empresas farmac\u00e9uticas con las que ha venido negociando Colombia para obtener la vacuna, se encuentra Pfizer, que el d\u00eda de hoy public\u00f3 ante la prensa este prometedor hallazgo.<\/p>\n","protected":false},"excerpt":{"rendered":"<p>Hace pocas horas mediante comunicado oficial la farmac\u00e9utica Pfizer comunic\u00f3 en conjunto con la firma BioNTech, noticias alentadoras en la b\u00fasqueda de resultados significativos para tratar el Covid 19, se\u00f1alando que su vacuna desarrollada es \u201ceficaz en un 90%\u201d teniendo en cuenta el primer an\u00e1lisis intermedio de su ensayo de fase 3, la \u00faltima etapa [&hellip;]<\/p>\n","protected":false},"author":1,"featured_media":48433,"comment_status":"open","ping_status":"open","sticky":false,"template":"","format":"standard","meta":{"footnotes":""},"categories":[9],"tags":[],"class_list":["post-48432","post","type-post","status-publish","format-standard","has-post-thumbnail","hentry","category-global"],"yoast_head":"<!-- This site is optimized with the Yoast SEO plugin v27.1.1 - https:\/\/yoast.com\/product\/yoast-seo-wordpress\/ -->\n<title>Farmac\u00e9utica Pzifer afirma que su vacuna contra el covid-19 es \u201ceficaz en un 90%\u201d | P\u00e1gina10<\/title>\n<meta name=\"robots\" content=\"index, follow, max-snippet:-1, max-image-preview:large, max-video-preview:-1\" \/>\n<link rel=\"canonical\" href=\"https:\/\/pagina10.com\/web\/farmaceutica-pzifer-afirma-que-su-vacuna-contra-el-covid-19-es-eficaz-en-un-90\/\" \/>\n<meta property=\"og:locale\" content=\"es_ES\" \/>\n<meta property=\"og:type\" content=\"article\" \/>\n<meta property=\"og:title\" content=\"Farmac\u00e9utica Pzifer afirma que su vacuna contra el covid-19 es \u201ceficaz en un 90%\u201d | P\u00e1gina10\" \/>\n<meta property=\"og:description\" content=\"Hace pocas horas mediante comunicado oficial la farmac\u00e9utica Pfizer comunic\u00f3 en conjunto con la firma BioNTech, noticias alentadoras en la b\u00fasqueda de resultados significativos para tratar el Covid 19, se\u00f1alando que su vacuna desarrollada es \u201ceficaz en un 90%\u201d teniendo en cuenta el primer an\u00e1lisis intermedio de su ensayo de fase 3, la \u00faltima etapa [&hellip;]\" \/>\n<meta property=\"og:url\" content=\"https:\/\/pagina10.com\/web\/farmaceutica-pzifer-afirma-que-su-vacuna-contra-el-covid-19-es-eficaz-en-un-90\/\" \/>\n<meta property=\"og:site_name\" content=\"P\u00e1gina10\" \/>\n<meta property=\"article:publisher\" content=\"https:\/\/www.facebook.com\/pag10com\" \/>\n<meta property=\"article:published_time\" content=\"2020-11-09T14:23:18+00:00\" \/>\n<meta property=\"og:image\" content=\"https:\/\/pagina10.com\/web\/wp-content\/uploads\/2020\/11\/vacuna.jpg\" \/>\n\t<meta property=\"og:image:width\" content=\"720\" \/>\n\t<meta property=\"og:image:height\" content=\"405\" \/>\n\t<meta property=\"og:image:type\" content=\"image\/jpeg\" \/>\n<meta name=\"author\" content=\"P\u00e1gina 10\" \/>\n<meta name=\"twitter:card\" content=\"summary_large_image\" \/>\n<meta name=\"twitter:creator\" content=\"@Pag10com\" \/>\n<meta name=\"twitter:site\" content=\"@Pag10com\" \/>\n<meta name=\"twitter:label1\" content=\"Escrito por\" \/>\n\t<meta name=\"twitter:data1\" content=\"P\u00e1gina 10\" \/>\n\t<meta name=\"twitter:label2\" content=\"Tiempo de lectura\" \/>\n\t<meta name=\"twitter:data2\" content=\"1 minuto\" \/>\n<script type=\"application\/ld+json\" class=\"yoast-schema-graph\">{\"@context\":\"https:\/\/schema.org\",\"@graph\":[{\"@type\":\"Article\",\"@id\":\"https:\/\/pagina10.com\/web\/farmaceutica-pzifer-afirma-que-su-vacuna-contra-el-covid-19-es-eficaz-en-un-90\/#article\",\"isPartOf\":{\"@id\":\"https:\/\/pagina10.com\/web\/farmaceutica-pzifer-afirma-que-su-vacuna-contra-el-covid-19-es-eficaz-en-un-90\/\"},\"author\":{\"name\":\"P\u00e1gina 10\",\"@id\":\"https:\/\/pagina10.com\/web\/#\/schema\/person\/2efc4a090d25b667d3bc796798a3a81b\"},\"headline\":\"Farmac\u00e9utica Pzifer afirma que su vacuna contra el covid-19 es \u201ceficaz en un 90%\u201d\",\"datePublished\":\"2020-11-09T14:23:18+00:00\",\"mainEntityOfPage\":{\"@id\":\"https:\/\/pagina10.com\/web\/farmaceutica-pzifer-afirma-que-su-vacuna-contra-el-covid-19-es-eficaz-en-un-90\/\"},\"wordCount\":205,\"commentCount\":0,\"publisher\":{\"@id\":\"https:\/\/pagina10.com\/web\/#organization\"},\"image\":{\"@id\":\"https:\/\/pagina10.com\/web\/farmaceutica-pzifer-afirma-que-su-vacuna-contra-el-covid-19-es-eficaz-en-un-90\/#primaryimage\"},\"thumbnailUrl\":\"https:\/\/pagina10.com\/web\/wp-content\/uploads\/2020\/11\/vacuna.jpg\",\"articleSection\":[\"Global\"],\"inLanguage\":\"es\",\"potentialAction\":[{\"@type\":\"CommentAction\",\"name\":\"Comment\",\"target\":[\"https:\/\/pagina10.com\/web\/farmaceutica-pzifer-afirma-que-su-vacuna-contra-el-covid-19-es-eficaz-en-un-90\/#respond\"]}]},{\"@type\":\"WebPage\",\"@id\":\"https:\/\/pagina10.com\/web\/farmaceutica-pzifer-afirma-que-su-vacuna-contra-el-covid-19-es-eficaz-en-un-90\/\",\"url\":\"https:\/\/pagina10.com\/web\/farmaceutica-pzifer-afirma-que-su-vacuna-contra-el-covid-19-es-eficaz-en-un-90\/\",\"name\":\"Farmac\u00e9utica Pzifer afirma que su vacuna contra el covid-19 es \u201ceficaz en un 90%\u201d | P\u00e1gina10\",\"isPartOf\":{\"@id\":\"https:\/\/pagina10.com\/web\/#website\"},\"primaryImageOfPage\":{\"@id\":\"https:\/\/pagina10.com\/web\/farmaceutica-pzifer-afirma-que-su-vacuna-contra-el-covid-19-es-eficaz-en-un-90\/#primaryimage\"},\"image\":{\"@id\":\"https:\/\/pagina10.com\/web\/farmaceutica-pzifer-afirma-que-su-vacuna-contra-el-covid-19-es-eficaz-en-un-90\/#primaryimage\"},\"thumbnailUrl\":\"https:\/\/pagina10.com\/web\/wp-content\/uploads\/2020\/11\/vacuna.jpg\",\"datePublished\":\"2020-11-09T14:23:18+00:00\",\"breadcrumb\":{\"@id\":\"https:\/\/pagina10.com\/web\/farmaceutica-pzifer-afirma-que-su-vacuna-contra-el-covid-19-es-eficaz-en-un-90\/#breadcrumb\"},\"inLanguage\":\"es\",\"potentialAction\":[{\"@type\":\"ReadAction\",\"target\":[\"https:\/\/pagina10.com\/web\/farmaceutica-pzifer-afirma-que-su-vacuna-contra-el-covid-19-es-eficaz-en-un-90\/\"]}]},{\"@type\":\"ImageObject\",\"inLanguage\":\"es\",\"@id\":\"https:\/\/pagina10.com\/web\/farmaceutica-pzifer-afirma-que-su-vacuna-contra-el-covid-19-es-eficaz-en-un-90\/#primaryimage\",\"url\":\"https:\/\/pagina10.com\/web\/wp-content\/uploads\/2020\/11\/vacuna.jpg\",\"contentUrl\":\"https:\/\/pagina10.com\/web\/wp-content\/uploads\/2020\/11\/vacuna.jpg\",\"width\":720,\"height\":405},{\"@type\":\"BreadcrumbList\",\"@id\":\"https:\/\/pagina10.com\/web\/farmaceutica-pzifer-afirma-que-su-vacuna-contra-el-covid-19-es-eficaz-en-un-90\/#breadcrumb\",\"itemListElement\":[{\"@type\":\"ListItem\",\"position\":1,\"name\":\"Portada\",\"item\":\"https:\/\/pagina10.com\/web\/\"},{\"@type\":\"ListItem\",\"position\":2,\"name\":\"Farmac\u00e9utica Pzifer afirma que su vacuna contra el covid-19 es \u201ceficaz en un 90%\u201d\"}]},{\"@type\":\"WebSite\",\"@id\":\"https:\/\/pagina10.com\/web\/#website\",\"url\":\"https:\/\/pagina10.com\/web\/\",\"name\":\"P\u00e1gina10\",\"description\":\"Peri\u00f3dico Regional\",\"publisher\":{\"@id\":\"https:\/\/pagina10.com\/web\/#organization\"},\"alternateName\":\"P\u00e1gina10 Peri\u00f3dico Regional\",\"potentialAction\":[{\"@type\":\"SearchAction\",\"target\":{\"@type\":\"EntryPoint\",\"urlTemplate\":\"https:\/\/pagina10.com\/web\/?s={search_term_string}\"},\"query-input\":{\"@type\":\"PropertyValueSpecification\",\"valueRequired\":true,\"valueName\":\"search_term_string\"}}],\"inLanguage\":\"es\"},{\"@type\":\"Organization\",\"@id\":\"https:\/\/pagina10.com\/web\/#organization\",\"name\":\"P\u00e1gina10\",\"alternateName\":\"P\u00e1gina10 Peri\u00f3dico Regional\",\"url\":\"https:\/\/pagina10.com\/web\/\",\"logo\":{\"@type\":\"ImageObject\",\"inLanguage\":\"es\",\"@id\":\"https:\/\/pagina10.com\/web\/#\/schema\/logo\/image\/\",\"url\":\"https:\/\/pagina10.com\/web\/wp-content\/uploads\/2024\/01\/40-pagina-10-periodico-regional-pasto.jpg\",\"contentUrl\":\"https:\/\/pagina10.com\/web\/wp-content\/uploads\/2024\/01\/40-pagina-10-periodico-regional-pasto.jpg\",\"width\":1280,\"height\":720,\"caption\":\"P\u00e1gina10\"},\"image\":{\"@id\":\"https:\/\/pagina10.com\/web\/#\/schema\/logo\/image\/\"},\"sameAs\":[\"https:\/\/www.facebook.com\/pag10com\",\"https:\/\/x.com\/Pag10com\",\"https:\/\/www.instagram.com\/pagina10col\/\",\"https:\/\/youtube.com\/channel\/pag10\",\"https:\/\/www.tiktok.com\/@p10col\"]},{\"@type\":\"Person\",\"@id\":\"https:\/\/pagina10.com\/web\/#\/schema\/person\/2efc4a090d25b667d3bc796798a3a81b\",\"name\":\"P\u00e1gina 10\",\"description\":\"P\u00e1gina 10 es un peri\u00f3dico regional que nace en Colombia, en el departamento de Nari\u00f1o, con un enfoque global, fundamentado en cuatro pilares esenciales: la libertad, el pluralismo, la inclusi\u00f3n y la independencia. P\u00e1gina 10 hace referencia a Nari\u00f1o como el d\u00e9cimo departamento creado en Colombia, despu\u00e9s de un proceso pol\u00edtico liderado por actores y actrices regionales con el fin de obtener la independencia y autonom\u00eda de nuestros territorios. Con la creaci\u00f3n de P\u00e1gina 10 se pretende abrir un escenario para el dialogo, la reflexi\u00f3n y el debate que se extienda a otras geograf\u00edas de Am\u00e9rica Latina y del planeta, en una apuesta por transformar colectivamente los desaf\u00edos de un mundo contempor\u00e1neo, m\u00e1s all\u00e1 de las fronteras impuestas.\",\"url\":\"https:\/\/pagina10.com\/web\/author\/pdiezadmin\/\"}]}<\/script>\n<!-- \/ Yoast SEO plugin. -->","yoast_head_json":{"title":"Farmac\u00e9utica Pzifer afirma que su vacuna contra el covid-19 es \u201ceficaz en un 90%\u201d | P\u00e1gina10","robots":{"index":"index","follow":"follow","max-snippet":"max-snippet:-1","max-image-preview":"max-image-preview:large","max-video-preview":"max-video-preview:-1"},"canonical":"https:\/\/pagina10.com\/web\/farmaceutica-pzifer-afirma-que-su-vacuna-contra-el-covid-19-es-eficaz-en-un-90\/","og_locale":"es_ES","og_type":"article","og_title":"Farmac\u00e9utica Pzifer afirma que su vacuna contra el covid-19 es \u201ceficaz en un 90%\u201d | P\u00e1gina10","og_description":"Hace pocas horas mediante comunicado oficial la farmac\u00e9utica Pfizer comunic\u00f3 en conjunto con la firma BioNTech, noticias alentadoras en la b\u00fasqueda de resultados significativos para tratar el Covid 19, se\u00f1alando que su vacuna desarrollada es \u201ceficaz en un 90%\u201d teniendo en cuenta el primer an\u00e1lisis intermedio de su ensayo de fase 3, la \u00faltima etapa [&hellip;]","og_url":"https:\/\/pagina10.com\/web\/farmaceutica-pzifer-afirma-que-su-vacuna-contra-el-covid-19-es-eficaz-en-un-90\/","og_site_name":"P\u00e1gina10","article_publisher":"https:\/\/www.facebook.com\/pag10com","article_published_time":"2020-11-09T14:23:18+00:00","og_image":[{"width":720,"height":405,"url":"https:\/\/pagina10.com\/web\/wp-content\/uploads\/2020\/11\/vacuna.jpg","type":"image\/jpeg"}],"author":"P\u00e1gina 10","twitter_card":"summary_large_image","twitter_creator":"@Pag10com","twitter_site":"@Pag10com","twitter_misc":{"Escrito por":"P\u00e1gina 10","Tiempo de lectura":"1 minuto"},"schema":{"@context":"https:\/\/schema.org","@graph":[{"@type":"Article","@id":"https:\/\/pagina10.com\/web\/farmaceutica-pzifer-afirma-que-su-vacuna-contra-el-covid-19-es-eficaz-en-un-90\/#article","isPartOf":{"@id":"https:\/\/pagina10.com\/web\/farmaceutica-pzifer-afirma-que-su-vacuna-contra-el-covid-19-es-eficaz-en-un-90\/"},"author":{"name":"P\u00e1gina 10","@id":"https:\/\/pagina10.com\/web\/#\/schema\/person\/2efc4a090d25b667d3bc796798a3a81b"},"headline":"Farmac\u00e9utica Pzifer afirma que su vacuna contra el covid-19 es \u201ceficaz en un 90%\u201d","datePublished":"2020-11-09T14:23:18+00:00","mainEntityOfPage":{"@id":"https:\/\/pagina10.com\/web\/farmaceutica-pzifer-afirma-que-su-vacuna-contra-el-covid-19-es-eficaz-en-un-90\/"},"wordCount":205,"commentCount":0,"publisher":{"@id":"https:\/\/pagina10.com\/web\/#organization"},"image":{"@id":"https:\/\/pagina10.com\/web\/farmaceutica-pzifer-afirma-que-su-vacuna-contra-el-covid-19-es-eficaz-en-un-90\/#primaryimage"},"thumbnailUrl":"https:\/\/pagina10.com\/web\/wp-content\/uploads\/2020\/11\/vacuna.jpg","articleSection":["Global"],"inLanguage":"es","potentialAction":[{"@type":"CommentAction","name":"Comment","target":["https:\/\/pagina10.com\/web\/farmaceutica-pzifer-afirma-que-su-vacuna-contra-el-covid-19-es-eficaz-en-un-90\/#respond"]}]},{"@type":"WebPage","@id":"https:\/\/pagina10.com\/web\/farmaceutica-pzifer-afirma-que-su-vacuna-contra-el-covid-19-es-eficaz-en-un-90\/","url":"https:\/\/pagina10.com\/web\/farmaceutica-pzifer-afirma-que-su-vacuna-contra-el-covid-19-es-eficaz-en-un-90\/","name":"Farmac\u00e9utica Pzifer afirma que su vacuna contra el covid-19 es \u201ceficaz en un 90%\u201d | P\u00e1gina10","isPartOf":{"@id":"https:\/\/pagina10.com\/web\/#website"},"primaryImageOfPage":{"@id":"https:\/\/pagina10.com\/web\/farmaceutica-pzifer-afirma-que-su-vacuna-contra-el-covid-19-es-eficaz-en-un-90\/#primaryimage"},"image":{"@id":"https:\/\/pagina10.com\/web\/farmaceutica-pzifer-afirma-que-su-vacuna-contra-el-covid-19-es-eficaz-en-un-90\/#primaryimage"},"thumbnailUrl":"https:\/\/pagina10.com\/web\/wp-content\/uploads\/2020\/11\/vacuna.jpg","datePublished":"2020-11-09T14:23:18+00:00","breadcrumb":{"@id":"https:\/\/pagina10.com\/web\/farmaceutica-pzifer-afirma-que-su-vacuna-contra-el-covid-19-es-eficaz-en-un-90\/#breadcrumb"},"inLanguage":"es","potentialAction":[{"@type":"ReadAction","target":["https:\/\/pagina10.com\/web\/farmaceutica-pzifer-afirma-que-su-vacuna-contra-el-covid-19-es-eficaz-en-un-90\/"]}]},{"@type":"ImageObject","inLanguage":"es","@id":"https:\/\/pagina10.com\/web\/farmaceutica-pzifer-afirma-que-su-vacuna-contra-el-covid-19-es-eficaz-en-un-90\/#primaryimage","url":"https:\/\/pagina10.com\/web\/wp-content\/uploads\/2020\/11\/vacuna.jpg","contentUrl":"https:\/\/pagina10.com\/web\/wp-content\/uploads\/2020\/11\/vacuna.jpg","width":720,"height":405},{"@type":"BreadcrumbList","@id":"https:\/\/pagina10.com\/web\/farmaceutica-pzifer-afirma-que-su-vacuna-contra-el-covid-19-es-eficaz-en-un-90\/#breadcrumb","itemListElement":[{"@type":"ListItem","position":1,"name":"Portada","item":"https:\/\/pagina10.com\/web\/"},{"@type":"ListItem","position":2,"name":"Farmac\u00e9utica Pzifer afirma que su vacuna contra el covid-19 es \u201ceficaz en un 90%\u201d"}]},{"@type":"WebSite","@id":"https:\/\/pagina10.com\/web\/#website","url":"https:\/\/pagina10.com\/web\/","name":"P\u00e1gina10","description":"Peri\u00f3dico Regional","publisher":{"@id":"https:\/\/pagina10.com\/web\/#organization"},"alternateName":"P\u00e1gina10 Peri\u00f3dico Regional","potentialAction":[{"@type":"SearchAction","target":{"@type":"EntryPoint","urlTemplate":"https:\/\/pagina10.com\/web\/?s={search_term_string}"},"query-input":{"@type":"PropertyValueSpecification","valueRequired":true,"valueName":"search_term_string"}}],"inLanguage":"es"},{"@type":"Organization","@id":"https:\/\/pagina10.com\/web\/#organization","name":"P\u00e1gina10","alternateName":"P\u00e1gina10 Peri\u00f3dico Regional","url":"https:\/\/pagina10.com\/web\/","logo":{"@type":"ImageObject","inLanguage":"es","@id":"https:\/\/pagina10.com\/web\/#\/schema\/logo\/image\/","url":"https:\/\/pagina10.com\/web\/wp-content\/uploads\/2024\/01\/40-pagina-10-periodico-regional-pasto.jpg","contentUrl":"https:\/\/pagina10.com\/web\/wp-content\/uploads\/2024\/01\/40-pagina-10-periodico-regional-pasto.jpg","width":1280,"height":720,"caption":"P\u00e1gina10"},"image":{"@id":"https:\/\/pagina10.com\/web\/#\/schema\/logo\/image\/"},"sameAs":["https:\/\/www.facebook.com\/pag10com","https:\/\/x.com\/Pag10com","https:\/\/www.instagram.com\/pagina10col\/","https:\/\/youtube.com\/channel\/pag10","https:\/\/www.tiktok.com\/@p10col"]},{"@type":"Person","@id":"https:\/\/pagina10.com\/web\/#\/schema\/person\/2efc4a090d25b667d3bc796798a3a81b","name":"P\u00e1gina 10","description":"P\u00e1gina 10 es un peri\u00f3dico regional que nace en Colombia, en el departamento de Nari\u00f1o, con un enfoque global, fundamentado en cuatro pilares esenciales: la libertad, el pluralismo, la inclusi\u00f3n y la independencia. P\u00e1gina 10 hace referencia a Nari\u00f1o como el d\u00e9cimo departamento creado en Colombia, despu\u00e9s de un proceso pol\u00edtico liderado por actores y actrices regionales con el fin de obtener la independencia y autonom\u00eda de nuestros territorios. Con la creaci\u00f3n de P\u00e1gina 10 se pretende abrir un escenario para el dialogo, la reflexi\u00f3n y el debate que se extienda a otras geograf\u00edas de Am\u00e9rica Latina y del planeta, en una apuesta por transformar colectivamente los desaf\u00edos de un mundo contempor\u00e1neo, m\u00e1s all\u00e1 de las fronteras impuestas.","url":"https:\/\/pagina10.com\/web\/author\/pdiezadmin\/"}]}},"_links":{"self":[{"href":"https:\/\/pagina10.com\/web\/wp-json\/wp\/v2\/posts\/48432","targetHints":{"allow":["GET"]}}],"collection":[{"href":"https:\/\/pagina10.com\/web\/wp-json\/wp\/v2\/posts"}],"about":[{"href":"https:\/\/pagina10.com\/web\/wp-json\/wp\/v2\/types\/post"}],"author":[{"embeddable":true,"href":"https:\/\/pagina10.com\/web\/wp-json\/wp\/v2\/users\/1"}],"replies":[{"embeddable":true,"href":"https:\/\/pagina10.com\/web\/wp-json\/wp\/v2\/comments?post=48432"}],"version-history":[{"count":1,"href":"https:\/\/pagina10.com\/web\/wp-json\/wp\/v2\/posts\/48432\/revisions"}],"predecessor-version":[{"id":48434,"href":"https:\/\/pagina10.com\/web\/wp-json\/wp\/v2\/posts\/48432\/revisions\/48434"}],"wp:featuredmedia":[{"embeddable":true,"href":"https:\/\/pagina10.com\/web\/wp-json\/wp\/v2\/media\/48433"}],"wp:attachment":[{"href":"https:\/\/pagina10.com\/web\/wp-json\/wp\/v2\/media?parent=48432"}],"wp:term":[{"taxonomy":"category","embeddable":true,"href":"https:\/\/pagina10.com\/web\/wp-json\/wp\/v2\/categories?post=48432"},{"taxonomy":"post_tag","embeddable":true,"href":"https:\/\/pagina10.com\/web\/wp-json\/wp\/v2\/tags?post=48432"}],"curies":[{"name":"wp","href":"https:\/\/api.w.org\/{rel}","templated":true}]}}