{"id":48443,"date":"2020-11-09T19:51:07","date_gmt":"2020-11-09T19:51:07","guid":{"rendered":"https:\/\/pagina10.com\/web\/?p=48443"},"modified":"2020-11-10T00:28:23","modified_gmt":"2020-11-10T00:28:23","slug":"biden-un-justo-ganador","status":"publish","type":"post","link":"https:\/\/pagina10.com\/web\/biden-un-justo-ganador\/","title":{"rendered":"Biden, un justo ganador"},"content":{"rendered":"<p style=\"text-align: justify;\">Luego de varios d\u00edas de incertidumbre mundial por cuenta de las elecciones presidenciales en los Estados Unidos, por fin se conocieron los resultados electorales que llevaron a la victoria al dem\u00f3crata Joe Biden, el exvicepresidente de Barack Obama.<\/p>\n<p style=\"text-align: justify;\">Los estadounidenses eligieron entre dos propuestas totalmente contrarias, dos temperamentos extremadamente opuestos, Trump, arrogante, alterado y Biden un hombre tranquilo, sereno y muy pausado, esas diferencias personales tambi\u00e9n fueron muy notables en las propuestas de campa\u00f1a.<\/p>\n<p style=\"text-align: justify;\">Contrastes abismales en cinco puntos cruciales, como el manejo de la pandemia, econom\u00eda, inmigraci\u00f3n, salud y seguridad, fueron entre otras, las principales tem\u00e1ticas que centraron la atenci\u00f3n de los millones de votantes.<\/p>\n<p style=\"text-align: justify;\">Frente al coronavirus, Joe Biden, propuso ofrecer un programa nacional de pruebas de detecci\u00f3n de covid-19 gratuitas para todos los ciudadanos, revertir la salida de su pa\u00eds de la Organizaci\u00f3n Mundial de la Salud y poner en marcha un plan de est\u00edmulos econ\u00f3micos, entre tanto Trump, insiste en mantener la econom\u00eda abierta y evitar confinamientos a pesar de los graves riesgos que implica el virus, reabrir las escuelas en todo el pa\u00eds, tampoco es partidario de ordenar el porte de mascarillas como medida de protecci\u00f3n, es decir para el actual presidente, es m\u00e1s importante la econom\u00eda que la salud de sus habitantes.<\/p>\n<p style=\"text-align: justify;\">En materia econ\u00f3mica, el hoy presidente electo propuso aumentar a 15 d\u00f3lares el salario m\u00ednimo por hora, quitar las gabelas tributarias ofrecidas por Trump a las corporaciones y poner en marcha un plan de infraestructura a 10 a\u00f1os con cero emisiones de gases efecto invernadero. Entre tanto, Trump, planteaba continuar la Ley de Recortes de Impuestos para las corporaciones, hasta despu\u00e9s del a\u00f1o 2025, recortar el impuesto sobre el salario e invertir por lo menos dos billones de d\u00f3lares para infraestructura, propuestas muy contrarias, algo similar a lo que sucede en Colombia, con una derecha que defiende y beneficia con gabelas a los ricos de este pa\u00eds, al gran empresariado y a las multinacionales.<\/p>\n<p style=\"text-align: justify;\">La inmigraci\u00f3n fue otra de las propuestas que centraron la atenci\u00f3n de los ciudadanos en las dos campa\u00f1as, el dem\u00f3crata plante\u00f3 cancelar la construcci\u00f3n del muro en la frontera mexicana, dar facilidades para que los inmigrantes adquieran la ciudadan\u00eda norteamericana, propuesta que beneficiar\u00e1 a millones de personas indocumentadas hoy y un punto muy importante y sobre todo muy humano; frenar la separaci\u00f3n de familias en la frontera sur. Entre tanto el candidato Trump, insist\u00eda en la terminaci\u00f3n del muro, bloquear cualquier tipo de asistencia a los inmigrantes indocumentados durante los primeros cinco a\u00f1os en ese pa\u00eds, hacerle reformas al sistema migratorio y cancelar los fondos federales a unas 30 ciudades santuario.<\/p>\n<p style=\"text-align: justify;\">La salud es otro de los temas que mantuvo posiciones opuestas entre dem\u00f3cratas y republicanos, por un lado, Biden, quiere fortalecer el Obamacare y rebajar el costo de las p\u00f3lizas privadas a trav\u00e9s de subsidios gubernamentales, ofrecer un mejor acceso al sistema de salud a los inmigrantes, entre otros. En cambio, Trump, ofreci\u00f3 acabar con la ley de cuidado de salud a bajo precio (Obamacare) firmada el 23 de marzo de 2010 por el entonces presidente Barack Obama, reducir los precios de los medicamentos y combatir las pol\u00edticas de acceso al aborto.<\/p>\n<p style=\"text-align: justify;\">Finalmente, en temas de seguridad, el hoy presidente electo propuso prohibir las armas de asalto, para contrarrestar las matanzas muy frecuentes en ese pa\u00eds, tambi\u00e9n aumentar el gasto social en beneficio de las polic\u00edas locales. Por su parte Donald Trump, es partidario de instaurar un sistema federal de alertas para tener el control de acceso a las armas por parte de personas con antecedentes y hacer reformas para frenar el abuso policial.<\/p>\n<p style=\"text-align: justify;\">En t\u00e9rminos generales, el triunfo de Biden, nos tiene muy contentos a los ambientalistas del mundo, implica el regreso de los Estados Unidos al Acuerdo de Par\u00eds de lucha contra el calentamiento global, gan\u00f3 la paz mundial, recordemos que siendo vicepresidente; Biden apoyo el proceso de paz colombiano, incluso delegaron a Bernard Aronson en su momento para tal fin, \u00a0gan\u00f3 la vida en las elecciones de los Estados Unidos.<\/p>\n<p style=\"text-align: justify;\">Con Joe Biden, vendr\u00e1n nuevos tiempos para los Estados Unidos, ser\u00e1 un gobierno m\u00e1s cercano\u00a0 a los ciudadanos, m\u00e1s sensible a las causas sociales y ambientales, m\u00e1s progresista, m\u00e1s sensato en las peticiones de sus gentes, en fin, un cambio extremo en la pol\u00edtica de derecha de los \u00faltimos cuatro a\u00f1os, ojal\u00e1 que las intromisiones de algunos pol\u00edticos del partido de gobierno colombiano en las elecciones de ese pa\u00eds, no afecten las relaciones del nuevo gobierno norteamericano con Colombia y un presidente -a juicio de ellos- \u201ccastro-chavista\u201d.<\/p>\n<p style=\"text-align: justify;\">\n","protected":false},"excerpt":{"rendered":"<p>Luego de varios d\u00edas de incertidumbre mundial por cuenta de las elecciones presidenciales en los Estados Unidos, por fin se conocieron los resultados electorales que llevaron a la victoria al dem\u00f3crata Joe Biden, el exvicepresidente de Barack Obama. Los estadounidenses eligieron entre dos propuestas totalmente contrarias, dos temperamentos extremadamente opuestos, Trump, arrogante, alterado y Biden [&hellip;]<\/p>\n","protected":false},"author":85,"featured_media":48444,"comment_status":"open","ping_status":"open","sticky":false,"template":"","format":"standard","meta":{"footnotes":""},"categories":[9],"tags":[],"class_list":["post-48443","post","type-post","status-publish","format-standard","has-post-thumbnail","hentry","category-global"],"yoast_head":"<!-- This site is optimized with the Yoast SEO plugin v27.1.1 - https:\/\/yoast.com\/product\/yoast-seo-wordpress\/ -->\n<title>Biden, un justo ganador | P\u00e1gina10<\/title>\n<meta name=\"robots\" content=\"index, follow, max-snippet:-1, max-image-preview:large, max-video-preview:-1\" \/>\n<link rel=\"canonical\" href=\"https:\/\/pagina10.com\/web\/biden-un-justo-ganador\/\" \/>\n<meta property=\"og:locale\" content=\"es_ES\" \/>\n<meta property=\"og:type\" content=\"article\" \/>\n<meta property=\"og:title\" content=\"Biden, un justo ganador | P\u00e1gina10\" \/>\n<meta property=\"og:description\" content=\"Luego de varios d\u00edas de incertidumbre mundial por cuenta de las elecciones presidenciales en los Estados Unidos, por fin se conocieron los resultados electorales que llevaron a la victoria al dem\u00f3crata Joe Biden, el exvicepresidente de Barack Obama. Los estadounidenses eligieron entre dos propuestas totalmente contrarias, dos temperamentos extremadamente opuestos, Trump, arrogante, alterado y Biden [&hellip;]\" \/>\n<meta property=\"og:url\" content=\"https:\/\/pagina10.com\/web\/biden-un-justo-ganador\/\" \/>\n<meta property=\"og:site_name\" content=\"P\u00e1gina10\" \/>\n<meta property=\"article:publisher\" content=\"https:\/\/www.facebook.com\/pag10com\" \/>\n<meta property=\"article:published_time\" content=\"2020-11-09T19:51:07+00:00\" \/>\n<meta property=\"article:modified_time\" content=\"2020-11-10T00:28:23+00:00\" \/>\n<meta property=\"og:image\" content=\"https:\/\/pagina10.com\/web\/wp-content\/uploads\/2020\/11\/biden.jpg\" \/>\n\t<meta property=\"og:image:width\" content=\"512\" \/>\n\t<meta property=\"og:image:height\" content=\"384\" \/>\n\t<meta property=\"og:image:type\" content=\"image\/jpeg\" \/>\n<meta name=\"author\" content=\"Guillermo Garc\u00eda Realpe\" \/>\n<meta name=\"twitter:card\" content=\"summary_large_image\" \/>\n<meta name=\"twitter:creator\" content=\"@Pag10com\" \/>\n<meta name=\"twitter:site\" content=\"@Pag10com\" \/>\n<meta name=\"twitter:label1\" content=\"Escrito por\" \/>\n\t<meta name=\"twitter:data1\" content=\"Guillermo Garc\u00eda Realpe\" \/>\n\t<meta name=\"twitter:label2\" content=\"Tiempo de lectura\" \/>\n\t<meta name=\"twitter:data2\" content=\"4 minutos\" \/>\n<script type=\"application\/ld+json\" class=\"yoast-schema-graph\">{\"@context\":\"https:\/\/schema.org\",\"@graph\":[{\"@type\":\"Article\",\"@id\":\"https:\/\/pagina10.com\/web\/biden-un-justo-ganador\/#article\",\"isPartOf\":{\"@id\":\"https:\/\/pagina10.com\/web\/biden-un-justo-ganador\/\"},\"author\":{\"name\":\"Guillermo Garc\u00eda Realpe\",\"@id\":\"https:\/\/pagina10.com\/web\/#\/schema\/person\/788dc7d4d3c6a4d81fc2a55324704841\"},\"headline\":\"Biden, un justo ganador\",\"datePublished\":\"2020-11-09T19:51:07+00:00\",\"dateModified\":\"2020-11-10T00:28:23+00:00\",\"mainEntityOfPage\":{\"@id\":\"https:\/\/pagina10.com\/web\/biden-un-justo-ganador\/\"},\"wordCount\":806,\"commentCount\":0,\"publisher\":{\"@id\":\"https:\/\/pagina10.com\/web\/#organization\"},\"image\":{\"@id\":\"https:\/\/pagina10.com\/web\/biden-un-justo-ganador\/#primaryimage\"},\"thumbnailUrl\":\"https:\/\/pagina10.com\/web\/wp-content\/uploads\/2020\/11\/biden.jpg\",\"articleSection\":[\"Global\"],\"inLanguage\":\"es\",\"potentialAction\":[{\"@type\":\"CommentAction\",\"name\":\"Comment\",\"target\":[\"https:\/\/pagina10.com\/web\/biden-un-justo-ganador\/#respond\"]}]},{\"@type\":\"WebPage\",\"@id\":\"https:\/\/pagina10.com\/web\/biden-un-justo-ganador\/\",\"url\":\"https:\/\/pagina10.com\/web\/biden-un-justo-ganador\/\",\"name\":\"Biden, un justo ganador | P\u00e1gina10\",\"isPartOf\":{\"@id\":\"https:\/\/pagina10.com\/web\/#website\"},\"primaryImageOfPage\":{\"@id\":\"https:\/\/pagina10.com\/web\/biden-un-justo-ganador\/#primaryimage\"},\"image\":{\"@id\":\"https:\/\/pagina10.com\/web\/biden-un-justo-ganador\/#primaryimage\"},\"thumbnailUrl\":\"https:\/\/pagina10.com\/web\/wp-content\/uploads\/2020\/11\/biden.jpg\",\"datePublished\":\"2020-11-09T19:51:07+00:00\",\"dateModified\":\"2020-11-10T00:28:23+00:00\",\"breadcrumb\":{\"@id\":\"https:\/\/pagina10.com\/web\/biden-un-justo-ganador\/#breadcrumb\"},\"inLanguage\":\"es\",\"potentialAction\":[{\"@type\":\"ReadAction\",\"target\":[\"https:\/\/pagina10.com\/web\/biden-un-justo-ganador\/\"]}]},{\"@type\":\"ImageObject\",\"inLanguage\":\"es\",\"@id\":\"https:\/\/pagina10.com\/web\/biden-un-justo-ganador\/#primaryimage\",\"url\":\"https:\/\/pagina10.com\/web\/wp-content\/uploads\/2020\/11\/biden.jpg\",\"contentUrl\":\"https:\/\/pagina10.com\/web\/wp-content\/uploads\/2020\/11\/biden.jpg\",\"width\":512,\"height\":384},{\"@type\":\"BreadcrumbList\",\"@id\":\"https:\/\/pagina10.com\/web\/biden-un-justo-ganador\/#breadcrumb\",\"itemListElement\":[{\"@type\":\"ListItem\",\"position\":1,\"name\":\"Portada\",\"item\":\"https:\/\/pagina10.com\/web\/\"},{\"@type\":\"ListItem\",\"position\":2,\"name\":\"Biden, un justo ganador\"}]},{\"@type\":\"WebSite\",\"@id\":\"https:\/\/pagina10.com\/web\/#website\",\"url\":\"https:\/\/pagina10.com\/web\/\",\"name\":\"P\u00e1gina10\",\"description\":\"Peri\u00f3dico Regional\",\"publisher\":{\"@id\":\"https:\/\/pagina10.com\/web\/#organization\"},\"alternateName\":\"P\u00e1gina10 Peri\u00f3dico Regional\",\"potentialAction\":[{\"@type\":\"SearchAction\",\"target\":{\"@type\":\"EntryPoint\",\"urlTemplate\":\"https:\/\/pagina10.com\/web\/?s={search_term_string}\"},\"query-input\":{\"@type\":\"PropertyValueSpecification\",\"valueRequired\":true,\"valueName\":\"search_term_string\"}}],\"inLanguage\":\"es\"},{\"@type\":\"Organization\",\"@id\":\"https:\/\/pagina10.com\/web\/#organization\",\"name\":\"P\u00e1gina10\",\"alternateName\":\"P\u00e1gina10 Peri\u00f3dico Regional\",\"url\":\"https:\/\/pagina10.com\/web\/\",\"logo\":{\"@type\":\"ImageObject\",\"inLanguage\":\"es\",\"@id\":\"https:\/\/pagina10.com\/web\/#\/schema\/logo\/image\/\",\"url\":\"https:\/\/pagina10.com\/web\/wp-content\/uploads\/2024\/01\/40-pagina-10-periodico-regional-pasto.jpg\",\"contentUrl\":\"https:\/\/pagina10.com\/web\/wp-content\/uploads\/2024\/01\/40-pagina-10-periodico-regional-pasto.jpg\",\"width\":1280,\"height\":720,\"caption\":\"P\u00e1gina10\"},\"image\":{\"@id\":\"https:\/\/pagina10.com\/web\/#\/schema\/logo\/image\/\"},\"sameAs\":[\"https:\/\/www.facebook.com\/pag10com\",\"https:\/\/x.com\/Pag10com\",\"https:\/\/www.instagram.com\/pagina10col\/\",\"https:\/\/youtube.com\/channel\/pag10\",\"https:\/\/www.tiktok.com\/@p10col\"]},{\"@type\":\"Person\",\"@id\":\"https:\/\/pagina10.com\/web\/#\/schema\/person\/788dc7d4d3c6a4d81fc2a55324704841\",\"name\":\"Guillermo Garc\u00eda Realpe\",\"description\":\"Guillermo Garc\u00eda Realpe es un abogado y economista egresado de la Pontifica Universidad Javeriana, con maestr\u00eda en Desarrollo Econ\u00f3mico por la Universidad de Andaluc\u00eda, Espa\u00f1a. Nacido en el municipio de La Cruz, Nari\u00f1o, abogado, economista y pol\u00edtico colombiano. Ha desempe\u00f1ado importantes cargos tanto a nivel regional como nacional. Fue concejal de Pasto y diputado de la asamblea de Nari\u00f1o y entre 1994 y 1997 trabaj\u00f3 para el Ministerio del Interior, como asesor y Secretario General, siendo Ministro Horacio Serpa. Fue candidato a la Gobernaci\u00f3n de Nari\u00f1o en 2000 y 2003. Se desempe\u00f1\u00f3 como Secretario de Hacienda de Nari\u00f1o y Secretario de Gobierno de ese departamento. En las elecciones de 2010 fue elegido en propiedad como Senador de la Rep\u00fablica. En 2012 fue elegido vicepresidente del Senado de la Rep\u00fablica. El senador Guillermo Garc\u00eda Realpe, se destaca por ser un defensor de los derechos de los animales, pertenece a la bancada animalista del Congreso, es un aliado de la defensa del medio ambiente y trabajador incansable por el agro y los campesinos colombianos. Adem\u00e1s es un aliado incondicional en la b\u00fasqueda de la paz nacional y en lograr precios justos en los combustibles.\",\"url\":\"https:\/\/pagina10.com\/web\/author\/ggarciarealpe\/\"}]}<\/script>\n<!-- \/ Yoast SEO plugin. -->","yoast_head_json":{"title":"Biden, un justo ganador | P\u00e1gina10","robots":{"index":"index","follow":"follow","max-snippet":"max-snippet:-1","max-image-preview":"max-image-preview:large","max-video-preview":"max-video-preview:-1"},"canonical":"https:\/\/pagina10.com\/web\/biden-un-justo-ganador\/","og_locale":"es_ES","og_type":"article","og_title":"Biden, un justo ganador | P\u00e1gina10","og_description":"Luego de varios d\u00edas de incertidumbre mundial por cuenta de las elecciones presidenciales en los Estados Unidos, por fin se conocieron los resultados electorales que llevaron a la victoria al dem\u00f3crata Joe Biden, el exvicepresidente de Barack Obama. Los estadounidenses eligieron entre dos propuestas totalmente contrarias, dos temperamentos extremadamente opuestos, Trump, arrogante, alterado y Biden [&hellip;]","og_url":"https:\/\/pagina10.com\/web\/biden-un-justo-ganador\/","og_site_name":"P\u00e1gina10","article_publisher":"https:\/\/www.facebook.com\/pag10com","article_published_time":"2020-11-09T19:51:07+00:00","article_modified_time":"2020-11-10T00:28:23+00:00","og_image":[{"width":512,"height":384,"url":"https:\/\/pagina10.com\/web\/wp-content\/uploads\/2020\/11\/biden.jpg","type":"image\/jpeg"}],"author":"Guillermo Garc\u00eda Realpe","twitter_card":"summary_large_image","twitter_creator":"@Pag10com","twitter_site":"@Pag10com","twitter_misc":{"Escrito por":"Guillermo Garc\u00eda Realpe","Tiempo de lectura":"4 minutos"},"schema":{"@context":"https:\/\/schema.org","@graph":[{"@type":"Article","@id":"https:\/\/pagina10.com\/web\/biden-un-justo-ganador\/#article","isPartOf":{"@id":"https:\/\/pagina10.com\/web\/biden-un-justo-ganador\/"},"author":{"name":"Guillermo Garc\u00eda Realpe","@id":"https:\/\/pagina10.com\/web\/#\/schema\/person\/788dc7d4d3c6a4d81fc2a55324704841"},"headline":"Biden, un justo ganador","datePublished":"2020-11-09T19:51:07+00:00","dateModified":"2020-11-10T00:28:23+00:00","mainEntityOfPage":{"@id":"https:\/\/pagina10.com\/web\/biden-un-justo-ganador\/"},"wordCount":806,"commentCount":0,"publisher":{"@id":"https:\/\/pagina10.com\/web\/#organization"},"image":{"@id":"https:\/\/pagina10.com\/web\/biden-un-justo-ganador\/#primaryimage"},"thumbnailUrl":"https:\/\/pagina10.com\/web\/wp-content\/uploads\/2020\/11\/biden.jpg","articleSection":["Global"],"inLanguage":"es","potentialAction":[{"@type":"CommentAction","name":"Comment","target":["https:\/\/pagina10.com\/web\/biden-un-justo-ganador\/#respond"]}]},{"@type":"WebPage","@id":"https:\/\/pagina10.com\/web\/biden-un-justo-ganador\/","url":"https:\/\/pagina10.com\/web\/biden-un-justo-ganador\/","name":"Biden, un justo ganador | P\u00e1gina10","isPartOf":{"@id":"https:\/\/pagina10.com\/web\/#website"},"primaryImageOfPage":{"@id":"https:\/\/pagina10.com\/web\/biden-un-justo-ganador\/#primaryimage"},"image":{"@id":"https:\/\/pagina10.com\/web\/biden-un-justo-ganador\/#primaryimage"},"thumbnailUrl":"https:\/\/pagina10.com\/web\/wp-content\/uploads\/2020\/11\/biden.jpg","datePublished":"2020-11-09T19:51:07+00:00","dateModified":"2020-11-10T00:28:23+00:00","breadcrumb":{"@id":"https:\/\/pagina10.com\/web\/biden-un-justo-ganador\/#breadcrumb"},"inLanguage":"es","potentialAction":[{"@type":"ReadAction","target":["https:\/\/pagina10.com\/web\/biden-un-justo-ganador\/"]}]},{"@type":"ImageObject","inLanguage":"es","@id":"https:\/\/pagina10.com\/web\/biden-un-justo-ganador\/#primaryimage","url":"https:\/\/pagina10.com\/web\/wp-content\/uploads\/2020\/11\/biden.jpg","contentUrl":"https:\/\/pagina10.com\/web\/wp-content\/uploads\/2020\/11\/biden.jpg","width":512,"height":384},{"@type":"BreadcrumbList","@id":"https:\/\/pagina10.com\/web\/biden-un-justo-ganador\/#breadcrumb","itemListElement":[{"@type":"ListItem","position":1,"name":"Portada","item":"https:\/\/pagina10.com\/web\/"},{"@type":"ListItem","position":2,"name":"Biden, un justo ganador"}]},{"@type":"WebSite","@id":"https:\/\/pagina10.com\/web\/#website","url":"https:\/\/pagina10.com\/web\/","name":"P\u00e1gina10","description":"Peri\u00f3dico Regional","publisher":{"@id":"https:\/\/pagina10.com\/web\/#organization"},"alternateName":"P\u00e1gina10 Peri\u00f3dico Regional","potentialAction":[{"@type":"SearchAction","target":{"@type":"EntryPoint","urlTemplate":"https:\/\/pagina10.com\/web\/?s={search_term_string}"},"query-input":{"@type":"PropertyValueSpecification","valueRequired":true,"valueName":"search_term_string"}}],"inLanguage":"es"},{"@type":"Organization","@id":"https:\/\/pagina10.com\/web\/#organization","name":"P\u00e1gina10","alternateName":"P\u00e1gina10 Peri\u00f3dico Regional","url":"https:\/\/pagina10.com\/web\/","logo":{"@type":"ImageObject","inLanguage":"es","@id":"https:\/\/pagina10.com\/web\/#\/schema\/logo\/image\/","url":"https:\/\/pagina10.com\/web\/wp-content\/uploads\/2024\/01\/40-pagina-10-periodico-regional-pasto.jpg","contentUrl":"https:\/\/pagina10.com\/web\/wp-content\/uploads\/2024\/01\/40-pagina-10-periodico-regional-pasto.jpg","width":1280,"height":720,"caption":"P\u00e1gina10"},"image":{"@id":"https:\/\/pagina10.com\/web\/#\/schema\/logo\/image\/"},"sameAs":["https:\/\/www.facebook.com\/pag10com","https:\/\/x.com\/Pag10com","https:\/\/www.instagram.com\/pagina10col\/","https:\/\/youtube.com\/channel\/pag10","https:\/\/www.tiktok.com\/@p10col"]},{"@type":"Person","@id":"https:\/\/pagina10.com\/web\/#\/schema\/person\/788dc7d4d3c6a4d81fc2a55324704841","name":"Guillermo Garc\u00eda Realpe","description":"Guillermo Garc\u00eda Realpe es un abogado y economista egresado de la Pontifica Universidad Javeriana, con maestr\u00eda en Desarrollo Econ\u00f3mico por la Universidad de Andaluc\u00eda, Espa\u00f1a. Nacido en el municipio de La Cruz, Nari\u00f1o, abogado, economista y pol\u00edtico colombiano. Ha desempe\u00f1ado importantes cargos tanto a nivel regional como nacional. Fue concejal de Pasto y diputado de la asamblea de Nari\u00f1o y entre 1994 y 1997 trabaj\u00f3 para el Ministerio del Interior, como asesor y Secretario General, siendo Ministro Horacio Serpa. Fue candidato a la Gobernaci\u00f3n de Nari\u00f1o en 2000 y 2003. Se desempe\u00f1\u00f3 como Secretario de Hacienda de Nari\u00f1o y Secretario de Gobierno de ese departamento. En las elecciones de 2010 fue elegido en propiedad como Senador de la Rep\u00fablica. En 2012 fue elegido vicepresidente del Senado de la Rep\u00fablica. El senador Guillermo Garc\u00eda Realpe, se destaca por ser un defensor de los derechos de los animales, pertenece a la bancada animalista del Congreso, es un aliado de la defensa del medio ambiente y trabajador incansable por el agro y los campesinos colombianos. Adem\u00e1s es un aliado incondicional en la b\u00fasqueda de la paz nacional y en lograr precios justos en los combustibles.","url":"https:\/\/pagina10.com\/web\/author\/ggarciarealpe\/"}]}},"_links":{"self":[{"href":"https:\/\/pagina10.com\/web\/wp-json\/wp\/v2\/posts\/48443","targetHints":{"allow":["GET"]}}],"collection":[{"href":"https:\/\/pagina10.com\/web\/wp-json\/wp\/v2\/posts"}],"about":[{"href":"https:\/\/pagina10.com\/web\/wp-json\/wp\/v2\/types\/post"}],"author":[{"embeddable":true,"href":"https:\/\/pagina10.com\/web\/wp-json\/wp\/v2\/users\/85"}],"replies":[{"embeddable":true,"href":"https:\/\/pagina10.com\/web\/wp-json\/wp\/v2\/comments?post=48443"}],"version-history":[{"count":2,"href":"https:\/\/pagina10.com\/web\/wp-json\/wp\/v2\/posts\/48443\/revisions"}],"predecessor-version":[{"id":48458,"href":"https:\/\/pagina10.com\/web\/wp-json\/wp\/v2\/posts\/48443\/revisions\/48458"}],"wp:featuredmedia":[{"embeddable":true,"href":"https:\/\/pagina10.com\/web\/wp-json\/wp\/v2\/media\/48444"}],"wp:attachment":[{"href":"https:\/\/pagina10.com\/web\/wp-json\/wp\/v2\/media?parent=48443"}],"wp:term":[{"taxonomy":"category","embeddable":true,"href":"https:\/\/pagina10.com\/web\/wp-json\/wp\/v2\/categories?post=48443"},{"taxonomy":"post_tag","embeddable":true,"href":"https:\/\/pagina10.com\/web\/wp-json\/wp\/v2\/tags?post=48443"}],"curies":[{"name":"wp","href":"https:\/\/api.w.org\/{rel}","templated":true}]}}