{"id":48483,"date":"2020-11-11T14:45:25","date_gmt":"2020-11-11T14:45:25","guid":{"rendered":"https:\/\/pagina10.com\/web\/?p=48483"},"modified":"2020-11-11T15:50:51","modified_gmt":"2020-11-11T15:50:51","slug":"un-sacerdote-tios-abuelos-y-un-padre-de-familia-fueron-capturados-por-delitos-sexuales-en-narino","status":"publish","type":"post","link":"https:\/\/pagina10.com\/web\/un-sacerdote-tios-abuelos-y-un-padre-de-familia-fueron-capturados-por-delitos-sexuales-en-narino\/","title":{"rendered":"Un sacerdote,  t\u00edos, abuelos y un padre de familia fueron capturados por delitos sexuales en Nari\u00f1o"},"content":{"rendered":"<p style=\"text-align: justify;\"><span lang=\"es-CO\">La Fiscal\u00eda General de la Naci\u00f3n Seccional Nari\u00f1o en el \u00faltimo mes logr\u00f3 la captura de 12 hombres investigados por delitos sexuales en contra de ni\u00f1as, ni\u00f1os y adolescentes. \u00a0<\/span><\/p>\n<p style=\"text-align: justify;\"><span lang=\"es-CO\">Un trabajo coordinado entre la Fiscal\u00eda e investigadores de Polic\u00eda Judicial permiti\u00f3 identificar a los procesados que habr\u00edan cometido estos actos en los municipios de Pasto, Ipiales, Cuaspud Carlosama, Tumaco, Iles, Tambo y Barbacoas (Nari\u00f1o). \u00a0<\/span><span lang=\"es-CO\">\u00a0<\/span><\/p>\n<p style=\"text-align: justify;\"><span lang=\"es-CO\">Las conductas punibles de acceso carnal abusivo con menor de 14 a\u00f1os y actos sexuales abusivos con menor de 14 a\u00f1os, son las que m\u00e1s han cometido los investigados. \u00a0<\/span><\/p>\n<p style=\"text-align: justify;\"><span lang=\"es-CO\">Entre los 12 capturados por delitos sexuales se judicializaron t\u00edos, abuelos, un padre de familia, amigos y conocidos de las v\u00edctimas. \u00a0<\/span><span lang=\"es-CO\">\u00a0<\/span><\/p>\n<p style=\"text-align: justify;\"><span lang=\"es-CO\">A continuaci\u00f3n, algunos de los casos:\u00a0<\/span><span lang=\"es-CO\">\u00a0<\/span><\/p>\n<ul style=\"text-align: justify;\">\n<li>Las autoridades realizaron la captura de un sacerdote que habr\u00eda abusado de una menor de 12 a\u00f1os, quien tendr\u00eda contacto cercano con el investigado.<\/li>\n<\/ul>\n<ul style=\"text-align: justify;\">\n<li>Tambi\u00e9n se hizo efectiva la captura de un hombre presunto responsable del delito de acto sexual abusivo con menor de 14 a\u00f1os. Al parecer la v\u00edctima fue su propia hija menor de edad. Los hechos de los que lo acusan habr\u00edan ocurrido durante casi 3 a\u00f1os, en la vivienda del procesado.<\/li>\n<\/ul>\n<ul style=\"text-align: justify;\">\n<li>Asimismo, el vigilante de un plantel educativo de Nari\u00f1o fue judicializado y se\u00f1alado de abusar sexualmente de una menor de 16 a\u00f1os, alumna del plantel. El detenido habr\u00eda aprovechado que la estudiante se acercaba a \u00e9l para acceder a la red de internet de la instituci\u00f3n y as\u00ed hacer sus tareas escolares.<\/li>\n<\/ul>\n<ul style=\"text-align: justify;\">\n<li>Un hombre de 21 a\u00f1os fue cobijado con internamiento preventivo, porque al parecer abus\u00f3 sexualmente de una ni\u00f1a de 11 a\u00f1os, con quien supuestamente sosten\u00eda una relaci\u00f3n sentimental. Los hechos que son materia de investigaci\u00f3n ocurrieron el 15 de diciembre de 2016, fecha en la que el procesado contaba con 17 a\u00f1os.<\/li>\n<\/ul>\n<ul style=\"text-align: justify;\">\n<li>Igualmente fue capturado un hombre que aprovechando ser vecino de la v\u00edctima de siete a\u00f1os, de forma violenta supuestamente le realiz\u00f3 tocamientos indebidos.<\/li>\n<\/ul>\n<ul style=\"text-align: justify;\">\n<li>Por el delito de acto sexual violento fue judicializado un hombre que habr\u00eda abordado una menor en la terminal de transportes de la capital nari\u00f1ense, ofreci\u00e9ndole un trabajo para lavar s\u00e1banas y cuidar a un adulto mayor en un hotel. El hombre la llev\u00f3 hasta una habitaci\u00f3n con el pretexto de esperar a la due\u00f1a para establecer los pormenores del trabajo, fue entonces cuando le habr\u00eda propuesto a la adolescente sostener relaciones sexuales, pero ante su negativa, se presume que le realiz\u00f3 tocamientos libidinosos en su cuerpo.<\/li>\n<\/ul>\n<ul style=\"text-align: justify;\">\n<li>Por acceso carnal violento agravado fue judicializado un hombre que habr\u00eda abusado sexualmente de una menor de 15 a\u00f1os en dos oportunidades. La primera, el 2 de agosto de 2019, cuando supuestamente la contrat\u00f3 para que le ayudara en labores dom\u00e9sticas y, aprovechando la situaci\u00f3n, al parecer la someti\u00f3 a los vej\u00e1menes producto de los cuales la v\u00edctima qued\u00f3 en embarazo.<\/li>\n<\/ul>\n<p style=\"text-align: justify;\"><span lang=\"es-CO\">A los 12 investigados por delitos sexuales,\u00a0jueces con funciones de control de garant\u00edas de Nari\u00f1o, los cobijaron con medida de aseguramiento en establecimiento carcelario de Ipiales, Tumaco, T\u00faquerres y Pasto (Nari\u00f1o). \u00a0<\/span><\/p>\n<p style=\"text-align: justify;\"><span lang=\"es-CO\">Cabe destacar que en el 2019 y en lo corrido del presente a\u00f1o, la fiscal\u00eda obtuvo condenas\u00a0de 9 y 8 a\u00f1os mediante preacuerdo por los delitos de actos sexuales con menor de catorce a\u00f1os y acto sexual violento, en contra de dos hombres que habr\u00edan abusado de menores de edad. \u00a0<\/span><\/p>\n<p style=\"text-align: justify;\"><span lang=\"es-CO\">Estos resultados hacen parte de la pol\u00edtica institucional del Fiscal General de la Naci\u00f3n, Francisco Barbosa Delgado en la lucha contra los delitos que vulneran la integridad sexual y f\u00edsica de ni\u00f1as, ni\u00f1os y adolescentes. \u00a0<\/span><span lang=\"es-CO\">\u00a0<\/span><\/p>\n<p><iframe style=\"border: none; overflow: hidden;\" src=\"https:\/\/www.facebook.com\/plugins\/video.php?height=314&amp;href=https%3A%2F%2Fwww.facebook.com%2Fpag10com%2Fvideos%2F1070061596787509%2F&amp;show_text=false&amp;width=560\" width=\"560\" height=\"314\" frameborder=\"0\" scrolling=\"no\" allowfullscreen=\"allowfullscreen\"><\/iframe><\/p>\n","protected":false},"excerpt":{"rendered":"<p>La Fiscal\u00eda General de la Naci\u00f3n Seccional Nari\u00f1o en el \u00faltimo mes logr\u00f3 la captura de 12 hombres investigados por delitos sexuales en contra de ni\u00f1as, ni\u00f1os y adolescentes. \u00a0 Un trabajo coordinado entre la Fiscal\u00eda e investigadores de Polic\u00eda Judicial permiti\u00f3 identificar a los procesados que habr\u00edan cometido estos actos en los municipios de [&hellip;]<\/p>\n","protected":false},"author":1,"featured_media":48484,"comment_status":"open","ping_status":"open","sticky":false,"template":"","format":"standard","meta":{"footnotes":""},"categories":[61],"tags":[],"class_list":["post-48483","post","type-post","status-publish","format-standard","has-post-thumbnail","hentry","category-judicial"],"yoast_head":"<!-- This site is optimized with the Yoast SEO plugin v27.1.1 - https:\/\/yoast.com\/product\/yoast-seo-wordpress\/ -->\n<title>Un sacerdote, t\u00edos, abuelos y un padre de familia fueron capturados por delitos sexuales en Nari\u00f1o | P\u00e1gina10<\/title>\n<meta name=\"robots\" content=\"index, follow, max-snippet:-1, max-image-preview:large, max-video-preview:-1\" \/>\n<link rel=\"canonical\" href=\"https:\/\/pagina10.com\/web\/un-sacerdote-tios-abuelos-y-un-padre-de-familia-fueron-capturados-por-delitos-sexuales-en-narino\/\" \/>\n<meta property=\"og:locale\" content=\"es_ES\" \/>\n<meta property=\"og:type\" content=\"article\" \/>\n<meta property=\"og:title\" content=\"Un sacerdote, t\u00edos, abuelos y un padre de familia fueron capturados por delitos sexuales en Nari\u00f1o | P\u00e1gina10\" \/>\n<meta property=\"og:description\" content=\"La Fiscal\u00eda General de la Naci\u00f3n Seccional Nari\u00f1o en el \u00faltimo mes logr\u00f3 la captura de 12 hombres investigados por delitos sexuales en contra de ni\u00f1as, ni\u00f1os y adolescentes. Un trabajo coordinado entre la Fiscal\u00eda e investigadores de Polic\u00eda Judicial permiti\u00f3 identificar a los procesados que habr\u00edan cometido estos actos en los municipios de [&hellip;]\" \/>\n<meta property=\"og:url\" content=\"https:\/\/pagina10.com\/web\/un-sacerdote-tios-abuelos-y-un-padre-de-familia-fueron-capturados-por-delitos-sexuales-en-narino\/\" \/>\n<meta property=\"og:site_name\" content=\"P\u00e1gina10\" \/>\n<meta property=\"article:publisher\" content=\"https:\/\/www.facebook.com\/pag10com\" \/>\n<meta property=\"article:published_time\" content=\"2020-11-11T14:45:25+00:00\" \/>\n<meta property=\"article:modified_time\" content=\"2020-11-11T15:50:51+00:00\" \/>\n<meta property=\"og:image\" content=\"https:\/\/pagina10.com\/web\/wp-content\/uploads\/2020\/11\/Captura-de-Pantalla-2020-11-11-a-las-9.44.59-a.-m..png\" \/>\n\t<meta property=\"og:image:width\" content=\"511\" \/>\n\t<meta property=\"og:image:height\" content=\"349\" \/>\n\t<meta property=\"og:image:type\" content=\"image\/png\" \/>\n<meta name=\"author\" content=\"P\u00e1gina 10\" \/>\n<meta name=\"twitter:card\" content=\"summary_large_image\" \/>\n<meta name=\"twitter:creator\" content=\"@Pag10com\" \/>\n<meta name=\"twitter:site\" content=\"@Pag10com\" \/>\n<meta name=\"twitter:label1\" content=\"Escrito por\" \/>\n\t<meta name=\"twitter:data1\" content=\"P\u00e1gina 10\" \/>\n\t<meta name=\"twitter:label2\" content=\"Tiempo de lectura\" \/>\n\t<meta name=\"twitter:data2\" content=\"3 minutos\" \/>\n<script type=\"application\/ld+json\" class=\"yoast-schema-graph\">{\"@context\":\"https:\/\/schema.org\",\"@graph\":[{\"@type\":\"Article\",\"@id\":\"https:\/\/pagina10.com\/web\/un-sacerdote-tios-abuelos-y-un-padre-de-familia-fueron-capturados-por-delitos-sexuales-en-narino\/#article\",\"isPartOf\":{\"@id\":\"https:\/\/pagina10.com\/web\/un-sacerdote-tios-abuelos-y-un-padre-de-familia-fueron-capturados-por-delitos-sexuales-en-narino\/\"},\"author\":{\"name\":\"P\u00e1gina 10\",\"@id\":\"https:\/\/pagina10.com\/web\/#\/schema\/person\/2efc4a090d25b667d3bc796798a3a81b\"},\"headline\":\"Un sacerdote, t\u00edos, abuelos y un padre de familia fueron capturados por delitos sexuales en Nari\u00f1o\",\"datePublished\":\"2020-11-11T14:45:25+00:00\",\"dateModified\":\"2020-11-11T15:50:51+00:00\",\"mainEntityOfPage\":{\"@id\":\"https:\/\/pagina10.com\/web\/un-sacerdote-tios-abuelos-y-un-padre-de-familia-fueron-capturados-por-delitos-sexuales-en-narino\/\"},\"wordCount\":650,\"commentCount\":0,\"publisher\":{\"@id\":\"https:\/\/pagina10.com\/web\/#organization\"},\"image\":{\"@id\":\"https:\/\/pagina10.com\/web\/un-sacerdote-tios-abuelos-y-un-padre-de-familia-fueron-capturados-por-delitos-sexuales-en-narino\/#primaryimage\"},\"thumbnailUrl\":\"https:\/\/pagina10.com\/web\/wp-content\/uploads\/2020\/11\/Captura-de-Pantalla-2020-11-11-a-las-9.44.59-a.-m..png\",\"articleSection\":[\"Judicial\"],\"inLanguage\":\"es\",\"potentialAction\":[{\"@type\":\"CommentAction\",\"name\":\"Comment\",\"target\":[\"https:\/\/pagina10.com\/web\/un-sacerdote-tios-abuelos-y-un-padre-de-familia-fueron-capturados-por-delitos-sexuales-en-narino\/#respond\"]}]},{\"@type\":\"WebPage\",\"@id\":\"https:\/\/pagina10.com\/web\/un-sacerdote-tios-abuelos-y-un-padre-de-familia-fueron-capturados-por-delitos-sexuales-en-narino\/\",\"url\":\"https:\/\/pagina10.com\/web\/un-sacerdote-tios-abuelos-y-un-padre-de-familia-fueron-capturados-por-delitos-sexuales-en-narino\/\",\"name\":\"Un sacerdote, t\u00edos, abuelos y un padre de familia fueron capturados por delitos sexuales en Nari\u00f1o | P\u00e1gina10\",\"isPartOf\":{\"@id\":\"https:\/\/pagina10.com\/web\/#website\"},\"primaryImageOfPage\":{\"@id\":\"https:\/\/pagina10.com\/web\/un-sacerdote-tios-abuelos-y-un-padre-de-familia-fueron-capturados-por-delitos-sexuales-en-narino\/#primaryimage\"},\"image\":{\"@id\":\"https:\/\/pagina10.com\/web\/un-sacerdote-tios-abuelos-y-un-padre-de-familia-fueron-capturados-por-delitos-sexuales-en-narino\/#primaryimage\"},\"thumbnailUrl\":\"https:\/\/pagina10.com\/web\/wp-content\/uploads\/2020\/11\/Captura-de-Pantalla-2020-11-11-a-las-9.44.59-a.-m..png\",\"datePublished\":\"2020-11-11T14:45:25+00:00\",\"dateModified\":\"2020-11-11T15:50:51+00:00\",\"breadcrumb\":{\"@id\":\"https:\/\/pagina10.com\/web\/un-sacerdote-tios-abuelos-y-un-padre-de-familia-fueron-capturados-por-delitos-sexuales-en-narino\/#breadcrumb\"},\"inLanguage\":\"es\",\"potentialAction\":[{\"@type\":\"ReadAction\",\"target\":[\"https:\/\/pagina10.com\/web\/un-sacerdote-tios-abuelos-y-un-padre-de-familia-fueron-capturados-por-delitos-sexuales-en-narino\/\"]}]},{\"@type\":\"ImageObject\",\"inLanguage\":\"es\",\"@id\":\"https:\/\/pagina10.com\/web\/un-sacerdote-tios-abuelos-y-un-padre-de-familia-fueron-capturados-por-delitos-sexuales-en-narino\/#primaryimage\",\"url\":\"https:\/\/pagina10.com\/web\/wp-content\/uploads\/2020\/11\/Captura-de-Pantalla-2020-11-11-a-las-9.44.59-a.-m..png\",\"contentUrl\":\"https:\/\/pagina10.com\/web\/wp-content\/uploads\/2020\/11\/Captura-de-Pantalla-2020-11-11-a-las-9.44.59-a.-m..png\",\"width\":511,\"height\":349},{\"@type\":\"BreadcrumbList\",\"@id\":\"https:\/\/pagina10.com\/web\/un-sacerdote-tios-abuelos-y-un-padre-de-familia-fueron-capturados-por-delitos-sexuales-en-narino\/#breadcrumb\",\"itemListElement\":[{\"@type\":\"ListItem\",\"position\":1,\"name\":\"Portada\",\"item\":\"https:\/\/pagina10.com\/web\/\"},{\"@type\":\"ListItem\",\"position\":2,\"name\":\"Un sacerdote, t\u00edos, abuelos y un padre de familia fueron capturados por delitos sexuales en Nari\u00f1o\"}]},{\"@type\":\"WebSite\",\"@id\":\"https:\/\/pagina10.com\/web\/#website\",\"url\":\"https:\/\/pagina10.com\/web\/\",\"name\":\"P\u00e1gina10\",\"description\":\"Peri\u00f3dico Regional\",\"publisher\":{\"@id\":\"https:\/\/pagina10.com\/web\/#organization\"},\"alternateName\":\"P\u00e1gina10 Peri\u00f3dico Regional\",\"potentialAction\":[{\"@type\":\"SearchAction\",\"target\":{\"@type\":\"EntryPoint\",\"urlTemplate\":\"https:\/\/pagina10.com\/web\/?s={search_term_string}\"},\"query-input\":{\"@type\":\"PropertyValueSpecification\",\"valueRequired\":true,\"valueName\":\"search_term_string\"}}],\"inLanguage\":\"es\"},{\"@type\":\"Organization\",\"@id\":\"https:\/\/pagina10.com\/web\/#organization\",\"name\":\"P\u00e1gina10\",\"alternateName\":\"P\u00e1gina10 Peri\u00f3dico Regional\",\"url\":\"https:\/\/pagina10.com\/web\/\",\"logo\":{\"@type\":\"ImageObject\",\"inLanguage\":\"es\",\"@id\":\"https:\/\/pagina10.com\/web\/#\/schema\/logo\/image\/\",\"url\":\"https:\/\/pagina10.com\/web\/wp-content\/uploads\/2024\/01\/40-pagina-10-periodico-regional-pasto.jpg\",\"contentUrl\":\"https:\/\/pagina10.com\/web\/wp-content\/uploads\/2024\/01\/40-pagina-10-periodico-regional-pasto.jpg\",\"width\":1280,\"height\":720,\"caption\":\"P\u00e1gina10\"},\"image\":{\"@id\":\"https:\/\/pagina10.com\/web\/#\/schema\/logo\/image\/\"},\"sameAs\":[\"https:\/\/www.facebook.com\/pag10com\",\"https:\/\/x.com\/Pag10com\",\"https:\/\/www.instagram.com\/pagina10col\/\",\"https:\/\/youtube.com\/channel\/pag10\",\"https:\/\/www.tiktok.com\/@p10col\"]},{\"@type\":\"Person\",\"@id\":\"https:\/\/pagina10.com\/web\/#\/schema\/person\/2efc4a090d25b667d3bc796798a3a81b\",\"name\":\"P\u00e1gina 10\",\"description\":\"P\u00e1gina 10 es un peri\u00f3dico regional que nace en Colombia, en el departamento de Nari\u00f1o, con un enfoque global, fundamentado en cuatro pilares esenciales: la libertad, el pluralismo, la inclusi\u00f3n y la independencia. P\u00e1gina 10 hace referencia a Nari\u00f1o como el d\u00e9cimo departamento creado en Colombia, despu\u00e9s de un proceso pol\u00edtico liderado por actores y actrices regionales con el fin de obtener la independencia y autonom\u00eda de nuestros territorios. Con la creaci\u00f3n de P\u00e1gina 10 se pretende abrir un escenario para el dialogo, la reflexi\u00f3n y el debate que se extienda a otras geograf\u00edas de Am\u00e9rica Latina y del planeta, en una apuesta por transformar colectivamente los desaf\u00edos de un mundo contempor\u00e1neo, m\u00e1s all\u00e1 de las fronteras impuestas.\",\"url\":\"https:\/\/pagina10.com\/web\/author\/pdiezadmin\/\"}]}<\/script>\n<!-- \/ Yoast SEO plugin. -->","yoast_head_json":{"title":"Un sacerdote, t\u00edos, abuelos y un padre de familia fueron capturados por delitos sexuales en Nari\u00f1o | P\u00e1gina10","robots":{"index":"index","follow":"follow","max-snippet":"max-snippet:-1","max-image-preview":"max-image-preview:large","max-video-preview":"max-video-preview:-1"},"canonical":"https:\/\/pagina10.com\/web\/un-sacerdote-tios-abuelos-y-un-padre-de-familia-fueron-capturados-por-delitos-sexuales-en-narino\/","og_locale":"es_ES","og_type":"article","og_title":"Un sacerdote, t\u00edos, abuelos y un padre de familia fueron capturados por delitos sexuales en Nari\u00f1o | P\u00e1gina10","og_description":"La Fiscal\u00eda General de la Naci\u00f3n Seccional Nari\u00f1o en el \u00faltimo mes logr\u00f3 la captura de 12 hombres investigados por delitos sexuales en contra de ni\u00f1as, ni\u00f1os y adolescentes. Un trabajo coordinado entre la Fiscal\u00eda e investigadores de Polic\u00eda Judicial permiti\u00f3 identificar a los procesados que habr\u00edan cometido estos actos en los municipios de [&hellip;]","og_url":"https:\/\/pagina10.com\/web\/un-sacerdote-tios-abuelos-y-un-padre-de-familia-fueron-capturados-por-delitos-sexuales-en-narino\/","og_site_name":"P\u00e1gina10","article_publisher":"https:\/\/www.facebook.com\/pag10com","article_published_time":"2020-11-11T14:45:25+00:00","article_modified_time":"2020-11-11T15:50:51+00:00","og_image":[{"width":511,"height":349,"url":"https:\/\/pagina10.com\/web\/wp-content\/uploads\/2020\/11\/Captura-de-Pantalla-2020-11-11-a-las-9.44.59-a.-m..png","type":"image\/png"}],"author":"P\u00e1gina 10","twitter_card":"summary_large_image","twitter_creator":"@Pag10com","twitter_site":"@Pag10com","twitter_misc":{"Escrito por":"P\u00e1gina 10","Tiempo de lectura":"3 minutos"},"schema":{"@context":"https:\/\/schema.org","@graph":[{"@type":"Article","@id":"https:\/\/pagina10.com\/web\/un-sacerdote-tios-abuelos-y-un-padre-de-familia-fueron-capturados-por-delitos-sexuales-en-narino\/#article","isPartOf":{"@id":"https:\/\/pagina10.com\/web\/un-sacerdote-tios-abuelos-y-un-padre-de-familia-fueron-capturados-por-delitos-sexuales-en-narino\/"},"author":{"name":"P\u00e1gina 10","@id":"https:\/\/pagina10.com\/web\/#\/schema\/person\/2efc4a090d25b667d3bc796798a3a81b"},"headline":"Un sacerdote, t\u00edos, abuelos y un padre de familia fueron capturados por delitos sexuales en Nari\u00f1o","datePublished":"2020-11-11T14:45:25+00:00","dateModified":"2020-11-11T15:50:51+00:00","mainEntityOfPage":{"@id":"https:\/\/pagina10.com\/web\/un-sacerdote-tios-abuelos-y-un-padre-de-familia-fueron-capturados-por-delitos-sexuales-en-narino\/"},"wordCount":650,"commentCount":0,"publisher":{"@id":"https:\/\/pagina10.com\/web\/#organization"},"image":{"@id":"https:\/\/pagina10.com\/web\/un-sacerdote-tios-abuelos-y-un-padre-de-familia-fueron-capturados-por-delitos-sexuales-en-narino\/#primaryimage"},"thumbnailUrl":"https:\/\/pagina10.com\/web\/wp-content\/uploads\/2020\/11\/Captura-de-Pantalla-2020-11-11-a-las-9.44.59-a.-m..png","articleSection":["Judicial"],"inLanguage":"es","potentialAction":[{"@type":"CommentAction","name":"Comment","target":["https:\/\/pagina10.com\/web\/un-sacerdote-tios-abuelos-y-un-padre-de-familia-fueron-capturados-por-delitos-sexuales-en-narino\/#respond"]}]},{"@type":"WebPage","@id":"https:\/\/pagina10.com\/web\/un-sacerdote-tios-abuelos-y-un-padre-de-familia-fueron-capturados-por-delitos-sexuales-en-narino\/","url":"https:\/\/pagina10.com\/web\/un-sacerdote-tios-abuelos-y-un-padre-de-familia-fueron-capturados-por-delitos-sexuales-en-narino\/","name":"Un sacerdote, t\u00edos, abuelos y un padre de familia fueron capturados por delitos sexuales en Nari\u00f1o | P\u00e1gina10","isPartOf":{"@id":"https:\/\/pagina10.com\/web\/#website"},"primaryImageOfPage":{"@id":"https:\/\/pagina10.com\/web\/un-sacerdote-tios-abuelos-y-un-padre-de-familia-fueron-capturados-por-delitos-sexuales-en-narino\/#primaryimage"},"image":{"@id":"https:\/\/pagina10.com\/web\/un-sacerdote-tios-abuelos-y-un-padre-de-familia-fueron-capturados-por-delitos-sexuales-en-narino\/#primaryimage"},"thumbnailUrl":"https:\/\/pagina10.com\/web\/wp-content\/uploads\/2020\/11\/Captura-de-Pantalla-2020-11-11-a-las-9.44.59-a.-m..png","datePublished":"2020-11-11T14:45:25+00:00","dateModified":"2020-11-11T15:50:51+00:00","breadcrumb":{"@id":"https:\/\/pagina10.com\/web\/un-sacerdote-tios-abuelos-y-un-padre-de-familia-fueron-capturados-por-delitos-sexuales-en-narino\/#breadcrumb"},"inLanguage":"es","potentialAction":[{"@type":"ReadAction","target":["https:\/\/pagina10.com\/web\/un-sacerdote-tios-abuelos-y-un-padre-de-familia-fueron-capturados-por-delitos-sexuales-en-narino\/"]}]},{"@type":"ImageObject","inLanguage":"es","@id":"https:\/\/pagina10.com\/web\/un-sacerdote-tios-abuelos-y-un-padre-de-familia-fueron-capturados-por-delitos-sexuales-en-narino\/#primaryimage","url":"https:\/\/pagina10.com\/web\/wp-content\/uploads\/2020\/11\/Captura-de-Pantalla-2020-11-11-a-las-9.44.59-a.-m..png","contentUrl":"https:\/\/pagina10.com\/web\/wp-content\/uploads\/2020\/11\/Captura-de-Pantalla-2020-11-11-a-las-9.44.59-a.-m..png","width":511,"height":349},{"@type":"BreadcrumbList","@id":"https:\/\/pagina10.com\/web\/un-sacerdote-tios-abuelos-y-un-padre-de-familia-fueron-capturados-por-delitos-sexuales-en-narino\/#breadcrumb","itemListElement":[{"@type":"ListItem","position":1,"name":"Portada","item":"https:\/\/pagina10.com\/web\/"},{"@type":"ListItem","position":2,"name":"Un sacerdote, t\u00edos, abuelos y un padre de familia fueron capturados por delitos sexuales en Nari\u00f1o"}]},{"@type":"WebSite","@id":"https:\/\/pagina10.com\/web\/#website","url":"https:\/\/pagina10.com\/web\/","name":"P\u00e1gina10","description":"Peri\u00f3dico Regional","publisher":{"@id":"https:\/\/pagina10.com\/web\/#organization"},"alternateName":"P\u00e1gina10 Peri\u00f3dico Regional","potentialAction":[{"@type":"SearchAction","target":{"@type":"EntryPoint","urlTemplate":"https:\/\/pagina10.com\/web\/?s={search_term_string}"},"query-input":{"@type":"PropertyValueSpecification","valueRequired":true,"valueName":"search_term_string"}}],"inLanguage":"es"},{"@type":"Organization","@id":"https:\/\/pagina10.com\/web\/#organization","name":"P\u00e1gina10","alternateName":"P\u00e1gina10 Peri\u00f3dico Regional","url":"https:\/\/pagina10.com\/web\/","logo":{"@type":"ImageObject","inLanguage":"es","@id":"https:\/\/pagina10.com\/web\/#\/schema\/logo\/image\/","url":"https:\/\/pagina10.com\/web\/wp-content\/uploads\/2024\/01\/40-pagina-10-periodico-regional-pasto.jpg","contentUrl":"https:\/\/pagina10.com\/web\/wp-content\/uploads\/2024\/01\/40-pagina-10-periodico-regional-pasto.jpg","width":1280,"height":720,"caption":"P\u00e1gina10"},"image":{"@id":"https:\/\/pagina10.com\/web\/#\/schema\/logo\/image\/"},"sameAs":["https:\/\/www.facebook.com\/pag10com","https:\/\/x.com\/Pag10com","https:\/\/www.instagram.com\/pagina10col\/","https:\/\/youtube.com\/channel\/pag10","https:\/\/www.tiktok.com\/@p10col"]},{"@type":"Person","@id":"https:\/\/pagina10.com\/web\/#\/schema\/person\/2efc4a090d25b667d3bc796798a3a81b","name":"P\u00e1gina 10","description":"P\u00e1gina 10 es un peri\u00f3dico regional que nace en Colombia, en el departamento de Nari\u00f1o, con un enfoque global, fundamentado en cuatro pilares esenciales: la libertad, el pluralismo, la inclusi\u00f3n y la independencia. P\u00e1gina 10 hace referencia a Nari\u00f1o como el d\u00e9cimo departamento creado en Colombia, despu\u00e9s de un proceso pol\u00edtico liderado por actores y actrices regionales con el fin de obtener la independencia y autonom\u00eda de nuestros territorios. Con la creaci\u00f3n de P\u00e1gina 10 se pretende abrir un escenario para el dialogo, la reflexi\u00f3n y el debate que se extienda a otras geograf\u00edas de Am\u00e9rica Latina y del planeta, en una apuesta por transformar colectivamente los desaf\u00edos de un mundo contempor\u00e1neo, m\u00e1s all\u00e1 de las fronteras impuestas.","url":"https:\/\/pagina10.com\/web\/author\/pdiezadmin\/"}]}},"_links":{"self":[{"href":"https:\/\/pagina10.com\/web\/wp-json\/wp\/v2\/posts\/48483","targetHints":{"allow":["GET"]}}],"collection":[{"href":"https:\/\/pagina10.com\/web\/wp-json\/wp\/v2\/posts"}],"about":[{"href":"https:\/\/pagina10.com\/web\/wp-json\/wp\/v2\/types\/post"}],"author":[{"embeddable":true,"href":"https:\/\/pagina10.com\/web\/wp-json\/wp\/v2\/users\/1"}],"replies":[{"embeddable":true,"href":"https:\/\/pagina10.com\/web\/wp-json\/wp\/v2\/comments?post=48483"}],"version-history":[{"count":3,"href":"https:\/\/pagina10.com\/web\/wp-json\/wp\/v2\/posts\/48483\/revisions"}],"predecessor-version":[{"id":48487,"href":"https:\/\/pagina10.com\/web\/wp-json\/wp\/v2\/posts\/48483\/revisions\/48487"}],"wp:featuredmedia":[{"embeddable":true,"href":"https:\/\/pagina10.com\/web\/wp-json\/wp\/v2\/media\/48484"}],"wp:attachment":[{"href":"https:\/\/pagina10.com\/web\/wp-json\/wp\/v2\/media?parent=48483"}],"wp:term":[{"taxonomy":"category","embeddable":true,"href":"https:\/\/pagina10.com\/web\/wp-json\/wp\/v2\/categories?post=48483"},{"taxonomy":"post_tag","embeddable":true,"href":"https:\/\/pagina10.com\/web\/wp-json\/wp\/v2\/tags?post=48483"}],"curies":[{"name":"wp","href":"https:\/\/api.w.org\/{rel}","templated":true}]}}