{"id":48574,"date":"2020-11-15T16:32:32","date_gmt":"2020-11-15T16:32:32","guid":{"rendered":"https:\/\/pagina10.com\/web\/?p=48574"},"modified":"2020-11-15T16:32:32","modified_gmt":"2020-11-15T16:32:32","slug":"capturado-alias-el-senor-y-14-implicados-mas-de-conformar-organizacion-internacional-de-narcotrafico","status":"publish","type":"post","link":"https:\/\/pagina10.com\/web\/capturado-alias-el-senor-y-14-implicados-mas-de-conformar-organizacion-internacional-de-narcotrafico\/","title":{"rendered":"Capturado alias &#8220;El Se\u00f1or&#8221; y 14 implicados m\u00e1s de conformar organizaci\u00f3n internacional de narcotrafico"},"content":{"rendered":"<p style=\"text-align: justify;\">En el marco de la estrategia policial y judicial denominada \u201c<em>ATLAS<\/em>\u201d, en una operaci\u00f3n conjunta con la Armada Nacional y la Polic\u00eda Nacional de Colombia y Ecuador, se materializaron en los departamentos de Nari\u00f1o y Valle del Cauca, as\u00ed como el Ecuador, un total de 15 capturas (10 personas detenidas en Colombia y 5 en el vecino Pa\u00eds), presuntos delincuentes que conformaron una organizaci\u00f3n internacional de narcotr\u00e1fico, que tendr\u00eda v\u00ednculo directo con Grupos Armados Organizados Residuales en el municipio de Tumaco, as\u00ed como con carteles de M\u00e9xico para el env\u00edo de coca\u00edna hacia los Estados Unidos.<\/p>\n<p style=\"text-align: justify;\">Es importante resaltar que entre los capturados se encuentra Lucio Hernando Burbano Portilla, alias \u201c<em>el Se\u00f1or<\/em>\u2019, quien ser\u00eda el cabecilla de la organizaci\u00f3n. Los trabajos de inteligencia permitieron ubicarlo en Cali, donde los uniformados le incautaron m\u00e1s de 8.000 millones de pesos \u00a0y 3.400 d\u00f3lares en efectivo. Este sujeto seg\u00fan investigaciones adelantadas por la Polic\u00eda Nacional, dirig\u00edas las actividades de narcotr\u00e1fico trasnacional, a partir de las alianzas criminales con los grupos armados organizados residuales como el <em>\u201cOliver Sinisterra\u201d y \u201clos contadores<\/em>\u201d en el Municipio de Tumaco.<\/p>\n<p style=\"text-align: justify;\">Alias \u201cEl Se\u00f1or\u201d ya hab\u00eda sido capturado entre los a\u00f1os 2004 y 2007 por los delitos de enriquecimiento il\u00edcito, narcotr\u00e1fico y conformaci\u00f3n de grupos armados ilegales. As\u00ed mismo para el a\u00f1o 2005 la justicia le extingui\u00f3 el derecho de dominio sobre propiedades en Colombia, las cuales estar\u00edan avaluadas en un monto aproximadamente de 15.000 millones de pesos.<\/p>\n<p style=\"text-align: justify;\">Seg\u00fan un comunicado emanado por la Fiscal\u00eda: \u201c<em>El dinero encontrado estaba guardado en cajas de cart\u00f3n y, de acuerdo con las investigaciones, corresponder\u00eda a los pagos recibidos por el env\u00edo de droga a pa\u00edses de Centroam\u00e9rica y Estados Unidos\u201d.<\/em><\/p>\n<p style=\"text-align: justify;\">Seg\u00fan afirmaciones dadas por la Polic\u00eda Nacional, mientras alias <em>\u201cEl se\u00f1or\u201d<\/em> se encontraba recluido en un centro penitenciario, segu\u00eda desde la privaci\u00f3n de su libertad, manteniendo un complejo cocalero custodiado por un complejo de milicias del Bloque Libertadores del Sur, de las extintas Autodefensas Unidas de Colombia AUC, y en desarrollo de las investigaciones se le incautaron m\u00e1s de 2.5 toneladas de clorhidrato de coca\u00edna en aguas internacionales y mexicanas.<\/p>\n<p style=\"text-align: justify;\">Lucio Burbano o alias \u2018el Se\u00f1or\u2019 era administrador p\u00fablico y trabaj\u00f3 en la Capitan\u00eda de Puerto en Tumaco (Dimar), donde ostent\u00f3 el grado de Especialista Primero. En el mundo criminal lleg\u00f3 a tener la capacidad de liderar el env\u00edo de hasta 5 toneladas mensuales del alcaloide, a trav\u00e9s de lanchas r\u00e1pidas tipo \u2018Go fast\u2019, desde la costa ecuatoriana hasta Norteam\u00e9rica, previo tr\u00e1nsito por M\u00e9xico.<\/p>\n","protected":false},"excerpt":{"rendered":"<p>En el marco de la estrategia policial y judicial denominada \u201cATLAS\u201d, en una operaci\u00f3n conjunta con la Armada Nacional y la Polic\u00eda Nacional de Colombia y Ecuador, se materializaron en los departamentos de Nari\u00f1o y Valle del Cauca, as\u00ed como el Ecuador, un total de 15 capturas (10 personas detenidas en Colombia y 5 en [&hellip;]<\/p>\n","protected":false},"author":1,"featured_media":48575,"comment_status":"open","ping_status":"open","sticky":false,"template":"","format":"standard","meta":{"footnotes":""},"categories":[61],"tags":[],"class_list":["post-48574","post","type-post","status-publish","format-standard","has-post-thumbnail","hentry","category-judicial"],"yoast_head":"<!-- This site is optimized with the Yoast SEO plugin v27.1.1 - https:\/\/yoast.com\/product\/yoast-seo-wordpress\/ -->\n<title>Capturado alias &quot;El Se\u00f1or&quot; y 14 implicados m\u00e1s de conformar organizaci\u00f3n internacional de narcotrafico | P\u00e1gina10<\/title>\n<meta name=\"robots\" content=\"index, follow, max-snippet:-1, max-image-preview:large, max-video-preview:-1\" \/>\n<link rel=\"canonical\" href=\"https:\/\/pagina10.com\/web\/capturado-alias-el-senor-y-14-implicados-mas-de-conformar-organizacion-internacional-de-narcotrafico\/\" \/>\n<meta property=\"og:locale\" content=\"es_ES\" \/>\n<meta property=\"og:type\" content=\"article\" \/>\n<meta property=\"og:title\" content=\"Capturado alias &quot;El Se\u00f1or&quot; y 14 implicados m\u00e1s de conformar organizaci\u00f3n internacional de narcotrafico | P\u00e1gina10\" \/>\n<meta property=\"og:description\" content=\"En el marco de la estrategia policial y judicial denominada \u201cATLAS\u201d, en una operaci\u00f3n conjunta con la Armada Nacional y la Polic\u00eda Nacional de Colombia y Ecuador, se materializaron en los departamentos de Nari\u00f1o y Valle del Cauca, as\u00ed como el Ecuador, un total de 15 capturas (10 personas detenidas en Colombia y 5 en [&hellip;]\" \/>\n<meta property=\"og:url\" content=\"https:\/\/pagina10.com\/web\/capturado-alias-el-senor-y-14-implicados-mas-de-conformar-organizacion-internacional-de-narcotrafico\/\" \/>\n<meta property=\"og:site_name\" content=\"P\u00e1gina10\" \/>\n<meta property=\"article:publisher\" content=\"https:\/\/www.facebook.com\/pag10com\" \/>\n<meta property=\"article:published_time\" content=\"2020-11-15T16:32:32+00:00\" \/>\n<meta property=\"og:image\" content=\"https:\/\/pagina10.com\/web\/wp-content\/uploads\/2020\/11\/plata.jpg\" \/>\n\t<meta property=\"og:image:width\" content=\"1200\" \/>\n\t<meta property=\"og:image:height\" content=\"650\" \/>\n\t<meta property=\"og:image:type\" content=\"image\/jpeg\" \/>\n<meta name=\"author\" content=\"P\u00e1gina 10\" \/>\n<meta name=\"twitter:card\" content=\"summary_large_image\" \/>\n<meta name=\"twitter:creator\" content=\"@Pag10com\" \/>\n<meta name=\"twitter:site\" content=\"@Pag10com\" \/>\n<meta name=\"twitter:label1\" content=\"Escrito por\" \/>\n\t<meta name=\"twitter:data1\" content=\"P\u00e1gina 10\" \/>\n\t<meta name=\"twitter:label2\" content=\"Tiempo de lectura\" \/>\n\t<meta name=\"twitter:data2\" content=\"2 minutos\" \/>\n<script type=\"application\/ld+json\" class=\"yoast-schema-graph\">{\"@context\":\"https:\/\/schema.org\",\"@graph\":[{\"@type\":\"Article\",\"@id\":\"https:\/\/pagina10.com\/web\/capturado-alias-el-senor-y-14-implicados-mas-de-conformar-organizacion-internacional-de-narcotrafico\/#article\",\"isPartOf\":{\"@id\":\"https:\/\/pagina10.com\/web\/capturado-alias-el-senor-y-14-implicados-mas-de-conformar-organizacion-internacional-de-narcotrafico\/\"},\"author\":{\"name\":\"P\u00e1gina 10\",\"@id\":\"https:\/\/pagina10.com\/web\/#\/schema\/person\/2efc4a090d25b667d3bc796798a3a81b\"},\"headline\":\"Capturado alias &#8220;El Se\u00f1or&#8221; y 14 implicados m\u00e1s de conformar organizaci\u00f3n internacional de narcotrafico\",\"datePublished\":\"2020-11-15T16:32:32+00:00\",\"mainEntityOfPage\":{\"@id\":\"https:\/\/pagina10.com\/web\/capturado-alias-el-senor-y-14-implicados-mas-de-conformar-organizacion-internacional-de-narcotrafico\/\"},\"wordCount\":468,\"commentCount\":0,\"publisher\":{\"@id\":\"https:\/\/pagina10.com\/web\/#organization\"},\"image\":{\"@id\":\"https:\/\/pagina10.com\/web\/capturado-alias-el-senor-y-14-implicados-mas-de-conformar-organizacion-internacional-de-narcotrafico\/#primaryimage\"},\"thumbnailUrl\":\"https:\/\/pagina10.com\/web\/wp-content\/uploads\/2020\/11\/plata.jpg\",\"articleSection\":[\"Judicial\"],\"inLanguage\":\"es\",\"potentialAction\":[{\"@type\":\"CommentAction\",\"name\":\"Comment\",\"target\":[\"https:\/\/pagina10.com\/web\/capturado-alias-el-senor-y-14-implicados-mas-de-conformar-organizacion-internacional-de-narcotrafico\/#respond\"]}]},{\"@type\":\"WebPage\",\"@id\":\"https:\/\/pagina10.com\/web\/capturado-alias-el-senor-y-14-implicados-mas-de-conformar-organizacion-internacional-de-narcotrafico\/\",\"url\":\"https:\/\/pagina10.com\/web\/capturado-alias-el-senor-y-14-implicados-mas-de-conformar-organizacion-internacional-de-narcotrafico\/\",\"name\":\"Capturado alias \\\"El Se\u00f1or\\\" y 14 implicados m\u00e1s de conformar organizaci\u00f3n internacional de narcotrafico | P\u00e1gina10\",\"isPartOf\":{\"@id\":\"https:\/\/pagina10.com\/web\/#website\"},\"primaryImageOfPage\":{\"@id\":\"https:\/\/pagina10.com\/web\/capturado-alias-el-senor-y-14-implicados-mas-de-conformar-organizacion-internacional-de-narcotrafico\/#primaryimage\"},\"image\":{\"@id\":\"https:\/\/pagina10.com\/web\/capturado-alias-el-senor-y-14-implicados-mas-de-conformar-organizacion-internacional-de-narcotrafico\/#primaryimage\"},\"thumbnailUrl\":\"https:\/\/pagina10.com\/web\/wp-content\/uploads\/2020\/11\/plata.jpg\",\"datePublished\":\"2020-11-15T16:32:32+00:00\",\"breadcrumb\":{\"@id\":\"https:\/\/pagina10.com\/web\/capturado-alias-el-senor-y-14-implicados-mas-de-conformar-organizacion-internacional-de-narcotrafico\/#breadcrumb\"},\"inLanguage\":\"es\",\"potentialAction\":[{\"@type\":\"ReadAction\",\"target\":[\"https:\/\/pagina10.com\/web\/capturado-alias-el-senor-y-14-implicados-mas-de-conformar-organizacion-internacional-de-narcotrafico\/\"]}]},{\"@type\":\"ImageObject\",\"inLanguage\":\"es\",\"@id\":\"https:\/\/pagina10.com\/web\/capturado-alias-el-senor-y-14-implicados-mas-de-conformar-organizacion-internacional-de-narcotrafico\/#primaryimage\",\"url\":\"https:\/\/pagina10.com\/web\/wp-content\/uploads\/2020\/11\/plata.jpg\",\"contentUrl\":\"https:\/\/pagina10.com\/web\/wp-content\/uploads\/2020\/11\/plata.jpg\",\"width\":1200,\"height\":650},{\"@type\":\"BreadcrumbList\",\"@id\":\"https:\/\/pagina10.com\/web\/capturado-alias-el-senor-y-14-implicados-mas-de-conformar-organizacion-internacional-de-narcotrafico\/#breadcrumb\",\"itemListElement\":[{\"@type\":\"ListItem\",\"position\":1,\"name\":\"Portada\",\"item\":\"https:\/\/pagina10.com\/web\/\"},{\"@type\":\"ListItem\",\"position\":2,\"name\":\"Capturado alias &#8220;El Se\u00f1or&#8221; y 14 implicados m\u00e1s de conformar organizaci\u00f3n internacional de narcotrafico\"}]},{\"@type\":\"WebSite\",\"@id\":\"https:\/\/pagina10.com\/web\/#website\",\"url\":\"https:\/\/pagina10.com\/web\/\",\"name\":\"P\u00e1gina10\",\"description\":\"Peri\u00f3dico Regional\",\"publisher\":{\"@id\":\"https:\/\/pagina10.com\/web\/#organization\"},\"alternateName\":\"P\u00e1gina10 Peri\u00f3dico Regional\",\"potentialAction\":[{\"@type\":\"SearchAction\",\"target\":{\"@type\":\"EntryPoint\",\"urlTemplate\":\"https:\/\/pagina10.com\/web\/?s={search_term_string}\"},\"query-input\":{\"@type\":\"PropertyValueSpecification\",\"valueRequired\":true,\"valueName\":\"search_term_string\"}}],\"inLanguage\":\"es\"},{\"@type\":\"Organization\",\"@id\":\"https:\/\/pagina10.com\/web\/#organization\",\"name\":\"P\u00e1gina10\",\"alternateName\":\"P\u00e1gina10 Peri\u00f3dico Regional\",\"url\":\"https:\/\/pagina10.com\/web\/\",\"logo\":{\"@type\":\"ImageObject\",\"inLanguage\":\"es\",\"@id\":\"https:\/\/pagina10.com\/web\/#\/schema\/logo\/image\/\",\"url\":\"https:\/\/pagina10.com\/web\/wp-content\/uploads\/2024\/01\/40-pagina-10-periodico-regional-pasto.jpg\",\"contentUrl\":\"https:\/\/pagina10.com\/web\/wp-content\/uploads\/2024\/01\/40-pagina-10-periodico-regional-pasto.jpg\",\"width\":1280,\"height\":720,\"caption\":\"P\u00e1gina10\"},\"image\":{\"@id\":\"https:\/\/pagina10.com\/web\/#\/schema\/logo\/image\/\"},\"sameAs\":[\"https:\/\/www.facebook.com\/pag10com\",\"https:\/\/x.com\/Pag10com\",\"https:\/\/www.instagram.com\/pagina10col\/\",\"https:\/\/youtube.com\/channel\/pag10\",\"https:\/\/www.tiktok.com\/@p10col\"]},{\"@type\":\"Person\",\"@id\":\"https:\/\/pagina10.com\/web\/#\/schema\/person\/2efc4a090d25b667d3bc796798a3a81b\",\"name\":\"P\u00e1gina 10\",\"description\":\"P\u00e1gina 10 es un peri\u00f3dico regional que nace en Colombia, en el departamento de Nari\u00f1o, con un enfoque global, fundamentado en cuatro pilares esenciales: la libertad, el pluralismo, la inclusi\u00f3n y la independencia. P\u00e1gina 10 hace referencia a Nari\u00f1o como el d\u00e9cimo departamento creado en Colombia, despu\u00e9s de un proceso pol\u00edtico liderado por actores y actrices regionales con el fin de obtener la independencia y autonom\u00eda de nuestros territorios. Con la creaci\u00f3n de P\u00e1gina 10 se pretende abrir un escenario para el dialogo, la reflexi\u00f3n y el debate que se extienda a otras geograf\u00edas de Am\u00e9rica Latina y del planeta, en una apuesta por transformar colectivamente los desaf\u00edos de un mundo contempor\u00e1neo, m\u00e1s all\u00e1 de las fronteras impuestas.\",\"url\":\"https:\/\/pagina10.com\/web\/author\/pdiezadmin\/\"}]}<\/script>\n<!-- \/ Yoast SEO plugin. -->","yoast_head_json":{"title":"Capturado alias \"El Se\u00f1or\" y 14 implicados m\u00e1s de conformar organizaci\u00f3n internacional de narcotrafico | P\u00e1gina10","robots":{"index":"index","follow":"follow","max-snippet":"max-snippet:-1","max-image-preview":"max-image-preview:large","max-video-preview":"max-video-preview:-1"},"canonical":"https:\/\/pagina10.com\/web\/capturado-alias-el-senor-y-14-implicados-mas-de-conformar-organizacion-internacional-de-narcotrafico\/","og_locale":"es_ES","og_type":"article","og_title":"Capturado alias \"El Se\u00f1or\" y 14 implicados m\u00e1s de conformar organizaci\u00f3n internacional de narcotrafico | P\u00e1gina10","og_description":"En el marco de la estrategia policial y judicial denominada \u201cATLAS\u201d, en una operaci\u00f3n conjunta con la Armada Nacional y la Polic\u00eda Nacional de Colombia y Ecuador, se materializaron en los departamentos de Nari\u00f1o y Valle del Cauca, as\u00ed como el Ecuador, un total de 15 capturas (10 personas detenidas en Colombia y 5 en [&hellip;]","og_url":"https:\/\/pagina10.com\/web\/capturado-alias-el-senor-y-14-implicados-mas-de-conformar-organizacion-internacional-de-narcotrafico\/","og_site_name":"P\u00e1gina10","article_publisher":"https:\/\/www.facebook.com\/pag10com","article_published_time":"2020-11-15T16:32:32+00:00","og_image":[{"width":1200,"height":650,"url":"https:\/\/pagina10.com\/web\/wp-content\/uploads\/2020\/11\/plata.jpg","type":"image\/jpeg"}],"author":"P\u00e1gina 10","twitter_card":"summary_large_image","twitter_creator":"@Pag10com","twitter_site":"@Pag10com","twitter_misc":{"Escrito por":"P\u00e1gina 10","Tiempo de lectura":"2 minutos"},"schema":{"@context":"https:\/\/schema.org","@graph":[{"@type":"Article","@id":"https:\/\/pagina10.com\/web\/capturado-alias-el-senor-y-14-implicados-mas-de-conformar-organizacion-internacional-de-narcotrafico\/#article","isPartOf":{"@id":"https:\/\/pagina10.com\/web\/capturado-alias-el-senor-y-14-implicados-mas-de-conformar-organizacion-internacional-de-narcotrafico\/"},"author":{"name":"P\u00e1gina 10","@id":"https:\/\/pagina10.com\/web\/#\/schema\/person\/2efc4a090d25b667d3bc796798a3a81b"},"headline":"Capturado alias &#8220;El Se\u00f1or&#8221; y 14 implicados m\u00e1s de conformar organizaci\u00f3n internacional de narcotrafico","datePublished":"2020-11-15T16:32:32+00:00","mainEntityOfPage":{"@id":"https:\/\/pagina10.com\/web\/capturado-alias-el-senor-y-14-implicados-mas-de-conformar-organizacion-internacional-de-narcotrafico\/"},"wordCount":468,"commentCount":0,"publisher":{"@id":"https:\/\/pagina10.com\/web\/#organization"},"image":{"@id":"https:\/\/pagina10.com\/web\/capturado-alias-el-senor-y-14-implicados-mas-de-conformar-organizacion-internacional-de-narcotrafico\/#primaryimage"},"thumbnailUrl":"https:\/\/pagina10.com\/web\/wp-content\/uploads\/2020\/11\/plata.jpg","articleSection":["Judicial"],"inLanguage":"es","potentialAction":[{"@type":"CommentAction","name":"Comment","target":["https:\/\/pagina10.com\/web\/capturado-alias-el-senor-y-14-implicados-mas-de-conformar-organizacion-internacional-de-narcotrafico\/#respond"]}]},{"@type":"WebPage","@id":"https:\/\/pagina10.com\/web\/capturado-alias-el-senor-y-14-implicados-mas-de-conformar-organizacion-internacional-de-narcotrafico\/","url":"https:\/\/pagina10.com\/web\/capturado-alias-el-senor-y-14-implicados-mas-de-conformar-organizacion-internacional-de-narcotrafico\/","name":"Capturado alias \"El Se\u00f1or\" y 14 implicados m\u00e1s de conformar organizaci\u00f3n internacional de narcotrafico | P\u00e1gina10","isPartOf":{"@id":"https:\/\/pagina10.com\/web\/#website"},"primaryImageOfPage":{"@id":"https:\/\/pagina10.com\/web\/capturado-alias-el-senor-y-14-implicados-mas-de-conformar-organizacion-internacional-de-narcotrafico\/#primaryimage"},"image":{"@id":"https:\/\/pagina10.com\/web\/capturado-alias-el-senor-y-14-implicados-mas-de-conformar-organizacion-internacional-de-narcotrafico\/#primaryimage"},"thumbnailUrl":"https:\/\/pagina10.com\/web\/wp-content\/uploads\/2020\/11\/plata.jpg","datePublished":"2020-11-15T16:32:32+00:00","breadcrumb":{"@id":"https:\/\/pagina10.com\/web\/capturado-alias-el-senor-y-14-implicados-mas-de-conformar-organizacion-internacional-de-narcotrafico\/#breadcrumb"},"inLanguage":"es","potentialAction":[{"@type":"ReadAction","target":["https:\/\/pagina10.com\/web\/capturado-alias-el-senor-y-14-implicados-mas-de-conformar-organizacion-internacional-de-narcotrafico\/"]}]},{"@type":"ImageObject","inLanguage":"es","@id":"https:\/\/pagina10.com\/web\/capturado-alias-el-senor-y-14-implicados-mas-de-conformar-organizacion-internacional-de-narcotrafico\/#primaryimage","url":"https:\/\/pagina10.com\/web\/wp-content\/uploads\/2020\/11\/plata.jpg","contentUrl":"https:\/\/pagina10.com\/web\/wp-content\/uploads\/2020\/11\/plata.jpg","width":1200,"height":650},{"@type":"BreadcrumbList","@id":"https:\/\/pagina10.com\/web\/capturado-alias-el-senor-y-14-implicados-mas-de-conformar-organizacion-internacional-de-narcotrafico\/#breadcrumb","itemListElement":[{"@type":"ListItem","position":1,"name":"Portada","item":"https:\/\/pagina10.com\/web\/"},{"@type":"ListItem","position":2,"name":"Capturado alias &#8220;El Se\u00f1or&#8221; y 14 implicados m\u00e1s de conformar organizaci\u00f3n internacional de narcotrafico"}]},{"@type":"WebSite","@id":"https:\/\/pagina10.com\/web\/#website","url":"https:\/\/pagina10.com\/web\/","name":"P\u00e1gina10","description":"Peri\u00f3dico Regional","publisher":{"@id":"https:\/\/pagina10.com\/web\/#organization"},"alternateName":"P\u00e1gina10 Peri\u00f3dico Regional","potentialAction":[{"@type":"SearchAction","target":{"@type":"EntryPoint","urlTemplate":"https:\/\/pagina10.com\/web\/?s={search_term_string}"},"query-input":{"@type":"PropertyValueSpecification","valueRequired":true,"valueName":"search_term_string"}}],"inLanguage":"es"},{"@type":"Organization","@id":"https:\/\/pagina10.com\/web\/#organization","name":"P\u00e1gina10","alternateName":"P\u00e1gina10 Peri\u00f3dico Regional","url":"https:\/\/pagina10.com\/web\/","logo":{"@type":"ImageObject","inLanguage":"es","@id":"https:\/\/pagina10.com\/web\/#\/schema\/logo\/image\/","url":"https:\/\/pagina10.com\/web\/wp-content\/uploads\/2024\/01\/40-pagina-10-periodico-regional-pasto.jpg","contentUrl":"https:\/\/pagina10.com\/web\/wp-content\/uploads\/2024\/01\/40-pagina-10-periodico-regional-pasto.jpg","width":1280,"height":720,"caption":"P\u00e1gina10"},"image":{"@id":"https:\/\/pagina10.com\/web\/#\/schema\/logo\/image\/"},"sameAs":["https:\/\/www.facebook.com\/pag10com","https:\/\/x.com\/Pag10com","https:\/\/www.instagram.com\/pagina10col\/","https:\/\/youtube.com\/channel\/pag10","https:\/\/www.tiktok.com\/@p10col"]},{"@type":"Person","@id":"https:\/\/pagina10.com\/web\/#\/schema\/person\/2efc4a090d25b667d3bc796798a3a81b","name":"P\u00e1gina 10","description":"P\u00e1gina 10 es un peri\u00f3dico regional que nace en Colombia, en el departamento de Nari\u00f1o, con un enfoque global, fundamentado en cuatro pilares esenciales: la libertad, el pluralismo, la inclusi\u00f3n y la independencia. P\u00e1gina 10 hace referencia a Nari\u00f1o como el d\u00e9cimo departamento creado en Colombia, despu\u00e9s de un proceso pol\u00edtico liderado por actores y actrices regionales con el fin de obtener la independencia y autonom\u00eda de nuestros territorios. Con la creaci\u00f3n de P\u00e1gina 10 se pretende abrir un escenario para el dialogo, la reflexi\u00f3n y el debate que se extienda a otras geograf\u00edas de Am\u00e9rica Latina y del planeta, en una apuesta por transformar colectivamente los desaf\u00edos de un mundo contempor\u00e1neo, m\u00e1s all\u00e1 de las fronteras impuestas.","url":"https:\/\/pagina10.com\/web\/author\/pdiezadmin\/"}]}},"_links":{"self":[{"href":"https:\/\/pagina10.com\/web\/wp-json\/wp\/v2\/posts\/48574","targetHints":{"allow":["GET"]}}],"collection":[{"href":"https:\/\/pagina10.com\/web\/wp-json\/wp\/v2\/posts"}],"about":[{"href":"https:\/\/pagina10.com\/web\/wp-json\/wp\/v2\/types\/post"}],"author":[{"embeddable":true,"href":"https:\/\/pagina10.com\/web\/wp-json\/wp\/v2\/users\/1"}],"replies":[{"embeddable":true,"href":"https:\/\/pagina10.com\/web\/wp-json\/wp\/v2\/comments?post=48574"}],"version-history":[{"count":1,"href":"https:\/\/pagina10.com\/web\/wp-json\/wp\/v2\/posts\/48574\/revisions"}],"predecessor-version":[{"id":48576,"href":"https:\/\/pagina10.com\/web\/wp-json\/wp\/v2\/posts\/48574\/revisions\/48576"}],"wp:featuredmedia":[{"embeddable":true,"href":"https:\/\/pagina10.com\/web\/wp-json\/wp\/v2\/media\/48575"}],"wp:attachment":[{"href":"https:\/\/pagina10.com\/web\/wp-json\/wp\/v2\/media?parent=48574"}],"wp:term":[{"taxonomy":"category","embeddable":true,"href":"https:\/\/pagina10.com\/web\/wp-json\/wp\/v2\/categories?post=48574"},{"taxonomy":"post_tag","embeddable":true,"href":"https:\/\/pagina10.com\/web\/wp-json\/wp\/v2\/tags?post=48574"}],"curies":[{"name":"wp","href":"https:\/\/api.w.org\/{rel}","templated":true}]}}