{"id":48710,"date":"2020-11-20T20:47:25","date_gmt":"2020-11-20T20:47:25","guid":{"rendered":"https:\/\/pagina10.com\/web\/?p=48710"},"modified":"2020-11-20T20:47:42","modified_gmt":"2020-11-20T20:47:42","slug":"asesinan-a-lider-y-representante-de-victimas-en-el-municipio-de-linares","status":"publish","type":"post","link":"https:\/\/pagina10.com\/web\/asesinan-a-lider-y-representante-de-victimas-en-el-municipio-de-linares\/","title":{"rendered":"Asesinan a l\u00edder y representante de victimas en el Municipio de Linares"},"content":{"rendered":"<p style=\"text-align: justify;\">En hechos violentos muri\u00f3 hoy el l\u00edder y representante de v\u00edctimas, Jhony Castro quien acompa\u00f1aba importantes procesos desde diferente instancias departamentales, siendo asesinado con arma de fuego, en su lugar de residencia ubicada en la vereda San Francisco del Municipio de Linares.<\/p>\n<p style=\"text-align: justify;\">Mensajes de rechazo ante estos hechos violentos que callan la voz de los representantes c\u00edvicos de la regi\u00f3n, se han evidenciado consternando a los habitantes de este municipio ubicado al nor- occidente del Departamento de Nari\u00f1o.<\/p>\n<p style=\"text-align: justify;\">En un comunicado de la Alcald\u00eda Municipal de Linares manifest\u00f3 en sus redes sociales: <em>\u201cEl pueblo de Linares se manifiesta ante la cobard\u00eda de la violencia, hoy han silenciado, una voz de lucha, trabajo y entrega. Nos solidarizamos ante el dolor que produce su partida. Mucha fortaleza para su esposa Yurani Pantoja C\u00f3rdoba, su hijo Juan David y toda su familia\u201d.<\/em><\/p>\n<p style=\"text-align: justify;\">De acuerdo con cifras de la Oficina para los Derechos Humanos de la ONU, en lo corrido de 2020, a pesar del confinamiento producto de la pandemia del covid-19, se han verificado 47 asesinatos de l\u00edderes sociales y defensores de derechos humanos.<\/p>\n","protected":false},"excerpt":{"rendered":"<p>En hechos violentos muri\u00f3 hoy el l\u00edder y representante de v\u00edctimas, Jhony Castro quien acompa\u00f1aba importantes procesos desde diferente instancias departamentales, siendo asesinado con arma de fuego, en su lugar de residencia ubicada en la vereda San Francisco del Municipio de Linares. Mensajes de rechazo ante estos hechos violentos que callan la voz de los [&hellip;]<\/p>\n","protected":false},"author":1,"featured_media":48711,"comment_status":"open","ping_status":"open","sticky":false,"template":"","format":"standard","meta":{"footnotes":""},"categories":[61],"tags":[],"class_list":["post-48710","post","type-post","status-publish","format-standard","has-post-thumbnail","hentry","category-judicial"],"yoast_head":"<!-- This site is optimized with the Yoast SEO plugin v27.1.1 - https:\/\/yoast.com\/product\/yoast-seo-wordpress\/ -->\n<title>Asesinan a l\u00edder y representante de victimas en el Municipio de Linares | P\u00e1gina10<\/title>\n<meta name=\"robots\" content=\"index, follow, max-snippet:-1, max-image-preview:large, max-video-preview:-1\" \/>\n<link rel=\"canonical\" href=\"https:\/\/pagina10.com\/web\/asesinan-a-lider-y-representante-de-victimas-en-el-municipio-de-linares\/\" \/>\n<meta property=\"og:locale\" content=\"es_ES\" \/>\n<meta property=\"og:type\" content=\"article\" \/>\n<meta property=\"og:title\" content=\"Asesinan a l\u00edder y representante de victimas en el Municipio de Linares | P\u00e1gina10\" \/>\n<meta property=\"og:description\" content=\"En hechos violentos muri\u00f3 hoy el l\u00edder y representante de v\u00edctimas, Jhony Castro quien acompa\u00f1aba importantes procesos desde diferente instancias departamentales, siendo asesinado con arma de fuego, en su lugar de residencia ubicada en la vereda San Francisco del Municipio de Linares. Mensajes de rechazo ante estos hechos violentos que callan la voz de los [&hellip;]\" \/>\n<meta property=\"og:url\" content=\"https:\/\/pagina10.com\/web\/asesinan-a-lider-y-representante-de-victimas-en-el-municipio-de-linares\/\" \/>\n<meta property=\"og:site_name\" content=\"P\u00e1gina10\" \/>\n<meta property=\"article:publisher\" content=\"https:\/\/www.facebook.com\/pag10com\" \/>\n<meta property=\"article:published_time\" content=\"2020-11-20T20:47:25+00:00\" \/>\n<meta property=\"article:modified_time\" content=\"2020-11-20T20:47:42+00:00\" \/>\n<meta property=\"og:image\" content=\"https:\/\/pagina10.com\/web\/wp-content\/uploads\/2020\/11\/lider.jpg\" \/>\n\t<meta property=\"og:image:width\" content=\"720\" \/>\n\t<meta property=\"og:image:height\" content=\"637\" \/>\n\t<meta property=\"og:image:type\" content=\"image\/jpeg\" \/>\n<meta name=\"author\" content=\"P\u00e1gina 10\" \/>\n<meta name=\"twitter:card\" content=\"summary_large_image\" \/>\n<meta name=\"twitter:creator\" content=\"@Pag10com\" \/>\n<meta name=\"twitter:site\" content=\"@Pag10com\" \/>\n<meta name=\"twitter:label1\" content=\"Escrito por\" \/>\n\t<meta name=\"twitter:data1\" content=\"P\u00e1gina 10\" \/>\n\t<meta name=\"twitter:label2\" content=\"Tiempo de lectura\" \/>\n\t<meta name=\"twitter:data2\" content=\"1 minuto\" \/>\n<script type=\"application\/ld+json\" class=\"yoast-schema-graph\">{\"@context\":\"https:\/\/schema.org\",\"@graph\":[{\"@type\":\"Article\",\"@id\":\"https:\/\/pagina10.com\/web\/asesinan-a-lider-y-representante-de-victimas-en-el-municipio-de-linares\/#article\",\"isPartOf\":{\"@id\":\"https:\/\/pagina10.com\/web\/asesinan-a-lider-y-representante-de-victimas-en-el-municipio-de-linares\/\"},\"author\":{\"name\":\"P\u00e1gina 10\",\"@id\":\"https:\/\/pagina10.com\/web\/#\/schema\/person\/2efc4a090d25b667d3bc796798a3a81b\"},\"headline\":\"Asesinan a l\u00edder y representante de victimas en el Municipio de Linares\",\"datePublished\":\"2020-11-20T20:47:25+00:00\",\"dateModified\":\"2020-11-20T20:47:42+00:00\",\"mainEntityOfPage\":{\"@id\":\"https:\/\/pagina10.com\/web\/asesinan-a-lider-y-representante-de-victimas-en-el-municipio-de-linares\/\"},\"wordCount\":202,\"commentCount\":0,\"publisher\":{\"@id\":\"https:\/\/pagina10.com\/web\/#organization\"},\"image\":{\"@id\":\"https:\/\/pagina10.com\/web\/asesinan-a-lider-y-representante-de-victimas-en-el-municipio-de-linares\/#primaryimage\"},\"thumbnailUrl\":\"https:\/\/pagina10.com\/web\/wp-content\/uploads\/2020\/11\/lider.jpg\",\"articleSection\":[\"Judicial\"],\"inLanguage\":\"es\",\"potentialAction\":[{\"@type\":\"CommentAction\",\"name\":\"Comment\",\"target\":[\"https:\/\/pagina10.com\/web\/asesinan-a-lider-y-representante-de-victimas-en-el-municipio-de-linares\/#respond\"]}]},{\"@type\":\"WebPage\",\"@id\":\"https:\/\/pagina10.com\/web\/asesinan-a-lider-y-representante-de-victimas-en-el-municipio-de-linares\/\",\"url\":\"https:\/\/pagina10.com\/web\/asesinan-a-lider-y-representante-de-victimas-en-el-municipio-de-linares\/\",\"name\":\"Asesinan a l\u00edder y representante de victimas en el Municipio de Linares | P\u00e1gina10\",\"isPartOf\":{\"@id\":\"https:\/\/pagina10.com\/web\/#website\"},\"primaryImageOfPage\":{\"@id\":\"https:\/\/pagina10.com\/web\/asesinan-a-lider-y-representante-de-victimas-en-el-municipio-de-linares\/#primaryimage\"},\"image\":{\"@id\":\"https:\/\/pagina10.com\/web\/asesinan-a-lider-y-representante-de-victimas-en-el-municipio-de-linares\/#primaryimage\"},\"thumbnailUrl\":\"https:\/\/pagina10.com\/web\/wp-content\/uploads\/2020\/11\/lider.jpg\",\"datePublished\":\"2020-11-20T20:47:25+00:00\",\"dateModified\":\"2020-11-20T20:47:42+00:00\",\"breadcrumb\":{\"@id\":\"https:\/\/pagina10.com\/web\/asesinan-a-lider-y-representante-de-victimas-en-el-municipio-de-linares\/#breadcrumb\"},\"inLanguage\":\"es\",\"potentialAction\":[{\"@type\":\"ReadAction\",\"target\":[\"https:\/\/pagina10.com\/web\/asesinan-a-lider-y-representante-de-victimas-en-el-municipio-de-linares\/\"]}]},{\"@type\":\"ImageObject\",\"inLanguage\":\"es\",\"@id\":\"https:\/\/pagina10.com\/web\/asesinan-a-lider-y-representante-de-victimas-en-el-municipio-de-linares\/#primaryimage\",\"url\":\"https:\/\/pagina10.com\/web\/wp-content\/uploads\/2020\/11\/lider.jpg\",\"contentUrl\":\"https:\/\/pagina10.com\/web\/wp-content\/uploads\/2020\/11\/lider.jpg\",\"width\":720,\"height\":637},{\"@type\":\"BreadcrumbList\",\"@id\":\"https:\/\/pagina10.com\/web\/asesinan-a-lider-y-representante-de-victimas-en-el-municipio-de-linares\/#breadcrumb\",\"itemListElement\":[{\"@type\":\"ListItem\",\"position\":1,\"name\":\"Portada\",\"item\":\"https:\/\/pagina10.com\/web\/\"},{\"@type\":\"ListItem\",\"position\":2,\"name\":\"Asesinan a l\u00edder y representante de victimas en el Municipio de Linares\"}]},{\"@type\":\"WebSite\",\"@id\":\"https:\/\/pagina10.com\/web\/#website\",\"url\":\"https:\/\/pagina10.com\/web\/\",\"name\":\"P\u00e1gina10\",\"description\":\"Peri\u00f3dico Regional\",\"publisher\":{\"@id\":\"https:\/\/pagina10.com\/web\/#organization\"},\"alternateName\":\"P\u00e1gina10 Peri\u00f3dico Regional\",\"potentialAction\":[{\"@type\":\"SearchAction\",\"target\":{\"@type\":\"EntryPoint\",\"urlTemplate\":\"https:\/\/pagina10.com\/web\/?s={search_term_string}\"},\"query-input\":{\"@type\":\"PropertyValueSpecification\",\"valueRequired\":true,\"valueName\":\"search_term_string\"}}],\"inLanguage\":\"es\"},{\"@type\":\"Organization\",\"@id\":\"https:\/\/pagina10.com\/web\/#organization\",\"name\":\"P\u00e1gina10\",\"alternateName\":\"P\u00e1gina10 Peri\u00f3dico Regional\",\"url\":\"https:\/\/pagina10.com\/web\/\",\"logo\":{\"@type\":\"ImageObject\",\"inLanguage\":\"es\",\"@id\":\"https:\/\/pagina10.com\/web\/#\/schema\/logo\/image\/\",\"url\":\"https:\/\/pagina10.com\/web\/wp-content\/uploads\/2024\/01\/40-pagina-10-periodico-regional-pasto.jpg\",\"contentUrl\":\"https:\/\/pagina10.com\/web\/wp-content\/uploads\/2024\/01\/40-pagina-10-periodico-regional-pasto.jpg\",\"width\":1280,\"height\":720,\"caption\":\"P\u00e1gina10\"},\"image\":{\"@id\":\"https:\/\/pagina10.com\/web\/#\/schema\/logo\/image\/\"},\"sameAs\":[\"https:\/\/www.facebook.com\/pag10com\",\"https:\/\/x.com\/Pag10com\",\"https:\/\/www.instagram.com\/pagina10col\/\",\"https:\/\/youtube.com\/channel\/pag10\",\"https:\/\/www.tiktok.com\/@p10col\"]},{\"@type\":\"Person\",\"@id\":\"https:\/\/pagina10.com\/web\/#\/schema\/person\/2efc4a090d25b667d3bc796798a3a81b\",\"name\":\"P\u00e1gina 10\",\"description\":\"P\u00e1gina 10 es un peri\u00f3dico regional que nace en Colombia, en el departamento de Nari\u00f1o, con un enfoque global, fundamentado en cuatro pilares esenciales: la libertad, el pluralismo, la inclusi\u00f3n y la independencia. P\u00e1gina 10 hace referencia a Nari\u00f1o como el d\u00e9cimo departamento creado en Colombia, despu\u00e9s de un proceso pol\u00edtico liderado por actores y actrices regionales con el fin de obtener la independencia y autonom\u00eda de nuestros territorios. Con la creaci\u00f3n de P\u00e1gina 10 se pretende abrir un escenario para el dialogo, la reflexi\u00f3n y el debate que se extienda a otras geograf\u00edas de Am\u00e9rica Latina y del planeta, en una apuesta por transformar colectivamente los desaf\u00edos de un mundo contempor\u00e1neo, m\u00e1s all\u00e1 de las fronteras impuestas.\",\"url\":\"https:\/\/pagina10.com\/web\/author\/pdiezadmin\/\"}]}<\/script>\n<!-- \/ Yoast SEO plugin. -->","yoast_head_json":{"title":"Asesinan a l\u00edder y representante de victimas en el Municipio de Linares | P\u00e1gina10","robots":{"index":"index","follow":"follow","max-snippet":"max-snippet:-1","max-image-preview":"max-image-preview:large","max-video-preview":"max-video-preview:-1"},"canonical":"https:\/\/pagina10.com\/web\/asesinan-a-lider-y-representante-de-victimas-en-el-municipio-de-linares\/","og_locale":"es_ES","og_type":"article","og_title":"Asesinan a l\u00edder y representante de victimas en el Municipio de Linares | P\u00e1gina10","og_description":"En hechos violentos muri\u00f3 hoy el l\u00edder y representante de v\u00edctimas, Jhony Castro quien acompa\u00f1aba importantes procesos desde diferente instancias departamentales, siendo asesinado con arma de fuego, en su lugar de residencia ubicada en la vereda San Francisco del Municipio de Linares. Mensajes de rechazo ante estos hechos violentos que callan la voz de los [&hellip;]","og_url":"https:\/\/pagina10.com\/web\/asesinan-a-lider-y-representante-de-victimas-en-el-municipio-de-linares\/","og_site_name":"P\u00e1gina10","article_publisher":"https:\/\/www.facebook.com\/pag10com","article_published_time":"2020-11-20T20:47:25+00:00","article_modified_time":"2020-11-20T20:47:42+00:00","og_image":[{"width":720,"height":637,"url":"https:\/\/pagina10.com\/web\/wp-content\/uploads\/2020\/11\/lider.jpg","type":"image\/jpeg"}],"author":"P\u00e1gina 10","twitter_card":"summary_large_image","twitter_creator":"@Pag10com","twitter_site":"@Pag10com","twitter_misc":{"Escrito por":"P\u00e1gina 10","Tiempo de lectura":"1 minuto"},"schema":{"@context":"https:\/\/schema.org","@graph":[{"@type":"Article","@id":"https:\/\/pagina10.com\/web\/asesinan-a-lider-y-representante-de-victimas-en-el-municipio-de-linares\/#article","isPartOf":{"@id":"https:\/\/pagina10.com\/web\/asesinan-a-lider-y-representante-de-victimas-en-el-municipio-de-linares\/"},"author":{"name":"P\u00e1gina 10","@id":"https:\/\/pagina10.com\/web\/#\/schema\/person\/2efc4a090d25b667d3bc796798a3a81b"},"headline":"Asesinan a l\u00edder y representante de victimas en el Municipio de Linares","datePublished":"2020-11-20T20:47:25+00:00","dateModified":"2020-11-20T20:47:42+00:00","mainEntityOfPage":{"@id":"https:\/\/pagina10.com\/web\/asesinan-a-lider-y-representante-de-victimas-en-el-municipio-de-linares\/"},"wordCount":202,"commentCount":0,"publisher":{"@id":"https:\/\/pagina10.com\/web\/#organization"},"image":{"@id":"https:\/\/pagina10.com\/web\/asesinan-a-lider-y-representante-de-victimas-en-el-municipio-de-linares\/#primaryimage"},"thumbnailUrl":"https:\/\/pagina10.com\/web\/wp-content\/uploads\/2020\/11\/lider.jpg","articleSection":["Judicial"],"inLanguage":"es","potentialAction":[{"@type":"CommentAction","name":"Comment","target":["https:\/\/pagina10.com\/web\/asesinan-a-lider-y-representante-de-victimas-en-el-municipio-de-linares\/#respond"]}]},{"@type":"WebPage","@id":"https:\/\/pagina10.com\/web\/asesinan-a-lider-y-representante-de-victimas-en-el-municipio-de-linares\/","url":"https:\/\/pagina10.com\/web\/asesinan-a-lider-y-representante-de-victimas-en-el-municipio-de-linares\/","name":"Asesinan a l\u00edder y representante de victimas en el Municipio de Linares | P\u00e1gina10","isPartOf":{"@id":"https:\/\/pagina10.com\/web\/#website"},"primaryImageOfPage":{"@id":"https:\/\/pagina10.com\/web\/asesinan-a-lider-y-representante-de-victimas-en-el-municipio-de-linares\/#primaryimage"},"image":{"@id":"https:\/\/pagina10.com\/web\/asesinan-a-lider-y-representante-de-victimas-en-el-municipio-de-linares\/#primaryimage"},"thumbnailUrl":"https:\/\/pagina10.com\/web\/wp-content\/uploads\/2020\/11\/lider.jpg","datePublished":"2020-11-20T20:47:25+00:00","dateModified":"2020-11-20T20:47:42+00:00","breadcrumb":{"@id":"https:\/\/pagina10.com\/web\/asesinan-a-lider-y-representante-de-victimas-en-el-municipio-de-linares\/#breadcrumb"},"inLanguage":"es","potentialAction":[{"@type":"ReadAction","target":["https:\/\/pagina10.com\/web\/asesinan-a-lider-y-representante-de-victimas-en-el-municipio-de-linares\/"]}]},{"@type":"ImageObject","inLanguage":"es","@id":"https:\/\/pagina10.com\/web\/asesinan-a-lider-y-representante-de-victimas-en-el-municipio-de-linares\/#primaryimage","url":"https:\/\/pagina10.com\/web\/wp-content\/uploads\/2020\/11\/lider.jpg","contentUrl":"https:\/\/pagina10.com\/web\/wp-content\/uploads\/2020\/11\/lider.jpg","width":720,"height":637},{"@type":"BreadcrumbList","@id":"https:\/\/pagina10.com\/web\/asesinan-a-lider-y-representante-de-victimas-en-el-municipio-de-linares\/#breadcrumb","itemListElement":[{"@type":"ListItem","position":1,"name":"Portada","item":"https:\/\/pagina10.com\/web\/"},{"@type":"ListItem","position":2,"name":"Asesinan a l\u00edder y representante de victimas en el Municipio de Linares"}]},{"@type":"WebSite","@id":"https:\/\/pagina10.com\/web\/#website","url":"https:\/\/pagina10.com\/web\/","name":"P\u00e1gina10","description":"Peri\u00f3dico Regional","publisher":{"@id":"https:\/\/pagina10.com\/web\/#organization"},"alternateName":"P\u00e1gina10 Peri\u00f3dico Regional","potentialAction":[{"@type":"SearchAction","target":{"@type":"EntryPoint","urlTemplate":"https:\/\/pagina10.com\/web\/?s={search_term_string}"},"query-input":{"@type":"PropertyValueSpecification","valueRequired":true,"valueName":"search_term_string"}}],"inLanguage":"es"},{"@type":"Organization","@id":"https:\/\/pagina10.com\/web\/#organization","name":"P\u00e1gina10","alternateName":"P\u00e1gina10 Peri\u00f3dico Regional","url":"https:\/\/pagina10.com\/web\/","logo":{"@type":"ImageObject","inLanguage":"es","@id":"https:\/\/pagina10.com\/web\/#\/schema\/logo\/image\/","url":"https:\/\/pagina10.com\/web\/wp-content\/uploads\/2024\/01\/40-pagina-10-periodico-regional-pasto.jpg","contentUrl":"https:\/\/pagina10.com\/web\/wp-content\/uploads\/2024\/01\/40-pagina-10-periodico-regional-pasto.jpg","width":1280,"height":720,"caption":"P\u00e1gina10"},"image":{"@id":"https:\/\/pagina10.com\/web\/#\/schema\/logo\/image\/"},"sameAs":["https:\/\/www.facebook.com\/pag10com","https:\/\/x.com\/Pag10com","https:\/\/www.instagram.com\/pagina10col\/","https:\/\/youtube.com\/channel\/pag10","https:\/\/www.tiktok.com\/@p10col"]},{"@type":"Person","@id":"https:\/\/pagina10.com\/web\/#\/schema\/person\/2efc4a090d25b667d3bc796798a3a81b","name":"P\u00e1gina 10","description":"P\u00e1gina 10 es un peri\u00f3dico regional que nace en Colombia, en el departamento de Nari\u00f1o, con un enfoque global, fundamentado en cuatro pilares esenciales: la libertad, el pluralismo, la inclusi\u00f3n y la independencia. P\u00e1gina 10 hace referencia a Nari\u00f1o como el d\u00e9cimo departamento creado en Colombia, despu\u00e9s de un proceso pol\u00edtico liderado por actores y actrices regionales con el fin de obtener la independencia y autonom\u00eda de nuestros territorios. Con la creaci\u00f3n de P\u00e1gina 10 se pretende abrir un escenario para el dialogo, la reflexi\u00f3n y el debate que se extienda a otras geograf\u00edas de Am\u00e9rica Latina y del planeta, en una apuesta por transformar colectivamente los desaf\u00edos de un mundo contempor\u00e1neo, m\u00e1s all\u00e1 de las fronteras impuestas.","url":"https:\/\/pagina10.com\/web\/author\/pdiezadmin\/"}]}},"_links":{"self":[{"href":"https:\/\/pagina10.com\/web\/wp-json\/wp\/v2\/posts\/48710","targetHints":{"allow":["GET"]}}],"collection":[{"href":"https:\/\/pagina10.com\/web\/wp-json\/wp\/v2\/posts"}],"about":[{"href":"https:\/\/pagina10.com\/web\/wp-json\/wp\/v2\/types\/post"}],"author":[{"embeddable":true,"href":"https:\/\/pagina10.com\/web\/wp-json\/wp\/v2\/users\/1"}],"replies":[{"embeddable":true,"href":"https:\/\/pagina10.com\/web\/wp-json\/wp\/v2\/comments?post=48710"}],"version-history":[{"count":2,"href":"https:\/\/pagina10.com\/web\/wp-json\/wp\/v2\/posts\/48710\/revisions"}],"predecessor-version":[{"id":48713,"href":"https:\/\/pagina10.com\/web\/wp-json\/wp\/v2\/posts\/48710\/revisions\/48713"}],"wp:featuredmedia":[{"embeddable":true,"href":"https:\/\/pagina10.com\/web\/wp-json\/wp\/v2\/media\/48711"}],"wp:attachment":[{"href":"https:\/\/pagina10.com\/web\/wp-json\/wp\/v2\/media?parent=48710"}],"wp:term":[{"taxonomy":"category","embeddable":true,"href":"https:\/\/pagina10.com\/web\/wp-json\/wp\/v2\/categories?post=48710"},{"taxonomy":"post_tag","embeddable":true,"href":"https:\/\/pagina10.com\/web\/wp-json\/wp\/v2\/tags?post=48710"}],"curies":[{"name":"wp","href":"https:\/\/api.w.org\/{rel}","templated":true}]}}