{"id":48718,"date":"2020-11-22T00:57:04","date_gmt":"2020-11-22T00:57:04","guid":{"rendered":"https:\/\/pagina10.com\/web\/?p=48718"},"modified":"2020-11-22T01:11:56","modified_gmt":"2020-11-22T01:11:56","slug":"a-juicio-disciplinario-exdirectora-de-talento-humano-de-cartagena-por-presuntas-irregularidades-en-contratacion-de-llamada-primera-dama-de-la-ciudad","status":"publish","type":"post","link":"https:\/\/pagina10.com\/web\/a-juicio-disciplinario-exdirectora-de-talento-humano-de-cartagena-por-presuntas-irregularidades-en-contratacion-de-llamada-primera-dama-de-la-ciudad\/","title":{"rendered":"A juicio disciplinario exdirectora de Talento Humano de Cartagena por presuntas irregularidades en contrataci\u00f3n de llamada Primera Dama de la ciudad"},"content":{"rendered":"<p style=\"text-align: justify;\">La Procuradur\u00eda General de la Naci\u00f3n cit\u00f3 a audiencia p\u00fablica a la exdirectora Administrativa de Talento Humano de Cartagena, Martha Catalina Carvajal Herrera (enero \u2013 junio de 2020), por presuntas irregularidades en la contrataci\u00f3n de la llamada Primera Dama de la ciudad, Cynthia P\u00e9rez Amador.<\/p>\n<p style=\"text-align: justify;\">La Procuradur\u00eda Provincial de Cartagena se\u00f1al\u00f3 que al parecer la exfuncionaria evalu\u00f3 las certificaciones acad\u00e9micas y de experiencia laboral presentadas por P\u00e9rez Amador para acceder al cargo, y las consider\u00f3 suficientes para que fuera contratada en un nivel de servicios especializados, a pesar de no cumplir los requisitos exigidos.<\/p>\n<p style=\"text-align: justify;\">Para el Ministerio P\u00fablico, aparentemente esa evaluaci\u00f3n permiti\u00f3 que se le fijaran unos honorarios superiores a los que en realidad le correspond\u00edan, al ser vinculada a la administraci\u00f3n mediante un contrato de prestaci\u00f3n de servicios con una duraci\u00f3n de 11 meses por $77 millones, cuando por su nivel de formaci\u00f3n t\u00e9cnica y experiencia laboral le correspond\u00eda un pago por ese mismo lapso de $24\u2019200.000, seg\u00fan las normas internas de la alcald\u00eda, lo que aparentemente pudo constituir un detrimento patrimonial para la ciudad.<\/p>\n<p style=\"text-align: justify;\">Para el \u00f3rgano de control, Carvajal Herrera habr\u00eda vulnerado el principio de la moralidad en la funci\u00f3n administrativa.<\/p>\n<p style=\"text-align: justify;\">Por esos hechos, el Ministerio P\u00fablico calific\u00f3 la presunta conducta de Carvajal Herrera como una falta grav\u00edsima cometida a t\u00edtulo de culpa grav\u00edsima.<\/p>\n<p style=\"text-align: justify;\">La exfuncionaria puede rendir versi\u00f3n libre si as\u00ed lo solicita.<\/p>\n","protected":false},"excerpt":{"rendered":"<p>La Procuradur\u00eda General de la Naci\u00f3n cit\u00f3 a audiencia p\u00fablica a la exdirectora Administrativa de Talento Humano de Cartagena, Martha Catalina Carvajal Herrera (enero \u2013 junio de 2020), por presuntas irregularidades en la contrataci\u00f3n de la llamada Primera Dama de la ciudad, Cynthia P\u00e9rez Amador. La Procuradur\u00eda Provincial de Cartagena se\u00f1al\u00f3 que al parecer la [&hellip;]<\/p>\n","protected":false},"author":1,"featured_media":28806,"comment_status":"closed","ping_status":"closed","sticky":false,"template":"","format":"standard","meta":{"footnotes":""},"categories":[94],"tags":[],"class_list":["post-48718","post","type-post","status-publish","format-standard","has-post-thumbnail","hentry","category-nacional-global-2"],"yoast_head":"<!-- This site is optimized with the Yoast SEO plugin v27.1.1 - https:\/\/yoast.com\/product\/yoast-seo-wordpress\/ -->\n<title>A juicio disciplinario exdirectora de Talento Humano de Cartagena por presuntas irregularidades en contrataci\u00f3n de llamada Primera Dama de la ciudad | P\u00e1gina10<\/title>\n<meta name=\"robots\" content=\"index, follow, max-snippet:-1, max-image-preview:large, max-video-preview:-1\" \/>\n<link rel=\"canonical\" href=\"https:\/\/pagina10.com\/web\/a-juicio-disciplinario-exdirectora-de-talento-humano-de-cartagena-por-presuntas-irregularidades-en-contratacion-de-llamada-primera-dama-de-la-ciudad\/\" \/>\n<meta property=\"og:locale\" content=\"es_ES\" \/>\n<meta property=\"og:type\" content=\"article\" \/>\n<meta property=\"og:title\" content=\"A juicio disciplinario exdirectora de Talento Humano de Cartagena por presuntas irregularidades en contrataci\u00f3n de llamada Primera Dama de la ciudad | P\u00e1gina10\" \/>\n<meta property=\"og:description\" content=\"La Procuradur\u00eda General de la Naci\u00f3n cit\u00f3 a audiencia p\u00fablica a la exdirectora Administrativa de Talento Humano de Cartagena, Martha Catalina Carvajal Herrera (enero \u2013 junio de 2020), por presuntas irregularidades en la contrataci\u00f3n de la llamada Primera Dama de la ciudad, Cynthia P\u00e9rez Amador. La Procuradur\u00eda Provincial de Cartagena se\u00f1al\u00f3 que al parecer la [&hellip;]\" \/>\n<meta property=\"og:url\" content=\"https:\/\/pagina10.com\/web\/a-juicio-disciplinario-exdirectora-de-talento-humano-de-cartagena-por-presuntas-irregularidades-en-contratacion-de-llamada-primera-dama-de-la-ciudad\/\" \/>\n<meta property=\"og:site_name\" content=\"P\u00e1gina10\" \/>\n<meta property=\"article:publisher\" content=\"https:\/\/www.facebook.com\/pag10com\" \/>\n<meta property=\"article:published_time\" content=\"2020-11-22T00:57:04+00:00\" \/>\n<meta property=\"article:modified_time\" content=\"2020-11-22T01:11:56+00:00\" \/>\n<meta property=\"og:image\" content=\"https:\/\/pagina10.com\/web\/wp-content\/uploads\/2018\/02\/procuraduria-bogota.jpg\" \/>\n\t<meta property=\"og:image:width\" content=\"770\" \/>\n\t<meta property=\"og:image:height\" content=\"450\" \/>\n\t<meta property=\"og:image:type\" content=\"image\/jpeg\" \/>\n<meta name=\"author\" content=\"P\u00e1gina 10\" \/>\n<meta name=\"twitter:card\" content=\"summary_large_image\" \/>\n<meta name=\"twitter:creator\" content=\"@Pag10com\" \/>\n<meta name=\"twitter:site\" content=\"@Pag10com\" \/>\n<meta name=\"twitter:label1\" content=\"Escrito por\" \/>\n\t<meta name=\"twitter:data1\" content=\"P\u00e1gina 10\" \/>\n\t<meta name=\"twitter:label2\" content=\"Tiempo de lectura\" \/>\n\t<meta name=\"twitter:data2\" content=\"1 minuto\" \/>\n<script type=\"application\/ld+json\" class=\"yoast-schema-graph\">{\"@context\":\"https:\/\/schema.org\",\"@graph\":[{\"@type\":\"Article\",\"@id\":\"https:\/\/pagina10.com\/web\/a-juicio-disciplinario-exdirectora-de-talento-humano-de-cartagena-por-presuntas-irregularidades-en-contratacion-de-llamada-primera-dama-de-la-ciudad\/#article\",\"isPartOf\":{\"@id\":\"https:\/\/pagina10.com\/web\/a-juicio-disciplinario-exdirectora-de-talento-humano-de-cartagena-por-presuntas-irregularidades-en-contratacion-de-llamada-primera-dama-de-la-ciudad\/\"},\"author\":{\"name\":\"P\u00e1gina 10\",\"@id\":\"https:\/\/pagina10.com\/web\/#\/schema\/person\/2efc4a090d25b667d3bc796798a3a81b\"},\"headline\":\"A juicio disciplinario exdirectora de Talento Humano de Cartagena por presuntas irregularidades en contrataci\u00f3n de llamada Primera Dama de la ciudad\",\"datePublished\":\"2020-11-22T00:57:04+00:00\",\"dateModified\":\"2020-11-22T01:11:56+00:00\",\"mainEntityOfPage\":{\"@id\":\"https:\/\/pagina10.com\/web\/a-juicio-disciplinario-exdirectora-de-talento-humano-de-cartagena-por-presuntas-irregularidades-en-contratacion-de-llamada-primera-dama-de-la-ciudad\/\"},\"wordCount\":271,\"publisher\":{\"@id\":\"https:\/\/pagina10.com\/web\/#organization\"},\"image\":{\"@id\":\"https:\/\/pagina10.com\/web\/a-juicio-disciplinario-exdirectora-de-talento-humano-de-cartagena-por-presuntas-irregularidades-en-contratacion-de-llamada-primera-dama-de-la-ciudad\/#primaryimage\"},\"thumbnailUrl\":\"https:\/\/pagina10.com\/web\/wp-content\/uploads\/2018\/02\/procuraduria-bogota.jpg\",\"articleSection\":[\"Nacional\"],\"inLanguage\":\"es\"},{\"@type\":\"WebPage\",\"@id\":\"https:\/\/pagina10.com\/web\/a-juicio-disciplinario-exdirectora-de-talento-humano-de-cartagena-por-presuntas-irregularidades-en-contratacion-de-llamada-primera-dama-de-la-ciudad\/\",\"url\":\"https:\/\/pagina10.com\/web\/a-juicio-disciplinario-exdirectora-de-talento-humano-de-cartagena-por-presuntas-irregularidades-en-contratacion-de-llamada-primera-dama-de-la-ciudad\/\",\"name\":\"A juicio disciplinario exdirectora de Talento Humano de Cartagena por presuntas irregularidades en contrataci\u00f3n de llamada Primera Dama de la ciudad | P\u00e1gina10\",\"isPartOf\":{\"@id\":\"https:\/\/pagina10.com\/web\/#website\"},\"primaryImageOfPage\":{\"@id\":\"https:\/\/pagina10.com\/web\/a-juicio-disciplinario-exdirectora-de-talento-humano-de-cartagena-por-presuntas-irregularidades-en-contratacion-de-llamada-primera-dama-de-la-ciudad\/#primaryimage\"},\"image\":{\"@id\":\"https:\/\/pagina10.com\/web\/a-juicio-disciplinario-exdirectora-de-talento-humano-de-cartagena-por-presuntas-irregularidades-en-contratacion-de-llamada-primera-dama-de-la-ciudad\/#primaryimage\"},\"thumbnailUrl\":\"https:\/\/pagina10.com\/web\/wp-content\/uploads\/2018\/02\/procuraduria-bogota.jpg\",\"datePublished\":\"2020-11-22T00:57:04+00:00\",\"dateModified\":\"2020-11-22T01:11:56+00:00\",\"breadcrumb\":{\"@id\":\"https:\/\/pagina10.com\/web\/a-juicio-disciplinario-exdirectora-de-talento-humano-de-cartagena-por-presuntas-irregularidades-en-contratacion-de-llamada-primera-dama-de-la-ciudad\/#breadcrumb\"},\"inLanguage\":\"es\",\"potentialAction\":[{\"@type\":\"ReadAction\",\"target\":[\"https:\/\/pagina10.com\/web\/a-juicio-disciplinario-exdirectora-de-talento-humano-de-cartagena-por-presuntas-irregularidades-en-contratacion-de-llamada-primera-dama-de-la-ciudad\/\"]}]},{\"@type\":\"ImageObject\",\"inLanguage\":\"es\",\"@id\":\"https:\/\/pagina10.com\/web\/a-juicio-disciplinario-exdirectora-de-talento-humano-de-cartagena-por-presuntas-irregularidades-en-contratacion-de-llamada-primera-dama-de-la-ciudad\/#primaryimage\",\"url\":\"https:\/\/pagina10.com\/web\/wp-content\/uploads\/2018\/02\/procuraduria-bogota.jpg\",\"contentUrl\":\"https:\/\/pagina10.com\/web\/wp-content\/uploads\/2018\/02\/procuraduria-bogota.jpg\",\"width\":770,\"height\":450},{\"@type\":\"BreadcrumbList\",\"@id\":\"https:\/\/pagina10.com\/web\/a-juicio-disciplinario-exdirectora-de-talento-humano-de-cartagena-por-presuntas-irregularidades-en-contratacion-de-llamada-primera-dama-de-la-ciudad\/#breadcrumb\",\"itemListElement\":[{\"@type\":\"ListItem\",\"position\":1,\"name\":\"Portada\",\"item\":\"https:\/\/pagina10.com\/web\/\"},{\"@type\":\"ListItem\",\"position\":2,\"name\":\"A juicio disciplinario exdirectora de Talento Humano de Cartagena por presuntas irregularidades en contrataci\u00f3n de llamada Primera Dama de la ciudad\"}]},{\"@type\":\"WebSite\",\"@id\":\"https:\/\/pagina10.com\/web\/#website\",\"url\":\"https:\/\/pagina10.com\/web\/\",\"name\":\"P\u00e1gina10\",\"description\":\"Peri\u00f3dico Regional\",\"publisher\":{\"@id\":\"https:\/\/pagina10.com\/web\/#organization\"},\"alternateName\":\"P\u00e1gina10 Peri\u00f3dico Regional\",\"potentialAction\":[{\"@type\":\"SearchAction\",\"target\":{\"@type\":\"EntryPoint\",\"urlTemplate\":\"https:\/\/pagina10.com\/web\/?s={search_term_string}\"},\"query-input\":{\"@type\":\"PropertyValueSpecification\",\"valueRequired\":true,\"valueName\":\"search_term_string\"}}],\"inLanguage\":\"es\"},{\"@type\":\"Organization\",\"@id\":\"https:\/\/pagina10.com\/web\/#organization\",\"name\":\"P\u00e1gina10\",\"alternateName\":\"P\u00e1gina10 Peri\u00f3dico Regional\",\"url\":\"https:\/\/pagina10.com\/web\/\",\"logo\":{\"@type\":\"ImageObject\",\"inLanguage\":\"es\",\"@id\":\"https:\/\/pagina10.com\/web\/#\/schema\/logo\/image\/\",\"url\":\"https:\/\/pagina10.com\/web\/wp-content\/uploads\/2024\/01\/40-pagina-10-periodico-regional-pasto.jpg\",\"contentUrl\":\"https:\/\/pagina10.com\/web\/wp-content\/uploads\/2024\/01\/40-pagina-10-periodico-regional-pasto.jpg\",\"width\":1280,\"height\":720,\"caption\":\"P\u00e1gina10\"},\"image\":{\"@id\":\"https:\/\/pagina10.com\/web\/#\/schema\/logo\/image\/\"},\"sameAs\":[\"https:\/\/www.facebook.com\/pag10com\",\"https:\/\/x.com\/Pag10com\",\"https:\/\/www.instagram.com\/pagina10col\/\",\"https:\/\/youtube.com\/channel\/pag10\",\"https:\/\/www.tiktok.com\/@p10col\"]},{\"@type\":\"Person\",\"@id\":\"https:\/\/pagina10.com\/web\/#\/schema\/person\/2efc4a090d25b667d3bc796798a3a81b\",\"name\":\"P\u00e1gina 10\",\"description\":\"P\u00e1gina 10 es un peri\u00f3dico regional que nace en Colombia, en el departamento de Nari\u00f1o, con un enfoque global, fundamentado en cuatro pilares esenciales: la libertad, el pluralismo, la inclusi\u00f3n y la independencia. P\u00e1gina 10 hace referencia a Nari\u00f1o como el d\u00e9cimo departamento creado en Colombia, despu\u00e9s de un proceso pol\u00edtico liderado por actores y actrices regionales con el fin de obtener la independencia y autonom\u00eda de nuestros territorios. Con la creaci\u00f3n de P\u00e1gina 10 se pretende abrir un escenario para el dialogo, la reflexi\u00f3n y el debate que se extienda a otras geograf\u00edas de Am\u00e9rica Latina y del planeta, en una apuesta por transformar colectivamente los desaf\u00edos de un mundo contempor\u00e1neo, m\u00e1s all\u00e1 de las fronteras impuestas.\",\"url\":\"https:\/\/pagina10.com\/web\/author\/pdiezadmin\/\"}]}<\/script>\n<!-- \/ Yoast SEO plugin. -->","yoast_head_json":{"title":"A juicio disciplinario exdirectora de Talento Humano de Cartagena por presuntas irregularidades en contrataci\u00f3n de llamada Primera Dama de la ciudad | P\u00e1gina10","robots":{"index":"index","follow":"follow","max-snippet":"max-snippet:-1","max-image-preview":"max-image-preview:large","max-video-preview":"max-video-preview:-1"},"canonical":"https:\/\/pagina10.com\/web\/a-juicio-disciplinario-exdirectora-de-talento-humano-de-cartagena-por-presuntas-irregularidades-en-contratacion-de-llamada-primera-dama-de-la-ciudad\/","og_locale":"es_ES","og_type":"article","og_title":"A juicio disciplinario exdirectora de Talento Humano de Cartagena por presuntas irregularidades en contrataci\u00f3n de llamada Primera Dama de la ciudad | P\u00e1gina10","og_description":"La Procuradur\u00eda General de la Naci\u00f3n cit\u00f3 a audiencia p\u00fablica a la exdirectora Administrativa de Talento Humano de Cartagena, Martha Catalina Carvajal Herrera (enero \u2013 junio de 2020), por presuntas irregularidades en la contrataci\u00f3n de la llamada Primera Dama de la ciudad, Cynthia P\u00e9rez Amador. La Procuradur\u00eda Provincial de Cartagena se\u00f1al\u00f3 que al parecer la [&hellip;]","og_url":"https:\/\/pagina10.com\/web\/a-juicio-disciplinario-exdirectora-de-talento-humano-de-cartagena-por-presuntas-irregularidades-en-contratacion-de-llamada-primera-dama-de-la-ciudad\/","og_site_name":"P\u00e1gina10","article_publisher":"https:\/\/www.facebook.com\/pag10com","article_published_time":"2020-11-22T00:57:04+00:00","article_modified_time":"2020-11-22T01:11:56+00:00","og_image":[{"width":770,"height":450,"url":"https:\/\/pagina10.com\/web\/wp-content\/uploads\/2018\/02\/procuraduria-bogota.jpg","type":"image\/jpeg"}],"author":"P\u00e1gina 10","twitter_card":"summary_large_image","twitter_creator":"@Pag10com","twitter_site":"@Pag10com","twitter_misc":{"Escrito por":"P\u00e1gina 10","Tiempo de lectura":"1 minuto"},"schema":{"@context":"https:\/\/schema.org","@graph":[{"@type":"Article","@id":"https:\/\/pagina10.com\/web\/a-juicio-disciplinario-exdirectora-de-talento-humano-de-cartagena-por-presuntas-irregularidades-en-contratacion-de-llamada-primera-dama-de-la-ciudad\/#article","isPartOf":{"@id":"https:\/\/pagina10.com\/web\/a-juicio-disciplinario-exdirectora-de-talento-humano-de-cartagena-por-presuntas-irregularidades-en-contratacion-de-llamada-primera-dama-de-la-ciudad\/"},"author":{"name":"P\u00e1gina 10","@id":"https:\/\/pagina10.com\/web\/#\/schema\/person\/2efc4a090d25b667d3bc796798a3a81b"},"headline":"A juicio disciplinario exdirectora de Talento Humano de Cartagena por presuntas irregularidades en contrataci\u00f3n de llamada Primera Dama de la ciudad","datePublished":"2020-11-22T00:57:04+00:00","dateModified":"2020-11-22T01:11:56+00:00","mainEntityOfPage":{"@id":"https:\/\/pagina10.com\/web\/a-juicio-disciplinario-exdirectora-de-talento-humano-de-cartagena-por-presuntas-irregularidades-en-contratacion-de-llamada-primera-dama-de-la-ciudad\/"},"wordCount":271,"publisher":{"@id":"https:\/\/pagina10.com\/web\/#organization"},"image":{"@id":"https:\/\/pagina10.com\/web\/a-juicio-disciplinario-exdirectora-de-talento-humano-de-cartagena-por-presuntas-irregularidades-en-contratacion-de-llamada-primera-dama-de-la-ciudad\/#primaryimage"},"thumbnailUrl":"https:\/\/pagina10.com\/web\/wp-content\/uploads\/2018\/02\/procuraduria-bogota.jpg","articleSection":["Nacional"],"inLanguage":"es"},{"@type":"WebPage","@id":"https:\/\/pagina10.com\/web\/a-juicio-disciplinario-exdirectora-de-talento-humano-de-cartagena-por-presuntas-irregularidades-en-contratacion-de-llamada-primera-dama-de-la-ciudad\/","url":"https:\/\/pagina10.com\/web\/a-juicio-disciplinario-exdirectora-de-talento-humano-de-cartagena-por-presuntas-irregularidades-en-contratacion-de-llamada-primera-dama-de-la-ciudad\/","name":"A juicio disciplinario exdirectora de Talento Humano de Cartagena por presuntas irregularidades en contrataci\u00f3n de llamada Primera Dama de la ciudad | P\u00e1gina10","isPartOf":{"@id":"https:\/\/pagina10.com\/web\/#website"},"primaryImageOfPage":{"@id":"https:\/\/pagina10.com\/web\/a-juicio-disciplinario-exdirectora-de-talento-humano-de-cartagena-por-presuntas-irregularidades-en-contratacion-de-llamada-primera-dama-de-la-ciudad\/#primaryimage"},"image":{"@id":"https:\/\/pagina10.com\/web\/a-juicio-disciplinario-exdirectora-de-talento-humano-de-cartagena-por-presuntas-irregularidades-en-contratacion-de-llamada-primera-dama-de-la-ciudad\/#primaryimage"},"thumbnailUrl":"https:\/\/pagina10.com\/web\/wp-content\/uploads\/2018\/02\/procuraduria-bogota.jpg","datePublished":"2020-11-22T00:57:04+00:00","dateModified":"2020-11-22T01:11:56+00:00","breadcrumb":{"@id":"https:\/\/pagina10.com\/web\/a-juicio-disciplinario-exdirectora-de-talento-humano-de-cartagena-por-presuntas-irregularidades-en-contratacion-de-llamada-primera-dama-de-la-ciudad\/#breadcrumb"},"inLanguage":"es","potentialAction":[{"@type":"ReadAction","target":["https:\/\/pagina10.com\/web\/a-juicio-disciplinario-exdirectora-de-talento-humano-de-cartagena-por-presuntas-irregularidades-en-contratacion-de-llamada-primera-dama-de-la-ciudad\/"]}]},{"@type":"ImageObject","inLanguage":"es","@id":"https:\/\/pagina10.com\/web\/a-juicio-disciplinario-exdirectora-de-talento-humano-de-cartagena-por-presuntas-irregularidades-en-contratacion-de-llamada-primera-dama-de-la-ciudad\/#primaryimage","url":"https:\/\/pagina10.com\/web\/wp-content\/uploads\/2018\/02\/procuraduria-bogota.jpg","contentUrl":"https:\/\/pagina10.com\/web\/wp-content\/uploads\/2018\/02\/procuraduria-bogota.jpg","width":770,"height":450},{"@type":"BreadcrumbList","@id":"https:\/\/pagina10.com\/web\/a-juicio-disciplinario-exdirectora-de-talento-humano-de-cartagena-por-presuntas-irregularidades-en-contratacion-de-llamada-primera-dama-de-la-ciudad\/#breadcrumb","itemListElement":[{"@type":"ListItem","position":1,"name":"Portada","item":"https:\/\/pagina10.com\/web\/"},{"@type":"ListItem","position":2,"name":"A juicio disciplinario exdirectora de Talento Humano de Cartagena por presuntas irregularidades en contrataci\u00f3n de llamada Primera Dama de la ciudad"}]},{"@type":"WebSite","@id":"https:\/\/pagina10.com\/web\/#website","url":"https:\/\/pagina10.com\/web\/","name":"P\u00e1gina10","description":"Peri\u00f3dico Regional","publisher":{"@id":"https:\/\/pagina10.com\/web\/#organization"},"alternateName":"P\u00e1gina10 Peri\u00f3dico Regional","potentialAction":[{"@type":"SearchAction","target":{"@type":"EntryPoint","urlTemplate":"https:\/\/pagina10.com\/web\/?s={search_term_string}"},"query-input":{"@type":"PropertyValueSpecification","valueRequired":true,"valueName":"search_term_string"}}],"inLanguage":"es"},{"@type":"Organization","@id":"https:\/\/pagina10.com\/web\/#organization","name":"P\u00e1gina10","alternateName":"P\u00e1gina10 Peri\u00f3dico Regional","url":"https:\/\/pagina10.com\/web\/","logo":{"@type":"ImageObject","inLanguage":"es","@id":"https:\/\/pagina10.com\/web\/#\/schema\/logo\/image\/","url":"https:\/\/pagina10.com\/web\/wp-content\/uploads\/2024\/01\/40-pagina-10-periodico-regional-pasto.jpg","contentUrl":"https:\/\/pagina10.com\/web\/wp-content\/uploads\/2024\/01\/40-pagina-10-periodico-regional-pasto.jpg","width":1280,"height":720,"caption":"P\u00e1gina10"},"image":{"@id":"https:\/\/pagina10.com\/web\/#\/schema\/logo\/image\/"},"sameAs":["https:\/\/www.facebook.com\/pag10com","https:\/\/x.com\/Pag10com","https:\/\/www.instagram.com\/pagina10col\/","https:\/\/youtube.com\/channel\/pag10","https:\/\/www.tiktok.com\/@p10col"]},{"@type":"Person","@id":"https:\/\/pagina10.com\/web\/#\/schema\/person\/2efc4a090d25b667d3bc796798a3a81b","name":"P\u00e1gina 10","description":"P\u00e1gina 10 es un peri\u00f3dico regional que nace en Colombia, en el departamento de Nari\u00f1o, con un enfoque global, fundamentado en cuatro pilares esenciales: la libertad, el pluralismo, la inclusi\u00f3n y la independencia. P\u00e1gina 10 hace referencia a Nari\u00f1o como el d\u00e9cimo departamento creado en Colombia, despu\u00e9s de un proceso pol\u00edtico liderado por actores y actrices regionales con el fin de obtener la independencia y autonom\u00eda de nuestros territorios. Con la creaci\u00f3n de P\u00e1gina 10 se pretende abrir un escenario para el dialogo, la reflexi\u00f3n y el debate que se extienda a otras geograf\u00edas de Am\u00e9rica Latina y del planeta, en una apuesta por transformar colectivamente los desaf\u00edos de un mundo contempor\u00e1neo, m\u00e1s all\u00e1 de las fronteras impuestas.","url":"https:\/\/pagina10.com\/web\/author\/pdiezadmin\/"}]}},"_links":{"self":[{"href":"https:\/\/pagina10.com\/web\/wp-json\/wp\/v2\/posts\/48718","targetHints":{"allow":["GET"]}}],"collection":[{"href":"https:\/\/pagina10.com\/web\/wp-json\/wp\/v2\/posts"}],"about":[{"href":"https:\/\/pagina10.com\/web\/wp-json\/wp\/v2\/types\/post"}],"author":[{"embeddable":true,"href":"https:\/\/pagina10.com\/web\/wp-json\/wp\/v2\/users\/1"}],"replies":[{"embeddable":true,"href":"https:\/\/pagina10.com\/web\/wp-json\/wp\/v2\/comments?post=48718"}],"version-history":[{"count":2,"href":"https:\/\/pagina10.com\/web\/wp-json\/wp\/v2\/posts\/48718\/revisions"}],"predecessor-version":[{"id":48720,"href":"https:\/\/pagina10.com\/web\/wp-json\/wp\/v2\/posts\/48718\/revisions\/48720"}],"wp:featuredmedia":[{"embeddable":true,"href":"https:\/\/pagina10.com\/web\/wp-json\/wp\/v2\/media\/28806"}],"wp:attachment":[{"href":"https:\/\/pagina10.com\/web\/wp-json\/wp\/v2\/media?parent=48718"}],"wp:term":[{"taxonomy":"category","embeddable":true,"href":"https:\/\/pagina10.com\/web\/wp-json\/wp\/v2\/categories?post=48718"},{"taxonomy":"post_tag","embeddable":true,"href":"https:\/\/pagina10.com\/web\/wp-json\/wp\/v2\/tags?post=48718"}],"curies":[{"name":"wp","href":"https:\/\/api.w.org\/{rel}","templated":true}]}}