{"id":48725,"date":"2020-11-22T01:47:49","date_gmt":"2020-11-22T01:47:49","guid":{"rendered":"https:\/\/pagina10.com\/web\/?p=48725"},"modified":"2020-11-22T01:47:49","modified_gmt":"2020-11-22T01:47:49","slug":"fiscalia-judicializo-al-presunto-responsable-del-doble-feminicidio-ocurrido-en-el-municipio-de-colon-genova-narino","status":"publish","type":"post","link":"https:\/\/pagina10.com\/web\/fiscalia-judicializo-al-presunto-responsable-del-doble-feminicidio-ocurrido-en-el-municipio-de-colon-genova-narino\/","title":{"rendered":"Fiscal\u00eda judicializ\u00f3 al presunto responsable del doble feminicidio ocurrido en el municipio de Col\u00f3n G\u00e9nova (Nari\u00f1o)"},"content":{"rendered":"<p style=\"text-align: justify;\"><span lang=\"ES\">En desarrollo de la estrategia de fortalecimiento de la seguridad ciudadana en el departamento de Nari\u00f1o, el\u00a0Fiscal General de la Naci\u00f3n, Francisco Barbosa Delgado, durante su visita al municipio de Tumaco, anunci\u00f3 los resultados obtenidos en 18 d\u00edas en la investigaci\u00f3n para esclarecer un doble feminicidio cometido en Col\u00f3n G\u00e9nova (Nari\u00f1o).\u00a0<\/span><\/p>\n<p style=\"text-align: justify;\"><span lang=\"ES\">El material probatorio recolectado por los investigadores, permito la identificaci\u00f3n e individualizaci\u00f3n de Edison Esneider Buitr\u00f3n Cer\u00f3n, de 32 a\u00f1os de edad, como presunto responsable de los delitos de\u00a0feminicidio agravado\u00a0en concurso homog\u00e9neo y\u00a0acceso carnal violento agravado.\u00a0<\/span><\/p>\n<p style=\"text-align: justify;\"><span lang=\"ES\">El jefe del ente acusador indic\u00f3 que \u201cEsta Fiscal\u00eda no va a permitir que esos delincuentes se salgan con la suya, vamos a perseguirlos, vamos a procesarlos, vamos a acusarlos, y no vamos a permitir que en ning\u00fan lugar del territorio nacional se sigan cometiendo estos hechos\u201d.\u00a0<\/span><\/p>\n<p style=\"text-align: justify;\"><span lang=\"ES\">El crimen investigado por un fiscal de la Brigada de Homicidios de la Seccional Nari\u00f1o ocurri\u00f3 el 23 de octubre de 2020, en la vereda El Llano del corregimiento Villanueva, jurisdicci\u00f3n del citado municipio nari\u00f1ense, donde fueron asesinadas una\u00a0mujer de 73 a\u00f1os y su nieta de 9 a\u00f1os.\u00a0<\/span><\/p>\n<p style=\"text-align: justify;\"><span lang=\"ES\">El ente acusador, tras priorizar este caso bajo la perspectiva de g\u00e9nero, con apoyo del CTI y la Sij\u00edn Denar, evidenci\u00f3 que el procesado al parecer lleg\u00f3 hasta un cafetal donde se encontraban las v\u00edctimas, quienes hab\u00edan salido a buscar le\u00f1a. El hombre presuntamente aprovech\u00f3 la situaci\u00f3n para atacarlas; primero a la adulta mayor, a quien habr\u00eda golpeado para dejarla inconsciente, y as\u00ed agredir a la menor, someti\u00e9ndola supuestamente a vej\u00e1menes sexuales y luego causarle la muerte.\u00a0<\/span><\/p>\n<p style=\"text-align: justify;\"><span lang=\"ES\">En el lugar de los hechos los investigadores encontraron elementos materiales probatorios contundentes como el envase pl\u00e1stico de una bebida gaseosa que fue comprada por el presunto agresor en el corregimiento Villanueva, momentos antes del ataque.\u00a0<\/span><\/p>\n<p style=\"text-align: justify;\"><span lang=\"ES\">Es de precisar que el ADN encontrado en la botella y los an\u00e1lisis de los gen\u00e9ticos cotejados con las muestras halladas en las u\u00f1as de la ni\u00f1a corroborar\u00edan la posible responsabilidad de Buitr\u00f3n Cer\u00f3n en la acci\u00f3n delictiva en contra de la menor y su abuela.\u00a0<\/span><\/p>\n<p style=\"text-align: justify;\"><span lang=\"ES\">En desarrollo de la investigaci\u00f3n, las entrevistas y declaraciones de testigos permitieron establecer la ruta utilizada por el encartado para llegar hasta las v\u00edctimas.\u00a0<\/span><\/p>\n<p style=\"text-align: justify;\"><span lang=\"ES\">Esta persona registra sentencias condenatorias por los delitos de homicidio agravado; tr\u00e1fico, fabricaci\u00f3n o porte de estupefacientes; y tr\u00e1fico de armas de fuego. Igualmente, se evidenci\u00f3 que el investigado se encontraba con detenci\u00f3n domiciliaria, la cual habr\u00eda violado y por lo que fue judicializado por fuga de presos.\u00a0<\/span><\/p>\n<p style=\"text-align: justify;\"><span lang=\"ES\">El Juzgado Primero Promiscuo Municipal de Col\u00f3n G\u00e9nova (Nari\u00f1o) aval\u00f3 los argumentos de la Fiscal\u00eda e impuso\u00a0medida de aseguramiento\u00a0privativa de la libertad en la c\u00e1rcel judicial de Pasto (Nari\u00f1o) o lugar que determine el Inpec.\u00a0<\/span><\/p>\n<p style=\"text-align: justify;\"><span lang=\"ES\">Buitr\u00f3n Cer\u00f3n\u00a0no acept\u00f3 los cargos\u00a0formulados por la Fiscal\u00eda.\u00a0<\/span><\/p>\n<p style=\"text-align: justify;\"><span lang=\"ES\">\u201cNosotros en la Fiscal\u00eda General de la Naci\u00f3n estamos protegiendo a nuestros ni\u00f1os, ni\u00f1as y adolescentes. Tenemos una posici\u00f3n de garante frente a ellos y no vamos a permitir desde ning\u00fan punto de vista que estas actitudes que se presentan en diferentes lugares puedan perdurar (\u2026) no vamos a tolerar que contin\u00fae esta campa\u00f1a de infamia contra nuestras mujeres, contra nuestros ni\u00f1os y contra nuestros adolescentes\u201d, concluy\u00f3 el Fiscal General, Francisco Barbosa.\u00a0<\/span><\/p>\n<p style=\"text-align: justify;\"><span lang=\"ES\">La Fiscal\u00eda ha logrado en los \u00faltimos nueve meses un avance del 94% en el esclarecimiento de feminicidios, y del 100% en 16 departamentos.\u00a0<\/span><\/p>\n<p><iframe src=\"https:\/\/www.facebook.com\/plugins\/video.php?height=314&#038;href=https%3A%2F%2Fwww.facebook.com%2Fpag10com%2Fvideos%2F972985936440397%2F&#038;show_text=false&#038;width=560\" width=\"560\" height=\"314\" style=\"border:none;overflow:hidden\" scrolling=\"no\" frameborder=\"0\" allowfullscreen=\"true\" allow=\"autoplay; clipboard-write; encrypted-media; picture-in-picture; web-share\" allowFullScreen=\"true\"><\/iframe><\/p>\n","protected":false},"excerpt":{"rendered":"<p>En desarrollo de la estrategia de fortalecimiento de la seguridad ciudadana en el departamento de Nari\u00f1o, el\u00a0Fiscal General de la Naci\u00f3n, Francisco Barbosa Delgado, durante su visita al municipio de Tumaco, anunci\u00f3 los resultados obtenidos en 18 d\u00edas en la investigaci\u00f3n para esclarecer un doble feminicidio cometido en Col\u00f3n G\u00e9nova (Nari\u00f1o).\u00a0 El material probatorio recolectado [&hellip;]<\/p>\n","protected":false},"author":1,"featured_media":48726,"comment_status":"open","ping_status":"open","sticky":false,"template":"","format":"standard","meta":{"footnotes":""},"categories":[61],"tags":[],"class_list":["post-48725","post","type-post","status-publish","format-standard","has-post-thumbnail","hentry","category-judicial"],"yoast_head":"<!-- This site is optimized with the Yoast SEO plugin v27.1.1 - https:\/\/yoast.com\/product\/yoast-seo-wordpress\/ -->\n<title>Fiscal\u00eda judicializ\u00f3 al presunto responsable del doble feminicidio ocurrido en el municipio de Col\u00f3n G\u00e9nova (Nari\u00f1o) | P\u00e1gina10<\/title>\n<meta name=\"robots\" content=\"index, follow, max-snippet:-1, max-image-preview:large, max-video-preview:-1\" \/>\n<link rel=\"canonical\" href=\"https:\/\/pagina10.com\/web\/fiscalia-judicializo-al-presunto-responsable-del-doble-feminicidio-ocurrido-en-el-municipio-de-colon-genova-narino\/\" \/>\n<meta property=\"og:locale\" content=\"es_ES\" \/>\n<meta property=\"og:type\" content=\"article\" \/>\n<meta property=\"og:title\" content=\"Fiscal\u00eda judicializ\u00f3 al presunto responsable del doble feminicidio ocurrido en el municipio de Col\u00f3n G\u00e9nova (Nari\u00f1o) | P\u00e1gina10\" \/>\n<meta property=\"og:description\" content=\"En desarrollo de la estrategia de fortalecimiento de la seguridad ciudadana en el departamento de Nari\u00f1o, el\u00a0Fiscal General de la Naci\u00f3n, Francisco Barbosa Delgado, durante su visita al municipio de Tumaco, anunci\u00f3 los resultados obtenidos en 18 d\u00edas en la investigaci\u00f3n para esclarecer un doble feminicidio cometido en Col\u00f3n G\u00e9nova (Nari\u00f1o). El material probatorio recolectado [&hellip;]\" \/>\n<meta property=\"og:url\" content=\"https:\/\/pagina10.com\/web\/fiscalia-judicializo-al-presunto-responsable-del-doble-feminicidio-ocurrido-en-el-municipio-de-colon-genova-narino\/\" \/>\n<meta property=\"og:site_name\" content=\"P\u00e1gina10\" \/>\n<meta property=\"article:publisher\" content=\"https:\/\/www.facebook.com\/pag10com\" \/>\n<meta property=\"article:published_time\" content=\"2020-11-22T01:47:49+00:00\" \/>\n<meta property=\"og:image\" content=\"https:\/\/pagina10.com\/web\/wp-content\/uploads\/2020\/11\/Captura-de-Pantalla-2020-11-21-a-las-8.34.50-p.-m..png\" \/>\n\t<meta property=\"og:image:width\" content=\"628\" \/>\n\t<meta property=\"og:image:height\" content=\"332\" \/>\n\t<meta property=\"og:image:type\" content=\"image\/png\" \/>\n<meta name=\"author\" content=\"P\u00e1gina 10\" \/>\n<meta name=\"twitter:card\" content=\"summary_large_image\" \/>\n<meta name=\"twitter:creator\" content=\"@Pag10com\" \/>\n<meta name=\"twitter:site\" content=\"@Pag10com\" \/>\n<meta name=\"twitter:label1\" content=\"Escrito por\" \/>\n\t<meta name=\"twitter:data1\" content=\"P\u00e1gina 10\" \/>\n\t<meta name=\"twitter:label2\" content=\"Tiempo de lectura\" \/>\n\t<meta name=\"twitter:data2\" content=\"3 minutos\" \/>\n<script type=\"application\/ld+json\" class=\"yoast-schema-graph\">{\"@context\":\"https:\/\/schema.org\",\"@graph\":[{\"@type\":\"Article\",\"@id\":\"https:\/\/pagina10.com\/web\/fiscalia-judicializo-al-presunto-responsable-del-doble-feminicidio-ocurrido-en-el-municipio-de-colon-genova-narino\/#article\",\"isPartOf\":{\"@id\":\"https:\/\/pagina10.com\/web\/fiscalia-judicializo-al-presunto-responsable-del-doble-feminicidio-ocurrido-en-el-municipio-de-colon-genova-narino\/\"},\"author\":{\"name\":\"P\u00e1gina 10\",\"@id\":\"https:\/\/pagina10.com\/web\/#\/schema\/person\/2efc4a090d25b667d3bc796798a3a81b\"},\"headline\":\"Fiscal\u00eda judicializ\u00f3 al presunto responsable del doble feminicidio ocurrido en el municipio de Col\u00f3n G\u00e9nova (Nari\u00f1o)\",\"datePublished\":\"2020-11-22T01:47:49+00:00\",\"mainEntityOfPage\":{\"@id\":\"https:\/\/pagina10.com\/web\/fiscalia-judicializo-al-presunto-responsable-del-doble-feminicidio-ocurrido-en-el-municipio-de-colon-genova-narino\/\"},\"wordCount\":635,\"commentCount\":0,\"publisher\":{\"@id\":\"https:\/\/pagina10.com\/web\/#organization\"},\"image\":{\"@id\":\"https:\/\/pagina10.com\/web\/fiscalia-judicializo-al-presunto-responsable-del-doble-feminicidio-ocurrido-en-el-municipio-de-colon-genova-narino\/#primaryimage\"},\"thumbnailUrl\":\"https:\/\/pagina10.com\/web\/wp-content\/uploads\/2020\/11\/Captura-de-Pantalla-2020-11-21-a-las-8.34.50-p.-m..png\",\"articleSection\":[\"Judicial\"],\"inLanguage\":\"es\",\"potentialAction\":[{\"@type\":\"CommentAction\",\"name\":\"Comment\",\"target\":[\"https:\/\/pagina10.com\/web\/fiscalia-judicializo-al-presunto-responsable-del-doble-feminicidio-ocurrido-en-el-municipio-de-colon-genova-narino\/#respond\"]}]},{\"@type\":\"WebPage\",\"@id\":\"https:\/\/pagina10.com\/web\/fiscalia-judicializo-al-presunto-responsable-del-doble-feminicidio-ocurrido-en-el-municipio-de-colon-genova-narino\/\",\"url\":\"https:\/\/pagina10.com\/web\/fiscalia-judicializo-al-presunto-responsable-del-doble-feminicidio-ocurrido-en-el-municipio-de-colon-genova-narino\/\",\"name\":\"Fiscal\u00eda judicializ\u00f3 al presunto responsable del doble feminicidio ocurrido en el municipio de Col\u00f3n G\u00e9nova (Nari\u00f1o) | P\u00e1gina10\",\"isPartOf\":{\"@id\":\"https:\/\/pagina10.com\/web\/#website\"},\"primaryImageOfPage\":{\"@id\":\"https:\/\/pagina10.com\/web\/fiscalia-judicializo-al-presunto-responsable-del-doble-feminicidio-ocurrido-en-el-municipio-de-colon-genova-narino\/#primaryimage\"},\"image\":{\"@id\":\"https:\/\/pagina10.com\/web\/fiscalia-judicializo-al-presunto-responsable-del-doble-feminicidio-ocurrido-en-el-municipio-de-colon-genova-narino\/#primaryimage\"},\"thumbnailUrl\":\"https:\/\/pagina10.com\/web\/wp-content\/uploads\/2020\/11\/Captura-de-Pantalla-2020-11-21-a-las-8.34.50-p.-m..png\",\"datePublished\":\"2020-11-22T01:47:49+00:00\",\"breadcrumb\":{\"@id\":\"https:\/\/pagina10.com\/web\/fiscalia-judicializo-al-presunto-responsable-del-doble-feminicidio-ocurrido-en-el-municipio-de-colon-genova-narino\/#breadcrumb\"},\"inLanguage\":\"es\",\"potentialAction\":[{\"@type\":\"ReadAction\",\"target\":[\"https:\/\/pagina10.com\/web\/fiscalia-judicializo-al-presunto-responsable-del-doble-feminicidio-ocurrido-en-el-municipio-de-colon-genova-narino\/\"]}]},{\"@type\":\"ImageObject\",\"inLanguage\":\"es\",\"@id\":\"https:\/\/pagina10.com\/web\/fiscalia-judicializo-al-presunto-responsable-del-doble-feminicidio-ocurrido-en-el-municipio-de-colon-genova-narino\/#primaryimage\",\"url\":\"https:\/\/pagina10.com\/web\/wp-content\/uploads\/2020\/11\/Captura-de-Pantalla-2020-11-21-a-las-8.34.50-p.-m..png\",\"contentUrl\":\"https:\/\/pagina10.com\/web\/wp-content\/uploads\/2020\/11\/Captura-de-Pantalla-2020-11-21-a-las-8.34.50-p.-m..png\",\"width\":628,\"height\":332,\"caption\":\"Edison Esneider Buitr\u00f3n Cer\u00f3n, de 32 a\u00f1os de edad, es se\u00f1alado como\u00a0 posible autor del doble feminicidio de una mujer de 73 a\u00f1os y su nieta de 9 a\u00f1os en col\u00f3n G\u00e9nova (Nari\u00f1o).\"},{\"@type\":\"BreadcrumbList\",\"@id\":\"https:\/\/pagina10.com\/web\/fiscalia-judicializo-al-presunto-responsable-del-doble-feminicidio-ocurrido-en-el-municipio-de-colon-genova-narino\/#breadcrumb\",\"itemListElement\":[{\"@type\":\"ListItem\",\"position\":1,\"name\":\"Portada\",\"item\":\"https:\/\/pagina10.com\/web\/\"},{\"@type\":\"ListItem\",\"position\":2,\"name\":\"Fiscal\u00eda judicializ\u00f3 al presunto responsable del doble feminicidio ocurrido en el municipio de Col\u00f3n G\u00e9nova (Nari\u00f1o)\"}]},{\"@type\":\"WebSite\",\"@id\":\"https:\/\/pagina10.com\/web\/#website\",\"url\":\"https:\/\/pagina10.com\/web\/\",\"name\":\"P\u00e1gina10\",\"description\":\"Peri\u00f3dico Regional\",\"publisher\":{\"@id\":\"https:\/\/pagina10.com\/web\/#organization\"},\"alternateName\":\"P\u00e1gina10 Peri\u00f3dico Regional\",\"potentialAction\":[{\"@type\":\"SearchAction\",\"target\":{\"@type\":\"EntryPoint\",\"urlTemplate\":\"https:\/\/pagina10.com\/web\/?s={search_term_string}\"},\"query-input\":{\"@type\":\"PropertyValueSpecification\",\"valueRequired\":true,\"valueName\":\"search_term_string\"}}],\"inLanguage\":\"es\"},{\"@type\":\"Organization\",\"@id\":\"https:\/\/pagina10.com\/web\/#organization\",\"name\":\"P\u00e1gina10\",\"alternateName\":\"P\u00e1gina10 Peri\u00f3dico Regional\",\"url\":\"https:\/\/pagina10.com\/web\/\",\"logo\":{\"@type\":\"ImageObject\",\"inLanguage\":\"es\",\"@id\":\"https:\/\/pagina10.com\/web\/#\/schema\/logo\/image\/\",\"url\":\"https:\/\/pagina10.com\/web\/wp-content\/uploads\/2024\/01\/40-pagina-10-periodico-regional-pasto.jpg\",\"contentUrl\":\"https:\/\/pagina10.com\/web\/wp-content\/uploads\/2024\/01\/40-pagina-10-periodico-regional-pasto.jpg\",\"width\":1280,\"height\":720,\"caption\":\"P\u00e1gina10\"},\"image\":{\"@id\":\"https:\/\/pagina10.com\/web\/#\/schema\/logo\/image\/\"},\"sameAs\":[\"https:\/\/www.facebook.com\/pag10com\",\"https:\/\/x.com\/Pag10com\",\"https:\/\/www.instagram.com\/pagina10col\/\",\"https:\/\/youtube.com\/channel\/pag10\",\"https:\/\/www.tiktok.com\/@p10col\"]},{\"@type\":\"Person\",\"@id\":\"https:\/\/pagina10.com\/web\/#\/schema\/person\/2efc4a090d25b667d3bc796798a3a81b\",\"name\":\"P\u00e1gina 10\",\"description\":\"P\u00e1gina 10 es un peri\u00f3dico regional que nace en Colombia, en el departamento de Nari\u00f1o, con un enfoque global, fundamentado en cuatro pilares esenciales: la libertad, el pluralismo, la inclusi\u00f3n y la independencia. P\u00e1gina 10 hace referencia a Nari\u00f1o como el d\u00e9cimo departamento creado en Colombia, despu\u00e9s de un proceso pol\u00edtico liderado por actores y actrices regionales con el fin de obtener la independencia y autonom\u00eda de nuestros territorios. Con la creaci\u00f3n de P\u00e1gina 10 se pretende abrir un escenario para el dialogo, la reflexi\u00f3n y el debate que se extienda a otras geograf\u00edas de Am\u00e9rica Latina y del planeta, en una apuesta por transformar colectivamente los desaf\u00edos de un mundo contempor\u00e1neo, m\u00e1s all\u00e1 de las fronteras impuestas.\",\"url\":\"https:\/\/pagina10.com\/web\/author\/pdiezadmin\/\"}]}<\/script>\n<!-- \/ Yoast SEO plugin. -->","yoast_head_json":{"title":"Fiscal\u00eda judicializ\u00f3 al presunto responsable del doble feminicidio ocurrido en el municipio de Col\u00f3n G\u00e9nova (Nari\u00f1o) | P\u00e1gina10","robots":{"index":"index","follow":"follow","max-snippet":"max-snippet:-1","max-image-preview":"max-image-preview:large","max-video-preview":"max-video-preview:-1"},"canonical":"https:\/\/pagina10.com\/web\/fiscalia-judicializo-al-presunto-responsable-del-doble-feminicidio-ocurrido-en-el-municipio-de-colon-genova-narino\/","og_locale":"es_ES","og_type":"article","og_title":"Fiscal\u00eda judicializ\u00f3 al presunto responsable del doble feminicidio ocurrido en el municipio de Col\u00f3n G\u00e9nova (Nari\u00f1o) | P\u00e1gina10","og_description":"En desarrollo de la estrategia de fortalecimiento de la seguridad ciudadana en el departamento de Nari\u00f1o, el\u00a0Fiscal General de la Naci\u00f3n, Francisco Barbosa Delgado, durante su visita al municipio de Tumaco, anunci\u00f3 los resultados obtenidos en 18 d\u00edas en la investigaci\u00f3n para esclarecer un doble feminicidio cometido en Col\u00f3n G\u00e9nova (Nari\u00f1o). El material probatorio recolectado [&hellip;]","og_url":"https:\/\/pagina10.com\/web\/fiscalia-judicializo-al-presunto-responsable-del-doble-feminicidio-ocurrido-en-el-municipio-de-colon-genova-narino\/","og_site_name":"P\u00e1gina10","article_publisher":"https:\/\/www.facebook.com\/pag10com","article_published_time":"2020-11-22T01:47:49+00:00","og_image":[{"width":628,"height":332,"url":"https:\/\/pagina10.com\/web\/wp-content\/uploads\/2020\/11\/Captura-de-Pantalla-2020-11-21-a-las-8.34.50-p.-m..png","type":"image\/png"}],"author":"P\u00e1gina 10","twitter_card":"summary_large_image","twitter_creator":"@Pag10com","twitter_site":"@Pag10com","twitter_misc":{"Escrito por":"P\u00e1gina 10","Tiempo de lectura":"3 minutos"},"schema":{"@context":"https:\/\/schema.org","@graph":[{"@type":"Article","@id":"https:\/\/pagina10.com\/web\/fiscalia-judicializo-al-presunto-responsable-del-doble-feminicidio-ocurrido-en-el-municipio-de-colon-genova-narino\/#article","isPartOf":{"@id":"https:\/\/pagina10.com\/web\/fiscalia-judicializo-al-presunto-responsable-del-doble-feminicidio-ocurrido-en-el-municipio-de-colon-genova-narino\/"},"author":{"name":"P\u00e1gina 10","@id":"https:\/\/pagina10.com\/web\/#\/schema\/person\/2efc4a090d25b667d3bc796798a3a81b"},"headline":"Fiscal\u00eda judicializ\u00f3 al presunto responsable del doble feminicidio ocurrido en el municipio de Col\u00f3n G\u00e9nova (Nari\u00f1o)","datePublished":"2020-11-22T01:47:49+00:00","mainEntityOfPage":{"@id":"https:\/\/pagina10.com\/web\/fiscalia-judicializo-al-presunto-responsable-del-doble-feminicidio-ocurrido-en-el-municipio-de-colon-genova-narino\/"},"wordCount":635,"commentCount":0,"publisher":{"@id":"https:\/\/pagina10.com\/web\/#organization"},"image":{"@id":"https:\/\/pagina10.com\/web\/fiscalia-judicializo-al-presunto-responsable-del-doble-feminicidio-ocurrido-en-el-municipio-de-colon-genova-narino\/#primaryimage"},"thumbnailUrl":"https:\/\/pagina10.com\/web\/wp-content\/uploads\/2020\/11\/Captura-de-Pantalla-2020-11-21-a-las-8.34.50-p.-m..png","articleSection":["Judicial"],"inLanguage":"es","potentialAction":[{"@type":"CommentAction","name":"Comment","target":["https:\/\/pagina10.com\/web\/fiscalia-judicializo-al-presunto-responsable-del-doble-feminicidio-ocurrido-en-el-municipio-de-colon-genova-narino\/#respond"]}]},{"@type":"WebPage","@id":"https:\/\/pagina10.com\/web\/fiscalia-judicializo-al-presunto-responsable-del-doble-feminicidio-ocurrido-en-el-municipio-de-colon-genova-narino\/","url":"https:\/\/pagina10.com\/web\/fiscalia-judicializo-al-presunto-responsable-del-doble-feminicidio-ocurrido-en-el-municipio-de-colon-genova-narino\/","name":"Fiscal\u00eda judicializ\u00f3 al presunto responsable del doble feminicidio ocurrido en el municipio de Col\u00f3n G\u00e9nova (Nari\u00f1o) | P\u00e1gina10","isPartOf":{"@id":"https:\/\/pagina10.com\/web\/#website"},"primaryImageOfPage":{"@id":"https:\/\/pagina10.com\/web\/fiscalia-judicializo-al-presunto-responsable-del-doble-feminicidio-ocurrido-en-el-municipio-de-colon-genova-narino\/#primaryimage"},"image":{"@id":"https:\/\/pagina10.com\/web\/fiscalia-judicializo-al-presunto-responsable-del-doble-feminicidio-ocurrido-en-el-municipio-de-colon-genova-narino\/#primaryimage"},"thumbnailUrl":"https:\/\/pagina10.com\/web\/wp-content\/uploads\/2020\/11\/Captura-de-Pantalla-2020-11-21-a-las-8.34.50-p.-m..png","datePublished":"2020-11-22T01:47:49+00:00","breadcrumb":{"@id":"https:\/\/pagina10.com\/web\/fiscalia-judicializo-al-presunto-responsable-del-doble-feminicidio-ocurrido-en-el-municipio-de-colon-genova-narino\/#breadcrumb"},"inLanguage":"es","potentialAction":[{"@type":"ReadAction","target":["https:\/\/pagina10.com\/web\/fiscalia-judicializo-al-presunto-responsable-del-doble-feminicidio-ocurrido-en-el-municipio-de-colon-genova-narino\/"]}]},{"@type":"ImageObject","inLanguage":"es","@id":"https:\/\/pagina10.com\/web\/fiscalia-judicializo-al-presunto-responsable-del-doble-feminicidio-ocurrido-en-el-municipio-de-colon-genova-narino\/#primaryimage","url":"https:\/\/pagina10.com\/web\/wp-content\/uploads\/2020\/11\/Captura-de-Pantalla-2020-11-21-a-las-8.34.50-p.-m..png","contentUrl":"https:\/\/pagina10.com\/web\/wp-content\/uploads\/2020\/11\/Captura-de-Pantalla-2020-11-21-a-las-8.34.50-p.-m..png","width":628,"height":332,"caption":"Edison Esneider Buitr\u00f3n Cer\u00f3n, de 32 a\u00f1os de edad, es se\u00f1alado como\u00a0 posible autor del doble feminicidio de una mujer de 73 a\u00f1os y su nieta de 9 a\u00f1os en col\u00f3n G\u00e9nova (Nari\u00f1o)."},{"@type":"BreadcrumbList","@id":"https:\/\/pagina10.com\/web\/fiscalia-judicializo-al-presunto-responsable-del-doble-feminicidio-ocurrido-en-el-municipio-de-colon-genova-narino\/#breadcrumb","itemListElement":[{"@type":"ListItem","position":1,"name":"Portada","item":"https:\/\/pagina10.com\/web\/"},{"@type":"ListItem","position":2,"name":"Fiscal\u00eda judicializ\u00f3 al presunto responsable del doble feminicidio ocurrido en el municipio de Col\u00f3n G\u00e9nova (Nari\u00f1o)"}]},{"@type":"WebSite","@id":"https:\/\/pagina10.com\/web\/#website","url":"https:\/\/pagina10.com\/web\/","name":"P\u00e1gina10","description":"Peri\u00f3dico Regional","publisher":{"@id":"https:\/\/pagina10.com\/web\/#organization"},"alternateName":"P\u00e1gina10 Peri\u00f3dico Regional","potentialAction":[{"@type":"SearchAction","target":{"@type":"EntryPoint","urlTemplate":"https:\/\/pagina10.com\/web\/?s={search_term_string}"},"query-input":{"@type":"PropertyValueSpecification","valueRequired":true,"valueName":"search_term_string"}}],"inLanguage":"es"},{"@type":"Organization","@id":"https:\/\/pagina10.com\/web\/#organization","name":"P\u00e1gina10","alternateName":"P\u00e1gina10 Peri\u00f3dico Regional","url":"https:\/\/pagina10.com\/web\/","logo":{"@type":"ImageObject","inLanguage":"es","@id":"https:\/\/pagina10.com\/web\/#\/schema\/logo\/image\/","url":"https:\/\/pagina10.com\/web\/wp-content\/uploads\/2024\/01\/40-pagina-10-periodico-regional-pasto.jpg","contentUrl":"https:\/\/pagina10.com\/web\/wp-content\/uploads\/2024\/01\/40-pagina-10-periodico-regional-pasto.jpg","width":1280,"height":720,"caption":"P\u00e1gina10"},"image":{"@id":"https:\/\/pagina10.com\/web\/#\/schema\/logo\/image\/"},"sameAs":["https:\/\/www.facebook.com\/pag10com","https:\/\/x.com\/Pag10com","https:\/\/www.instagram.com\/pagina10col\/","https:\/\/youtube.com\/channel\/pag10","https:\/\/www.tiktok.com\/@p10col"]},{"@type":"Person","@id":"https:\/\/pagina10.com\/web\/#\/schema\/person\/2efc4a090d25b667d3bc796798a3a81b","name":"P\u00e1gina 10","description":"P\u00e1gina 10 es un peri\u00f3dico regional que nace en Colombia, en el departamento de Nari\u00f1o, con un enfoque global, fundamentado en cuatro pilares esenciales: la libertad, el pluralismo, la inclusi\u00f3n y la independencia. P\u00e1gina 10 hace referencia a Nari\u00f1o como el d\u00e9cimo departamento creado en Colombia, despu\u00e9s de un proceso pol\u00edtico liderado por actores y actrices regionales con el fin de obtener la independencia y autonom\u00eda de nuestros territorios. Con la creaci\u00f3n de P\u00e1gina 10 se pretende abrir un escenario para el dialogo, la reflexi\u00f3n y el debate que se extienda a otras geograf\u00edas de Am\u00e9rica Latina y del planeta, en una apuesta por transformar colectivamente los desaf\u00edos de un mundo contempor\u00e1neo, m\u00e1s all\u00e1 de las fronteras impuestas.","url":"https:\/\/pagina10.com\/web\/author\/pdiezadmin\/"}]}},"_links":{"self":[{"href":"https:\/\/pagina10.com\/web\/wp-json\/wp\/v2\/posts\/48725","targetHints":{"allow":["GET"]}}],"collection":[{"href":"https:\/\/pagina10.com\/web\/wp-json\/wp\/v2\/posts"}],"about":[{"href":"https:\/\/pagina10.com\/web\/wp-json\/wp\/v2\/types\/post"}],"author":[{"embeddable":true,"href":"https:\/\/pagina10.com\/web\/wp-json\/wp\/v2\/users\/1"}],"replies":[{"embeddable":true,"href":"https:\/\/pagina10.com\/web\/wp-json\/wp\/v2\/comments?post=48725"}],"version-history":[{"count":1,"href":"https:\/\/pagina10.com\/web\/wp-json\/wp\/v2\/posts\/48725\/revisions"}],"predecessor-version":[{"id":48727,"href":"https:\/\/pagina10.com\/web\/wp-json\/wp\/v2\/posts\/48725\/revisions\/48727"}],"wp:featuredmedia":[{"embeddable":true,"href":"https:\/\/pagina10.com\/web\/wp-json\/wp\/v2\/media\/48726"}],"wp:attachment":[{"href":"https:\/\/pagina10.com\/web\/wp-json\/wp\/v2\/media?parent=48725"}],"wp:term":[{"taxonomy":"category","embeddable":true,"href":"https:\/\/pagina10.com\/web\/wp-json\/wp\/v2\/categories?post=48725"},{"taxonomy":"post_tag","embeddable":true,"href":"https:\/\/pagina10.com\/web\/wp-json\/wp\/v2\/tags?post=48725"}],"curies":[{"name":"wp","href":"https:\/\/api.w.org\/{rel}","templated":true}]}}