{"id":48754,"date":"2020-11-23T20:41:49","date_gmt":"2020-11-23T20:41:49","guid":{"rendered":"https:\/\/pagina10.com\/web\/?p=48754"},"modified":"2020-11-23T20:41:49","modified_gmt":"2020-11-23T20:41:49","slug":"alcalde-de-pasto-lidero-encuentro-de-dialogo-con-la-comunidad-de-buesaquillo-a-fin-de-escuchar-y-atender-sus-principales-necesidades","status":"publish","type":"post","link":"https:\/\/pagina10.com\/web\/alcalde-de-pasto-lidero-encuentro-de-dialogo-con-la-comunidad-de-buesaquillo-a-fin-de-escuchar-y-atender-sus-principales-necesidades\/","title":{"rendered":"Alcalde de Pasto lider\u00f3 encuentro de di\u00e1logo con la comunidad de Buesaquillo a fin de escuchar y atender sus principales necesidades"},"content":{"rendered":"<p style=\"text-align: justify;\">Tras el encuentro con l\u00edderes de este corregimiento, el Alcalde Germ\u00e1n Chamorro de la Rosa dijo que, articuladamente con las dependencias de la Administraci\u00f3n y entidades descentralizadas, se trabajar\u00e1 en la atenci\u00f3n de peticiones en salud, vivienda, infraestructura vial, aseo, acueducto y alcantarillado y programas de asistencia social, entre otros temas.<\/p>\n<p>Con el prop\u00f3sito de escuchar y atender las necesidades m\u00e1s sensibles de Buesaquillo, el Alcalde de Pasto, Germ\u00e1n Chamorro de la Rosa, secretarios de distintas dependencias y representantes de entidades descentralizadas, se reunieron con la comunidad y l\u00edderes de este corregimiento, cumpliendo los respectivos protocolos de bioseguridad.<\/p>\n<p>Con presidentes de JAC, JAL y JAA (Juntas de Acueducto y Alcantarillado), que previamente organizaron este encuentro con la Secretar\u00eda de Desarrollo Comunitario, se establecieron propuestas en conjunto a fin de planificar soluciones para este corregimiento y sus diversas veredas.<\/p>\n<p>\u201cQu\u00e9 importante retomar estos espacios de di\u00e1logo directo con la comunidad y hacerlo desde el sector rural. Aqu\u00ed en Buesaquillo hay varias necesidades en acueducto y alcantarillado, sector productivo, adecuaci\u00f3n de v\u00edas y mejoramiento de vivienda, entre otros temas en cuya atenci\u00f3n ya hemos ido avanzando. La idea es continuar con este trabajo y hacerlo de la mano de la comunidad\u201d, expres\u00f3 el Mandatario local.<\/p>\n<p>Durante la reuni\u00f3n, que se cumpli\u00f3 en el sal\u00f3n comunal de la vereda Alianza Bol\u00edvar, las solicitudes m\u00e1s recurrentes de la comunidad se basaron en salud, educaci\u00f3n, mejoramiento de vivienda, infraestructura vial, aseo, acueducto y alcantarillado; programas de asistencia social, se\u00f1alizaci\u00f3n y demarcaci\u00f3n y, apoyo a los sectores productivo y tur\u00edstico.<\/p>\n<p>El Secretario de Gesti\u00f3n Ambiental, Mario Viteri, dijo que, junto a Empopasto, se iniciar\u00e1n labores para mejorar las redes de conducci\u00f3n de agua a fin de garantizar el suministro para todos los usuarios de Buesaquillo y sus veredas. \u201cUna vez podamos desarrollar este trabajo tambi\u00e9n nos centraremos en mejorar la calidad del agua\u201d, a\u00f1adi\u00f3.<\/p>\n<p>A su turno, la Gerente de Emas, \u00c1ngela Paz, anunci\u00f3 que en pr\u00f3ximos d\u00edas se les entregar\u00e1 contenedores para el adecuado dep\u00f3sito de residuos, a los habitantes del sector de La Josefina.<\/p>\n<p>\u201cLo que queremos es que en aquellos lugares a donde los veh\u00edculos recolectores no puedan llegar por el tema de v\u00edas, la comunidad pueda usar estos contenedores y as\u00ed evitar proliferaci\u00f3n de basuras y la contaminaci\u00f3n\u201d, precis\u00f3.<\/p>\n<p>Por su parte, la presidenta de la JAC de la vereda San Jos\u00e9, Lidia del Carmen D\u00edaz, destac\u00f3 la importancia de espacio de di\u00e1logo, al tiempo que pidi\u00f3 el apoyo de la Administraci\u00f3n para reactivar el sector productivo a trav\u00e9s de inversi\u00f3n en tecnolog\u00eda, mejoramiento de v\u00edas y capacitaci\u00f3n en buenas pr\u00e1cticas agr\u00edcolas para los productores de Buesaquillo.<\/p>\n","protected":false},"excerpt":{"rendered":"<p>Tras el encuentro con l\u00edderes de este corregimiento, el Alcalde Germ\u00e1n Chamorro de la Rosa dijo que, articuladamente con las dependencias de la Administraci\u00f3n y entidades descentralizadas, se trabajar\u00e1 en la atenci\u00f3n de peticiones en salud, vivienda, infraestructura vial, aseo, acueducto y alcantarillado y programas de asistencia social, entre otros temas. Con el prop\u00f3sito de [&hellip;]<\/p>\n","protected":false},"author":1,"featured_media":48755,"comment_status":"open","ping_status":"open","sticky":false,"template":"","format":"standard","meta":{"footnotes":""},"categories":[109],"tags":[],"class_list":["post-48754","post","type-post","status-publish","format-standard","has-post-thumbnail","hentry","category-comunidades-ciudad-2"],"yoast_head":"<!-- This site is optimized with the Yoast SEO plugin v27.1.1 - https:\/\/yoast.com\/product\/yoast-seo-wordpress\/ -->\n<title>Alcalde de Pasto lider\u00f3 encuentro de di\u00e1logo con la comunidad de Buesaquillo a fin de escuchar y atender sus principales necesidades | P\u00e1gina10<\/title>\n<meta name=\"robots\" content=\"index, follow, max-snippet:-1, max-image-preview:large, max-video-preview:-1\" \/>\n<link rel=\"canonical\" href=\"https:\/\/pagina10.com\/web\/alcalde-de-pasto-lidero-encuentro-de-dialogo-con-la-comunidad-de-buesaquillo-a-fin-de-escuchar-y-atender-sus-principales-necesidades\/\" \/>\n<meta property=\"og:locale\" content=\"es_ES\" \/>\n<meta property=\"og:type\" content=\"article\" \/>\n<meta property=\"og:title\" content=\"Alcalde de Pasto lider\u00f3 encuentro de di\u00e1logo con la comunidad de Buesaquillo a fin de escuchar y atender sus principales necesidades | P\u00e1gina10\" \/>\n<meta property=\"og:description\" content=\"Tras el encuentro con l\u00edderes de este corregimiento, el Alcalde Germ\u00e1n Chamorro de la Rosa dijo que, articuladamente con las dependencias de la Administraci\u00f3n y entidades descentralizadas, se trabajar\u00e1 en la atenci\u00f3n de peticiones en salud, vivienda, infraestructura vial, aseo, acueducto y alcantarillado y programas de asistencia social, entre otros temas. Con el prop\u00f3sito de [&hellip;]\" \/>\n<meta property=\"og:url\" content=\"https:\/\/pagina10.com\/web\/alcalde-de-pasto-lidero-encuentro-de-dialogo-con-la-comunidad-de-buesaquillo-a-fin-de-escuchar-y-atender-sus-principales-necesidades\/\" \/>\n<meta property=\"og:site_name\" content=\"P\u00e1gina10\" \/>\n<meta property=\"article:publisher\" content=\"https:\/\/www.facebook.com\/pag10com\" \/>\n<meta property=\"article:published_time\" content=\"2020-11-23T20:41:49+00:00\" \/>\n<meta property=\"og:image\" content=\"https:\/\/pagina10.com\/web\/wp-content\/uploads\/2020\/11\/WhatsApp-Image-2020-11-22-at-9.56.36-PM.jpeg\" \/>\n\t<meta property=\"og:image:width\" content=\"1024\" \/>\n\t<meta property=\"og:image:height\" content=\"683\" \/>\n\t<meta property=\"og:image:type\" content=\"image\/jpeg\" \/>\n<meta name=\"author\" content=\"P\u00e1gina 10\" \/>\n<meta name=\"twitter:card\" content=\"summary_large_image\" \/>\n<meta name=\"twitter:creator\" content=\"@Pag10com\" \/>\n<meta name=\"twitter:site\" content=\"@Pag10com\" \/>\n<meta name=\"twitter:label1\" content=\"Escrito por\" \/>\n\t<meta name=\"twitter:data1\" content=\"P\u00e1gina 10\" \/>\n\t<meta name=\"twitter:label2\" content=\"Tiempo de lectura\" \/>\n\t<meta name=\"twitter:data2\" content=\"2 minutos\" \/>\n<script type=\"application\/ld+json\" class=\"yoast-schema-graph\">{\"@context\":\"https:\/\/schema.org\",\"@graph\":[{\"@type\":\"Article\",\"@id\":\"https:\/\/pagina10.com\/web\/alcalde-de-pasto-lidero-encuentro-de-dialogo-con-la-comunidad-de-buesaquillo-a-fin-de-escuchar-y-atender-sus-principales-necesidades\/#article\",\"isPartOf\":{\"@id\":\"https:\/\/pagina10.com\/web\/alcalde-de-pasto-lidero-encuentro-de-dialogo-con-la-comunidad-de-buesaquillo-a-fin-de-escuchar-y-atender-sus-principales-necesidades\/\"},\"author\":{\"name\":\"P\u00e1gina 10\",\"@id\":\"https:\/\/pagina10.com\/web\/#\/schema\/person\/2efc4a090d25b667d3bc796798a3a81b\"},\"headline\":\"Alcalde de Pasto lider\u00f3 encuentro de di\u00e1logo con la comunidad de Buesaquillo a fin de escuchar y atender sus principales necesidades\",\"datePublished\":\"2020-11-23T20:41:49+00:00\",\"mainEntityOfPage\":{\"@id\":\"https:\/\/pagina10.com\/web\/alcalde-de-pasto-lidero-encuentro-de-dialogo-con-la-comunidad-de-buesaquillo-a-fin-de-escuchar-y-atender-sus-principales-necesidades\/\"},\"wordCount\":501,\"commentCount\":0,\"publisher\":{\"@id\":\"https:\/\/pagina10.com\/web\/#organization\"},\"image\":{\"@id\":\"https:\/\/pagina10.com\/web\/alcalde-de-pasto-lidero-encuentro-de-dialogo-con-la-comunidad-de-buesaquillo-a-fin-de-escuchar-y-atender-sus-principales-necesidades\/#primaryimage\"},\"thumbnailUrl\":\"https:\/\/pagina10.com\/web\/wp-content\/uploads\/2020\/11\/WhatsApp-Image-2020-11-22-at-9.56.36-PM.jpeg\",\"articleSection\":[\"Comunidades\"],\"inLanguage\":\"es\",\"potentialAction\":[{\"@type\":\"CommentAction\",\"name\":\"Comment\",\"target\":[\"https:\/\/pagina10.com\/web\/alcalde-de-pasto-lidero-encuentro-de-dialogo-con-la-comunidad-de-buesaquillo-a-fin-de-escuchar-y-atender-sus-principales-necesidades\/#respond\"]}]},{\"@type\":\"WebPage\",\"@id\":\"https:\/\/pagina10.com\/web\/alcalde-de-pasto-lidero-encuentro-de-dialogo-con-la-comunidad-de-buesaquillo-a-fin-de-escuchar-y-atender-sus-principales-necesidades\/\",\"url\":\"https:\/\/pagina10.com\/web\/alcalde-de-pasto-lidero-encuentro-de-dialogo-con-la-comunidad-de-buesaquillo-a-fin-de-escuchar-y-atender-sus-principales-necesidades\/\",\"name\":\"Alcalde de Pasto lider\u00f3 encuentro de di\u00e1logo con la comunidad de Buesaquillo a fin de escuchar y atender sus principales necesidades | P\u00e1gina10\",\"isPartOf\":{\"@id\":\"https:\/\/pagina10.com\/web\/#website\"},\"primaryImageOfPage\":{\"@id\":\"https:\/\/pagina10.com\/web\/alcalde-de-pasto-lidero-encuentro-de-dialogo-con-la-comunidad-de-buesaquillo-a-fin-de-escuchar-y-atender-sus-principales-necesidades\/#primaryimage\"},\"image\":{\"@id\":\"https:\/\/pagina10.com\/web\/alcalde-de-pasto-lidero-encuentro-de-dialogo-con-la-comunidad-de-buesaquillo-a-fin-de-escuchar-y-atender-sus-principales-necesidades\/#primaryimage\"},\"thumbnailUrl\":\"https:\/\/pagina10.com\/web\/wp-content\/uploads\/2020\/11\/WhatsApp-Image-2020-11-22-at-9.56.36-PM.jpeg\",\"datePublished\":\"2020-11-23T20:41:49+00:00\",\"breadcrumb\":{\"@id\":\"https:\/\/pagina10.com\/web\/alcalde-de-pasto-lidero-encuentro-de-dialogo-con-la-comunidad-de-buesaquillo-a-fin-de-escuchar-y-atender-sus-principales-necesidades\/#breadcrumb\"},\"inLanguage\":\"es\",\"potentialAction\":[{\"@type\":\"ReadAction\",\"target\":[\"https:\/\/pagina10.com\/web\/alcalde-de-pasto-lidero-encuentro-de-dialogo-con-la-comunidad-de-buesaquillo-a-fin-de-escuchar-y-atender-sus-principales-necesidades\/\"]}]},{\"@type\":\"ImageObject\",\"inLanguage\":\"es\",\"@id\":\"https:\/\/pagina10.com\/web\/alcalde-de-pasto-lidero-encuentro-de-dialogo-con-la-comunidad-de-buesaquillo-a-fin-de-escuchar-y-atender-sus-principales-necesidades\/#primaryimage\",\"url\":\"https:\/\/pagina10.com\/web\/wp-content\/uploads\/2020\/11\/WhatsApp-Image-2020-11-22-at-9.56.36-PM.jpeg\",\"contentUrl\":\"https:\/\/pagina10.com\/web\/wp-content\/uploads\/2020\/11\/WhatsApp-Image-2020-11-22-at-9.56.36-PM.jpeg\",\"width\":1024,\"height\":683},{\"@type\":\"BreadcrumbList\",\"@id\":\"https:\/\/pagina10.com\/web\/alcalde-de-pasto-lidero-encuentro-de-dialogo-con-la-comunidad-de-buesaquillo-a-fin-de-escuchar-y-atender-sus-principales-necesidades\/#breadcrumb\",\"itemListElement\":[{\"@type\":\"ListItem\",\"position\":1,\"name\":\"Portada\",\"item\":\"https:\/\/pagina10.com\/web\/\"},{\"@type\":\"ListItem\",\"position\":2,\"name\":\"Alcalde de Pasto lider\u00f3 encuentro de di\u00e1logo con la comunidad de Buesaquillo a fin de escuchar y atender sus principales necesidades\"}]},{\"@type\":\"WebSite\",\"@id\":\"https:\/\/pagina10.com\/web\/#website\",\"url\":\"https:\/\/pagina10.com\/web\/\",\"name\":\"P\u00e1gina10\",\"description\":\"Peri\u00f3dico Regional\",\"publisher\":{\"@id\":\"https:\/\/pagina10.com\/web\/#organization\"},\"alternateName\":\"P\u00e1gina10 Peri\u00f3dico Regional\",\"potentialAction\":[{\"@type\":\"SearchAction\",\"target\":{\"@type\":\"EntryPoint\",\"urlTemplate\":\"https:\/\/pagina10.com\/web\/?s={search_term_string}\"},\"query-input\":{\"@type\":\"PropertyValueSpecification\",\"valueRequired\":true,\"valueName\":\"search_term_string\"}}],\"inLanguage\":\"es\"},{\"@type\":\"Organization\",\"@id\":\"https:\/\/pagina10.com\/web\/#organization\",\"name\":\"P\u00e1gina10\",\"alternateName\":\"P\u00e1gina10 Peri\u00f3dico Regional\",\"url\":\"https:\/\/pagina10.com\/web\/\",\"logo\":{\"@type\":\"ImageObject\",\"inLanguage\":\"es\",\"@id\":\"https:\/\/pagina10.com\/web\/#\/schema\/logo\/image\/\",\"url\":\"https:\/\/pagina10.com\/web\/wp-content\/uploads\/2024\/01\/40-pagina-10-periodico-regional-pasto.jpg\",\"contentUrl\":\"https:\/\/pagina10.com\/web\/wp-content\/uploads\/2024\/01\/40-pagina-10-periodico-regional-pasto.jpg\",\"width\":1280,\"height\":720,\"caption\":\"P\u00e1gina10\"},\"image\":{\"@id\":\"https:\/\/pagina10.com\/web\/#\/schema\/logo\/image\/\"},\"sameAs\":[\"https:\/\/www.facebook.com\/pag10com\",\"https:\/\/x.com\/Pag10com\",\"https:\/\/www.instagram.com\/pagina10col\/\",\"https:\/\/youtube.com\/channel\/pag10\",\"https:\/\/www.tiktok.com\/@p10col\"]},{\"@type\":\"Person\",\"@id\":\"https:\/\/pagina10.com\/web\/#\/schema\/person\/2efc4a090d25b667d3bc796798a3a81b\",\"name\":\"P\u00e1gina 10\",\"description\":\"P\u00e1gina 10 es un peri\u00f3dico regional que nace en Colombia, en el departamento de Nari\u00f1o, con un enfoque global, fundamentado en cuatro pilares esenciales: la libertad, el pluralismo, la inclusi\u00f3n y la independencia. P\u00e1gina 10 hace referencia a Nari\u00f1o como el d\u00e9cimo departamento creado en Colombia, despu\u00e9s de un proceso pol\u00edtico liderado por actores y actrices regionales con el fin de obtener la independencia y autonom\u00eda de nuestros territorios. Con la creaci\u00f3n de P\u00e1gina 10 se pretende abrir un escenario para el dialogo, la reflexi\u00f3n y el debate que se extienda a otras geograf\u00edas de Am\u00e9rica Latina y del planeta, en una apuesta por transformar colectivamente los desaf\u00edos de un mundo contempor\u00e1neo, m\u00e1s all\u00e1 de las fronteras impuestas.\",\"url\":\"https:\/\/pagina10.com\/web\/author\/pdiezadmin\/\"}]}<\/script>\n<!-- \/ Yoast SEO plugin. -->","yoast_head_json":{"title":"Alcalde de Pasto lider\u00f3 encuentro de di\u00e1logo con la comunidad de Buesaquillo a fin de escuchar y atender sus principales necesidades | P\u00e1gina10","robots":{"index":"index","follow":"follow","max-snippet":"max-snippet:-1","max-image-preview":"max-image-preview:large","max-video-preview":"max-video-preview:-1"},"canonical":"https:\/\/pagina10.com\/web\/alcalde-de-pasto-lidero-encuentro-de-dialogo-con-la-comunidad-de-buesaquillo-a-fin-de-escuchar-y-atender-sus-principales-necesidades\/","og_locale":"es_ES","og_type":"article","og_title":"Alcalde de Pasto lider\u00f3 encuentro de di\u00e1logo con la comunidad de Buesaquillo a fin de escuchar y atender sus principales necesidades | P\u00e1gina10","og_description":"Tras el encuentro con l\u00edderes de este corregimiento, el Alcalde Germ\u00e1n Chamorro de la Rosa dijo que, articuladamente con las dependencias de la Administraci\u00f3n y entidades descentralizadas, se trabajar\u00e1 en la atenci\u00f3n de peticiones en salud, vivienda, infraestructura vial, aseo, acueducto y alcantarillado y programas de asistencia social, entre otros temas. Con el prop\u00f3sito de [&hellip;]","og_url":"https:\/\/pagina10.com\/web\/alcalde-de-pasto-lidero-encuentro-de-dialogo-con-la-comunidad-de-buesaquillo-a-fin-de-escuchar-y-atender-sus-principales-necesidades\/","og_site_name":"P\u00e1gina10","article_publisher":"https:\/\/www.facebook.com\/pag10com","article_published_time":"2020-11-23T20:41:49+00:00","og_image":[{"width":1024,"height":683,"url":"https:\/\/pagina10.com\/web\/wp-content\/uploads\/2020\/11\/WhatsApp-Image-2020-11-22-at-9.56.36-PM.jpeg","type":"image\/jpeg"}],"author":"P\u00e1gina 10","twitter_card":"summary_large_image","twitter_creator":"@Pag10com","twitter_site":"@Pag10com","twitter_misc":{"Escrito por":"P\u00e1gina 10","Tiempo de lectura":"2 minutos"},"schema":{"@context":"https:\/\/schema.org","@graph":[{"@type":"Article","@id":"https:\/\/pagina10.com\/web\/alcalde-de-pasto-lidero-encuentro-de-dialogo-con-la-comunidad-de-buesaquillo-a-fin-de-escuchar-y-atender-sus-principales-necesidades\/#article","isPartOf":{"@id":"https:\/\/pagina10.com\/web\/alcalde-de-pasto-lidero-encuentro-de-dialogo-con-la-comunidad-de-buesaquillo-a-fin-de-escuchar-y-atender-sus-principales-necesidades\/"},"author":{"name":"P\u00e1gina 10","@id":"https:\/\/pagina10.com\/web\/#\/schema\/person\/2efc4a090d25b667d3bc796798a3a81b"},"headline":"Alcalde de Pasto lider\u00f3 encuentro de di\u00e1logo con la comunidad de Buesaquillo a fin de escuchar y atender sus principales necesidades","datePublished":"2020-11-23T20:41:49+00:00","mainEntityOfPage":{"@id":"https:\/\/pagina10.com\/web\/alcalde-de-pasto-lidero-encuentro-de-dialogo-con-la-comunidad-de-buesaquillo-a-fin-de-escuchar-y-atender-sus-principales-necesidades\/"},"wordCount":501,"commentCount":0,"publisher":{"@id":"https:\/\/pagina10.com\/web\/#organization"},"image":{"@id":"https:\/\/pagina10.com\/web\/alcalde-de-pasto-lidero-encuentro-de-dialogo-con-la-comunidad-de-buesaquillo-a-fin-de-escuchar-y-atender-sus-principales-necesidades\/#primaryimage"},"thumbnailUrl":"https:\/\/pagina10.com\/web\/wp-content\/uploads\/2020\/11\/WhatsApp-Image-2020-11-22-at-9.56.36-PM.jpeg","articleSection":["Comunidades"],"inLanguage":"es","potentialAction":[{"@type":"CommentAction","name":"Comment","target":["https:\/\/pagina10.com\/web\/alcalde-de-pasto-lidero-encuentro-de-dialogo-con-la-comunidad-de-buesaquillo-a-fin-de-escuchar-y-atender-sus-principales-necesidades\/#respond"]}]},{"@type":"WebPage","@id":"https:\/\/pagina10.com\/web\/alcalde-de-pasto-lidero-encuentro-de-dialogo-con-la-comunidad-de-buesaquillo-a-fin-de-escuchar-y-atender-sus-principales-necesidades\/","url":"https:\/\/pagina10.com\/web\/alcalde-de-pasto-lidero-encuentro-de-dialogo-con-la-comunidad-de-buesaquillo-a-fin-de-escuchar-y-atender-sus-principales-necesidades\/","name":"Alcalde de Pasto lider\u00f3 encuentro de di\u00e1logo con la comunidad de Buesaquillo a fin de escuchar y atender sus principales necesidades | P\u00e1gina10","isPartOf":{"@id":"https:\/\/pagina10.com\/web\/#website"},"primaryImageOfPage":{"@id":"https:\/\/pagina10.com\/web\/alcalde-de-pasto-lidero-encuentro-de-dialogo-con-la-comunidad-de-buesaquillo-a-fin-de-escuchar-y-atender-sus-principales-necesidades\/#primaryimage"},"image":{"@id":"https:\/\/pagina10.com\/web\/alcalde-de-pasto-lidero-encuentro-de-dialogo-con-la-comunidad-de-buesaquillo-a-fin-de-escuchar-y-atender-sus-principales-necesidades\/#primaryimage"},"thumbnailUrl":"https:\/\/pagina10.com\/web\/wp-content\/uploads\/2020\/11\/WhatsApp-Image-2020-11-22-at-9.56.36-PM.jpeg","datePublished":"2020-11-23T20:41:49+00:00","breadcrumb":{"@id":"https:\/\/pagina10.com\/web\/alcalde-de-pasto-lidero-encuentro-de-dialogo-con-la-comunidad-de-buesaquillo-a-fin-de-escuchar-y-atender-sus-principales-necesidades\/#breadcrumb"},"inLanguage":"es","potentialAction":[{"@type":"ReadAction","target":["https:\/\/pagina10.com\/web\/alcalde-de-pasto-lidero-encuentro-de-dialogo-con-la-comunidad-de-buesaquillo-a-fin-de-escuchar-y-atender-sus-principales-necesidades\/"]}]},{"@type":"ImageObject","inLanguage":"es","@id":"https:\/\/pagina10.com\/web\/alcalde-de-pasto-lidero-encuentro-de-dialogo-con-la-comunidad-de-buesaquillo-a-fin-de-escuchar-y-atender-sus-principales-necesidades\/#primaryimage","url":"https:\/\/pagina10.com\/web\/wp-content\/uploads\/2020\/11\/WhatsApp-Image-2020-11-22-at-9.56.36-PM.jpeg","contentUrl":"https:\/\/pagina10.com\/web\/wp-content\/uploads\/2020\/11\/WhatsApp-Image-2020-11-22-at-9.56.36-PM.jpeg","width":1024,"height":683},{"@type":"BreadcrumbList","@id":"https:\/\/pagina10.com\/web\/alcalde-de-pasto-lidero-encuentro-de-dialogo-con-la-comunidad-de-buesaquillo-a-fin-de-escuchar-y-atender-sus-principales-necesidades\/#breadcrumb","itemListElement":[{"@type":"ListItem","position":1,"name":"Portada","item":"https:\/\/pagina10.com\/web\/"},{"@type":"ListItem","position":2,"name":"Alcalde de Pasto lider\u00f3 encuentro de di\u00e1logo con la comunidad de Buesaquillo a fin de escuchar y atender sus principales necesidades"}]},{"@type":"WebSite","@id":"https:\/\/pagina10.com\/web\/#website","url":"https:\/\/pagina10.com\/web\/","name":"P\u00e1gina10","description":"Peri\u00f3dico Regional","publisher":{"@id":"https:\/\/pagina10.com\/web\/#organization"},"alternateName":"P\u00e1gina10 Peri\u00f3dico Regional","potentialAction":[{"@type":"SearchAction","target":{"@type":"EntryPoint","urlTemplate":"https:\/\/pagina10.com\/web\/?s={search_term_string}"},"query-input":{"@type":"PropertyValueSpecification","valueRequired":true,"valueName":"search_term_string"}}],"inLanguage":"es"},{"@type":"Organization","@id":"https:\/\/pagina10.com\/web\/#organization","name":"P\u00e1gina10","alternateName":"P\u00e1gina10 Peri\u00f3dico Regional","url":"https:\/\/pagina10.com\/web\/","logo":{"@type":"ImageObject","inLanguage":"es","@id":"https:\/\/pagina10.com\/web\/#\/schema\/logo\/image\/","url":"https:\/\/pagina10.com\/web\/wp-content\/uploads\/2024\/01\/40-pagina-10-periodico-regional-pasto.jpg","contentUrl":"https:\/\/pagina10.com\/web\/wp-content\/uploads\/2024\/01\/40-pagina-10-periodico-regional-pasto.jpg","width":1280,"height":720,"caption":"P\u00e1gina10"},"image":{"@id":"https:\/\/pagina10.com\/web\/#\/schema\/logo\/image\/"},"sameAs":["https:\/\/www.facebook.com\/pag10com","https:\/\/x.com\/Pag10com","https:\/\/www.instagram.com\/pagina10col\/","https:\/\/youtube.com\/channel\/pag10","https:\/\/www.tiktok.com\/@p10col"]},{"@type":"Person","@id":"https:\/\/pagina10.com\/web\/#\/schema\/person\/2efc4a090d25b667d3bc796798a3a81b","name":"P\u00e1gina 10","description":"P\u00e1gina 10 es un peri\u00f3dico regional que nace en Colombia, en el departamento de Nari\u00f1o, con un enfoque global, fundamentado en cuatro pilares esenciales: la libertad, el pluralismo, la inclusi\u00f3n y la independencia. P\u00e1gina 10 hace referencia a Nari\u00f1o como el d\u00e9cimo departamento creado en Colombia, despu\u00e9s de un proceso pol\u00edtico liderado por actores y actrices regionales con el fin de obtener la independencia y autonom\u00eda de nuestros territorios. Con la creaci\u00f3n de P\u00e1gina 10 se pretende abrir un escenario para el dialogo, la reflexi\u00f3n y el debate que se extienda a otras geograf\u00edas de Am\u00e9rica Latina y del planeta, en una apuesta por transformar colectivamente los desaf\u00edos de un mundo contempor\u00e1neo, m\u00e1s all\u00e1 de las fronteras impuestas.","url":"https:\/\/pagina10.com\/web\/author\/pdiezadmin\/"}]}},"_links":{"self":[{"href":"https:\/\/pagina10.com\/web\/wp-json\/wp\/v2\/posts\/48754","targetHints":{"allow":["GET"]}}],"collection":[{"href":"https:\/\/pagina10.com\/web\/wp-json\/wp\/v2\/posts"}],"about":[{"href":"https:\/\/pagina10.com\/web\/wp-json\/wp\/v2\/types\/post"}],"author":[{"embeddable":true,"href":"https:\/\/pagina10.com\/web\/wp-json\/wp\/v2\/users\/1"}],"replies":[{"embeddable":true,"href":"https:\/\/pagina10.com\/web\/wp-json\/wp\/v2\/comments?post=48754"}],"version-history":[{"count":1,"href":"https:\/\/pagina10.com\/web\/wp-json\/wp\/v2\/posts\/48754\/revisions"}],"predecessor-version":[{"id":48756,"href":"https:\/\/pagina10.com\/web\/wp-json\/wp\/v2\/posts\/48754\/revisions\/48756"}],"wp:featuredmedia":[{"embeddable":true,"href":"https:\/\/pagina10.com\/web\/wp-json\/wp\/v2\/media\/48755"}],"wp:attachment":[{"href":"https:\/\/pagina10.com\/web\/wp-json\/wp\/v2\/media?parent=48754"}],"wp:term":[{"taxonomy":"category","embeddable":true,"href":"https:\/\/pagina10.com\/web\/wp-json\/wp\/v2\/categories?post=48754"},{"taxonomy":"post_tag","embeddable":true,"href":"https:\/\/pagina10.com\/web\/wp-json\/wp\/v2\/tags?post=48754"}],"curies":[{"name":"wp","href":"https:\/\/api.w.org\/{rel}","templated":true}]}}