{"id":48888,"date":"2020-11-27T18:06:45","date_gmt":"2020-11-27T23:06:45","guid":{"rendered":"https:\/\/pagina10.com\/web\/?p=48888"},"modified":"2020-11-27T18:06:45","modified_gmt":"2020-11-27T23:06:45","slug":"este-viernes-27-de-noviembre-alcaldia-de-pasto-llevara-a-cabo-la-ceremonia-de-reconocimiento-de-los-premios-pasto-participa-2020","status":"publish","type":"post","link":"https:\/\/pagina10.com\/web\/este-viernes-27-de-noviembre-alcaldia-de-pasto-llevara-a-cabo-la-ceremonia-de-reconocimiento-de-los-premios-pasto-participa-2020\/","title":{"rendered":"Este viernes 27 de noviembre, alcald\u00eda de Pasto llevar\u00e1 a cabo la ceremonia de reconocimiento de los premios Pasto Participa 2020"},"content":{"rendered":"<p style=\"text-align: justify;\">La actividad, liderada por la Secretar\u00eda de Desarrollo Comunitario, busca destacar el valioso aporte de los l\u00edderes y lideresas comunales en pro del desarrollo del Municipio.<\/p>\n<p>Con el prop\u00f3sito de exaltar el trabajo de los l\u00edderes y lideresas de Pasto, as\u00ed como de las organizaciones comunales, este viernes 27 de noviembre la Administraci\u00f3n local, a trav\u00e9s de la Secretar\u00eda de Desarrollo Comunitario, llevar\u00e1 a cabo la ceremonia de los Premios Pasto Participa 2020.<\/p>\n<p>La actividad, que se cumplir\u00e1 a partir de las 6:30 p.m. en la C\u00e1mara de Comercio y ser\u00e1 transmitida por las redes sociales de la Alcald\u00eda y Desarrollo Comunitario, incluye la entrega de reconocimientos en 6 categor\u00edas: L\u00edder comunal emprendedor, l\u00edder comunal joven, lideresa comunal, l\u00edder (esa) Junta de Acci\u00f3n Comunal, l\u00edder (esa) Asociaci\u00f3n de Junta de Acci\u00f3n Comunal y l\u00edder (esa) con m\u00e1s trayectoria.<\/p>\n<p>\u201cDe antemano debemos decir que todos los l\u00edderes, presidentes y dignatarios de JAC y ASOJAC ya son ganadores, pues el aporte y el trabajo que realizan d\u00eda a d\u00eda en pro del Municipio merecen todo nuestro reconocimiento. Por ello, hemos pensando en esta iniciativa para destacar y visibilizar su invaluable labor\u201d, expres\u00f3 el Subsecretario de Participaci\u00f3n Ciudadana, Mario Pinto.<\/p>\n<p>Adem\u00e1s, explic\u00f3 que los ganadores de cada categor\u00eda fueron escogidos a trav\u00e9s de un proceso de votaci\u00f3n virtual que estuvo abierto para toda la ciudadan\u00eda en aras de que sea la misma la que reconozca el trabajo de sus l\u00edderes y dignatarios.<\/p>\n<p>Finalmente, el Subsecretario inst\u00f3 a todos los l\u00edderes y lideresas del Municipio a seguir trabajando de manera articulada con la Administraci\u00f3n a fin de gestionar proyectos y soluciones para atender las distintas necesidades de sus comunidades.<\/p>\n","protected":false},"excerpt":{"rendered":"<p>La actividad, liderada por la Secretar\u00eda de Desarrollo Comunitario, busca destacar el valioso aporte de los l\u00edderes y lideresas comunales en pro del desarrollo del Municipio. Con el prop\u00f3sito de exaltar el trabajo de los l\u00edderes y lideresas de Pasto, as\u00ed como de las organizaciones comunales, este viernes 27 de noviembre la Administraci\u00f3n local, a [&hellip;]<\/p>\n","protected":false},"author":1,"featured_media":48889,"comment_status":"open","ping_status":"open","sticky":false,"template":"","format":"standard","meta":{"footnotes":""},"categories":[109],"tags":[],"class_list":["post-48888","post","type-post","status-publish","format-standard","has-post-thumbnail","hentry","category-comunidades-ciudad-2"],"yoast_head":"<!-- This site is optimized with the Yoast SEO plugin v27.1.1 - https:\/\/yoast.com\/product\/yoast-seo-wordpress\/ -->\n<title>Este viernes 27 de noviembre, alcald\u00eda de Pasto llevar\u00e1 a cabo la ceremonia de reconocimiento de los premios Pasto Participa 2020 | P\u00e1gina10<\/title>\n<meta name=\"robots\" content=\"index, follow, max-snippet:-1, max-image-preview:large, max-video-preview:-1\" \/>\n<link rel=\"canonical\" href=\"https:\/\/pagina10.com\/web\/este-viernes-27-de-noviembre-alcaldia-de-pasto-llevara-a-cabo-la-ceremonia-de-reconocimiento-de-los-premios-pasto-participa-2020\/\" \/>\n<meta property=\"og:locale\" content=\"es_ES\" \/>\n<meta property=\"og:type\" content=\"article\" \/>\n<meta property=\"og:title\" content=\"Este viernes 27 de noviembre, alcald\u00eda de Pasto llevar\u00e1 a cabo la ceremonia de reconocimiento de los premios Pasto Participa 2020 | P\u00e1gina10\" \/>\n<meta property=\"og:description\" content=\"La actividad, liderada por la Secretar\u00eda de Desarrollo Comunitario, busca destacar el valioso aporte de los l\u00edderes y lideresas comunales en pro del desarrollo del Municipio. Con el prop\u00f3sito de exaltar el trabajo de los l\u00edderes y lideresas de Pasto, as\u00ed como de las organizaciones comunales, este viernes 27 de noviembre la Administraci\u00f3n local, a [&hellip;]\" \/>\n<meta property=\"og:url\" content=\"https:\/\/pagina10.com\/web\/este-viernes-27-de-noviembre-alcaldia-de-pasto-llevara-a-cabo-la-ceremonia-de-reconocimiento-de-los-premios-pasto-participa-2020\/\" \/>\n<meta property=\"og:site_name\" content=\"P\u00e1gina10\" \/>\n<meta property=\"article:publisher\" content=\"https:\/\/www.facebook.com\/pag10com\" \/>\n<meta property=\"article:published_time\" content=\"2020-11-27T23:06:45+00:00\" \/>\n<meta property=\"og:image\" content=\"https:\/\/pagina10.com\/web\/wp-content\/uploads\/2020\/11\/WhatsApp-Image-2020-11-26-at-10.33.49-PM.jpeg\" \/>\n\t<meta property=\"og:image:width\" content=\"835\" \/>\n\t<meta property=\"og:image:height\" content=\"1024\" \/>\n\t<meta property=\"og:image:type\" content=\"image\/jpeg\" \/>\n<meta name=\"author\" content=\"P\u00e1gina 10\" \/>\n<meta name=\"twitter:card\" content=\"summary_large_image\" \/>\n<meta name=\"twitter:creator\" content=\"@Pag10com\" \/>\n<meta name=\"twitter:site\" content=\"@Pag10com\" \/>\n<meta name=\"twitter:label1\" content=\"Escrito por\" \/>\n\t<meta name=\"twitter:data1\" content=\"P\u00e1gina 10\" \/>\n\t<meta name=\"twitter:label2\" content=\"Tiempo de lectura\" \/>\n\t<meta name=\"twitter:data2\" content=\"2 minutos\" \/>\n<script type=\"application\/ld+json\" class=\"yoast-schema-graph\">{\"@context\":\"https:\/\/schema.org\",\"@graph\":[{\"@type\":\"Article\",\"@id\":\"https:\/\/pagina10.com\/web\/este-viernes-27-de-noviembre-alcaldia-de-pasto-llevara-a-cabo-la-ceremonia-de-reconocimiento-de-los-premios-pasto-participa-2020\/#article\",\"isPartOf\":{\"@id\":\"https:\/\/pagina10.com\/web\/este-viernes-27-de-noviembre-alcaldia-de-pasto-llevara-a-cabo-la-ceremonia-de-reconocimiento-de-los-premios-pasto-participa-2020\/\"},\"author\":{\"name\":\"P\u00e1gina 10\",\"@id\":\"https:\/\/pagina10.com\/web\/#\/schema\/person\/2efc4a090d25b667d3bc796798a3a81b\"},\"headline\":\"Este viernes 27 de noviembre, alcald\u00eda de Pasto llevar\u00e1 a cabo la ceremonia de reconocimiento de los premios Pasto Participa 2020\",\"datePublished\":\"2020-11-27T23:06:45+00:00\",\"mainEntityOfPage\":{\"@id\":\"https:\/\/pagina10.com\/web\/este-viernes-27-de-noviembre-alcaldia-de-pasto-llevara-a-cabo-la-ceremonia-de-reconocimiento-de-los-premios-pasto-participa-2020\/\"},\"wordCount\":323,\"commentCount\":0,\"publisher\":{\"@id\":\"https:\/\/pagina10.com\/web\/#organization\"},\"image\":{\"@id\":\"https:\/\/pagina10.com\/web\/este-viernes-27-de-noviembre-alcaldia-de-pasto-llevara-a-cabo-la-ceremonia-de-reconocimiento-de-los-premios-pasto-participa-2020\/#primaryimage\"},\"thumbnailUrl\":\"https:\/\/pagina10.com\/web\/wp-content\/uploads\/2020\/11\/WhatsApp-Image-2020-11-26-at-10.33.49-PM.jpeg\",\"articleSection\":[\"Comunidades\"],\"inLanguage\":\"es\",\"potentialAction\":[{\"@type\":\"CommentAction\",\"name\":\"Comment\",\"target\":[\"https:\/\/pagina10.com\/web\/este-viernes-27-de-noviembre-alcaldia-de-pasto-llevara-a-cabo-la-ceremonia-de-reconocimiento-de-los-premios-pasto-participa-2020\/#respond\"]}]},{\"@type\":\"WebPage\",\"@id\":\"https:\/\/pagina10.com\/web\/este-viernes-27-de-noviembre-alcaldia-de-pasto-llevara-a-cabo-la-ceremonia-de-reconocimiento-de-los-premios-pasto-participa-2020\/\",\"url\":\"https:\/\/pagina10.com\/web\/este-viernes-27-de-noviembre-alcaldia-de-pasto-llevara-a-cabo-la-ceremonia-de-reconocimiento-de-los-premios-pasto-participa-2020\/\",\"name\":\"Este viernes 27 de noviembre, alcald\u00eda de Pasto llevar\u00e1 a cabo la ceremonia de reconocimiento de los premios Pasto Participa 2020 | P\u00e1gina10\",\"isPartOf\":{\"@id\":\"https:\/\/pagina10.com\/web\/#website\"},\"primaryImageOfPage\":{\"@id\":\"https:\/\/pagina10.com\/web\/este-viernes-27-de-noviembre-alcaldia-de-pasto-llevara-a-cabo-la-ceremonia-de-reconocimiento-de-los-premios-pasto-participa-2020\/#primaryimage\"},\"image\":{\"@id\":\"https:\/\/pagina10.com\/web\/este-viernes-27-de-noviembre-alcaldia-de-pasto-llevara-a-cabo-la-ceremonia-de-reconocimiento-de-los-premios-pasto-participa-2020\/#primaryimage\"},\"thumbnailUrl\":\"https:\/\/pagina10.com\/web\/wp-content\/uploads\/2020\/11\/WhatsApp-Image-2020-11-26-at-10.33.49-PM.jpeg\",\"datePublished\":\"2020-11-27T23:06:45+00:00\",\"breadcrumb\":{\"@id\":\"https:\/\/pagina10.com\/web\/este-viernes-27-de-noviembre-alcaldia-de-pasto-llevara-a-cabo-la-ceremonia-de-reconocimiento-de-los-premios-pasto-participa-2020\/#breadcrumb\"},\"inLanguage\":\"es\",\"potentialAction\":[{\"@type\":\"ReadAction\",\"target\":[\"https:\/\/pagina10.com\/web\/este-viernes-27-de-noviembre-alcaldia-de-pasto-llevara-a-cabo-la-ceremonia-de-reconocimiento-de-los-premios-pasto-participa-2020\/\"]}]},{\"@type\":\"ImageObject\",\"inLanguage\":\"es\",\"@id\":\"https:\/\/pagina10.com\/web\/este-viernes-27-de-noviembre-alcaldia-de-pasto-llevara-a-cabo-la-ceremonia-de-reconocimiento-de-los-premios-pasto-participa-2020\/#primaryimage\",\"url\":\"https:\/\/pagina10.com\/web\/wp-content\/uploads\/2020\/11\/WhatsApp-Image-2020-11-26-at-10.33.49-PM.jpeg\",\"contentUrl\":\"https:\/\/pagina10.com\/web\/wp-content\/uploads\/2020\/11\/WhatsApp-Image-2020-11-26-at-10.33.49-PM.jpeg\",\"width\":835,\"height\":1024},{\"@type\":\"BreadcrumbList\",\"@id\":\"https:\/\/pagina10.com\/web\/este-viernes-27-de-noviembre-alcaldia-de-pasto-llevara-a-cabo-la-ceremonia-de-reconocimiento-de-los-premios-pasto-participa-2020\/#breadcrumb\",\"itemListElement\":[{\"@type\":\"ListItem\",\"position\":1,\"name\":\"Portada\",\"item\":\"https:\/\/pagina10.com\/web\/\"},{\"@type\":\"ListItem\",\"position\":2,\"name\":\"Este viernes 27 de noviembre, alcald\u00eda de Pasto llevar\u00e1 a cabo la ceremonia de reconocimiento de los premios Pasto Participa 2020\"}]},{\"@type\":\"WebSite\",\"@id\":\"https:\/\/pagina10.com\/web\/#website\",\"url\":\"https:\/\/pagina10.com\/web\/\",\"name\":\"P\u00e1gina10\",\"description\":\"Peri\u00f3dico Regional\",\"publisher\":{\"@id\":\"https:\/\/pagina10.com\/web\/#organization\"},\"alternateName\":\"P\u00e1gina10 Peri\u00f3dico Regional\",\"potentialAction\":[{\"@type\":\"SearchAction\",\"target\":{\"@type\":\"EntryPoint\",\"urlTemplate\":\"https:\/\/pagina10.com\/web\/?s={search_term_string}\"},\"query-input\":{\"@type\":\"PropertyValueSpecification\",\"valueRequired\":true,\"valueName\":\"search_term_string\"}}],\"inLanguage\":\"es\"},{\"@type\":\"Organization\",\"@id\":\"https:\/\/pagina10.com\/web\/#organization\",\"name\":\"P\u00e1gina10\",\"alternateName\":\"P\u00e1gina10 Peri\u00f3dico Regional\",\"url\":\"https:\/\/pagina10.com\/web\/\",\"logo\":{\"@type\":\"ImageObject\",\"inLanguage\":\"es\",\"@id\":\"https:\/\/pagina10.com\/web\/#\/schema\/logo\/image\/\",\"url\":\"https:\/\/pagina10.com\/web\/wp-content\/uploads\/2024\/01\/40-pagina-10-periodico-regional-pasto.jpg\",\"contentUrl\":\"https:\/\/pagina10.com\/web\/wp-content\/uploads\/2024\/01\/40-pagina-10-periodico-regional-pasto.jpg\",\"width\":1280,\"height\":720,\"caption\":\"P\u00e1gina10\"},\"image\":{\"@id\":\"https:\/\/pagina10.com\/web\/#\/schema\/logo\/image\/\"},\"sameAs\":[\"https:\/\/www.facebook.com\/pag10com\",\"https:\/\/x.com\/Pag10com\",\"https:\/\/www.instagram.com\/pagina10col\/\",\"https:\/\/youtube.com\/channel\/pag10\",\"https:\/\/www.tiktok.com\/@p10col\"]},{\"@type\":\"Person\",\"@id\":\"https:\/\/pagina10.com\/web\/#\/schema\/person\/2efc4a090d25b667d3bc796798a3a81b\",\"name\":\"P\u00e1gina 10\",\"description\":\"P\u00e1gina 10 es un peri\u00f3dico regional que nace en Colombia, en el departamento de Nari\u00f1o, con un enfoque global, fundamentado en cuatro pilares esenciales: la libertad, el pluralismo, la inclusi\u00f3n y la independencia. P\u00e1gina 10 hace referencia a Nari\u00f1o como el d\u00e9cimo departamento creado en Colombia, despu\u00e9s de un proceso pol\u00edtico liderado por actores y actrices regionales con el fin de obtener la independencia y autonom\u00eda de nuestros territorios. Con la creaci\u00f3n de P\u00e1gina 10 se pretende abrir un escenario para el dialogo, la reflexi\u00f3n y el debate que se extienda a otras geograf\u00edas de Am\u00e9rica Latina y del planeta, en una apuesta por transformar colectivamente los desaf\u00edos de un mundo contempor\u00e1neo, m\u00e1s all\u00e1 de las fronteras impuestas.\",\"url\":\"https:\/\/pagina10.com\/web\/author\/pdiezadmin\/\"}]}<\/script>\n<!-- \/ Yoast SEO plugin. -->","yoast_head_json":{"title":"Este viernes 27 de noviembre, alcald\u00eda de Pasto llevar\u00e1 a cabo la ceremonia de reconocimiento de los premios Pasto Participa 2020 | P\u00e1gina10","robots":{"index":"index","follow":"follow","max-snippet":"max-snippet:-1","max-image-preview":"max-image-preview:large","max-video-preview":"max-video-preview:-1"},"canonical":"https:\/\/pagina10.com\/web\/este-viernes-27-de-noviembre-alcaldia-de-pasto-llevara-a-cabo-la-ceremonia-de-reconocimiento-de-los-premios-pasto-participa-2020\/","og_locale":"es_ES","og_type":"article","og_title":"Este viernes 27 de noviembre, alcald\u00eda de Pasto llevar\u00e1 a cabo la ceremonia de reconocimiento de los premios Pasto Participa 2020 | P\u00e1gina10","og_description":"La actividad, liderada por la Secretar\u00eda de Desarrollo Comunitario, busca destacar el valioso aporte de los l\u00edderes y lideresas comunales en pro del desarrollo del Municipio. Con el prop\u00f3sito de exaltar el trabajo de los l\u00edderes y lideresas de Pasto, as\u00ed como de las organizaciones comunales, este viernes 27 de noviembre la Administraci\u00f3n local, a [&hellip;]","og_url":"https:\/\/pagina10.com\/web\/este-viernes-27-de-noviembre-alcaldia-de-pasto-llevara-a-cabo-la-ceremonia-de-reconocimiento-de-los-premios-pasto-participa-2020\/","og_site_name":"P\u00e1gina10","article_publisher":"https:\/\/www.facebook.com\/pag10com","article_published_time":"2020-11-27T23:06:45+00:00","og_image":[{"width":835,"height":1024,"url":"https:\/\/pagina10.com\/web\/wp-content\/uploads\/2020\/11\/WhatsApp-Image-2020-11-26-at-10.33.49-PM.jpeg","type":"image\/jpeg"}],"author":"P\u00e1gina 10","twitter_card":"summary_large_image","twitter_creator":"@Pag10com","twitter_site":"@Pag10com","twitter_misc":{"Escrito por":"P\u00e1gina 10","Tiempo de lectura":"2 minutos"},"schema":{"@context":"https:\/\/schema.org","@graph":[{"@type":"Article","@id":"https:\/\/pagina10.com\/web\/este-viernes-27-de-noviembre-alcaldia-de-pasto-llevara-a-cabo-la-ceremonia-de-reconocimiento-de-los-premios-pasto-participa-2020\/#article","isPartOf":{"@id":"https:\/\/pagina10.com\/web\/este-viernes-27-de-noviembre-alcaldia-de-pasto-llevara-a-cabo-la-ceremonia-de-reconocimiento-de-los-premios-pasto-participa-2020\/"},"author":{"name":"P\u00e1gina 10","@id":"https:\/\/pagina10.com\/web\/#\/schema\/person\/2efc4a090d25b667d3bc796798a3a81b"},"headline":"Este viernes 27 de noviembre, alcald\u00eda de Pasto llevar\u00e1 a cabo la ceremonia de reconocimiento de los premios Pasto Participa 2020","datePublished":"2020-11-27T23:06:45+00:00","mainEntityOfPage":{"@id":"https:\/\/pagina10.com\/web\/este-viernes-27-de-noviembre-alcaldia-de-pasto-llevara-a-cabo-la-ceremonia-de-reconocimiento-de-los-premios-pasto-participa-2020\/"},"wordCount":323,"commentCount":0,"publisher":{"@id":"https:\/\/pagina10.com\/web\/#organization"},"image":{"@id":"https:\/\/pagina10.com\/web\/este-viernes-27-de-noviembre-alcaldia-de-pasto-llevara-a-cabo-la-ceremonia-de-reconocimiento-de-los-premios-pasto-participa-2020\/#primaryimage"},"thumbnailUrl":"https:\/\/pagina10.com\/web\/wp-content\/uploads\/2020\/11\/WhatsApp-Image-2020-11-26-at-10.33.49-PM.jpeg","articleSection":["Comunidades"],"inLanguage":"es","potentialAction":[{"@type":"CommentAction","name":"Comment","target":["https:\/\/pagina10.com\/web\/este-viernes-27-de-noviembre-alcaldia-de-pasto-llevara-a-cabo-la-ceremonia-de-reconocimiento-de-los-premios-pasto-participa-2020\/#respond"]}]},{"@type":"WebPage","@id":"https:\/\/pagina10.com\/web\/este-viernes-27-de-noviembre-alcaldia-de-pasto-llevara-a-cabo-la-ceremonia-de-reconocimiento-de-los-premios-pasto-participa-2020\/","url":"https:\/\/pagina10.com\/web\/este-viernes-27-de-noviembre-alcaldia-de-pasto-llevara-a-cabo-la-ceremonia-de-reconocimiento-de-los-premios-pasto-participa-2020\/","name":"Este viernes 27 de noviembre, alcald\u00eda de Pasto llevar\u00e1 a cabo la ceremonia de reconocimiento de los premios Pasto Participa 2020 | P\u00e1gina10","isPartOf":{"@id":"https:\/\/pagina10.com\/web\/#website"},"primaryImageOfPage":{"@id":"https:\/\/pagina10.com\/web\/este-viernes-27-de-noviembre-alcaldia-de-pasto-llevara-a-cabo-la-ceremonia-de-reconocimiento-de-los-premios-pasto-participa-2020\/#primaryimage"},"image":{"@id":"https:\/\/pagina10.com\/web\/este-viernes-27-de-noviembre-alcaldia-de-pasto-llevara-a-cabo-la-ceremonia-de-reconocimiento-de-los-premios-pasto-participa-2020\/#primaryimage"},"thumbnailUrl":"https:\/\/pagina10.com\/web\/wp-content\/uploads\/2020\/11\/WhatsApp-Image-2020-11-26-at-10.33.49-PM.jpeg","datePublished":"2020-11-27T23:06:45+00:00","breadcrumb":{"@id":"https:\/\/pagina10.com\/web\/este-viernes-27-de-noviembre-alcaldia-de-pasto-llevara-a-cabo-la-ceremonia-de-reconocimiento-de-los-premios-pasto-participa-2020\/#breadcrumb"},"inLanguage":"es","potentialAction":[{"@type":"ReadAction","target":["https:\/\/pagina10.com\/web\/este-viernes-27-de-noviembre-alcaldia-de-pasto-llevara-a-cabo-la-ceremonia-de-reconocimiento-de-los-premios-pasto-participa-2020\/"]}]},{"@type":"ImageObject","inLanguage":"es","@id":"https:\/\/pagina10.com\/web\/este-viernes-27-de-noviembre-alcaldia-de-pasto-llevara-a-cabo-la-ceremonia-de-reconocimiento-de-los-premios-pasto-participa-2020\/#primaryimage","url":"https:\/\/pagina10.com\/web\/wp-content\/uploads\/2020\/11\/WhatsApp-Image-2020-11-26-at-10.33.49-PM.jpeg","contentUrl":"https:\/\/pagina10.com\/web\/wp-content\/uploads\/2020\/11\/WhatsApp-Image-2020-11-26-at-10.33.49-PM.jpeg","width":835,"height":1024},{"@type":"BreadcrumbList","@id":"https:\/\/pagina10.com\/web\/este-viernes-27-de-noviembre-alcaldia-de-pasto-llevara-a-cabo-la-ceremonia-de-reconocimiento-de-los-premios-pasto-participa-2020\/#breadcrumb","itemListElement":[{"@type":"ListItem","position":1,"name":"Portada","item":"https:\/\/pagina10.com\/web\/"},{"@type":"ListItem","position":2,"name":"Este viernes 27 de noviembre, alcald\u00eda de Pasto llevar\u00e1 a cabo la ceremonia de reconocimiento de los premios Pasto Participa 2020"}]},{"@type":"WebSite","@id":"https:\/\/pagina10.com\/web\/#website","url":"https:\/\/pagina10.com\/web\/","name":"P\u00e1gina10","description":"Peri\u00f3dico Regional","publisher":{"@id":"https:\/\/pagina10.com\/web\/#organization"},"alternateName":"P\u00e1gina10 Peri\u00f3dico Regional","potentialAction":[{"@type":"SearchAction","target":{"@type":"EntryPoint","urlTemplate":"https:\/\/pagina10.com\/web\/?s={search_term_string}"},"query-input":{"@type":"PropertyValueSpecification","valueRequired":true,"valueName":"search_term_string"}}],"inLanguage":"es"},{"@type":"Organization","@id":"https:\/\/pagina10.com\/web\/#organization","name":"P\u00e1gina10","alternateName":"P\u00e1gina10 Peri\u00f3dico Regional","url":"https:\/\/pagina10.com\/web\/","logo":{"@type":"ImageObject","inLanguage":"es","@id":"https:\/\/pagina10.com\/web\/#\/schema\/logo\/image\/","url":"https:\/\/pagina10.com\/web\/wp-content\/uploads\/2024\/01\/40-pagina-10-periodico-regional-pasto.jpg","contentUrl":"https:\/\/pagina10.com\/web\/wp-content\/uploads\/2024\/01\/40-pagina-10-periodico-regional-pasto.jpg","width":1280,"height":720,"caption":"P\u00e1gina10"},"image":{"@id":"https:\/\/pagina10.com\/web\/#\/schema\/logo\/image\/"},"sameAs":["https:\/\/www.facebook.com\/pag10com","https:\/\/x.com\/Pag10com","https:\/\/www.instagram.com\/pagina10col\/","https:\/\/youtube.com\/channel\/pag10","https:\/\/www.tiktok.com\/@p10col"]},{"@type":"Person","@id":"https:\/\/pagina10.com\/web\/#\/schema\/person\/2efc4a090d25b667d3bc796798a3a81b","name":"P\u00e1gina 10","description":"P\u00e1gina 10 es un peri\u00f3dico regional que nace en Colombia, en el departamento de Nari\u00f1o, con un enfoque global, fundamentado en cuatro pilares esenciales: la libertad, el pluralismo, la inclusi\u00f3n y la independencia. P\u00e1gina 10 hace referencia a Nari\u00f1o como el d\u00e9cimo departamento creado en Colombia, despu\u00e9s de un proceso pol\u00edtico liderado por actores y actrices regionales con el fin de obtener la independencia y autonom\u00eda de nuestros territorios. Con la creaci\u00f3n de P\u00e1gina 10 se pretende abrir un escenario para el dialogo, la reflexi\u00f3n y el debate que se extienda a otras geograf\u00edas de Am\u00e9rica Latina y del planeta, en una apuesta por transformar colectivamente los desaf\u00edos de un mundo contempor\u00e1neo, m\u00e1s all\u00e1 de las fronteras impuestas.","url":"https:\/\/pagina10.com\/web\/author\/pdiezadmin\/"}]}},"_links":{"self":[{"href":"https:\/\/pagina10.com\/web\/wp-json\/wp\/v2\/posts\/48888","targetHints":{"allow":["GET"]}}],"collection":[{"href":"https:\/\/pagina10.com\/web\/wp-json\/wp\/v2\/posts"}],"about":[{"href":"https:\/\/pagina10.com\/web\/wp-json\/wp\/v2\/types\/post"}],"author":[{"embeddable":true,"href":"https:\/\/pagina10.com\/web\/wp-json\/wp\/v2\/users\/1"}],"replies":[{"embeddable":true,"href":"https:\/\/pagina10.com\/web\/wp-json\/wp\/v2\/comments?post=48888"}],"version-history":[{"count":1,"href":"https:\/\/pagina10.com\/web\/wp-json\/wp\/v2\/posts\/48888\/revisions"}],"predecessor-version":[{"id":48890,"href":"https:\/\/pagina10.com\/web\/wp-json\/wp\/v2\/posts\/48888\/revisions\/48890"}],"wp:featuredmedia":[{"embeddable":true,"href":"https:\/\/pagina10.com\/web\/wp-json\/wp\/v2\/media\/48889"}],"wp:attachment":[{"href":"https:\/\/pagina10.com\/web\/wp-json\/wp\/v2\/media?parent=48888"}],"wp:term":[{"taxonomy":"category","embeddable":true,"href":"https:\/\/pagina10.com\/web\/wp-json\/wp\/v2\/categories?post=48888"},{"taxonomy":"post_tag","embeddable":true,"href":"https:\/\/pagina10.com\/web\/wp-json\/wp\/v2\/tags?post=48888"}],"curies":[{"name":"wp","href":"https:\/\/api.w.org\/{rel}","templated":true}]}}