{"id":48983,"date":"2020-12-01T20:11:06","date_gmt":"2020-12-02T01:11:06","guid":{"rendered":"https:\/\/pagina10.com\/web\/?p=48983"},"modified":"2020-12-01T20:11:06","modified_gmt":"2020-12-02T01:11:06","slug":"a-partir-de-hoy-1-de-diciembre-los-colombianos-podran-acceder-a-la-cedula-digital","status":"publish","type":"post","link":"https:\/\/pagina10.com\/web\/a-partir-de-hoy-1-de-diciembre-los-colombianos-podran-acceder-a-la-cedula-digital\/","title":{"rendered":"A partir de hoy, 1 de diciembre los colombianos podr\u00e1n acceder a la c\u00e9dula digital"},"content":{"rendered":"<p style=\"text-align: justify;\">Una nueva etapa en la digitalizaci\u00f3n y celeridad documental inicia en Colombia, esta vez impulsada por la Registradur\u00eda Nacional del Estado Civil, a trav\u00e9s de la creaci\u00f3n oficial de la cedula digital.<\/p>\n<p style=\"text-align: justify;\">Seg\u00fan declaraciones del Registrador Nacional, Alexander Vega: <em>\u201cEs un documento de la m\u00e1s alta seguridad, cumpliendo con los requisitos internacionales en esta materia. Adem\u00e1s esta podr\u00e1 ser usada desde el celular, siendo enlazada por el Ministerio de las TIC, con la tarjeta digital ciudadana, en donde todos los ciudadanos podr\u00e1n agregar importantes documentos como el Registro Civil, la licencia de conducci\u00f3n, historia cl\u00ednica, hoja de vida, las pruebas de Covida, las certificaciones de donaci\u00f3n de \u00f3rganos\u201d.<\/em><\/p>\n<p style=\"text-align: justify;\">Esta nueva etapa es ambiciosa, tal y como lo afirma Vega: <em>\u201cColombia est\u00e1 hoy en el punto m\u00e1s alto de la identificaci\u00f3n tecnol\u00f3gica en el planeta. La c\u00e9dula digital es la llave que abre el universo de los servicios digitales para la ciudadan\u00eda colombiana\u201d.<\/em><\/p>\n<p style=\"text-align: justify;\">Es importante aclara que la cedula digital no reemplazara la convencional cedula f\u00edsica y ser\u00e1 entregada al ciudadano mayor de edad que decida solicitarla, de manera que ser\u00e1n los ciudadanos los que tendr\u00e1n la opci\u00f3n de elegir si desean adquirir el nuevo documento o mantener la c\u00e9dula amarilla con hologramas.<\/p>\n<p style=\"text-align: justify;\">Las personas que deseen obtenerla, deber\u00e1n acercarse a la Registradur\u00eda m\u00e1s cercana para acceder al procedimiento.<\/p>\n<p style=\"text-align: justify;\">As\u00ed pues los ciudadanos que obtengan esta cedula\u00a0 podr\u00e1n acceder inmediatamente a la aplicaci\u00f3n de la Registradur\u00eda Nacional y con un sistema biom\u00e9trico facial se le enviar\u00e1 al c\u00e9dula al equipo inmediatamente para que pueda identificarse.<\/p>\n<p style=\"text-align: justify;\">Como datos importantes esta cedula que f\u00e1cilmente puede descargarse en el momento que se desee en cualquier tel\u00e9fono inteligente, podr\u00e1 ocultar si el ciudadano lo desea, datos como el sexo, para mayor privacidad. As\u00ed mismo este documento electr\u00f3nico reemplazar\u00e1 a la cedula convencional para futuras votaciones electorales.<\/p>\n<p style=\"text-align: justify;\">Se estima que su costo no supere los 47.000 pesos colombianos, para poder obtener este documento.<\/p>\n","protected":false},"excerpt":{"rendered":"<p>Una nueva etapa en la digitalizaci\u00f3n y celeridad documental inicia en Colombia, esta vez impulsada por la Registradur\u00eda Nacional del Estado Civil, a trav\u00e9s de la creaci\u00f3n oficial de la cedula digital. Seg\u00fan declaraciones del Registrador Nacional, Alexander Vega: \u201cEs un documento de la m\u00e1s alta seguridad, cumpliendo con los requisitos internacionales en esta materia. [&hellip;]<\/p>\n","protected":false},"author":1,"featured_media":48984,"comment_status":"open","ping_status":"open","sticky":false,"template":"","format":"standard","meta":{"footnotes":""},"categories":[94],"tags":[],"class_list":["post-48983","post","type-post","status-publish","format-standard","has-post-thumbnail","hentry","category-nacional-global-2"],"yoast_head":"<!-- This site is optimized with the Yoast SEO plugin v27.1.1 - https:\/\/yoast.com\/product\/yoast-seo-wordpress\/ -->\n<title>A partir de hoy, 1 de diciembre los colombianos podr\u00e1n acceder a la c\u00e9dula digital | P\u00e1gina10<\/title>\n<meta name=\"robots\" content=\"index, follow, max-snippet:-1, max-image-preview:large, max-video-preview:-1\" \/>\n<link rel=\"canonical\" href=\"https:\/\/pagina10.com\/web\/a-partir-de-hoy-1-de-diciembre-los-colombianos-podran-acceder-a-la-cedula-digital\/\" \/>\n<meta property=\"og:locale\" content=\"es_ES\" \/>\n<meta property=\"og:type\" content=\"article\" \/>\n<meta property=\"og:title\" content=\"A partir de hoy, 1 de diciembre los colombianos podr\u00e1n acceder a la c\u00e9dula digital | P\u00e1gina10\" \/>\n<meta property=\"og:description\" content=\"Una nueva etapa en la digitalizaci\u00f3n y celeridad documental inicia en Colombia, esta vez impulsada por la Registradur\u00eda Nacional del Estado Civil, a trav\u00e9s de la creaci\u00f3n oficial de la cedula digital. Seg\u00fan declaraciones del Registrador Nacional, Alexander Vega: \u201cEs un documento de la m\u00e1s alta seguridad, cumpliendo con los requisitos internacionales en esta materia. [&hellip;]\" \/>\n<meta property=\"og:url\" content=\"https:\/\/pagina10.com\/web\/a-partir-de-hoy-1-de-diciembre-los-colombianos-podran-acceder-a-la-cedula-digital\/\" \/>\n<meta property=\"og:site_name\" content=\"P\u00e1gina10\" \/>\n<meta property=\"article:publisher\" content=\"https:\/\/www.facebook.com\/pag10com\" \/>\n<meta property=\"article:published_time\" content=\"2020-12-02T01:11:06+00:00\" \/>\n<meta property=\"og:image\" content=\"https:\/\/pagina10.com\/web\/wp-content\/uploads\/2020\/12\/cedula-dddd.jpg\" \/>\n\t<meta property=\"og:image:width\" content=\"1152\" \/>\n\t<meta property=\"og:image:height\" content=\"675\" \/>\n\t<meta property=\"og:image:type\" content=\"image\/jpeg\" \/>\n<meta name=\"author\" content=\"P\u00e1gina 10\" \/>\n<meta name=\"twitter:card\" content=\"summary_large_image\" \/>\n<meta name=\"twitter:creator\" content=\"@Pag10com\" \/>\n<meta name=\"twitter:site\" content=\"@Pag10com\" \/>\n<meta name=\"twitter:label1\" content=\"Escrito por\" \/>\n\t<meta name=\"twitter:data1\" content=\"P\u00e1gina 10\" \/>\n\t<meta name=\"twitter:label2\" content=\"Tiempo de lectura\" \/>\n\t<meta name=\"twitter:data2\" content=\"2 minutos\" \/>\n<script type=\"application\/ld+json\" class=\"yoast-schema-graph\">{\"@context\":\"https:\/\/schema.org\",\"@graph\":[{\"@type\":\"Article\",\"@id\":\"https:\/\/pagina10.com\/web\/a-partir-de-hoy-1-de-diciembre-los-colombianos-podran-acceder-a-la-cedula-digital\/#article\",\"isPartOf\":{\"@id\":\"https:\/\/pagina10.com\/web\/a-partir-de-hoy-1-de-diciembre-los-colombianos-podran-acceder-a-la-cedula-digital\/\"},\"author\":{\"name\":\"P\u00e1gina 10\",\"@id\":\"https:\/\/pagina10.com\/web\/#\/schema\/person\/2efc4a090d25b667d3bc796798a3a81b\"},\"headline\":\"A partir de hoy, 1 de diciembre los colombianos podr\u00e1n acceder a la c\u00e9dula digital\",\"datePublished\":\"2020-12-02T01:11:06+00:00\",\"mainEntityOfPage\":{\"@id\":\"https:\/\/pagina10.com\/web\/a-partir-de-hoy-1-de-diciembre-los-colombianos-podran-acceder-a-la-cedula-digital\/\"},\"wordCount\":364,\"commentCount\":0,\"publisher\":{\"@id\":\"https:\/\/pagina10.com\/web\/#organization\"},\"image\":{\"@id\":\"https:\/\/pagina10.com\/web\/a-partir-de-hoy-1-de-diciembre-los-colombianos-podran-acceder-a-la-cedula-digital\/#primaryimage\"},\"thumbnailUrl\":\"https:\/\/pagina10.com\/web\/wp-content\/uploads\/2020\/12\/cedula-dddd.jpg\",\"articleSection\":[\"Nacional\"],\"inLanguage\":\"es\",\"potentialAction\":[{\"@type\":\"CommentAction\",\"name\":\"Comment\",\"target\":[\"https:\/\/pagina10.com\/web\/a-partir-de-hoy-1-de-diciembre-los-colombianos-podran-acceder-a-la-cedula-digital\/#respond\"]}]},{\"@type\":\"WebPage\",\"@id\":\"https:\/\/pagina10.com\/web\/a-partir-de-hoy-1-de-diciembre-los-colombianos-podran-acceder-a-la-cedula-digital\/\",\"url\":\"https:\/\/pagina10.com\/web\/a-partir-de-hoy-1-de-diciembre-los-colombianos-podran-acceder-a-la-cedula-digital\/\",\"name\":\"A partir de hoy, 1 de diciembre los colombianos podr\u00e1n acceder a la c\u00e9dula digital | P\u00e1gina10\",\"isPartOf\":{\"@id\":\"https:\/\/pagina10.com\/web\/#website\"},\"primaryImageOfPage\":{\"@id\":\"https:\/\/pagina10.com\/web\/a-partir-de-hoy-1-de-diciembre-los-colombianos-podran-acceder-a-la-cedula-digital\/#primaryimage\"},\"image\":{\"@id\":\"https:\/\/pagina10.com\/web\/a-partir-de-hoy-1-de-diciembre-los-colombianos-podran-acceder-a-la-cedula-digital\/#primaryimage\"},\"thumbnailUrl\":\"https:\/\/pagina10.com\/web\/wp-content\/uploads\/2020\/12\/cedula-dddd.jpg\",\"datePublished\":\"2020-12-02T01:11:06+00:00\",\"breadcrumb\":{\"@id\":\"https:\/\/pagina10.com\/web\/a-partir-de-hoy-1-de-diciembre-los-colombianos-podran-acceder-a-la-cedula-digital\/#breadcrumb\"},\"inLanguage\":\"es\",\"potentialAction\":[{\"@type\":\"ReadAction\",\"target\":[\"https:\/\/pagina10.com\/web\/a-partir-de-hoy-1-de-diciembre-los-colombianos-podran-acceder-a-la-cedula-digital\/\"]}]},{\"@type\":\"ImageObject\",\"inLanguage\":\"es\",\"@id\":\"https:\/\/pagina10.com\/web\/a-partir-de-hoy-1-de-diciembre-los-colombianos-podran-acceder-a-la-cedula-digital\/#primaryimage\",\"url\":\"https:\/\/pagina10.com\/web\/wp-content\/uploads\/2020\/12\/cedula-dddd.jpg\",\"contentUrl\":\"https:\/\/pagina10.com\/web\/wp-content\/uploads\/2020\/12\/cedula-dddd.jpg\",\"width\":1152,\"height\":675},{\"@type\":\"BreadcrumbList\",\"@id\":\"https:\/\/pagina10.com\/web\/a-partir-de-hoy-1-de-diciembre-los-colombianos-podran-acceder-a-la-cedula-digital\/#breadcrumb\",\"itemListElement\":[{\"@type\":\"ListItem\",\"position\":1,\"name\":\"Portada\",\"item\":\"https:\/\/pagina10.com\/web\/\"},{\"@type\":\"ListItem\",\"position\":2,\"name\":\"A partir de hoy, 1 de diciembre los colombianos podr\u00e1n acceder a la c\u00e9dula digital\"}]},{\"@type\":\"WebSite\",\"@id\":\"https:\/\/pagina10.com\/web\/#website\",\"url\":\"https:\/\/pagina10.com\/web\/\",\"name\":\"P\u00e1gina10\",\"description\":\"Peri\u00f3dico Regional\",\"publisher\":{\"@id\":\"https:\/\/pagina10.com\/web\/#organization\"},\"alternateName\":\"P\u00e1gina10 Peri\u00f3dico Regional\",\"potentialAction\":[{\"@type\":\"SearchAction\",\"target\":{\"@type\":\"EntryPoint\",\"urlTemplate\":\"https:\/\/pagina10.com\/web\/?s={search_term_string}\"},\"query-input\":{\"@type\":\"PropertyValueSpecification\",\"valueRequired\":true,\"valueName\":\"search_term_string\"}}],\"inLanguage\":\"es\"},{\"@type\":\"Organization\",\"@id\":\"https:\/\/pagina10.com\/web\/#organization\",\"name\":\"P\u00e1gina10\",\"alternateName\":\"P\u00e1gina10 Peri\u00f3dico Regional\",\"url\":\"https:\/\/pagina10.com\/web\/\",\"logo\":{\"@type\":\"ImageObject\",\"inLanguage\":\"es\",\"@id\":\"https:\/\/pagina10.com\/web\/#\/schema\/logo\/image\/\",\"url\":\"https:\/\/pagina10.com\/web\/wp-content\/uploads\/2024\/01\/40-pagina-10-periodico-regional-pasto.jpg\",\"contentUrl\":\"https:\/\/pagina10.com\/web\/wp-content\/uploads\/2024\/01\/40-pagina-10-periodico-regional-pasto.jpg\",\"width\":1280,\"height\":720,\"caption\":\"P\u00e1gina10\"},\"image\":{\"@id\":\"https:\/\/pagina10.com\/web\/#\/schema\/logo\/image\/\"},\"sameAs\":[\"https:\/\/www.facebook.com\/pag10com\",\"https:\/\/x.com\/Pag10com\",\"https:\/\/www.instagram.com\/pagina10col\/\",\"https:\/\/youtube.com\/channel\/pag10\",\"https:\/\/www.tiktok.com\/@p10col\"]},{\"@type\":\"Person\",\"@id\":\"https:\/\/pagina10.com\/web\/#\/schema\/person\/2efc4a090d25b667d3bc796798a3a81b\",\"name\":\"P\u00e1gina 10\",\"description\":\"P\u00e1gina 10 es un peri\u00f3dico regional que nace en Colombia, en el departamento de Nari\u00f1o, con un enfoque global, fundamentado en cuatro pilares esenciales: la libertad, el pluralismo, la inclusi\u00f3n y la independencia. P\u00e1gina 10 hace referencia a Nari\u00f1o como el d\u00e9cimo departamento creado en Colombia, despu\u00e9s de un proceso pol\u00edtico liderado por actores y actrices regionales con el fin de obtener la independencia y autonom\u00eda de nuestros territorios. Con la creaci\u00f3n de P\u00e1gina 10 se pretende abrir un escenario para el dialogo, la reflexi\u00f3n y el debate que se extienda a otras geograf\u00edas de Am\u00e9rica Latina y del planeta, en una apuesta por transformar colectivamente los desaf\u00edos de un mundo contempor\u00e1neo, m\u00e1s all\u00e1 de las fronteras impuestas.\",\"url\":\"https:\/\/pagina10.com\/web\/author\/pdiezadmin\/\"}]}<\/script>\n<!-- \/ Yoast SEO plugin. -->","yoast_head_json":{"title":"A partir de hoy, 1 de diciembre los colombianos podr\u00e1n acceder a la c\u00e9dula digital | P\u00e1gina10","robots":{"index":"index","follow":"follow","max-snippet":"max-snippet:-1","max-image-preview":"max-image-preview:large","max-video-preview":"max-video-preview:-1"},"canonical":"https:\/\/pagina10.com\/web\/a-partir-de-hoy-1-de-diciembre-los-colombianos-podran-acceder-a-la-cedula-digital\/","og_locale":"es_ES","og_type":"article","og_title":"A partir de hoy, 1 de diciembre los colombianos podr\u00e1n acceder a la c\u00e9dula digital | P\u00e1gina10","og_description":"Una nueva etapa en la digitalizaci\u00f3n y celeridad documental inicia en Colombia, esta vez impulsada por la Registradur\u00eda Nacional del Estado Civil, a trav\u00e9s de la creaci\u00f3n oficial de la cedula digital. Seg\u00fan declaraciones del Registrador Nacional, Alexander Vega: \u201cEs un documento de la m\u00e1s alta seguridad, cumpliendo con los requisitos internacionales en esta materia. [&hellip;]","og_url":"https:\/\/pagina10.com\/web\/a-partir-de-hoy-1-de-diciembre-los-colombianos-podran-acceder-a-la-cedula-digital\/","og_site_name":"P\u00e1gina10","article_publisher":"https:\/\/www.facebook.com\/pag10com","article_published_time":"2020-12-02T01:11:06+00:00","og_image":[{"width":1152,"height":675,"url":"https:\/\/pagina10.com\/web\/wp-content\/uploads\/2020\/12\/cedula-dddd.jpg","type":"image\/jpeg"}],"author":"P\u00e1gina 10","twitter_card":"summary_large_image","twitter_creator":"@Pag10com","twitter_site":"@Pag10com","twitter_misc":{"Escrito por":"P\u00e1gina 10","Tiempo de lectura":"2 minutos"},"schema":{"@context":"https:\/\/schema.org","@graph":[{"@type":"Article","@id":"https:\/\/pagina10.com\/web\/a-partir-de-hoy-1-de-diciembre-los-colombianos-podran-acceder-a-la-cedula-digital\/#article","isPartOf":{"@id":"https:\/\/pagina10.com\/web\/a-partir-de-hoy-1-de-diciembre-los-colombianos-podran-acceder-a-la-cedula-digital\/"},"author":{"name":"P\u00e1gina 10","@id":"https:\/\/pagina10.com\/web\/#\/schema\/person\/2efc4a090d25b667d3bc796798a3a81b"},"headline":"A partir de hoy, 1 de diciembre los colombianos podr\u00e1n acceder a la c\u00e9dula digital","datePublished":"2020-12-02T01:11:06+00:00","mainEntityOfPage":{"@id":"https:\/\/pagina10.com\/web\/a-partir-de-hoy-1-de-diciembre-los-colombianos-podran-acceder-a-la-cedula-digital\/"},"wordCount":364,"commentCount":0,"publisher":{"@id":"https:\/\/pagina10.com\/web\/#organization"},"image":{"@id":"https:\/\/pagina10.com\/web\/a-partir-de-hoy-1-de-diciembre-los-colombianos-podran-acceder-a-la-cedula-digital\/#primaryimage"},"thumbnailUrl":"https:\/\/pagina10.com\/web\/wp-content\/uploads\/2020\/12\/cedula-dddd.jpg","articleSection":["Nacional"],"inLanguage":"es","potentialAction":[{"@type":"CommentAction","name":"Comment","target":["https:\/\/pagina10.com\/web\/a-partir-de-hoy-1-de-diciembre-los-colombianos-podran-acceder-a-la-cedula-digital\/#respond"]}]},{"@type":"WebPage","@id":"https:\/\/pagina10.com\/web\/a-partir-de-hoy-1-de-diciembre-los-colombianos-podran-acceder-a-la-cedula-digital\/","url":"https:\/\/pagina10.com\/web\/a-partir-de-hoy-1-de-diciembre-los-colombianos-podran-acceder-a-la-cedula-digital\/","name":"A partir de hoy, 1 de diciembre los colombianos podr\u00e1n acceder a la c\u00e9dula digital | P\u00e1gina10","isPartOf":{"@id":"https:\/\/pagina10.com\/web\/#website"},"primaryImageOfPage":{"@id":"https:\/\/pagina10.com\/web\/a-partir-de-hoy-1-de-diciembre-los-colombianos-podran-acceder-a-la-cedula-digital\/#primaryimage"},"image":{"@id":"https:\/\/pagina10.com\/web\/a-partir-de-hoy-1-de-diciembre-los-colombianos-podran-acceder-a-la-cedula-digital\/#primaryimage"},"thumbnailUrl":"https:\/\/pagina10.com\/web\/wp-content\/uploads\/2020\/12\/cedula-dddd.jpg","datePublished":"2020-12-02T01:11:06+00:00","breadcrumb":{"@id":"https:\/\/pagina10.com\/web\/a-partir-de-hoy-1-de-diciembre-los-colombianos-podran-acceder-a-la-cedula-digital\/#breadcrumb"},"inLanguage":"es","potentialAction":[{"@type":"ReadAction","target":["https:\/\/pagina10.com\/web\/a-partir-de-hoy-1-de-diciembre-los-colombianos-podran-acceder-a-la-cedula-digital\/"]}]},{"@type":"ImageObject","inLanguage":"es","@id":"https:\/\/pagina10.com\/web\/a-partir-de-hoy-1-de-diciembre-los-colombianos-podran-acceder-a-la-cedula-digital\/#primaryimage","url":"https:\/\/pagina10.com\/web\/wp-content\/uploads\/2020\/12\/cedula-dddd.jpg","contentUrl":"https:\/\/pagina10.com\/web\/wp-content\/uploads\/2020\/12\/cedula-dddd.jpg","width":1152,"height":675},{"@type":"BreadcrumbList","@id":"https:\/\/pagina10.com\/web\/a-partir-de-hoy-1-de-diciembre-los-colombianos-podran-acceder-a-la-cedula-digital\/#breadcrumb","itemListElement":[{"@type":"ListItem","position":1,"name":"Portada","item":"https:\/\/pagina10.com\/web\/"},{"@type":"ListItem","position":2,"name":"A partir de hoy, 1 de diciembre los colombianos podr\u00e1n acceder a la c\u00e9dula digital"}]},{"@type":"WebSite","@id":"https:\/\/pagina10.com\/web\/#website","url":"https:\/\/pagina10.com\/web\/","name":"P\u00e1gina10","description":"Peri\u00f3dico Regional","publisher":{"@id":"https:\/\/pagina10.com\/web\/#organization"},"alternateName":"P\u00e1gina10 Peri\u00f3dico Regional","potentialAction":[{"@type":"SearchAction","target":{"@type":"EntryPoint","urlTemplate":"https:\/\/pagina10.com\/web\/?s={search_term_string}"},"query-input":{"@type":"PropertyValueSpecification","valueRequired":true,"valueName":"search_term_string"}}],"inLanguage":"es"},{"@type":"Organization","@id":"https:\/\/pagina10.com\/web\/#organization","name":"P\u00e1gina10","alternateName":"P\u00e1gina10 Peri\u00f3dico Regional","url":"https:\/\/pagina10.com\/web\/","logo":{"@type":"ImageObject","inLanguage":"es","@id":"https:\/\/pagina10.com\/web\/#\/schema\/logo\/image\/","url":"https:\/\/pagina10.com\/web\/wp-content\/uploads\/2024\/01\/40-pagina-10-periodico-regional-pasto.jpg","contentUrl":"https:\/\/pagina10.com\/web\/wp-content\/uploads\/2024\/01\/40-pagina-10-periodico-regional-pasto.jpg","width":1280,"height":720,"caption":"P\u00e1gina10"},"image":{"@id":"https:\/\/pagina10.com\/web\/#\/schema\/logo\/image\/"},"sameAs":["https:\/\/www.facebook.com\/pag10com","https:\/\/x.com\/Pag10com","https:\/\/www.instagram.com\/pagina10col\/","https:\/\/youtube.com\/channel\/pag10","https:\/\/www.tiktok.com\/@p10col"]},{"@type":"Person","@id":"https:\/\/pagina10.com\/web\/#\/schema\/person\/2efc4a090d25b667d3bc796798a3a81b","name":"P\u00e1gina 10","description":"P\u00e1gina 10 es un peri\u00f3dico regional que nace en Colombia, en el departamento de Nari\u00f1o, con un enfoque global, fundamentado en cuatro pilares esenciales: la libertad, el pluralismo, la inclusi\u00f3n y la independencia. P\u00e1gina 10 hace referencia a Nari\u00f1o como el d\u00e9cimo departamento creado en Colombia, despu\u00e9s de un proceso pol\u00edtico liderado por actores y actrices regionales con el fin de obtener la independencia y autonom\u00eda de nuestros territorios. Con la creaci\u00f3n de P\u00e1gina 10 se pretende abrir un escenario para el dialogo, la reflexi\u00f3n y el debate que se extienda a otras geograf\u00edas de Am\u00e9rica Latina y del planeta, en una apuesta por transformar colectivamente los desaf\u00edos de un mundo contempor\u00e1neo, m\u00e1s all\u00e1 de las fronteras impuestas.","url":"https:\/\/pagina10.com\/web\/author\/pdiezadmin\/"}]}},"_links":{"self":[{"href":"https:\/\/pagina10.com\/web\/wp-json\/wp\/v2\/posts\/48983","targetHints":{"allow":["GET"]}}],"collection":[{"href":"https:\/\/pagina10.com\/web\/wp-json\/wp\/v2\/posts"}],"about":[{"href":"https:\/\/pagina10.com\/web\/wp-json\/wp\/v2\/types\/post"}],"author":[{"embeddable":true,"href":"https:\/\/pagina10.com\/web\/wp-json\/wp\/v2\/users\/1"}],"replies":[{"embeddable":true,"href":"https:\/\/pagina10.com\/web\/wp-json\/wp\/v2\/comments?post=48983"}],"version-history":[{"count":1,"href":"https:\/\/pagina10.com\/web\/wp-json\/wp\/v2\/posts\/48983\/revisions"}],"predecessor-version":[{"id":48985,"href":"https:\/\/pagina10.com\/web\/wp-json\/wp\/v2\/posts\/48983\/revisions\/48985"}],"wp:featuredmedia":[{"embeddable":true,"href":"https:\/\/pagina10.com\/web\/wp-json\/wp\/v2\/media\/48984"}],"wp:attachment":[{"href":"https:\/\/pagina10.com\/web\/wp-json\/wp\/v2\/media?parent=48983"}],"wp:term":[{"taxonomy":"category","embeddable":true,"href":"https:\/\/pagina10.com\/web\/wp-json\/wp\/v2\/categories?post=48983"},{"taxonomy":"post_tag","embeddable":true,"href":"https:\/\/pagina10.com\/web\/wp-json\/wp\/v2\/tags?post=48983"}],"curies":[{"name":"wp","href":"https:\/\/api.w.org\/{rel}","templated":true}]}}