{"id":49015,"date":"2020-12-02T12:41:18","date_gmt":"2020-12-02T17:41:18","guid":{"rendered":"https:\/\/pagina10.com\/web\/?p=49015"},"modified":"2020-12-02T12:41:18","modified_gmt":"2020-12-02T17:41:18","slug":"aprobados-en-ocad-dos-grandes-proyectos-que-beneficiaran-las-subregiones-de-abades-sabana-y-exprovincia-de-obando","status":"publish","type":"post","link":"https:\/\/pagina10.com\/web\/aprobados-en-ocad-dos-grandes-proyectos-que-beneficiaran-las-subregiones-de-abades-sabana-y-exprovincia-de-obando\/","title":{"rendered":"Aprobados en OCAD dos grandes proyectos que beneficiar\u00e1n las subregiones de Abades, Sabana y Exprovincia de Obando."},"content":{"rendered":"<p style=\"text-align: justify;\">Con las gestiones realizadas por la Gobernaci\u00f3n de Nari\u00f1o y el trabajo articulado con la Secretar\u00eda de Planeaci\u00f3n, fueron aprobados en Ocad Pac\u00edfico 2 grandes proyectos que beneficiar\u00e1n principalmente a las subregiones de Abades, Sabana y Exprovincia de Obando.<\/p>\n<p>El primer proyecto se denomina<em> \u2018Construcci\u00f3n de la segunda etapa del centro de formaci\u00f3n t\u00e9cnica \u2013 tecnoacademia \u2013 SENA, Municipio de T\u00faquerres \u2013 Nari\u00f1o\u2019<\/em> y tiene como objetivo mejorar la prestaci\u00f3n del servicio acad\u00e9mico para la formaci\u00f3n t\u00e9cnica y tecnol\u00f3gica, dirigida a la poblaci\u00f3n estudiantil del departamento de Nari\u00f1o.<\/p>\n<p style=\"text-align: justify;\">Esta segunda etapa, comprende la construcci\u00f3n de edificaciones de un nivel. El \u00e1rea total de la construcci\u00f3n ser\u00e1 de 7065.26 M2, con una inversi\u00f3n de 10.911.302.051,88 millones de pesos.<\/p>\n<p>Los habitantes de los municipios de Aldana, Guachucal, Guachav\u00e9s, Cumbal, Ospina, Samaniego, Providencia, Ricaurte, Mallama, Guaitarilla, Imu\u00e9s, Sapuyes y T\u00faquerres, ser\u00e1n los grandes beneficiarios.<\/p>\n<p style=\"text-align: justify;\">El segundo proyecto se denomina<em> \u2018Mejoramiento en placa huella de la v\u00eda Yacuanquer \u2013 Tangua, veredas Inantas Bajo, Inantas Alto y Tasnaque, Municipio de Yacuanquer, Departamento de Nari\u00f1o\u2019<\/em> y busca mejorar la intercomunicaci\u00f3n terrestre de las veredas mencionadas.<\/p>\n<p>El tramo a intervenir ser\u00e1 de 2.800 metros lineales de placa huella, con la construcci\u00f3n de 10 alcantarillas y 4 muros de contenci\u00f3n. El valor de este proyecto es de 5.932.617.307 millones de pesos.<\/p>\n","protected":false},"excerpt":{"rendered":"<p>Con las gestiones realizadas por la Gobernaci\u00f3n de Nari\u00f1o y el trabajo articulado con la Secretar\u00eda de Planeaci\u00f3n, fueron aprobados en Ocad Pac\u00edfico 2 grandes proyectos que beneficiar\u00e1n principalmente a las subregiones de Abades, Sabana y Exprovincia de Obando. El primer proyecto se denomina \u2018Construcci\u00f3n de la segunda etapa del centro de formaci\u00f3n t\u00e9cnica \u2013 [&hellip;]<\/p>\n","protected":false},"author":1,"featured_media":49016,"comment_status":"open","ping_status":"open","sticky":false,"template":"","format":"standard","meta":{"footnotes":""},"categories":[53],"tags":[],"class_list":["post-49015","post","type-post","status-publish","format-standard","has-post-thumbnail","hentry","category-regiones"],"yoast_head":"<!-- This site is optimized with the Yoast SEO plugin v27.1.1 - https:\/\/yoast.com\/product\/yoast-seo-wordpress\/ -->\n<title>Aprobados en OCAD dos grandes proyectos que beneficiar\u00e1n las subregiones de Abades, Sabana y Exprovincia de Obando. | P\u00e1gina10<\/title>\n<meta name=\"robots\" content=\"index, follow, max-snippet:-1, max-image-preview:large, max-video-preview:-1\" \/>\n<link rel=\"canonical\" href=\"https:\/\/pagina10.com\/web\/aprobados-en-ocad-dos-grandes-proyectos-que-beneficiaran-las-subregiones-de-abades-sabana-y-exprovincia-de-obando\/\" \/>\n<meta property=\"og:locale\" content=\"es_ES\" \/>\n<meta property=\"og:type\" content=\"article\" \/>\n<meta property=\"og:title\" content=\"Aprobados en OCAD dos grandes proyectos que beneficiar\u00e1n las subregiones de Abades, Sabana y Exprovincia de Obando. | P\u00e1gina10\" \/>\n<meta property=\"og:description\" content=\"Con las gestiones realizadas por la Gobernaci\u00f3n de Nari\u00f1o y el trabajo articulado con la Secretar\u00eda de Planeaci\u00f3n, fueron aprobados en Ocad Pac\u00edfico 2 grandes proyectos que beneficiar\u00e1n principalmente a las subregiones de Abades, Sabana y Exprovincia de Obando. El primer proyecto se denomina \u2018Construcci\u00f3n de la segunda etapa del centro de formaci\u00f3n t\u00e9cnica \u2013 [&hellip;]\" \/>\n<meta property=\"og:url\" content=\"https:\/\/pagina10.com\/web\/aprobados-en-ocad-dos-grandes-proyectos-que-beneficiaran-las-subregiones-de-abades-sabana-y-exprovincia-de-obando\/\" \/>\n<meta property=\"og:site_name\" content=\"P\u00e1gina10\" \/>\n<meta property=\"article:publisher\" content=\"https:\/\/www.facebook.com\/pag10com\" \/>\n<meta property=\"article:published_time\" content=\"2020-12-02T17:41:18+00:00\" \/>\n<meta property=\"og:image\" content=\"https:\/\/pagina10.com\/web\/wp-content\/uploads\/2020\/12\/placa-h.png\" \/>\n\t<meta property=\"og:image:width\" content=\"738\" \/>\n\t<meta property=\"og:image:height\" content=\"236\" \/>\n\t<meta property=\"og:image:type\" content=\"image\/png\" \/>\n<meta name=\"author\" content=\"P\u00e1gina 10\" \/>\n<meta name=\"twitter:card\" content=\"summary_large_image\" \/>\n<meta name=\"twitter:creator\" content=\"@Pag10com\" \/>\n<meta name=\"twitter:site\" content=\"@Pag10com\" \/>\n<meta name=\"twitter:label1\" content=\"Escrito por\" \/>\n\t<meta name=\"twitter:data1\" content=\"P\u00e1gina 10\" \/>\n\t<meta name=\"twitter:label2\" content=\"Tiempo de lectura\" \/>\n\t<meta name=\"twitter:data2\" content=\"1 minuto\" \/>\n<script type=\"application\/ld+json\" class=\"yoast-schema-graph\">{\"@context\":\"https:\/\/schema.org\",\"@graph\":[{\"@type\":\"Article\",\"@id\":\"https:\/\/pagina10.com\/web\/aprobados-en-ocad-dos-grandes-proyectos-que-beneficiaran-las-subregiones-de-abades-sabana-y-exprovincia-de-obando\/#article\",\"isPartOf\":{\"@id\":\"https:\/\/pagina10.com\/web\/aprobados-en-ocad-dos-grandes-proyectos-que-beneficiaran-las-subregiones-de-abades-sabana-y-exprovincia-de-obando\/\"},\"author\":{\"name\":\"P\u00e1gina 10\",\"@id\":\"https:\/\/pagina10.com\/web\/#\/schema\/person\/2efc4a090d25b667d3bc796798a3a81b\"},\"headline\":\"Aprobados en OCAD dos grandes proyectos que beneficiar\u00e1n las subregiones de Abades, Sabana y Exprovincia de Obando.\",\"datePublished\":\"2020-12-02T17:41:18+00:00\",\"mainEntityOfPage\":{\"@id\":\"https:\/\/pagina10.com\/web\/aprobados-en-ocad-dos-grandes-proyectos-que-beneficiaran-las-subregiones-de-abades-sabana-y-exprovincia-de-obando\/\"},\"wordCount\":250,\"commentCount\":0,\"publisher\":{\"@id\":\"https:\/\/pagina10.com\/web\/#organization\"},\"image\":{\"@id\":\"https:\/\/pagina10.com\/web\/aprobados-en-ocad-dos-grandes-proyectos-que-beneficiaran-las-subregiones-de-abades-sabana-y-exprovincia-de-obando\/#primaryimage\"},\"thumbnailUrl\":\"https:\/\/pagina10.com\/web\/wp-content\/uploads\/2020\/12\/placa-h.png\",\"articleSection\":[\"Regiones\"],\"inLanguage\":\"es\",\"potentialAction\":[{\"@type\":\"CommentAction\",\"name\":\"Comment\",\"target\":[\"https:\/\/pagina10.com\/web\/aprobados-en-ocad-dos-grandes-proyectos-que-beneficiaran-las-subregiones-de-abades-sabana-y-exprovincia-de-obando\/#respond\"]}]},{\"@type\":\"WebPage\",\"@id\":\"https:\/\/pagina10.com\/web\/aprobados-en-ocad-dos-grandes-proyectos-que-beneficiaran-las-subregiones-de-abades-sabana-y-exprovincia-de-obando\/\",\"url\":\"https:\/\/pagina10.com\/web\/aprobados-en-ocad-dos-grandes-proyectos-que-beneficiaran-las-subregiones-de-abades-sabana-y-exprovincia-de-obando\/\",\"name\":\"Aprobados en OCAD dos grandes proyectos que beneficiar\u00e1n las subregiones de Abades, Sabana y Exprovincia de Obando. | P\u00e1gina10\",\"isPartOf\":{\"@id\":\"https:\/\/pagina10.com\/web\/#website\"},\"primaryImageOfPage\":{\"@id\":\"https:\/\/pagina10.com\/web\/aprobados-en-ocad-dos-grandes-proyectos-que-beneficiaran-las-subregiones-de-abades-sabana-y-exprovincia-de-obando\/#primaryimage\"},\"image\":{\"@id\":\"https:\/\/pagina10.com\/web\/aprobados-en-ocad-dos-grandes-proyectos-que-beneficiaran-las-subregiones-de-abades-sabana-y-exprovincia-de-obando\/#primaryimage\"},\"thumbnailUrl\":\"https:\/\/pagina10.com\/web\/wp-content\/uploads\/2020\/12\/placa-h.png\",\"datePublished\":\"2020-12-02T17:41:18+00:00\",\"breadcrumb\":{\"@id\":\"https:\/\/pagina10.com\/web\/aprobados-en-ocad-dos-grandes-proyectos-que-beneficiaran-las-subregiones-de-abades-sabana-y-exprovincia-de-obando\/#breadcrumb\"},\"inLanguage\":\"es\",\"potentialAction\":[{\"@type\":\"ReadAction\",\"target\":[\"https:\/\/pagina10.com\/web\/aprobados-en-ocad-dos-grandes-proyectos-que-beneficiaran-las-subregiones-de-abades-sabana-y-exprovincia-de-obando\/\"]}]},{\"@type\":\"ImageObject\",\"inLanguage\":\"es\",\"@id\":\"https:\/\/pagina10.com\/web\/aprobados-en-ocad-dos-grandes-proyectos-que-beneficiaran-las-subregiones-de-abades-sabana-y-exprovincia-de-obando\/#primaryimage\",\"url\":\"https:\/\/pagina10.com\/web\/wp-content\/uploads\/2020\/12\/placa-h.png\",\"contentUrl\":\"https:\/\/pagina10.com\/web\/wp-content\/uploads\/2020\/12\/placa-h.png\",\"width\":738,\"height\":236},{\"@type\":\"BreadcrumbList\",\"@id\":\"https:\/\/pagina10.com\/web\/aprobados-en-ocad-dos-grandes-proyectos-que-beneficiaran-las-subregiones-de-abades-sabana-y-exprovincia-de-obando\/#breadcrumb\",\"itemListElement\":[{\"@type\":\"ListItem\",\"position\":1,\"name\":\"Portada\",\"item\":\"https:\/\/pagina10.com\/web\/\"},{\"@type\":\"ListItem\",\"position\":2,\"name\":\"Aprobados en OCAD dos grandes proyectos que beneficiar\u00e1n las subregiones de Abades, Sabana y Exprovincia de Obando.\"}]},{\"@type\":\"WebSite\",\"@id\":\"https:\/\/pagina10.com\/web\/#website\",\"url\":\"https:\/\/pagina10.com\/web\/\",\"name\":\"P\u00e1gina10\",\"description\":\"Peri\u00f3dico Regional\",\"publisher\":{\"@id\":\"https:\/\/pagina10.com\/web\/#organization\"},\"alternateName\":\"P\u00e1gina10 Peri\u00f3dico Regional\",\"potentialAction\":[{\"@type\":\"SearchAction\",\"target\":{\"@type\":\"EntryPoint\",\"urlTemplate\":\"https:\/\/pagina10.com\/web\/?s={search_term_string}\"},\"query-input\":{\"@type\":\"PropertyValueSpecification\",\"valueRequired\":true,\"valueName\":\"search_term_string\"}}],\"inLanguage\":\"es\"},{\"@type\":\"Organization\",\"@id\":\"https:\/\/pagina10.com\/web\/#organization\",\"name\":\"P\u00e1gina10\",\"alternateName\":\"P\u00e1gina10 Peri\u00f3dico Regional\",\"url\":\"https:\/\/pagina10.com\/web\/\",\"logo\":{\"@type\":\"ImageObject\",\"inLanguage\":\"es\",\"@id\":\"https:\/\/pagina10.com\/web\/#\/schema\/logo\/image\/\",\"url\":\"https:\/\/pagina10.com\/web\/wp-content\/uploads\/2024\/01\/40-pagina-10-periodico-regional-pasto.jpg\",\"contentUrl\":\"https:\/\/pagina10.com\/web\/wp-content\/uploads\/2024\/01\/40-pagina-10-periodico-regional-pasto.jpg\",\"width\":1280,\"height\":720,\"caption\":\"P\u00e1gina10\"},\"image\":{\"@id\":\"https:\/\/pagina10.com\/web\/#\/schema\/logo\/image\/\"},\"sameAs\":[\"https:\/\/www.facebook.com\/pag10com\",\"https:\/\/x.com\/Pag10com\",\"https:\/\/www.instagram.com\/pagina10col\/\",\"https:\/\/youtube.com\/channel\/pag10\",\"https:\/\/www.tiktok.com\/@p10col\"]},{\"@type\":\"Person\",\"@id\":\"https:\/\/pagina10.com\/web\/#\/schema\/person\/2efc4a090d25b667d3bc796798a3a81b\",\"name\":\"P\u00e1gina 10\",\"description\":\"P\u00e1gina 10 es un peri\u00f3dico regional que nace en Colombia, en el departamento de Nari\u00f1o, con un enfoque global, fundamentado en cuatro pilares esenciales: la libertad, el pluralismo, la inclusi\u00f3n y la independencia. P\u00e1gina 10 hace referencia a Nari\u00f1o como el d\u00e9cimo departamento creado en Colombia, despu\u00e9s de un proceso pol\u00edtico liderado por actores y actrices regionales con el fin de obtener la independencia y autonom\u00eda de nuestros territorios. Con la creaci\u00f3n de P\u00e1gina 10 se pretende abrir un escenario para el dialogo, la reflexi\u00f3n y el debate que se extienda a otras geograf\u00edas de Am\u00e9rica Latina y del planeta, en una apuesta por transformar colectivamente los desaf\u00edos de un mundo contempor\u00e1neo, m\u00e1s all\u00e1 de las fronteras impuestas.\",\"url\":\"https:\/\/pagina10.com\/web\/author\/pdiezadmin\/\"}]}<\/script>\n<!-- \/ Yoast SEO plugin. -->","yoast_head_json":{"title":"Aprobados en OCAD dos grandes proyectos que beneficiar\u00e1n las subregiones de Abades, Sabana y Exprovincia de Obando. | P\u00e1gina10","robots":{"index":"index","follow":"follow","max-snippet":"max-snippet:-1","max-image-preview":"max-image-preview:large","max-video-preview":"max-video-preview:-1"},"canonical":"https:\/\/pagina10.com\/web\/aprobados-en-ocad-dos-grandes-proyectos-que-beneficiaran-las-subregiones-de-abades-sabana-y-exprovincia-de-obando\/","og_locale":"es_ES","og_type":"article","og_title":"Aprobados en OCAD dos grandes proyectos que beneficiar\u00e1n las subregiones de Abades, Sabana y Exprovincia de Obando. | P\u00e1gina10","og_description":"Con las gestiones realizadas por la Gobernaci\u00f3n de Nari\u00f1o y el trabajo articulado con la Secretar\u00eda de Planeaci\u00f3n, fueron aprobados en Ocad Pac\u00edfico 2 grandes proyectos que beneficiar\u00e1n principalmente a las subregiones de Abades, Sabana y Exprovincia de Obando. El primer proyecto se denomina \u2018Construcci\u00f3n de la segunda etapa del centro de formaci\u00f3n t\u00e9cnica \u2013 [&hellip;]","og_url":"https:\/\/pagina10.com\/web\/aprobados-en-ocad-dos-grandes-proyectos-que-beneficiaran-las-subregiones-de-abades-sabana-y-exprovincia-de-obando\/","og_site_name":"P\u00e1gina10","article_publisher":"https:\/\/www.facebook.com\/pag10com","article_published_time":"2020-12-02T17:41:18+00:00","og_image":[{"width":738,"height":236,"url":"https:\/\/pagina10.com\/web\/wp-content\/uploads\/2020\/12\/placa-h.png","type":"image\/png"}],"author":"P\u00e1gina 10","twitter_card":"summary_large_image","twitter_creator":"@Pag10com","twitter_site":"@Pag10com","twitter_misc":{"Escrito por":"P\u00e1gina 10","Tiempo de lectura":"1 minuto"},"schema":{"@context":"https:\/\/schema.org","@graph":[{"@type":"Article","@id":"https:\/\/pagina10.com\/web\/aprobados-en-ocad-dos-grandes-proyectos-que-beneficiaran-las-subregiones-de-abades-sabana-y-exprovincia-de-obando\/#article","isPartOf":{"@id":"https:\/\/pagina10.com\/web\/aprobados-en-ocad-dos-grandes-proyectos-que-beneficiaran-las-subregiones-de-abades-sabana-y-exprovincia-de-obando\/"},"author":{"name":"P\u00e1gina 10","@id":"https:\/\/pagina10.com\/web\/#\/schema\/person\/2efc4a090d25b667d3bc796798a3a81b"},"headline":"Aprobados en OCAD dos grandes proyectos que beneficiar\u00e1n las subregiones de Abades, Sabana y Exprovincia de Obando.","datePublished":"2020-12-02T17:41:18+00:00","mainEntityOfPage":{"@id":"https:\/\/pagina10.com\/web\/aprobados-en-ocad-dos-grandes-proyectos-que-beneficiaran-las-subregiones-de-abades-sabana-y-exprovincia-de-obando\/"},"wordCount":250,"commentCount":0,"publisher":{"@id":"https:\/\/pagina10.com\/web\/#organization"},"image":{"@id":"https:\/\/pagina10.com\/web\/aprobados-en-ocad-dos-grandes-proyectos-que-beneficiaran-las-subregiones-de-abades-sabana-y-exprovincia-de-obando\/#primaryimage"},"thumbnailUrl":"https:\/\/pagina10.com\/web\/wp-content\/uploads\/2020\/12\/placa-h.png","articleSection":["Regiones"],"inLanguage":"es","potentialAction":[{"@type":"CommentAction","name":"Comment","target":["https:\/\/pagina10.com\/web\/aprobados-en-ocad-dos-grandes-proyectos-que-beneficiaran-las-subregiones-de-abades-sabana-y-exprovincia-de-obando\/#respond"]}]},{"@type":"WebPage","@id":"https:\/\/pagina10.com\/web\/aprobados-en-ocad-dos-grandes-proyectos-que-beneficiaran-las-subregiones-de-abades-sabana-y-exprovincia-de-obando\/","url":"https:\/\/pagina10.com\/web\/aprobados-en-ocad-dos-grandes-proyectos-que-beneficiaran-las-subregiones-de-abades-sabana-y-exprovincia-de-obando\/","name":"Aprobados en OCAD dos grandes proyectos que beneficiar\u00e1n las subregiones de Abades, Sabana y Exprovincia de Obando. | P\u00e1gina10","isPartOf":{"@id":"https:\/\/pagina10.com\/web\/#website"},"primaryImageOfPage":{"@id":"https:\/\/pagina10.com\/web\/aprobados-en-ocad-dos-grandes-proyectos-que-beneficiaran-las-subregiones-de-abades-sabana-y-exprovincia-de-obando\/#primaryimage"},"image":{"@id":"https:\/\/pagina10.com\/web\/aprobados-en-ocad-dos-grandes-proyectos-que-beneficiaran-las-subregiones-de-abades-sabana-y-exprovincia-de-obando\/#primaryimage"},"thumbnailUrl":"https:\/\/pagina10.com\/web\/wp-content\/uploads\/2020\/12\/placa-h.png","datePublished":"2020-12-02T17:41:18+00:00","breadcrumb":{"@id":"https:\/\/pagina10.com\/web\/aprobados-en-ocad-dos-grandes-proyectos-que-beneficiaran-las-subregiones-de-abades-sabana-y-exprovincia-de-obando\/#breadcrumb"},"inLanguage":"es","potentialAction":[{"@type":"ReadAction","target":["https:\/\/pagina10.com\/web\/aprobados-en-ocad-dos-grandes-proyectos-que-beneficiaran-las-subregiones-de-abades-sabana-y-exprovincia-de-obando\/"]}]},{"@type":"ImageObject","inLanguage":"es","@id":"https:\/\/pagina10.com\/web\/aprobados-en-ocad-dos-grandes-proyectos-que-beneficiaran-las-subregiones-de-abades-sabana-y-exprovincia-de-obando\/#primaryimage","url":"https:\/\/pagina10.com\/web\/wp-content\/uploads\/2020\/12\/placa-h.png","contentUrl":"https:\/\/pagina10.com\/web\/wp-content\/uploads\/2020\/12\/placa-h.png","width":738,"height":236},{"@type":"BreadcrumbList","@id":"https:\/\/pagina10.com\/web\/aprobados-en-ocad-dos-grandes-proyectos-que-beneficiaran-las-subregiones-de-abades-sabana-y-exprovincia-de-obando\/#breadcrumb","itemListElement":[{"@type":"ListItem","position":1,"name":"Portada","item":"https:\/\/pagina10.com\/web\/"},{"@type":"ListItem","position":2,"name":"Aprobados en OCAD dos grandes proyectos que beneficiar\u00e1n las subregiones de Abades, Sabana y Exprovincia de Obando."}]},{"@type":"WebSite","@id":"https:\/\/pagina10.com\/web\/#website","url":"https:\/\/pagina10.com\/web\/","name":"P\u00e1gina10","description":"Peri\u00f3dico Regional","publisher":{"@id":"https:\/\/pagina10.com\/web\/#organization"},"alternateName":"P\u00e1gina10 Peri\u00f3dico Regional","potentialAction":[{"@type":"SearchAction","target":{"@type":"EntryPoint","urlTemplate":"https:\/\/pagina10.com\/web\/?s={search_term_string}"},"query-input":{"@type":"PropertyValueSpecification","valueRequired":true,"valueName":"search_term_string"}}],"inLanguage":"es"},{"@type":"Organization","@id":"https:\/\/pagina10.com\/web\/#organization","name":"P\u00e1gina10","alternateName":"P\u00e1gina10 Peri\u00f3dico Regional","url":"https:\/\/pagina10.com\/web\/","logo":{"@type":"ImageObject","inLanguage":"es","@id":"https:\/\/pagina10.com\/web\/#\/schema\/logo\/image\/","url":"https:\/\/pagina10.com\/web\/wp-content\/uploads\/2024\/01\/40-pagina-10-periodico-regional-pasto.jpg","contentUrl":"https:\/\/pagina10.com\/web\/wp-content\/uploads\/2024\/01\/40-pagina-10-periodico-regional-pasto.jpg","width":1280,"height":720,"caption":"P\u00e1gina10"},"image":{"@id":"https:\/\/pagina10.com\/web\/#\/schema\/logo\/image\/"},"sameAs":["https:\/\/www.facebook.com\/pag10com","https:\/\/x.com\/Pag10com","https:\/\/www.instagram.com\/pagina10col\/","https:\/\/youtube.com\/channel\/pag10","https:\/\/www.tiktok.com\/@p10col"]},{"@type":"Person","@id":"https:\/\/pagina10.com\/web\/#\/schema\/person\/2efc4a090d25b667d3bc796798a3a81b","name":"P\u00e1gina 10","description":"P\u00e1gina 10 es un peri\u00f3dico regional que nace en Colombia, en el departamento de Nari\u00f1o, con un enfoque global, fundamentado en cuatro pilares esenciales: la libertad, el pluralismo, la inclusi\u00f3n y la independencia. P\u00e1gina 10 hace referencia a Nari\u00f1o como el d\u00e9cimo departamento creado en Colombia, despu\u00e9s de un proceso pol\u00edtico liderado por actores y actrices regionales con el fin de obtener la independencia y autonom\u00eda de nuestros territorios. Con la creaci\u00f3n de P\u00e1gina 10 se pretende abrir un escenario para el dialogo, la reflexi\u00f3n y el debate que se extienda a otras geograf\u00edas de Am\u00e9rica Latina y del planeta, en una apuesta por transformar colectivamente los desaf\u00edos de un mundo contempor\u00e1neo, m\u00e1s all\u00e1 de las fronteras impuestas.","url":"https:\/\/pagina10.com\/web\/author\/pdiezadmin\/"}]}},"_links":{"self":[{"href":"https:\/\/pagina10.com\/web\/wp-json\/wp\/v2\/posts\/49015","targetHints":{"allow":["GET"]}}],"collection":[{"href":"https:\/\/pagina10.com\/web\/wp-json\/wp\/v2\/posts"}],"about":[{"href":"https:\/\/pagina10.com\/web\/wp-json\/wp\/v2\/types\/post"}],"author":[{"embeddable":true,"href":"https:\/\/pagina10.com\/web\/wp-json\/wp\/v2\/users\/1"}],"replies":[{"embeddable":true,"href":"https:\/\/pagina10.com\/web\/wp-json\/wp\/v2\/comments?post=49015"}],"version-history":[{"count":1,"href":"https:\/\/pagina10.com\/web\/wp-json\/wp\/v2\/posts\/49015\/revisions"}],"predecessor-version":[{"id":49017,"href":"https:\/\/pagina10.com\/web\/wp-json\/wp\/v2\/posts\/49015\/revisions\/49017"}],"wp:featuredmedia":[{"embeddable":true,"href":"https:\/\/pagina10.com\/web\/wp-json\/wp\/v2\/media\/49016"}],"wp:attachment":[{"href":"https:\/\/pagina10.com\/web\/wp-json\/wp\/v2\/media?parent=49015"}],"wp:term":[{"taxonomy":"category","embeddable":true,"href":"https:\/\/pagina10.com\/web\/wp-json\/wp\/v2\/categories?post=49015"},{"taxonomy":"post_tag","embeddable":true,"href":"https:\/\/pagina10.com\/web\/wp-json\/wp\/v2\/tags?post=49015"}],"curies":[{"name":"wp","href":"https:\/\/api.w.org\/{rel}","templated":true}]}}