{"id":49096,"date":"2020-12-05T19:29:05","date_gmt":"2020-12-06T00:29:05","guid":{"rendered":"https:\/\/pagina10.com\/web\/?p=49096"},"modified":"2020-12-05T19:29:23","modified_gmt":"2020-12-06T00:29:23","slug":"procuraduria-sanciono-con-destitucion-e-inhabilidad-por-20-anos-a-la-exsuperintendente-delegada-para-la-supervision-institucional-de-supersalud-eva-carrascal","status":"publish","type":"post","link":"https:\/\/pagina10.com\/web\/procuraduria-sanciono-con-destitucion-e-inhabilidad-por-20-anos-a-la-exsuperintendente-delegada-para-la-supervision-institucional-de-supersalud-eva-carrascal\/","title":{"rendered":"Procuradur\u00eda sancion\u00f3 con destituci\u00f3n e inhabilidad por 20 a\u00f1os a la exsuperintendente Delegada para la Supervisi\u00f3n Institucional de Supersalud, Eva Carrascal"},"content":{"rendered":"<p>El ente de control orden\u00f3 remitir copias de la actuaci\u00f3n disciplinaria a la Supersalud para que analice la posibilidad de revocar los actos administrativos que fueron adquiridos por medios ilegales por los actores del sistema de salud que fueron promotores de la corrupci\u00f3n al interior de la entidad.<\/p>\n<div style=\"text-align: justify;\">La Procuradur\u00eda General de la Naci\u00f3n sancion\u00f3 con destituci\u00f3n e inhabilidad por 20 a\u00f1os a la exsuperintendente Delegada para la Supervisi\u00f3n Institucional de Superintendencia Nacional de Salud, Eva Katherine Carrascal Cantillo, por incurrir en actos de corrupci\u00f3n representados en la adquisici\u00f3n de un apartamento a cambio de agilizar tr\u00e1mites para la entidad.<\/div>\n<div style=\"text-align: justify;\"><\/div>\n<div style=\"text-align: justify;\">En fallo de primera instancia el \u00f3rgano de control estableci\u00f3 que Carrascal Cantillo, quien se desempe\u00f1\u00f3 en el cargo entre el 7 de abril de 2015 y el 23 de enero de 2018, incurri\u00f3 en falta disciplinaria al recibir dinero, utilidad y promesa remuneratoria por parte de empresas e instituciones prestadoras de salud, as\u00ed como de otros terceros a cambio de que se agilizaran tr\u00e1mites para los pagos de cuentas m\u00e9dicas de las IPS que prestaban sus servicios a EPS, comportamiento con el que realiz\u00f3 la conducta tipificada en el C\u00f3digo Penal como cohecho impropio.<\/div>\n<div style=\"text-align: justify;\"><\/div>\n<div style=\"text-align: justify;\">Se encontr\u00f3 que algunas IPS tomaron la decisi\u00f3n de pagarle a la exsuperintendente delegada por sus servicios, y para ese prop\u00f3sito, se unieron Aser Salud, Clinical Corporation y G3 y adquirieron un apartamento en el condominio Bosque Residencial La Resera en Bogot\u00e1, por valor de $1.440 millones.<\/div>\n<div style=\"text-align: justify;\"><\/div>\n<div style=\"text-align: justify;\">La PGN tambi\u00e9n determin\u00f3 que existi\u00f3 un incremento injustificado del patrimonio de la exfuncionaria en $145&#8217;391.060, dinero que no guarda relaci\u00f3n con los ingresos percibidos por concepto de salarios como servidora p\u00fablica y que a lo largo del proceso disciplinario no pudo explicar satisfactoriamente de d\u00f3nde provinieron consignaciones en sus cuentas personales.<\/div>\n<div style=\"text-align: justify;\"><\/div>\n<div style=\"text-align: justify;\">As\u00ed mismo, se pudo establecer que la investigada no fue transparente con su gesti\u00f3n p\u00fablica, vulnerando la moralidad administrativa, utilizando el cargo para el cual fue designada con el fin de lograr un lucro personal ilegal.<\/div>\n<div style=\"text-align: justify;\"><\/div>\n<div style=\"text-align: justify;\">\u201cLos actos de corrupci\u00f3n en que incurri\u00f3 la investigada destrozaron la sujeci\u00f3n que ten\u00eda con la ley como fundamento, l\u00edmite y legitimidad de su actuaci\u00f3n, y socav\u00f3 los cimientos que orientan la funci\u00f3n p\u00fablica y el inter\u00e9s general que debe perseguirse por todo servidor p\u00fablico en desarrollo de la misma\u201d.<\/div>\n<div style=\"text-align: justify;\"><\/div>\n<div style=\"text-align: justify;\">El \u00f3rgano de control calific\u00f3 definitivamente las faltas de la disciplinada como grav\u00edsimas a t\u00edtulo de dolo, dado que condujo su proceder a la obtenci\u00f3n de dineros y prebendas de manera voluntaria y consciente, queriendo el resultado obtenido.<\/div>\n<div style=\"text-align: justify;\"><\/div>\n<div style=\"text-align: justify;\">El ente de control orden\u00f3 remitir copias de la actuaci\u00f3n disciplinaria a la Superintendencia Nacional de Salud para que fortalezca sus procesos y procedimientos, las matrices de riesgos para prevenir la corrupci\u00f3n y de atenci\u00f3n al ciudadano que permita la transparencia, eficiencia e imparcialidad en los tr\u00e1mites de la entidad.<\/div>\n<div style=\"text-align: justify;\"><\/div>\n<div style=\"text-align: justify;\">As\u00ed mismo, para que analice la posibilidad de revocar los actos administrativos que fueron adquiridos por medios ilegales por los actores del sistema de salud que fueron promotores de la corrupci\u00f3n al interior de la Supersalud y se le impongan las sanciones correspondientes.<\/div>\n<div style=\"text-align: justify;\"><\/div>\n<div style=\"text-align: justify;\">El ente de control tambi\u00e9n enviar\u00e1 copias a las delegadas para el Ministerio P\u00fablico en Asuntos Penales y para la Conciliaci\u00f3n Administrativa con el fin de que interpongan acciones jur\u00eddicas en contra de los particulares y servidores p\u00fablicos que incurrieron en los hechos objeto de juzgamiento, a fin de preservar la legalidad, la moralidad administrativa y la disoluci\u00f3n de cualquier beneficio indebido que se hubiera consolidado derivado de estos hechos.<\/div>\n<div style=\"text-align: justify;\"><\/div>\n<div style=\"text-align: justify;\">Contra esta decisi\u00f3n procede recurso de apelaci\u00f3n.<\/div>\n","protected":false},"excerpt":{"rendered":"<p>El ente de control orden\u00f3 remitir copias de la actuaci\u00f3n disciplinaria a la Supersalud para que analice la posibilidad de revocar los actos administrativos que fueron adquiridos por medios ilegales por los actores del sistema de salud que fueron promotores de la corrupci\u00f3n al interior de la entidad. La Procuradur\u00eda General de la Naci\u00f3n sancion\u00f3 [&hellip;]<\/p>\n","protected":false},"author":1,"featured_media":49097,"comment_status":"open","ping_status":"open","sticky":false,"template":"","format":"standard","meta":{"footnotes":""},"categories":[94],"tags":[],"class_list":["post-49096","post","type-post","status-publish","format-standard","has-post-thumbnail","hentry","category-nacional-global-2"],"yoast_head":"<!-- This site is optimized with the Yoast SEO plugin v27.1.1 - https:\/\/yoast.com\/product\/yoast-seo-wordpress\/ -->\n<title>Procuradur\u00eda sancion\u00f3 con destituci\u00f3n e inhabilidad por 20 a\u00f1os a la exsuperintendente Delegada para la Supervisi\u00f3n Institucional de Supersalud, Eva Carrascal | P\u00e1gina10<\/title>\n<meta name=\"robots\" content=\"index, follow, max-snippet:-1, max-image-preview:large, max-video-preview:-1\" \/>\n<link rel=\"canonical\" href=\"https:\/\/pagina10.com\/web\/procuraduria-sanciono-con-destitucion-e-inhabilidad-por-20-anos-a-la-exsuperintendente-delegada-para-la-supervision-institucional-de-supersalud-eva-carrascal\/\" \/>\n<meta property=\"og:locale\" content=\"es_ES\" \/>\n<meta property=\"og:type\" content=\"article\" \/>\n<meta property=\"og:title\" content=\"Procuradur\u00eda sancion\u00f3 con destituci\u00f3n e inhabilidad por 20 a\u00f1os a la exsuperintendente Delegada para la Supervisi\u00f3n Institucional de Supersalud, Eva Carrascal | P\u00e1gina10\" \/>\n<meta property=\"og:description\" content=\"El ente de control orden\u00f3 remitir copias de la actuaci\u00f3n disciplinaria a la Supersalud para que analice la posibilidad de revocar los actos administrativos que fueron adquiridos por medios ilegales por los actores del sistema de salud que fueron promotores de la corrupci\u00f3n al interior de la entidad. La Procuradur\u00eda General de la Naci\u00f3n sancion\u00f3 [&hellip;]\" \/>\n<meta property=\"og:url\" content=\"https:\/\/pagina10.com\/web\/procuraduria-sanciono-con-destitucion-e-inhabilidad-por-20-anos-a-la-exsuperintendente-delegada-para-la-supervision-institucional-de-supersalud-eva-carrascal\/\" \/>\n<meta property=\"og:site_name\" content=\"P\u00e1gina10\" \/>\n<meta property=\"article:publisher\" content=\"https:\/\/www.facebook.com\/pag10com\" \/>\n<meta property=\"article:published_time\" content=\"2020-12-06T00:29:05+00:00\" \/>\n<meta property=\"article:modified_time\" content=\"2020-12-06T00:29:23+00:00\" \/>\n<meta property=\"og:image\" content=\"https:\/\/pagina10.com\/web\/wp-content\/uploads\/2020\/12\/Captura-de-Pantalla-2020-12-05-a-las-7.28.37-p.-m..png\" \/>\n\t<meta property=\"og:image:width\" content=\"645\" \/>\n\t<meta property=\"og:image:height\" content=\"401\" \/>\n\t<meta property=\"og:image:type\" content=\"image\/png\" \/>\n<meta name=\"author\" content=\"P\u00e1gina 10\" \/>\n<meta name=\"twitter:card\" content=\"summary_large_image\" \/>\n<meta name=\"twitter:creator\" content=\"@Pag10com\" \/>\n<meta name=\"twitter:site\" content=\"@Pag10com\" \/>\n<meta name=\"twitter:label1\" content=\"Escrito por\" \/>\n\t<meta name=\"twitter:data1\" content=\"P\u00e1gina 10\" \/>\n\t<meta name=\"twitter:label2\" content=\"Tiempo de lectura\" \/>\n\t<meta name=\"twitter:data2\" content=\"3 minutos\" \/>\n<script type=\"application\/ld+json\" class=\"yoast-schema-graph\">{\"@context\":\"https:\/\/schema.org\",\"@graph\":[{\"@type\":\"Article\",\"@id\":\"https:\/\/pagina10.com\/web\/procuraduria-sanciono-con-destitucion-e-inhabilidad-por-20-anos-a-la-exsuperintendente-delegada-para-la-supervision-institucional-de-supersalud-eva-carrascal\/#article\",\"isPartOf\":{\"@id\":\"https:\/\/pagina10.com\/web\/procuraduria-sanciono-con-destitucion-e-inhabilidad-por-20-anos-a-la-exsuperintendente-delegada-para-la-supervision-institucional-de-supersalud-eva-carrascal\/\"},\"author\":{\"name\":\"P\u00e1gina 10\",\"@id\":\"https:\/\/pagina10.com\/web\/#\/schema\/person\/2efc4a090d25b667d3bc796798a3a81b\"},\"headline\":\"Procuradur\u00eda sancion\u00f3 con destituci\u00f3n e inhabilidad por 20 a\u00f1os a la exsuperintendente Delegada para la Supervisi\u00f3n Institucional de Supersalud, Eva Carrascal\",\"datePublished\":\"2020-12-06T00:29:05+00:00\",\"dateModified\":\"2020-12-06T00:29:23+00:00\",\"mainEntityOfPage\":{\"@id\":\"https:\/\/pagina10.com\/web\/procuraduria-sanciono-con-destitucion-e-inhabilidad-por-20-anos-a-la-exsuperintendente-delegada-para-la-supervision-institucional-de-supersalud-eva-carrascal\/\"},\"wordCount\":651,\"commentCount\":0,\"publisher\":{\"@id\":\"https:\/\/pagina10.com\/web\/#organization\"},\"image\":{\"@id\":\"https:\/\/pagina10.com\/web\/procuraduria-sanciono-con-destitucion-e-inhabilidad-por-20-anos-a-la-exsuperintendente-delegada-para-la-supervision-institucional-de-supersalud-eva-carrascal\/#primaryimage\"},\"thumbnailUrl\":\"https:\/\/pagina10.com\/web\/wp-content\/uploads\/2020\/12\/Captura-de-Pantalla-2020-12-05-a-las-7.28.37-p.-m..png\",\"articleSection\":[\"Nacional\"],\"inLanguage\":\"es\",\"potentialAction\":[{\"@type\":\"CommentAction\",\"name\":\"Comment\",\"target\":[\"https:\/\/pagina10.com\/web\/procuraduria-sanciono-con-destitucion-e-inhabilidad-por-20-anos-a-la-exsuperintendente-delegada-para-la-supervision-institucional-de-supersalud-eva-carrascal\/#respond\"]}]},{\"@type\":\"WebPage\",\"@id\":\"https:\/\/pagina10.com\/web\/procuraduria-sanciono-con-destitucion-e-inhabilidad-por-20-anos-a-la-exsuperintendente-delegada-para-la-supervision-institucional-de-supersalud-eva-carrascal\/\",\"url\":\"https:\/\/pagina10.com\/web\/procuraduria-sanciono-con-destitucion-e-inhabilidad-por-20-anos-a-la-exsuperintendente-delegada-para-la-supervision-institucional-de-supersalud-eva-carrascal\/\",\"name\":\"Procuradur\u00eda sancion\u00f3 con destituci\u00f3n e inhabilidad por 20 a\u00f1os a la exsuperintendente Delegada para la Supervisi\u00f3n Institucional de Supersalud, Eva Carrascal | P\u00e1gina10\",\"isPartOf\":{\"@id\":\"https:\/\/pagina10.com\/web\/#website\"},\"primaryImageOfPage\":{\"@id\":\"https:\/\/pagina10.com\/web\/procuraduria-sanciono-con-destitucion-e-inhabilidad-por-20-anos-a-la-exsuperintendente-delegada-para-la-supervision-institucional-de-supersalud-eva-carrascal\/#primaryimage\"},\"image\":{\"@id\":\"https:\/\/pagina10.com\/web\/procuraduria-sanciono-con-destitucion-e-inhabilidad-por-20-anos-a-la-exsuperintendente-delegada-para-la-supervision-institucional-de-supersalud-eva-carrascal\/#primaryimage\"},\"thumbnailUrl\":\"https:\/\/pagina10.com\/web\/wp-content\/uploads\/2020\/12\/Captura-de-Pantalla-2020-12-05-a-las-7.28.37-p.-m..png\",\"datePublished\":\"2020-12-06T00:29:05+00:00\",\"dateModified\":\"2020-12-06T00:29:23+00:00\",\"breadcrumb\":{\"@id\":\"https:\/\/pagina10.com\/web\/procuraduria-sanciono-con-destitucion-e-inhabilidad-por-20-anos-a-la-exsuperintendente-delegada-para-la-supervision-institucional-de-supersalud-eva-carrascal\/#breadcrumb\"},\"inLanguage\":\"es\",\"potentialAction\":[{\"@type\":\"ReadAction\",\"target\":[\"https:\/\/pagina10.com\/web\/procuraduria-sanciono-con-destitucion-e-inhabilidad-por-20-anos-a-la-exsuperintendente-delegada-para-la-supervision-institucional-de-supersalud-eva-carrascal\/\"]}]},{\"@type\":\"ImageObject\",\"inLanguage\":\"es\",\"@id\":\"https:\/\/pagina10.com\/web\/procuraduria-sanciono-con-destitucion-e-inhabilidad-por-20-anos-a-la-exsuperintendente-delegada-para-la-supervision-institucional-de-supersalud-eva-carrascal\/#primaryimage\",\"url\":\"https:\/\/pagina10.com\/web\/wp-content\/uploads\/2020\/12\/Captura-de-Pantalla-2020-12-05-a-las-7.28.37-p.-m..png\",\"contentUrl\":\"https:\/\/pagina10.com\/web\/wp-content\/uploads\/2020\/12\/Captura-de-Pantalla-2020-12-05-a-las-7.28.37-p.-m..png\",\"width\":645,\"height\":401},{\"@type\":\"BreadcrumbList\",\"@id\":\"https:\/\/pagina10.com\/web\/procuraduria-sanciono-con-destitucion-e-inhabilidad-por-20-anos-a-la-exsuperintendente-delegada-para-la-supervision-institucional-de-supersalud-eva-carrascal\/#breadcrumb\",\"itemListElement\":[{\"@type\":\"ListItem\",\"position\":1,\"name\":\"Portada\",\"item\":\"https:\/\/pagina10.com\/web\/\"},{\"@type\":\"ListItem\",\"position\":2,\"name\":\"Procuradur\u00eda sancion\u00f3 con destituci\u00f3n e inhabilidad por 20 a\u00f1os a la exsuperintendente Delegada para la Supervisi\u00f3n Institucional de Supersalud, Eva Carrascal\"}]},{\"@type\":\"WebSite\",\"@id\":\"https:\/\/pagina10.com\/web\/#website\",\"url\":\"https:\/\/pagina10.com\/web\/\",\"name\":\"P\u00e1gina10\",\"description\":\"Peri\u00f3dico Regional\",\"publisher\":{\"@id\":\"https:\/\/pagina10.com\/web\/#organization\"},\"alternateName\":\"P\u00e1gina10 Peri\u00f3dico Regional\",\"potentialAction\":[{\"@type\":\"SearchAction\",\"target\":{\"@type\":\"EntryPoint\",\"urlTemplate\":\"https:\/\/pagina10.com\/web\/?s={search_term_string}\"},\"query-input\":{\"@type\":\"PropertyValueSpecification\",\"valueRequired\":true,\"valueName\":\"search_term_string\"}}],\"inLanguage\":\"es\"},{\"@type\":\"Organization\",\"@id\":\"https:\/\/pagina10.com\/web\/#organization\",\"name\":\"P\u00e1gina10\",\"alternateName\":\"P\u00e1gina10 Peri\u00f3dico Regional\",\"url\":\"https:\/\/pagina10.com\/web\/\",\"logo\":{\"@type\":\"ImageObject\",\"inLanguage\":\"es\",\"@id\":\"https:\/\/pagina10.com\/web\/#\/schema\/logo\/image\/\",\"url\":\"https:\/\/pagina10.com\/web\/wp-content\/uploads\/2024\/01\/40-pagina-10-periodico-regional-pasto.jpg\",\"contentUrl\":\"https:\/\/pagina10.com\/web\/wp-content\/uploads\/2024\/01\/40-pagina-10-periodico-regional-pasto.jpg\",\"width\":1280,\"height\":720,\"caption\":\"P\u00e1gina10\"},\"image\":{\"@id\":\"https:\/\/pagina10.com\/web\/#\/schema\/logo\/image\/\"},\"sameAs\":[\"https:\/\/www.facebook.com\/pag10com\",\"https:\/\/x.com\/Pag10com\",\"https:\/\/www.instagram.com\/pagina10col\/\",\"https:\/\/youtube.com\/channel\/pag10\",\"https:\/\/www.tiktok.com\/@p10col\"]},{\"@type\":\"Person\",\"@id\":\"https:\/\/pagina10.com\/web\/#\/schema\/person\/2efc4a090d25b667d3bc796798a3a81b\",\"name\":\"P\u00e1gina 10\",\"description\":\"P\u00e1gina 10 es un peri\u00f3dico regional que nace en Colombia, en el departamento de Nari\u00f1o, con un enfoque global, fundamentado en cuatro pilares esenciales: la libertad, el pluralismo, la inclusi\u00f3n y la independencia. P\u00e1gina 10 hace referencia a Nari\u00f1o como el d\u00e9cimo departamento creado en Colombia, despu\u00e9s de un proceso pol\u00edtico liderado por actores y actrices regionales con el fin de obtener la independencia y autonom\u00eda de nuestros territorios. Con la creaci\u00f3n de P\u00e1gina 10 se pretende abrir un escenario para el dialogo, la reflexi\u00f3n y el debate que se extienda a otras geograf\u00edas de Am\u00e9rica Latina y del planeta, en una apuesta por transformar colectivamente los desaf\u00edos de un mundo contempor\u00e1neo, m\u00e1s all\u00e1 de las fronteras impuestas.\",\"url\":\"https:\/\/pagina10.com\/web\/author\/pdiezadmin\/\"}]}<\/script>\n<!-- \/ Yoast SEO plugin. -->","yoast_head_json":{"title":"Procuradur\u00eda sancion\u00f3 con destituci\u00f3n e inhabilidad por 20 a\u00f1os a la exsuperintendente Delegada para la Supervisi\u00f3n Institucional de Supersalud, Eva Carrascal | P\u00e1gina10","robots":{"index":"index","follow":"follow","max-snippet":"max-snippet:-1","max-image-preview":"max-image-preview:large","max-video-preview":"max-video-preview:-1"},"canonical":"https:\/\/pagina10.com\/web\/procuraduria-sanciono-con-destitucion-e-inhabilidad-por-20-anos-a-la-exsuperintendente-delegada-para-la-supervision-institucional-de-supersalud-eva-carrascal\/","og_locale":"es_ES","og_type":"article","og_title":"Procuradur\u00eda sancion\u00f3 con destituci\u00f3n e inhabilidad por 20 a\u00f1os a la exsuperintendente Delegada para la Supervisi\u00f3n Institucional de Supersalud, Eva Carrascal | P\u00e1gina10","og_description":"El ente de control orden\u00f3 remitir copias de la actuaci\u00f3n disciplinaria a la Supersalud para que analice la posibilidad de revocar los actos administrativos que fueron adquiridos por medios ilegales por los actores del sistema de salud que fueron promotores de la corrupci\u00f3n al interior de la entidad. La Procuradur\u00eda General de la Naci\u00f3n sancion\u00f3 [&hellip;]","og_url":"https:\/\/pagina10.com\/web\/procuraduria-sanciono-con-destitucion-e-inhabilidad-por-20-anos-a-la-exsuperintendente-delegada-para-la-supervision-institucional-de-supersalud-eva-carrascal\/","og_site_name":"P\u00e1gina10","article_publisher":"https:\/\/www.facebook.com\/pag10com","article_published_time":"2020-12-06T00:29:05+00:00","article_modified_time":"2020-12-06T00:29:23+00:00","og_image":[{"width":645,"height":401,"url":"https:\/\/pagina10.com\/web\/wp-content\/uploads\/2020\/12\/Captura-de-Pantalla-2020-12-05-a-las-7.28.37-p.-m..png","type":"image\/png"}],"author":"P\u00e1gina 10","twitter_card":"summary_large_image","twitter_creator":"@Pag10com","twitter_site":"@Pag10com","twitter_misc":{"Escrito por":"P\u00e1gina 10","Tiempo de lectura":"3 minutos"},"schema":{"@context":"https:\/\/schema.org","@graph":[{"@type":"Article","@id":"https:\/\/pagina10.com\/web\/procuraduria-sanciono-con-destitucion-e-inhabilidad-por-20-anos-a-la-exsuperintendente-delegada-para-la-supervision-institucional-de-supersalud-eva-carrascal\/#article","isPartOf":{"@id":"https:\/\/pagina10.com\/web\/procuraduria-sanciono-con-destitucion-e-inhabilidad-por-20-anos-a-la-exsuperintendente-delegada-para-la-supervision-institucional-de-supersalud-eva-carrascal\/"},"author":{"name":"P\u00e1gina 10","@id":"https:\/\/pagina10.com\/web\/#\/schema\/person\/2efc4a090d25b667d3bc796798a3a81b"},"headline":"Procuradur\u00eda sancion\u00f3 con destituci\u00f3n e inhabilidad por 20 a\u00f1os a la exsuperintendente Delegada para la Supervisi\u00f3n Institucional de Supersalud, Eva Carrascal","datePublished":"2020-12-06T00:29:05+00:00","dateModified":"2020-12-06T00:29:23+00:00","mainEntityOfPage":{"@id":"https:\/\/pagina10.com\/web\/procuraduria-sanciono-con-destitucion-e-inhabilidad-por-20-anos-a-la-exsuperintendente-delegada-para-la-supervision-institucional-de-supersalud-eva-carrascal\/"},"wordCount":651,"commentCount":0,"publisher":{"@id":"https:\/\/pagina10.com\/web\/#organization"},"image":{"@id":"https:\/\/pagina10.com\/web\/procuraduria-sanciono-con-destitucion-e-inhabilidad-por-20-anos-a-la-exsuperintendente-delegada-para-la-supervision-institucional-de-supersalud-eva-carrascal\/#primaryimage"},"thumbnailUrl":"https:\/\/pagina10.com\/web\/wp-content\/uploads\/2020\/12\/Captura-de-Pantalla-2020-12-05-a-las-7.28.37-p.-m..png","articleSection":["Nacional"],"inLanguage":"es","potentialAction":[{"@type":"CommentAction","name":"Comment","target":["https:\/\/pagina10.com\/web\/procuraduria-sanciono-con-destitucion-e-inhabilidad-por-20-anos-a-la-exsuperintendente-delegada-para-la-supervision-institucional-de-supersalud-eva-carrascal\/#respond"]}]},{"@type":"WebPage","@id":"https:\/\/pagina10.com\/web\/procuraduria-sanciono-con-destitucion-e-inhabilidad-por-20-anos-a-la-exsuperintendente-delegada-para-la-supervision-institucional-de-supersalud-eva-carrascal\/","url":"https:\/\/pagina10.com\/web\/procuraduria-sanciono-con-destitucion-e-inhabilidad-por-20-anos-a-la-exsuperintendente-delegada-para-la-supervision-institucional-de-supersalud-eva-carrascal\/","name":"Procuradur\u00eda sancion\u00f3 con destituci\u00f3n e inhabilidad por 20 a\u00f1os a la exsuperintendente Delegada para la Supervisi\u00f3n Institucional de Supersalud, Eva Carrascal | P\u00e1gina10","isPartOf":{"@id":"https:\/\/pagina10.com\/web\/#website"},"primaryImageOfPage":{"@id":"https:\/\/pagina10.com\/web\/procuraduria-sanciono-con-destitucion-e-inhabilidad-por-20-anos-a-la-exsuperintendente-delegada-para-la-supervision-institucional-de-supersalud-eva-carrascal\/#primaryimage"},"image":{"@id":"https:\/\/pagina10.com\/web\/procuraduria-sanciono-con-destitucion-e-inhabilidad-por-20-anos-a-la-exsuperintendente-delegada-para-la-supervision-institucional-de-supersalud-eva-carrascal\/#primaryimage"},"thumbnailUrl":"https:\/\/pagina10.com\/web\/wp-content\/uploads\/2020\/12\/Captura-de-Pantalla-2020-12-05-a-las-7.28.37-p.-m..png","datePublished":"2020-12-06T00:29:05+00:00","dateModified":"2020-12-06T00:29:23+00:00","breadcrumb":{"@id":"https:\/\/pagina10.com\/web\/procuraduria-sanciono-con-destitucion-e-inhabilidad-por-20-anos-a-la-exsuperintendente-delegada-para-la-supervision-institucional-de-supersalud-eva-carrascal\/#breadcrumb"},"inLanguage":"es","potentialAction":[{"@type":"ReadAction","target":["https:\/\/pagina10.com\/web\/procuraduria-sanciono-con-destitucion-e-inhabilidad-por-20-anos-a-la-exsuperintendente-delegada-para-la-supervision-institucional-de-supersalud-eva-carrascal\/"]}]},{"@type":"ImageObject","inLanguage":"es","@id":"https:\/\/pagina10.com\/web\/procuraduria-sanciono-con-destitucion-e-inhabilidad-por-20-anos-a-la-exsuperintendente-delegada-para-la-supervision-institucional-de-supersalud-eva-carrascal\/#primaryimage","url":"https:\/\/pagina10.com\/web\/wp-content\/uploads\/2020\/12\/Captura-de-Pantalla-2020-12-05-a-las-7.28.37-p.-m..png","contentUrl":"https:\/\/pagina10.com\/web\/wp-content\/uploads\/2020\/12\/Captura-de-Pantalla-2020-12-05-a-las-7.28.37-p.-m..png","width":645,"height":401},{"@type":"BreadcrumbList","@id":"https:\/\/pagina10.com\/web\/procuraduria-sanciono-con-destitucion-e-inhabilidad-por-20-anos-a-la-exsuperintendente-delegada-para-la-supervision-institucional-de-supersalud-eva-carrascal\/#breadcrumb","itemListElement":[{"@type":"ListItem","position":1,"name":"Portada","item":"https:\/\/pagina10.com\/web\/"},{"@type":"ListItem","position":2,"name":"Procuradur\u00eda sancion\u00f3 con destituci\u00f3n e inhabilidad por 20 a\u00f1os a la exsuperintendente Delegada para la Supervisi\u00f3n Institucional de Supersalud, Eva Carrascal"}]},{"@type":"WebSite","@id":"https:\/\/pagina10.com\/web\/#website","url":"https:\/\/pagina10.com\/web\/","name":"P\u00e1gina10","description":"Peri\u00f3dico Regional","publisher":{"@id":"https:\/\/pagina10.com\/web\/#organization"},"alternateName":"P\u00e1gina10 Peri\u00f3dico Regional","potentialAction":[{"@type":"SearchAction","target":{"@type":"EntryPoint","urlTemplate":"https:\/\/pagina10.com\/web\/?s={search_term_string}"},"query-input":{"@type":"PropertyValueSpecification","valueRequired":true,"valueName":"search_term_string"}}],"inLanguage":"es"},{"@type":"Organization","@id":"https:\/\/pagina10.com\/web\/#organization","name":"P\u00e1gina10","alternateName":"P\u00e1gina10 Peri\u00f3dico Regional","url":"https:\/\/pagina10.com\/web\/","logo":{"@type":"ImageObject","inLanguage":"es","@id":"https:\/\/pagina10.com\/web\/#\/schema\/logo\/image\/","url":"https:\/\/pagina10.com\/web\/wp-content\/uploads\/2024\/01\/40-pagina-10-periodico-regional-pasto.jpg","contentUrl":"https:\/\/pagina10.com\/web\/wp-content\/uploads\/2024\/01\/40-pagina-10-periodico-regional-pasto.jpg","width":1280,"height":720,"caption":"P\u00e1gina10"},"image":{"@id":"https:\/\/pagina10.com\/web\/#\/schema\/logo\/image\/"},"sameAs":["https:\/\/www.facebook.com\/pag10com","https:\/\/x.com\/Pag10com","https:\/\/www.instagram.com\/pagina10col\/","https:\/\/youtube.com\/channel\/pag10","https:\/\/www.tiktok.com\/@p10col"]},{"@type":"Person","@id":"https:\/\/pagina10.com\/web\/#\/schema\/person\/2efc4a090d25b667d3bc796798a3a81b","name":"P\u00e1gina 10","description":"P\u00e1gina 10 es un peri\u00f3dico regional que nace en Colombia, en el departamento de Nari\u00f1o, con un enfoque global, fundamentado en cuatro pilares esenciales: la libertad, el pluralismo, la inclusi\u00f3n y la independencia. P\u00e1gina 10 hace referencia a Nari\u00f1o como el d\u00e9cimo departamento creado en Colombia, despu\u00e9s de un proceso pol\u00edtico liderado por actores y actrices regionales con el fin de obtener la independencia y autonom\u00eda de nuestros territorios. Con la creaci\u00f3n de P\u00e1gina 10 se pretende abrir un escenario para el dialogo, la reflexi\u00f3n y el debate que se extienda a otras geograf\u00edas de Am\u00e9rica Latina y del planeta, en una apuesta por transformar colectivamente los desaf\u00edos de un mundo contempor\u00e1neo, m\u00e1s all\u00e1 de las fronteras impuestas.","url":"https:\/\/pagina10.com\/web\/author\/pdiezadmin\/"}]}},"_links":{"self":[{"href":"https:\/\/pagina10.com\/web\/wp-json\/wp\/v2\/posts\/49096","targetHints":{"allow":["GET"]}}],"collection":[{"href":"https:\/\/pagina10.com\/web\/wp-json\/wp\/v2\/posts"}],"about":[{"href":"https:\/\/pagina10.com\/web\/wp-json\/wp\/v2\/types\/post"}],"author":[{"embeddable":true,"href":"https:\/\/pagina10.com\/web\/wp-json\/wp\/v2\/users\/1"}],"replies":[{"embeddable":true,"href":"https:\/\/pagina10.com\/web\/wp-json\/wp\/v2\/comments?post=49096"}],"version-history":[{"count":2,"href":"https:\/\/pagina10.com\/web\/wp-json\/wp\/v2\/posts\/49096\/revisions"}],"predecessor-version":[{"id":49099,"href":"https:\/\/pagina10.com\/web\/wp-json\/wp\/v2\/posts\/49096\/revisions\/49099"}],"wp:featuredmedia":[{"embeddable":true,"href":"https:\/\/pagina10.com\/web\/wp-json\/wp\/v2\/media\/49097"}],"wp:attachment":[{"href":"https:\/\/pagina10.com\/web\/wp-json\/wp\/v2\/media?parent=49096"}],"wp:term":[{"taxonomy":"category","embeddable":true,"href":"https:\/\/pagina10.com\/web\/wp-json\/wp\/v2\/categories?post=49096"},{"taxonomy":"post_tag","embeddable":true,"href":"https:\/\/pagina10.com\/web\/wp-json\/wp\/v2\/tags?post=49096"}],"curies":[{"name":"wp","href":"https:\/\/api.w.org\/{rel}","templated":true}]}}