{"id":49308,"date":"2020-12-13T12:40:43","date_gmt":"2020-12-13T17:40:43","guid":{"rendered":"https:\/\/pagina10.com\/web\/?p=49308"},"modified":"2020-12-13T12:40:43","modified_gmt":"2020-12-13T17:40:43","slug":"registrador-nacional-del-estado-civil-rechaza-atentado-contra-registradora-municipal-de-san-pablo-narino","status":"publish","type":"post","link":"https:\/\/pagina10.com\/web\/registrador-nacional-del-estado-civil-rechaza-atentado-contra-registradora-municipal-de-san-pablo-narino\/","title":{"rendered":"Registrador nacional del Estado Civil rechaza atentado contra registradora municipal de San Pablo, Nari\u00f1o."},"content":{"rendered":"<p style=\"text-align: justify;\">El registrador nacional del Estado Civil, Alexander Vega Rocha, rechaz\u00f3 de manera vehemente el ataque del que fue v\u00edctima la registradora municipal de San Pablo, Nari\u00f1o, Carol Coral. \u201cLamentamos confirmar que en la tarde de este viernes nuestra registradora de San Pablo en el departamento de Nari\u00f1o fue atacada con arma de fuego. Como registrador nacional del Estado Civil rechazo de manera contundente estos hechos y pido a las autoridades rapidez en las investigaciones para dar con el paradero de los responsables\u201d, dijo el funcionario.<\/p>\n<p style=\"text-align: justify;\">Seg\u00fan las primeras informaciones suministradas, la registradora municipal recibi\u00f3 tres impactos de bala, por lo que fue trasladada a un centro asistencial de la ciudad de Pasto, en donde recibe atenci\u00f3n m\u00e9dica de alto nivel.<\/p>\n<p style=\"text-align: justify;\">Las autoridades en ese departamento desconocen los m\u00f3viles del hecho y adelantan las averiguaciones para dar con los responsables de lo ocurrido. \u201cComo entidad, ponemos a disposici\u00f3n de los investigadores todo lo necesario para esclarecer estos hechos, mientras elevamos plegarias por la salud de nuestra funcionaria\u201d, asegur\u00f3 el registrador nacional.<\/p>\n<p style=\"text-align: justify;\">La registradur\u00eda municipal de San Pablo permanece cerrada y custodiada por las autoridades, a fin de garantizar la seguridad de la documentaci\u00f3n que all\u00ed reposa.<\/p>\n","protected":false},"excerpt":{"rendered":"<p>El registrador nacional del Estado Civil, Alexander Vega Rocha, rechaz\u00f3 de manera vehemente el ataque del que fue v\u00edctima la registradora municipal de San Pablo, Nari\u00f1o, Carol Coral. \u201cLamentamos confirmar que en la tarde de este viernes nuestra registradora de San Pablo en el departamento de Nari\u00f1o fue atacada con arma de fuego. Como registrador [&hellip;]<\/p>\n","protected":false},"author":1,"featured_media":49309,"comment_status":"open","ping_status":"open","sticky":false,"template":"","format":"standard","meta":{"footnotes":""},"categories":[53],"tags":[],"class_list":["post-49308","post","type-post","status-publish","format-standard","has-post-thumbnail","hentry","category-regiones"],"yoast_head":"<!-- This site is optimized with the Yoast SEO plugin v27.1.1 - https:\/\/yoast.com\/product\/yoast-seo-wordpress\/ -->\n<title>Registrador nacional del Estado Civil rechaza atentado contra registradora municipal de San Pablo, Nari\u00f1o. | P\u00e1gina10<\/title>\n<meta name=\"robots\" content=\"index, follow, max-snippet:-1, max-image-preview:large, max-video-preview:-1\" \/>\n<link rel=\"canonical\" href=\"https:\/\/pagina10.com\/web\/registrador-nacional-del-estado-civil-rechaza-atentado-contra-registradora-municipal-de-san-pablo-narino\/\" \/>\n<meta property=\"og:locale\" content=\"es_ES\" \/>\n<meta property=\"og:type\" content=\"article\" \/>\n<meta property=\"og:title\" content=\"Registrador nacional del Estado Civil rechaza atentado contra registradora municipal de San Pablo, Nari\u00f1o. | P\u00e1gina10\" \/>\n<meta property=\"og:description\" content=\"El registrador nacional del Estado Civil, Alexander Vega Rocha, rechaz\u00f3 de manera vehemente el ataque del que fue v\u00edctima la registradora municipal de San Pablo, Nari\u00f1o, Carol Coral. \u201cLamentamos confirmar que en la tarde de este viernes nuestra registradora de San Pablo en el departamento de Nari\u00f1o fue atacada con arma de fuego. Como registrador [&hellip;]\" \/>\n<meta property=\"og:url\" content=\"https:\/\/pagina10.com\/web\/registrador-nacional-del-estado-civil-rechaza-atentado-contra-registradora-municipal-de-san-pablo-narino\/\" \/>\n<meta property=\"og:site_name\" content=\"P\u00e1gina10\" \/>\n<meta property=\"article:publisher\" content=\"https:\/\/www.facebook.com\/pag10com\" \/>\n<meta property=\"article:published_time\" content=\"2020-12-13T17:40:43+00:00\" \/>\n<meta property=\"og:image\" content=\"https:\/\/pagina10.com\/web\/wp-content\/uploads\/2020\/12\/Captura-de-Pantalla-2020-12-13-a-las-12.40.15-p.-m..png\" \/>\n\t<meta property=\"og:image:width\" content=\"853\" \/>\n\t<meta property=\"og:image:height\" content=\"466\" \/>\n\t<meta property=\"og:image:type\" content=\"image\/png\" \/>\n<meta name=\"author\" content=\"P\u00e1gina 10\" \/>\n<meta name=\"twitter:card\" content=\"summary_large_image\" \/>\n<meta name=\"twitter:creator\" content=\"@Pag10com\" \/>\n<meta name=\"twitter:site\" content=\"@Pag10com\" \/>\n<meta name=\"twitter:label1\" content=\"Escrito por\" \/>\n\t<meta name=\"twitter:data1\" content=\"P\u00e1gina 10\" \/>\n\t<meta name=\"twitter:label2\" content=\"Tiempo de lectura\" \/>\n\t<meta name=\"twitter:data2\" content=\"1 minuto\" \/>\n<script type=\"application\/ld+json\" class=\"yoast-schema-graph\">{\"@context\":\"https:\/\/schema.org\",\"@graph\":[{\"@type\":\"Article\",\"@id\":\"https:\/\/pagina10.com\/web\/registrador-nacional-del-estado-civil-rechaza-atentado-contra-registradora-municipal-de-san-pablo-narino\/#article\",\"isPartOf\":{\"@id\":\"https:\/\/pagina10.com\/web\/registrador-nacional-del-estado-civil-rechaza-atentado-contra-registradora-municipal-de-san-pablo-narino\/\"},\"author\":{\"name\":\"P\u00e1gina 10\",\"@id\":\"https:\/\/pagina10.com\/web\/#\/schema\/person\/2efc4a090d25b667d3bc796798a3a81b\"},\"headline\":\"Registrador nacional del Estado Civil rechaza atentado contra registradora municipal de San Pablo, Nari\u00f1o.\",\"datePublished\":\"2020-12-13T17:40:43+00:00\",\"mainEntityOfPage\":{\"@id\":\"https:\/\/pagina10.com\/web\/registrador-nacional-del-estado-civil-rechaza-atentado-contra-registradora-municipal-de-san-pablo-narino\/\"},\"wordCount\":220,\"commentCount\":0,\"publisher\":{\"@id\":\"https:\/\/pagina10.com\/web\/#organization\"},\"image\":{\"@id\":\"https:\/\/pagina10.com\/web\/registrador-nacional-del-estado-civil-rechaza-atentado-contra-registradora-municipal-de-san-pablo-narino\/#primaryimage\"},\"thumbnailUrl\":\"https:\/\/pagina10.com\/web\/wp-content\/uploads\/2020\/12\/Captura-de-Pantalla-2020-12-13-a-las-12.40.15-p.-m..png\",\"articleSection\":[\"Regiones\"],\"inLanguage\":\"es\",\"potentialAction\":[{\"@type\":\"CommentAction\",\"name\":\"Comment\",\"target\":[\"https:\/\/pagina10.com\/web\/registrador-nacional-del-estado-civil-rechaza-atentado-contra-registradora-municipal-de-san-pablo-narino\/#respond\"]}]},{\"@type\":\"WebPage\",\"@id\":\"https:\/\/pagina10.com\/web\/registrador-nacional-del-estado-civil-rechaza-atentado-contra-registradora-municipal-de-san-pablo-narino\/\",\"url\":\"https:\/\/pagina10.com\/web\/registrador-nacional-del-estado-civil-rechaza-atentado-contra-registradora-municipal-de-san-pablo-narino\/\",\"name\":\"Registrador nacional del Estado Civil rechaza atentado contra registradora municipal de San Pablo, Nari\u00f1o. | P\u00e1gina10\",\"isPartOf\":{\"@id\":\"https:\/\/pagina10.com\/web\/#website\"},\"primaryImageOfPage\":{\"@id\":\"https:\/\/pagina10.com\/web\/registrador-nacional-del-estado-civil-rechaza-atentado-contra-registradora-municipal-de-san-pablo-narino\/#primaryimage\"},\"image\":{\"@id\":\"https:\/\/pagina10.com\/web\/registrador-nacional-del-estado-civil-rechaza-atentado-contra-registradora-municipal-de-san-pablo-narino\/#primaryimage\"},\"thumbnailUrl\":\"https:\/\/pagina10.com\/web\/wp-content\/uploads\/2020\/12\/Captura-de-Pantalla-2020-12-13-a-las-12.40.15-p.-m..png\",\"datePublished\":\"2020-12-13T17:40:43+00:00\",\"breadcrumb\":{\"@id\":\"https:\/\/pagina10.com\/web\/registrador-nacional-del-estado-civil-rechaza-atentado-contra-registradora-municipal-de-san-pablo-narino\/#breadcrumb\"},\"inLanguage\":\"es\",\"potentialAction\":[{\"@type\":\"ReadAction\",\"target\":[\"https:\/\/pagina10.com\/web\/registrador-nacional-del-estado-civil-rechaza-atentado-contra-registradora-municipal-de-san-pablo-narino\/\"]}]},{\"@type\":\"ImageObject\",\"inLanguage\":\"es\",\"@id\":\"https:\/\/pagina10.com\/web\/registrador-nacional-del-estado-civil-rechaza-atentado-contra-registradora-municipal-de-san-pablo-narino\/#primaryimage\",\"url\":\"https:\/\/pagina10.com\/web\/wp-content\/uploads\/2020\/12\/Captura-de-Pantalla-2020-12-13-a-las-12.40.15-p.-m..png\",\"contentUrl\":\"https:\/\/pagina10.com\/web\/wp-content\/uploads\/2020\/12\/Captura-de-Pantalla-2020-12-13-a-las-12.40.15-p.-m..png\",\"width\":853,\"height\":466},{\"@type\":\"BreadcrumbList\",\"@id\":\"https:\/\/pagina10.com\/web\/registrador-nacional-del-estado-civil-rechaza-atentado-contra-registradora-municipal-de-san-pablo-narino\/#breadcrumb\",\"itemListElement\":[{\"@type\":\"ListItem\",\"position\":1,\"name\":\"Portada\",\"item\":\"https:\/\/pagina10.com\/web\/\"},{\"@type\":\"ListItem\",\"position\":2,\"name\":\"Registrador nacional del Estado Civil rechaza atentado contra registradora municipal de San Pablo, Nari\u00f1o.\"}]},{\"@type\":\"WebSite\",\"@id\":\"https:\/\/pagina10.com\/web\/#website\",\"url\":\"https:\/\/pagina10.com\/web\/\",\"name\":\"P\u00e1gina10\",\"description\":\"Peri\u00f3dico Regional\",\"publisher\":{\"@id\":\"https:\/\/pagina10.com\/web\/#organization\"},\"alternateName\":\"P\u00e1gina10 Peri\u00f3dico Regional\",\"potentialAction\":[{\"@type\":\"SearchAction\",\"target\":{\"@type\":\"EntryPoint\",\"urlTemplate\":\"https:\/\/pagina10.com\/web\/?s={search_term_string}\"},\"query-input\":{\"@type\":\"PropertyValueSpecification\",\"valueRequired\":true,\"valueName\":\"search_term_string\"}}],\"inLanguage\":\"es\"},{\"@type\":\"Organization\",\"@id\":\"https:\/\/pagina10.com\/web\/#organization\",\"name\":\"P\u00e1gina10\",\"alternateName\":\"P\u00e1gina10 Peri\u00f3dico Regional\",\"url\":\"https:\/\/pagina10.com\/web\/\",\"logo\":{\"@type\":\"ImageObject\",\"inLanguage\":\"es\",\"@id\":\"https:\/\/pagina10.com\/web\/#\/schema\/logo\/image\/\",\"url\":\"https:\/\/pagina10.com\/web\/wp-content\/uploads\/2024\/01\/40-pagina-10-periodico-regional-pasto.jpg\",\"contentUrl\":\"https:\/\/pagina10.com\/web\/wp-content\/uploads\/2024\/01\/40-pagina-10-periodico-regional-pasto.jpg\",\"width\":1280,\"height\":720,\"caption\":\"P\u00e1gina10\"},\"image\":{\"@id\":\"https:\/\/pagina10.com\/web\/#\/schema\/logo\/image\/\"},\"sameAs\":[\"https:\/\/www.facebook.com\/pag10com\",\"https:\/\/x.com\/Pag10com\",\"https:\/\/www.instagram.com\/pagina10col\/\",\"https:\/\/youtube.com\/channel\/pag10\",\"https:\/\/www.tiktok.com\/@p10col\"]},{\"@type\":\"Person\",\"@id\":\"https:\/\/pagina10.com\/web\/#\/schema\/person\/2efc4a090d25b667d3bc796798a3a81b\",\"name\":\"P\u00e1gina 10\",\"description\":\"P\u00e1gina 10 es un peri\u00f3dico regional que nace en Colombia, en el departamento de Nari\u00f1o, con un enfoque global, fundamentado en cuatro pilares esenciales: la libertad, el pluralismo, la inclusi\u00f3n y la independencia. P\u00e1gina 10 hace referencia a Nari\u00f1o como el d\u00e9cimo departamento creado en Colombia, despu\u00e9s de un proceso pol\u00edtico liderado por actores y actrices regionales con el fin de obtener la independencia y autonom\u00eda de nuestros territorios. Con la creaci\u00f3n de P\u00e1gina 10 se pretende abrir un escenario para el dialogo, la reflexi\u00f3n y el debate que se extienda a otras geograf\u00edas de Am\u00e9rica Latina y del planeta, en una apuesta por transformar colectivamente los desaf\u00edos de un mundo contempor\u00e1neo, m\u00e1s all\u00e1 de las fronteras impuestas.\",\"url\":\"https:\/\/pagina10.com\/web\/author\/pdiezadmin\/\"}]}<\/script>\n<!-- \/ Yoast SEO plugin. -->","yoast_head_json":{"title":"Registrador nacional del Estado Civil rechaza atentado contra registradora municipal de San Pablo, Nari\u00f1o. | P\u00e1gina10","robots":{"index":"index","follow":"follow","max-snippet":"max-snippet:-1","max-image-preview":"max-image-preview:large","max-video-preview":"max-video-preview:-1"},"canonical":"https:\/\/pagina10.com\/web\/registrador-nacional-del-estado-civil-rechaza-atentado-contra-registradora-municipal-de-san-pablo-narino\/","og_locale":"es_ES","og_type":"article","og_title":"Registrador nacional del Estado Civil rechaza atentado contra registradora municipal de San Pablo, Nari\u00f1o. | P\u00e1gina10","og_description":"El registrador nacional del Estado Civil, Alexander Vega Rocha, rechaz\u00f3 de manera vehemente el ataque del que fue v\u00edctima la registradora municipal de San Pablo, Nari\u00f1o, Carol Coral. \u201cLamentamos confirmar que en la tarde de este viernes nuestra registradora de San Pablo en el departamento de Nari\u00f1o fue atacada con arma de fuego. Como registrador [&hellip;]","og_url":"https:\/\/pagina10.com\/web\/registrador-nacional-del-estado-civil-rechaza-atentado-contra-registradora-municipal-de-san-pablo-narino\/","og_site_name":"P\u00e1gina10","article_publisher":"https:\/\/www.facebook.com\/pag10com","article_published_time":"2020-12-13T17:40:43+00:00","og_image":[{"width":853,"height":466,"url":"https:\/\/pagina10.com\/web\/wp-content\/uploads\/2020\/12\/Captura-de-Pantalla-2020-12-13-a-las-12.40.15-p.-m..png","type":"image\/png"}],"author":"P\u00e1gina 10","twitter_card":"summary_large_image","twitter_creator":"@Pag10com","twitter_site":"@Pag10com","twitter_misc":{"Escrito por":"P\u00e1gina 10","Tiempo de lectura":"1 minuto"},"schema":{"@context":"https:\/\/schema.org","@graph":[{"@type":"Article","@id":"https:\/\/pagina10.com\/web\/registrador-nacional-del-estado-civil-rechaza-atentado-contra-registradora-municipal-de-san-pablo-narino\/#article","isPartOf":{"@id":"https:\/\/pagina10.com\/web\/registrador-nacional-del-estado-civil-rechaza-atentado-contra-registradora-municipal-de-san-pablo-narino\/"},"author":{"name":"P\u00e1gina 10","@id":"https:\/\/pagina10.com\/web\/#\/schema\/person\/2efc4a090d25b667d3bc796798a3a81b"},"headline":"Registrador nacional del Estado Civil rechaza atentado contra registradora municipal de San Pablo, Nari\u00f1o.","datePublished":"2020-12-13T17:40:43+00:00","mainEntityOfPage":{"@id":"https:\/\/pagina10.com\/web\/registrador-nacional-del-estado-civil-rechaza-atentado-contra-registradora-municipal-de-san-pablo-narino\/"},"wordCount":220,"commentCount":0,"publisher":{"@id":"https:\/\/pagina10.com\/web\/#organization"},"image":{"@id":"https:\/\/pagina10.com\/web\/registrador-nacional-del-estado-civil-rechaza-atentado-contra-registradora-municipal-de-san-pablo-narino\/#primaryimage"},"thumbnailUrl":"https:\/\/pagina10.com\/web\/wp-content\/uploads\/2020\/12\/Captura-de-Pantalla-2020-12-13-a-las-12.40.15-p.-m..png","articleSection":["Regiones"],"inLanguage":"es","potentialAction":[{"@type":"CommentAction","name":"Comment","target":["https:\/\/pagina10.com\/web\/registrador-nacional-del-estado-civil-rechaza-atentado-contra-registradora-municipal-de-san-pablo-narino\/#respond"]}]},{"@type":"WebPage","@id":"https:\/\/pagina10.com\/web\/registrador-nacional-del-estado-civil-rechaza-atentado-contra-registradora-municipal-de-san-pablo-narino\/","url":"https:\/\/pagina10.com\/web\/registrador-nacional-del-estado-civil-rechaza-atentado-contra-registradora-municipal-de-san-pablo-narino\/","name":"Registrador nacional del Estado Civil rechaza atentado contra registradora municipal de San Pablo, Nari\u00f1o. | P\u00e1gina10","isPartOf":{"@id":"https:\/\/pagina10.com\/web\/#website"},"primaryImageOfPage":{"@id":"https:\/\/pagina10.com\/web\/registrador-nacional-del-estado-civil-rechaza-atentado-contra-registradora-municipal-de-san-pablo-narino\/#primaryimage"},"image":{"@id":"https:\/\/pagina10.com\/web\/registrador-nacional-del-estado-civil-rechaza-atentado-contra-registradora-municipal-de-san-pablo-narino\/#primaryimage"},"thumbnailUrl":"https:\/\/pagina10.com\/web\/wp-content\/uploads\/2020\/12\/Captura-de-Pantalla-2020-12-13-a-las-12.40.15-p.-m..png","datePublished":"2020-12-13T17:40:43+00:00","breadcrumb":{"@id":"https:\/\/pagina10.com\/web\/registrador-nacional-del-estado-civil-rechaza-atentado-contra-registradora-municipal-de-san-pablo-narino\/#breadcrumb"},"inLanguage":"es","potentialAction":[{"@type":"ReadAction","target":["https:\/\/pagina10.com\/web\/registrador-nacional-del-estado-civil-rechaza-atentado-contra-registradora-municipal-de-san-pablo-narino\/"]}]},{"@type":"ImageObject","inLanguage":"es","@id":"https:\/\/pagina10.com\/web\/registrador-nacional-del-estado-civil-rechaza-atentado-contra-registradora-municipal-de-san-pablo-narino\/#primaryimage","url":"https:\/\/pagina10.com\/web\/wp-content\/uploads\/2020\/12\/Captura-de-Pantalla-2020-12-13-a-las-12.40.15-p.-m..png","contentUrl":"https:\/\/pagina10.com\/web\/wp-content\/uploads\/2020\/12\/Captura-de-Pantalla-2020-12-13-a-las-12.40.15-p.-m..png","width":853,"height":466},{"@type":"BreadcrumbList","@id":"https:\/\/pagina10.com\/web\/registrador-nacional-del-estado-civil-rechaza-atentado-contra-registradora-municipal-de-san-pablo-narino\/#breadcrumb","itemListElement":[{"@type":"ListItem","position":1,"name":"Portada","item":"https:\/\/pagina10.com\/web\/"},{"@type":"ListItem","position":2,"name":"Registrador nacional del Estado Civil rechaza atentado contra registradora municipal de San Pablo, Nari\u00f1o."}]},{"@type":"WebSite","@id":"https:\/\/pagina10.com\/web\/#website","url":"https:\/\/pagina10.com\/web\/","name":"P\u00e1gina10","description":"Peri\u00f3dico Regional","publisher":{"@id":"https:\/\/pagina10.com\/web\/#organization"},"alternateName":"P\u00e1gina10 Peri\u00f3dico Regional","potentialAction":[{"@type":"SearchAction","target":{"@type":"EntryPoint","urlTemplate":"https:\/\/pagina10.com\/web\/?s={search_term_string}"},"query-input":{"@type":"PropertyValueSpecification","valueRequired":true,"valueName":"search_term_string"}}],"inLanguage":"es"},{"@type":"Organization","@id":"https:\/\/pagina10.com\/web\/#organization","name":"P\u00e1gina10","alternateName":"P\u00e1gina10 Peri\u00f3dico Regional","url":"https:\/\/pagina10.com\/web\/","logo":{"@type":"ImageObject","inLanguage":"es","@id":"https:\/\/pagina10.com\/web\/#\/schema\/logo\/image\/","url":"https:\/\/pagina10.com\/web\/wp-content\/uploads\/2024\/01\/40-pagina-10-periodico-regional-pasto.jpg","contentUrl":"https:\/\/pagina10.com\/web\/wp-content\/uploads\/2024\/01\/40-pagina-10-periodico-regional-pasto.jpg","width":1280,"height":720,"caption":"P\u00e1gina10"},"image":{"@id":"https:\/\/pagina10.com\/web\/#\/schema\/logo\/image\/"},"sameAs":["https:\/\/www.facebook.com\/pag10com","https:\/\/x.com\/Pag10com","https:\/\/www.instagram.com\/pagina10col\/","https:\/\/youtube.com\/channel\/pag10","https:\/\/www.tiktok.com\/@p10col"]},{"@type":"Person","@id":"https:\/\/pagina10.com\/web\/#\/schema\/person\/2efc4a090d25b667d3bc796798a3a81b","name":"P\u00e1gina 10","description":"P\u00e1gina 10 es un peri\u00f3dico regional que nace en Colombia, en el departamento de Nari\u00f1o, con un enfoque global, fundamentado en cuatro pilares esenciales: la libertad, el pluralismo, la inclusi\u00f3n y la independencia. P\u00e1gina 10 hace referencia a Nari\u00f1o como el d\u00e9cimo departamento creado en Colombia, despu\u00e9s de un proceso pol\u00edtico liderado por actores y actrices regionales con el fin de obtener la independencia y autonom\u00eda de nuestros territorios. Con la creaci\u00f3n de P\u00e1gina 10 se pretende abrir un escenario para el dialogo, la reflexi\u00f3n y el debate que se extienda a otras geograf\u00edas de Am\u00e9rica Latina y del planeta, en una apuesta por transformar colectivamente los desaf\u00edos de un mundo contempor\u00e1neo, m\u00e1s all\u00e1 de las fronteras impuestas.","url":"https:\/\/pagina10.com\/web\/author\/pdiezadmin\/"}]}},"_links":{"self":[{"href":"https:\/\/pagina10.com\/web\/wp-json\/wp\/v2\/posts\/49308","targetHints":{"allow":["GET"]}}],"collection":[{"href":"https:\/\/pagina10.com\/web\/wp-json\/wp\/v2\/posts"}],"about":[{"href":"https:\/\/pagina10.com\/web\/wp-json\/wp\/v2\/types\/post"}],"author":[{"embeddable":true,"href":"https:\/\/pagina10.com\/web\/wp-json\/wp\/v2\/users\/1"}],"replies":[{"embeddable":true,"href":"https:\/\/pagina10.com\/web\/wp-json\/wp\/v2\/comments?post=49308"}],"version-history":[{"count":1,"href":"https:\/\/pagina10.com\/web\/wp-json\/wp\/v2\/posts\/49308\/revisions"}],"predecessor-version":[{"id":49310,"href":"https:\/\/pagina10.com\/web\/wp-json\/wp\/v2\/posts\/49308\/revisions\/49310"}],"wp:featuredmedia":[{"embeddable":true,"href":"https:\/\/pagina10.com\/web\/wp-json\/wp\/v2\/media\/49309"}],"wp:attachment":[{"href":"https:\/\/pagina10.com\/web\/wp-json\/wp\/v2\/media?parent=49308"}],"wp:term":[{"taxonomy":"category","embeddable":true,"href":"https:\/\/pagina10.com\/web\/wp-json\/wp\/v2\/categories?post=49308"},{"taxonomy":"post_tag","embeddable":true,"href":"https:\/\/pagina10.com\/web\/wp-json\/wp\/v2\/tags?post=49308"}],"curies":[{"name":"wp","href":"https:\/\/api.w.org\/{rel}","templated":true}]}}