{"id":49397,"date":"2020-12-17T10:52:41","date_gmt":"2020-12-17T15:52:41","guid":{"rendered":"https:\/\/pagina10.com\/web\/?p=49397"},"modified":"2020-12-17T10:52:41","modified_gmt":"2020-12-17T15:52:41","slug":"narino-presente-en-la-primera-cumbre-nacional-de-gobierno-y-sector-religioso","status":"publish","type":"post","link":"https:\/\/pagina10.com\/web\/narino-presente-en-la-primera-cumbre-nacional-de-gobierno-y-sector-religioso\/","title":{"rendered":"Nari\u00f1o presente en la primera \u2018Cumbre Nacional de Gobierno y Sector Religioso\u2019"},"content":{"rendered":"<p style=\"text-align: justify;\">En la ciudad de Cali, Valle del Cauca, se cumpli\u00f3 este importante espacio de di\u00e1logo en el que Nari\u00f1o ratific\u00f3 el \u00b4Pacto Departamental para la Garant\u00eda y Goce Efectivo del Ejercicio del Derecho y la Libertad Religiosa\u00b4.<\/p>\n<p style=\"text-align: justify;\">Este importante encuentro nacional se desarroll\u00f3 con el fin de abordar tem\u00e1ticas relacionadas con los avances y retos para la garant\u00eda de la libertad religiosa en los departamentos, sus desaf\u00edos y el compromiso de ratificar el \u00b4Pacto Departamental \u0301.<\/p>\n<div style=\"text-align: justify;\">\nEl Subsecretario de Paz y Derechos Humanos de Nari\u00f1o, Am\u00edlcar Pantoja, explic\u00f3 que: \u201cDurante esta cumbre se evaluaron los compromisos de la implementaci\u00f3n de la Pol\u00edtica P\u00fablica de Libertad de Cultos y Libertad Religiosa y la Gobernaci\u00f3n de Nari\u00f1o ratific\u00f3 el compromiso que se tiene en este tema tan importante para el Departamento\u201d.<\/div>\n<div style=\"text-align: justify;\">\nPor su parte, M\u00f3nica Donoso, Enlace Departamental de Asuntos Religiosos en Nari\u00f1o, destac\u00f3 el compromiso de los Gobiernos Departamental y Nacional con este sector e invit\u00f3 a sus l\u00edderes y representantes para que se vinculen a los procesos que se adelantan en nuestro Departamento.<\/div>\n<div style=\"text-align: justify;\">\nEs de resaltar que uno de los principales avances en materia de libertad religiosa y\u00a0de cultos en Nari\u00f1o es el reconocimiento institucional mediante el Decreto 395 del 22 de agosto de 2018, por medio del cual se crea la Mesa Departamental del Sector Religioso y se dictan otras disposiciones: \u201cLa Creaci\u00f3n de la Mesa Departamental como la instancia departamental para apoyar, fortalecer y desarrollar acciones para la implementaci\u00f3n de la Pol\u00edtica P\u00fablica integral de la libertad religiosa y de cultos en el Departamento de Nari\u00f1o, cuyo objeto es abordar el estudio de la materializaci\u00f3n de los derechos fundamentales de libertad religiosa, de cultos y de consciencia.\u201d<\/div>\n","protected":false},"excerpt":{"rendered":"<p>En la ciudad de Cali, Valle del Cauca, se cumpli\u00f3 este importante espacio de di\u00e1logo en el que Nari\u00f1o ratific\u00f3 el \u00b4Pacto Departamental para la Garant\u00eda y Goce Efectivo del Ejercicio del Derecho y la Libertad Religiosa\u00b4. Este importante encuentro nacional se desarroll\u00f3 con el fin de abordar tem\u00e1ticas relacionadas con los avances y retos [&hellip;]<\/p>\n","protected":false},"author":1,"featured_media":49398,"comment_status":"open","ping_status":"open","sticky":false,"template":"","format":"standard","meta":{"footnotes":""},"categories":[53],"tags":[],"class_list":["post-49397","post","type-post","status-publish","format-standard","has-post-thumbnail","hentry","category-regiones"],"yoast_head":"<!-- This site is optimized with the Yoast SEO plugin v27.1.1 - https:\/\/yoast.com\/product\/yoast-seo-wordpress\/ -->\n<title>Nari\u00f1o presente en la primera \u2018Cumbre Nacional de Gobierno y Sector Religioso\u2019 | P\u00e1gina10<\/title>\n<meta name=\"robots\" content=\"index, follow, max-snippet:-1, max-image-preview:large, max-video-preview:-1\" \/>\n<link rel=\"canonical\" href=\"https:\/\/pagina10.com\/web\/narino-presente-en-la-primera-cumbre-nacional-de-gobierno-y-sector-religioso\/\" \/>\n<meta property=\"og:locale\" content=\"es_ES\" \/>\n<meta property=\"og:type\" content=\"article\" \/>\n<meta property=\"og:title\" content=\"Nari\u00f1o presente en la primera \u2018Cumbre Nacional de Gobierno y Sector Religioso\u2019 | P\u00e1gina10\" \/>\n<meta property=\"og:description\" content=\"En la ciudad de Cali, Valle del Cauca, se cumpli\u00f3 este importante espacio de di\u00e1logo en el que Nari\u00f1o ratific\u00f3 el \u00b4Pacto Departamental para la Garant\u00eda y Goce Efectivo del Ejercicio del Derecho y la Libertad Religiosa\u00b4. Este importante encuentro nacional se desarroll\u00f3 con el fin de abordar tem\u00e1ticas relacionadas con los avances y retos [&hellip;]\" \/>\n<meta property=\"og:url\" content=\"https:\/\/pagina10.com\/web\/narino-presente-en-la-primera-cumbre-nacional-de-gobierno-y-sector-religioso\/\" \/>\n<meta property=\"og:site_name\" content=\"P\u00e1gina10\" \/>\n<meta property=\"article:publisher\" content=\"https:\/\/www.facebook.com\/pag10com\" \/>\n<meta property=\"article:published_time\" content=\"2020-12-17T15:52:41+00:00\" \/>\n<meta property=\"og:image\" content=\"https:\/\/pagina10.com\/web\/wp-content\/uploads\/2020\/12\/Captura-de-Pantalla-2020-12-17-a-las-10.51.51-a.-m..png\" \/>\n\t<meta property=\"og:image:width\" content=\"577\" \/>\n\t<meta property=\"og:image:height\" content=\"274\" \/>\n\t<meta property=\"og:image:type\" content=\"image\/png\" \/>\n<meta name=\"author\" content=\"P\u00e1gina 10\" \/>\n<meta name=\"twitter:card\" content=\"summary_large_image\" \/>\n<meta name=\"twitter:creator\" content=\"@Pag10com\" \/>\n<meta name=\"twitter:site\" content=\"@Pag10com\" \/>\n<meta name=\"twitter:label1\" content=\"Escrito por\" \/>\n\t<meta name=\"twitter:data1\" content=\"P\u00e1gina 10\" \/>\n\t<meta name=\"twitter:label2\" content=\"Tiempo de lectura\" \/>\n\t<meta name=\"twitter:data2\" content=\"1 minuto\" \/>\n<script type=\"application\/ld+json\" class=\"yoast-schema-graph\">{\"@context\":\"https:\/\/schema.org\",\"@graph\":[{\"@type\":\"Article\",\"@id\":\"https:\/\/pagina10.com\/web\/narino-presente-en-la-primera-cumbre-nacional-de-gobierno-y-sector-religioso\/#article\",\"isPartOf\":{\"@id\":\"https:\/\/pagina10.com\/web\/narino-presente-en-la-primera-cumbre-nacional-de-gobierno-y-sector-religioso\/\"},\"author\":{\"name\":\"P\u00e1gina 10\",\"@id\":\"https:\/\/pagina10.com\/web\/#\/schema\/person\/2efc4a090d25b667d3bc796798a3a81b\"},\"headline\":\"Nari\u00f1o presente en la primera \u2018Cumbre Nacional de Gobierno y Sector Religioso\u2019\",\"datePublished\":\"2020-12-17T15:52:41+00:00\",\"mainEntityOfPage\":{\"@id\":\"https:\/\/pagina10.com\/web\/narino-presente-en-la-primera-cumbre-nacional-de-gobierno-y-sector-religioso\/\"},\"wordCount\":312,\"commentCount\":0,\"publisher\":{\"@id\":\"https:\/\/pagina10.com\/web\/#organization\"},\"image\":{\"@id\":\"https:\/\/pagina10.com\/web\/narino-presente-en-la-primera-cumbre-nacional-de-gobierno-y-sector-religioso\/#primaryimage\"},\"thumbnailUrl\":\"https:\/\/pagina10.com\/web\/wp-content\/uploads\/2020\/12\/Captura-de-Pantalla-2020-12-17-a-las-10.51.51-a.-m..png\",\"articleSection\":[\"Regiones\"],\"inLanguage\":\"es\",\"potentialAction\":[{\"@type\":\"CommentAction\",\"name\":\"Comment\",\"target\":[\"https:\/\/pagina10.com\/web\/narino-presente-en-la-primera-cumbre-nacional-de-gobierno-y-sector-religioso\/#respond\"]}]},{\"@type\":\"WebPage\",\"@id\":\"https:\/\/pagina10.com\/web\/narino-presente-en-la-primera-cumbre-nacional-de-gobierno-y-sector-religioso\/\",\"url\":\"https:\/\/pagina10.com\/web\/narino-presente-en-la-primera-cumbre-nacional-de-gobierno-y-sector-religioso\/\",\"name\":\"Nari\u00f1o presente en la primera \u2018Cumbre Nacional de Gobierno y Sector Religioso\u2019 | P\u00e1gina10\",\"isPartOf\":{\"@id\":\"https:\/\/pagina10.com\/web\/#website\"},\"primaryImageOfPage\":{\"@id\":\"https:\/\/pagina10.com\/web\/narino-presente-en-la-primera-cumbre-nacional-de-gobierno-y-sector-religioso\/#primaryimage\"},\"image\":{\"@id\":\"https:\/\/pagina10.com\/web\/narino-presente-en-la-primera-cumbre-nacional-de-gobierno-y-sector-religioso\/#primaryimage\"},\"thumbnailUrl\":\"https:\/\/pagina10.com\/web\/wp-content\/uploads\/2020\/12\/Captura-de-Pantalla-2020-12-17-a-las-10.51.51-a.-m..png\",\"datePublished\":\"2020-12-17T15:52:41+00:00\",\"breadcrumb\":{\"@id\":\"https:\/\/pagina10.com\/web\/narino-presente-en-la-primera-cumbre-nacional-de-gobierno-y-sector-religioso\/#breadcrumb\"},\"inLanguage\":\"es\",\"potentialAction\":[{\"@type\":\"ReadAction\",\"target\":[\"https:\/\/pagina10.com\/web\/narino-presente-en-la-primera-cumbre-nacional-de-gobierno-y-sector-religioso\/\"]}]},{\"@type\":\"ImageObject\",\"inLanguage\":\"es\",\"@id\":\"https:\/\/pagina10.com\/web\/narino-presente-en-la-primera-cumbre-nacional-de-gobierno-y-sector-religioso\/#primaryimage\",\"url\":\"https:\/\/pagina10.com\/web\/wp-content\/uploads\/2020\/12\/Captura-de-Pantalla-2020-12-17-a-las-10.51.51-a.-m..png\",\"contentUrl\":\"https:\/\/pagina10.com\/web\/wp-content\/uploads\/2020\/12\/Captura-de-Pantalla-2020-12-17-a-las-10.51.51-a.-m..png\",\"width\":577,\"height\":274},{\"@type\":\"BreadcrumbList\",\"@id\":\"https:\/\/pagina10.com\/web\/narino-presente-en-la-primera-cumbre-nacional-de-gobierno-y-sector-religioso\/#breadcrumb\",\"itemListElement\":[{\"@type\":\"ListItem\",\"position\":1,\"name\":\"Portada\",\"item\":\"https:\/\/pagina10.com\/web\/\"},{\"@type\":\"ListItem\",\"position\":2,\"name\":\"Nari\u00f1o presente en la primera \u2018Cumbre Nacional de Gobierno y Sector Religioso\u2019\"}]},{\"@type\":\"WebSite\",\"@id\":\"https:\/\/pagina10.com\/web\/#website\",\"url\":\"https:\/\/pagina10.com\/web\/\",\"name\":\"P\u00e1gina10\",\"description\":\"Peri\u00f3dico Regional\",\"publisher\":{\"@id\":\"https:\/\/pagina10.com\/web\/#organization\"},\"alternateName\":\"P\u00e1gina10 Peri\u00f3dico Regional\",\"potentialAction\":[{\"@type\":\"SearchAction\",\"target\":{\"@type\":\"EntryPoint\",\"urlTemplate\":\"https:\/\/pagina10.com\/web\/?s={search_term_string}\"},\"query-input\":{\"@type\":\"PropertyValueSpecification\",\"valueRequired\":true,\"valueName\":\"search_term_string\"}}],\"inLanguage\":\"es\"},{\"@type\":\"Organization\",\"@id\":\"https:\/\/pagina10.com\/web\/#organization\",\"name\":\"P\u00e1gina10\",\"alternateName\":\"P\u00e1gina10 Peri\u00f3dico Regional\",\"url\":\"https:\/\/pagina10.com\/web\/\",\"logo\":{\"@type\":\"ImageObject\",\"inLanguage\":\"es\",\"@id\":\"https:\/\/pagina10.com\/web\/#\/schema\/logo\/image\/\",\"url\":\"https:\/\/pagina10.com\/web\/wp-content\/uploads\/2024\/01\/40-pagina-10-periodico-regional-pasto.jpg\",\"contentUrl\":\"https:\/\/pagina10.com\/web\/wp-content\/uploads\/2024\/01\/40-pagina-10-periodico-regional-pasto.jpg\",\"width\":1280,\"height\":720,\"caption\":\"P\u00e1gina10\"},\"image\":{\"@id\":\"https:\/\/pagina10.com\/web\/#\/schema\/logo\/image\/\"},\"sameAs\":[\"https:\/\/www.facebook.com\/pag10com\",\"https:\/\/x.com\/Pag10com\",\"https:\/\/www.instagram.com\/pagina10col\/\",\"https:\/\/youtube.com\/channel\/pag10\",\"https:\/\/www.tiktok.com\/@p10col\"]},{\"@type\":\"Person\",\"@id\":\"https:\/\/pagina10.com\/web\/#\/schema\/person\/2efc4a090d25b667d3bc796798a3a81b\",\"name\":\"P\u00e1gina 10\",\"description\":\"P\u00e1gina 10 es un peri\u00f3dico regional que nace en Colombia, en el departamento de Nari\u00f1o, con un enfoque global, fundamentado en cuatro pilares esenciales: la libertad, el pluralismo, la inclusi\u00f3n y la independencia. P\u00e1gina 10 hace referencia a Nari\u00f1o como el d\u00e9cimo departamento creado en Colombia, despu\u00e9s de un proceso pol\u00edtico liderado por actores y actrices regionales con el fin de obtener la independencia y autonom\u00eda de nuestros territorios. Con la creaci\u00f3n de P\u00e1gina 10 se pretende abrir un escenario para el dialogo, la reflexi\u00f3n y el debate que se extienda a otras geograf\u00edas de Am\u00e9rica Latina y del planeta, en una apuesta por transformar colectivamente los desaf\u00edos de un mundo contempor\u00e1neo, m\u00e1s all\u00e1 de las fronteras impuestas.\",\"url\":\"https:\/\/pagina10.com\/web\/author\/pdiezadmin\/\"}]}<\/script>\n<!-- \/ Yoast SEO plugin. -->","yoast_head_json":{"title":"Nari\u00f1o presente en la primera \u2018Cumbre Nacional de Gobierno y Sector Religioso\u2019 | P\u00e1gina10","robots":{"index":"index","follow":"follow","max-snippet":"max-snippet:-1","max-image-preview":"max-image-preview:large","max-video-preview":"max-video-preview:-1"},"canonical":"https:\/\/pagina10.com\/web\/narino-presente-en-la-primera-cumbre-nacional-de-gobierno-y-sector-religioso\/","og_locale":"es_ES","og_type":"article","og_title":"Nari\u00f1o presente en la primera \u2018Cumbre Nacional de Gobierno y Sector Religioso\u2019 | P\u00e1gina10","og_description":"En la ciudad de Cali, Valle del Cauca, se cumpli\u00f3 este importante espacio de di\u00e1logo en el que Nari\u00f1o ratific\u00f3 el \u00b4Pacto Departamental para la Garant\u00eda y Goce Efectivo del Ejercicio del Derecho y la Libertad Religiosa\u00b4. Este importante encuentro nacional se desarroll\u00f3 con el fin de abordar tem\u00e1ticas relacionadas con los avances y retos [&hellip;]","og_url":"https:\/\/pagina10.com\/web\/narino-presente-en-la-primera-cumbre-nacional-de-gobierno-y-sector-religioso\/","og_site_name":"P\u00e1gina10","article_publisher":"https:\/\/www.facebook.com\/pag10com","article_published_time":"2020-12-17T15:52:41+00:00","og_image":[{"width":577,"height":274,"url":"https:\/\/pagina10.com\/web\/wp-content\/uploads\/2020\/12\/Captura-de-Pantalla-2020-12-17-a-las-10.51.51-a.-m..png","type":"image\/png"}],"author":"P\u00e1gina 10","twitter_card":"summary_large_image","twitter_creator":"@Pag10com","twitter_site":"@Pag10com","twitter_misc":{"Escrito por":"P\u00e1gina 10","Tiempo de lectura":"1 minuto"},"schema":{"@context":"https:\/\/schema.org","@graph":[{"@type":"Article","@id":"https:\/\/pagina10.com\/web\/narino-presente-en-la-primera-cumbre-nacional-de-gobierno-y-sector-religioso\/#article","isPartOf":{"@id":"https:\/\/pagina10.com\/web\/narino-presente-en-la-primera-cumbre-nacional-de-gobierno-y-sector-religioso\/"},"author":{"name":"P\u00e1gina 10","@id":"https:\/\/pagina10.com\/web\/#\/schema\/person\/2efc4a090d25b667d3bc796798a3a81b"},"headline":"Nari\u00f1o presente en la primera \u2018Cumbre Nacional de Gobierno y Sector Religioso\u2019","datePublished":"2020-12-17T15:52:41+00:00","mainEntityOfPage":{"@id":"https:\/\/pagina10.com\/web\/narino-presente-en-la-primera-cumbre-nacional-de-gobierno-y-sector-religioso\/"},"wordCount":312,"commentCount":0,"publisher":{"@id":"https:\/\/pagina10.com\/web\/#organization"},"image":{"@id":"https:\/\/pagina10.com\/web\/narino-presente-en-la-primera-cumbre-nacional-de-gobierno-y-sector-religioso\/#primaryimage"},"thumbnailUrl":"https:\/\/pagina10.com\/web\/wp-content\/uploads\/2020\/12\/Captura-de-Pantalla-2020-12-17-a-las-10.51.51-a.-m..png","articleSection":["Regiones"],"inLanguage":"es","potentialAction":[{"@type":"CommentAction","name":"Comment","target":["https:\/\/pagina10.com\/web\/narino-presente-en-la-primera-cumbre-nacional-de-gobierno-y-sector-religioso\/#respond"]}]},{"@type":"WebPage","@id":"https:\/\/pagina10.com\/web\/narino-presente-en-la-primera-cumbre-nacional-de-gobierno-y-sector-religioso\/","url":"https:\/\/pagina10.com\/web\/narino-presente-en-la-primera-cumbre-nacional-de-gobierno-y-sector-religioso\/","name":"Nari\u00f1o presente en la primera \u2018Cumbre Nacional de Gobierno y Sector Religioso\u2019 | P\u00e1gina10","isPartOf":{"@id":"https:\/\/pagina10.com\/web\/#website"},"primaryImageOfPage":{"@id":"https:\/\/pagina10.com\/web\/narino-presente-en-la-primera-cumbre-nacional-de-gobierno-y-sector-religioso\/#primaryimage"},"image":{"@id":"https:\/\/pagina10.com\/web\/narino-presente-en-la-primera-cumbre-nacional-de-gobierno-y-sector-religioso\/#primaryimage"},"thumbnailUrl":"https:\/\/pagina10.com\/web\/wp-content\/uploads\/2020\/12\/Captura-de-Pantalla-2020-12-17-a-las-10.51.51-a.-m..png","datePublished":"2020-12-17T15:52:41+00:00","breadcrumb":{"@id":"https:\/\/pagina10.com\/web\/narino-presente-en-la-primera-cumbre-nacional-de-gobierno-y-sector-religioso\/#breadcrumb"},"inLanguage":"es","potentialAction":[{"@type":"ReadAction","target":["https:\/\/pagina10.com\/web\/narino-presente-en-la-primera-cumbre-nacional-de-gobierno-y-sector-religioso\/"]}]},{"@type":"ImageObject","inLanguage":"es","@id":"https:\/\/pagina10.com\/web\/narino-presente-en-la-primera-cumbre-nacional-de-gobierno-y-sector-religioso\/#primaryimage","url":"https:\/\/pagina10.com\/web\/wp-content\/uploads\/2020\/12\/Captura-de-Pantalla-2020-12-17-a-las-10.51.51-a.-m..png","contentUrl":"https:\/\/pagina10.com\/web\/wp-content\/uploads\/2020\/12\/Captura-de-Pantalla-2020-12-17-a-las-10.51.51-a.-m..png","width":577,"height":274},{"@type":"BreadcrumbList","@id":"https:\/\/pagina10.com\/web\/narino-presente-en-la-primera-cumbre-nacional-de-gobierno-y-sector-religioso\/#breadcrumb","itemListElement":[{"@type":"ListItem","position":1,"name":"Portada","item":"https:\/\/pagina10.com\/web\/"},{"@type":"ListItem","position":2,"name":"Nari\u00f1o presente en la primera \u2018Cumbre Nacional de Gobierno y Sector Religioso\u2019"}]},{"@type":"WebSite","@id":"https:\/\/pagina10.com\/web\/#website","url":"https:\/\/pagina10.com\/web\/","name":"P\u00e1gina10","description":"Peri\u00f3dico Regional","publisher":{"@id":"https:\/\/pagina10.com\/web\/#organization"},"alternateName":"P\u00e1gina10 Peri\u00f3dico Regional","potentialAction":[{"@type":"SearchAction","target":{"@type":"EntryPoint","urlTemplate":"https:\/\/pagina10.com\/web\/?s={search_term_string}"},"query-input":{"@type":"PropertyValueSpecification","valueRequired":true,"valueName":"search_term_string"}}],"inLanguage":"es"},{"@type":"Organization","@id":"https:\/\/pagina10.com\/web\/#organization","name":"P\u00e1gina10","alternateName":"P\u00e1gina10 Peri\u00f3dico Regional","url":"https:\/\/pagina10.com\/web\/","logo":{"@type":"ImageObject","inLanguage":"es","@id":"https:\/\/pagina10.com\/web\/#\/schema\/logo\/image\/","url":"https:\/\/pagina10.com\/web\/wp-content\/uploads\/2024\/01\/40-pagina-10-periodico-regional-pasto.jpg","contentUrl":"https:\/\/pagina10.com\/web\/wp-content\/uploads\/2024\/01\/40-pagina-10-periodico-regional-pasto.jpg","width":1280,"height":720,"caption":"P\u00e1gina10"},"image":{"@id":"https:\/\/pagina10.com\/web\/#\/schema\/logo\/image\/"},"sameAs":["https:\/\/www.facebook.com\/pag10com","https:\/\/x.com\/Pag10com","https:\/\/www.instagram.com\/pagina10col\/","https:\/\/youtube.com\/channel\/pag10","https:\/\/www.tiktok.com\/@p10col"]},{"@type":"Person","@id":"https:\/\/pagina10.com\/web\/#\/schema\/person\/2efc4a090d25b667d3bc796798a3a81b","name":"P\u00e1gina 10","description":"P\u00e1gina 10 es un peri\u00f3dico regional que nace en Colombia, en el departamento de Nari\u00f1o, con un enfoque global, fundamentado en cuatro pilares esenciales: la libertad, el pluralismo, la inclusi\u00f3n y la independencia. P\u00e1gina 10 hace referencia a Nari\u00f1o como el d\u00e9cimo departamento creado en Colombia, despu\u00e9s de un proceso pol\u00edtico liderado por actores y actrices regionales con el fin de obtener la independencia y autonom\u00eda de nuestros territorios. Con la creaci\u00f3n de P\u00e1gina 10 se pretende abrir un escenario para el dialogo, la reflexi\u00f3n y el debate que se extienda a otras geograf\u00edas de Am\u00e9rica Latina y del planeta, en una apuesta por transformar colectivamente los desaf\u00edos de un mundo contempor\u00e1neo, m\u00e1s all\u00e1 de las fronteras impuestas.","url":"https:\/\/pagina10.com\/web\/author\/pdiezadmin\/"}]}},"_links":{"self":[{"href":"https:\/\/pagina10.com\/web\/wp-json\/wp\/v2\/posts\/49397","targetHints":{"allow":["GET"]}}],"collection":[{"href":"https:\/\/pagina10.com\/web\/wp-json\/wp\/v2\/posts"}],"about":[{"href":"https:\/\/pagina10.com\/web\/wp-json\/wp\/v2\/types\/post"}],"author":[{"embeddable":true,"href":"https:\/\/pagina10.com\/web\/wp-json\/wp\/v2\/users\/1"}],"replies":[{"embeddable":true,"href":"https:\/\/pagina10.com\/web\/wp-json\/wp\/v2\/comments?post=49397"}],"version-history":[{"count":1,"href":"https:\/\/pagina10.com\/web\/wp-json\/wp\/v2\/posts\/49397\/revisions"}],"predecessor-version":[{"id":49399,"href":"https:\/\/pagina10.com\/web\/wp-json\/wp\/v2\/posts\/49397\/revisions\/49399"}],"wp:featuredmedia":[{"embeddable":true,"href":"https:\/\/pagina10.com\/web\/wp-json\/wp\/v2\/media\/49398"}],"wp:attachment":[{"href":"https:\/\/pagina10.com\/web\/wp-json\/wp\/v2\/media?parent=49397"}],"wp:term":[{"taxonomy":"category","embeddable":true,"href":"https:\/\/pagina10.com\/web\/wp-json\/wp\/v2\/categories?post=49397"},{"taxonomy":"post_tag","embeddable":true,"href":"https:\/\/pagina10.com\/web\/wp-json\/wp\/v2\/tags?post=49397"}],"curies":[{"name":"wp","href":"https:\/\/api.w.org\/{rel}","templated":true}]}}