{"id":49411,"date":"2020-12-17T17:55:52","date_gmt":"2020-12-17T22:55:52","guid":{"rendered":"https:\/\/pagina10.com\/web\/?p=49411"},"modified":"2020-12-17T17:55:52","modified_gmt":"2020-12-17T22:55:52","slug":"14-propuestas-se-presentaron-al-concurso-de-diseno-del-logo-del-consejo-departamental-de-paz-reconciliacion-y-convivencia-de-narino","status":"publish","type":"post","link":"https:\/\/pagina10.com\/web\/14-propuestas-se-presentaron-al-concurso-de-diseno-del-logo-del-consejo-departamental-de-paz-reconciliacion-y-convivencia-de-narino\/","title":{"rendered":"14 propuestas se presentaron al concurso de dise\u00f1o del logo del Consejo Departamental de Paz, Reconciliaci\u00f3n y Convivencia de Nari\u00f1o"},"content":{"rendered":"<p style=\"text-align: justify;\">Las propuestas participantes proceden de los municipios de Cumbal, T\u00faquerres y Pasto y se pueden conocer a trav\u00e9s de la fanpage del Consejo Departamental de Paz:\u00a0<a href=\"https:\/\/n9.cl\/9btuy\" target=\"_blank\" rel=\"noopener\" data-saferedirecturl=\"https:\/\/www.google.com\/url?q=https:\/\/n9.cl\/9btuy&amp;source=gmail&amp;ust=1608320759501000&amp;usg=AFQjCNEoDh0ptRMaRRfRec4MEKhYJqD-kQ\">https:\/\/n9.cl\/9btuy<\/a><br \/>\nEl pr\u00f3ximo 21 de diciembre se conocer\u00e1 la propuesta ganadora de este concurso departamental, que tiene como finalidad la creaci\u00f3n del logo oficial del Consejo Departamental de Paz, Reconciliaci\u00f3n y Convivencia de Nari\u00f1o.<\/p>\n<div>\n\u201cFelicitamos a los autores de las catorce propuestas que se presentaron al concurso, muchas gracias por su participaci\u00f3n, estos logos son una forma de apropiar la Paz como un patrimonio de los nari\u00f1enses\u201d, manifest\u00f3 el Subsecretario de Paz y Derechos Humanos del Departamento, Am\u00edlcar Pantoja.<\/p>\n<div style=\"text-align: justify;\">\nEl jurado calificador, conformado por 1 Consejero(a) de Paz y dos dise\u00f1adores (as) de amplia trayectoria, tendr\u00e1 la responsabilidad de elegir la propuesta ganadora; la misma que deber\u00e1 expresar el sentir de un pueblo que participa en la construcci\u00f3n colectiva de caminos de paz a trav\u00e9s de escenarios participativos como el Consejo Departamental de Paz, Reconciliaci\u00f3n y Convivencia de Nari\u00f1o.<\/div>\n<div style=\"text-align: justify;\">\nDe acuerdo a las bases del concurso, el dise\u00f1o ganador ser\u00e1 publicado el d\u00eda 21 de diciembre de 2020 en la Fanpage de la Gobernaci\u00f3n de Nari\u00f1o, con los datos del ganador o ganadora, quien se har\u00e1 acreedor a la suma de 1 mill\u00f3n de pesos.<\/p>\n<p>Datos de inter\u00e9s:<br \/>\n&#8211; El Consejo Departamental de Paz, Reconciliaci\u00f3n y Convivencia de Nari\u00f1o, tiene como objetivo propender por el logro y mantenimiento de la paz, generar una cultura de reconciliaci\u00f3n, tolerancia, convivencia y no estigmatizaci\u00f3n en la transici\u00f3n al posconflicto.<\/p>\n<p>&#8211; El Consejo Departamental de Paz, fue creado el 20 noviembre de 2018, a trav\u00e9s de ordenanza 019 \u201cpor medio de la cual se crea el Consejo Departamental de Paz, Reconciliaci\u00f3n y Convivencia.<\/p>\n<p>&#8211; El Consejo Departamental de paz est\u00e1 integrado por 56 representantes del sector p\u00fablico, el sector privado y el sector social.<\/p><\/div>\n<\/div>\n","protected":false},"excerpt":{"rendered":"<p>Las propuestas participantes proceden de los municipios de Cumbal, T\u00faquerres y Pasto y se pueden conocer a trav\u00e9s de la fanpage del Consejo Departamental de Paz:\u00a0https:\/\/n9.cl\/9btuy El pr\u00f3ximo 21 de diciembre se conocer\u00e1 la propuesta ganadora de este concurso departamental, que tiene como finalidad la creaci\u00f3n del logo oficial del Consejo Departamental de Paz, Reconciliaci\u00f3n [&hellip;]<\/p>\n","protected":false},"author":1,"featured_media":49412,"comment_status":"open","ping_status":"open","sticky":false,"template":"","format":"standard","meta":{"footnotes":""},"categories":[53],"tags":[],"class_list":["post-49411","post","type-post","status-publish","format-standard","has-post-thumbnail","hentry","category-regiones"],"yoast_head":"<!-- This site is optimized with the Yoast SEO plugin v27.1.1 - https:\/\/yoast.com\/product\/yoast-seo-wordpress\/ -->\n<title>14 propuestas se presentaron al concurso de dise\u00f1o del logo del Consejo Departamental de Paz, Reconciliaci\u00f3n y Convivencia de Nari\u00f1o | P\u00e1gina10<\/title>\n<meta name=\"robots\" content=\"index, follow, max-snippet:-1, max-image-preview:large, max-video-preview:-1\" \/>\n<link rel=\"canonical\" href=\"https:\/\/pagina10.com\/web\/14-propuestas-se-presentaron-al-concurso-de-diseno-del-logo-del-consejo-departamental-de-paz-reconciliacion-y-convivencia-de-narino\/\" \/>\n<meta property=\"og:locale\" content=\"es_ES\" \/>\n<meta property=\"og:type\" content=\"article\" \/>\n<meta property=\"og:title\" content=\"14 propuestas se presentaron al concurso de dise\u00f1o del logo del Consejo Departamental de Paz, Reconciliaci\u00f3n y Convivencia de Nari\u00f1o | P\u00e1gina10\" \/>\n<meta property=\"og:description\" content=\"Las propuestas participantes proceden de los municipios de Cumbal, T\u00faquerres y Pasto y se pueden conocer a trav\u00e9s de la fanpage del Consejo Departamental de Paz:\u00a0https:\/\/n9.cl\/9btuy El pr\u00f3ximo 21 de diciembre se conocer\u00e1 la propuesta ganadora de este concurso departamental, que tiene como finalidad la creaci\u00f3n del logo oficial del Consejo Departamental de Paz, Reconciliaci\u00f3n [&hellip;]\" \/>\n<meta property=\"og:url\" content=\"https:\/\/pagina10.com\/web\/14-propuestas-se-presentaron-al-concurso-de-diseno-del-logo-del-consejo-departamental-de-paz-reconciliacion-y-convivencia-de-narino\/\" \/>\n<meta property=\"og:site_name\" content=\"P\u00e1gina10\" \/>\n<meta property=\"article:publisher\" content=\"https:\/\/www.facebook.com\/pag10com\" \/>\n<meta property=\"article:published_time\" content=\"2020-12-17T22:55:52+00:00\" \/>\n<meta property=\"og:image\" content=\"https:\/\/pagina10.com\/web\/wp-content\/uploads\/2020\/12\/Captura-de-Pantalla-2020-12-17-a-las-5.55.17-p.-m..png\" \/>\n\t<meta property=\"og:image:width\" content=\"841\" \/>\n\t<meta property=\"og:image:height\" content=\"419\" \/>\n\t<meta property=\"og:image:type\" content=\"image\/png\" \/>\n<meta name=\"author\" content=\"P\u00e1gina 10\" \/>\n<meta name=\"twitter:card\" content=\"summary_large_image\" \/>\n<meta name=\"twitter:creator\" content=\"@Pag10com\" \/>\n<meta name=\"twitter:site\" content=\"@Pag10com\" \/>\n<meta name=\"twitter:label1\" content=\"Escrito por\" \/>\n\t<meta name=\"twitter:data1\" content=\"P\u00e1gina 10\" \/>\n\t<meta name=\"twitter:label2\" content=\"Tiempo de lectura\" \/>\n\t<meta name=\"twitter:data2\" content=\"2 minutos\" \/>\n<script type=\"application\/ld+json\" class=\"yoast-schema-graph\">{\"@context\":\"https:\/\/schema.org\",\"@graph\":[{\"@type\":\"Article\",\"@id\":\"https:\/\/pagina10.com\/web\/14-propuestas-se-presentaron-al-concurso-de-diseno-del-logo-del-consejo-departamental-de-paz-reconciliacion-y-convivencia-de-narino\/#article\",\"isPartOf\":{\"@id\":\"https:\/\/pagina10.com\/web\/14-propuestas-se-presentaron-al-concurso-de-diseno-del-logo-del-consejo-departamental-de-paz-reconciliacion-y-convivencia-de-narino\/\"},\"author\":{\"name\":\"P\u00e1gina 10\",\"@id\":\"https:\/\/pagina10.com\/web\/#\/schema\/person\/2efc4a090d25b667d3bc796798a3a81b\"},\"headline\":\"14 propuestas se presentaron al concurso de dise\u00f1o del logo del Consejo Departamental de Paz, Reconciliaci\u00f3n y Convivencia de Nari\u00f1o\",\"datePublished\":\"2020-12-17T22:55:52+00:00\",\"mainEntityOfPage\":{\"@id\":\"https:\/\/pagina10.com\/web\/14-propuestas-se-presentaron-al-concurso-de-diseno-del-logo-del-consejo-departamental-de-paz-reconciliacion-y-convivencia-de-narino\/\"},\"wordCount\":351,\"commentCount\":0,\"publisher\":{\"@id\":\"https:\/\/pagina10.com\/web\/#organization\"},\"image\":{\"@id\":\"https:\/\/pagina10.com\/web\/14-propuestas-se-presentaron-al-concurso-de-diseno-del-logo-del-consejo-departamental-de-paz-reconciliacion-y-convivencia-de-narino\/#primaryimage\"},\"thumbnailUrl\":\"https:\/\/pagina10.com\/web\/wp-content\/uploads\/2020\/12\/Captura-de-Pantalla-2020-12-17-a-las-5.55.17-p.-m..png\",\"articleSection\":[\"Regiones\"],\"inLanguage\":\"es\",\"potentialAction\":[{\"@type\":\"CommentAction\",\"name\":\"Comment\",\"target\":[\"https:\/\/pagina10.com\/web\/14-propuestas-se-presentaron-al-concurso-de-diseno-del-logo-del-consejo-departamental-de-paz-reconciliacion-y-convivencia-de-narino\/#respond\"]}]},{\"@type\":\"WebPage\",\"@id\":\"https:\/\/pagina10.com\/web\/14-propuestas-se-presentaron-al-concurso-de-diseno-del-logo-del-consejo-departamental-de-paz-reconciliacion-y-convivencia-de-narino\/\",\"url\":\"https:\/\/pagina10.com\/web\/14-propuestas-se-presentaron-al-concurso-de-diseno-del-logo-del-consejo-departamental-de-paz-reconciliacion-y-convivencia-de-narino\/\",\"name\":\"14 propuestas se presentaron al concurso de dise\u00f1o del logo del Consejo Departamental de Paz, Reconciliaci\u00f3n y Convivencia de Nari\u00f1o | P\u00e1gina10\",\"isPartOf\":{\"@id\":\"https:\/\/pagina10.com\/web\/#website\"},\"primaryImageOfPage\":{\"@id\":\"https:\/\/pagina10.com\/web\/14-propuestas-se-presentaron-al-concurso-de-diseno-del-logo-del-consejo-departamental-de-paz-reconciliacion-y-convivencia-de-narino\/#primaryimage\"},\"image\":{\"@id\":\"https:\/\/pagina10.com\/web\/14-propuestas-se-presentaron-al-concurso-de-diseno-del-logo-del-consejo-departamental-de-paz-reconciliacion-y-convivencia-de-narino\/#primaryimage\"},\"thumbnailUrl\":\"https:\/\/pagina10.com\/web\/wp-content\/uploads\/2020\/12\/Captura-de-Pantalla-2020-12-17-a-las-5.55.17-p.-m..png\",\"datePublished\":\"2020-12-17T22:55:52+00:00\",\"breadcrumb\":{\"@id\":\"https:\/\/pagina10.com\/web\/14-propuestas-se-presentaron-al-concurso-de-diseno-del-logo-del-consejo-departamental-de-paz-reconciliacion-y-convivencia-de-narino\/#breadcrumb\"},\"inLanguage\":\"es\",\"potentialAction\":[{\"@type\":\"ReadAction\",\"target\":[\"https:\/\/pagina10.com\/web\/14-propuestas-se-presentaron-al-concurso-de-diseno-del-logo-del-consejo-departamental-de-paz-reconciliacion-y-convivencia-de-narino\/\"]}]},{\"@type\":\"ImageObject\",\"inLanguage\":\"es\",\"@id\":\"https:\/\/pagina10.com\/web\/14-propuestas-se-presentaron-al-concurso-de-diseno-del-logo-del-consejo-departamental-de-paz-reconciliacion-y-convivencia-de-narino\/#primaryimage\",\"url\":\"https:\/\/pagina10.com\/web\/wp-content\/uploads\/2020\/12\/Captura-de-Pantalla-2020-12-17-a-las-5.55.17-p.-m..png\",\"contentUrl\":\"https:\/\/pagina10.com\/web\/wp-content\/uploads\/2020\/12\/Captura-de-Pantalla-2020-12-17-a-las-5.55.17-p.-m..png\",\"width\":841,\"height\":419},{\"@type\":\"BreadcrumbList\",\"@id\":\"https:\/\/pagina10.com\/web\/14-propuestas-se-presentaron-al-concurso-de-diseno-del-logo-del-consejo-departamental-de-paz-reconciliacion-y-convivencia-de-narino\/#breadcrumb\",\"itemListElement\":[{\"@type\":\"ListItem\",\"position\":1,\"name\":\"Portada\",\"item\":\"https:\/\/pagina10.com\/web\/\"},{\"@type\":\"ListItem\",\"position\":2,\"name\":\"14 propuestas se presentaron al concurso de dise\u00f1o del logo del Consejo Departamental de Paz, Reconciliaci\u00f3n y Convivencia de Nari\u00f1o\"}]},{\"@type\":\"WebSite\",\"@id\":\"https:\/\/pagina10.com\/web\/#website\",\"url\":\"https:\/\/pagina10.com\/web\/\",\"name\":\"P\u00e1gina10\",\"description\":\"Peri\u00f3dico Regional\",\"publisher\":{\"@id\":\"https:\/\/pagina10.com\/web\/#organization\"},\"alternateName\":\"P\u00e1gina10 Peri\u00f3dico Regional\",\"potentialAction\":[{\"@type\":\"SearchAction\",\"target\":{\"@type\":\"EntryPoint\",\"urlTemplate\":\"https:\/\/pagina10.com\/web\/?s={search_term_string}\"},\"query-input\":{\"@type\":\"PropertyValueSpecification\",\"valueRequired\":true,\"valueName\":\"search_term_string\"}}],\"inLanguage\":\"es\"},{\"@type\":\"Organization\",\"@id\":\"https:\/\/pagina10.com\/web\/#organization\",\"name\":\"P\u00e1gina10\",\"alternateName\":\"P\u00e1gina10 Peri\u00f3dico Regional\",\"url\":\"https:\/\/pagina10.com\/web\/\",\"logo\":{\"@type\":\"ImageObject\",\"inLanguage\":\"es\",\"@id\":\"https:\/\/pagina10.com\/web\/#\/schema\/logo\/image\/\",\"url\":\"https:\/\/pagina10.com\/web\/wp-content\/uploads\/2024\/01\/40-pagina-10-periodico-regional-pasto.jpg\",\"contentUrl\":\"https:\/\/pagina10.com\/web\/wp-content\/uploads\/2024\/01\/40-pagina-10-periodico-regional-pasto.jpg\",\"width\":1280,\"height\":720,\"caption\":\"P\u00e1gina10\"},\"image\":{\"@id\":\"https:\/\/pagina10.com\/web\/#\/schema\/logo\/image\/\"},\"sameAs\":[\"https:\/\/www.facebook.com\/pag10com\",\"https:\/\/x.com\/Pag10com\",\"https:\/\/www.instagram.com\/pagina10col\/\",\"https:\/\/youtube.com\/channel\/pag10\",\"https:\/\/www.tiktok.com\/@p10col\"]},{\"@type\":\"Person\",\"@id\":\"https:\/\/pagina10.com\/web\/#\/schema\/person\/2efc4a090d25b667d3bc796798a3a81b\",\"name\":\"P\u00e1gina 10\",\"description\":\"P\u00e1gina 10 es un peri\u00f3dico regional que nace en Colombia, en el departamento de Nari\u00f1o, con un enfoque global, fundamentado en cuatro pilares esenciales: la libertad, el pluralismo, la inclusi\u00f3n y la independencia. P\u00e1gina 10 hace referencia a Nari\u00f1o como el d\u00e9cimo departamento creado en Colombia, despu\u00e9s de un proceso pol\u00edtico liderado por actores y actrices regionales con el fin de obtener la independencia y autonom\u00eda de nuestros territorios. Con la creaci\u00f3n de P\u00e1gina 10 se pretende abrir un escenario para el dialogo, la reflexi\u00f3n y el debate que se extienda a otras geograf\u00edas de Am\u00e9rica Latina y del planeta, en una apuesta por transformar colectivamente los desaf\u00edos de un mundo contempor\u00e1neo, m\u00e1s all\u00e1 de las fronteras impuestas.\",\"url\":\"https:\/\/pagina10.com\/web\/author\/pdiezadmin\/\"}]}<\/script>\n<!-- \/ Yoast SEO plugin. -->","yoast_head_json":{"title":"14 propuestas se presentaron al concurso de dise\u00f1o del logo del Consejo Departamental de Paz, Reconciliaci\u00f3n y Convivencia de Nari\u00f1o | P\u00e1gina10","robots":{"index":"index","follow":"follow","max-snippet":"max-snippet:-1","max-image-preview":"max-image-preview:large","max-video-preview":"max-video-preview:-1"},"canonical":"https:\/\/pagina10.com\/web\/14-propuestas-se-presentaron-al-concurso-de-diseno-del-logo-del-consejo-departamental-de-paz-reconciliacion-y-convivencia-de-narino\/","og_locale":"es_ES","og_type":"article","og_title":"14 propuestas se presentaron al concurso de dise\u00f1o del logo del Consejo Departamental de Paz, Reconciliaci\u00f3n y Convivencia de Nari\u00f1o | P\u00e1gina10","og_description":"Las propuestas participantes proceden de los municipios de Cumbal, T\u00faquerres y Pasto y se pueden conocer a trav\u00e9s de la fanpage del Consejo Departamental de Paz:\u00a0https:\/\/n9.cl\/9btuy El pr\u00f3ximo 21 de diciembre se conocer\u00e1 la propuesta ganadora de este concurso departamental, que tiene como finalidad la creaci\u00f3n del logo oficial del Consejo Departamental de Paz, Reconciliaci\u00f3n [&hellip;]","og_url":"https:\/\/pagina10.com\/web\/14-propuestas-se-presentaron-al-concurso-de-diseno-del-logo-del-consejo-departamental-de-paz-reconciliacion-y-convivencia-de-narino\/","og_site_name":"P\u00e1gina10","article_publisher":"https:\/\/www.facebook.com\/pag10com","article_published_time":"2020-12-17T22:55:52+00:00","og_image":[{"width":841,"height":419,"url":"https:\/\/pagina10.com\/web\/wp-content\/uploads\/2020\/12\/Captura-de-Pantalla-2020-12-17-a-las-5.55.17-p.-m..png","type":"image\/png"}],"author":"P\u00e1gina 10","twitter_card":"summary_large_image","twitter_creator":"@Pag10com","twitter_site":"@Pag10com","twitter_misc":{"Escrito por":"P\u00e1gina 10","Tiempo de lectura":"2 minutos"},"schema":{"@context":"https:\/\/schema.org","@graph":[{"@type":"Article","@id":"https:\/\/pagina10.com\/web\/14-propuestas-se-presentaron-al-concurso-de-diseno-del-logo-del-consejo-departamental-de-paz-reconciliacion-y-convivencia-de-narino\/#article","isPartOf":{"@id":"https:\/\/pagina10.com\/web\/14-propuestas-se-presentaron-al-concurso-de-diseno-del-logo-del-consejo-departamental-de-paz-reconciliacion-y-convivencia-de-narino\/"},"author":{"name":"P\u00e1gina 10","@id":"https:\/\/pagina10.com\/web\/#\/schema\/person\/2efc4a090d25b667d3bc796798a3a81b"},"headline":"14 propuestas se presentaron al concurso de dise\u00f1o del logo del Consejo Departamental de Paz, Reconciliaci\u00f3n y Convivencia de Nari\u00f1o","datePublished":"2020-12-17T22:55:52+00:00","mainEntityOfPage":{"@id":"https:\/\/pagina10.com\/web\/14-propuestas-se-presentaron-al-concurso-de-diseno-del-logo-del-consejo-departamental-de-paz-reconciliacion-y-convivencia-de-narino\/"},"wordCount":351,"commentCount":0,"publisher":{"@id":"https:\/\/pagina10.com\/web\/#organization"},"image":{"@id":"https:\/\/pagina10.com\/web\/14-propuestas-se-presentaron-al-concurso-de-diseno-del-logo-del-consejo-departamental-de-paz-reconciliacion-y-convivencia-de-narino\/#primaryimage"},"thumbnailUrl":"https:\/\/pagina10.com\/web\/wp-content\/uploads\/2020\/12\/Captura-de-Pantalla-2020-12-17-a-las-5.55.17-p.-m..png","articleSection":["Regiones"],"inLanguage":"es","potentialAction":[{"@type":"CommentAction","name":"Comment","target":["https:\/\/pagina10.com\/web\/14-propuestas-se-presentaron-al-concurso-de-diseno-del-logo-del-consejo-departamental-de-paz-reconciliacion-y-convivencia-de-narino\/#respond"]}]},{"@type":"WebPage","@id":"https:\/\/pagina10.com\/web\/14-propuestas-se-presentaron-al-concurso-de-diseno-del-logo-del-consejo-departamental-de-paz-reconciliacion-y-convivencia-de-narino\/","url":"https:\/\/pagina10.com\/web\/14-propuestas-se-presentaron-al-concurso-de-diseno-del-logo-del-consejo-departamental-de-paz-reconciliacion-y-convivencia-de-narino\/","name":"14 propuestas se presentaron al concurso de dise\u00f1o del logo del Consejo Departamental de Paz, Reconciliaci\u00f3n y Convivencia de Nari\u00f1o | P\u00e1gina10","isPartOf":{"@id":"https:\/\/pagina10.com\/web\/#website"},"primaryImageOfPage":{"@id":"https:\/\/pagina10.com\/web\/14-propuestas-se-presentaron-al-concurso-de-diseno-del-logo-del-consejo-departamental-de-paz-reconciliacion-y-convivencia-de-narino\/#primaryimage"},"image":{"@id":"https:\/\/pagina10.com\/web\/14-propuestas-se-presentaron-al-concurso-de-diseno-del-logo-del-consejo-departamental-de-paz-reconciliacion-y-convivencia-de-narino\/#primaryimage"},"thumbnailUrl":"https:\/\/pagina10.com\/web\/wp-content\/uploads\/2020\/12\/Captura-de-Pantalla-2020-12-17-a-las-5.55.17-p.-m..png","datePublished":"2020-12-17T22:55:52+00:00","breadcrumb":{"@id":"https:\/\/pagina10.com\/web\/14-propuestas-se-presentaron-al-concurso-de-diseno-del-logo-del-consejo-departamental-de-paz-reconciliacion-y-convivencia-de-narino\/#breadcrumb"},"inLanguage":"es","potentialAction":[{"@type":"ReadAction","target":["https:\/\/pagina10.com\/web\/14-propuestas-se-presentaron-al-concurso-de-diseno-del-logo-del-consejo-departamental-de-paz-reconciliacion-y-convivencia-de-narino\/"]}]},{"@type":"ImageObject","inLanguage":"es","@id":"https:\/\/pagina10.com\/web\/14-propuestas-se-presentaron-al-concurso-de-diseno-del-logo-del-consejo-departamental-de-paz-reconciliacion-y-convivencia-de-narino\/#primaryimage","url":"https:\/\/pagina10.com\/web\/wp-content\/uploads\/2020\/12\/Captura-de-Pantalla-2020-12-17-a-las-5.55.17-p.-m..png","contentUrl":"https:\/\/pagina10.com\/web\/wp-content\/uploads\/2020\/12\/Captura-de-Pantalla-2020-12-17-a-las-5.55.17-p.-m..png","width":841,"height":419},{"@type":"BreadcrumbList","@id":"https:\/\/pagina10.com\/web\/14-propuestas-se-presentaron-al-concurso-de-diseno-del-logo-del-consejo-departamental-de-paz-reconciliacion-y-convivencia-de-narino\/#breadcrumb","itemListElement":[{"@type":"ListItem","position":1,"name":"Portada","item":"https:\/\/pagina10.com\/web\/"},{"@type":"ListItem","position":2,"name":"14 propuestas se presentaron al concurso de dise\u00f1o del logo del Consejo Departamental de Paz, Reconciliaci\u00f3n y Convivencia de Nari\u00f1o"}]},{"@type":"WebSite","@id":"https:\/\/pagina10.com\/web\/#website","url":"https:\/\/pagina10.com\/web\/","name":"P\u00e1gina10","description":"Peri\u00f3dico Regional","publisher":{"@id":"https:\/\/pagina10.com\/web\/#organization"},"alternateName":"P\u00e1gina10 Peri\u00f3dico Regional","potentialAction":[{"@type":"SearchAction","target":{"@type":"EntryPoint","urlTemplate":"https:\/\/pagina10.com\/web\/?s={search_term_string}"},"query-input":{"@type":"PropertyValueSpecification","valueRequired":true,"valueName":"search_term_string"}}],"inLanguage":"es"},{"@type":"Organization","@id":"https:\/\/pagina10.com\/web\/#organization","name":"P\u00e1gina10","alternateName":"P\u00e1gina10 Peri\u00f3dico Regional","url":"https:\/\/pagina10.com\/web\/","logo":{"@type":"ImageObject","inLanguage":"es","@id":"https:\/\/pagina10.com\/web\/#\/schema\/logo\/image\/","url":"https:\/\/pagina10.com\/web\/wp-content\/uploads\/2024\/01\/40-pagina-10-periodico-regional-pasto.jpg","contentUrl":"https:\/\/pagina10.com\/web\/wp-content\/uploads\/2024\/01\/40-pagina-10-periodico-regional-pasto.jpg","width":1280,"height":720,"caption":"P\u00e1gina10"},"image":{"@id":"https:\/\/pagina10.com\/web\/#\/schema\/logo\/image\/"},"sameAs":["https:\/\/www.facebook.com\/pag10com","https:\/\/x.com\/Pag10com","https:\/\/www.instagram.com\/pagina10col\/","https:\/\/youtube.com\/channel\/pag10","https:\/\/www.tiktok.com\/@p10col"]},{"@type":"Person","@id":"https:\/\/pagina10.com\/web\/#\/schema\/person\/2efc4a090d25b667d3bc796798a3a81b","name":"P\u00e1gina 10","description":"P\u00e1gina 10 es un peri\u00f3dico regional que nace en Colombia, en el departamento de Nari\u00f1o, con un enfoque global, fundamentado en cuatro pilares esenciales: la libertad, el pluralismo, la inclusi\u00f3n y la independencia. P\u00e1gina 10 hace referencia a Nari\u00f1o como el d\u00e9cimo departamento creado en Colombia, despu\u00e9s de un proceso pol\u00edtico liderado por actores y actrices regionales con el fin de obtener la independencia y autonom\u00eda de nuestros territorios. Con la creaci\u00f3n de P\u00e1gina 10 se pretende abrir un escenario para el dialogo, la reflexi\u00f3n y el debate que se extienda a otras geograf\u00edas de Am\u00e9rica Latina y del planeta, en una apuesta por transformar colectivamente los desaf\u00edos de un mundo contempor\u00e1neo, m\u00e1s all\u00e1 de las fronteras impuestas.","url":"https:\/\/pagina10.com\/web\/author\/pdiezadmin\/"}]}},"_links":{"self":[{"href":"https:\/\/pagina10.com\/web\/wp-json\/wp\/v2\/posts\/49411","targetHints":{"allow":["GET"]}}],"collection":[{"href":"https:\/\/pagina10.com\/web\/wp-json\/wp\/v2\/posts"}],"about":[{"href":"https:\/\/pagina10.com\/web\/wp-json\/wp\/v2\/types\/post"}],"author":[{"embeddable":true,"href":"https:\/\/pagina10.com\/web\/wp-json\/wp\/v2\/users\/1"}],"replies":[{"embeddable":true,"href":"https:\/\/pagina10.com\/web\/wp-json\/wp\/v2\/comments?post=49411"}],"version-history":[{"count":1,"href":"https:\/\/pagina10.com\/web\/wp-json\/wp\/v2\/posts\/49411\/revisions"}],"predecessor-version":[{"id":49413,"href":"https:\/\/pagina10.com\/web\/wp-json\/wp\/v2\/posts\/49411\/revisions\/49413"}],"wp:featuredmedia":[{"embeddable":true,"href":"https:\/\/pagina10.com\/web\/wp-json\/wp\/v2\/media\/49412"}],"wp:attachment":[{"href":"https:\/\/pagina10.com\/web\/wp-json\/wp\/v2\/media?parent=49411"}],"wp:term":[{"taxonomy":"category","embeddable":true,"href":"https:\/\/pagina10.com\/web\/wp-json\/wp\/v2\/categories?post=49411"},{"taxonomy":"post_tag","embeddable":true,"href":"https:\/\/pagina10.com\/web\/wp-json\/wp\/v2\/tags?post=49411"}],"curies":[{"name":"wp","href":"https:\/\/api.w.org\/{rel}","templated":true}]}}