{"id":49425,"date":"2020-12-18T15:19:35","date_gmt":"2020-12-18T20:19:35","guid":{"rendered":"https:\/\/pagina10.com\/web\/?p=49425"},"modified":"2020-12-18T15:21:01","modified_gmt":"2020-12-18T20:21:01","slug":"se-declara-alerta-roja-hospitalaria-en-el-municipio-de-pasto","status":"publish","type":"post","link":"https:\/\/pagina10.com\/web\/se-declara-alerta-roja-hospitalaria-en-el-municipio-de-pasto\/","title":{"rendered":"Se declara alerta roja hospitalaria en el Municipio de Pasto"},"content":{"rendered":"<p style=\"text-align: justify;\">En rueda de prensa p\u00fablica el Instituto Departamental de Salud de Nari\u00f1o \u2013IDSN y la Gerencia COVID-19 de Nari\u00f1o, declar\u00f3 la alerta roja hospitalaria en el municipio de Pasto y entreg\u00f3 otras recomendaciones a los alcaldes de Nari\u00f1o para aumentar las medidas de control frente a la propagaci\u00f3n del virus.<\/p>\n<div style=\"text-align: justify;\">El Municipio de Pasto presenta una ocupaci\u00f3n UCI para adulto y pedi\u00e1trico de un 85.84%, es por esto, que se ha tomado la medida de activar la alerta roja hospitalaria en la capital nari\u00f1ense. \u201cContinuamos en alerta naranja para el resto del Departamento, con la circular que emitimos el d\u00eda de ayer que contiene las recomendaciones y las medidas que deben tomar los alcaldes para evitar llegar a la alerta roja en todo el Departamento\u201d, manifest\u00f3 la Directora del IDSN, Diana Paola Rosero.<\/p>\n<div style=\"text-align: justify;\">As\u00ed mismo, la funcionaria indic\u00f3 que se evaluar\u00e1 diariamente el proceso del comportamiento COVID en todo Nari\u00f1o, ya que ayer se ten\u00eda una taza de transmisi\u00f3n de 1.2 y el d\u00eda de hoy subi\u00f3 al 1.4 y esto denota que existe un crecimiento del virus de forma exponencial en el Departamento, pero sobretodo en el Municipio de Pasto.<\/p>\n<div>Por su parte, el Gerente para la emergencia causada por el COVID-19 en Nari\u00f1o, Mario Benavides, se\u00f1al\u00f3 que: \u201cEsta alerta roja implica que se le recomienda al Alcalde de Pasto asumir unas medidas muy fuertes frente a restricciones que tienen que ver con controles a la movilidad, asumir recomendaciones que ha emitido el Gobierno Nacional en cuanto al expendio de licor, a los horarios y control de los mismos en bares y gastrobares, a incentivar la toma de la muestra y el aislamiento\u201d.<\/p>\n<div style=\"text-align: justify;\">Adem\u00e1s, el Gerente inform\u00f3 que el Departamento pasa a asumir el control de las camas de cuidados intensivos para hacer todo el proceso de referenciaci\u00f3n y definir a donde se trasladan los pacientes que demanden camas de cuidado intensivo y otras estrategias como el desescalamiento para poder ampliar ciertos servicios que puedan ser atendidos a nivel de cuidado intermedio.<\/p>\n<div>Desde la Gobernaci\u00f3n de Nari\u00f1o se hace un llamado a toda la comunidad a adoptar un comportamiento responsable, celebrar las novenas con su n\u00facleo b\u00e1sico familiar, no propiciar aglomeraciones ya que si se realiza un trabajo mancomunada entre la comunidad y las instituciones podremos enfrentar de manera positiva esta situaci\u00f3n.<\/p>\n<div>\u2022 En cuanto a la mortalidad por COVID-19 el Departamento de Nari\u00f1o reporta 54.1 muertes por cada 100 mil habitantes.<\/p>\n<div style=\"text-align: justify;\">\u2022 Pasto, Ipiales, Leiva, Mallama, Sandon\u00e1, Col\u00f3n y Aldana son los municipios que tienen una mortalidad superior a la registrada a nivel del Departamento.<\/div>\n<div style=\"text-align: justify;\">\u2022 La ocupaci\u00f3n de UCI a nivel Departamental es del 70.7%.<\/div>\n<div style=\"text-align: justify;\">\u2022 Total de casos en el Departamento: 28.216.<\/div>\n<div style=\"text-align: justify;\">\u2022 Total de Fallecidos en el Departamento: 901<\/div>\n<div style=\"text-align: justify;\">\u2022 Total de Recuperados en el Departamento: 25.410<\/div>\n<\/div>\n<\/div>\n<\/div>\n<\/div>\n<\/div>\n<\/div>\n","protected":false},"excerpt":{"rendered":"<p>En rueda de prensa p\u00fablica el Instituto Departamental de Salud de Nari\u00f1o \u2013IDSN y la Gerencia COVID-19 de Nari\u00f1o, declar\u00f3 la alerta roja hospitalaria en el municipio de Pasto y entreg\u00f3 otras recomendaciones a los alcaldes de Nari\u00f1o para aumentar las medidas de control frente a la propagaci\u00f3n del virus. El Municipio de Pasto presenta [&hellip;]<\/p>\n","protected":false},"author":1,"featured_media":49426,"comment_status":"open","ping_status":"open","sticky":false,"template":"","format":"standard","meta":{"footnotes":""},"categories":[53],"tags":[],"class_list":["post-49425","post","type-post","status-publish","format-standard","has-post-thumbnail","hentry","category-regiones"],"yoast_head":"<!-- This site is optimized with the Yoast SEO plugin v27.1.1 - https:\/\/yoast.com\/product\/yoast-seo-wordpress\/ -->\n<title>Se declara alerta roja hospitalaria en el Municipio de Pasto | P\u00e1gina10<\/title>\n<meta name=\"robots\" content=\"index, follow, max-snippet:-1, max-image-preview:large, max-video-preview:-1\" \/>\n<link rel=\"canonical\" href=\"https:\/\/pagina10.com\/web\/se-declara-alerta-roja-hospitalaria-en-el-municipio-de-pasto\/\" \/>\n<meta property=\"og:locale\" content=\"es_ES\" \/>\n<meta property=\"og:type\" content=\"article\" \/>\n<meta property=\"og:title\" content=\"Se declara alerta roja hospitalaria en el Municipio de Pasto | P\u00e1gina10\" \/>\n<meta property=\"og:description\" content=\"En rueda de prensa p\u00fablica el Instituto Departamental de Salud de Nari\u00f1o \u2013IDSN y la Gerencia COVID-19 de Nari\u00f1o, declar\u00f3 la alerta roja hospitalaria en el municipio de Pasto y entreg\u00f3 otras recomendaciones a los alcaldes de Nari\u00f1o para aumentar las medidas de control frente a la propagaci\u00f3n del virus. El Municipio de Pasto presenta [&hellip;]\" \/>\n<meta property=\"og:url\" content=\"https:\/\/pagina10.com\/web\/se-declara-alerta-roja-hospitalaria-en-el-municipio-de-pasto\/\" \/>\n<meta property=\"og:site_name\" content=\"P\u00e1gina10\" \/>\n<meta property=\"article:publisher\" content=\"https:\/\/www.facebook.com\/pag10com\" \/>\n<meta property=\"article:published_time\" content=\"2020-12-18T20:19:35+00:00\" \/>\n<meta property=\"article:modified_time\" content=\"2020-12-18T20:21:01+00:00\" \/>\n<meta property=\"og:image\" content=\"https:\/\/pagina10.com\/web\/wp-content\/uploads\/2020\/12\/Captura-de-Pantalla-2020-12-18-a-las-3.18.52-p.-m..png\" \/>\n\t<meta property=\"og:image:width\" content=\"769\" \/>\n\t<meta property=\"og:image:height\" content=\"429\" \/>\n\t<meta property=\"og:image:type\" content=\"image\/png\" \/>\n<meta name=\"author\" content=\"P\u00e1gina 10\" \/>\n<meta name=\"twitter:card\" content=\"summary_large_image\" \/>\n<meta name=\"twitter:creator\" content=\"@Pag10com\" \/>\n<meta name=\"twitter:site\" content=\"@Pag10com\" \/>\n<meta name=\"twitter:label1\" content=\"Escrito por\" \/>\n\t<meta name=\"twitter:data1\" content=\"P\u00e1gina 10\" \/>\n\t<meta name=\"twitter:label2\" content=\"Tiempo de lectura\" \/>\n\t<meta name=\"twitter:data2\" content=\"2 minutos\" \/>\n<script type=\"application\/ld+json\" class=\"yoast-schema-graph\">{\"@context\":\"https:\/\/schema.org\",\"@graph\":[{\"@type\":\"Article\",\"@id\":\"https:\/\/pagina10.com\/web\/se-declara-alerta-roja-hospitalaria-en-el-municipio-de-pasto\/#article\",\"isPartOf\":{\"@id\":\"https:\/\/pagina10.com\/web\/se-declara-alerta-roja-hospitalaria-en-el-municipio-de-pasto\/\"},\"author\":{\"name\":\"P\u00e1gina 10\",\"@id\":\"https:\/\/pagina10.com\/web\/#\/schema\/person\/2efc4a090d25b667d3bc796798a3a81b\"},\"headline\":\"Se declara alerta roja hospitalaria en el Municipio de Pasto\",\"datePublished\":\"2020-12-18T20:19:35+00:00\",\"dateModified\":\"2020-12-18T20:21:01+00:00\",\"mainEntityOfPage\":{\"@id\":\"https:\/\/pagina10.com\/web\/se-declara-alerta-roja-hospitalaria-en-el-municipio-de-pasto\/\"},\"wordCount\":482,\"commentCount\":0,\"publisher\":{\"@id\":\"https:\/\/pagina10.com\/web\/#organization\"},\"image\":{\"@id\":\"https:\/\/pagina10.com\/web\/se-declara-alerta-roja-hospitalaria-en-el-municipio-de-pasto\/#primaryimage\"},\"thumbnailUrl\":\"https:\/\/pagina10.com\/web\/wp-content\/uploads\/2020\/12\/Captura-de-Pantalla-2020-12-18-a-las-3.18.52-p.-m..png\",\"articleSection\":[\"Regiones\"],\"inLanguage\":\"es\",\"potentialAction\":[{\"@type\":\"CommentAction\",\"name\":\"Comment\",\"target\":[\"https:\/\/pagina10.com\/web\/se-declara-alerta-roja-hospitalaria-en-el-municipio-de-pasto\/#respond\"]}]},{\"@type\":\"WebPage\",\"@id\":\"https:\/\/pagina10.com\/web\/se-declara-alerta-roja-hospitalaria-en-el-municipio-de-pasto\/\",\"url\":\"https:\/\/pagina10.com\/web\/se-declara-alerta-roja-hospitalaria-en-el-municipio-de-pasto\/\",\"name\":\"Se declara alerta roja hospitalaria en el Municipio de Pasto | P\u00e1gina10\",\"isPartOf\":{\"@id\":\"https:\/\/pagina10.com\/web\/#website\"},\"primaryImageOfPage\":{\"@id\":\"https:\/\/pagina10.com\/web\/se-declara-alerta-roja-hospitalaria-en-el-municipio-de-pasto\/#primaryimage\"},\"image\":{\"@id\":\"https:\/\/pagina10.com\/web\/se-declara-alerta-roja-hospitalaria-en-el-municipio-de-pasto\/#primaryimage\"},\"thumbnailUrl\":\"https:\/\/pagina10.com\/web\/wp-content\/uploads\/2020\/12\/Captura-de-Pantalla-2020-12-18-a-las-3.18.52-p.-m..png\",\"datePublished\":\"2020-12-18T20:19:35+00:00\",\"dateModified\":\"2020-12-18T20:21:01+00:00\",\"breadcrumb\":{\"@id\":\"https:\/\/pagina10.com\/web\/se-declara-alerta-roja-hospitalaria-en-el-municipio-de-pasto\/#breadcrumb\"},\"inLanguage\":\"es\",\"potentialAction\":[{\"@type\":\"ReadAction\",\"target\":[\"https:\/\/pagina10.com\/web\/se-declara-alerta-roja-hospitalaria-en-el-municipio-de-pasto\/\"]}]},{\"@type\":\"ImageObject\",\"inLanguage\":\"es\",\"@id\":\"https:\/\/pagina10.com\/web\/se-declara-alerta-roja-hospitalaria-en-el-municipio-de-pasto\/#primaryimage\",\"url\":\"https:\/\/pagina10.com\/web\/wp-content\/uploads\/2020\/12\/Captura-de-Pantalla-2020-12-18-a-las-3.18.52-p.-m..png\",\"contentUrl\":\"https:\/\/pagina10.com\/web\/wp-content\/uploads\/2020\/12\/Captura-de-Pantalla-2020-12-18-a-las-3.18.52-p.-m..png\",\"width\":769,\"height\":429},{\"@type\":\"BreadcrumbList\",\"@id\":\"https:\/\/pagina10.com\/web\/se-declara-alerta-roja-hospitalaria-en-el-municipio-de-pasto\/#breadcrumb\",\"itemListElement\":[{\"@type\":\"ListItem\",\"position\":1,\"name\":\"Portada\",\"item\":\"https:\/\/pagina10.com\/web\/\"},{\"@type\":\"ListItem\",\"position\":2,\"name\":\"Se declara alerta roja hospitalaria en el Municipio de Pasto\"}]},{\"@type\":\"WebSite\",\"@id\":\"https:\/\/pagina10.com\/web\/#website\",\"url\":\"https:\/\/pagina10.com\/web\/\",\"name\":\"P\u00e1gina10\",\"description\":\"Peri\u00f3dico Regional\",\"publisher\":{\"@id\":\"https:\/\/pagina10.com\/web\/#organization\"},\"alternateName\":\"P\u00e1gina10 Peri\u00f3dico Regional\",\"potentialAction\":[{\"@type\":\"SearchAction\",\"target\":{\"@type\":\"EntryPoint\",\"urlTemplate\":\"https:\/\/pagina10.com\/web\/?s={search_term_string}\"},\"query-input\":{\"@type\":\"PropertyValueSpecification\",\"valueRequired\":true,\"valueName\":\"search_term_string\"}}],\"inLanguage\":\"es\"},{\"@type\":\"Organization\",\"@id\":\"https:\/\/pagina10.com\/web\/#organization\",\"name\":\"P\u00e1gina10\",\"alternateName\":\"P\u00e1gina10 Peri\u00f3dico Regional\",\"url\":\"https:\/\/pagina10.com\/web\/\",\"logo\":{\"@type\":\"ImageObject\",\"inLanguage\":\"es\",\"@id\":\"https:\/\/pagina10.com\/web\/#\/schema\/logo\/image\/\",\"url\":\"https:\/\/pagina10.com\/web\/wp-content\/uploads\/2024\/01\/40-pagina-10-periodico-regional-pasto.jpg\",\"contentUrl\":\"https:\/\/pagina10.com\/web\/wp-content\/uploads\/2024\/01\/40-pagina-10-periodico-regional-pasto.jpg\",\"width\":1280,\"height\":720,\"caption\":\"P\u00e1gina10\"},\"image\":{\"@id\":\"https:\/\/pagina10.com\/web\/#\/schema\/logo\/image\/\"},\"sameAs\":[\"https:\/\/www.facebook.com\/pag10com\",\"https:\/\/x.com\/Pag10com\",\"https:\/\/www.instagram.com\/pagina10col\/\",\"https:\/\/youtube.com\/channel\/pag10\",\"https:\/\/www.tiktok.com\/@p10col\"]},{\"@type\":\"Person\",\"@id\":\"https:\/\/pagina10.com\/web\/#\/schema\/person\/2efc4a090d25b667d3bc796798a3a81b\",\"name\":\"P\u00e1gina 10\",\"description\":\"P\u00e1gina 10 es un peri\u00f3dico regional que nace en Colombia, en el departamento de Nari\u00f1o, con un enfoque global, fundamentado en cuatro pilares esenciales: la libertad, el pluralismo, la inclusi\u00f3n y la independencia. P\u00e1gina 10 hace referencia a Nari\u00f1o como el d\u00e9cimo departamento creado en Colombia, despu\u00e9s de un proceso pol\u00edtico liderado por actores y actrices regionales con el fin de obtener la independencia y autonom\u00eda de nuestros territorios. Con la creaci\u00f3n de P\u00e1gina 10 se pretende abrir un escenario para el dialogo, la reflexi\u00f3n y el debate que se extienda a otras geograf\u00edas de Am\u00e9rica Latina y del planeta, en una apuesta por transformar colectivamente los desaf\u00edos de un mundo contempor\u00e1neo, m\u00e1s all\u00e1 de las fronteras impuestas.\",\"url\":\"https:\/\/pagina10.com\/web\/author\/pdiezadmin\/\"}]}<\/script>\n<!-- \/ Yoast SEO plugin. -->","yoast_head_json":{"title":"Se declara alerta roja hospitalaria en el Municipio de Pasto | P\u00e1gina10","robots":{"index":"index","follow":"follow","max-snippet":"max-snippet:-1","max-image-preview":"max-image-preview:large","max-video-preview":"max-video-preview:-1"},"canonical":"https:\/\/pagina10.com\/web\/se-declara-alerta-roja-hospitalaria-en-el-municipio-de-pasto\/","og_locale":"es_ES","og_type":"article","og_title":"Se declara alerta roja hospitalaria en el Municipio de Pasto | P\u00e1gina10","og_description":"En rueda de prensa p\u00fablica el Instituto Departamental de Salud de Nari\u00f1o \u2013IDSN y la Gerencia COVID-19 de Nari\u00f1o, declar\u00f3 la alerta roja hospitalaria en el municipio de Pasto y entreg\u00f3 otras recomendaciones a los alcaldes de Nari\u00f1o para aumentar las medidas de control frente a la propagaci\u00f3n del virus. El Municipio de Pasto presenta [&hellip;]","og_url":"https:\/\/pagina10.com\/web\/se-declara-alerta-roja-hospitalaria-en-el-municipio-de-pasto\/","og_site_name":"P\u00e1gina10","article_publisher":"https:\/\/www.facebook.com\/pag10com","article_published_time":"2020-12-18T20:19:35+00:00","article_modified_time":"2020-12-18T20:21:01+00:00","og_image":[{"width":769,"height":429,"url":"https:\/\/pagina10.com\/web\/wp-content\/uploads\/2020\/12\/Captura-de-Pantalla-2020-12-18-a-las-3.18.52-p.-m..png","type":"image\/png"}],"author":"P\u00e1gina 10","twitter_card":"summary_large_image","twitter_creator":"@Pag10com","twitter_site":"@Pag10com","twitter_misc":{"Escrito por":"P\u00e1gina 10","Tiempo de lectura":"2 minutos"},"schema":{"@context":"https:\/\/schema.org","@graph":[{"@type":"Article","@id":"https:\/\/pagina10.com\/web\/se-declara-alerta-roja-hospitalaria-en-el-municipio-de-pasto\/#article","isPartOf":{"@id":"https:\/\/pagina10.com\/web\/se-declara-alerta-roja-hospitalaria-en-el-municipio-de-pasto\/"},"author":{"name":"P\u00e1gina 10","@id":"https:\/\/pagina10.com\/web\/#\/schema\/person\/2efc4a090d25b667d3bc796798a3a81b"},"headline":"Se declara alerta roja hospitalaria en el Municipio de Pasto","datePublished":"2020-12-18T20:19:35+00:00","dateModified":"2020-12-18T20:21:01+00:00","mainEntityOfPage":{"@id":"https:\/\/pagina10.com\/web\/se-declara-alerta-roja-hospitalaria-en-el-municipio-de-pasto\/"},"wordCount":482,"commentCount":0,"publisher":{"@id":"https:\/\/pagina10.com\/web\/#organization"},"image":{"@id":"https:\/\/pagina10.com\/web\/se-declara-alerta-roja-hospitalaria-en-el-municipio-de-pasto\/#primaryimage"},"thumbnailUrl":"https:\/\/pagina10.com\/web\/wp-content\/uploads\/2020\/12\/Captura-de-Pantalla-2020-12-18-a-las-3.18.52-p.-m..png","articleSection":["Regiones"],"inLanguage":"es","potentialAction":[{"@type":"CommentAction","name":"Comment","target":["https:\/\/pagina10.com\/web\/se-declara-alerta-roja-hospitalaria-en-el-municipio-de-pasto\/#respond"]}]},{"@type":"WebPage","@id":"https:\/\/pagina10.com\/web\/se-declara-alerta-roja-hospitalaria-en-el-municipio-de-pasto\/","url":"https:\/\/pagina10.com\/web\/se-declara-alerta-roja-hospitalaria-en-el-municipio-de-pasto\/","name":"Se declara alerta roja hospitalaria en el Municipio de Pasto | P\u00e1gina10","isPartOf":{"@id":"https:\/\/pagina10.com\/web\/#website"},"primaryImageOfPage":{"@id":"https:\/\/pagina10.com\/web\/se-declara-alerta-roja-hospitalaria-en-el-municipio-de-pasto\/#primaryimage"},"image":{"@id":"https:\/\/pagina10.com\/web\/se-declara-alerta-roja-hospitalaria-en-el-municipio-de-pasto\/#primaryimage"},"thumbnailUrl":"https:\/\/pagina10.com\/web\/wp-content\/uploads\/2020\/12\/Captura-de-Pantalla-2020-12-18-a-las-3.18.52-p.-m..png","datePublished":"2020-12-18T20:19:35+00:00","dateModified":"2020-12-18T20:21:01+00:00","breadcrumb":{"@id":"https:\/\/pagina10.com\/web\/se-declara-alerta-roja-hospitalaria-en-el-municipio-de-pasto\/#breadcrumb"},"inLanguage":"es","potentialAction":[{"@type":"ReadAction","target":["https:\/\/pagina10.com\/web\/se-declara-alerta-roja-hospitalaria-en-el-municipio-de-pasto\/"]}]},{"@type":"ImageObject","inLanguage":"es","@id":"https:\/\/pagina10.com\/web\/se-declara-alerta-roja-hospitalaria-en-el-municipio-de-pasto\/#primaryimage","url":"https:\/\/pagina10.com\/web\/wp-content\/uploads\/2020\/12\/Captura-de-Pantalla-2020-12-18-a-las-3.18.52-p.-m..png","contentUrl":"https:\/\/pagina10.com\/web\/wp-content\/uploads\/2020\/12\/Captura-de-Pantalla-2020-12-18-a-las-3.18.52-p.-m..png","width":769,"height":429},{"@type":"BreadcrumbList","@id":"https:\/\/pagina10.com\/web\/se-declara-alerta-roja-hospitalaria-en-el-municipio-de-pasto\/#breadcrumb","itemListElement":[{"@type":"ListItem","position":1,"name":"Portada","item":"https:\/\/pagina10.com\/web\/"},{"@type":"ListItem","position":2,"name":"Se declara alerta roja hospitalaria en el Municipio de Pasto"}]},{"@type":"WebSite","@id":"https:\/\/pagina10.com\/web\/#website","url":"https:\/\/pagina10.com\/web\/","name":"P\u00e1gina10","description":"Peri\u00f3dico Regional","publisher":{"@id":"https:\/\/pagina10.com\/web\/#organization"},"alternateName":"P\u00e1gina10 Peri\u00f3dico Regional","potentialAction":[{"@type":"SearchAction","target":{"@type":"EntryPoint","urlTemplate":"https:\/\/pagina10.com\/web\/?s={search_term_string}"},"query-input":{"@type":"PropertyValueSpecification","valueRequired":true,"valueName":"search_term_string"}}],"inLanguage":"es"},{"@type":"Organization","@id":"https:\/\/pagina10.com\/web\/#organization","name":"P\u00e1gina10","alternateName":"P\u00e1gina10 Peri\u00f3dico Regional","url":"https:\/\/pagina10.com\/web\/","logo":{"@type":"ImageObject","inLanguage":"es","@id":"https:\/\/pagina10.com\/web\/#\/schema\/logo\/image\/","url":"https:\/\/pagina10.com\/web\/wp-content\/uploads\/2024\/01\/40-pagina-10-periodico-regional-pasto.jpg","contentUrl":"https:\/\/pagina10.com\/web\/wp-content\/uploads\/2024\/01\/40-pagina-10-periodico-regional-pasto.jpg","width":1280,"height":720,"caption":"P\u00e1gina10"},"image":{"@id":"https:\/\/pagina10.com\/web\/#\/schema\/logo\/image\/"},"sameAs":["https:\/\/www.facebook.com\/pag10com","https:\/\/x.com\/Pag10com","https:\/\/www.instagram.com\/pagina10col\/","https:\/\/youtube.com\/channel\/pag10","https:\/\/www.tiktok.com\/@p10col"]},{"@type":"Person","@id":"https:\/\/pagina10.com\/web\/#\/schema\/person\/2efc4a090d25b667d3bc796798a3a81b","name":"P\u00e1gina 10","description":"P\u00e1gina 10 es un peri\u00f3dico regional que nace en Colombia, en el departamento de Nari\u00f1o, con un enfoque global, fundamentado en cuatro pilares esenciales: la libertad, el pluralismo, la inclusi\u00f3n y la independencia. P\u00e1gina 10 hace referencia a Nari\u00f1o como el d\u00e9cimo departamento creado en Colombia, despu\u00e9s de un proceso pol\u00edtico liderado por actores y actrices regionales con el fin de obtener la independencia y autonom\u00eda de nuestros territorios. Con la creaci\u00f3n de P\u00e1gina 10 se pretende abrir un escenario para el dialogo, la reflexi\u00f3n y el debate que se extienda a otras geograf\u00edas de Am\u00e9rica Latina y del planeta, en una apuesta por transformar colectivamente los desaf\u00edos de un mundo contempor\u00e1neo, m\u00e1s all\u00e1 de las fronteras impuestas.","url":"https:\/\/pagina10.com\/web\/author\/pdiezadmin\/"}]}},"_links":{"self":[{"href":"https:\/\/pagina10.com\/web\/wp-json\/wp\/v2\/posts\/49425","targetHints":{"allow":["GET"]}}],"collection":[{"href":"https:\/\/pagina10.com\/web\/wp-json\/wp\/v2\/posts"}],"about":[{"href":"https:\/\/pagina10.com\/web\/wp-json\/wp\/v2\/types\/post"}],"author":[{"embeddable":true,"href":"https:\/\/pagina10.com\/web\/wp-json\/wp\/v2\/users\/1"}],"replies":[{"embeddable":true,"href":"https:\/\/pagina10.com\/web\/wp-json\/wp\/v2\/comments?post=49425"}],"version-history":[{"count":3,"href":"https:\/\/pagina10.com\/web\/wp-json\/wp\/v2\/posts\/49425\/revisions"}],"predecessor-version":[{"id":49429,"href":"https:\/\/pagina10.com\/web\/wp-json\/wp\/v2\/posts\/49425\/revisions\/49429"}],"wp:featuredmedia":[{"embeddable":true,"href":"https:\/\/pagina10.com\/web\/wp-json\/wp\/v2\/media\/49426"}],"wp:attachment":[{"href":"https:\/\/pagina10.com\/web\/wp-json\/wp\/v2\/media?parent=49425"}],"wp:term":[{"taxonomy":"category","embeddable":true,"href":"https:\/\/pagina10.com\/web\/wp-json\/wp\/v2\/categories?post=49425"},{"taxonomy":"post_tag","embeddable":true,"href":"https:\/\/pagina10.com\/web\/wp-json\/wp\/v2\/tags?post=49425"}],"curies":[{"name":"wp","href":"https:\/\/api.w.org\/{rel}","templated":true}]}}