{"id":49576,"date":"2020-12-24T22:46:16","date_gmt":"2020-12-25T03:46:16","guid":{"rendered":"https:\/\/pagina10.com\/web\/?p=49576"},"modified":"2020-12-24T22:46:16","modified_gmt":"2020-12-25T03:46:16","slug":"procuraduria-confirmo-la-sancion-de-suspension-de-la-exsecretaria-de-gobierno-de-imues","status":"publish","type":"post","link":"https:\/\/pagina10.com\/web\/procuraduria-confirmo-la-sancion-de-suspension-de-la-exsecretaria-de-gobierno-de-imues\/","title":{"rendered":"Procuradur\u00eda confirm\u00f3 la sanci\u00f3n de suspensi\u00f3n de la exsecretaria de Gobierno de Imu\u00e9s"},"content":{"rendered":"<p style=\"text-align: justify;\">La Procuradur\u00eda General de la Naci\u00f3n confirm\u00f3 la sanci\u00f3n de suspensi\u00f3n por dos meses a la entonces secretaria de Gobierno de Imu\u00e9s, Nari\u00f1o, Mary Rosa Mera Pantoja (2016-2019), por incumplimiento de deberes.<\/p>\n<p>La Procuradur\u00eda Regional de Nari\u00f1o comprob\u00f3 que la exsecretaria en su condici\u00f3n de supervisora omiti\u00f3 hacer el seguimiento t\u00e9cnico, administrativo, financiero, contable y jur\u00eddico del Contrato IMC 020-2017, celebrado con el establecimiento de comercio Ferretodo, cuyo objeto era el suministro de materiales y elementos para mitigar los efectos que dej\u00f3 la ola invernal en el municipio.<\/p>\n<p>El Ministerio P\u00fablico determin\u00f3 que en los informes de supervisi\u00f3n sobre el seguimiento t\u00e9cnico no se establecieron las actividades que desarroll\u00f3 el contratista, sino que se transcribi\u00f3 de manera textual las obligaciones que este deb\u00eda cumplir conforme a lo pactado en el negocio jur\u00eddico.<\/p>\n<p>En cuanto al informe financiero y contable, la PGN se\u00f1al\u00f3 que \u00fanicamente se hizo referencia a la disponibilidad y registro presupuestal, pese a la existencia de un balance completo del contrato.<\/p>\n<p>Para el \u00f3rgano de control la disciplinada vulner\u00f3 el art\u00edculo 84 de la Ley 1471 de 2011, que hace referencia a que \u201clos interventores y supervisores\u2026ser\u00e1n responsables por mantener informada a la entidad contratante de los hechos o circunstancias que puedan constituir actos de corrupci\u00f3n tipificados como conductas punibles, o que puedan poner o pongan en riesgo el cumplimiento del contrato\u201d.<\/p>\n<p>La Procuradur\u00eda calific\u00f3 la falta como grave cometida a t\u00edtulo de culpa.<\/p>\n<p>Teniendo en cuenta que Mera Pantoja ya no es servidora p\u00fablica, la sanci\u00f3n se convertir\u00e1 en salarios de acuerdo con el monto de lo devengado al momento de la comisi\u00f3n de la falta.<\/p>\n","protected":false},"excerpt":{"rendered":"<p>La Procuradur\u00eda General de la Naci\u00f3n confirm\u00f3 la sanci\u00f3n de suspensi\u00f3n por dos meses a la entonces secretaria de Gobierno de Imu\u00e9s, Nari\u00f1o, Mary Rosa Mera Pantoja (2016-2019), por incumplimiento de deberes. La Procuradur\u00eda Regional de Nari\u00f1o comprob\u00f3 que la exsecretaria en su condici\u00f3n de supervisora omiti\u00f3 hacer el seguimiento t\u00e9cnico, administrativo, financiero, contable y [&hellip;]<\/p>\n","protected":false},"author":1,"featured_media":28806,"comment_status":"open","ping_status":"open","sticky":false,"template":"","format":"standard","meta":{"footnotes":""},"categories":[53],"tags":[],"class_list":["post-49576","post","type-post","status-publish","format-standard","has-post-thumbnail","hentry","category-regiones"],"yoast_head":"<!-- This site is optimized with the Yoast SEO plugin v27.1.1 - https:\/\/yoast.com\/product\/yoast-seo-wordpress\/ -->\n<title>Procuradur\u00eda confirm\u00f3 la sanci\u00f3n de suspensi\u00f3n de la exsecretaria de Gobierno de Imu\u00e9s | P\u00e1gina10<\/title>\n<meta name=\"robots\" content=\"index, follow, max-snippet:-1, max-image-preview:large, max-video-preview:-1\" \/>\n<link rel=\"canonical\" href=\"https:\/\/pagina10.com\/web\/procuraduria-confirmo-la-sancion-de-suspension-de-la-exsecretaria-de-gobierno-de-imues\/\" \/>\n<meta property=\"og:locale\" content=\"es_ES\" \/>\n<meta property=\"og:type\" content=\"article\" \/>\n<meta property=\"og:title\" content=\"Procuradur\u00eda confirm\u00f3 la sanci\u00f3n de suspensi\u00f3n de la exsecretaria de Gobierno de Imu\u00e9s | P\u00e1gina10\" \/>\n<meta property=\"og:description\" content=\"La Procuradur\u00eda General de la Naci\u00f3n confirm\u00f3 la sanci\u00f3n de suspensi\u00f3n por dos meses a la entonces secretaria de Gobierno de Imu\u00e9s, Nari\u00f1o, Mary Rosa Mera Pantoja (2016-2019), por incumplimiento de deberes. La Procuradur\u00eda Regional de Nari\u00f1o comprob\u00f3 que la exsecretaria en su condici\u00f3n de supervisora omiti\u00f3 hacer el seguimiento t\u00e9cnico, administrativo, financiero, contable y [&hellip;]\" \/>\n<meta property=\"og:url\" content=\"https:\/\/pagina10.com\/web\/procuraduria-confirmo-la-sancion-de-suspension-de-la-exsecretaria-de-gobierno-de-imues\/\" \/>\n<meta property=\"og:site_name\" content=\"P\u00e1gina10\" \/>\n<meta property=\"article:publisher\" content=\"https:\/\/www.facebook.com\/pag10com\" \/>\n<meta property=\"article:published_time\" content=\"2020-12-25T03:46:16+00:00\" \/>\n<meta property=\"og:image\" content=\"https:\/\/pagina10.com\/web\/wp-content\/uploads\/2018\/02\/procuraduria-bogota.jpg\" \/>\n\t<meta property=\"og:image:width\" content=\"770\" \/>\n\t<meta property=\"og:image:height\" content=\"450\" \/>\n\t<meta property=\"og:image:type\" content=\"image\/jpeg\" \/>\n<meta name=\"author\" content=\"P\u00e1gina 10\" \/>\n<meta name=\"twitter:card\" content=\"summary_large_image\" \/>\n<meta name=\"twitter:creator\" content=\"@Pag10com\" \/>\n<meta name=\"twitter:site\" content=\"@Pag10com\" \/>\n<meta name=\"twitter:label1\" content=\"Escrito por\" \/>\n\t<meta name=\"twitter:data1\" content=\"P\u00e1gina 10\" \/>\n\t<meta name=\"twitter:label2\" content=\"Tiempo de lectura\" \/>\n\t<meta name=\"twitter:data2\" content=\"1 minuto\" \/>\n<script type=\"application\/ld+json\" class=\"yoast-schema-graph\">{\"@context\":\"https:\/\/schema.org\",\"@graph\":[{\"@type\":\"Article\",\"@id\":\"https:\/\/pagina10.com\/web\/procuraduria-confirmo-la-sancion-de-suspension-de-la-exsecretaria-de-gobierno-de-imues\/#article\",\"isPartOf\":{\"@id\":\"https:\/\/pagina10.com\/web\/procuraduria-confirmo-la-sancion-de-suspension-de-la-exsecretaria-de-gobierno-de-imues\/\"},\"author\":{\"name\":\"P\u00e1gina 10\",\"@id\":\"https:\/\/pagina10.com\/web\/#\/schema\/person\/2efc4a090d25b667d3bc796798a3a81b\"},\"headline\":\"Procuradur\u00eda confirm\u00f3 la sanci\u00f3n de suspensi\u00f3n de la exsecretaria de Gobierno de Imu\u00e9s\",\"datePublished\":\"2020-12-25T03:46:16+00:00\",\"mainEntityOfPage\":{\"@id\":\"https:\/\/pagina10.com\/web\/procuraduria-confirmo-la-sancion-de-suspension-de-la-exsecretaria-de-gobierno-de-imues\/\"},\"wordCount\":309,\"commentCount\":0,\"publisher\":{\"@id\":\"https:\/\/pagina10.com\/web\/#organization\"},\"image\":{\"@id\":\"https:\/\/pagina10.com\/web\/procuraduria-confirmo-la-sancion-de-suspension-de-la-exsecretaria-de-gobierno-de-imues\/#primaryimage\"},\"thumbnailUrl\":\"https:\/\/pagina10.com\/web\/wp-content\/uploads\/2018\/02\/procuraduria-bogota.jpg\",\"articleSection\":[\"Regiones\"],\"inLanguage\":\"es\",\"potentialAction\":[{\"@type\":\"CommentAction\",\"name\":\"Comment\",\"target\":[\"https:\/\/pagina10.com\/web\/procuraduria-confirmo-la-sancion-de-suspension-de-la-exsecretaria-de-gobierno-de-imues\/#respond\"]}]},{\"@type\":\"WebPage\",\"@id\":\"https:\/\/pagina10.com\/web\/procuraduria-confirmo-la-sancion-de-suspension-de-la-exsecretaria-de-gobierno-de-imues\/\",\"url\":\"https:\/\/pagina10.com\/web\/procuraduria-confirmo-la-sancion-de-suspension-de-la-exsecretaria-de-gobierno-de-imues\/\",\"name\":\"Procuradur\u00eda confirm\u00f3 la sanci\u00f3n de suspensi\u00f3n de la exsecretaria de Gobierno de Imu\u00e9s | P\u00e1gina10\",\"isPartOf\":{\"@id\":\"https:\/\/pagina10.com\/web\/#website\"},\"primaryImageOfPage\":{\"@id\":\"https:\/\/pagina10.com\/web\/procuraduria-confirmo-la-sancion-de-suspension-de-la-exsecretaria-de-gobierno-de-imues\/#primaryimage\"},\"image\":{\"@id\":\"https:\/\/pagina10.com\/web\/procuraduria-confirmo-la-sancion-de-suspension-de-la-exsecretaria-de-gobierno-de-imues\/#primaryimage\"},\"thumbnailUrl\":\"https:\/\/pagina10.com\/web\/wp-content\/uploads\/2018\/02\/procuraduria-bogota.jpg\",\"datePublished\":\"2020-12-25T03:46:16+00:00\",\"breadcrumb\":{\"@id\":\"https:\/\/pagina10.com\/web\/procuraduria-confirmo-la-sancion-de-suspension-de-la-exsecretaria-de-gobierno-de-imues\/#breadcrumb\"},\"inLanguage\":\"es\",\"potentialAction\":[{\"@type\":\"ReadAction\",\"target\":[\"https:\/\/pagina10.com\/web\/procuraduria-confirmo-la-sancion-de-suspension-de-la-exsecretaria-de-gobierno-de-imues\/\"]}]},{\"@type\":\"ImageObject\",\"inLanguage\":\"es\",\"@id\":\"https:\/\/pagina10.com\/web\/procuraduria-confirmo-la-sancion-de-suspension-de-la-exsecretaria-de-gobierno-de-imues\/#primaryimage\",\"url\":\"https:\/\/pagina10.com\/web\/wp-content\/uploads\/2018\/02\/procuraduria-bogota.jpg\",\"contentUrl\":\"https:\/\/pagina10.com\/web\/wp-content\/uploads\/2018\/02\/procuraduria-bogota.jpg\",\"width\":770,\"height\":450},{\"@type\":\"BreadcrumbList\",\"@id\":\"https:\/\/pagina10.com\/web\/procuraduria-confirmo-la-sancion-de-suspension-de-la-exsecretaria-de-gobierno-de-imues\/#breadcrumb\",\"itemListElement\":[{\"@type\":\"ListItem\",\"position\":1,\"name\":\"Portada\",\"item\":\"https:\/\/pagina10.com\/web\/\"},{\"@type\":\"ListItem\",\"position\":2,\"name\":\"Procuradur\u00eda confirm\u00f3 la sanci\u00f3n de suspensi\u00f3n de la exsecretaria de Gobierno de Imu\u00e9s\"}]},{\"@type\":\"WebSite\",\"@id\":\"https:\/\/pagina10.com\/web\/#website\",\"url\":\"https:\/\/pagina10.com\/web\/\",\"name\":\"P\u00e1gina10\",\"description\":\"Peri\u00f3dico Regional\",\"publisher\":{\"@id\":\"https:\/\/pagina10.com\/web\/#organization\"},\"alternateName\":\"P\u00e1gina10 Peri\u00f3dico Regional\",\"potentialAction\":[{\"@type\":\"SearchAction\",\"target\":{\"@type\":\"EntryPoint\",\"urlTemplate\":\"https:\/\/pagina10.com\/web\/?s={search_term_string}\"},\"query-input\":{\"@type\":\"PropertyValueSpecification\",\"valueRequired\":true,\"valueName\":\"search_term_string\"}}],\"inLanguage\":\"es\"},{\"@type\":\"Organization\",\"@id\":\"https:\/\/pagina10.com\/web\/#organization\",\"name\":\"P\u00e1gina10\",\"alternateName\":\"P\u00e1gina10 Peri\u00f3dico Regional\",\"url\":\"https:\/\/pagina10.com\/web\/\",\"logo\":{\"@type\":\"ImageObject\",\"inLanguage\":\"es\",\"@id\":\"https:\/\/pagina10.com\/web\/#\/schema\/logo\/image\/\",\"url\":\"https:\/\/pagina10.com\/web\/wp-content\/uploads\/2024\/01\/40-pagina-10-periodico-regional-pasto.jpg\",\"contentUrl\":\"https:\/\/pagina10.com\/web\/wp-content\/uploads\/2024\/01\/40-pagina-10-periodico-regional-pasto.jpg\",\"width\":1280,\"height\":720,\"caption\":\"P\u00e1gina10\"},\"image\":{\"@id\":\"https:\/\/pagina10.com\/web\/#\/schema\/logo\/image\/\"},\"sameAs\":[\"https:\/\/www.facebook.com\/pag10com\",\"https:\/\/x.com\/Pag10com\",\"https:\/\/www.instagram.com\/pagina10col\/\",\"https:\/\/youtube.com\/channel\/pag10\",\"https:\/\/www.tiktok.com\/@p10col\"]},{\"@type\":\"Person\",\"@id\":\"https:\/\/pagina10.com\/web\/#\/schema\/person\/2efc4a090d25b667d3bc796798a3a81b\",\"name\":\"P\u00e1gina 10\",\"description\":\"P\u00e1gina 10 es un peri\u00f3dico regional que nace en Colombia, en el departamento de Nari\u00f1o, con un enfoque global, fundamentado en cuatro pilares esenciales: la libertad, el pluralismo, la inclusi\u00f3n y la independencia. P\u00e1gina 10 hace referencia a Nari\u00f1o como el d\u00e9cimo departamento creado en Colombia, despu\u00e9s de un proceso pol\u00edtico liderado por actores y actrices regionales con el fin de obtener la independencia y autonom\u00eda de nuestros territorios. Con la creaci\u00f3n de P\u00e1gina 10 se pretende abrir un escenario para el dialogo, la reflexi\u00f3n y el debate que se extienda a otras geograf\u00edas de Am\u00e9rica Latina y del planeta, en una apuesta por transformar colectivamente los desaf\u00edos de un mundo contempor\u00e1neo, m\u00e1s all\u00e1 de las fronteras impuestas.\",\"url\":\"https:\/\/pagina10.com\/web\/author\/pdiezadmin\/\"}]}<\/script>\n<!-- \/ Yoast SEO plugin. -->","yoast_head_json":{"title":"Procuradur\u00eda confirm\u00f3 la sanci\u00f3n de suspensi\u00f3n de la exsecretaria de Gobierno de Imu\u00e9s | P\u00e1gina10","robots":{"index":"index","follow":"follow","max-snippet":"max-snippet:-1","max-image-preview":"max-image-preview:large","max-video-preview":"max-video-preview:-1"},"canonical":"https:\/\/pagina10.com\/web\/procuraduria-confirmo-la-sancion-de-suspension-de-la-exsecretaria-de-gobierno-de-imues\/","og_locale":"es_ES","og_type":"article","og_title":"Procuradur\u00eda confirm\u00f3 la sanci\u00f3n de suspensi\u00f3n de la exsecretaria de Gobierno de Imu\u00e9s | P\u00e1gina10","og_description":"La Procuradur\u00eda General de la Naci\u00f3n confirm\u00f3 la sanci\u00f3n de suspensi\u00f3n por dos meses a la entonces secretaria de Gobierno de Imu\u00e9s, Nari\u00f1o, Mary Rosa Mera Pantoja (2016-2019), por incumplimiento de deberes. La Procuradur\u00eda Regional de Nari\u00f1o comprob\u00f3 que la exsecretaria en su condici\u00f3n de supervisora omiti\u00f3 hacer el seguimiento t\u00e9cnico, administrativo, financiero, contable y [&hellip;]","og_url":"https:\/\/pagina10.com\/web\/procuraduria-confirmo-la-sancion-de-suspension-de-la-exsecretaria-de-gobierno-de-imues\/","og_site_name":"P\u00e1gina10","article_publisher":"https:\/\/www.facebook.com\/pag10com","article_published_time":"2020-12-25T03:46:16+00:00","og_image":[{"width":770,"height":450,"url":"https:\/\/pagina10.com\/web\/wp-content\/uploads\/2018\/02\/procuraduria-bogota.jpg","type":"image\/jpeg"}],"author":"P\u00e1gina 10","twitter_card":"summary_large_image","twitter_creator":"@Pag10com","twitter_site":"@Pag10com","twitter_misc":{"Escrito por":"P\u00e1gina 10","Tiempo de lectura":"1 minuto"},"schema":{"@context":"https:\/\/schema.org","@graph":[{"@type":"Article","@id":"https:\/\/pagina10.com\/web\/procuraduria-confirmo-la-sancion-de-suspension-de-la-exsecretaria-de-gobierno-de-imues\/#article","isPartOf":{"@id":"https:\/\/pagina10.com\/web\/procuraduria-confirmo-la-sancion-de-suspension-de-la-exsecretaria-de-gobierno-de-imues\/"},"author":{"name":"P\u00e1gina 10","@id":"https:\/\/pagina10.com\/web\/#\/schema\/person\/2efc4a090d25b667d3bc796798a3a81b"},"headline":"Procuradur\u00eda confirm\u00f3 la sanci\u00f3n de suspensi\u00f3n de la exsecretaria de Gobierno de Imu\u00e9s","datePublished":"2020-12-25T03:46:16+00:00","mainEntityOfPage":{"@id":"https:\/\/pagina10.com\/web\/procuraduria-confirmo-la-sancion-de-suspension-de-la-exsecretaria-de-gobierno-de-imues\/"},"wordCount":309,"commentCount":0,"publisher":{"@id":"https:\/\/pagina10.com\/web\/#organization"},"image":{"@id":"https:\/\/pagina10.com\/web\/procuraduria-confirmo-la-sancion-de-suspension-de-la-exsecretaria-de-gobierno-de-imues\/#primaryimage"},"thumbnailUrl":"https:\/\/pagina10.com\/web\/wp-content\/uploads\/2018\/02\/procuraduria-bogota.jpg","articleSection":["Regiones"],"inLanguage":"es","potentialAction":[{"@type":"CommentAction","name":"Comment","target":["https:\/\/pagina10.com\/web\/procuraduria-confirmo-la-sancion-de-suspension-de-la-exsecretaria-de-gobierno-de-imues\/#respond"]}]},{"@type":"WebPage","@id":"https:\/\/pagina10.com\/web\/procuraduria-confirmo-la-sancion-de-suspension-de-la-exsecretaria-de-gobierno-de-imues\/","url":"https:\/\/pagina10.com\/web\/procuraduria-confirmo-la-sancion-de-suspension-de-la-exsecretaria-de-gobierno-de-imues\/","name":"Procuradur\u00eda confirm\u00f3 la sanci\u00f3n de suspensi\u00f3n de la exsecretaria de Gobierno de Imu\u00e9s | P\u00e1gina10","isPartOf":{"@id":"https:\/\/pagina10.com\/web\/#website"},"primaryImageOfPage":{"@id":"https:\/\/pagina10.com\/web\/procuraduria-confirmo-la-sancion-de-suspension-de-la-exsecretaria-de-gobierno-de-imues\/#primaryimage"},"image":{"@id":"https:\/\/pagina10.com\/web\/procuraduria-confirmo-la-sancion-de-suspension-de-la-exsecretaria-de-gobierno-de-imues\/#primaryimage"},"thumbnailUrl":"https:\/\/pagina10.com\/web\/wp-content\/uploads\/2018\/02\/procuraduria-bogota.jpg","datePublished":"2020-12-25T03:46:16+00:00","breadcrumb":{"@id":"https:\/\/pagina10.com\/web\/procuraduria-confirmo-la-sancion-de-suspension-de-la-exsecretaria-de-gobierno-de-imues\/#breadcrumb"},"inLanguage":"es","potentialAction":[{"@type":"ReadAction","target":["https:\/\/pagina10.com\/web\/procuraduria-confirmo-la-sancion-de-suspension-de-la-exsecretaria-de-gobierno-de-imues\/"]}]},{"@type":"ImageObject","inLanguage":"es","@id":"https:\/\/pagina10.com\/web\/procuraduria-confirmo-la-sancion-de-suspension-de-la-exsecretaria-de-gobierno-de-imues\/#primaryimage","url":"https:\/\/pagina10.com\/web\/wp-content\/uploads\/2018\/02\/procuraduria-bogota.jpg","contentUrl":"https:\/\/pagina10.com\/web\/wp-content\/uploads\/2018\/02\/procuraduria-bogota.jpg","width":770,"height":450},{"@type":"BreadcrumbList","@id":"https:\/\/pagina10.com\/web\/procuraduria-confirmo-la-sancion-de-suspension-de-la-exsecretaria-de-gobierno-de-imues\/#breadcrumb","itemListElement":[{"@type":"ListItem","position":1,"name":"Portada","item":"https:\/\/pagina10.com\/web\/"},{"@type":"ListItem","position":2,"name":"Procuradur\u00eda confirm\u00f3 la sanci\u00f3n de suspensi\u00f3n de la exsecretaria de Gobierno de Imu\u00e9s"}]},{"@type":"WebSite","@id":"https:\/\/pagina10.com\/web\/#website","url":"https:\/\/pagina10.com\/web\/","name":"P\u00e1gina10","description":"Peri\u00f3dico Regional","publisher":{"@id":"https:\/\/pagina10.com\/web\/#organization"},"alternateName":"P\u00e1gina10 Peri\u00f3dico Regional","potentialAction":[{"@type":"SearchAction","target":{"@type":"EntryPoint","urlTemplate":"https:\/\/pagina10.com\/web\/?s={search_term_string}"},"query-input":{"@type":"PropertyValueSpecification","valueRequired":true,"valueName":"search_term_string"}}],"inLanguage":"es"},{"@type":"Organization","@id":"https:\/\/pagina10.com\/web\/#organization","name":"P\u00e1gina10","alternateName":"P\u00e1gina10 Peri\u00f3dico Regional","url":"https:\/\/pagina10.com\/web\/","logo":{"@type":"ImageObject","inLanguage":"es","@id":"https:\/\/pagina10.com\/web\/#\/schema\/logo\/image\/","url":"https:\/\/pagina10.com\/web\/wp-content\/uploads\/2024\/01\/40-pagina-10-periodico-regional-pasto.jpg","contentUrl":"https:\/\/pagina10.com\/web\/wp-content\/uploads\/2024\/01\/40-pagina-10-periodico-regional-pasto.jpg","width":1280,"height":720,"caption":"P\u00e1gina10"},"image":{"@id":"https:\/\/pagina10.com\/web\/#\/schema\/logo\/image\/"},"sameAs":["https:\/\/www.facebook.com\/pag10com","https:\/\/x.com\/Pag10com","https:\/\/www.instagram.com\/pagina10col\/","https:\/\/youtube.com\/channel\/pag10","https:\/\/www.tiktok.com\/@p10col"]},{"@type":"Person","@id":"https:\/\/pagina10.com\/web\/#\/schema\/person\/2efc4a090d25b667d3bc796798a3a81b","name":"P\u00e1gina 10","description":"P\u00e1gina 10 es un peri\u00f3dico regional que nace en Colombia, en el departamento de Nari\u00f1o, con un enfoque global, fundamentado en cuatro pilares esenciales: la libertad, el pluralismo, la inclusi\u00f3n y la independencia. P\u00e1gina 10 hace referencia a Nari\u00f1o como el d\u00e9cimo departamento creado en Colombia, despu\u00e9s de un proceso pol\u00edtico liderado por actores y actrices regionales con el fin de obtener la independencia y autonom\u00eda de nuestros territorios. Con la creaci\u00f3n de P\u00e1gina 10 se pretende abrir un escenario para el dialogo, la reflexi\u00f3n y el debate que se extienda a otras geograf\u00edas de Am\u00e9rica Latina y del planeta, en una apuesta por transformar colectivamente los desaf\u00edos de un mundo contempor\u00e1neo, m\u00e1s all\u00e1 de las fronteras impuestas.","url":"https:\/\/pagina10.com\/web\/author\/pdiezadmin\/"}]}},"_links":{"self":[{"href":"https:\/\/pagina10.com\/web\/wp-json\/wp\/v2\/posts\/49576","targetHints":{"allow":["GET"]}}],"collection":[{"href":"https:\/\/pagina10.com\/web\/wp-json\/wp\/v2\/posts"}],"about":[{"href":"https:\/\/pagina10.com\/web\/wp-json\/wp\/v2\/types\/post"}],"author":[{"embeddable":true,"href":"https:\/\/pagina10.com\/web\/wp-json\/wp\/v2\/users\/1"}],"replies":[{"embeddable":true,"href":"https:\/\/pagina10.com\/web\/wp-json\/wp\/v2\/comments?post=49576"}],"version-history":[{"count":1,"href":"https:\/\/pagina10.com\/web\/wp-json\/wp\/v2\/posts\/49576\/revisions"}],"predecessor-version":[{"id":49577,"href":"https:\/\/pagina10.com\/web\/wp-json\/wp\/v2\/posts\/49576\/revisions\/49577"}],"wp:featuredmedia":[{"embeddable":true,"href":"https:\/\/pagina10.com\/web\/wp-json\/wp\/v2\/media\/28806"}],"wp:attachment":[{"href":"https:\/\/pagina10.com\/web\/wp-json\/wp\/v2\/media?parent=49576"}],"wp:term":[{"taxonomy":"category","embeddable":true,"href":"https:\/\/pagina10.com\/web\/wp-json\/wp\/v2\/categories?post=49576"},{"taxonomy":"post_tag","embeddable":true,"href":"https:\/\/pagina10.com\/web\/wp-json\/wp\/v2\/tags?post=49576"}],"curies":[{"name":"wp","href":"https:\/\/api.w.org\/{rel}","templated":true}]}}