{"id":49598,"date":"2020-12-26T19:25:21","date_gmt":"2020-12-27T00:25:21","guid":{"rendered":"https:\/\/pagina10.com\/web\/?p=49598"},"modified":"2020-12-26T19:25:21","modified_gmt":"2020-12-27T00:25:21","slug":"la-resiliencia-del-pueblo-narinense","status":"publish","type":"post","link":"https:\/\/pagina10.com\/web\/la-resiliencia-del-pueblo-narinense\/","title":{"rendered":"La resiliencia del pueblo nari\u00f1ense"},"content":{"rendered":"<p style=\"text-align: justify;\">La resiliencia no es m\u00e1s que otra cosa que la capacidad que tienen los pueblos o las personas de superar las adversidades, de sobreponerse a las dificultades. Y en ultimas esa condici\u00f3n de re\u00edr de sus propias dificultades. El pueblo de Nari\u00f1o ha dado una muestra impresionante de resiliencia al momento de responder a ese sinn\u00famero de problemas suscitados a ra\u00edz de una pandemia que se ha prolongado en el tiempo y en el espacio.<\/p>\n<p style=\"text-align: justify;\">\n<p style=\"text-align: justify;\">Muchos empresarios nari\u00f1enses se vieron obligados a cerrar puertas. No obstante, muchos m\u00e1s innovaron la manera de comercializar sus productos constituy\u00e9ndose en fuentes de empleo y en una forma de ingresos segura para sus empleados directos e indirectos. No se amedrentaron ante las adversidades y, por el contrario, nos dieron ejemplo de tenacidad y lucha. Anteponerse a estas dificultades realmente que fue una cosa de verdaderos sabios.<\/p>\n<p style=\"text-align: justify;\">\n<p style=\"text-align: justify;\">Muchos nari\u00f1enses quedaron sin empleo ante el cierre de las empresas en las cuales trabajaban.\u00a0 Pues bien, lejos de dejarse morir buscaron la forma de rebusc\u00e1rsela y sortearon la dificultad con esp\u00edritu emprendedor y una tenacidad digna de figurar en los records Gines. De la noche a la ma\u00f1ana armaron empresa familiar, sacaron los pocos instrumentos y elementos a su alcance y forjaron con car\u00e1cter su propio destino y el de su familia. No se dejaron morir de hambre, sacaron esa casta emprendedora y se constituyeron en hombres y mujeres de empresa.<\/p>\n<p style=\"text-align: justify;\">\n<p style=\"text-align: justify;\">Nuestros campesinos se vieron a gatas por esta pandemia, sus productos tuvieron que competir con los for\u00e1neos de una manera desigual . La producci\u00f3n de la papa se vino al suelo, los precios sufrieron los embates del covid19. No fue ese pretexto para que se declaren en banca rota.\u00a0 Armaron cambuches, tocaron puertas, sacaron sus costales a las carreteras, a los peajes, a los hogares y agotaron existencias.\u00a0 Queda demostrado que la necesidad es madre de la creatividad y el ingenio. Que la fortaleza de los hombres y los pueblos reside en su decisi\u00f3n de sobreponerse a las dificultades.<\/p>\n<p style=\"text-align: justify;\">\n<p style=\"text-align: justify;\">Ese estribillo de \u201cBravo pueblo de invicta coraza\u201d tom\u00f3 cuerpo, se hizo realidad, se dej\u00f3 entrever en cada uno de nuestros esfuerzos y decisiones.\u00a0\u00a0 Salimos invictos, airosos, victoriosos. Claro que algo magullados y maltrechos pero dispuestos a continuar en la brega de ganarse el pan con el sudor de la frente.<\/p>\n<p style=\"text-align: justify;\">\n<p style=\"text-align: justify;\">Vimos a muchos l\u00edderes comunitarios izando la bandera de la reivindicacion social. Llevando a sus huestes, conduciendo a su gente, dirigiendo palabras de resistencia y fortaleza. No se dejaron amilanar de las circunstancias ni les tembl\u00f3 la mano para \u201cencuellar\u201d a ese bicho raro y extra\u00f1o que trastoc\u00f3 nuestras vidas y econom\u00eda de un momento para otro.\u00a0 Como modernos profetas llevaron a su pueblo a la tierra sagrada de promisi\u00f3n.<\/p>\n<p style=\"text-align: justify;\">\n<p style=\"text-align: justify;\">Y el \u201cpueblo &#8211; pueblo\u201d, ese descastado sector que vive del rebusque, venciendo afugias cotidianas y soportando hambre tambi\u00e9n sali\u00f3 airoso. Bast\u00f3 un agua de panela, un pan y una lata de at\u00fan para que todo su ingenio se encienda en su pretensi\u00f3n de no dejar morir de hambre a los suyos.\u00a0 No se dej\u00f3 morir y, por el contrario, hizo visible su inmensa capacidad y fortaleza.<\/p>\n<p style=\"text-align: justify;\">\n<p style=\"text-align: justify;\">Nari\u00f1o es un pueblo valeroso, con gente ingeniosa y fuerte.\u00a0 Nos corresponde alimentar esa fuerza, atizar esa hoguera para que emprendamos el camino del progreso y el desarrollo. Hemos demostrado que podemos, que nada nos vence ni nos amilana. Somos, efectivamente, ese \u201cpueblo bravo de invicta coraza\u201d, esa \u201cLuz eterna de p\u00e9treo fanal\u2026\u201d. \u00a1Y si pudimos con el covid19, podemos con todo!<\/p>\n","protected":false},"excerpt":{"rendered":"<p>La resiliencia no es m\u00e1s que otra cosa que la capacidad que tienen los pueblos o las personas de superar las adversidades, de sobreponerse a las dificultades. Y en ultimas esa condici\u00f3n de re\u00edr de sus propias dificultades. El pueblo de Nari\u00f1o ha dado una muestra impresionante de resiliencia al momento de responder a ese [&hellip;]<\/p>\n","protected":false},"author":46,"featured_media":49599,"comment_status":"open","ping_status":"open","sticky":false,"template":"","format":"standard","meta":{"footnotes":""},"categories":[53],"tags":[],"class_list":["post-49598","post","type-post","status-publish","format-standard","has-post-thumbnail","hentry","category-regiones"],"yoast_head":"<!-- This site is optimized with the Yoast SEO plugin v27.1.1 - https:\/\/yoast.com\/product\/yoast-seo-wordpress\/ -->\n<title>La resiliencia del pueblo nari\u00f1ense | P\u00e1gina10<\/title>\n<meta name=\"robots\" content=\"index, follow, max-snippet:-1, max-image-preview:large, max-video-preview:-1\" \/>\n<link rel=\"canonical\" href=\"https:\/\/pagina10.com\/web\/la-resiliencia-del-pueblo-narinense\/\" \/>\n<meta property=\"og:locale\" content=\"es_ES\" \/>\n<meta property=\"og:type\" content=\"article\" \/>\n<meta property=\"og:title\" content=\"La resiliencia del pueblo nari\u00f1ense | P\u00e1gina10\" \/>\n<meta property=\"og:description\" content=\"La resiliencia no es m\u00e1s que otra cosa que la capacidad que tienen los pueblos o las personas de superar las adversidades, de sobreponerse a las dificultades. Y en ultimas esa condici\u00f3n de re\u00edr de sus propias dificultades. El pueblo de Nari\u00f1o ha dado una muestra impresionante de resiliencia al momento de responder a ese [&hellip;]\" \/>\n<meta property=\"og:url\" content=\"https:\/\/pagina10.com\/web\/la-resiliencia-del-pueblo-narinense\/\" \/>\n<meta property=\"og:site_name\" content=\"P\u00e1gina10\" \/>\n<meta property=\"article:publisher\" content=\"https:\/\/www.facebook.com\/pag10com\" \/>\n<meta property=\"article:published_time\" content=\"2020-12-27T00:25:21+00:00\" \/>\n<meta property=\"og:image\" content=\"https:\/\/pagina10.com\/web\/wp-content\/uploads\/2020\/12\/Captura-de-Pantalla-2020-12-26-a-las-7.24.39-p.-m..png\" \/>\n\t<meta property=\"og:image:width\" content=\"359\" \/>\n\t<meta property=\"og:image:height\" content=\"282\" \/>\n\t<meta property=\"og:image:type\" content=\"image\/png\" \/>\n<meta name=\"author\" content=\"Pablo Emilio Obando Acosta\" \/>\n<meta name=\"twitter:card\" content=\"summary_large_image\" \/>\n<meta name=\"twitter:creator\" content=\"@Pag10com\" \/>\n<meta name=\"twitter:site\" content=\"@Pag10com\" \/>\n<meta name=\"twitter:label1\" content=\"Escrito por\" \/>\n\t<meta name=\"twitter:data1\" content=\"Pablo Emilio Obando Acosta\" \/>\n\t<meta name=\"twitter:label2\" content=\"Tiempo de lectura\" \/>\n\t<meta name=\"twitter:data2\" content=\"3 minutos\" \/>\n<script type=\"application\/ld+json\" class=\"yoast-schema-graph\">{\"@context\":\"https:\/\/schema.org\",\"@graph\":[{\"@type\":\"Article\",\"@id\":\"https:\/\/pagina10.com\/web\/la-resiliencia-del-pueblo-narinense\/#article\",\"isPartOf\":{\"@id\":\"https:\/\/pagina10.com\/web\/la-resiliencia-del-pueblo-narinense\/\"},\"author\":{\"name\":\"Pablo Emilio Obando Acosta\",\"@id\":\"https:\/\/pagina10.com\/web\/#\/schema\/person\/3d3687c9f037834284853a963ee45123\"},\"headline\":\"La resiliencia del pueblo nari\u00f1ense\",\"datePublished\":\"2020-12-27T00:25:21+00:00\",\"mainEntityOfPage\":{\"@id\":\"https:\/\/pagina10.com\/web\/la-resiliencia-del-pueblo-narinense\/\"},\"wordCount\":614,\"commentCount\":0,\"publisher\":{\"@id\":\"https:\/\/pagina10.com\/web\/#organization\"},\"image\":{\"@id\":\"https:\/\/pagina10.com\/web\/la-resiliencia-del-pueblo-narinense\/#primaryimage\"},\"thumbnailUrl\":\"https:\/\/pagina10.com\/web\/wp-content\/uploads\/2020\/12\/Captura-de-Pantalla-2020-12-26-a-las-7.24.39-p.-m..png\",\"articleSection\":[\"Regiones\"],\"inLanguage\":\"es\",\"potentialAction\":[{\"@type\":\"CommentAction\",\"name\":\"Comment\",\"target\":[\"https:\/\/pagina10.com\/web\/la-resiliencia-del-pueblo-narinense\/#respond\"]}]},{\"@type\":\"WebPage\",\"@id\":\"https:\/\/pagina10.com\/web\/la-resiliencia-del-pueblo-narinense\/\",\"url\":\"https:\/\/pagina10.com\/web\/la-resiliencia-del-pueblo-narinense\/\",\"name\":\"La resiliencia del pueblo nari\u00f1ense | P\u00e1gina10\",\"isPartOf\":{\"@id\":\"https:\/\/pagina10.com\/web\/#website\"},\"primaryImageOfPage\":{\"@id\":\"https:\/\/pagina10.com\/web\/la-resiliencia-del-pueblo-narinense\/#primaryimage\"},\"image\":{\"@id\":\"https:\/\/pagina10.com\/web\/la-resiliencia-del-pueblo-narinense\/#primaryimage\"},\"thumbnailUrl\":\"https:\/\/pagina10.com\/web\/wp-content\/uploads\/2020\/12\/Captura-de-Pantalla-2020-12-26-a-las-7.24.39-p.-m..png\",\"datePublished\":\"2020-12-27T00:25:21+00:00\",\"breadcrumb\":{\"@id\":\"https:\/\/pagina10.com\/web\/la-resiliencia-del-pueblo-narinense\/#breadcrumb\"},\"inLanguage\":\"es\",\"potentialAction\":[{\"@type\":\"ReadAction\",\"target\":[\"https:\/\/pagina10.com\/web\/la-resiliencia-del-pueblo-narinense\/\"]}]},{\"@type\":\"ImageObject\",\"inLanguage\":\"es\",\"@id\":\"https:\/\/pagina10.com\/web\/la-resiliencia-del-pueblo-narinense\/#primaryimage\",\"url\":\"https:\/\/pagina10.com\/web\/wp-content\/uploads\/2020\/12\/Captura-de-Pantalla-2020-12-26-a-las-7.24.39-p.-m..png\",\"contentUrl\":\"https:\/\/pagina10.com\/web\/wp-content\/uploads\/2020\/12\/Captura-de-Pantalla-2020-12-26-a-las-7.24.39-p.-m..png\",\"width\":359,\"height\":282},{\"@type\":\"BreadcrumbList\",\"@id\":\"https:\/\/pagina10.com\/web\/la-resiliencia-del-pueblo-narinense\/#breadcrumb\",\"itemListElement\":[{\"@type\":\"ListItem\",\"position\":1,\"name\":\"Portada\",\"item\":\"https:\/\/pagina10.com\/web\/\"},{\"@type\":\"ListItem\",\"position\":2,\"name\":\"La resiliencia del pueblo nari\u00f1ense\"}]},{\"@type\":\"WebSite\",\"@id\":\"https:\/\/pagina10.com\/web\/#website\",\"url\":\"https:\/\/pagina10.com\/web\/\",\"name\":\"P\u00e1gina10\",\"description\":\"Peri\u00f3dico Regional\",\"publisher\":{\"@id\":\"https:\/\/pagina10.com\/web\/#organization\"},\"alternateName\":\"P\u00e1gina10 Peri\u00f3dico Regional\",\"potentialAction\":[{\"@type\":\"SearchAction\",\"target\":{\"@type\":\"EntryPoint\",\"urlTemplate\":\"https:\/\/pagina10.com\/web\/?s={search_term_string}\"},\"query-input\":{\"@type\":\"PropertyValueSpecification\",\"valueRequired\":true,\"valueName\":\"search_term_string\"}}],\"inLanguage\":\"es\"},{\"@type\":\"Organization\",\"@id\":\"https:\/\/pagina10.com\/web\/#organization\",\"name\":\"P\u00e1gina10\",\"alternateName\":\"P\u00e1gina10 Peri\u00f3dico Regional\",\"url\":\"https:\/\/pagina10.com\/web\/\",\"logo\":{\"@type\":\"ImageObject\",\"inLanguage\":\"es\",\"@id\":\"https:\/\/pagina10.com\/web\/#\/schema\/logo\/image\/\",\"url\":\"https:\/\/pagina10.com\/web\/wp-content\/uploads\/2024\/01\/40-pagina-10-periodico-regional-pasto.jpg\",\"contentUrl\":\"https:\/\/pagina10.com\/web\/wp-content\/uploads\/2024\/01\/40-pagina-10-periodico-regional-pasto.jpg\",\"width\":1280,\"height\":720,\"caption\":\"P\u00e1gina10\"},\"image\":{\"@id\":\"https:\/\/pagina10.com\/web\/#\/schema\/logo\/image\/\"},\"sameAs\":[\"https:\/\/www.facebook.com\/pag10com\",\"https:\/\/x.com\/Pag10com\",\"https:\/\/www.instagram.com\/pagina10col\/\",\"https:\/\/youtube.com\/channel\/pag10\",\"https:\/\/www.tiktok.com\/@p10col\"]},{\"@type\":\"Person\",\"@id\":\"https:\/\/pagina10.com\/web\/#\/schema\/person\/3d3687c9f037834284853a963ee45123\",\"name\":\"Pablo Emilio Obando Acosta\",\"description\":\"PABLO EMILIO OBANDO ACOSTA Nace en el a\u00f1o de 1965. Bachiller acad\u00e9mico Modalidad Humanidades del INEM de Pasto. En 1989 culmina sus estudios universitarios en la Universidad de Nari\u00f1o obteniendo el t\u00edtulo de Licenciado en Ciencias Sociales \u2013 \u00e9nfasis Ciencias de la Educaci\u00f3n \u2013Jornada nocturna-. Especialista en Literatura latinoamericana y colaborador de importantes medios de comunicaci\u00f3n escritos de nuestra regi\u00f3n y del pa\u00eds: El Tiempo.com, Semana.com, Dinero, Diario Del Sur, El Espectador.com, entre otros, Sus escritos se conocen y han obtenido reconocimientos en Chile, Uruguay, Paraguay, Espa\u00f1a y Alemania. En el a\u00f1o 2000 obtiene el reconocimiento CORREO DEL SUR como el personaje c\u00edvico del a\u00f1o por su f\u00e9rrea defensa de la dignidad pastense al protestar con su documento \u201cUn pueblo ante la historia\u201d por el trato despectivo de algunos medios de comunicaci\u00f3n. Las reacciones no se hacen esperar en peri\u00f3dicos de circulaci\u00f3n regional y nacional como El Tiempo, El Espectador y El Pa\u00eds. Ha obtenido m\u00faltiples medallas y condecoraciones por su labor period\u00edstica y cultural: Medalla al merito Guillermo Edmundo Ch\u00e1vez \u2013 mejor escritor del departamento de Nari\u00f1o 2005 \u2013 Fundaci\u00f3n Gabriel Garc\u00eda M\u00e1rquez. Mejor Columnista del departamento de Nari\u00f1o \u2013 a\u00f1os 1991 \u2013 1993 \u2013 1996 \u2013 2001 \u2013 2006 Fundaci\u00f3n Cultural Correo del Sur. Personaje C\u00edvico del Departamento de Nari\u00f1o a\u00f1o 2000. Medalla \u00c1lvaro Javier Jurado Calvache a\u00f1o 2007 \u2013 Centro Educativo PROFESA \u2013 defensor poblaci\u00f3n vulnerable del municipio de Pasto. Mejor cuentista del departamento de Nari\u00f1o \u2013 a\u00f1os 1989 \u2013 2004 \u2013 2005. Cronista m\u00e1s destacado del departamento de Nari\u00f1o \u2013 a\u00f1o 2001. Finalista VI Concurso Internacional de Cuento \u2013 Prensa Nueva \u2013 a\u00f1o 1991. Primer puesto Concurso nacional de cuento \u2013 Contralor\u00eda general de la Rep\u00fablica \u2013 a\u00f1o 1992. Primer Lugar Concurso Municipal de Periodismo \u201cSilvio Le\u00f3n Espa\u00f1a\u201d \u2013 2009. . Reconocimiento Concejo municipal de Pasto, por su labor c\u00edvica y educativa. Sus obras y escritos se conocen en varios pa\u00edses de Latinoam\u00e9rica y de Colombia. Es autor de una docena de textos y m\u00e1s de un millar de columnas de opini\u00f3n que han generado pol\u00e9mica en el contexto nacional y latinoamericano: Testimonio de una insurrecci\u00f3n ciudadana \u2013 2011. El doctor Mierda. Un pueblo ante la historia. La filosof\u00eda de la gallina. Del amor por la Tierra... y otros textos. Diario de un maestro de escuela. Apuntes para una nueva historia Nuevos apuntes \u2013 Tomas Hidalgo Calvache. El problema de los cristianos. La utilidad del poeta. \u00bfTe acuerdas Mariana...? Corona F\u00fanebre \u2013 Tomas Hidalgo Calvache. En formato digital ha editado los siguientes t\u00edtulos: - La nueva filosof\u00eda de la gallina. - Tomas Hidalgo Calvache - Apuntes. - Educar con valor. Figura en varias antolog\u00edas de autores nari\u00f1enses y en una latinoamericana. Sobre \u00e9l han escrito elogiosamente intelectuales de la talla de Otto Morales Ben\u00edtez, Edgar Bastidas Urresty, Juan Augusto Ortiz cabrera, Carlos Santamar\u00eda, Javier Rodrizales, Miguel Garz\u00f3n Arteaga, Fausto Molina, Jorge Arturo Bravo y otros tantos que ser\u00eda dif\u00edcil nombrar en esta peque\u00f1a cr\u00f3nica sobre Pablo Emilio Obando Acosta.\",\"url\":\"https:\/\/pagina10.com\/web\/author\/pobando\/\"}]}<\/script>\n<!-- \/ Yoast SEO plugin. -->","yoast_head_json":{"title":"La resiliencia del pueblo nari\u00f1ense | P\u00e1gina10","robots":{"index":"index","follow":"follow","max-snippet":"max-snippet:-1","max-image-preview":"max-image-preview:large","max-video-preview":"max-video-preview:-1"},"canonical":"https:\/\/pagina10.com\/web\/la-resiliencia-del-pueblo-narinense\/","og_locale":"es_ES","og_type":"article","og_title":"La resiliencia del pueblo nari\u00f1ense | P\u00e1gina10","og_description":"La resiliencia no es m\u00e1s que otra cosa que la capacidad que tienen los pueblos o las personas de superar las adversidades, de sobreponerse a las dificultades. Y en ultimas esa condici\u00f3n de re\u00edr de sus propias dificultades. El pueblo de Nari\u00f1o ha dado una muestra impresionante de resiliencia al momento de responder a ese [&hellip;]","og_url":"https:\/\/pagina10.com\/web\/la-resiliencia-del-pueblo-narinense\/","og_site_name":"P\u00e1gina10","article_publisher":"https:\/\/www.facebook.com\/pag10com","article_published_time":"2020-12-27T00:25:21+00:00","og_image":[{"width":359,"height":282,"url":"https:\/\/pagina10.com\/web\/wp-content\/uploads\/2020\/12\/Captura-de-Pantalla-2020-12-26-a-las-7.24.39-p.-m..png","type":"image\/png"}],"author":"Pablo Emilio Obando Acosta","twitter_card":"summary_large_image","twitter_creator":"@Pag10com","twitter_site":"@Pag10com","twitter_misc":{"Escrito por":"Pablo Emilio Obando Acosta","Tiempo de lectura":"3 minutos"},"schema":{"@context":"https:\/\/schema.org","@graph":[{"@type":"Article","@id":"https:\/\/pagina10.com\/web\/la-resiliencia-del-pueblo-narinense\/#article","isPartOf":{"@id":"https:\/\/pagina10.com\/web\/la-resiliencia-del-pueblo-narinense\/"},"author":{"name":"Pablo Emilio Obando Acosta","@id":"https:\/\/pagina10.com\/web\/#\/schema\/person\/3d3687c9f037834284853a963ee45123"},"headline":"La resiliencia del pueblo nari\u00f1ense","datePublished":"2020-12-27T00:25:21+00:00","mainEntityOfPage":{"@id":"https:\/\/pagina10.com\/web\/la-resiliencia-del-pueblo-narinense\/"},"wordCount":614,"commentCount":0,"publisher":{"@id":"https:\/\/pagina10.com\/web\/#organization"},"image":{"@id":"https:\/\/pagina10.com\/web\/la-resiliencia-del-pueblo-narinense\/#primaryimage"},"thumbnailUrl":"https:\/\/pagina10.com\/web\/wp-content\/uploads\/2020\/12\/Captura-de-Pantalla-2020-12-26-a-las-7.24.39-p.-m..png","articleSection":["Regiones"],"inLanguage":"es","potentialAction":[{"@type":"CommentAction","name":"Comment","target":["https:\/\/pagina10.com\/web\/la-resiliencia-del-pueblo-narinense\/#respond"]}]},{"@type":"WebPage","@id":"https:\/\/pagina10.com\/web\/la-resiliencia-del-pueblo-narinense\/","url":"https:\/\/pagina10.com\/web\/la-resiliencia-del-pueblo-narinense\/","name":"La resiliencia del pueblo nari\u00f1ense | P\u00e1gina10","isPartOf":{"@id":"https:\/\/pagina10.com\/web\/#website"},"primaryImageOfPage":{"@id":"https:\/\/pagina10.com\/web\/la-resiliencia-del-pueblo-narinense\/#primaryimage"},"image":{"@id":"https:\/\/pagina10.com\/web\/la-resiliencia-del-pueblo-narinense\/#primaryimage"},"thumbnailUrl":"https:\/\/pagina10.com\/web\/wp-content\/uploads\/2020\/12\/Captura-de-Pantalla-2020-12-26-a-las-7.24.39-p.-m..png","datePublished":"2020-12-27T00:25:21+00:00","breadcrumb":{"@id":"https:\/\/pagina10.com\/web\/la-resiliencia-del-pueblo-narinense\/#breadcrumb"},"inLanguage":"es","potentialAction":[{"@type":"ReadAction","target":["https:\/\/pagina10.com\/web\/la-resiliencia-del-pueblo-narinense\/"]}]},{"@type":"ImageObject","inLanguage":"es","@id":"https:\/\/pagina10.com\/web\/la-resiliencia-del-pueblo-narinense\/#primaryimage","url":"https:\/\/pagina10.com\/web\/wp-content\/uploads\/2020\/12\/Captura-de-Pantalla-2020-12-26-a-las-7.24.39-p.-m..png","contentUrl":"https:\/\/pagina10.com\/web\/wp-content\/uploads\/2020\/12\/Captura-de-Pantalla-2020-12-26-a-las-7.24.39-p.-m..png","width":359,"height":282},{"@type":"BreadcrumbList","@id":"https:\/\/pagina10.com\/web\/la-resiliencia-del-pueblo-narinense\/#breadcrumb","itemListElement":[{"@type":"ListItem","position":1,"name":"Portada","item":"https:\/\/pagina10.com\/web\/"},{"@type":"ListItem","position":2,"name":"La resiliencia del pueblo nari\u00f1ense"}]},{"@type":"WebSite","@id":"https:\/\/pagina10.com\/web\/#website","url":"https:\/\/pagina10.com\/web\/","name":"P\u00e1gina10","description":"Peri\u00f3dico Regional","publisher":{"@id":"https:\/\/pagina10.com\/web\/#organization"},"alternateName":"P\u00e1gina10 Peri\u00f3dico Regional","potentialAction":[{"@type":"SearchAction","target":{"@type":"EntryPoint","urlTemplate":"https:\/\/pagina10.com\/web\/?s={search_term_string}"},"query-input":{"@type":"PropertyValueSpecification","valueRequired":true,"valueName":"search_term_string"}}],"inLanguage":"es"},{"@type":"Organization","@id":"https:\/\/pagina10.com\/web\/#organization","name":"P\u00e1gina10","alternateName":"P\u00e1gina10 Peri\u00f3dico Regional","url":"https:\/\/pagina10.com\/web\/","logo":{"@type":"ImageObject","inLanguage":"es","@id":"https:\/\/pagina10.com\/web\/#\/schema\/logo\/image\/","url":"https:\/\/pagina10.com\/web\/wp-content\/uploads\/2024\/01\/40-pagina-10-periodico-regional-pasto.jpg","contentUrl":"https:\/\/pagina10.com\/web\/wp-content\/uploads\/2024\/01\/40-pagina-10-periodico-regional-pasto.jpg","width":1280,"height":720,"caption":"P\u00e1gina10"},"image":{"@id":"https:\/\/pagina10.com\/web\/#\/schema\/logo\/image\/"},"sameAs":["https:\/\/www.facebook.com\/pag10com","https:\/\/x.com\/Pag10com","https:\/\/www.instagram.com\/pagina10col\/","https:\/\/youtube.com\/channel\/pag10","https:\/\/www.tiktok.com\/@p10col"]},{"@type":"Person","@id":"https:\/\/pagina10.com\/web\/#\/schema\/person\/3d3687c9f037834284853a963ee45123","name":"Pablo Emilio Obando Acosta","description":"PABLO EMILIO OBANDO ACOSTA Nace en el a\u00f1o de 1965. Bachiller acad\u00e9mico Modalidad Humanidades del INEM de Pasto. En 1989 culmina sus estudios universitarios en la Universidad de Nari\u00f1o obteniendo el t\u00edtulo de Licenciado en Ciencias Sociales \u2013 \u00e9nfasis Ciencias de la Educaci\u00f3n \u2013Jornada nocturna-. Especialista en Literatura latinoamericana y colaborador de importantes medios de comunicaci\u00f3n escritos de nuestra regi\u00f3n y del pa\u00eds: El Tiempo.com, Semana.com, Dinero, Diario Del Sur, El Espectador.com, entre otros, Sus escritos se conocen y han obtenido reconocimientos en Chile, Uruguay, Paraguay, Espa\u00f1a y Alemania. En el a\u00f1o 2000 obtiene el reconocimiento CORREO DEL SUR como el personaje c\u00edvico del a\u00f1o por su f\u00e9rrea defensa de la dignidad pastense al protestar con su documento \u201cUn pueblo ante la historia\u201d por el trato despectivo de algunos medios de comunicaci\u00f3n. Las reacciones no se hacen esperar en peri\u00f3dicos de circulaci\u00f3n regional y nacional como El Tiempo, El Espectador y El Pa\u00eds. Ha obtenido m\u00faltiples medallas y condecoraciones por su labor period\u00edstica y cultural: Medalla al merito Guillermo Edmundo Ch\u00e1vez \u2013 mejor escritor del departamento de Nari\u00f1o 2005 \u2013 Fundaci\u00f3n Gabriel Garc\u00eda M\u00e1rquez. Mejor Columnista del departamento de Nari\u00f1o \u2013 a\u00f1os 1991 \u2013 1993 \u2013 1996 \u2013 2001 \u2013 2006 Fundaci\u00f3n Cultural Correo del Sur. Personaje C\u00edvico del Departamento de Nari\u00f1o a\u00f1o 2000. Medalla \u00c1lvaro Javier Jurado Calvache a\u00f1o 2007 \u2013 Centro Educativo PROFESA \u2013 defensor poblaci\u00f3n vulnerable del municipio de Pasto. Mejor cuentista del departamento de Nari\u00f1o \u2013 a\u00f1os 1989 \u2013 2004 \u2013 2005. Cronista m\u00e1s destacado del departamento de Nari\u00f1o \u2013 a\u00f1o 2001. Finalista VI Concurso Internacional de Cuento \u2013 Prensa Nueva \u2013 a\u00f1o 1991. Primer puesto Concurso nacional de cuento \u2013 Contralor\u00eda general de la Rep\u00fablica \u2013 a\u00f1o 1992. Primer Lugar Concurso Municipal de Periodismo \u201cSilvio Le\u00f3n Espa\u00f1a\u201d \u2013 2009. . Reconocimiento Concejo municipal de Pasto, por su labor c\u00edvica y educativa. Sus obras y escritos se conocen en varios pa\u00edses de Latinoam\u00e9rica y de Colombia. Es autor de una docena de textos y m\u00e1s de un millar de columnas de opini\u00f3n que han generado pol\u00e9mica en el contexto nacional y latinoamericano: Testimonio de una insurrecci\u00f3n ciudadana \u2013 2011. El doctor Mierda. Un pueblo ante la historia. La filosof\u00eda de la gallina. Del amor por la Tierra... y otros textos. Diario de un maestro de escuela. Apuntes para una nueva historia Nuevos apuntes \u2013 Tomas Hidalgo Calvache. El problema de los cristianos. La utilidad del poeta. \u00bfTe acuerdas Mariana...? Corona F\u00fanebre \u2013 Tomas Hidalgo Calvache. En formato digital ha editado los siguientes t\u00edtulos: - La nueva filosof\u00eda de la gallina. - Tomas Hidalgo Calvache - Apuntes. - Educar con valor. Figura en varias antolog\u00edas de autores nari\u00f1enses y en una latinoamericana. Sobre \u00e9l han escrito elogiosamente intelectuales de la talla de Otto Morales Ben\u00edtez, Edgar Bastidas Urresty, Juan Augusto Ortiz cabrera, Carlos Santamar\u00eda, Javier Rodrizales, Miguel Garz\u00f3n Arteaga, Fausto Molina, Jorge Arturo Bravo y otros tantos que ser\u00eda dif\u00edcil nombrar en esta peque\u00f1a cr\u00f3nica sobre Pablo Emilio Obando Acosta.","url":"https:\/\/pagina10.com\/web\/author\/pobando\/"}]}},"_links":{"self":[{"href":"https:\/\/pagina10.com\/web\/wp-json\/wp\/v2\/posts\/49598","targetHints":{"allow":["GET"]}}],"collection":[{"href":"https:\/\/pagina10.com\/web\/wp-json\/wp\/v2\/posts"}],"about":[{"href":"https:\/\/pagina10.com\/web\/wp-json\/wp\/v2\/types\/post"}],"author":[{"embeddable":true,"href":"https:\/\/pagina10.com\/web\/wp-json\/wp\/v2\/users\/46"}],"replies":[{"embeddable":true,"href":"https:\/\/pagina10.com\/web\/wp-json\/wp\/v2\/comments?post=49598"}],"version-history":[{"count":1,"href":"https:\/\/pagina10.com\/web\/wp-json\/wp\/v2\/posts\/49598\/revisions"}],"predecessor-version":[{"id":49600,"href":"https:\/\/pagina10.com\/web\/wp-json\/wp\/v2\/posts\/49598\/revisions\/49600"}],"wp:featuredmedia":[{"embeddable":true,"href":"https:\/\/pagina10.com\/web\/wp-json\/wp\/v2\/media\/49599"}],"wp:attachment":[{"href":"https:\/\/pagina10.com\/web\/wp-json\/wp\/v2\/media?parent=49598"}],"wp:term":[{"taxonomy":"category","embeddable":true,"href":"https:\/\/pagina10.com\/web\/wp-json\/wp\/v2\/categories?post=49598"},{"taxonomy":"post_tag","embeddable":true,"href":"https:\/\/pagina10.com\/web\/wp-json\/wp\/v2\/tags?post=49598"}],"curies":[{"name":"wp","href":"https:\/\/api.w.org\/{rel}","templated":true}]}}