{"id":49689,"date":"2021-01-02T11:25:32","date_gmt":"2021-01-02T16:25:32","guid":{"rendered":"https:\/\/pagina10.com\/web\/?p=49689"},"modified":"2021-01-02T12:10:14","modified_gmt":"2021-01-02T17:10:14","slug":"reconocimientos-el-poder-de-las-mujeres-en-narino-conozca-a-las-galardonadas","status":"publish","type":"post","link":"https:\/\/pagina10.com\/web\/reconocimientos-el-poder-de-las-mujeres-en-narino-conozca-a-las-galardonadas\/","title":{"rendered":"Reconocimientos &#8220;El poder de las mujeres en Nari\u00f1o&#8221;. Conozca a las galardonadas."},"content":{"rendered":"<div dir=\"auto\" style=\"text-align: justify;\">Luego de un proceso de convocatoria y \u00a0postulaci\u00f3n de cerca de 100 mujeres, y despu\u00e9s de una preselecci\u00f3n de las cuales quedaron 50 mujeres, en donde la ciudadan\u00eda tuvo la oportunidad de opinar y construir colectivamente los impactos de las l\u00edderes, el jurado de los reconocimientos \u201cEl Poder de las mujeres en Nari\u00f1o\u201dconformado por Ang\u00e9lica G\u00f3mez, Carolina Lara, Edith Bastidas, Mayt\u00e9 Rosales y Andrea Riascos dio el siguiente veredicto con base a las <a href=\"https:\/\/pagina10.com\/web\/reconocimientos-el-poder-de-las-mujeres-en-narino-postulate-y-participa\/\">reglas de establecidas previamente<\/a>:<\/div>\n<div dir=\"auto\"><\/div>\n<ol style=\"text-align: justify;\">\n<li>Liderazgo en Ciencia, Tecnolog\u00eda e Innovaci\u00f3n: <a href=\"https:\/\/www.facebook.com\/pag10com\/photos\/3675240139210172\">Ana Luc\u00eda Caicedo.<\/a><img fetchpriority=\"high\" decoding=\"async\" class=\"aligncenter wp-image-49691\" src=\"https:\/\/pagina10.com\/web\/wp-content\/uploads\/2021\/01\/130926046_3675240142543505_6798373854887071562_n.jpg\" alt=\"\" width=\"373\" height=\"494\" srcset=\"https:\/\/pagina10.com\/web\/wp-content\/uploads\/2021\/01\/130926046_3675240142543505_6798373854887071562_n.jpg 453w, https:\/\/pagina10.com\/web\/wp-content\/uploads\/2021\/01\/130926046_3675240142543505_6798373854887071562_n-227x300.jpg 227w\" sizes=\"(max-width: 373px) 100vw, 373px\" \/><\/li>\n<\/ol>\n<ul style=\"text-align: justify;\">\n<li>Ana Luc\u00eda Caicedo Laurido es cient\u00edfica de la Direcci\u00f3n Nacional Mar\u00edtima, adscrita a la Armada Nacional, Ingeniera electr\u00f3nica de la Universidad Nari\u00f1o, magister en oceanograf\u00eda f\u00edsica de la Escuela Naval Almirante Padilla y doctorada en ciencias del mar de la Universidad Jorge Tadeo Lozano.<\/li>\n<\/ul>\n<p style=\"text-align: justify;\">2. \u00a0Liderazgo en la transformaci\u00f3n del campo y la ruralidad:\u00a0<a href=\"https:\/\/www.facebook.com\/pag10com\/photos\/3670710589663127\">Cielo G\u00f3mez Cabrera<\/a><\/p>\n<p><img decoding=\"async\" class=\"aligncenter wp-image-49692\" src=\"https:\/\/pagina10.com\/web\/wp-content\/uploads\/2021\/01\/131466495_3670710592996460_8926516375422157339_n.jpg\" alt=\"\" width=\"378\" height=\"500\" srcset=\"https:\/\/pagina10.com\/web\/wp-content\/uploads\/2021\/01\/131466495_3670710592996460_8926516375422157339_n.jpg 453w, https:\/\/pagina10.com\/web\/wp-content\/uploads\/2021\/01\/131466495_3670710592996460_8926516375422157339_n-227x300.jpg 227w\" sizes=\"(max-width: 378px) 100vw, 378px\" \/>Es una mujer rural que se dedica a la agricultura principalmente al caf\u00e9, tiene su propio cultivo, es independiente y es l\u00edder en la mesa municipal del Tabl\u00f3n de G\u00f3mez. Es una mujer emprendedora y empoderada de la tierra y su deseo es que las otras mujeres de su municipio conozcan sus derechos y juntas luchar por la igualdad con el fin de tener las mismas oportunidades que los hombres en el trabajo.<\/p>\n<p style=\"text-align: justify;\">3. Liderazgo en el sector p\u00fablico: <a href=\"https:\/\/www.facebook.com\/pag10com\/photos\/3679285655472287\">Rosita Guevara<\/a><\/p>\n<p style=\"text-align: justify;\"><img decoding=\"async\" class=\"aligncenter wp-image-49693\" src=\"https:\/\/pagina10.com\/web\/wp-content\/uploads\/2021\/01\/132331047_3679285658805620_530024794968998193_o.jpg\" alt=\"\" width=\"377\" height=\"377\" srcset=\"https:\/\/pagina10.com\/web\/wp-content\/uploads\/2021\/01\/132331047_3679285658805620_530024794968998193_o.jpg 1081w, https:\/\/pagina10.com\/web\/wp-content\/uploads\/2021\/01\/132331047_3679285658805620_530024794968998193_o-300x300.jpg 300w, https:\/\/pagina10.com\/web\/wp-content\/uploads\/2021\/01\/132331047_3679285658805620_530024794968998193_o-1024x1024.jpg 1024w, https:\/\/pagina10.com\/web\/wp-content\/uploads\/2021\/01\/132331047_3679285658805620_530024794968998193_o-150x150.jpg 150w, https:\/\/pagina10.com\/web\/wp-content\/uploads\/2021\/01\/132331047_3679285658805620_530024794968998193_o-768x769.jpg 768w, https:\/\/pagina10.com\/web\/wp-content\/uploads\/2021\/01\/132331047_3679285658805620_530024794968998193_o-100x100.jpg 100w\" sizes=\"(max-width: 377px) 100vw, 377px\" \/>Diputada de Nari\u00f1o y L\u00edder social que ha recorrido todo el departamento en busca de retos y necesidades presentes en las diferentes regiones con el \u00fanico prop\u00f3sito de velar y proteger los derechos en Nari\u00f1o.<\/p>\n<p style=\"text-align: justify;\">Se ha destacado en la asamblea por su trabajo riguroso en la construcci\u00f3n del plan de desarrollo departamental, lider\u00f3 la creaci\u00f3n de la tasa pro Deporte con el fin de incentivar y apoyar la recreaci\u00f3n, pr\u00e1cticas deportivas, competencias y h\u00e1bitos de vida saludables. Adem\u00e1s viene adelantando un proceso de rendici\u00f3n de cuentas del trabajo realizado en la Asamblea de forma territorial.<\/p>\n<p style=\"text-align: justify;\">4. Liderazgo en\u00a0la educaci\u00f3n: <a href=\"https:\/\/www.facebook.com\/pag10com\/photos\/3672955549438631\">Valentina Coral<\/a><\/p>\n<p style=\"text-align: justify;\"><img loading=\"lazy\" decoding=\"async\" class=\"aligncenter  wp-image-49694\" src=\"https:\/\/pagina10.com\/web\/wp-content\/uploads\/2021\/01\/131293916_3672955552771964_4466820219439766983_n.jpg\" alt=\"\" width=\"364\" height=\"482\" srcset=\"https:\/\/pagina10.com\/web\/wp-content\/uploads\/2021\/01\/131293916_3672955552771964_4466820219439766983_n.jpg 453w, https:\/\/pagina10.com\/web\/wp-content\/uploads\/2021\/01\/131293916_3672955552771964_4466820219439766983_n-227x300.jpg 227w\" sizes=\"(max-width: 364px) 100vw, 364px\" \/>Ha fomentado la participaci\u00f3n de mujeres y estudiantes del sector de universidades privadas, ademas de gestar procesos de pedagog\u00eda desde estudiantes y para estudiantes de forma interseccional y diferencial de g\u00e9nero construyendo una universidad amplia e incluyente<\/p>\n<p style=\"text-align: justify;\">Como logro principal del liderazgo se puede mencionar la creaci\u00f3n de la oficina de g\u00e9nero e inclusi\u00f3n social adscrita a Consultorios Jur\u00eddicos y Centro de Conciliaci\u00f3n en donde, con una r\u00e9plica a peque\u00f1a escala de la dupla violeta, se brinda atenci\u00f3n diferenciada e interseccional a v\u00edctimas de violencias basadas en g\u00e9nero<\/p>\n<p style=\"text-align: justify;\">5. Liderazgo en \u00a0la cultura y el arte: <a href=\"https:\/\/www.facebook.com\/pag10com\/photos\/3671304259603760\">Nathaly C\u00e1ceres<\/a><\/p>\n<p style=\"text-align: justify;\"><img loading=\"lazy\" decoding=\"async\" class=\"aligncenter  wp-image-49695\" src=\"https:\/\/pagina10.com\/web\/wp-content\/uploads\/2021\/01\/132010783_3671304269603759_8239201555089091252_n.jpg\" alt=\"\" width=\"379\" height=\"502\" srcset=\"https:\/\/pagina10.com\/web\/wp-content\/uploads\/2021\/01\/132010783_3671304269603759_8239201555089091252_n.jpg 453w, https:\/\/pagina10.com\/web\/wp-content\/uploads\/2021\/01\/132010783_3671304269603759_8239201555089091252_n-227x300.jpg 227w\" sizes=\"(max-width: 379px) 100vw, 379px\" \/>Artista esc\u00e9nica feminista, ha transitado desde diferentes horizontes: como espectadora, actriz, titiritera en formaci\u00f3n y gestora de proyectos y experiencias culturales con poblaciones diferenciales en iniciativas no formales. Es profesional en Comercio Internacional y Mercadeo y especialista en Pedagog\u00eda de la Creatividad.<\/p>\n<p style=\"text-align: justify;\">6. Liderazgo en el \u00a0cuidado del ambiente: <a href=\"https:\/\/www.facebook.com\/pag10com\/photos\/3670536459680540\">Farah Nathaly Gonz\u00e1lez Ortega<\/a><\/p>\n<p style=\"text-align: justify;\"><img loading=\"lazy\" decoding=\"async\" class=\"aligncenter  wp-image-49696\" src=\"https:\/\/pagina10.com\/web\/wp-content\/uploads\/2021\/01\/131634474_3670536463013873_6444175761341088769_n.jpg\" alt=\"\" width=\"381\" height=\"505\" srcset=\"https:\/\/pagina10.com\/web\/wp-content\/uploads\/2021\/01\/131634474_3670536463013873_6444175761341088769_n.jpg 453w, https:\/\/pagina10.com\/web\/wp-content\/uploads\/2021\/01\/131634474_3670536463013873_6444175761341088769_n-227x300.jpg 227w\" sizes=\"(max-width: 381px) 100vw, 381px\" \/>M\u00e9dica Veterinaria con \u00e9nfasis en Fauna Silvestre de la Universidad de Nari\u00f1o, con diplomado en Conocimiento y Manejo de Fauna Silvestre Neotropical Colombiana, Universidad del Tolima. Candidata a Mag\u00edster en Construcci\u00f3n de Paz de la Universidad de los Andes. Gracias a la confluencia de la experiencia en territorio con el conocimiento te\u00f3rico dado por la Maestr\u00eda, he adquirido una mirada que permite analizar las discusiones sobre violencia y construcci\u00f3n del tejido social desde una preocupaci\u00f3n genuina por la importancia de la biodiversidad y la mujer en la Construcci\u00f3n de Paz.<\/p>\n<p style=\"text-align: justify;\">7. Liderazgo en Derechos humanos:<a href=\"https:\/\/www.facebook.com\/pag10com\/photos\/3671247869609399\"> Roc\u00edo de F\u00e1tima Granja Moncayo<\/a><\/p>\n<p style=\"text-align: justify;\"><img loading=\"lazy\" decoding=\"async\" class=\"aligncenter  wp-image-49697\" src=\"https:\/\/pagina10.com\/web\/wp-content\/uploads\/2021\/01\/131980428_3671247879609398_9189669580546336769_n.jpg\" alt=\"\" width=\"428\" height=\"567\" srcset=\"https:\/\/pagina10.com\/web\/wp-content\/uploads\/2021\/01\/131980428_3671247879609398_9189669580546336769_n.jpg 453w, https:\/\/pagina10.com\/web\/wp-content\/uploads\/2021\/01\/131980428_3671247879609398_9189669580546336769_n-227x300.jpg 227w\" sizes=\"(max-width: 428px) 100vw, 428px\" \/><br \/>\nDefensora Derechos Humanos, v\u00edctima del conflicto armado por los hechos victimizantes de Desaparici\u00f3n Forzada y violencia sexual en el marco del conflicto.<br \/>\nPor esta raz\u00f3n, conform\u00f3 2 Asociaciones de mujeres y hombres donde realiza el acompa\u00f1amiento integral a v\u00edctimas del conflicto, a ni\u00f1as, ni\u00f1os, j\u00f3venes, adultas, adulto mayor, poblaci\u00f3n vulnerable, poblaci\u00f3n LGBTI, Afro, Ind\u00edgena.<\/p>\n<p style=\"text-align: justify;\">8. Liderazgo empresarial: <a href=\"https:\/\/www.facebook.com\/pag10com\/photos\/3685961211471398\">Mar\u00eda Edilma Palomino<\/a><\/p>\n<p style=\"text-align: justify;\"><img loading=\"lazy\" decoding=\"async\" class=\"aligncenter  wp-image-49698\" src=\"https:\/\/pagina10.com\/web\/wp-content\/uploads\/2021\/01\/132891938_3685961214804731_4911090627053175285_n.jpg\" alt=\"\" width=\"418\" height=\"554\" srcset=\"https:\/\/pagina10.com\/web\/wp-content\/uploads\/2021\/01\/132891938_3685961214804731_4911090627053175285_n.jpg 453w, https:\/\/pagina10.com\/web\/wp-content\/uploads\/2021\/01\/132891938_3685961214804731_4911090627053175285_n-227x300.jpg 227w\" sizes=\"(max-width: 418px) 100vw, 418px\" \/><br \/>\nEgresada de la Escuela Taller de Tumaco y beneficiaria del Fondo Emprender, inaugur\u00f3 en el 2019, su restaurante de cocina tradicional del pacifico \u201cLa Estaci\u00f3n de Palomino\u201d.<\/p>\n<p style=\"text-align: justify;\">Mar\u00eda Edilma es una tumaque\u00f1a que ha encontrado en la cocina su forma de sustento, pero tambi\u00e9n el medio para hablarle al pa\u00eds del renacimiento de su municipio y de la riqueza cultural y gastron\u00f3mica que reside en sus mujeres.<\/p>\n<p style=\"text-align: justify;\">9. Liderazgo en el sector salud: <a href=\"https:\/\/www.facebook.com\/pag10com\/photos\/3670258759708310\">Dayra Lorena Santacruz Guativa<\/a><\/p>\n<p style=\"text-align: justify;\"><img loading=\"lazy\" decoding=\"async\" class=\"aligncenter  wp-image-49699\" src=\"https:\/\/pagina10.com\/web\/wp-content\/uploads\/2021\/01\/131985684_3670258763041643_4658321939952151523_n.jpg\" alt=\"\" width=\"434\" height=\"575\" srcset=\"https:\/\/pagina10.com\/web\/wp-content\/uploads\/2021\/01\/131985684_3670258763041643_4658321939952151523_n.jpg 453w, https:\/\/pagina10.com\/web\/wp-content\/uploads\/2021\/01\/131985684_3670258763041643_4658321939952151523_n-227x300.jpg 227w\" sizes=\"(max-width: 434px) 100vw, 434px\" \/>Psic\u00f3loga de profesi\u00f3n, egresada de la Universidad de Nari\u00f1o, Especialista en Pol\u00edticas P\u00fablicas y Justicia de G\u00e9nero de CLACSO y FLACSO, actualmente se encuentra terminando la Maestr\u00eda en Pedagog\u00eda social y es integrante de la plataforma social y pol\u00edtica \u201cUnidas para Avanzar Nari\u00f1o. Gestora del cambio social, organizacional e individual y con principios enfocados en la perspectiva de g\u00e9nero. Entre su experiencia laboral y social se resalta su trabajo de intervenci\u00f3n psicosocial que involucra acciones de aprendizaje educaci\u00f3n, facilitaci\u00f3n, apoyo terap\u00e9utico y consolidaci\u00f3n de redes, todo desde un enfoque feminista.<\/p>\n<p style=\"text-align: justify;\">10. \u00a0Liderazgo en el sector deporte: <a href=\"https:\/\/www.facebook.com\/pag10com\/photos\/3679258405475012\">Marcela Meza<\/a><\/p>\n<p style=\"text-align: justify;\"><img loading=\"lazy\" decoding=\"async\" class=\"aligncenter wp-image-49700\" src=\"https:\/\/pagina10.com\/web\/wp-content\/uploads\/2021\/01\/132651044_3679258408808345_4341732999057378956_o.jpg\" alt=\"\" width=\"417\" height=\"417\" srcset=\"https:\/\/pagina10.com\/web\/wp-content\/uploads\/2021\/01\/132651044_3679258408808345_4341732999057378956_o.jpg 1082w, https:\/\/pagina10.com\/web\/wp-content\/uploads\/2021\/01\/132651044_3679258408808345_4341732999057378956_o-300x300.jpg 300w, https:\/\/pagina10.com\/web\/wp-content\/uploads\/2021\/01\/132651044_3679258408808345_4341732999057378956_o-1024x1024.jpg 1024w, https:\/\/pagina10.com\/web\/wp-content\/uploads\/2021\/01\/132651044_3679258408808345_4341732999057378956_o-150x150.jpg 150w, https:\/\/pagina10.com\/web\/wp-content\/uploads\/2021\/01\/132651044_3679258408808345_4341732999057378956_o-768x768.jpg 768w, https:\/\/pagina10.com\/web\/wp-content\/uploads\/2021\/01\/132651044_3679258408808345_4341732999057378956_o-100x100.jpg 100w\" sizes=\"(max-width: 417px) 100vw, 417px\" \/><\/p>\n<p style=\"text-align: justify;\">Deportista Pastusa, directora y productora de cine y televisi\u00f3n y Mag\u00edster en Etnoliteratura.\u00a0Ha ganado distintos premios de ciclomonta\u00f1ismo y atletismo, en los que se destacan:<br \/>\n2do puesto I v\u00e1lida departamental de cross country Gualmat\u00e1n categor\u00eda \u00e9lite feb 01-2017 16k<\/p>\n<p style=\"text-align: justify;\">1er puesto cat Damas crono escalada Volc\u00e1n Chiles 02-2017 32k<\/p>\n<p style=\"text-align: justify;\">1er puesto III v\u00e1lida departamental de relevos 11-2017 10k<\/p>\n<p style=\"text-align: justify;\">1er puesto carrera \u201cpedalea por tus h\u00e9roes\u201d Pereira 80K Categor\u00eda Master 06-2017<\/p>\n<p style=\"text-align: justify;\">11. \u00a0Liderazgo en comunidad Afro: <a href=\"https:\/\/www.facebook.com\/pag10com\/photos\/3675155285885324\">Rosa Elvira Quiroz<\/a><\/p>\n<p style=\"text-align: justify;\"><img loading=\"lazy\" decoding=\"async\" class=\"aligncenter  wp-image-49701\" src=\"https:\/\/pagina10.com\/web\/wp-content\/uploads\/2021\/01\/132069711_3675155289218657_8375411364700785579_n.jpg\" alt=\"\" width=\"421\" height=\"558\" srcset=\"https:\/\/pagina10.com\/web\/wp-content\/uploads\/2021\/01\/132069711_3675155289218657_8375411364700785579_n.jpg 453w, https:\/\/pagina10.com\/web\/wp-content\/uploads\/2021\/01\/132069711_3675155289218657_8375411364700785579_n-227x300.jpg 227w\" sizes=\"(max-width: 421px) 100vw, 421px\" \/>Mujer de nacionalidad colombiana, profesional: licenciada, ingeniera agr\u00f3noma,\u00a0 especialista en Gerencia educativa, en Desarrollo humano y Educaci\u00f3n Sexual\u00a0\u00a0Desde su profesi\u00f3n\u00a0 observa la sociedad\u00a0\u00a0 y posibilita la transformaci\u00f3n\u00a0 mediante la acci\u00f3n\u00a0 pr\u00e1ctica\u00a0 y directa como Lideresa y pensadora\u00a0 experta en trabajo social<\/p>\n<p style=\"text-align: justify;\">Se define como feminista y voluntaria\u00a0 hace parte del Colectivo Tumaco por\u00a0 la\u00a0 vida<\/p>\n<p style=\"text-align: justify;\">Lideresa destacada y referente de luchas c\u00edvicas de Tumaco \u00a0&#8211; Activista de movilizaciones sociales especialmente del Tumacazo, culturales (Teatro\u00a0 por la Paz)artesanales (exposiciones con C\u00e1mara de Comercio)<\/p>\n<p style=\"text-align: justify;\">12. Liderazgo en comunidad Ind\u00edgena: <a href=\"https:\/\/www.facebook.com\/pag10com\/photos\/3676166372450882\">Doris Mimalchi<\/a><\/p>\n<p style=\"text-align: justify;\"><img loading=\"lazy\" decoding=\"async\" class=\"aligncenter  wp-image-49702\" src=\"https:\/\/pagina10.com\/web\/wp-content\/uploads\/2021\/01\/131752816_3676166379117548_4350323702513105908_n.jpg\" alt=\"\" width=\"410\" height=\"543\" srcset=\"https:\/\/pagina10.com\/web\/wp-content\/uploads\/2021\/01\/131752816_3676166379117548_4350323702513105908_n.jpg 453w, https:\/\/pagina10.com\/web\/wp-content\/uploads\/2021\/01\/131752816_3676166379117548_4350323702513105908_n-227x300.jpg 227w\" sizes=\"(max-width: 410px) 100vw, 410px\" \/>Gobernadora ind\u00edgena del resguardo del gran Cumbal, nacida en la vereda Cuaspud, estudiante en la escuela de Derecho Propio Laureano Inampues. Desde su juventud ha acompa\u00f1ado los procesos comunitarios. En el a\u00f1o 2016 fue elegida regidora de la vereda Cuaspud, como primera mujer en ocupar el cargo en la mesa del honorable cabildo demostrando la capacidad de administrar con honestidad, transparencia, gran compromiso social y liderazgos en los procesos de los derechos comunitarios en especial la defensa del territorio y la mujer.<\/p>\n<p style=\"text-align: justify;\">13. Liderazgo en comunidad LGBTI: <a href=\"https:\/\/www.facebook.com\/pag10com\/photos\/3673237939410392\">Doly Paola Riofrio Dulce<\/a><\/p>\n<p><img loading=\"lazy\" decoding=\"async\" class=\"aligncenter size-full wp-image-49703\" src=\"https:\/\/pagina10.com\/web\/wp-content\/uploads\/2021\/01\/131432285_3673237942743725_4243830361155631353_n.jpg\" alt=\"\" width=\"453\" height=\"600\" srcset=\"https:\/\/pagina10.com\/web\/wp-content\/uploads\/2021\/01\/131432285_3673237942743725_4243830361155631353_n.jpg 453w, https:\/\/pagina10.com\/web\/wp-content\/uploads\/2021\/01\/131432285_3673237942743725_4243830361155631353_n-227x300.jpg 227w\" sizes=\"(max-width: 453px) 100vw, 453px\" \/><br \/>\nSu vocaci\u00f3n ha sido el trabajo con sectores espec\u00edficos de la poblaci\u00f3n que tradicionalmente han sufrido estigmatizaci\u00f3n, discriminaci\u00f3n y prejuicios a causa de su trabajo u orientaci\u00f3n sexual e identidad de g\u00e9nero, los cuales no se ajustan a los roles y estereotipos establecidos por la sociedad.<br \/>\nSe caracteriza por ser una l\u00edder propositiva, responsable y dedicada a la defensa de los derechos humanos, sexuales, reproductivos y laborales, buscando estrategias que coadyuven a visibilizar las problem\u00e1ticas y necesidades de los sectores de Mujeres, LGBTI, Trabajadoras Sexuales y c\u00edctimas del Conflicto Armado, con acciones pol\u00edticas que visibilicen y sensibilicen a la sociedad frente a la desigualdad de g\u00e9nero y vulneraci\u00f3n de los Derechos Fundamentales de las minor\u00edas.<\/p>\n<p style=\"text-align: justify;\">14. Liderazgo en comunicaciones y medios:<a href=\"https:\/\/www.facebook.com\/pag10com\/photos\/3686032428130943\"> Ana Lorena Salazar G\u00f3mez<\/a><\/p>\n<p style=\"text-align: justify;\"><img loading=\"lazy\" decoding=\"async\" class=\"aligncenter  wp-image-49704\" src=\"https:\/\/pagina10.com\/web\/wp-content\/uploads\/2021\/01\/132244134_3686032431464276_624105371038510593_n.jpg\" alt=\"\" width=\"408\" height=\"540\" srcset=\"https:\/\/pagina10.com\/web\/wp-content\/uploads\/2021\/01\/132244134_3686032431464276_624105371038510593_n.jpg 453w, https:\/\/pagina10.com\/web\/wp-content\/uploads\/2021\/01\/132244134_3686032431464276_624105371038510593_n-227x300.jpg 227w\" sizes=\"(max-width: 408px) 100vw, 408px\" \/><\/p>\n<p style=\"text-align: justify;\">Lorena es una pastusa de 36 a\u00f1os, Publicista de la Universidad Jorge Tadeo Lozano y Mag\u00edster en Marketing Estrat\u00e9gico de la Universidad Ciencias Empresariales y Sociales de Buenos Aires, Argentina, experta en generaci\u00f3n de estrategias de comunicaci\u00f3n enfocadas en fidelizaci\u00f3n y relacionamiento empresaria, ha trabajado m\u00e1s de 10 a\u00f1os en Argentina entre ellos junto al Grupo Telecom en comunicaci\u00f3nes y fidelizaci\u00f3n de Club Personal y en Colombia con la multinacional argentina GOintegro como directora de cuentas y l\u00edder en alianzas estrat\u00e9gicas.<\/p>\n<p style=\"text-align: justify;\">15. Liderazgo social y pol\u00edtico:<a href=\"https:\/\/www.facebook.com\/pag10com\/photos\/3681203871947132\"> Ana Carolina Benavides Mart\u00ednez<\/a><\/p>\n<p style=\"text-align: justify;\"><img loading=\"lazy\" decoding=\"async\" class=\"aligncenter  wp-image-49705\" src=\"https:\/\/pagina10.com\/web\/wp-content\/uploads\/2021\/01\/131762568_3681203875280465_4878813630458323946_n.jpg\" alt=\"\" width=\"418\" height=\"554\" srcset=\"https:\/\/pagina10.com\/web\/wp-content\/uploads\/2021\/01\/131762568_3681203875280465_4878813630458323946_n.jpg 453w, https:\/\/pagina10.com\/web\/wp-content\/uploads\/2021\/01\/131762568_3681203875280465_4878813630458323946_n-227x300.jpg 227w\" sizes=\"(max-width: 418px) 100vw, 418px\" \/>En lo referente a su formaci\u00f3n acad\u00e9mica es Administradora de Empresas de la Universidad Militar Nueva Granada, Especialista en Gerencia de Negocios Internacionales de la Universidad del Rosario y Mag\u00edster en Responsabilidad Social y Sostenibilidad de la Universidad Externado de Colombia, de la cual obtuvo reconocimiento de tesis meritoria por su estudio de caso asociado a construcci\u00f3n de paz.<\/p>\n<p style=\"text-align: justify;\">En complemento a lo anterior y a partir de ciertos procesos personales, desde el a\u00f1o 2016 se profundiz\u00f3 su inter\u00e9s por comprender todo lo relacionado a la equidad de g\u00e9nero, principalmente en la l\u00ednea del empoderamiento pol\u00edtico de mujeres, de esta manera ha participado en diferentes espacios de formaci\u00f3n pol\u00edtica y de asuntos de g\u00e9nero y diversidad sexual, que a la vez le han permitido ser parte de procesos de construcci\u00f3n colectiva como lo fue el Colectivo Huitaca para el empoderamiento pol\u00edtico de mujeres y ser integrante de la plataforma social y pol\u00edtica Unidas Para Avanzar Nari\u00f1o.<\/p>\n<p style=\"text-align: justify;\"><iframe style=\"border: none; overflow: hidden;\" src=\"https:\/\/www.facebook.com\/plugins\/video.php?height=314&amp;href=https%3A%2F%2Fwww.facebook.com%2Fpag10com%2Fvideos%2F429668675073864%2F&amp;show_text=false&amp;width=560\" width=\"560\" height=\"314\" frameborder=\"0\" scrolling=\"no\" allowfullscreen=\"allowfullscreen\"><\/iframe><\/p>\n<p>&nbsp;<\/p>\n<div dir=\"auto\" style=\"text-align: justify;\"><\/div>\n","protected":false},"excerpt":{"rendered":"<p>Luego de un proceso de convocatoria y \u00a0postulaci\u00f3n de cerca de 100 mujeres, y despu\u00e9s de una preselecci\u00f3n de las cuales quedaron 50 mujeres, en donde la ciudadan\u00eda tuvo la oportunidad de opinar y construir colectivamente los impactos de las l\u00edderes, el jurado de los reconocimientos \u201cEl Poder de las mujeres en Nari\u00f1o\u201dconformado por Ang\u00e9lica [&hellip;]<\/p>\n","protected":false},"author":1,"featured_media":49708,"comment_status":"open","ping_status":"open","sticky":false,"template":"","format":"standard","meta":{"footnotes":""},"categories":[53],"tags":[],"class_list":["post-49689","post","type-post","status-publish","format-standard","has-post-thumbnail","hentry","category-regiones"],"yoast_head":"<!-- This site is optimized with the Yoast SEO plugin v27.1.1 - https:\/\/yoast.com\/product\/yoast-seo-wordpress\/ -->\n<title>Reconocimientos &quot;El poder de las mujeres en Nari\u00f1o&quot;. Conozca a las galardonadas. | P\u00e1gina10<\/title>\n<meta name=\"robots\" content=\"index, follow, max-snippet:-1, max-image-preview:large, max-video-preview:-1\" \/>\n<link rel=\"canonical\" href=\"https:\/\/pagina10.com\/web\/reconocimientos-el-poder-de-las-mujeres-en-narino-conozca-a-las-galardonadas\/\" \/>\n<meta property=\"og:locale\" content=\"es_ES\" \/>\n<meta property=\"og:type\" content=\"article\" \/>\n<meta property=\"og:title\" content=\"Reconocimientos &quot;El poder de las mujeres en Nari\u00f1o&quot;. Conozca a las galardonadas. | P\u00e1gina10\" \/>\n<meta property=\"og:description\" content=\"Luego de un proceso de convocatoria y postulaci\u00f3n de cerca de 100 mujeres, y despu\u00e9s de una preselecci\u00f3n de las cuales quedaron 50 mujeres, en donde la ciudadan\u00eda tuvo la oportunidad de opinar y construir colectivamente los impactos de las l\u00edderes, el jurado de los reconocimientos \u201cEl Poder de las mujeres en Nari\u00f1o\u201dconformado por Ang\u00e9lica [&hellip;]\" \/>\n<meta property=\"og:url\" content=\"https:\/\/pagina10.com\/web\/reconocimientos-el-poder-de-las-mujeres-en-narino-conozca-a-las-galardonadas\/\" \/>\n<meta property=\"og:site_name\" content=\"P\u00e1gina10\" \/>\n<meta property=\"article:publisher\" content=\"https:\/\/www.facebook.com\/pag10com\" \/>\n<meta property=\"article:published_time\" content=\"2021-01-02T16:25:32+00:00\" \/>\n<meta property=\"article:modified_time\" content=\"2021-01-02T17:10:14+00:00\" \/>\n<meta property=\"og:image\" content=\"https:\/\/pagina10.com\/web\/wp-content\/uploads\/2021\/01\/134494699_3703347676399418_7202628980711649190_o.jpg\" \/>\n\t<meta property=\"og:image:width\" content=\"1875\" \/>\n\t<meta property=\"og:image:height\" content=\"1250\" \/>\n\t<meta property=\"og:image:type\" content=\"image\/jpeg\" \/>\n<meta name=\"author\" content=\"P\u00e1gina 10\" \/>\n<meta name=\"twitter:card\" content=\"summary_large_image\" \/>\n<meta name=\"twitter:creator\" content=\"@Pag10com\" \/>\n<meta name=\"twitter:site\" content=\"@Pag10com\" \/>\n<meta name=\"twitter:label1\" content=\"Escrito por\" \/>\n\t<meta name=\"twitter:data1\" content=\"P\u00e1gina 10\" \/>\n\t<meta name=\"twitter:label2\" content=\"Tiempo de lectura\" \/>\n\t<meta name=\"twitter:data2\" content=\"8 minutos\" \/>\n<script type=\"application\/ld+json\" class=\"yoast-schema-graph\">{\"@context\":\"https:\/\/schema.org\",\"@graph\":[{\"@type\":\"Article\",\"@id\":\"https:\/\/pagina10.com\/web\/reconocimientos-el-poder-de-las-mujeres-en-narino-conozca-a-las-galardonadas\/#article\",\"isPartOf\":{\"@id\":\"https:\/\/pagina10.com\/web\/reconocimientos-el-poder-de-las-mujeres-en-narino-conozca-a-las-galardonadas\/\"},\"author\":{\"name\":\"P\u00e1gina 10\",\"@id\":\"https:\/\/pagina10.com\/web\/#\/schema\/person\/2efc4a090d25b667d3bc796798a3a81b\"},\"headline\":\"Reconocimientos &#8220;El poder de las mujeres en Nari\u00f1o&#8221;. Conozca a las galardonadas.\",\"datePublished\":\"2021-01-02T16:25:32+00:00\",\"dateModified\":\"2021-01-02T17:10:14+00:00\",\"mainEntityOfPage\":{\"@id\":\"https:\/\/pagina10.com\/web\/reconocimientos-el-poder-de-las-mujeres-en-narino-conozca-a-las-galardonadas\/\"},\"wordCount\":1605,\"commentCount\":0,\"publisher\":{\"@id\":\"https:\/\/pagina10.com\/web\/#organization\"},\"image\":{\"@id\":\"https:\/\/pagina10.com\/web\/reconocimientos-el-poder-de-las-mujeres-en-narino-conozca-a-las-galardonadas\/#primaryimage\"},\"thumbnailUrl\":\"https:\/\/pagina10.com\/web\/wp-content\/uploads\/2021\/01\/134494699_3703347676399418_7202628980711649190_o.jpg\",\"articleSection\":[\"Regiones\"],\"inLanguage\":\"es\",\"potentialAction\":[{\"@type\":\"CommentAction\",\"name\":\"Comment\",\"target\":[\"https:\/\/pagina10.com\/web\/reconocimientos-el-poder-de-las-mujeres-en-narino-conozca-a-las-galardonadas\/#respond\"]}]},{\"@type\":\"WebPage\",\"@id\":\"https:\/\/pagina10.com\/web\/reconocimientos-el-poder-de-las-mujeres-en-narino-conozca-a-las-galardonadas\/\",\"url\":\"https:\/\/pagina10.com\/web\/reconocimientos-el-poder-de-las-mujeres-en-narino-conozca-a-las-galardonadas\/\",\"name\":\"Reconocimientos \\\"El poder de las mujeres en Nari\u00f1o\\\". Conozca a las galardonadas. | P\u00e1gina10\",\"isPartOf\":{\"@id\":\"https:\/\/pagina10.com\/web\/#website\"},\"primaryImageOfPage\":{\"@id\":\"https:\/\/pagina10.com\/web\/reconocimientos-el-poder-de-las-mujeres-en-narino-conozca-a-las-galardonadas\/#primaryimage\"},\"image\":{\"@id\":\"https:\/\/pagina10.com\/web\/reconocimientos-el-poder-de-las-mujeres-en-narino-conozca-a-las-galardonadas\/#primaryimage\"},\"thumbnailUrl\":\"https:\/\/pagina10.com\/web\/wp-content\/uploads\/2021\/01\/134494699_3703347676399418_7202628980711649190_o.jpg\",\"datePublished\":\"2021-01-02T16:25:32+00:00\",\"dateModified\":\"2021-01-02T17:10:14+00:00\",\"breadcrumb\":{\"@id\":\"https:\/\/pagina10.com\/web\/reconocimientos-el-poder-de-las-mujeres-en-narino-conozca-a-las-galardonadas\/#breadcrumb\"},\"inLanguage\":\"es\",\"potentialAction\":[{\"@type\":\"ReadAction\",\"target\":[\"https:\/\/pagina10.com\/web\/reconocimientos-el-poder-de-las-mujeres-en-narino-conozca-a-las-galardonadas\/\"]}]},{\"@type\":\"ImageObject\",\"inLanguage\":\"es\",\"@id\":\"https:\/\/pagina10.com\/web\/reconocimientos-el-poder-de-las-mujeres-en-narino-conozca-a-las-galardonadas\/#primaryimage\",\"url\":\"https:\/\/pagina10.com\/web\/wp-content\/uploads\/2021\/01\/134494699_3703347676399418_7202628980711649190_o.jpg\",\"contentUrl\":\"https:\/\/pagina10.com\/web\/wp-content\/uploads\/2021\/01\/134494699_3703347676399418_7202628980711649190_o.jpg\",\"width\":1875,\"height\":1250},{\"@type\":\"BreadcrumbList\",\"@id\":\"https:\/\/pagina10.com\/web\/reconocimientos-el-poder-de-las-mujeres-en-narino-conozca-a-las-galardonadas\/#breadcrumb\",\"itemListElement\":[{\"@type\":\"ListItem\",\"position\":1,\"name\":\"Portada\",\"item\":\"https:\/\/pagina10.com\/web\/\"},{\"@type\":\"ListItem\",\"position\":2,\"name\":\"Reconocimientos &#8220;El poder de las mujeres en Nari\u00f1o&#8221;. Conozca a las galardonadas.\"}]},{\"@type\":\"WebSite\",\"@id\":\"https:\/\/pagina10.com\/web\/#website\",\"url\":\"https:\/\/pagina10.com\/web\/\",\"name\":\"P\u00e1gina10\",\"description\":\"Peri\u00f3dico Regional\",\"publisher\":{\"@id\":\"https:\/\/pagina10.com\/web\/#organization\"},\"alternateName\":\"P\u00e1gina10 Peri\u00f3dico Regional\",\"potentialAction\":[{\"@type\":\"SearchAction\",\"target\":{\"@type\":\"EntryPoint\",\"urlTemplate\":\"https:\/\/pagina10.com\/web\/?s={search_term_string}\"},\"query-input\":{\"@type\":\"PropertyValueSpecification\",\"valueRequired\":true,\"valueName\":\"search_term_string\"}}],\"inLanguage\":\"es\"},{\"@type\":\"Organization\",\"@id\":\"https:\/\/pagina10.com\/web\/#organization\",\"name\":\"P\u00e1gina10\",\"alternateName\":\"P\u00e1gina10 Peri\u00f3dico Regional\",\"url\":\"https:\/\/pagina10.com\/web\/\",\"logo\":{\"@type\":\"ImageObject\",\"inLanguage\":\"es\",\"@id\":\"https:\/\/pagina10.com\/web\/#\/schema\/logo\/image\/\",\"url\":\"https:\/\/pagina10.com\/web\/wp-content\/uploads\/2024\/01\/40-pagina-10-periodico-regional-pasto.jpg\",\"contentUrl\":\"https:\/\/pagina10.com\/web\/wp-content\/uploads\/2024\/01\/40-pagina-10-periodico-regional-pasto.jpg\",\"width\":1280,\"height\":720,\"caption\":\"P\u00e1gina10\"},\"image\":{\"@id\":\"https:\/\/pagina10.com\/web\/#\/schema\/logo\/image\/\"},\"sameAs\":[\"https:\/\/www.facebook.com\/pag10com\",\"https:\/\/x.com\/Pag10com\",\"https:\/\/www.instagram.com\/pagina10col\/\",\"https:\/\/youtube.com\/channel\/pag10\",\"https:\/\/www.tiktok.com\/@p10col\"]},{\"@type\":\"Person\",\"@id\":\"https:\/\/pagina10.com\/web\/#\/schema\/person\/2efc4a090d25b667d3bc796798a3a81b\",\"name\":\"P\u00e1gina 10\",\"description\":\"P\u00e1gina 10 es un peri\u00f3dico regional que nace en Colombia, en el departamento de Nari\u00f1o, con un enfoque global, fundamentado en cuatro pilares esenciales: la libertad, el pluralismo, la inclusi\u00f3n y la independencia. P\u00e1gina 10 hace referencia a Nari\u00f1o como el d\u00e9cimo departamento creado en Colombia, despu\u00e9s de un proceso pol\u00edtico liderado por actores y actrices regionales con el fin de obtener la independencia y autonom\u00eda de nuestros territorios. Con la creaci\u00f3n de P\u00e1gina 10 se pretende abrir un escenario para el dialogo, la reflexi\u00f3n y el debate que se extienda a otras geograf\u00edas de Am\u00e9rica Latina y del planeta, en una apuesta por transformar colectivamente los desaf\u00edos de un mundo contempor\u00e1neo, m\u00e1s all\u00e1 de las fronteras impuestas.\",\"url\":\"https:\/\/pagina10.com\/web\/author\/pdiezadmin\/\"}]}<\/script>\n<!-- \/ Yoast SEO plugin. -->","yoast_head_json":{"title":"Reconocimientos \"El poder de las mujeres en Nari\u00f1o\". Conozca a las galardonadas. | P\u00e1gina10","robots":{"index":"index","follow":"follow","max-snippet":"max-snippet:-1","max-image-preview":"max-image-preview:large","max-video-preview":"max-video-preview:-1"},"canonical":"https:\/\/pagina10.com\/web\/reconocimientos-el-poder-de-las-mujeres-en-narino-conozca-a-las-galardonadas\/","og_locale":"es_ES","og_type":"article","og_title":"Reconocimientos \"El poder de las mujeres en Nari\u00f1o\". Conozca a las galardonadas. | P\u00e1gina10","og_description":"Luego de un proceso de convocatoria y postulaci\u00f3n de cerca de 100 mujeres, y despu\u00e9s de una preselecci\u00f3n de las cuales quedaron 50 mujeres, en donde la ciudadan\u00eda tuvo la oportunidad de opinar y construir colectivamente los impactos de las l\u00edderes, el jurado de los reconocimientos \u201cEl Poder de las mujeres en Nari\u00f1o\u201dconformado por Ang\u00e9lica [&hellip;]","og_url":"https:\/\/pagina10.com\/web\/reconocimientos-el-poder-de-las-mujeres-en-narino-conozca-a-las-galardonadas\/","og_site_name":"P\u00e1gina10","article_publisher":"https:\/\/www.facebook.com\/pag10com","article_published_time":"2021-01-02T16:25:32+00:00","article_modified_time":"2021-01-02T17:10:14+00:00","og_image":[{"width":1875,"height":1250,"url":"https:\/\/pagina10.com\/web\/wp-content\/uploads\/2021\/01\/134494699_3703347676399418_7202628980711649190_o.jpg","type":"image\/jpeg"}],"author":"P\u00e1gina 10","twitter_card":"summary_large_image","twitter_creator":"@Pag10com","twitter_site":"@Pag10com","twitter_misc":{"Escrito por":"P\u00e1gina 10","Tiempo de lectura":"8 minutos"},"schema":{"@context":"https:\/\/schema.org","@graph":[{"@type":"Article","@id":"https:\/\/pagina10.com\/web\/reconocimientos-el-poder-de-las-mujeres-en-narino-conozca-a-las-galardonadas\/#article","isPartOf":{"@id":"https:\/\/pagina10.com\/web\/reconocimientos-el-poder-de-las-mujeres-en-narino-conozca-a-las-galardonadas\/"},"author":{"name":"P\u00e1gina 10","@id":"https:\/\/pagina10.com\/web\/#\/schema\/person\/2efc4a090d25b667d3bc796798a3a81b"},"headline":"Reconocimientos &#8220;El poder de las mujeres en Nari\u00f1o&#8221;. Conozca a las galardonadas.","datePublished":"2021-01-02T16:25:32+00:00","dateModified":"2021-01-02T17:10:14+00:00","mainEntityOfPage":{"@id":"https:\/\/pagina10.com\/web\/reconocimientos-el-poder-de-las-mujeres-en-narino-conozca-a-las-galardonadas\/"},"wordCount":1605,"commentCount":0,"publisher":{"@id":"https:\/\/pagina10.com\/web\/#organization"},"image":{"@id":"https:\/\/pagina10.com\/web\/reconocimientos-el-poder-de-las-mujeres-en-narino-conozca-a-las-galardonadas\/#primaryimage"},"thumbnailUrl":"https:\/\/pagina10.com\/web\/wp-content\/uploads\/2021\/01\/134494699_3703347676399418_7202628980711649190_o.jpg","articleSection":["Regiones"],"inLanguage":"es","potentialAction":[{"@type":"CommentAction","name":"Comment","target":["https:\/\/pagina10.com\/web\/reconocimientos-el-poder-de-las-mujeres-en-narino-conozca-a-las-galardonadas\/#respond"]}]},{"@type":"WebPage","@id":"https:\/\/pagina10.com\/web\/reconocimientos-el-poder-de-las-mujeres-en-narino-conozca-a-las-galardonadas\/","url":"https:\/\/pagina10.com\/web\/reconocimientos-el-poder-de-las-mujeres-en-narino-conozca-a-las-galardonadas\/","name":"Reconocimientos \"El poder de las mujeres en Nari\u00f1o\". Conozca a las galardonadas. | P\u00e1gina10","isPartOf":{"@id":"https:\/\/pagina10.com\/web\/#website"},"primaryImageOfPage":{"@id":"https:\/\/pagina10.com\/web\/reconocimientos-el-poder-de-las-mujeres-en-narino-conozca-a-las-galardonadas\/#primaryimage"},"image":{"@id":"https:\/\/pagina10.com\/web\/reconocimientos-el-poder-de-las-mujeres-en-narino-conozca-a-las-galardonadas\/#primaryimage"},"thumbnailUrl":"https:\/\/pagina10.com\/web\/wp-content\/uploads\/2021\/01\/134494699_3703347676399418_7202628980711649190_o.jpg","datePublished":"2021-01-02T16:25:32+00:00","dateModified":"2021-01-02T17:10:14+00:00","breadcrumb":{"@id":"https:\/\/pagina10.com\/web\/reconocimientos-el-poder-de-las-mujeres-en-narino-conozca-a-las-galardonadas\/#breadcrumb"},"inLanguage":"es","potentialAction":[{"@type":"ReadAction","target":["https:\/\/pagina10.com\/web\/reconocimientos-el-poder-de-las-mujeres-en-narino-conozca-a-las-galardonadas\/"]}]},{"@type":"ImageObject","inLanguage":"es","@id":"https:\/\/pagina10.com\/web\/reconocimientos-el-poder-de-las-mujeres-en-narino-conozca-a-las-galardonadas\/#primaryimage","url":"https:\/\/pagina10.com\/web\/wp-content\/uploads\/2021\/01\/134494699_3703347676399418_7202628980711649190_o.jpg","contentUrl":"https:\/\/pagina10.com\/web\/wp-content\/uploads\/2021\/01\/134494699_3703347676399418_7202628980711649190_o.jpg","width":1875,"height":1250},{"@type":"BreadcrumbList","@id":"https:\/\/pagina10.com\/web\/reconocimientos-el-poder-de-las-mujeres-en-narino-conozca-a-las-galardonadas\/#breadcrumb","itemListElement":[{"@type":"ListItem","position":1,"name":"Portada","item":"https:\/\/pagina10.com\/web\/"},{"@type":"ListItem","position":2,"name":"Reconocimientos &#8220;El poder de las mujeres en Nari\u00f1o&#8221;. Conozca a las galardonadas."}]},{"@type":"WebSite","@id":"https:\/\/pagina10.com\/web\/#website","url":"https:\/\/pagina10.com\/web\/","name":"P\u00e1gina10","description":"Peri\u00f3dico Regional","publisher":{"@id":"https:\/\/pagina10.com\/web\/#organization"},"alternateName":"P\u00e1gina10 Peri\u00f3dico Regional","potentialAction":[{"@type":"SearchAction","target":{"@type":"EntryPoint","urlTemplate":"https:\/\/pagina10.com\/web\/?s={search_term_string}"},"query-input":{"@type":"PropertyValueSpecification","valueRequired":true,"valueName":"search_term_string"}}],"inLanguage":"es"},{"@type":"Organization","@id":"https:\/\/pagina10.com\/web\/#organization","name":"P\u00e1gina10","alternateName":"P\u00e1gina10 Peri\u00f3dico Regional","url":"https:\/\/pagina10.com\/web\/","logo":{"@type":"ImageObject","inLanguage":"es","@id":"https:\/\/pagina10.com\/web\/#\/schema\/logo\/image\/","url":"https:\/\/pagina10.com\/web\/wp-content\/uploads\/2024\/01\/40-pagina-10-periodico-regional-pasto.jpg","contentUrl":"https:\/\/pagina10.com\/web\/wp-content\/uploads\/2024\/01\/40-pagina-10-periodico-regional-pasto.jpg","width":1280,"height":720,"caption":"P\u00e1gina10"},"image":{"@id":"https:\/\/pagina10.com\/web\/#\/schema\/logo\/image\/"},"sameAs":["https:\/\/www.facebook.com\/pag10com","https:\/\/x.com\/Pag10com","https:\/\/www.instagram.com\/pagina10col\/","https:\/\/youtube.com\/channel\/pag10","https:\/\/www.tiktok.com\/@p10col"]},{"@type":"Person","@id":"https:\/\/pagina10.com\/web\/#\/schema\/person\/2efc4a090d25b667d3bc796798a3a81b","name":"P\u00e1gina 10","description":"P\u00e1gina 10 es un peri\u00f3dico regional que nace en Colombia, en el departamento de Nari\u00f1o, con un enfoque global, fundamentado en cuatro pilares esenciales: la libertad, el pluralismo, la inclusi\u00f3n y la independencia. P\u00e1gina 10 hace referencia a Nari\u00f1o como el d\u00e9cimo departamento creado en Colombia, despu\u00e9s de un proceso pol\u00edtico liderado por actores y actrices regionales con el fin de obtener la independencia y autonom\u00eda de nuestros territorios. Con la creaci\u00f3n de P\u00e1gina 10 se pretende abrir un escenario para el dialogo, la reflexi\u00f3n y el debate que se extienda a otras geograf\u00edas de Am\u00e9rica Latina y del planeta, en una apuesta por transformar colectivamente los desaf\u00edos de un mundo contempor\u00e1neo, m\u00e1s all\u00e1 de las fronteras impuestas.","url":"https:\/\/pagina10.com\/web\/author\/pdiezadmin\/"}]}},"_links":{"self":[{"href":"https:\/\/pagina10.com\/web\/wp-json\/wp\/v2\/posts\/49689","targetHints":{"allow":["GET"]}}],"collection":[{"href":"https:\/\/pagina10.com\/web\/wp-json\/wp\/v2\/posts"}],"about":[{"href":"https:\/\/pagina10.com\/web\/wp-json\/wp\/v2\/types\/post"}],"author":[{"embeddable":true,"href":"https:\/\/pagina10.com\/web\/wp-json\/wp\/v2\/users\/1"}],"replies":[{"embeddable":true,"href":"https:\/\/pagina10.com\/web\/wp-json\/wp\/v2\/comments?post=49689"}],"version-history":[{"count":11,"href":"https:\/\/pagina10.com\/web\/wp-json\/wp\/v2\/posts\/49689\/revisions"}],"predecessor-version":[{"id":49720,"href":"https:\/\/pagina10.com\/web\/wp-json\/wp\/v2\/posts\/49689\/revisions\/49720"}],"wp:featuredmedia":[{"embeddable":true,"href":"https:\/\/pagina10.com\/web\/wp-json\/wp\/v2\/media\/49708"}],"wp:attachment":[{"href":"https:\/\/pagina10.com\/web\/wp-json\/wp\/v2\/media?parent=49689"}],"wp:term":[{"taxonomy":"category","embeddable":true,"href":"https:\/\/pagina10.com\/web\/wp-json\/wp\/v2\/categories?post=49689"},{"taxonomy":"post_tag","embeddable":true,"href":"https:\/\/pagina10.com\/web\/wp-json\/wp\/v2\/tags?post=49689"}],"curies":[{"name":"wp","href":"https:\/\/api.w.org\/{rel}","templated":true}]}}