{"id":49730,"date":"2021-01-03T11:03:03","date_gmt":"2021-01-03T16:03:03","guid":{"rendered":"https:\/\/pagina10.com\/web\/?p=49730"},"modified":"2021-01-03T11:03:03","modified_gmt":"2021-01-03T16:03:03","slug":"procuraduria-absolvio-de-responsabilidad-disciplinaria-a-exalcalde-de-mallama-narino","status":"publish","type":"post","link":"https:\/\/pagina10.com\/web\/procuraduria-absolvio-de-responsabilidad-disciplinaria-a-exalcalde-de-mallama-narino\/","title":{"rendered":"Procuradur\u00eda absolvi\u00f3 de responsabilidad disciplinaria a exalcalde de Mallama, Nari\u00f1o"},"content":{"rendered":"<p style=\"text-align: justify;\">La Procuradur\u00eda General de la Naci\u00f3n absolvi\u00f3 de responsabilidad disciplinaria al exalcalde de Mallama, Nari\u00f1o, Alirio Jes\u00fas Mora Rosero (2016-2019), quien era investigado por posible vulneraci\u00f3n de normas de derechos de autor.<\/p>\n<div style=\"text-align: justify;\">La Procuradur\u00eda Provincial de Ipiales desvirtu\u00f3 los cargos al exmandatario, teniendo en cuenta que las pruebas allegadas al proceso permitieron determinar que no se afect\u00f3 el deber funcional por cuanto, para enero de 2020, el municipio cumpli\u00f3 con la obligaci\u00f3n de pagar los derechos derivados al uso y comunicaci\u00f3n p\u00fablica de la m\u00fasica que se utiliz\u00f3 en el Homenaje al Campesino Mallanense en 2019.<\/div>\n<div style=\"text-align: justify;\"><\/div>\n<div style=\"text-align: justify;\">La investigaci\u00f3n disciplinaria se origin\u00f3 porque al aparecer Mora Rosero habr\u00eda permitido que se programaran y comunicaran p\u00fablicamente las obras musicales pertenecientes a artistas afiliados a la Asociaci\u00f3n Colombiana de Int\u00e9rpretes y Productores Fonogr\u00e1ficos &#8211; ACINPRO, sin haber exigido a tiempo las autorizaciones previas para utilizarlas ni los pagos de derechos de autor, con lo cual habr\u00eda transgredido el art\u00edculo 54 de la Decisi\u00f3n Andina 351 de 1993.<\/div>\n","protected":false},"excerpt":{"rendered":"<p>La Procuradur\u00eda General de la Naci\u00f3n absolvi\u00f3 de responsabilidad disciplinaria al exalcalde de Mallama, Nari\u00f1o, Alirio Jes\u00fas Mora Rosero (2016-2019), quien era investigado por posible vulneraci\u00f3n de normas de derechos de autor. La Procuradur\u00eda Provincial de Ipiales desvirtu\u00f3 los cargos al exmandatario, teniendo en cuenta que las pruebas allegadas al proceso permitieron determinar que no [&hellip;]<\/p>\n","protected":false},"author":1,"featured_media":49731,"comment_status":"open","ping_status":"open","sticky":false,"template":"","format":"standard","meta":{"footnotes":""},"categories":[53],"tags":[],"class_list":["post-49730","post","type-post","status-publish","format-standard","has-post-thumbnail","hentry","category-regiones"],"yoast_head":"<!-- This site is optimized with the Yoast SEO plugin v27.1.1 - https:\/\/yoast.com\/product\/yoast-seo-wordpress\/ -->\n<title>Procuradur\u00eda absolvi\u00f3 de responsabilidad disciplinaria a exalcalde de Mallama, Nari\u00f1o | P\u00e1gina10<\/title>\n<meta name=\"robots\" content=\"index, follow, max-snippet:-1, max-image-preview:large, max-video-preview:-1\" \/>\n<link rel=\"canonical\" href=\"https:\/\/pagina10.com\/web\/procuraduria-absolvio-de-responsabilidad-disciplinaria-a-exalcalde-de-mallama-narino\/\" \/>\n<meta property=\"og:locale\" content=\"es_ES\" \/>\n<meta property=\"og:type\" content=\"article\" \/>\n<meta property=\"og:title\" content=\"Procuradur\u00eda absolvi\u00f3 de responsabilidad disciplinaria a exalcalde de Mallama, Nari\u00f1o | P\u00e1gina10\" \/>\n<meta property=\"og:description\" content=\"La Procuradur\u00eda General de la Naci\u00f3n absolvi\u00f3 de responsabilidad disciplinaria al exalcalde de Mallama, Nari\u00f1o, Alirio Jes\u00fas Mora Rosero (2016-2019), quien era investigado por posible vulneraci\u00f3n de normas de derechos de autor. La Procuradur\u00eda Provincial de Ipiales desvirtu\u00f3 los cargos al exmandatario, teniendo en cuenta que las pruebas allegadas al proceso permitieron determinar que no [&hellip;]\" \/>\n<meta property=\"og:url\" content=\"https:\/\/pagina10.com\/web\/procuraduria-absolvio-de-responsabilidad-disciplinaria-a-exalcalde-de-mallama-narino\/\" \/>\n<meta property=\"og:site_name\" content=\"P\u00e1gina10\" \/>\n<meta property=\"article:publisher\" content=\"https:\/\/www.facebook.com\/pag10com\" \/>\n<meta property=\"article:published_time\" content=\"2021-01-03T16:03:03+00:00\" \/>\n<meta property=\"og:image\" content=\"https:\/\/pagina10.com\/web\/wp-content\/uploads\/2021\/01\/Captura-de-Pantalla-2021-01-03-a-las-11.02.29-a.-m..png\" \/>\n\t<meta property=\"og:image:width\" content=\"448\" \/>\n\t<meta property=\"og:image:height\" content=\"307\" \/>\n\t<meta property=\"og:image:type\" content=\"image\/png\" \/>\n<meta name=\"author\" content=\"P\u00e1gina 10\" \/>\n<meta name=\"twitter:card\" content=\"summary_large_image\" \/>\n<meta name=\"twitter:creator\" content=\"@Pag10com\" \/>\n<meta name=\"twitter:site\" content=\"@Pag10com\" \/>\n<meta name=\"twitter:label1\" content=\"Escrito por\" \/>\n\t<meta name=\"twitter:data1\" content=\"P\u00e1gina 10\" \/>\n\t<meta name=\"twitter:label2\" content=\"Tiempo de lectura\" \/>\n\t<meta name=\"twitter:data2\" content=\"1 minuto\" \/>\n<script type=\"application\/ld+json\" class=\"yoast-schema-graph\">{\"@context\":\"https:\/\/schema.org\",\"@graph\":[{\"@type\":\"Article\",\"@id\":\"https:\/\/pagina10.com\/web\/procuraduria-absolvio-de-responsabilidad-disciplinaria-a-exalcalde-de-mallama-narino\/#article\",\"isPartOf\":{\"@id\":\"https:\/\/pagina10.com\/web\/procuraduria-absolvio-de-responsabilidad-disciplinaria-a-exalcalde-de-mallama-narino\/\"},\"author\":{\"name\":\"P\u00e1gina 10\",\"@id\":\"https:\/\/pagina10.com\/web\/#\/schema\/person\/2efc4a090d25b667d3bc796798a3a81b\"},\"headline\":\"Procuradur\u00eda absolvi\u00f3 de responsabilidad disciplinaria a exalcalde de Mallama, Nari\u00f1o\",\"datePublished\":\"2021-01-03T16:03:03+00:00\",\"mainEntityOfPage\":{\"@id\":\"https:\/\/pagina10.com\/web\/procuraduria-absolvio-de-responsabilidad-disciplinaria-a-exalcalde-de-mallama-narino\/\"},\"wordCount\":190,\"commentCount\":0,\"publisher\":{\"@id\":\"https:\/\/pagina10.com\/web\/#organization\"},\"image\":{\"@id\":\"https:\/\/pagina10.com\/web\/procuraduria-absolvio-de-responsabilidad-disciplinaria-a-exalcalde-de-mallama-narino\/#primaryimage\"},\"thumbnailUrl\":\"https:\/\/pagina10.com\/web\/wp-content\/uploads\/2021\/01\/Captura-de-Pantalla-2021-01-03-a-las-11.02.29-a.-m..png\",\"articleSection\":[\"Regiones\"],\"inLanguage\":\"es\",\"potentialAction\":[{\"@type\":\"CommentAction\",\"name\":\"Comment\",\"target\":[\"https:\/\/pagina10.com\/web\/procuraduria-absolvio-de-responsabilidad-disciplinaria-a-exalcalde-de-mallama-narino\/#respond\"]}]},{\"@type\":\"WebPage\",\"@id\":\"https:\/\/pagina10.com\/web\/procuraduria-absolvio-de-responsabilidad-disciplinaria-a-exalcalde-de-mallama-narino\/\",\"url\":\"https:\/\/pagina10.com\/web\/procuraduria-absolvio-de-responsabilidad-disciplinaria-a-exalcalde-de-mallama-narino\/\",\"name\":\"Procuradur\u00eda absolvi\u00f3 de responsabilidad disciplinaria a exalcalde de Mallama, Nari\u00f1o | P\u00e1gina10\",\"isPartOf\":{\"@id\":\"https:\/\/pagina10.com\/web\/#website\"},\"primaryImageOfPage\":{\"@id\":\"https:\/\/pagina10.com\/web\/procuraduria-absolvio-de-responsabilidad-disciplinaria-a-exalcalde-de-mallama-narino\/#primaryimage\"},\"image\":{\"@id\":\"https:\/\/pagina10.com\/web\/procuraduria-absolvio-de-responsabilidad-disciplinaria-a-exalcalde-de-mallama-narino\/#primaryimage\"},\"thumbnailUrl\":\"https:\/\/pagina10.com\/web\/wp-content\/uploads\/2021\/01\/Captura-de-Pantalla-2021-01-03-a-las-11.02.29-a.-m..png\",\"datePublished\":\"2021-01-03T16:03:03+00:00\",\"breadcrumb\":{\"@id\":\"https:\/\/pagina10.com\/web\/procuraduria-absolvio-de-responsabilidad-disciplinaria-a-exalcalde-de-mallama-narino\/#breadcrumb\"},\"inLanguage\":\"es\",\"potentialAction\":[{\"@type\":\"ReadAction\",\"target\":[\"https:\/\/pagina10.com\/web\/procuraduria-absolvio-de-responsabilidad-disciplinaria-a-exalcalde-de-mallama-narino\/\"]}]},{\"@type\":\"ImageObject\",\"inLanguage\":\"es\",\"@id\":\"https:\/\/pagina10.com\/web\/procuraduria-absolvio-de-responsabilidad-disciplinaria-a-exalcalde-de-mallama-narino\/#primaryimage\",\"url\":\"https:\/\/pagina10.com\/web\/wp-content\/uploads\/2021\/01\/Captura-de-Pantalla-2021-01-03-a-las-11.02.29-a.-m..png\",\"contentUrl\":\"https:\/\/pagina10.com\/web\/wp-content\/uploads\/2021\/01\/Captura-de-Pantalla-2021-01-03-a-las-11.02.29-a.-m..png\",\"width\":448,\"height\":307},{\"@type\":\"BreadcrumbList\",\"@id\":\"https:\/\/pagina10.com\/web\/procuraduria-absolvio-de-responsabilidad-disciplinaria-a-exalcalde-de-mallama-narino\/#breadcrumb\",\"itemListElement\":[{\"@type\":\"ListItem\",\"position\":1,\"name\":\"Portada\",\"item\":\"https:\/\/pagina10.com\/web\/\"},{\"@type\":\"ListItem\",\"position\":2,\"name\":\"Procuradur\u00eda absolvi\u00f3 de responsabilidad disciplinaria a exalcalde de Mallama, Nari\u00f1o\"}]},{\"@type\":\"WebSite\",\"@id\":\"https:\/\/pagina10.com\/web\/#website\",\"url\":\"https:\/\/pagina10.com\/web\/\",\"name\":\"P\u00e1gina10\",\"description\":\"Peri\u00f3dico Regional\",\"publisher\":{\"@id\":\"https:\/\/pagina10.com\/web\/#organization\"},\"alternateName\":\"P\u00e1gina10 Peri\u00f3dico Regional\",\"potentialAction\":[{\"@type\":\"SearchAction\",\"target\":{\"@type\":\"EntryPoint\",\"urlTemplate\":\"https:\/\/pagina10.com\/web\/?s={search_term_string}\"},\"query-input\":{\"@type\":\"PropertyValueSpecification\",\"valueRequired\":true,\"valueName\":\"search_term_string\"}}],\"inLanguage\":\"es\"},{\"@type\":\"Organization\",\"@id\":\"https:\/\/pagina10.com\/web\/#organization\",\"name\":\"P\u00e1gina10\",\"alternateName\":\"P\u00e1gina10 Peri\u00f3dico Regional\",\"url\":\"https:\/\/pagina10.com\/web\/\",\"logo\":{\"@type\":\"ImageObject\",\"inLanguage\":\"es\",\"@id\":\"https:\/\/pagina10.com\/web\/#\/schema\/logo\/image\/\",\"url\":\"https:\/\/pagina10.com\/web\/wp-content\/uploads\/2024\/01\/40-pagina-10-periodico-regional-pasto.jpg\",\"contentUrl\":\"https:\/\/pagina10.com\/web\/wp-content\/uploads\/2024\/01\/40-pagina-10-periodico-regional-pasto.jpg\",\"width\":1280,\"height\":720,\"caption\":\"P\u00e1gina10\"},\"image\":{\"@id\":\"https:\/\/pagina10.com\/web\/#\/schema\/logo\/image\/\"},\"sameAs\":[\"https:\/\/www.facebook.com\/pag10com\",\"https:\/\/x.com\/Pag10com\",\"https:\/\/www.instagram.com\/pagina10col\/\",\"https:\/\/youtube.com\/channel\/pag10\",\"https:\/\/www.tiktok.com\/@p10col\"]},{\"@type\":\"Person\",\"@id\":\"https:\/\/pagina10.com\/web\/#\/schema\/person\/2efc4a090d25b667d3bc796798a3a81b\",\"name\":\"P\u00e1gina 10\",\"description\":\"P\u00e1gina 10 es un peri\u00f3dico regional que nace en Colombia, en el departamento de Nari\u00f1o, con un enfoque global, fundamentado en cuatro pilares esenciales: la libertad, el pluralismo, la inclusi\u00f3n y la independencia. P\u00e1gina 10 hace referencia a Nari\u00f1o como el d\u00e9cimo departamento creado en Colombia, despu\u00e9s de un proceso pol\u00edtico liderado por actores y actrices regionales con el fin de obtener la independencia y autonom\u00eda de nuestros territorios. Con la creaci\u00f3n de P\u00e1gina 10 se pretende abrir un escenario para el dialogo, la reflexi\u00f3n y el debate que se extienda a otras geograf\u00edas de Am\u00e9rica Latina y del planeta, en una apuesta por transformar colectivamente los desaf\u00edos de un mundo contempor\u00e1neo, m\u00e1s all\u00e1 de las fronteras impuestas.\",\"url\":\"https:\/\/pagina10.com\/web\/author\/pdiezadmin\/\"}]}<\/script>\n<!-- \/ Yoast SEO plugin. -->","yoast_head_json":{"title":"Procuradur\u00eda absolvi\u00f3 de responsabilidad disciplinaria a exalcalde de Mallama, Nari\u00f1o | P\u00e1gina10","robots":{"index":"index","follow":"follow","max-snippet":"max-snippet:-1","max-image-preview":"max-image-preview:large","max-video-preview":"max-video-preview:-1"},"canonical":"https:\/\/pagina10.com\/web\/procuraduria-absolvio-de-responsabilidad-disciplinaria-a-exalcalde-de-mallama-narino\/","og_locale":"es_ES","og_type":"article","og_title":"Procuradur\u00eda absolvi\u00f3 de responsabilidad disciplinaria a exalcalde de Mallama, Nari\u00f1o | P\u00e1gina10","og_description":"La Procuradur\u00eda General de la Naci\u00f3n absolvi\u00f3 de responsabilidad disciplinaria al exalcalde de Mallama, Nari\u00f1o, Alirio Jes\u00fas Mora Rosero (2016-2019), quien era investigado por posible vulneraci\u00f3n de normas de derechos de autor. La Procuradur\u00eda Provincial de Ipiales desvirtu\u00f3 los cargos al exmandatario, teniendo en cuenta que las pruebas allegadas al proceso permitieron determinar que no [&hellip;]","og_url":"https:\/\/pagina10.com\/web\/procuraduria-absolvio-de-responsabilidad-disciplinaria-a-exalcalde-de-mallama-narino\/","og_site_name":"P\u00e1gina10","article_publisher":"https:\/\/www.facebook.com\/pag10com","article_published_time":"2021-01-03T16:03:03+00:00","og_image":[{"width":448,"height":307,"url":"https:\/\/pagina10.com\/web\/wp-content\/uploads\/2021\/01\/Captura-de-Pantalla-2021-01-03-a-las-11.02.29-a.-m..png","type":"image\/png"}],"author":"P\u00e1gina 10","twitter_card":"summary_large_image","twitter_creator":"@Pag10com","twitter_site":"@Pag10com","twitter_misc":{"Escrito por":"P\u00e1gina 10","Tiempo de lectura":"1 minuto"},"schema":{"@context":"https:\/\/schema.org","@graph":[{"@type":"Article","@id":"https:\/\/pagina10.com\/web\/procuraduria-absolvio-de-responsabilidad-disciplinaria-a-exalcalde-de-mallama-narino\/#article","isPartOf":{"@id":"https:\/\/pagina10.com\/web\/procuraduria-absolvio-de-responsabilidad-disciplinaria-a-exalcalde-de-mallama-narino\/"},"author":{"name":"P\u00e1gina 10","@id":"https:\/\/pagina10.com\/web\/#\/schema\/person\/2efc4a090d25b667d3bc796798a3a81b"},"headline":"Procuradur\u00eda absolvi\u00f3 de responsabilidad disciplinaria a exalcalde de Mallama, Nari\u00f1o","datePublished":"2021-01-03T16:03:03+00:00","mainEntityOfPage":{"@id":"https:\/\/pagina10.com\/web\/procuraduria-absolvio-de-responsabilidad-disciplinaria-a-exalcalde-de-mallama-narino\/"},"wordCount":190,"commentCount":0,"publisher":{"@id":"https:\/\/pagina10.com\/web\/#organization"},"image":{"@id":"https:\/\/pagina10.com\/web\/procuraduria-absolvio-de-responsabilidad-disciplinaria-a-exalcalde-de-mallama-narino\/#primaryimage"},"thumbnailUrl":"https:\/\/pagina10.com\/web\/wp-content\/uploads\/2021\/01\/Captura-de-Pantalla-2021-01-03-a-las-11.02.29-a.-m..png","articleSection":["Regiones"],"inLanguage":"es","potentialAction":[{"@type":"CommentAction","name":"Comment","target":["https:\/\/pagina10.com\/web\/procuraduria-absolvio-de-responsabilidad-disciplinaria-a-exalcalde-de-mallama-narino\/#respond"]}]},{"@type":"WebPage","@id":"https:\/\/pagina10.com\/web\/procuraduria-absolvio-de-responsabilidad-disciplinaria-a-exalcalde-de-mallama-narino\/","url":"https:\/\/pagina10.com\/web\/procuraduria-absolvio-de-responsabilidad-disciplinaria-a-exalcalde-de-mallama-narino\/","name":"Procuradur\u00eda absolvi\u00f3 de responsabilidad disciplinaria a exalcalde de Mallama, Nari\u00f1o | P\u00e1gina10","isPartOf":{"@id":"https:\/\/pagina10.com\/web\/#website"},"primaryImageOfPage":{"@id":"https:\/\/pagina10.com\/web\/procuraduria-absolvio-de-responsabilidad-disciplinaria-a-exalcalde-de-mallama-narino\/#primaryimage"},"image":{"@id":"https:\/\/pagina10.com\/web\/procuraduria-absolvio-de-responsabilidad-disciplinaria-a-exalcalde-de-mallama-narino\/#primaryimage"},"thumbnailUrl":"https:\/\/pagina10.com\/web\/wp-content\/uploads\/2021\/01\/Captura-de-Pantalla-2021-01-03-a-las-11.02.29-a.-m..png","datePublished":"2021-01-03T16:03:03+00:00","breadcrumb":{"@id":"https:\/\/pagina10.com\/web\/procuraduria-absolvio-de-responsabilidad-disciplinaria-a-exalcalde-de-mallama-narino\/#breadcrumb"},"inLanguage":"es","potentialAction":[{"@type":"ReadAction","target":["https:\/\/pagina10.com\/web\/procuraduria-absolvio-de-responsabilidad-disciplinaria-a-exalcalde-de-mallama-narino\/"]}]},{"@type":"ImageObject","inLanguage":"es","@id":"https:\/\/pagina10.com\/web\/procuraduria-absolvio-de-responsabilidad-disciplinaria-a-exalcalde-de-mallama-narino\/#primaryimage","url":"https:\/\/pagina10.com\/web\/wp-content\/uploads\/2021\/01\/Captura-de-Pantalla-2021-01-03-a-las-11.02.29-a.-m..png","contentUrl":"https:\/\/pagina10.com\/web\/wp-content\/uploads\/2021\/01\/Captura-de-Pantalla-2021-01-03-a-las-11.02.29-a.-m..png","width":448,"height":307},{"@type":"BreadcrumbList","@id":"https:\/\/pagina10.com\/web\/procuraduria-absolvio-de-responsabilidad-disciplinaria-a-exalcalde-de-mallama-narino\/#breadcrumb","itemListElement":[{"@type":"ListItem","position":1,"name":"Portada","item":"https:\/\/pagina10.com\/web\/"},{"@type":"ListItem","position":2,"name":"Procuradur\u00eda absolvi\u00f3 de responsabilidad disciplinaria a exalcalde de Mallama, Nari\u00f1o"}]},{"@type":"WebSite","@id":"https:\/\/pagina10.com\/web\/#website","url":"https:\/\/pagina10.com\/web\/","name":"P\u00e1gina10","description":"Peri\u00f3dico Regional","publisher":{"@id":"https:\/\/pagina10.com\/web\/#organization"},"alternateName":"P\u00e1gina10 Peri\u00f3dico Regional","potentialAction":[{"@type":"SearchAction","target":{"@type":"EntryPoint","urlTemplate":"https:\/\/pagina10.com\/web\/?s={search_term_string}"},"query-input":{"@type":"PropertyValueSpecification","valueRequired":true,"valueName":"search_term_string"}}],"inLanguage":"es"},{"@type":"Organization","@id":"https:\/\/pagina10.com\/web\/#organization","name":"P\u00e1gina10","alternateName":"P\u00e1gina10 Peri\u00f3dico Regional","url":"https:\/\/pagina10.com\/web\/","logo":{"@type":"ImageObject","inLanguage":"es","@id":"https:\/\/pagina10.com\/web\/#\/schema\/logo\/image\/","url":"https:\/\/pagina10.com\/web\/wp-content\/uploads\/2024\/01\/40-pagina-10-periodico-regional-pasto.jpg","contentUrl":"https:\/\/pagina10.com\/web\/wp-content\/uploads\/2024\/01\/40-pagina-10-periodico-regional-pasto.jpg","width":1280,"height":720,"caption":"P\u00e1gina10"},"image":{"@id":"https:\/\/pagina10.com\/web\/#\/schema\/logo\/image\/"},"sameAs":["https:\/\/www.facebook.com\/pag10com","https:\/\/x.com\/Pag10com","https:\/\/www.instagram.com\/pagina10col\/","https:\/\/youtube.com\/channel\/pag10","https:\/\/www.tiktok.com\/@p10col"]},{"@type":"Person","@id":"https:\/\/pagina10.com\/web\/#\/schema\/person\/2efc4a090d25b667d3bc796798a3a81b","name":"P\u00e1gina 10","description":"P\u00e1gina 10 es un peri\u00f3dico regional que nace en Colombia, en el departamento de Nari\u00f1o, con un enfoque global, fundamentado en cuatro pilares esenciales: la libertad, el pluralismo, la inclusi\u00f3n y la independencia. P\u00e1gina 10 hace referencia a Nari\u00f1o como el d\u00e9cimo departamento creado en Colombia, despu\u00e9s de un proceso pol\u00edtico liderado por actores y actrices regionales con el fin de obtener la independencia y autonom\u00eda de nuestros territorios. Con la creaci\u00f3n de P\u00e1gina 10 se pretende abrir un escenario para el dialogo, la reflexi\u00f3n y el debate que se extienda a otras geograf\u00edas de Am\u00e9rica Latina y del planeta, en una apuesta por transformar colectivamente los desaf\u00edos de un mundo contempor\u00e1neo, m\u00e1s all\u00e1 de las fronteras impuestas.","url":"https:\/\/pagina10.com\/web\/author\/pdiezadmin\/"}]}},"_links":{"self":[{"href":"https:\/\/pagina10.com\/web\/wp-json\/wp\/v2\/posts\/49730","targetHints":{"allow":["GET"]}}],"collection":[{"href":"https:\/\/pagina10.com\/web\/wp-json\/wp\/v2\/posts"}],"about":[{"href":"https:\/\/pagina10.com\/web\/wp-json\/wp\/v2\/types\/post"}],"author":[{"embeddable":true,"href":"https:\/\/pagina10.com\/web\/wp-json\/wp\/v2\/users\/1"}],"replies":[{"embeddable":true,"href":"https:\/\/pagina10.com\/web\/wp-json\/wp\/v2\/comments?post=49730"}],"version-history":[{"count":1,"href":"https:\/\/pagina10.com\/web\/wp-json\/wp\/v2\/posts\/49730\/revisions"}],"predecessor-version":[{"id":49732,"href":"https:\/\/pagina10.com\/web\/wp-json\/wp\/v2\/posts\/49730\/revisions\/49732"}],"wp:featuredmedia":[{"embeddable":true,"href":"https:\/\/pagina10.com\/web\/wp-json\/wp\/v2\/media\/49731"}],"wp:attachment":[{"href":"https:\/\/pagina10.com\/web\/wp-json\/wp\/v2\/media?parent=49730"}],"wp:term":[{"taxonomy":"category","embeddable":true,"href":"https:\/\/pagina10.com\/web\/wp-json\/wp\/v2\/categories?post=49730"},{"taxonomy":"post_tag","embeddable":true,"href":"https:\/\/pagina10.com\/web\/wp-json\/wp\/v2\/tags?post=49730"}],"curies":[{"name":"wp","href":"https:\/\/api.w.org\/{rel}","templated":true}]}}