{"id":49744,"date":"2021-01-04T18:11:19","date_gmt":"2021-01-04T23:11:19","guid":{"rendered":"https:\/\/pagina10.com\/web\/?p=49744"},"modified":"2021-01-04T18:11:19","modified_gmt":"2021-01-04T23:11:19","slug":"los-tres-colores","status":"publish","type":"post","link":"https:\/\/pagina10.com\/web\/los-tres-colores\/","title":{"rendered":"Los tres colores"},"content":{"rendered":"<p style=\"text-align: justify;\">\n<p style=\"text-align: justify;\">Con la resoluci\u00f3n del Ministerio de Ambiente y Desarrollo Sostenible para que los residuos sean separados por colores, Colombia entra por fin en una pol\u00edtica uniforme de reciclaje de basuras que hab\u00eda tardado d\u00e9cadas en asumir.<\/p>\n<p style=\"text-align: justify;\">\n<p style=\"text-align: justify;\">Los contenedores de color blanco ser\u00e1n para pl\u00e1stico, vidrio, metales, papel y cart\u00f3n; los de color negro ser\u00e1n para papel higi\u00e9nico, servilletas, papeles y cartones usados con comida; y los de color verde ser\u00e1n para residuos org\u00e1nicos aprovechables. Cabe aclarar que en otros pa\u00edses, como Espa\u00f1a, por ejemplo, los colores y las categor\u00edas son diferentes, lo que da a entender que no hay una pol\u00edtica universal por varias razones.<\/p>\n<p style=\"text-align: justify;\">\n<p style=\"text-align: justify;\">Una de ellas es que el reciclaje es una acci\u00f3n que no naci\u00f3 de pol\u00edticas gubernamentales, sino de campa\u00f1as ecologistas en el Siglo XX que, gracias a su impacto social, se transformaron en leyes y programas ambientales de los gobiernos. Ahora tambi\u00e9n genera grandes ingresos, pues el reciclaje es parte de un proceso industrial muy rentable. Otra de esas razones es que el volumen de residuos que cada pa\u00eds produce es diferente. Incluso en cada ciudad var\u00eda.<\/p>\n<p style=\"text-align: justify;\">\n<p style=\"text-align: justify;\">Hace un a\u00f1o, en la madrugada del 1 de enero, se recogieron en Pasto 72 toneladas de basura, de las cuales un 20% era papel y cart\u00f3n; otro 20% era pl\u00e1stico; un 10%, vidrio; un 10%, tela y metal; y el 40% restante \u00a1era comida! Sobre esto \u00faltimo ya hemos hablado lo suficiente en esta columna. Tirar comida es un aut\u00e9ntico pecado mortal y en Colombia se tiran a la basura 9,76 millones de toneladas de alimentos cada a\u00f1o. En fin, al menos este nuevo reciclaje de material org\u00e1nico permitir\u00e1 tener compost para procesos agr\u00edcolas.<\/p>\n<p style=\"text-align: justify;\">\n<p style=\"text-align: justify;\">Sin embargo, esta buena noticia del c\u00f3digo de colores desnuda una situaci\u00f3n alarmante en el pa\u00eds. Al igual que Pasto, muchas ciudades adolecen de una conciencia de reciclado. No hay contenedores adecuados, no hay un sistema de reciclaje y siempre se bota mal y se contamina. O sea, no toda Colombia aplica los llamados Planes de Gesti\u00f3n Integral de Residuos S\u00f3lidos, PGIRS. Botamos en cualquier sitio, botamos a deshoras y hasta quemamos la basura, produciendo m\u00e1s contaminaci\u00f3n, afectando la capa de ozono, provocando enfermedades respiratorias y al\u00e9rgicas, y reduciendo nuestra calidad de vida.<\/p>\n<p style=\"text-align: justify;\">\n<p style=\"text-align: justify;\">D\u00e9jenme decirles que en Nari\u00f1o hay nueve vertederos de basura al aire libre, un sistema de desecho arcaico, peligroso, foco de virus, plagas e infecciones. Y eso es lo que ha puesto a Pasto a la cola de todo este proceso de reforma medioambiental, por mucho que la EMAS se haya esforzado en campa\u00f1as de concientizaci\u00f3n ciudadana.<\/p>\n<p style=\"text-align: justify;\">\n<p style=\"text-align: justify;\">Si, es verdad. Pasto siempre ha estado al final de la fila del desarrollo. Los sucesivos gobiernos nunca la han visto como una ciudad importante por su falta de industria y de ingresos a la naci\u00f3n. Pero tambi\u00e9n es verdad es que las administraciones p\u00fablicas de Pasto y de Nari\u00f1o no han tenido prioridades razonables. Aurelio Caviedes Arteaga abogaba por la pavimentaci\u00f3n y la recolecci\u00f3n de basuras desde mediados del Siglo XX. Pero quienes lo han sucedido se han enfocado en otras cosas. Y f\u00edjense cuanta agua ha llovido desde entonces.<\/p>\n<p style=\"text-align: justify;\">\n<p style=\"text-align: justify;\">Seg\u00fan la Superintendencia de Servicios P\u00fablicos, Colombia genera cerca de doce millones de toneladas de basura al a\u00f1o, de las que s\u00f3lo el 12% se aprovecha en centros de tratamiento de residuos. En otras palabras, estamos desbordados y el plan del c\u00f3digo de colores debi\u00f3 haberse instalado hace a\u00f1os. Ahora se pondr\u00e1 en marcha en algunas ciudades con sus correspondientes multas (16 salarios m\u00ednimos), pero sin un plan detallado de conciencia ciudadana. Luego se intentar\u00e1 aplicar el PGIRS en el resto de capitales de departamento y por fin el sistema llegar\u00e1 a ciudades como Pasto. Atraso por lado y lado.<\/p>\n<p style=\"text-align: justify;\">\n<p style=\"text-align: justify;\">Pero bueno, hab\u00eda que comenzar en alg\u00fan momento y ya se ha comenzado.<\/p>\n","protected":false},"excerpt":{"rendered":"<p>Con la resoluci\u00f3n del Ministerio de Ambiente y Desarrollo Sostenible para que los residuos sean separados por colores, Colombia entra por fin en una pol\u00edtica uniforme de reciclaje de basuras que hab\u00eda tardado d\u00e9cadas en asumir. Los contenedores de color blanco ser\u00e1n para pl\u00e1stico, vidrio, metales, papel y cart\u00f3n; los de color negro ser\u00e1n para [&hellip;]<\/p>\n","protected":false},"author":96,"featured_media":49745,"comment_status":"open","ping_status":"open","sticky":false,"template":"","format":"standard","meta":{"footnotes":""},"categories":[94],"tags":[],"class_list":["post-49744","post","type-post","status-publish","format-standard","has-post-thumbnail","hentry","category-nacional-global-2"],"yoast_head":"<!-- This site is optimized with the Yoast SEO plugin v27.1.1 - https:\/\/yoast.com\/product\/yoast-seo-wordpress\/ -->\n<title>Los tres colores | P\u00e1gina10<\/title>\n<meta name=\"robots\" content=\"index, follow, max-snippet:-1, max-image-preview:large, max-video-preview:-1\" \/>\n<link rel=\"canonical\" href=\"https:\/\/pagina10.com\/web\/los-tres-colores\/\" \/>\n<meta property=\"og:locale\" content=\"es_ES\" \/>\n<meta property=\"og:type\" content=\"article\" \/>\n<meta property=\"og:title\" content=\"Los tres colores | P\u00e1gina10\" \/>\n<meta property=\"og:description\" content=\"Con la resoluci\u00f3n del Ministerio de Ambiente y Desarrollo Sostenible para que los residuos sean separados por colores, Colombia entra por fin en una pol\u00edtica uniforme de reciclaje de basuras que hab\u00eda tardado d\u00e9cadas en asumir. Los contenedores de color blanco ser\u00e1n para pl\u00e1stico, vidrio, metales, papel y cart\u00f3n; los de color negro ser\u00e1n para [&hellip;]\" \/>\n<meta property=\"og:url\" content=\"https:\/\/pagina10.com\/web\/los-tres-colores\/\" \/>\n<meta property=\"og:site_name\" content=\"P\u00e1gina10\" \/>\n<meta property=\"article:publisher\" content=\"https:\/\/www.facebook.com\/pag10com\" \/>\n<meta property=\"article:published_time\" content=\"2021-01-04T23:11:19+00:00\" \/>\n<meta property=\"og:image\" content=\"https:\/\/pagina10.com\/web\/wp-content\/uploads\/2021\/01\/Captura-de-Pantalla-2021-01-04-a-las-6.10.22-p.-m..png\" \/>\n\t<meta property=\"og:image:width\" content=\"506\" \/>\n\t<meta property=\"og:image:height\" content=\"249\" \/>\n\t<meta property=\"og:image:type\" content=\"image\/png\" \/>\n<meta name=\"author\" content=\"Jos\u00e9 Arteaga\" \/>\n<meta name=\"twitter:card\" content=\"summary_large_image\" \/>\n<meta name=\"twitter:creator\" content=\"@Pag10com\" \/>\n<meta name=\"twitter:site\" content=\"@Pag10com\" \/>\n<meta name=\"twitter:label1\" content=\"Escrito por\" \/>\n\t<meta name=\"twitter:data1\" content=\"Jos\u00e9 Arteaga\" \/>\n\t<meta name=\"twitter:label2\" content=\"Tiempo de lectura\" \/>\n\t<meta name=\"twitter:data2\" content=\"3 minutos\" \/>\n<script type=\"application\/ld+json\" class=\"yoast-schema-graph\">{\"@context\":\"https:\/\/schema.org\",\"@graph\":[{\"@type\":\"Article\",\"@id\":\"https:\/\/pagina10.com\/web\/los-tres-colores\/#article\",\"isPartOf\":{\"@id\":\"https:\/\/pagina10.com\/web\/los-tres-colores\/\"},\"author\":{\"name\":\"Jos\u00e9 Arteaga\",\"@id\":\"https:\/\/pagina10.com\/web\/#\/schema\/person\/4d3a5ceab7ef16367ca602ae6539f4b0\"},\"headline\":\"Los tres colores\",\"datePublished\":\"2021-01-04T23:11:19+00:00\",\"mainEntityOfPage\":{\"@id\":\"https:\/\/pagina10.com\/web\/los-tres-colores\/\"},\"wordCount\":680,\"commentCount\":0,\"publisher\":{\"@id\":\"https:\/\/pagina10.com\/web\/#organization\"},\"image\":{\"@id\":\"https:\/\/pagina10.com\/web\/los-tres-colores\/#primaryimage\"},\"thumbnailUrl\":\"https:\/\/pagina10.com\/web\/wp-content\/uploads\/2021\/01\/Captura-de-Pantalla-2021-01-04-a-las-6.10.22-p.-m..png\",\"articleSection\":[\"Nacional\"],\"inLanguage\":\"es\",\"potentialAction\":[{\"@type\":\"CommentAction\",\"name\":\"Comment\",\"target\":[\"https:\/\/pagina10.com\/web\/los-tres-colores\/#respond\"]}]},{\"@type\":\"WebPage\",\"@id\":\"https:\/\/pagina10.com\/web\/los-tres-colores\/\",\"url\":\"https:\/\/pagina10.com\/web\/los-tres-colores\/\",\"name\":\"Los tres colores | P\u00e1gina10\",\"isPartOf\":{\"@id\":\"https:\/\/pagina10.com\/web\/#website\"},\"primaryImageOfPage\":{\"@id\":\"https:\/\/pagina10.com\/web\/los-tres-colores\/#primaryimage\"},\"image\":{\"@id\":\"https:\/\/pagina10.com\/web\/los-tres-colores\/#primaryimage\"},\"thumbnailUrl\":\"https:\/\/pagina10.com\/web\/wp-content\/uploads\/2021\/01\/Captura-de-Pantalla-2021-01-04-a-las-6.10.22-p.-m..png\",\"datePublished\":\"2021-01-04T23:11:19+00:00\",\"breadcrumb\":{\"@id\":\"https:\/\/pagina10.com\/web\/los-tres-colores\/#breadcrumb\"},\"inLanguage\":\"es\",\"potentialAction\":[{\"@type\":\"ReadAction\",\"target\":[\"https:\/\/pagina10.com\/web\/los-tres-colores\/\"]}]},{\"@type\":\"ImageObject\",\"inLanguage\":\"es\",\"@id\":\"https:\/\/pagina10.com\/web\/los-tres-colores\/#primaryimage\",\"url\":\"https:\/\/pagina10.com\/web\/wp-content\/uploads\/2021\/01\/Captura-de-Pantalla-2021-01-04-a-las-6.10.22-p.-m..png\",\"contentUrl\":\"https:\/\/pagina10.com\/web\/wp-content\/uploads\/2021\/01\/Captura-de-Pantalla-2021-01-04-a-las-6.10.22-p.-m..png\",\"width\":506,\"height\":249},{\"@type\":\"BreadcrumbList\",\"@id\":\"https:\/\/pagina10.com\/web\/los-tres-colores\/#breadcrumb\",\"itemListElement\":[{\"@type\":\"ListItem\",\"position\":1,\"name\":\"Portada\",\"item\":\"https:\/\/pagina10.com\/web\/\"},{\"@type\":\"ListItem\",\"position\":2,\"name\":\"Los tres colores\"}]},{\"@type\":\"WebSite\",\"@id\":\"https:\/\/pagina10.com\/web\/#website\",\"url\":\"https:\/\/pagina10.com\/web\/\",\"name\":\"P\u00e1gina10\",\"description\":\"Peri\u00f3dico Regional\",\"publisher\":{\"@id\":\"https:\/\/pagina10.com\/web\/#organization\"},\"alternateName\":\"P\u00e1gina10 Peri\u00f3dico Regional\",\"potentialAction\":[{\"@type\":\"SearchAction\",\"target\":{\"@type\":\"EntryPoint\",\"urlTemplate\":\"https:\/\/pagina10.com\/web\/?s={search_term_string}\"},\"query-input\":{\"@type\":\"PropertyValueSpecification\",\"valueRequired\":true,\"valueName\":\"search_term_string\"}}],\"inLanguage\":\"es\"},{\"@type\":\"Organization\",\"@id\":\"https:\/\/pagina10.com\/web\/#organization\",\"name\":\"P\u00e1gina10\",\"alternateName\":\"P\u00e1gina10 Peri\u00f3dico Regional\",\"url\":\"https:\/\/pagina10.com\/web\/\",\"logo\":{\"@type\":\"ImageObject\",\"inLanguage\":\"es\",\"@id\":\"https:\/\/pagina10.com\/web\/#\/schema\/logo\/image\/\",\"url\":\"https:\/\/pagina10.com\/web\/wp-content\/uploads\/2024\/01\/40-pagina-10-periodico-regional-pasto.jpg\",\"contentUrl\":\"https:\/\/pagina10.com\/web\/wp-content\/uploads\/2024\/01\/40-pagina-10-periodico-regional-pasto.jpg\",\"width\":1280,\"height\":720,\"caption\":\"P\u00e1gina10\"},\"image\":{\"@id\":\"https:\/\/pagina10.com\/web\/#\/schema\/logo\/image\/\"},\"sameAs\":[\"https:\/\/www.facebook.com\/pag10com\",\"https:\/\/x.com\/Pag10com\",\"https:\/\/www.instagram.com\/pagina10col\/\",\"https:\/\/youtube.com\/channel\/pag10\",\"https:\/\/www.tiktok.com\/@p10col\"]},{\"@type\":\"Person\",\"@id\":\"https:\/\/pagina10.com\/web\/#\/schema\/person\/4d3a5ceab7ef16367ca602ae6539f4b0\",\"name\":\"Jos\u00e9 Arteaga\",\"description\":\"Jos\u00e9 Arteaga naci\u00f3 en San Juan de Pasto-Nari\u00f1o. Es comunicador social de la Pontificia Universidad Javeriana, y escritor con amplio conocimiento en la historia del Latin Jazz, la salsa y la m\u00fasica del caribe. Ha escrito varios libros sobre m\u00fasica, delincuencia, deporte y cultura popular. Contribuy\u00f3 significativamente al estudio de la historia de la salsa colombiana y el Jazz Latino. Arteaga trabaj\u00f3 para el diario El Espectador, donde escrib\u00eda \u00abLa radiola\u00bb, una columna dedicada a distintos g\u00e9neros como la salsa, el son, jazz latino y la rumba. Colabor\u00f3 tambi\u00e9n en la 91.9. La revista que suena, publicada por la emisora Javeriana Est\u00e9reo. En el campo literario, el nari\u00f1ense escribi\u00f3: \u2018La salsa \u2013 Cr\u00f3nica social de la m\u00fasica del Caribe urbano\u2019 (1990), \u201cMaestro de maestros: biograf\u00eda del m\u00fasico Lucho Berm\u00fadez\u00bb (1991), \u2018La m\u00fasica del Caribe \u2013 Historia de todos los ritmos antillanos\u2019 (1994), \u2018La salsa, un estado de \u00e1nimo\u2019 (2000) y \u2018Oye c\u00f3mo va\u2026 El mundo del jazz latino\u2019 (2004), entre otros.\",\"url\":\"https:\/\/pagina10.com\/web\/author\/josearteaga\/\"}]}<\/script>\n<!-- \/ Yoast SEO plugin. -->","yoast_head_json":{"title":"Los tres colores | P\u00e1gina10","robots":{"index":"index","follow":"follow","max-snippet":"max-snippet:-1","max-image-preview":"max-image-preview:large","max-video-preview":"max-video-preview:-1"},"canonical":"https:\/\/pagina10.com\/web\/los-tres-colores\/","og_locale":"es_ES","og_type":"article","og_title":"Los tres colores | P\u00e1gina10","og_description":"Con la resoluci\u00f3n del Ministerio de Ambiente y Desarrollo Sostenible para que los residuos sean separados por colores, Colombia entra por fin en una pol\u00edtica uniforme de reciclaje de basuras que hab\u00eda tardado d\u00e9cadas en asumir. Los contenedores de color blanco ser\u00e1n para pl\u00e1stico, vidrio, metales, papel y cart\u00f3n; los de color negro ser\u00e1n para [&hellip;]","og_url":"https:\/\/pagina10.com\/web\/los-tres-colores\/","og_site_name":"P\u00e1gina10","article_publisher":"https:\/\/www.facebook.com\/pag10com","article_published_time":"2021-01-04T23:11:19+00:00","og_image":[{"width":506,"height":249,"url":"https:\/\/pagina10.com\/web\/wp-content\/uploads\/2021\/01\/Captura-de-Pantalla-2021-01-04-a-las-6.10.22-p.-m..png","type":"image\/png"}],"author":"Jos\u00e9 Arteaga","twitter_card":"summary_large_image","twitter_creator":"@Pag10com","twitter_site":"@Pag10com","twitter_misc":{"Escrito por":"Jos\u00e9 Arteaga","Tiempo de lectura":"3 minutos"},"schema":{"@context":"https:\/\/schema.org","@graph":[{"@type":"Article","@id":"https:\/\/pagina10.com\/web\/los-tres-colores\/#article","isPartOf":{"@id":"https:\/\/pagina10.com\/web\/los-tres-colores\/"},"author":{"name":"Jos\u00e9 Arteaga","@id":"https:\/\/pagina10.com\/web\/#\/schema\/person\/4d3a5ceab7ef16367ca602ae6539f4b0"},"headline":"Los tres colores","datePublished":"2021-01-04T23:11:19+00:00","mainEntityOfPage":{"@id":"https:\/\/pagina10.com\/web\/los-tres-colores\/"},"wordCount":680,"commentCount":0,"publisher":{"@id":"https:\/\/pagina10.com\/web\/#organization"},"image":{"@id":"https:\/\/pagina10.com\/web\/los-tres-colores\/#primaryimage"},"thumbnailUrl":"https:\/\/pagina10.com\/web\/wp-content\/uploads\/2021\/01\/Captura-de-Pantalla-2021-01-04-a-las-6.10.22-p.-m..png","articleSection":["Nacional"],"inLanguage":"es","potentialAction":[{"@type":"CommentAction","name":"Comment","target":["https:\/\/pagina10.com\/web\/los-tres-colores\/#respond"]}]},{"@type":"WebPage","@id":"https:\/\/pagina10.com\/web\/los-tres-colores\/","url":"https:\/\/pagina10.com\/web\/los-tres-colores\/","name":"Los tres colores | P\u00e1gina10","isPartOf":{"@id":"https:\/\/pagina10.com\/web\/#website"},"primaryImageOfPage":{"@id":"https:\/\/pagina10.com\/web\/los-tres-colores\/#primaryimage"},"image":{"@id":"https:\/\/pagina10.com\/web\/los-tres-colores\/#primaryimage"},"thumbnailUrl":"https:\/\/pagina10.com\/web\/wp-content\/uploads\/2021\/01\/Captura-de-Pantalla-2021-01-04-a-las-6.10.22-p.-m..png","datePublished":"2021-01-04T23:11:19+00:00","breadcrumb":{"@id":"https:\/\/pagina10.com\/web\/los-tres-colores\/#breadcrumb"},"inLanguage":"es","potentialAction":[{"@type":"ReadAction","target":["https:\/\/pagina10.com\/web\/los-tres-colores\/"]}]},{"@type":"ImageObject","inLanguage":"es","@id":"https:\/\/pagina10.com\/web\/los-tres-colores\/#primaryimage","url":"https:\/\/pagina10.com\/web\/wp-content\/uploads\/2021\/01\/Captura-de-Pantalla-2021-01-04-a-las-6.10.22-p.-m..png","contentUrl":"https:\/\/pagina10.com\/web\/wp-content\/uploads\/2021\/01\/Captura-de-Pantalla-2021-01-04-a-las-6.10.22-p.-m..png","width":506,"height":249},{"@type":"BreadcrumbList","@id":"https:\/\/pagina10.com\/web\/los-tres-colores\/#breadcrumb","itemListElement":[{"@type":"ListItem","position":1,"name":"Portada","item":"https:\/\/pagina10.com\/web\/"},{"@type":"ListItem","position":2,"name":"Los tres colores"}]},{"@type":"WebSite","@id":"https:\/\/pagina10.com\/web\/#website","url":"https:\/\/pagina10.com\/web\/","name":"P\u00e1gina10","description":"Peri\u00f3dico Regional","publisher":{"@id":"https:\/\/pagina10.com\/web\/#organization"},"alternateName":"P\u00e1gina10 Peri\u00f3dico Regional","potentialAction":[{"@type":"SearchAction","target":{"@type":"EntryPoint","urlTemplate":"https:\/\/pagina10.com\/web\/?s={search_term_string}"},"query-input":{"@type":"PropertyValueSpecification","valueRequired":true,"valueName":"search_term_string"}}],"inLanguage":"es"},{"@type":"Organization","@id":"https:\/\/pagina10.com\/web\/#organization","name":"P\u00e1gina10","alternateName":"P\u00e1gina10 Peri\u00f3dico Regional","url":"https:\/\/pagina10.com\/web\/","logo":{"@type":"ImageObject","inLanguage":"es","@id":"https:\/\/pagina10.com\/web\/#\/schema\/logo\/image\/","url":"https:\/\/pagina10.com\/web\/wp-content\/uploads\/2024\/01\/40-pagina-10-periodico-regional-pasto.jpg","contentUrl":"https:\/\/pagina10.com\/web\/wp-content\/uploads\/2024\/01\/40-pagina-10-periodico-regional-pasto.jpg","width":1280,"height":720,"caption":"P\u00e1gina10"},"image":{"@id":"https:\/\/pagina10.com\/web\/#\/schema\/logo\/image\/"},"sameAs":["https:\/\/www.facebook.com\/pag10com","https:\/\/x.com\/Pag10com","https:\/\/www.instagram.com\/pagina10col\/","https:\/\/youtube.com\/channel\/pag10","https:\/\/www.tiktok.com\/@p10col"]},{"@type":"Person","@id":"https:\/\/pagina10.com\/web\/#\/schema\/person\/4d3a5ceab7ef16367ca602ae6539f4b0","name":"Jos\u00e9 Arteaga","description":"Jos\u00e9 Arteaga naci\u00f3 en San Juan de Pasto-Nari\u00f1o. Es comunicador social de la Pontificia Universidad Javeriana, y escritor con amplio conocimiento en la historia del Latin Jazz, la salsa y la m\u00fasica del caribe. Ha escrito varios libros sobre m\u00fasica, delincuencia, deporte y cultura popular. Contribuy\u00f3 significativamente al estudio de la historia de la salsa colombiana y el Jazz Latino. Arteaga trabaj\u00f3 para el diario El Espectador, donde escrib\u00eda \u00abLa radiola\u00bb, una columna dedicada a distintos g\u00e9neros como la salsa, el son, jazz latino y la rumba. Colabor\u00f3 tambi\u00e9n en la 91.9. La revista que suena, publicada por la emisora Javeriana Est\u00e9reo. En el campo literario, el nari\u00f1ense escribi\u00f3: \u2018La salsa \u2013 Cr\u00f3nica social de la m\u00fasica del Caribe urbano\u2019 (1990), \u201cMaestro de maestros: biograf\u00eda del m\u00fasico Lucho Berm\u00fadez\u00bb (1991), \u2018La m\u00fasica del Caribe \u2013 Historia de todos los ritmos antillanos\u2019 (1994), \u2018La salsa, un estado de \u00e1nimo\u2019 (2000) y \u2018Oye c\u00f3mo va\u2026 El mundo del jazz latino\u2019 (2004), entre otros.","url":"https:\/\/pagina10.com\/web\/author\/josearteaga\/"}]}},"_links":{"self":[{"href":"https:\/\/pagina10.com\/web\/wp-json\/wp\/v2\/posts\/49744","targetHints":{"allow":["GET"]}}],"collection":[{"href":"https:\/\/pagina10.com\/web\/wp-json\/wp\/v2\/posts"}],"about":[{"href":"https:\/\/pagina10.com\/web\/wp-json\/wp\/v2\/types\/post"}],"author":[{"embeddable":true,"href":"https:\/\/pagina10.com\/web\/wp-json\/wp\/v2\/users\/96"}],"replies":[{"embeddable":true,"href":"https:\/\/pagina10.com\/web\/wp-json\/wp\/v2\/comments?post=49744"}],"version-history":[{"count":1,"href":"https:\/\/pagina10.com\/web\/wp-json\/wp\/v2\/posts\/49744\/revisions"}],"predecessor-version":[{"id":49746,"href":"https:\/\/pagina10.com\/web\/wp-json\/wp\/v2\/posts\/49744\/revisions\/49746"}],"wp:featuredmedia":[{"embeddable":true,"href":"https:\/\/pagina10.com\/web\/wp-json\/wp\/v2\/media\/49745"}],"wp:attachment":[{"href":"https:\/\/pagina10.com\/web\/wp-json\/wp\/v2\/media?parent=49744"}],"wp:term":[{"taxonomy":"category","embeddable":true,"href":"https:\/\/pagina10.com\/web\/wp-json\/wp\/v2\/categories?post=49744"},{"taxonomy":"post_tag","embeddable":true,"href":"https:\/\/pagina10.com\/web\/wp-json\/wp\/v2\/tags?post=49744"}],"curies":[{"name":"wp","href":"https:\/\/api.w.org\/{rel}","templated":true}]}}