{"id":49747,"date":"2021-01-04T18:15:44","date_gmt":"2021-01-04T23:15:44","guid":{"rendered":"https:\/\/pagina10.com\/web\/?p=49747"},"modified":"2021-01-04T18:15:44","modified_gmt":"2021-01-04T23:15:44","slug":"lecciones-del-covid-en-tiempos-del-joker","status":"publish","type":"post","link":"https:\/\/pagina10.com\/web\/lecciones-del-covid-en-tiempos-del-joker\/","title":{"rendered":"Lecciones del covid en tiempos del Joker"},"content":{"rendered":"<p style=\"text-align: justify;\">Por: Manolo Villota B &#8211; periodista<\/p>\n<p style=\"text-align: justify;\">Parec\u00eda imposible, pero sucedi\u00f3. Entre finales del 2019 y principios de\u00a0 2020 lleg\u00f3 la noticia de que all\u00e1, muy lejos, hab\u00eda aparecido una enfermedad que preocupaba a los cient\u00edficos. Un virus que, aunque no era nuevo sobre la tierra, hasta entonces solo afectaba a algunos animales.<\/p>\n<p style=\"text-align: justify;\">Despu\u00e9s, nos enteramos de que el peque\u00f1o ente ya era capaz de infectar, hasta matar, a los humanos. Se estaba esparciendo con velocidad por China y las primeras alarmas empezaban a sonar. Como es usual en el mundo cuando acontece una tragedia, los pa\u00edses segu\u00edan atentos, pero despreocupados, la evoluci\u00f3n de la situaci\u00f3n. Si no te afecta, al final no importa.<\/p>\n<p style=\"text-align: justify;\">Aunque en principio la mayor\u00eda de personas, incluyendo gobernantes locales y nacionales, la describieron como una \u201cgripa&#8221;, la gravedad de las circunstancias oblig\u00f3 a <a href=\"https:\/\/www.youtube.com\/watch?v=AcAbKtUGb2I\">la Organizaci\u00f3n Mundial de la Salud a declarar pandemia <\/a>. Acto seguido, todos los Estados, ricos y pobres, encerraban a sus habitantes para evitar que los hospitales colapsaran. El contador global de muertos por covid-19 \u00a0no ha dejado de correr.<\/p>\n<p style=\"text-align: justify;\">Ahora, en 2021, miramos al a\u00f1o que termin\u00f3 y vemos \u00a0una estela de caos que no solo se aliment\u00f3 de la enfermedad sino de varios hechos. Un escenario de confusi\u00f3n e incertidumbre que, sin embargo, nos dej\u00f3 algunas lecciones que, ojal\u00e1, est\u00e9n bien aprendidas:<\/p>\n<p style=\"text-align: justify;\">Estamos peor de lo que esper\u00e1bamos (al menos en Colombia): lleg\u00f3 el aislamiento obligatorio y con este la par\u00e1lisis de la econom\u00eda. Negocios cerraron y \u00a0gran cantidad de puestos de trabajo se perdieron (alrededor de cinco millones en abril seg\u00fan las cifras oficiales), pero ante todo, redescubrimos lo fr\u00e1gil que es nuestro mercado laboral. Seg\u00fan el informe del <a href=\"https:\/\/www.dane.gov.co\/index.php\/estadisticas-por-tema\/mercado-laboral\/empleo-informal-y-seguridad-social\">Departamento Administrativo Nacional de Estad\u00edstica<\/a> (Dane), entre agosto y octubre de 2020, la tasa de informalidad total, es decir el porcentaje de personas que trabajan sin garant\u00edas ni respaldos contractuales, puntu\u00f3 48.5%. En el desglose por ciudades, la situaci\u00f3n se pone peor para Pasto <a href=\"https:\/\/www.dane.gov.co\/files\/investigaciones\/boletines\/ech\/ech_informalidad\/bol_geih_informalidad_ago20_oct20.pdf\">cuya informalidad fue de 57.2 %<\/a> ; no se \u00a0quedan cortos quienes afirman que aqu\u00ed no vivimos sino que sobrevivimos.\u00a0 \u00bfY qu\u00e9 les espera a las pr\u00f3ximas generaciones?, vaya uno a saber.<\/p>\n<p style=\"text-align: justify;\">La ignorancia va de la mano de la estupidez: una crisis sanitaria global fue el caldo de cultivo propicio para que las conspiraciones paranoicas de redes como Facebook y YouTube alcanzaran su esplendor. A pesar de que nunca antes hab\u00edamos tenido la posibilidad de acceder a toda la informaci\u00f3n disponible en el mundo, ir\u00f3nicamente, una parte considerable de la poblaci\u00f3n sigue tragando entero, creyendo y fantaseando con supuestos hechos cuyas fuentes son memes mal escritos, charlatanes habl\u00e1ndole a una c\u00e1mara, o el voz a voz que suele provenir de nuestros iguales, tan o m\u00e1s ignorantes que nosotros, pero que tienen el \u00a0ah\u00ednco y la convicci\u00f3n para defender sus \u201ccausas\u201d. As\u00ed fuimos testigos de esl\u00f3ganes que nos quedar\u00e1n para el recuerdo: \u201cEl covid no existe\u201d, \u201ctodo es culpa de Bill Gates\u201d, \u201clos m\u00e9dicos hacen negocio y cobran por muerto\u201d,\u00a0 \u201cel 5G y el covid est\u00e1n conectados\u201d. Unos ya vend\u00edan la f\u00f3rmula m\u00e1gica en un buen trago de Di\u00f3xido de Cloro y hasta un exmandatario bastante conocido insinu\u00f3 a su gente que ingerir desinfectante o los rayos ultravioleta podr\u00edan ser una alternativa para tratar la enfermedad. \u00bfVen porque leer es fundamental?<\/p>\n<p style=\"text-align: justify;\">La salud mental es importante, muy importante: \u00a0pasar meses encerrados trajo consigo, entre otros inconvenientes, una afectaci\u00f3n en el bienestar emocional de las personas. <a href=\"https:\/\/elpais.com\/ciencia\/2020-12-23\/las-cifras-confirman-el-impacto-de-la-pandemia-sobre-la-salud-mental.html\">Seg\u00fan el diario El Pa\u00eds de Espa\u00f1a, un estudio masivo llevado a cabo por \u00a0la Universidad de Ottawa<\/a> encontr\u00f3 los principales padecimientos que las personas en distintos pa\u00edses desarrollaron o acentuaron durante el aislamiento. Insomnio, estr\u00e9s postraum\u00e1tico, depresi\u00f3n y ansiedad, lideran la lista. La mente es un concepto real y tambi\u00e9n se enferma, es hora de dejar atr\u00e1s la idea absurda de menospreciarla. Por el contrario, as\u00ed como es necesario cada tanto un chequeo m\u00e9dico, la terapia, es un recurso indispensable para tener una vida m\u00e1s tranquila y arm\u00f3nica. \u00bfO acaso por qu\u00e9 creen que las calles est\u00e1n llenas de adultos disfuncionales y violentos, parejas t\u00f3xicas, padres posesivos y codependientes, entre muchos otros conflictos? Somos el resultado de nuestras experiencias.<\/p>\n<p style=\"text-align: justify;\">Una pantalla se convirti\u00f3 en ventana y proveedor: \u00a0al parecer son las ficciones que imaginamos las puertas hacia el futuro. Julio Verne, Aldoux Huxley, George Orwell, Isaac Asimov, entre otros escritores, predijeron, a trav\u00e9s de sus novelas, los viajes espaciales, la llegada\u00a0 a la luna,\u00a0 la evoluci\u00f3n de los gobiernos y la sociedades. El cine no se queda atr\u00e1s, la cl\u00e1sica <a href=\"https:\/\/www.youtube.com\/watch?v=oRfhwoMH6QE&amp;ab_channel=RonnySulca\">Volver al Futuro<\/a>, ya anticipaba ciertos logros tecnol\u00f3gicos que hoy hacen parte de nuestra cotidianidad (aunque el mundo sigue esperando la invenci\u00f3n de la patineta antigravedad). As\u00ed, la virtualidad se volvi\u00f3 nuestro nuevo espacio de interacci\u00f3n. Las videoconferencias, video reuniones, video llamadas, nos permit\u00edan estar y no estar ah\u00ed, en ese otro plano. Por lo tanto, el aprendizaje, los asuntos laborales, los pleitos legales, hasta los espect\u00e1culos y las fiestas, pasaron de ser una experiencia v\u00edvida y palpable a una simulaci\u00f3n. El teletrabajo, o Home Office, si se quiere decirlo de manera alternativa, se convirti\u00f3 en el modelo imperante, que valga mencionar, debe ser regulado para evitar las malas pr\u00e1cticas. Aprendimos a mercar por Internet, a enviar y recibir regalos a trav\u00e9s de la web, Netflix y otras plataformas pagas se volvieron mucho m\u00e1s importantes. En fin, creamos nuevas relaciones con nuestros computadores y tel\u00e9fonos. \u00a0Llegamos al futuro.<\/p>\n<p style=\"text-align: justify;\">Recordamos la esencia de ser humanos: la pandemia fue (o es) dif\u00edcil para todos, pero en un mundo desigual e injusto, claramente ser\u00e1 m\u00e1s compleja para unas personas que para otras. Por situaci\u00f3n econ\u00f3mica, por lugar de residencia, por necesidades espec\u00edficas, ciertamente no se experiment\u00f3 la crisis del mismo modo, no obstante, si hay algo que nos une es el significado que podemos darle a la vida. Detenernos por un momento tambi\u00e9n fue un sacud\u00f3n para no olvidar lo fr\u00e1giles y ef\u00edmeros que somos, para prestar atenci\u00f3n al presente y a lo fundamental. Para entender que el tiempo nos consume y lo que una vez vivimos no se repetir\u00e1. Que nunca sobra dar un abrazo extra a los seres queridos, que siempre vale la pena tragarnos el orgullo y pedir perd\u00f3n o perdonar en su defecto, que nunca sabremos cu\u00e1ndo dejaremos de existir, ni cu\u00e1ndo la \u00faltima vez que veamos a alguien literalmente sea la \u00faltima. \u00a0M\u00e1s all\u00e1 de las im\u00e1genes de animales tom\u00e1ndose ciudades vac\u00edas, o los aplausos al cuerpo m\u00e9dico como un gesto de tierna, pero poco eficaz solidaridad que nos dejaron at\u00f3nitos y nos hicieron comentar sin parar por redes sociales, enfrentarnos como especie ante una amenaza colectivamente, nos hizo dar cuenta de que, en el fondo, por muy mal que el panorama se vea, tenemos un apego inconmensurable por encontrar un futuro promisorio y esperanzador, uno en el que a\u00fan seamos capaces de re\u00edr y experimentar, donde sea posible librarnos de las heridas del coraz\u00f3n y d\u00f3nde podamos respirar con tranquilidad a pesar de todo. Tal vez, sea posible que resignifiquemos a nuestras familias, a nuestros amigos a nuestros animales de compa\u00f1\u00eda y gracias a esto podamos ser un poco mejores de lo que fuimos.<\/p>\n<p style=\"text-align: justify;\">El 2021 comenz\u00f3 y aunque no es sin\u00f3nimo de rebobinar, o mejor dicho, de resetear, el mundo, la sensaci\u00f3n de estar en un nuevo lapso, de alg\u00fan modo nos permite mirar con otros ojos el ma\u00f1ana con todo y\u00a0 lo enigm\u00e1tico que es el tiempo y lo que en este acontece. Eso, a pesar de lo que digan las voces nefastas que siempre anticipan, o anhelan, lo peor, es valioso. La esperanza nos permite so\u00f1ar y, como dijo alguien por ah\u00ed, \u201cmientras haya sue\u00f1os, habr\u00e1 vida\u201d.<\/p>\n<p style=\"text-align: justify;\">\n","protected":false},"excerpt":{"rendered":"<p>Por: Manolo Villota B &#8211; periodista Parec\u00eda imposible, pero sucedi\u00f3. Entre finales del 2019 y principios de\u00a0 2020 lleg\u00f3 la noticia de que all\u00e1, muy lejos, hab\u00eda aparecido una enfermedad que preocupaba a los cient\u00edficos. Un virus que, aunque no era nuevo sobre la tierra, hasta entonces solo afectaba a algunos animales. Despu\u00e9s, nos enteramos [&hellip;]<\/p>\n","protected":false},"author":15,"featured_media":49748,"comment_status":"open","ping_status":"open","sticky":false,"template":"","format":"standard","meta":{"footnotes":""},"categories":[94],"tags":[],"class_list":["post-49747","post","type-post","status-publish","format-standard","has-post-thumbnail","hentry","category-nacional-global-2"],"yoast_head":"<!-- This site is optimized with the Yoast SEO plugin v27.1.1 - https:\/\/yoast.com\/product\/yoast-seo-wordpress\/ -->\n<title>Lecciones del covid en tiempos del Joker | P\u00e1gina10<\/title>\n<meta name=\"robots\" content=\"index, follow, max-snippet:-1, max-image-preview:large, max-video-preview:-1\" \/>\n<link rel=\"canonical\" href=\"https:\/\/pagina10.com\/web\/lecciones-del-covid-en-tiempos-del-joker\/\" \/>\n<meta property=\"og:locale\" content=\"es_ES\" \/>\n<meta property=\"og:type\" content=\"article\" \/>\n<meta property=\"og:title\" content=\"Lecciones del covid en tiempos del Joker | P\u00e1gina10\" \/>\n<meta property=\"og:description\" content=\"Por: Manolo Villota B &#8211; periodista Parec\u00eda imposible, pero sucedi\u00f3. Entre finales del 2019 y principios de 2020 lleg\u00f3 la noticia de que all\u00e1, muy lejos, hab\u00eda aparecido una enfermedad que preocupaba a los cient\u00edficos. Un virus que, aunque no era nuevo sobre la tierra, hasta entonces solo afectaba a algunos animales. Despu\u00e9s, nos enteramos [&hellip;]\" \/>\n<meta property=\"og:url\" content=\"https:\/\/pagina10.com\/web\/lecciones-del-covid-en-tiempos-del-joker\/\" \/>\n<meta property=\"og:site_name\" content=\"P\u00e1gina10\" \/>\n<meta property=\"article:publisher\" content=\"https:\/\/www.facebook.com\/pag10com\" \/>\n<meta property=\"article:published_time\" content=\"2021-01-04T23:15:44+00:00\" \/>\n<meta property=\"og:image\" content=\"https:\/\/pagina10.com\/web\/wp-content\/uploads\/2021\/01\/Captura-de-Pantalla-2021-01-04-a-las-6.15.12-p.-m..png\" \/>\n\t<meta property=\"og:image:width\" content=\"497\" \/>\n\t<meta property=\"og:image:height\" content=\"338\" \/>\n\t<meta property=\"og:image:type\" content=\"image\/png\" \/>\n<meta name=\"author\" content=\"Columnista Invitado\" \/>\n<meta name=\"twitter:card\" content=\"summary_large_image\" \/>\n<meta name=\"twitter:creator\" content=\"@Pag10com\" \/>\n<meta name=\"twitter:site\" content=\"@Pag10com\" \/>\n<meta name=\"twitter:label1\" content=\"Escrito por\" \/>\n\t<meta name=\"twitter:data1\" content=\"Columnista Invitado\" \/>\n\t<meta name=\"twitter:label2\" content=\"Tiempo de lectura\" \/>\n\t<meta name=\"twitter:data2\" content=\"7 minutos\" \/>\n<script type=\"application\/ld+json\" class=\"yoast-schema-graph\">{\"@context\":\"https:\/\/schema.org\",\"@graph\":[{\"@type\":\"Article\",\"@id\":\"https:\/\/pagina10.com\/web\/lecciones-del-covid-en-tiempos-del-joker\/#article\",\"isPartOf\":{\"@id\":\"https:\/\/pagina10.com\/web\/lecciones-del-covid-en-tiempos-del-joker\/\"},\"author\":{\"name\":\"Columnista Invitado\",\"@id\":\"https:\/\/pagina10.com\/web\/#\/schema\/person\/21249ac8e46fa849c3df7b78feed163e\"},\"headline\":\"Lecciones del covid en tiempos del Joker\",\"datePublished\":\"2021-01-04T23:15:44+00:00\",\"mainEntityOfPage\":{\"@id\":\"https:\/\/pagina10.com\/web\/lecciones-del-covid-en-tiempos-del-joker\/\"},\"wordCount\":1372,\"commentCount\":0,\"publisher\":{\"@id\":\"https:\/\/pagina10.com\/web\/#organization\"},\"image\":{\"@id\":\"https:\/\/pagina10.com\/web\/lecciones-del-covid-en-tiempos-del-joker\/#primaryimage\"},\"thumbnailUrl\":\"https:\/\/pagina10.com\/web\/wp-content\/uploads\/2021\/01\/Captura-de-Pantalla-2021-01-04-a-las-6.15.12-p.-m..png\",\"articleSection\":[\"Nacional\"],\"inLanguage\":\"es\",\"potentialAction\":[{\"@type\":\"CommentAction\",\"name\":\"Comment\",\"target\":[\"https:\/\/pagina10.com\/web\/lecciones-del-covid-en-tiempos-del-joker\/#respond\"]}]},{\"@type\":\"WebPage\",\"@id\":\"https:\/\/pagina10.com\/web\/lecciones-del-covid-en-tiempos-del-joker\/\",\"url\":\"https:\/\/pagina10.com\/web\/lecciones-del-covid-en-tiempos-del-joker\/\",\"name\":\"Lecciones del covid en tiempos del Joker | P\u00e1gina10\",\"isPartOf\":{\"@id\":\"https:\/\/pagina10.com\/web\/#website\"},\"primaryImageOfPage\":{\"@id\":\"https:\/\/pagina10.com\/web\/lecciones-del-covid-en-tiempos-del-joker\/#primaryimage\"},\"image\":{\"@id\":\"https:\/\/pagina10.com\/web\/lecciones-del-covid-en-tiempos-del-joker\/#primaryimage\"},\"thumbnailUrl\":\"https:\/\/pagina10.com\/web\/wp-content\/uploads\/2021\/01\/Captura-de-Pantalla-2021-01-04-a-las-6.15.12-p.-m..png\",\"datePublished\":\"2021-01-04T23:15:44+00:00\",\"breadcrumb\":{\"@id\":\"https:\/\/pagina10.com\/web\/lecciones-del-covid-en-tiempos-del-joker\/#breadcrumb\"},\"inLanguage\":\"es\",\"potentialAction\":[{\"@type\":\"ReadAction\",\"target\":[\"https:\/\/pagina10.com\/web\/lecciones-del-covid-en-tiempos-del-joker\/\"]}]},{\"@type\":\"ImageObject\",\"inLanguage\":\"es\",\"@id\":\"https:\/\/pagina10.com\/web\/lecciones-del-covid-en-tiempos-del-joker\/#primaryimage\",\"url\":\"https:\/\/pagina10.com\/web\/wp-content\/uploads\/2021\/01\/Captura-de-Pantalla-2021-01-04-a-las-6.15.12-p.-m..png\",\"contentUrl\":\"https:\/\/pagina10.com\/web\/wp-content\/uploads\/2021\/01\/Captura-de-Pantalla-2021-01-04-a-las-6.15.12-p.-m..png\",\"width\":497,\"height\":338},{\"@type\":\"BreadcrumbList\",\"@id\":\"https:\/\/pagina10.com\/web\/lecciones-del-covid-en-tiempos-del-joker\/#breadcrumb\",\"itemListElement\":[{\"@type\":\"ListItem\",\"position\":1,\"name\":\"Portada\",\"item\":\"https:\/\/pagina10.com\/web\/\"},{\"@type\":\"ListItem\",\"position\":2,\"name\":\"Lecciones del covid en tiempos del Joker\"}]},{\"@type\":\"WebSite\",\"@id\":\"https:\/\/pagina10.com\/web\/#website\",\"url\":\"https:\/\/pagina10.com\/web\/\",\"name\":\"P\u00e1gina10\",\"description\":\"Peri\u00f3dico Regional\",\"publisher\":{\"@id\":\"https:\/\/pagina10.com\/web\/#organization\"},\"alternateName\":\"P\u00e1gina10 Peri\u00f3dico Regional\",\"potentialAction\":[{\"@type\":\"SearchAction\",\"target\":{\"@type\":\"EntryPoint\",\"urlTemplate\":\"https:\/\/pagina10.com\/web\/?s={search_term_string}\"},\"query-input\":{\"@type\":\"PropertyValueSpecification\",\"valueRequired\":true,\"valueName\":\"search_term_string\"}}],\"inLanguage\":\"es\"},{\"@type\":\"Organization\",\"@id\":\"https:\/\/pagina10.com\/web\/#organization\",\"name\":\"P\u00e1gina10\",\"alternateName\":\"P\u00e1gina10 Peri\u00f3dico Regional\",\"url\":\"https:\/\/pagina10.com\/web\/\",\"logo\":{\"@type\":\"ImageObject\",\"inLanguage\":\"es\",\"@id\":\"https:\/\/pagina10.com\/web\/#\/schema\/logo\/image\/\",\"url\":\"https:\/\/pagina10.com\/web\/wp-content\/uploads\/2024\/01\/40-pagina-10-periodico-regional-pasto.jpg\",\"contentUrl\":\"https:\/\/pagina10.com\/web\/wp-content\/uploads\/2024\/01\/40-pagina-10-periodico-regional-pasto.jpg\",\"width\":1280,\"height\":720,\"caption\":\"P\u00e1gina10\"},\"image\":{\"@id\":\"https:\/\/pagina10.com\/web\/#\/schema\/logo\/image\/\"},\"sameAs\":[\"https:\/\/www.facebook.com\/pag10com\",\"https:\/\/x.com\/Pag10com\",\"https:\/\/www.instagram.com\/pagina10col\/\",\"https:\/\/youtube.com\/channel\/pag10\",\"https:\/\/www.tiktok.com\/@p10col\"]},{\"@type\":\"Person\",\"@id\":\"https:\/\/pagina10.com\/web\/#\/schema\/person\/21249ac8e46fa849c3df7b78feed163e\",\"name\":\"Columnista Invitado\",\"url\":\"https:\/\/pagina10.com\/web\/author\/invitado\/\"}]}<\/script>\n<!-- \/ Yoast SEO plugin. -->","yoast_head_json":{"title":"Lecciones del covid en tiempos del Joker | P\u00e1gina10","robots":{"index":"index","follow":"follow","max-snippet":"max-snippet:-1","max-image-preview":"max-image-preview:large","max-video-preview":"max-video-preview:-1"},"canonical":"https:\/\/pagina10.com\/web\/lecciones-del-covid-en-tiempos-del-joker\/","og_locale":"es_ES","og_type":"article","og_title":"Lecciones del covid en tiempos del Joker | P\u00e1gina10","og_description":"Por: Manolo Villota B &#8211; periodista Parec\u00eda imposible, pero sucedi\u00f3. Entre finales del 2019 y principios de 2020 lleg\u00f3 la noticia de que all\u00e1, muy lejos, hab\u00eda aparecido una enfermedad que preocupaba a los cient\u00edficos. Un virus que, aunque no era nuevo sobre la tierra, hasta entonces solo afectaba a algunos animales. Despu\u00e9s, nos enteramos [&hellip;]","og_url":"https:\/\/pagina10.com\/web\/lecciones-del-covid-en-tiempos-del-joker\/","og_site_name":"P\u00e1gina10","article_publisher":"https:\/\/www.facebook.com\/pag10com","article_published_time":"2021-01-04T23:15:44+00:00","og_image":[{"width":497,"height":338,"url":"https:\/\/pagina10.com\/web\/wp-content\/uploads\/2021\/01\/Captura-de-Pantalla-2021-01-04-a-las-6.15.12-p.-m..png","type":"image\/png"}],"author":"Columnista Invitado","twitter_card":"summary_large_image","twitter_creator":"@Pag10com","twitter_site":"@Pag10com","twitter_misc":{"Escrito por":"Columnista Invitado","Tiempo de lectura":"7 minutos"},"schema":{"@context":"https:\/\/schema.org","@graph":[{"@type":"Article","@id":"https:\/\/pagina10.com\/web\/lecciones-del-covid-en-tiempos-del-joker\/#article","isPartOf":{"@id":"https:\/\/pagina10.com\/web\/lecciones-del-covid-en-tiempos-del-joker\/"},"author":{"name":"Columnista Invitado","@id":"https:\/\/pagina10.com\/web\/#\/schema\/person\/21249ac8e46fa849c3df7b78feed163e"},"headline":"Lecciones del covid en tiempos del Joker","datePublished":"2021-01-04T23:15:44+00:00","mainEntityOfPage":{"@id":"https:\/\/pagina10.com\/web\/lecciones-del-covid-en-tiempos-del-joker\/"},"wordCount":1372,"commentCount":0,"publisher":{"@id":"https:\/\/pagina10.com\/web\/#organization"},"image":{"@id":"https:\/\/pagina10.com\/web\/lecciones-del-covid-en-tiempos-del-joker\/#primaryimage"},"thumbnailUrl":"https:\/\/pagina10.com\/web\/wp-content\/uploads\/2021\/01\/Captura-de-Pantalla-2021-01-04-a-las-6.15.12-p.-m..png","articleSection":["Nacional"],"inLanguage":"es","potentialAction":[{"@type":"CommentAction","name":"Comment","target":["https:\/\/pagina10.com\/web\/lecciones-del-covid-en-tiempos-del-joker\/#respond"]}]},{"@type":"WebPage","@id":"https:\/\/pagina10.com\/web\/lecciones-del-covid-en-tiempos-del-joker\/","url":"https:\/\/pagina10.com\/web\/lecciones-del-covid-en-tiempos-del-joker\/","name":"Lecciones del covid en tiempos del Joker | P\u00e1gina10","isPartOf":{"@id":"https:\/\/pagina10.com\/web\/#website"},"primaryImageOfPage":{"@id":"https:\/\/pagina10.com\/web\/lecciones-del-covid-en-tiempos-del-joker\/#primaryimage"},"image":{"@id":"https:\/\/pagina10.com\/web\/lecciones-del-covid-en-tiempos-del-joker\/#primaryimage"},"thumbnailUrl":"https:\/\/pagina10.com\/web\/wp-content\/uploads\/2021\/01\/Captura-de-Pantalla-2021-01-04-a-las-6.15.12-p.-m..png","datePublished":"2021-01-04T23:15:44+00:00","breadcrumb":{"@id":"https:\/\/pagina10.com\/web\/lecciones-del-covid-en-tiempos-del-joker\/#breadcrumb"},"inLanguage":"es","potentialAction":[{"@type":"ReadAction","target":["https:\/\/pagina10.com\/web\/lecciones-del-covid-en-tiempos-del-joker\/"]}]},{"@type":"ImageObject","inLanguage":"es","@id":"https:\/\/pagina10.com\/web\/lecciones-del-covid-en-tiempos-del-joker\/#primaryimage","url":"https:\/\/pagina10.com\/web\/wp-content\/uploads\/2021\/01\/Captura-de-Pantalla-2021-01-04-a-las-6.15.12-p.-m..png","contentUrl":"https:\/\/pagina10.com\/web\/wp-content\/uploads\/2021\/01\/Captura-de-Pantalla-2021-01-04-a-las-6.15.12-p.-m..png","width":497,"height":338},{"@type":"BreadcrumbList","@id":"https:\/\/pagina10.com\/web\/lecciones-del-covid-en-tiempos-del-joker\/#breadcrumb","itemListElement":[{"@type":"ListItem","position":1,"name":"Portada","item":"https:\/\/pagina10.com\/web\/"},{"@type":"ListItem","position":2,"name":"Lecciones del covid en tiempos del Joker"}]},{"@type":"WebSite","@id":"https:\/\/pagina10.com\/web\/#website","url":"https:\/\/pagina10.com\/web\/","name":"P\u00e1gina10","description":"Peri\u00f3dico Regional","publisher":{"@id":"https:\/\/pagina10.com\/web\/#organization"},"alternateName":"P\u00e1gina10 Peri\u00f3dico Regional","potentialAction":[{"@type":"SearchAction","target":{"@type":"EntryPoint","urlTemplate":"https:\/\/pagina10.com\/web\/?s={search_term_string}"},"query-input":{"@type":"PropertyValueSpecification","valueRequired":true,"valueName":"search_term_string"}}],"inLanguage":"es"},{"@type":"Organization","@id":"https:\/\/pagina10.com\/web\/#organization","name":"P\u00e1gina10","alternateName":"P\u00e1gina10 Peri\u00f3dico Regional","url":"https:\/\/pagina10.com\/web\/","logo":{"@type":"ImageObject","inLanguage":"es","@id":"https:\/\/pagina10.com\/web\/#\/schema\/logo\/image\/","url":"https:\/\/pagina10.com\/web\/wp-content\/uploads\/2024\/01\/40-pagina-10-periodico-regional-pasto.jpg","contentUrl":"https:\/\/pagina10.com\/web\/wp-content\/uploads\/2024\/01\/40-pagina-10-periodico-regional-pasto.jpg","width":1280,"height":720,"caption":"P\u00e1gina10"},"image":{"@id":"https:\/\/pagina10.com\/web\/#\/schema\/logo\/image\/"},"sameAs":["https:\/\/www.facebook.com\/pag10com","https:\/\/x.com\/Pag10com","https:\/\/www.instagram.com\/pagina10col\/","https:\/\/youtube.com\/channel\/pag10","https:\/\/www.tiktok.com\/@p10col"]},{"@type":"Person","@id":"https:\/\/pagina10.com\/web\/#\/schema\/person\/21249ac8e46fa849c3df7b78feed163e","name":"Columnista Invitado","url":"https:\/\/pagina10.com\/web\/author\/invitado\/"}]}},"_links":{"self":[{"href":"https:\/\/pagina10.com\/web\/wp-json\/wp\/v2\/posts\/49747","targetHints":{"allow":["GET"]}}],"collection":[{"href":"https:\/\/pagina10.com\/web\/wp-json\/wp\/v2\/posts"}],"about":[{"href":"https:\/\/pagina10.com\/web\/wp-json\/wp\/v2\/types\/post"}],"author":[{"embeddable":true,"href":"https:\/\/pagina10.com\/web\/wp-json\/wp\/v2\/users\/15"}],"replies":[{"embeddable":true,"href":"https:\/\/pagina10.com\/web\/wp-json\/wp\/v2\/comments?post=49747"}],"version-history":[{"count":1,"href":"https:\/\/pagina10.com\/web\/wp-json\/wp\/v2\/posts\/49747\/revisions"}],"predecessor-version":[{"id":49749,"href":"https:\/\/pagina10.com\/web\/wp-json\/wp\/v2\/posts\/49747\/revisions\/49749"}],"wp:featuredmedia":[{"embeddable":true,"href":"https:\/\/pagina10.com\/web\/wp-json\/wp\/v2\/media\/49748"}],"wp:attachment":[{"href":"https:\/\/pagina10.com\/web\/wp-json\/wp\/v2\/media?parent=49747"}],"wp:term":[{"taxonomy":"category","embeddable":true,"href":"https:\/\/pagina10.com\/web\/wp-json\/wp\/v2\/categories?post=49747"},{"taxonomy":"post_tag","embeddable":true,"href":"https:\/\/pagina10.com\/web\/wp-json\/wp\/v2\/tags?post=49747"}],"curies":[{"name":"wp","href":"https:\/\/api.w.org\/{rel}","templated":true}]}}