{"id":49811,"date":"2021-01-09T17:14:26","date_gmt":"2021-01-09T22:14:26","guid":{"rendered":"https:\/\/pagina10.com\/web\/?p=49811"},"modified":"2021-01-09T17:14:26","modified_gmt":"2021-01-09T22:14:26","slug":"procuraduria-exhorto-a-gobernadores-y-alcaldes-a-garantizar-la-prestacion-oportuna-del-programa-de-alimentacion-escolar-en-2021","status":"publish","type":"post","link":"https:\/\/pagina10.com\/web\/procuraduria-exhorto-a-gobernadores-y-alcaldes-a-garantizar-la-prestacion-oportuna-del-programa-de-alimentacion-escolar-en-2021\/","title":{"rendered":"Procuradur\u00eda exhort\u00f3 a gobernadores y alcaldes a garantizar la prestaci\u00f3n oportuna del Programa de Alimentaci\u00f3n Escolar en 2021"},"content":{"rendered":"<div style=\"text-align: justify;\">El Procurador General de la Naci\u00f3n, Fernando Carrillo Fl\u00f3rez, solicit\u00f3 a la Unidad Administrativa Especial de Alimentaci\u00f3n Escolar -Alimentos para Aprender- y a los gobernadores y alcaldes adelantar las acciones necesarias para garantizar a cerca de 5 millones de estudiantes, la atenci\u00f3n del PAE (Programa de Alimentaci\u00f3n Escolar) desde el primer d\u00eda del calendario de actividades acad\u00e9micas, previsto en la mayor parte del territorio nacional para la tercera semana de enero de 2021.<\/div>\n<div style=\"text-align: justify;\"><\/div>\n<div style=\"text-align: justify;\">A trav\u00e9s de la Directiva No. 040, el jefe del Ministerio P\u00fablico exhort\u00f3 a los mandatarios territoriales a garantizar el suministro oportuno e ininterrumpido del PAE, ya sea en la modalidad de aprendizaje en casa, en alternancia o de manera presencial, dependiendo de las condiciones de cada entidad territorial.<\/div>\n<div style=\"text-align: justify;\"><\/div>\n<div style=\"text-align: justify;\">Teniendo en cuenta las irregularidades evidenciadas en la gesti\u00f3n del programa, relacionadas con la falta de est\u00e1ndares de calidad en las raciones entregadas, el \u00f3rgano de control solicit\u00f3 adoptar las acciones necesarias para que el PAE cuente con los esquemas de supervisi\u00f3n y\/o interventor\u00eda que garanticen las condiciones de inocuidad alimentaria, suficiencia y pertinencia del servicio prestado por los operadores seleccionados.<\/div>\n<div style=\"text-align: justify;\"><\/div>\n<div style=\"text-align: justify;\">Finalmente, y con el prop\u00f3sito de adelantar un seguimiento efectivo a las medidas implementadas para garantizar el derecho fundamental a la educaci\u00f3n de los ni\u00f1os, ni\u00f1as y adolescentes, la Procuradur\u00eda solicit\u00f3 a los mandatarios de las 96 Entidades Territoriales Certificadas en educaci\u00f3n informar el estado actual de implementaci\u00f3n del plan de alternancia educativa dispuesto en la Resoluci\u00f3n No. 1721 de 2020 del Ministerio de Salud y Protecci\u00f3n Social y en la Directiva No. 016 de 2020 del Ministerio de Educaci\u00f3n Nacional.<\/div>\n<p style=\"text-align: justify;\">\n","protected":false},"excerpt":{"rendered":"<p>El Procurador General de la Naci\u00f3n, Fernando Carrillo Fl\u00f3rez, solicit\u00f3 a la Unidad Administrativa Especial de Alimentaci\u00f3n Escolar -Alimentos para Aprender- y a los gobernadores y alcaldes adelantar las acciones necesarias para garantizar a cerca de 5 millones de estudiantes, la atenci\u00f3n del PAE (Programa de Alimentaci\u00f3n Escolar) desde el primer d\u00eda del calendario de [&hellip;]<\/p>\n","protected":false},"author":1,"featured_media":49812,"comment_status":"open","ping_status":"open","sticky":false,"template":"","format":"standard","meta":{"footnotes":""},"categories":[94],"tags":[],"class_list":["post-49811","post","type-post","status-publish","format-standard","has-post-thumbnail","hentry","category-nacional-global-2"],"yoast_head":"<!-- This site is optimized with the Yoast SEO plugin v27.1.1 - https:\/\/yoast.com\/product\/yoast-seo-wordpress\/ -->\n<title>Procuradur\u00eda exhort\u00f3 a gobernadores y alcaldes a garantizar la prestaci\u00f3n oportuna del Programa de Alimentaci\u00f3n Escolar en 2021 | P\u00e1gina10<\/title>\n<meta name=\"robots\" content=\"index, follow, max-snippet:-1, max-image-preview:large, max-video-preview:-1\" \/>\n<link rel=\"canonical\" href=\"https:\/\/pagina10.com\/web\/procuraduria-exhorto-a-gobernadores-y-alcaldes-a-garantizar-la-prestacion-oportuna-del-programa-de-alimentacion-escolar-en-2021\/\" \/>\n<meta property=\"og:locale\" content=\"es_ES\" \/>\n<meta property=\"og:type\" content=\"article\" \/>\n<meta property=\"og:title\" content=\"Procuradur\u00eda exhort\u00f3 a gobernadores y alcaldes a garantizar la prestaci\u00f3n oportuna del Programa de Alimentaci\u00f3n Escolar en 2021 | P\u00e1gina10\" \/>\n<meta property=\"og:description\" content=\"El Procurador General de la Naci\u00f3n, Fernando Carrillo Fl\u00f3rez, solicit\u00f3 a la Unidad Administrativa Especial de Alimentaci\u00f3n Escolar -Alimentos para Aprender- y a los gobernadores y alcaldes adelantar las acciones necesarias para garantizar a cerca de 5 millones de estudiantes, la atenci\u00f3n del PAE (Programa de Alimentaci\u00f3n Escolar) desde el primer d\u00eda del calendario de [&hellip;]\" \/>\n<meta property=\"og:url\" content=\"https:\/\/pagina10.com\/web\/procuraduria-exhorto-a-gobernadores-y-alcaldes-a-garantizar-la-prestacion-oportuna-del-programa-de-alimentacion-escolar-en-2021\/\" \/>\n<meta property=\"og:site_name\" content=\"P\u00e1gina10\" \/>\n<meta property=\"article:publisher\" content=\"https:\/\/www.facebook.com\/pag10com\" \/>\n<meta property=\"article:published_time\" content=\"2021-01-09T22:14:26+00:00\" \/>\n<meta property=\"og:image\" content=\"https:\/\/pagina10.com\/web\/wp-content\/uploads\/2021\/01\/Captura-de-Pantalla-2021-01-09-a-las-5.13.35-p.-m..png\" \/>\n\t<meta property=\"og:image:width\" content=\"537\" \/>\n\t<meta property=\"og:image:height\" content=\"372\" \/>\n\t<meta property=\"og:image:type\" content=\"image\/png\" \/>\n<meta name=\"author\" content=\"P\u00e1gina 10\" \/>\n<meta name=\"twitter:card\" content=\"summary_large_image\" \/>\n<meta name=\"twitter:creator\" content=\"@Pag10com\" \/>\n<meta name=\"twitter:site\" content=\"@Pag10com\" \/>\n<meta name=\"twitter:label1\" content=\"Escrito por\" \/>\n\t<meta name=\"twitter:data1\" content=\"P\u00e1gina 10\" \/>\n\t<meta name=\"twitter:label2\" content=\"Tiempo de lectura\" \/>\n\t<meta name=\"twitter:data2\" content=\"1 minuto\" \/>\n<script type=\"application\/ld+json\" class=\"yoast-schema-graph\">{\"@context\":\"https:\/\/schema.org\",\"@graph\":[{\"@type\":\"Article\",\"@id\":\"https:\/\/pagina10.com\/web\/procuraduria-exhorto-a-gobernadores-y-alcaldes-a-garantizar-la-prestacion-oportuna-del-programa-de-alimentacion-escolar-en-2021\/#article\",\"isPartOf\":{\"@id\":\"https:\/\/pagina10.com\/web\/procuraduria-exhorto-a-gobernadores-y-alcaldes-a-garantizar-la-prestacion-oportuna-del-programa-de-alimentacion-escolar-en-2021\/\"},\"author\":{\"name\":\"P\u00e1gina 10\",\"@id\":\"https:\/\/pagina10.com\/web\/#\/schema\/person\/2efc4a090d25b667d3bc796798a3a81b\"},\"headline\":\"Procuradur\u00eda exhort\u00f3 a gobernadores y alcaldes a garantizar la prestaci\u00f3n oportuna del Programa de Alimentaci\u00f3n Escolar en 2021\",\"datePublished\":\"2021-01-09T22:14:26+00:00\",\"mainEntityOfPage\":{\"@id\":\"https:\/\/pagina10.com\/web\/procuraduria-exhorto-a-gobernadores-y-alcaldes-a-garantizar-la-prestacion-oportuna-del-programa-de-alimentacion-escolar-en-2021\/\"},\"wordCount\":300,\"commentCount\":0,\"publisher\":{\"@id\":\"https:\/\/pagina10.com\/web\/#organization\"},\"image\":{\"@id\":\"https:\/\/pagina10.com\/web\/procuraduria-exhorto-a-gobernadores-y-alcaldes-a-garantizar-la-prestacion-oportuna-del-programa-de-alimentacion-escolar-en-2021\/#primaryimage\"},\"thumbnailUrl\":\"https:\/\/pagina10.com\/web\/wp-content\/uploads\/2021\/01\/Captura-de-Pantalla-2021-01-09-a-las-5.13.35-p.-m..png\",\"articleSection\":[\"Nacional\"],\"inLanguage\":\"es\",\"potentialAction\":[{\"@type\":\"CommentAction\",\"name\":\"Comment\",\"target\":[\"https:\/\/pagina10.com\/web\/procuraduria-exhorto-a-gobernadores-y-alcaldes-a-garantizar-la-prestacion-oportuna-del-programa-de-alimentacion-escolar-en-2021\/#respond\"]}]},{\"@type\":\"WebPage\",\"@id\":\"https:\/\/pagina10.com\/web\/procuraduria-exhorto-a-gobernadores-y-alcaldes-a-garantizar-la-prestacion-oportuna-del-programa-de-alimentacion-escolar-en-2021\/\",\"url\":\"https:\/\/pagina10.com\/web\/procuraduria-exhorto-a-gobernadores-y-alcaldes-a-garantizar-la-prestacion-oportuna-del-programa-de-alimentacion-escolar-en-2021\/\",\"name\":\"Procuradur\u00eda exhort\u00f3 a gobernadores y alcaldes a garantizar la prestaci\u00f3n oportuna del Programa de Alimentaci\u00f3n Escolar en 2021 | P\u00e1gina10\",\"isPartOf\":{\"@id\":\"https:\/\/pagina10.com\/web\/#website\"},\"primaryImageOfPage\":{\"@id\":\"https:\/\/pagina10.com\/web\/procuraduria-exhorto-a-gobernadores-y-alcaldes-a-garantizar-la-prestacion-oportuna-del-programa-de-alimentacion-escolar-en-2021\/#primaryimage\"},\"image\":{\"@id\":\"https:\/\/pagina10.com\/web\/procuraduria-exhorto-a-gobernadores-y-alcaldes-a-garantizar-la-prestacion-oportuna-del-programa-de-alimentacion-escolar-en-2021\/#primaryimage\"},\"thumbnailUrl\":\"https:\/\/pagina10.com\/web\/wp-content\/uploads\/2021\/01\/Captura-de-Pantalla-2021-01-09-a-las-5.13.35-p.-m..png\",\"datePublished\":\"2021-01-09T22:14:26+00:00\",\"breadcrumb\":{\"@id\":\"https:\/\/pagina10.com\/web\/procuraduria-exhorto-a-gobernadores-y-alcaldes-a-garantizar-la-prestacion-oportuna-del-programa-de-alimentacion-escolar-en-2021\/#breadcrumb\"},\"inLanguage\":\"es\",\"potentialAction\":[{\"@type\":\"ReadAction\",\"target\":[\"https:\/\/pagina10.com\/web\/procuraduria-exhorto-a-gobernadores-y-alcaldes-a-garantizar-la-prestacion-oportuna-del-programa-de-alimentacion-escolar-en-2021\/\"]}]},{\"@type\":\"ImageObject\",\"inLanguage\":\"es\",\"@id\":\"https:\/\/pagina10.com\/web\/procuraduria-exhorto-a-gobernadores-y-alcaldes-a-garantizar-la-prestacion-oportuna-del-programa-de-alimentacion-escolar-en-2021\/#primaryimage\",\"url\":\"https:\/\/pagina10.com\/web\/wp-content\/uploads\/2021\/01\/Captura-de-Pantalla-2021-01-09-a-las-5.13.35-p.-m..png\",\"contentUrl\":\"https:\/\/pagina10.com\/web\/wp-content\/uploads\/2021\/01\/Captura-de-Pantalla-2021-01-09-a-las-5.13.35-p.-m..png\",\"width\":537,\"height\":372},{\"@type\":\"BreadcrumbList\",\"@id\":\"https:\/\/pagina10.com\/web\/procuraduria-exhorto-a-gobernadores-y-alcaldes-a-garantizar-la-prestacion-oportuna-del-programa-de-alimentacion-escolar-en-2021\/#breadcrumb\",\"itemListElement\":[{\"@type\":\"ListItem\",\"position\":1,\"name\":\"Portada\",\"item\":\"https:\/\/pagina10.com\/web\/\"},{\"@type\":\"ListItem\",\"position\":2,\"name\":\"Procuradur\u00eda exhort\u00f3 a gobernadores y alcaldes a garantizar la prestaci\u00f3n oportuna del Programa de Alimentaci\u00f3n Escolar en 2021\"}]},{\"@type\":\"WebSite\",\"@id\":\"https:\/\/pagina10.com\/web\/#website\",\"url\":\"https:\/\/pagina10.com\/web\/\",\"name\":\"P\u00e1gina10\",\"description\":\"Peri\u00f3dico Regional\",\"publisher\":{\"@id\":\"https:\/\/pagina10.com\/web\/#organization\"},\"alternateName\":\"P\u00e1gina10 Peri\u00f3dico Regional\",\"potentialAction\":[{\"@type\":\"SearchAction\",\"target\":{\"@type\":\"EntryPoint\",\"urlTemplate\":\"https:\/\/pagina10.com\/web\/?s={search_term_string}\"},\"query-input\":{\"@type\":\"PropertyValueSpecification\",\"valueRequired\":true,\"valueName\":\"search_term_string\"}}],\"inLanguage\":\"es\"},{\"@type\":\"Organization\",\"@id\":\"https:\/\/pagina10.com\/web\/#organization\",\"name\":\"P\u00e1gina10\",\"alternateName\":\"P\u00e1gina10 Peri\u00f3dico Regional\",\"url\":\"https:\/\/pagina10.com\/web\/\",\"logo\":{\"@type\":\"ImageObject\",\"inLanguage\":\"es\",\"@id\":\"https:\/\/pagina10.com\/web\/#\/schema\/logo\/image\/\",\"url\":\"https:\/\/pagina10.com\/web\/wp-content\/uploads\/2024\/01\/40-pagina-10-periodico-regional-pasto.jpg\",\"contentUrl\":\"https:\/\/pagina10.com\/web\/wp-content\/uploads\/2024\/01\/40-pagina-10-periodico-regional-pasto.jpg\",\"width\":1280,\"height\":720,\"caption\":\"P\u00e1gina10\"},\"image\":{\"@id\":\"https:\/\/pagina10.com\/web\/#\/schema\/logo\/image\/\"},\"sameAs\":[\"https:\/\/www.facebook.com\/pag10com\",\"https:\/\/x.com\/Pag10com\",\"https:\/\/www.instagram.com\/pagina10col\/\",\"https:\/\/youtube.com\/channel\/pag10\",\"https:\/\/www.tiktok.com\/@p10col\"]},{\"@type\":\"Person\",\"@id\":\"https:\/\/pagina10.com\/web\/#\/schema\/person\/2efc4a090d25b667d3bc796798a3a81b\",\"name\":\"P\u00e1gina 10\",\"description\":\"P\u00e1gina 10 es un peri\u00f3dico regional que nace en Colombia, en el departamento de Nari\u00f1o, con un enfoque global, fundamentado en cuatro pilares esenciales: la libertad, el pluralismo, la inclusi\u00f3n y la independencia. P\u00e1gina 10 hace referencia a Nari\u00f1o como el d\u00e9cimo departamento creado en Colombia, despu\u00e9s de un proceso pol\u00edtico liderado por actores y actrices regionales con el fin de obtener la independencia y autonom\u00eda de nuestros territorios. Con la creaci\u00f3n de P\u00e1gina 10 se pretende abrir un escenario para el dialogo, la reflexi\u00f3n y el debate que se extienda a otras geograf\u00edas de Am\u00e9rica Latina y del planeta, en una apuesta por transformar colectivamente los desaf\u00edos de un mundo contempor\u00e1neo, m\u00e1s all\u00e1 de las fronteras impuestas.\",\"url\":\"https:\/\/pagina10.com\/web\/author\/pdiezadmin\/\"}]}<\/script>\n<!-- \/ Yoast SEO plugin. -->","yoast_head_json":{"title":"Procuradur\u00eda exhort\u00f3 a gobernadores y alcaldes a garantizar la prestaci\u00f3n oportuna del Programa de Alimentaci\u00f3n Escolar en 2021 | P\u00e1gina10","robots":{"index":"index","follow":"follow","max-snippet":"max-snippet:-1","max-image-preview":"max-image-preview:large","max-video-preview":"max-video-preview:-1"},"canonical":"https:\/\/pagina10.com\/web\/procuraduria-exhorto-a-gobernadores-y-alcaldes-a-garantizar-la-prestacion-oportuna-del-programa-de-alimentacion-escolar-en-2021\/","og_locale":"es_ES","og_type":"article","og_title":"Procuradur\u00eda exhort\u00f3 a gobernadores y alcaldes a garantizar la prestaci\u00f3n oportuna del Programa de Alimentaci\u00f3n Escolar en 2021 | P\u00e1gina10","og_description":"El Procurador General de la Naci\u00f3n, Fernando Carrillo Fl\u00f3rez, solicit\u00f3 a la Unidad Administrativa Especial de Alimentaci\u00f3n Escolar -Alimentos para Aprender- y a los gobernadores y alcaldes adelantar las acciones necesarias para garantizar a cerca de 5 millones de estudiantes, la atenci\u00f3n del PAE (Programa de Alimentaci\u00f3n Escolar) desde el primer d\u00eda del calendario de [&hellip;]","og_url":"https:\/\/pagina10.com\/web\/procuraduria-exhorto-a-gobernadores-y-alcaldes-a-garantizar-la-prestacion-oportuna-del-programa-de-alimentacion-escolar-en-2021\/","og_site_name":"P\u00e1gina10","article_publisher":"https:\/\/www.facebook.com\/pag10com","article_published_time":"2021-01-09T22:14:26+00:00","og_image":[{"width":537,"height":372,"url":"https:\/\/pagina10.com\/web\/wp-content\/uploads\/2021\/01\/Captura-de-Pantalla-2021-01-09-a-las-5.13.35-p.-m..png","type":"image\/png"}],"author":"P\u00e1gina 10","twitter_card":"summary_large_image","twitter_creator":"@Pag10com","twitter_site":"@Pag10com","twitter_misc":{"Escrito por":"P\u00e1gina 10","Tiempo de lectura":"1 minuto"},"schema":{"@context":"https:\/\/schema.org","@graph":[{"@type":"Article","@id":"https:\/\/pagina10.com\/web\/procuraduria-exhorto-a-gobernadores-y-alcaldes-a-garantizar-la-prestacion-oportuna-del-programa-de-alimentacion-escolar-en-2021\/#article","isPartOf":{"@id":"https:\/\/pagina10.com\/web\/procuraduria-exhorto-a-gobernadores-y-alcaldes-a-garantizar-la-prestacion-oportuna-del-programa-de-alimentacion-escolar-en-2021\/"},"author":{"name":"P\u00e1gina 10","@id":"https:\/\/pagina10.com\/web\/#\/schema\/person\/2efc4a090d25b667d3bc796798a3a81b"},"headline":"Procuradur\u00eda exhort\u00f3 a gobernadores y alcaldes a garantizar la prestaci\u00f3n oportuna del Programa de Alimentaci\u00f3n Escolar en 2021","datePublished":"2021-01-09T22:14:26+00:00","mainEntityOfPage":{"@id":"https:\/\/pagina10.com\/web\/procuraduria-exhorto-a-gobernadores-y-alcaldes-a-garantizar-la-prestacion-oportuna-del-programa-de-alimentacion-escolar-en-2021\/"},"wordCount":300,"commentCount":0,"publisher":{"@id":"https:\/\/pagina10.com\/web\/#organization"},"image":{"@id":"https:\/\/pagina10.com\/web\/procuraduria-exhorto-a-gobernadores-y-alcaldes-a-garantizar-la-prestacion-oportuna-del-programa-de-alimentacion-escolar-en-2021\/#primaryimage"},"thumbnailUrl":"https:\/\/pagina10.com\/web\/wp-content\/uploads\/2021\/01\/Captura-de-Pantalla-2021-01-09-a-las-5.13.35-p.-m..png","articleSection":["Nacional"],"inLanguage":"es","potentialAction":[{"@type":"CommentAction","name":"Comment","target":["https:\/\/pagina10.com\/web\/procuraduria-exhorto-a-gobernadores-y-alcaldes-a-garantizar-la-prestacion-oportuna-del-programa-de-alimentacion-escolar-en-2021\/#respond"]}]},{"@type":"WebPage","@id":"https:\/\/pagina10.com\/web\/procuraduria-exhorto-a-gobernadores-y-alcaldes-a-garantizar-la-prestacion-oportuna-del-programa-de-alimentacion-escolar-en-2021\/","url":"https:\/\/pagina10.com\/web\/procuraduria-exhorto-a-gobernadores-y-alcaldes-a-garantizar-la-prestacion-oportuna-del-programa-de-alimentacion-escolar-en-2021\/","name":"Procuradur\u00eda exhort\u00f3 a gobernadores y alcaldes a garantizar la prestaci\u00f3n oportuna del Programa de Alimentaci\u00f3n Escolar en 2021 | P\u00e1gina10","isPartOf":{"@id":"https:\/\/pagina10.com\/web\/#website"},"primaryImageOfPage":{"@id":"https:\/\/pagina10.com\/web\/procuraduria-exhorto-a-gobernadores-y-alcaldes-a-garantizar-la-prestacion-oportuna-del-programa-de-alimentacion-escolar-en-2021\/#primaryimage"},"image":{"@id":"https:\/\/pagina10.com\/web\/procuraduria-exhorto-a-gobernadores-y-alcaldes-a-garantizar-la-prestacion-oportuna-del-programa-de-alimentacion-escolar-en-2021\/#primaryimage"},"thumbnailUrl":"https:\/\/pagina10.com\/web\/wp-content\/uploads\/2021\/01\/Captura-de-Pantalla-2021-01-09-a-las-5.13.35-p.-m..png","datePublished":"2021-01-09T22:14:26+00:00","breadcrumb":{"@id":"https:\/\/pagina10.com\/web\/procuraduria-exhorto-a-gobernadores-y-alcaldes-a-garantizar-la-prestacion-oportuna-del-programa-de-alimentacion-escolar-en-2021\/#breadcrumb"},"inLanguage":"es","potentialAction":[{"@type":"ReadAction","target":["https:\/\/pagina10.com\/web\/procuraduria-exhorto-a-gobernadores-y-alcaldes-a-garantizar-la-prestacion-oportuna-del-programa-de-alimentacion-escolar-en-2021\/"]}]},{"@type":"ImageObject","inLanguage":"es","@id":"https:\/\/pagina10.com\/web\/procuraduria-exhorto-a-gobernadores-y-alcaldes-a-garantizar-la-prestacion-oportuna-del-programa-de-alimentacion-escolar-en-2021\/#primaryimage","url":"https:\/\/pagina10.com\/web\/wp-content\/uploads\/2021\/01\/Captura-de-Pantalla-2021-01-09-a-las-5.13.35-p.-m..png","contentUrl":"https:\/\/pagina10.com\/web\/wp-content\/uploads\/2021\/01\/Captura-de-Pantalla-2021-01-09-a-las-5.13.35-p.-m..png","width":537,"height":372},{"@type":"BreadcrumbList","@id":"https:\/\/pagina10.com\/web\/procuraduria-exhorto-a-gobernadores-y-alcaldes-a-garantizar-la-prestacion-oportuna-del-programa-de-alimentacion-escolar-en-2021\/#breadcrumb","itemListElement":[{"@type":"ListItem","position":1,"name":"Portada","item":"https:\/\/pagina10.com\/web\/"},{"@type":"ListItem","position":2,"name":"Procuradur\u00eda exhort\u00f3 a gobernadores y alcaldes a garantizar la prestaci\u00f3n oportuna del Programa de Alimentaci\u00f3n Escolar en 2021"}]},{"@type":"WebSite","@id":"https:\/\/pagina10.com\/web\/#website","url":"https:\/\/pagina10.com\/web\/","name":"P\u00e1gina10","description":"Peri\u00f3dico Regional","publisher":{"@id":"https:\/\/pagina10.com\/web\/#organization"},"alternateName":"P\u00e1gina10 Peri\u00f3dico Regional","potentialAction":[{"@type":"SearchAction","target":{"@type":"EntryPoint","urlTemplate":"https:\/\/pagina10.com\/web\/?s={search_term_string}"},"query-input":{"@type":"PropertyValueSpecification","valueRequired":true,"valueName":"search_term_string"}}],"inLanguage":"es"},{"@type":"Organization","@id":"https:\/\/pagina10.com\/web\/#organization","name":"P\u00e1gina10","alternateName":"P\u00e1gina10 Peri\u00f3dico Regional","url":"https:\/\/pagina10.com\/web\/","logo":{"@type":"ImageObject","inLanguage":"es","@id":"https:\/\/pagina10.com\/web\/#\/schema\/logo\/image\/","url":"https:\/\/pagina10.com\/web\/wp-content\/uploads\/2024\/01\/40-pagina-10-periodico-regional-pasto.jpg","contentUrl":"https:\/\/pagina10.com\/web\/wp-content\/uploads\/2024\/01\/40-pagina-10-periodico-regional-pasto.jpg","width":1280,"height":720,"caption":"P\u00e1gina10"},"image":{"@id":"https:\/\/pagina10.com\/web\/#\/schema\/logo\/image\/"},"sameAs":["https:\/\/www.facebook.com\/pag10com","https:\/\/x.com\/Pag10com","https:\/\/www.instagram.com\/pagina10col\/","https:\/\/youtube.com\/channel\/pag10","https:\/\/www.tiktok.com\/@p10col"]},{"@type":"Person","@id":"https:\/\/pagina10.com\/web\/#\/schema\/person\/2efc4a090d25b667d3bc796798a3a81b","name":"P\u00e1gina 10","description":"P\u00e1gina 10 es un peri\u00f3dico regional que nace en Colombia, en el departamento de Nari\u00f1o, con un enfoque global, fundamentado en cuatro pilares esenciales: la libertad, el pluralismo, la inclusi\u00f3n y la independencia. P\u00e1gina 10 hace referencia a Nari\u00f1o como el d\u00e9cimo departamento creado en Colombia, despu\u00e9s de un proceso pol\u00edtico liderado por actores y actrices regionales con el fin de obtener la independencia y autonom\u00eda de nuestros territorios. Con la creaci\u00f3n de P\u00e1gina 10 se pretende abrir un escenario para el dialogo, la reflexi\u00f3n y el debate que se extienda a otras geograf\u00edas de Am\u00e9rica Latina y del planeta, en una apuesta por transformar colectivamente los desaf\u00edos de un mundo contempor\u00e1neo, m\u00e1s all\u00e1 de las fronteras impuestas.","url":"https:\/\/pagina10.com\/web\/author\/pdiezadmin\/"}]}},"_links":{"self":[{"href":"https:\/\/pagina10.com\/web\/wp-json\/wp\/v2\/posts\/49811","targetHints":{"allow":["GET"]}}],"collection":[{"href":"https:\/\/pagina10.com\/web\/wp-json\/wp\/v2\/posts"}],"about":[{"href":"https:\/\/pagina10.com\/web\/wp-json\/wp\/v2\/types\/post"}],"author":[{"embeddable":true,"href":"https:\/\/pagina10.com\/web\/wp-json\/wp\/v2\/users\/1"}],"replies":[{"embeddable":true,"href":"https:\/\/pagina10.com\/web\/wp-json\/wp\/v2\/comments?post=49811"}],"version-history":[{"count":1,"href":"https:\/\/pagina10.com\/web\/wp-json\/wp\/v2\/posts\/49811\/revisions"}],"predecessor-version":[{"id":49813,"href":"https:\/\/pagina10.com\/web\/wp-json\/wp\/v2\/posts\/49811\/revisions\/49813"}],"wp:featuredmedia":[{"embeddable":true,"href":"https:\/\/pagina10.com\/web\/wp-json\/wp\/v2\/media\/49812"}],"wp:attachment":[{"href":"https:\/\/pagina10.com\/web\/wp-json\/wp\/v2\/media?parent=49811"}],"wp:term":[{"taxonomy":"category","embeddable":true,"href":"https:\/\/pagina10.com\/web\/wp-json\/wp\/v2\/categories?post=49811"},{"taxonomy":"post_tag","embeddable":true,"href":"https:\/\/pagina10.com\/web\/wp-json\/wp\/v2\/tags?post=49811"}],"curies":[{"name":"wp","href":"https:\/\/api.w.org\/{rel}","templated":true}]}}