{"id":49814,"date":"2021-01-09T17:39:16","date_gmt":"2021-01-09T22:39:16","guid":{"rendered":"https:\/\/pagina10.com\/web\/?p=49814"},"modified":"2021-01-09T17:39:16","modified_gmt":"2021-01-09T22:39:16","slug":"de-kumon-a-smartick","status":"publish","type":"post","link":"https:\/\/pagina10.com\/web\/de-kumon-a-smartick\/","title":{"rendered":"De Kumon a Smartick"},"content":{"rendered":"<p style=\"text-align: justify;\">Por: Jos\u00e9 Arteaga<\/p>\n<p style=\"text-align: justify;\">(Twitter: @jdjarteaga)<\/p>\n<p style=\"text-align: justify;\">\n<p style=\"text-align: justify;\">En 1954 T\u014dru Kumon, un profesor de matem\u00e1ticas de Osaka, ante los reiterados fallos de su hijo en matem\u00e1ticas en la escuela primaria, cre\u00f3 un m\u00e9todo que consist\u00eda en repetir ejercicios b\u00e1sicos hasta adquirir destreza. \u00bfSencill\u00edsimo, verdad? Pero en ese momento no era tan evidente y los colegios sol\u00edan llenar de informaci\u00f3n nueva al alumno diariamente, sin detenerse en ning\u00fan aspecto en concreto. Kumon logr\u00f3 que todo el sistema educativo cambiara hacia lo que \u00e9l consideraba un lenguaje b\u00e1sico tan importante como leer y escribir.<\/p>\n<p style=\"text-align: justify;\">\n<p style=\"text-align: justify;\">Tres d\u00e9cadas despu\u00e9s el M\u00e9todo Kumon lleg\u00f3 a Colombia y en 1992 Rafael Cu\u00e9llar estableci\u00f3 Kumon Colombia, franquicia que puso en 40 ciudades. En Pasto se cre\u00f3 una sede en el barrio San Ignacio. Pero a pesar de sus ventajas, Kumon no se estableci\u00f3 como parte del pensum acad\u00e9mico y qued\u00f3 anclado como una alternativa m\u00e1s. La ense\u00f1anza de las matem\u00e1ticas fue por otro lado, muy diferente a lo que suced\u00eda en los pa\u00edses orientales.<\/p>\n<p style=\"text-align: justify;\">\n<p style=\"text-align: justify;\">Pues bien, ahora que estamos en 2021, que vivimos en la era tecnol\u00f3gica y atravesamos una pandemia, Kumon y otros m\u00e9todos alternativos de ense\u00f1anza matem\u00e1tica han vuelto a la palestra y se quieren aplicar. \u00bfPorqu\u00e9? Por tres razones.<\/p>\n<p style=\"text-align: justify;\">\n<p style=\"text-align: justify;\">Una es justamente que todo en este nuevo mundo que vivimos pasa por las matem\u00e1ticas. Los an\u00e1lisis sobre lo que ocurre con el Covid-19 (y ahora con sus cepas) tienen un sost\u00e9n en las matem\u00e1ticas, pues estas ofrecen tendencias y modelos para pronosticar lo que viene y cuando viene. Si nos fijamos bien, el lenguaje cotidiano se ha llenado de expresiones matem\u00e1ticas como &#8220;aplanar la curva&#8221;, &#8220;propagaci\u00f3n comunitaria&#8221;, &#8220;crecimiento exponencial&#8221;, &#8220;tasa de contagios&#8221;&#8230; La ciencia depende de ella, pues todo est\u00e1 determinado por el R0 de la enfermedad, que es el n\u00famero b\u00e1sico de reproducci\u00f3n y, por ende, de contagio.<\/p>\n<p style=\"text-align: justify;\">\n<p style=\"text-align: justify;\">Otra es m\u00e1s evidente: el mundo de Internet funciona por sistemas de medici\u00f3n como Analytics, y los buscadores y las redes dependen de los algoritmos. Por eso las matem\u00e1ticas se conjugan con la inform\u00e1tica, lo que se transforma en el lenguaje de programaci\u00f3n, que es uno de los lenguajes del presente y del futuro. Un analista de datos es profesional muy buscado y cotizado. Las matem\u00e1ticas son necesarias para todo, incluso para un estudiante de comunicaci\u00f3n que quiere ser comentarista de f\u00fatbol. Necesita estad\u00edsticas, pues sin datos no hay informaci\u00f3n fiable.<\/p>\n<p style=\"text-align: justify;\">\n<p style=\"text-align: justify;\">Y queda una raz\u00f3n m\u00e1s, la que hemos sufrido estos meses. Adaptarse a la educaci\u00f3n online por culpa del confinamiento no ha sido sencillo para ning\u00fan alumno, y la atenci\u00f3n y memorizaci\u00f3n que requiere una ense\u00f1anza tradicional de matem\u00e1ticas, se ha perdido. Por eso se cree que las Pruebas PISA van camino de ser un desastre para los pa\u00edses hispanoamericanos una vez se retomen en 2022.<\/p>\n<p style=\"text-align: justify;\">\n<p style=\"text-align: justify;\">Hace unos a\u00f1os en Colombia se planteaba la pregunta: \u00bfporqu\u00e9 somos tan malos en matem\u00e1ticas? Y la respuesta es que hab\u00eda demasiado \u00e9nfasis en lo memor\u00edstico, en el uso de f\u00f3rmulas sin contexto y en especial en una cultura callejera muy arraigada: el facil\u00edsimo. &#8220;Hay que salir del paso. No hace falta entender&#8221; era la norma. La Sociedad Colombiana de Matem\u00e1ticas ha luchado contra ese estigma desde entonces, al que se suma otro: se cree que son dif\u00edciles y se huye de ellas.<\/p>\n<p style=\"text-align: justify;\">\n<p style=\"text-align: justify;\">Por si fuera poco, la familia tampoco ayuda, porque si al ni\u00f1o no le va bien en los ex\u00e1menes, el padre suelta la consabida frase calmante: &#8220;tranquilo mijo, yo tambi\u00e9n era malo en matem\u00e1ticas&#8221;, frase que parece sacada de Andr\u00e9s L\u00f3pez y La Pelota de Letras.<\/p>\n<p style=\"text-align: justify;\">\n<p style=\"text-align: justify;\">Y cuando digo hispanohablantes, me refiero a todos. En Espa\u00f1a est\u00e1n preocupados porque seg\u00fan el Estudio de las Tendencias en Matem\u00e1ticas y Ciencias, TIMSS, los estudiantes espa\u00f1oles alcanzaron una puntuaci\u00f3n de 502 en matem\u00e1ticas, por debajo de la media de la Uni\u00f3n Europea. Y si Espa\u00f1a se preocupa, que decir de Colombia que tiene una cifra mucho peor: 391 puntos. Seg\u00fan la Organizaci\u00f3n para la Cooperaci\u00f3n y el Desarrollo Econ\u00f3micos, OECD, Colombia tiene una baja calidad en matem\u00e1ticas y ciencias, aunque dice que ha mejorado en otras materias.<\/p>\n<p style=\"text-align: justify;\">\n<p style=\"text-align: justify;\">Pues bien, \u00bfsaben cuales son los pa\u00edses con mejores porcentajes? \u00a1Bingo! Los asi\u00e1ticos: China, Singapur, Hong Kong, China Taip\u00e9i y Corea. Estos estudiantes pueden modelar situaciones complejas matem\u00e1ticamente, as\u00ed como seleccionar, comparar y evaluar estrategias adecuadas de soluci\u00f3n de problemas para abordarlas.<\/p>\n<p style=\"text-align: justify;\">\n<p style=\"text-align: justify;\">Las diferencias tan grandes con estos pa\u00edses ha determinado que haya creciente inter\u00e9s por las matem\u00e1ticas y que se cuestionen los sistemas utilizados. Asia es la referencia mundial en gran medida por la ense\u00f1anza de las matem\u00e1ticas y por el fomento de la cultura del esfuerzo.<\/p>\n<p style=\"text-align: justify;\">\n<p style=\"text-align: justify;\">Afortunadamente todos estos problemas han permitido que surjan m\u00e1s alternativas, y Kumon ya no es \u00fanico. En 2009 los espa\u00f1oles Javier Arroyo y Daniel Gonz\u00e1lez de Vega crearon Smartick, m\u00e9todo online para ense\u00f1ar matem\u00e1ticas a ni\u00f1os de 4 a 14 a\u00f1os, basado en inteligencia artificial. La base es muy parecida a la oriental, o sea que cada ni\u00f1o pueda aprender matem\u00e1ticas a su ritmo, pero con dos a\u00f1adidos: el fomento de la creatividad (el gran tesoro latino) y las apps a su servicio.<\/p>\n<p style=\"text-align: justify;\">\n<p style=\"text-align: justify;\">Pero mientras estas alternativas se establecen, la preocupaci\u00f3n contin\u00faa y seguimos sin estar a la altura.<\/p>\n<p style=\"text-align: justify;\">\n","protected":false},"excerpt":{"rendered":"<p>Por: Jos\u00e9 Arteaga (Twitter: @jdjarteaga) En 1954 T\u014dru Kumon, un profesor de matem\u00e1ticas de Osaka, ante los reiterados fallos de su hijo en matem\u00e1ticas en la escuela primaria, cre\u00f3 un m\u00e9todo que consist\u00eda en repetir ejercicios b\u00e1sicos hasta adquirir destreza. \u00bfSencill\u00edsimo, verdad? Pero en ese momento no era tan evidente y los colegios sol\u00edan llenar [&hellip;]<\/p>\n","protected":false},"author":96,"featured_media":49815,"comment_status":"open","ping_status":"open","sticky":false,"template":"","format":"standard","meta":{"footnotes":""},"categories":[1580],"tags":[],"class_list":["post-49814","post","type-post","status-publish","format-standard","has-post-thumbnail","hentry","category-educacion-innovacion"],"yoast_head":"<!-- This site is optimized with the Yoast SEO plugin v27.1.1 - https:\/\/yoast.com\/product\/yoast-seo-wordpress\/ -->\n<title>De Kumon a Smartick | P\u00e1gina10<\/title>\n<meta name=\"robots\" content=\"index, follow, max-snippet:-1, max-image-preview:large, max-video-preview:-1\" \/>\n<link rel=\"canonical\" href=\"https:\/\/pagina10.com\/web\/de-kumon-a-smartick\/\" \/>\n<meta property=\"og:locale\" content=\"es_ES\" \/>\n<meta property=\"og:type\" content=\"article\" \/>\n<meta property=\"og:title\" content=\"De Kumon a Smartick | P\u00e1gina10\" \/>\n<meta property=\"og:description\" content=\"Por: Jos\u00e9 Arteaga (Twitter: @jdjarteaga) En 1954 T\u014dru Kumon, un profesor de matem\u00e1ticas de Osaka, ante los reiterados fallos de su hijo en matem\u00e1ticas en la escuela primaria, cre\u00f3 un m\u00e9todo que consist\u00eda en repetir ejercicios b\u00e1sicos hasta adquirir destreza. \u00bfSencill\u00edsimo, verdad? Pero en ese momento no era tan evidente y los colegios sol\u00edan llenar [&hellip;]\" \/>\n<meta property=\"og:url\" content=\"https:\/\/pagina10.com\/web\/de-kumon-a-smartick\/\" \/>\n<meta property=\"og:site_name\" content=\"P\u00e1gina10\" \/>\n<meta property=\"article:publisher\" content=\"https:\/\/www.facebook.com\/pag10com\" \/>\n<meta property=\"article:published_time\" content=\"2021-01-09T22:39:16+00:00\" \/>\n<meta property=\"og:image\" content=\"https:\/\/pagina10.com\/web\/wp-content\/uploads\/2021\/01\/77005349_2659784450755751_2095517614620016640_o.jpg\" \/>\n\t<meta property=\"og:image:width\" content=\"1280\" \/>\n\t<meta property=\"og:image:height\" content=\"853\" \/>\n\t<meta property=\"og:image:type\" content=\"image\/jpeg\" \/>\n<meta name=\"author\" content=\"Jos\u00e9 Arteaga\" \/>\n<meta name=\"twitter:card\" content=\"summary_large_image\" \/>\n<meta name=\"twitter:creator\" content=\"@Pag10com\" \/>\n<meta name=\"twitter:site\" content=\"@Pag10com\" \/>\n<meta name=\"twitter:label1\" content=\"Escrito por\" \/>\n\t<meta name=\"twitter:data1\" content=\"Jos\u00e9 Arteaga\" \/>\n\t<meta name=\"twitter:label2\" content=\"Tiempo de lectura\" \/>\n\t<meta name=\"twitter:data2\" content=\"5 minutos\" \/>\n<script type=\"application\/ld+json\" class=\"yoast-schema-graph\">{\"@context\":\"https:\/\/schema.org\",\"@graph\":[{\"@type\":\"Article\",\"@id\":\"https:\/\/pagina10.com\/web\/de-kumon-a-smartick\/#article\",\"isPartOf\":{\"@id\":\"https:\/\/pagina10.com\/web\/de-kumon-a-smartick\/\"},\"author\":{\"name\":\"Jos\u00e9 Arteaga\",\"@id\":\"https:\/\/pagina10.com\/web\/#\/schema\/person\/4d3a5ceab7ef16367ca602ae6539f4b0\"},\"headline\":\"De Kumon a Smartick\",\"datePublished\":\"2021-01-09T22:39:16+00:00\",\"mainEntityOfPage\":{\"@id\":\"https:\/\/pagina10.com\/web\/de-kumon-a-smartick\/\"},\"wordCount\":962,\"commentCount\":0,\"publisher\":{\"@id\":\"https:\/\/pagina10.com\/web\/#organization\"},\"image\":{\"@id\":\"https:\/\/pagina10.com\/web\/de-kumon-a-smartick\/#primaryimage\"},\"thumbnailUrl\":\"https:\/\/pagina10.com\/web\/wp-content\/uploads\/2021\/01\/77005349_2659784450755751_2095517614620016640_o.jpg\",\"articleSection\":[\"Educaci\u00f3n\"],\"inLanguage\":\"es\",\"potentialAction\":[{\"@type\":\"CommentAction\",\"name\":\"Comment\",\"target\":[\"https:\/\/pagina10.com\/web\/de-kumon-a-smartick\/#respond\"]}]},{\"@type\":\"WebPage\",\"@id\":\"https:\/\/pagina10.com\/web\/de-kumon-a-smartick\/\",\"url\":\"https:\/\/pagina10.com\/web\/de-kumon-a-smartick\/\",\"name\":\"De Kumon a Smartick | P\u00e1gina10\",\"isPartOf\":{\"@id\":\"https:\/\/pagina10.com\/web\/#website\"},\"primaryImageOfPage\":{\"@id\":\"https:\/\/pagina10.com\/web\/de-kumon-a-smartick\/#primaryimage\"},\"image\":{\"@id\":\"https:\/\/pagina10.com\/web\/de-kumon-a-smartick\/#primaryimage\"},\"thumbnailUrl\":\"https:\/\/pagina10.com\/web\/wp-content\/uploads\/2021\/01\/77005349_2659784450755751_2095517614620016640_o.jpg\",\"datePublished\":\"2021-01-09T22:39:16+00:00\",\"breadcrumb\":{\"@id\":\"https:\/\/pagina10.com\/web\/de-kumon-a-smartick\/#breadcrumb\"},\"inLanguage\":\"es\",\"potentialAction\":[{\"@type\":\"ReadAction\",\"target\":[\"https:\/\/pagina10.com\/web\/de-kumon-a-smartick\/\"]}]},{\"@type\":\"ImageObject\",\"inLanguage\":\"es\",\"@id\":\"https:\/\/pagina10.com\/web\/de-kumon-a-smartick\/#primaryimage\",\"url\":\"https:\/\/pagina10.com\/web\/wp-content\/uploads\/2021\/01\/77005349_2659784450755751_2095517614620016640_o.jpg\",\"contentUrl\":\"https:\/\/pagina10.com\/web\/wp-content\/uploads\/2021\/01\/77005349_2659784450755751_2095517614620016640_o.jpg\",\"width\":1280,\"height\":853},{\"@type\":\"BreadcrumbList\",\"@id\":\"https:\/\/pagina10.com\/web\/de-kumon-a-smartick\/#breadcrumb\",\"itemListElement\":[{\"@type\":\"ListItem\",\"position\":1,\"name\":\"Portada\",\"item\":\"https:\/\/pagina10.com\/web\/\"},{\"@type\":\"ListItem\",\"position\":2,\"name\":\"De Kumon a Smartick\"}]},{\"@type\":\"WebSite\",\"@id\":\"https:\/\/pagina10.com\/web\/#website\",\"url\":\"https:\/\/pagina10.com\/web\/\",\"name\":\"P\u00e1gina10\",\"description\":\"Peri\u00f3dico Regional\",\"publisher\":{\"@id\":\"https:\/\/pagina10.com\/web\/#organization\"},\"alternateName\":\"P\u00e1gina10 Peri\u00f3dico Regional\",\"potentialAction\":[{\"@type\":\"SearchAction\",\"target\":{\"@type\":\"EntryPoint\",\"urlTemplate\":\"https:\/\/pagina10.com\/web\/?s={search_term_string}\"},\"query-input\":{\"@type\":\"PropertyValueSpecification\",\"valueRequired\":true,\"valueName\":\"search_term_string\"}}],\"inLanguage\":\"es\"},{\"@type\":\"Organization\",\"@id\":\"https:\/\/pagina10.com\/web\/#organization\",\"name\":\"P\u00e1gina10\",\"alternateName\":\"P\u00e1gina10 Peri\u00f3dico Regional\",\"url\":\"https:\/\/pagina10.com\/web\/\",\"logo\":{\"@type\":\"ImageObject\",\"inLanguage\":\"es\",\"@id\":\"https:\/\/pagina10.com\/web\/#\/schema\/logo\/image\/\",\"url\":\"https:\/\/pagina10.com\/web\/wp-content\/uploads\/2024\/01\/40-pagina-10-periodico-regional-pasto.jpg\",\"contentUrl\":\"https:\/\/pagina10.com\/web\/wp-content\/uploads\/2024\/01\/40-pagina-10-periodico-regional-pasto.jpg\",\"width\":1280,\"height\":720,\"caption\":\"P\u00e1gina10\"},\"image\":{\"@id\":\"https:\/\/pagina10.com\/web\/#\/schema\/logo\/image\/\"},\"sameAs\":[\"https:\/\/www.facebook.com\/pag10com\",\"https:\/\/x.com\/Pag10com\",\"https:\/\/www.instagram.com\/pagina10col\/\",\"https:\/\/youtube.com\/channel\/pag10\",\"https:\/\/www.tiktok.com\/@p10col\"]},{\"@type\":\"Person\",\"@id\":\"https:\/\/pagina10.com\/web\/#\/schema\/person\/4d3a5ceab7ef16367ca602ae6539f4b0\",\"name\":\"Jos\u00e9 Arteaga\",\"description\":\"Jos\u00e9 Arteaga naci\u00f3 en San Juan de Pasto-Nari\u00f1o. Es comunicador social de la Pontificia Universidad Javeriana, y escritor con amplio conocimiento en la historia del Latin Jazz, la salsa y la m\u00fasica del caribe. Ha escrito varios libros sobre m\u00fasica, delincuencia, deporte y cultura popular. Contribuy\u00f3 significativamente al estudio de la historia de la salsa colombiana y el Jazz Latino. Arteaga trabaj\u00f3 para el diario El Espectador, donde escrib\u00eda \u00abLa radiola\u00bb, una columna dedicada a distintos g\u00e9neros como la salsa, el son, jazz latino y la rumba. Colabor\u00f3 tambi\u00e9n en la 91.9. La revista que suena, publicada por la emisora Javeriana Est\u00e9reo. En el campo literario, el nari\u00f1ense escribi\u00f3: \u2018La salsa \u2013 Cr\u00f3nica social de la m\u00fasica del Caribe urbano\u2019 (1990), \u201cMaestro de maestros: biograf\u00eda del m\u00fasico Lucho Berm\u00fadez\u00bb (1991), \u2018La m\u00fasica del Caribe \u2013 Historia de todos los ritmos antillanos\u2019 (1994), \u2018La salsa, un estado de \u00e1nimo\u2019 (2000) y \u2018Oye c\u00f3mo va\u2026 El mundo del jazz latino\u2019 (2004), entre otros.\",\"url\":\"https:\/\/pagina10.com\/web\/author\/josearteaga\/\"}]}<\/script>\n<!-- \/ Yoast SEO plugin. -->","yoast_head_json":{"title":"De Kumon a Smartick | P\u00e1gina10","robots":{"index":"index","follow":"follow","max-snippet":"max-snippet:-1","max-image-preview":"max-image-preview:large","max-video-preview":"max-video-preview:-1"},"canonical":"https:\/\/pagina10.com\/web\/de-kumon-a-smartick\/","og_locale":"es_ES","og_type":"article","og_title":"De Kumon a Smartick | P\u00e1gina10","og_description":"Por: Jos\u00e9 Arteaga (Twitter: @jdjarteaga) En 1954 T\u014dru Kumon, un profesor de matem\u00e1ticas de Osaka, ante los reiterados fallos de su hijo en matem\u00e1ticas en la escuela primaria, cre\u00f3 un m\u00e9todo que consist\u00eda en repetir ejercicios b\u00e1sicos hasta adquirir destreza. \u00bfSencill\u00edsimo, verdad? Pero en ese momento no era tan evidente y los colegios sol\u00edan llenar [&hellip;]","og_url":"https:\/\/pagina10.com\/web\/de-kumon-a-smartick\/","og_site_name":"P\u00e1gina10","article_publisher":"https:\/\/www.facebook.com\/pag10com","article_published_time":"2021-01-09T22:39:16+00:00","og_image":[{"width":1280,"height":853,"url":"https:\/\/pagina10.com\/web\/wp-content\/uploads\/2021\/01\/77005349_2659784450755751_2095517614620016640_o.jpg","type":"image\/jpeg"}],"author":"Jos\u00e9 Arteaga","twitter_card":"summary_large_image","twitter_creator":"@Pag10com","twitter_site":"@Pag10com","twitter_misc":{"Escrito por":"Jos\u00e9 Arteaga","Tiempo de lectura":"5 minutos"},"schema":{"@context":"https:\/\/schema.org","@graph":[{"@type":"Article","@id":"https:\/\/pagina10.com\/web\/de-kumon-a-smartick\/#article","isPartOf":{"@id":"https:\/\/pagina10.com\/web\/de-kumon-a-smartick\/"},"author":{"name":"Jos\u00e9 Arteaga","@id":"https:\/\/pagina10.com\/web\/#\/schema\/person\/4d3a5ceab7ef16367ca602ae6539f4b0"},"headline":"De Kumon a Smartick","datePublished":"2021-01-09T22:39:16+00:00","mainEntityOfPage":{"@id":"https:\/\/pagina10.com\/web\/de-kumon-a-smartick\/"},"wordCount":962,"commentCount":0,"publisher":{"@id":"https:\/\/pagina10.com\/web\/#organization"},"image":{"@id":"https:\/\/pagina10.com\/web\/de-kumon-a-smartick\/#primaryimage"},"thumbnailUrl":"https:\/\/pagina10.com\/web\/wp-content\/uploads\/2021\/01\/77005349_2659784450755751_2095517614620016640_o.jpg","articleSection":["Educaci\u00f3n"],"inLanguage":"es","potentialAction":[{"@type":"CommentAction","name":"Comment","target":["https:\/\/pagina10.com\/web\/de-kumon-a-smartick\/#respond"]}]},{"@type":"WebPage","@id":"https:\/\/pagina10.com\/web\/de-kumon-a-smartick\/","url":"https:\/\/pagina10.com\/web\/de-kumon-a-smartick\/","name":"De Kumon a Smartick | P\u00e1gina10","isPartOf":{"@id":"https:\/\/pagina10.com\/web\/#website"},"primaryImageOfPage":{"@id":"https:\/\/pagina10.com\/web\/de-kumon-a-smartick\/#primaryimage"},"image":{"@id":"https:\/\/pagina10.com\/web\/de-kumon-a-smartick\/#primaryimage"},"thumbnailUrl":"https:\/\/pagina10.com\/web\/wp-content\/uploads\/2021\/01\/77005349_2659784450755751_2095517614620016640_o.jpg","datePublished":"2021-01-09T22:39:16+00:00","breadcrumb":{"@id":"https:\/\/pagina10.com\/web\/de-kumon-a-smartick\/#breadcrumb"},"inLanguage":"es","potentialAction":[{"@type":"ReadAction","target":["https:\/\/pagina10.com\/web\/de-kumon-a-smartick\/"]}]},{"@type":"ImageObject","inLanguage":"es","@id":"https:\/\/pagina10.com\/web\/de-kumon-a-smartick\/#primaryimage","url":"https:\/\/pagina10.com\/web\/wp-content\/uploads\/2021\/01\/77005349_2659784450755751_2095517614620016640_o.jpg","contentUrl":"https:\/\/pagina10.com\/web\/wp-content\/uploads\/2021\/01\/77005349_2659784450755751_2095517614620016640_o.jpg","width":1280,"height":853},{"@type":"BreadcrumbList","@id":"https:\/\/pagina10.com\/web\/de-kumon-a-smartick\/#breadcrumb","itemListElement":[{"@type":"ListItem","position":1,"name":"Portada","item":"https:\/\/pagina10.com\/web\/"},{"@type":"ListItem","position":2,"name":"De Kumon a Smartick"}]},{"@type":"WebSite","@id":"https:\/\/pagina10.com\/web\/#website","url":"https:\/\/pagina10.com\/web\/","name":"P\u00e1gina10","description":"Peri\u00f3dico Regional","publisher":{"@id":"https:\/\/pagina10.com\/web\/#organization"},"alternateName":"P\u00e1gina10 Peri\u00f3dico Regional","potentialAction":[{"@type":"SearchAction","target":{"@type":"EntryPoint","urlTemplate":"https:\/\/pagina10.com\/web\/?s={search_term_string}"},"query-input":{"@type":"PropertyValueSpecification","valueRequired":true,"valueName":"search_term_string"}}],"inLanguage":"es"},{"@type":"Organization","@id":"https:\/\/pagina10.com\/web\/#organization","name":"P\u00e1gina10","alternateName":"P\u00e1gina10 Peri\u00f3dico Regional","url":"https:\/\/pagina10.com\/web\/","logo":{"@type":"ImageObject","inLanguage":"es","@id":"https:\/\/pagina10.com\/web\/#\/schema\/logo\/image\/","url":"https:\/\/pagina10.com\/web\/wp-content\/uploads\/2024\/01\/40-pagina-10-periodico-regional-pasto.jpg","contentUrl":"https:\/\/pagina10.com\/web\/wp-content\/uploads\/2024\/01\/40-pagina-10-periodico-regional-pasto.jpg","width":1280,"height":720,"caption":"P\u00e1gina10"},"image":{"@id":"https:\/\/pagina10.com\/web\/#\/schema\/logo\/image\/"},"sameAs":["https:\/\/www.facebook.com\/pag10com","https:\/\/x.com\/Pag10com","https:\/\/www.instagram.com\/pagina10col\/","https:\/\/youtube.com\/channel\/pag10","https:\/\/www.tiktok.com\/@p10col"]},{"@type":"Person","@id":"https:\/\/pagina10.com\/web\/#\/schema\/person\/4d3a5ceab7ef16367ca602ae6539f4b0","name":"Jos\u00e9 Arteaga","description":"Jos\u00e9 Arteaga naci\u00f3 en San Juan de Pasto-Nari\u00f1o. Es comunicador social de la Pontificia Universidad Javeriana, y escritor con amplio conocimiento en la historia del Latin Jazz, la salsa y la m\u00fasica del caribe. Ha escrito varios libros sobre m\u00fasica, delincuencia, deporte y cultura popular. Contribuy\u00f3 significativamente al estudio de la historia de la salsa colombiana y el Jazz Latino. Arteaga trabaj\u00f3 para el diario El Espectador, donde escrib\u00eda \u00abLa radiola\u00bb, una columna dedicada a distintos g\u00e9neros como la salsa, el son, jazz latino y la rumba. Colabor\u00f3 tambi\u00e9n en la 91.9. La revista que suena, publicada por la emisora Javeriana Est\u00e9reo. En el campo literario, el nari\u00f1ense escribi\u00f3: \u2018La salsa \u2013 Cr\u00f3nica social de la m\u00fasica del Caribe urbano\u2019 (1990), \u201cMaestro de maestros: biograf\u00eda del m\u00fasico Lucho Berm\u00fadez\u00bb (1991), \u2018La m\u00fasica del Caribe \u2013 Historia de todos los ritmos antillanos\u2019 (1994), \u2018La salsa, un estado de \u00e1nimo\u2019 (2000) y \u2018Oye c\u00f3mo va\u2026 El mundo del jazz latino\u2019 (2004), entre otros.","url":"https:\/\/pagina10.com\/web\/author\/josearteaga\/"}]}},"_links":{"self":[{"href":"https:\/\/pagina10.com\/web\/wp-json\/wp\/v2\/posts\/49814","targetHints":{"allow":["GET"]}}],"collection":[{"href":"https:\/\/pagina10.com\/web\/wp-json\/wp\/v2\/posts"}],"about":[{"href":"https:\/\/pagina10.com\/web\/wp-json\/wp\/v2\/types\/post"}],"author":[{"embeddable":true,"href":"https:\/\/pagina10.com\/web\/wp-json\/wp\/v2\/users\/96"}],"replies":[{"embeddable":true,"href":"https:\/\/pagina10.com\/web\/wp-json\/wp\/v2\/comments?post=49814"}],"version-history":[{"count":1,"href":"https:\/\/pagina10.com\/web\/wp-json\/wp\/v2\/posts\/49814\/revisions"}],"predecessor-version":[{"id":49816,"href":"https:\/\/pagina10.com\/web\/wp-json\/wp\/v2\/posts\/49814\/revisions\/49816"}],"wp:featuredmedia":[{"embeddable":true,"href":"https:\/\/pagina10.com\/web\/wp-json\/wp\/v2\/media\/49815"}],"wp:attachment":[{"href":"https:\/\/pagina10.com\/web\/wp-json\/wp\/v2\/media?parent=49814"}],"wp:term":[{"taxonomy":"category","embeddable":true,"href":"https:\/\/pagina10.com\/web\/wp-json\/wp\/v2\/categories?post=49814"},{"taxonomy":"post_tag","embeddable":true,"href":"https:\/\/pagina10.com\/web\/wp-json\/wp\/v2\/tags?post=49814"}],"curies":[{"name":"wp","href":"https:\/\/api.w.org\/{rel}","templated":true}]}}