{"id":50030,"date":"2021-01-29T14:07:56","date_gmt":"2021-01-29T19:07:56","guid":{"rendered":"https:\/\/pagina10.com\/web\/?p=50030"},"modified":"2021-01-29T14:14:33","modified_gmt":"2021-01-29T19:14:33","slug":"gobierno-regional-y-ministerio-de-industria-y-comercio-unidos-por-la-reactivacion-de-narin","status":"publish","type":"post","link":"https:\/\/pagina10.com\/web\/gobierno-regional-y-ministerio-de-industria-y-comercio-unidos-por-la-reactivacion-de-narin\/","title":{"rendered":"Gobierno regional y Ministerio de Industria Comercio y Turismo unidos por la reactivaci\u00f3n de Nari\u00f1o"},"content":{"rendered":"<p style=\"text-align: justify;\">El plan de reactivaci\u00f3n econ\u00f3mica para Nari\u00f1o se basa en acciones conjuntas entre gremios del sector productivo del departamento, el gobierno regional y el Ministerio de Comercio Industria y Turismo, en cabeza del ministro Jos\u00e9 Manuel Restrepo.<\/p>\n<p style=\"text-align: justify;\">En una reuni\u00f3n en el municipio de Pasto el ministro resalt\u00f3 la estrategia \u201ceconom\u00eda para la gente\u201d c\u00f3mo opci\u00f3n para reactivar la productividad de sectores vulnerables y micro negocios tanto formales como informales. Para el sector empresarial dedicado a las exportaciones de productos potenciales del departamento como papa, caf\u00e9s especiales y l\u00e1cteos Restrepo se comprometi\u00f3 a entablar una reuni\u00f3n entre los empresarios, ProColombia y Colombia Productiva para establecer una ruta de acci\u00f3n basada en los programas con los que cuenta el ministerio y las necesidades particulares de las empresas tras los efectos de la pandemia.<\/p>\n<p style=\"text-align: justify;\">El alto funcionario asegur\u00f3 que proteger\u00e1 a los empresarios de la competencia desleal con todos los mecanismos que sean necesarios, como ya se hizo con el etanol y la papa. Para la reactivaci\u00f3n del turismo suscribieron el convenio con la gobernaci\u00f3n para colocar en marcha el sello de Bioseguridad Check in Certificado por $300 millones que busca acreditar 185 prestadores.<\/p>\n<p style=\"text-align: justify;\">El ministro tambi\u00e9n se reuni\u00f3 con representantes del sector productivo del municipio de Ipiales y su alcalde Luis Fernando\u00a0<span class=\"original-content\">Villota\u00a0<\/span>a quienes anunci\u00f3 varios puntos importantes para la reactivaci\u00f3n. La apertura de cr\u00e9ditos con plazos y per\u00edodos de gracia flexibles por medio de banc\u00f3ldex, una rueda financiera entre esta misma entidad y el Fondo Nacional de Garant\u00edas, la construcci\u00f3n de una ruta tur\u00edstica con la ayuda de\u00a0<span class=\"original-content\">Fontur\u00a0<\/span>y la Alcald\u00eda, un proyecto de turismo religioso en el santuario de las Lajas y estrategias a largo plazo para fortalecer la capacidad industrial del municipio.<\/p>\n","protected":false},"excerpt":{"rendered":"<p>Las respuestas del ministro ante las preocupaciones del sector productivo <\/p>\n","protected":false},"author":1,"featured_media":50032,"comment_status":"open","ping_status":"open","sticky":false,"template":"","format":"standard","meta":{"footnotes":""},"categories":[13],"tags":[],"class_list":["post-50030","post","type-post","status-publish","format-standard","has-post-thumbnail","hentry","category-economia"],"yoast_head":"<!-- This site is optimized with the Yoast SEO plugin v27.1.1 - https:\/\/yoast.com\/product\/yoast-seo-wordpress\/ -->\n<title>Gobierno regional y Ministerio de Industria Comercio y Turismo unidos por la reactivaci\u00f3n de Nari\u00f1o | P\u00e1gina10<\/title>\n<meta name=\"robots\" content=\"index, follow, max-snippet:-1, max-image-preview:large, max-video-preview:-1\" \/>\n<link rel=\"canonical\" href=\"https:\/\/pagina10.com\/web\/gobierno-regional-y-ministerio-de-industria-y-comercio-unidos-por-la-reactivacion-de-narin\/\" \/>\n<meta property=\"og:locale\" content=\"es_ES\" \/>\n<meta property=\"og:type\" content=\"article\" \/>\n<meta property=\"og:title\" content=\"Gobierno regional y Ministerio de Industria Comercio y Turismo unidos por la reactivaci\u00f3n de Nari\u00f1o | P\u00e1gina10\" \/>\n<meta property=\"og:description\" content=\"Las respuestas del ministro ante las preocupaciones del sector productivo\" \/>\n<meta property=\"og:url\" content=\"https:\/\/pagina10.com\/web\/gobierno-regional-y-ministerio-de-industria-y-comercio-unidos-por-la-reactivacion-de-narin\/\" \/>\n<meta property=\"og:site_name\" content=\"P\u00e1gina10\" \/>\n<meta property=\"article:publisher\" content=\"https:\/\/www.facebook.com\/pag10com\" \/>\n<meta property=\"article:published_time\" content=\"2021-01-29T19:07:56+00:00\" \/>\n<meta property=\"article:modified_time\" content=\"2021-01-29T19:14:33+00:00\" \/>\n<meta property=\"og:image\" content=\"https:\/\/pagina10.com\/web\/wp-content\/uploads\/2021\/01\/foto-1.jpg\" \/>\n\t<meta property=\"og:image:width\" content=\"1080\" \/>\n\t<meta property=\"og:image:height\" content=\"803\" \/>\n\t<meta property=\"og:image:type\" content=\"image\/jpeg\" \/>\n<meta name=\"author\" content=\"P\u00e1gina 10\" \/>\n<meta name=\"twitter:card\" content=\"summary_large_image\" \/>\n<meta name=\"twitter:creator\" content=\"@Pag10com\" \/>\n<meta name=\"twitter:site\" content=\"@Pag10com\" \/>\n<meta name=\"twitter:label1\" content=\"Escrito por\" \/>\n\t<meta name=\"twitter:data1\" content=\"P\u00e1gina 10\" \/>\n\t<meta name=\"twitter:label2\" content=\"Tiempo de lectura\" \/>\n\t<meta name=\"twitter:data2\" content=\"2 minutos\" \/>\n<script type=\"application\/ld+json\" class=\"yoast-schema-graph\">{\"@context\":\"https:\/\/schema.org\",\"@graph\":[{\"@type\":\"Article\",\"@id\":\"https:\/\/pagina10.com\/web\/gobierno-regional-y-ministerio-de-industria-y-comercio-unidos-por-la-reactivacion-de-narin\/#article\",\"isPartOf\":{\"@id\":\"https:\/\/pagina10.com\/web\/gobierno-regional-y-ministerio-de-industria-y-comercio-unidos-por-la-reactivacion-de-narin\/\"},\"author\":{\"name\":\"P\u00e1gina 10\",\"@id\":\"https:\/\/pagina10.com\/web\/#\/schema\/person\/2efc4a090d25b667d3bc796798a3a81b\"},\"headline\":\"Gobierno regional y Ministerio de Industria Comercio y Turismo unidos por la reactivaci\u00f3n de Nari\u00f1o\",\"datePublished\":\"2021-01-29T19:07:56+00:00\",\"dateModified\":\"2021-01-29T19:14:33+00:00\",\"mainEntityOfPage\":{\"@id\":\"https:\/\/pagina10.com\/web\/gobierno-regional-y-ministerio-de-industria-y-comercio-unidos-por-la-reactivacion-de-narin\/\"},\"wordCount\":323,\"commentCount\":0,\"publisher\":{\"@id\":\"https:\/\/pagina10.com\/web\/#organization\"},\"image\":{\"@id\":\"https:\/\/pagina10.com\/web\/gobierno-regional-y-ministerio-de-industria-y-comercio-unidos-por-la-reactivacion-de-narin\/#primaryimage\"},\"thumbnailUrl\":\"https:\/\/pagina10.com\/web\/wp-content\/uploads\/2021\/01\/foto-1.jpg\",\"articleSection\":[\"Econom\u00eda\"],\"inLanguage\":\"es\",\"potentialAction\":[{\"@type\":\"CommentAction\",\"name\":\"Comment\",\"target\":[\"https:\/\/pagina10.com\/web\/gobierno-regional-y-ministerio-de-industria-y-comercio-unidos-por-la-reactivacion-de-narin\/#respond\"]}]},{\"@type\":\"WebPage\",\"@id\":\"https:\/\/pagina10.com\/web\/gobierno-regional-y-ministerio-de-industria-y-comercio-unidos-por-la-reactivacion-de-narin\/\",\"url\":\"https:\/\/pagina10.com\/web\/gobierno-regional-y-ministerio-de-industria-y-comercio-unidos-por-la-reactivacion-de-narin\/\",\"name\":\"Gobierno regional y Ministerio de Industria Comercio y Turismo unidos por la reactivaci\u00f3n de Nari\u00f1o | P\u00e1gina10\",\"isPartOf\":{\"@id\":\"https:\/\/pagina10.com\/web\/#website\"},\"primaryImageOfPage\":{\"@id\":\"https:\/\/pagina10.com\/web\/gobierno-regional-y-ministerio-de-industria-y-comercio-unidos-por-la-reactivacion-de-narin\/#primaryimage\"},\"image\":{\"@id\":\"https:\/\/pagina10.com\/web\/gobierno-regional-y-ministerio-de-industria-y-comercio-unidos-por-la-reactivacion-de-narin\/#primaryimage\"},\"thumbnailUrl\":\"https:\/\/pagina10.com\/web\/wp-content\/uploads\/2021\/01\/foto-1.jpg\",\"datePublished\":\"2021-01-29T19:07:56+00:00\",\"dateModified\":\"2021-01-29T19:14:33+00:00\",\"breadcrumb\":{\"@id\":\"https:\/\/pagina10.com\/web\/gobierno-regional-y-ministerio-de-industria-y-comercio-unidos-por-la-reactivacion-de-narin\/#breadcrumb\"},\"inLanguage\":\"es\",\"potentialAction\":[{\"@type\":\"ReadAction\",\"target\":[\"https:\/\/pagina10.com\/web\/gobierno-regional-y-ministerio-de-industria-y-comercio-unidos-por-la-reactivacion-de-narin\/\"]}]},{\"@type\":\"ImageObject\",\"inLanguage\":\"es\",\"@id\":\"https:\/\/pagina10.com\/web\/gobierno-regional-y-ministerio-de-industria-y-comercio-unidos-por-la-reactivacion-de-narin\/#primaryimage\",\"url\":\"https:\/\/pagina10.com\/web\/wp-content\/uploads\/2021\/01\/foto-1.jpg\",\"contentUrl\":\"https:\/\/pagina10.com\/web\/wp-content\/uploads\/2021\/01\/foto-1.jpg\",\"width\":1080,\"height\":803},{\"@type\":\"BreadcrumbList\",\"@id\":\"https:\/\/pagina10.com\/web\/gobierno-regional-y-ministerio-de-industria-y-comercio-unidos-por-la-reactivacion-de-narin\/#breadcrumb\",\"itemListElement\":[{\"@type\":\"ListItem\",\"position\":1,\"name\":\"Portada\",\"item\":\"https:\/\/pagina10.com\/web\/\"},{\"@type\":\"ListItem\",\"position\":2,\"name\":\"Gobierno regional y Ministerio de Industria Comercio y Turismo unidos por la reactivaci\u00f3n de Nari\u00f1o\"}]},{\"@type\":\"WebSite\",\"@id\":\"https:\/\/pagina10.com\/web\/#website\",\"url\":\"https:\/\/pagina10.com\/web\/\",\"name\":\"P\u00e1gina10\",\"description\":\"Peri\u00f3dico Regional\",\"publisher\":{\"@id\":\"https:\/\/pagina10.com\/web\/#organization\"},\"alternateName\":\"P\u00e1gina10 Peri\u00f3dico Regional\",\"potentialAction\":[{\"@type\":\"SearchAction\",\"target\":{\"@type\":\"EntryPoint\",\"urlTemplate\":\"https:\/\/pagina10.com\/web\/?s={search_term_string}\"},\"query-input\":{\"@type\":\"PropertyValueSpecification\",\"valueRequired\":true,\"valueName\":\"search_term_string\"}}],\"inLanguage\":\"es\"},{\"@type\":\"Organization\",\"@id\":\"https:\/\/pagina10.com\/web\/#organization\",\"name\":\"P\u00e1gina10\",\"alternateName\":\"P\u00e1gina10 Peri\u00f3dico Regional\",\"url\":\"https:\/\/pagina10.com\/web\/\",\"logo\":{\"@type\":\"ImageObject\",\"inLanguage\":\"es\",\"@id\":\"https:\/\/pagina10.com\/web\/#\/schema\/logo\/image\/\",\"url\":\"https:\/\/pagina10.com\/web\/wp-content\/uploads\/2024\/01\/40-pagina-10-periodico-regional-pasto.jpg\",\"contentUrl\":\"https:\/\/pagina10.com\/web\/wp-content\/uploads\/2024\/01\/40-pagina-10-periodico-regional-pasto.jpg\",\"width\":1280,\"height\":720,\"caption\":\"P\u00e1gina10\"},\"image\":{\"@id\":\"https:\/\/pagina10.com\/web\/#\/schema\/logo\/image\/\"},\"sameAs\":[\"https:\/\/www.facebook.com\/pag10com\",\"https:\/\/x.com\/Pag10com\",\"https:\/\/www.instagram.com\/pagina10col\/\",\"https:\/\/youtube.com\/channel\/pag10\",\"https:\/\/www.tiktok.com\/@p10col\"]},{\"@type\":\"Person\",\"@id\":\"https:\/\/pagina10.com\/web\/#\/schema\/person\/2efc4a090d25b667d3bc796798a3a81b\",\"name\":\"P\u00e1gina 10\",\"description\":\"P\u00e1gina 10 es un peri\u00f3dico regional que nace en Colombia, en el departamento de Nari\u00f1o, con un enfoque global, fundamentado en cuatro pilares esenciales: la libertad, el pluralismo, la inclusi\u00f3n y la independencia. P\u00e1gina 10 hace referencia a Nari\u00f1o como el d\u00e9cimo departamento creado en Colombia, despu\u00e9s de un proceso pol\u00edtico liderado por actores y actrices regionales con el fin de obtener la independencia y autonom\u00eda de nuestros territorios. Con la creaci\u00f3n de P\u00e1gina 10 se pretende abrir un escenario para el dialogo, la reflexi\u00f3n y el debate que se extienda a otras geograf\u00edas de Am\u00e9rica Latina y del planeta, en una apuesta por transformar colectivamente los desaf\u00edos de un mundo contempor\u00e1neo, m\u00e1s all\u00e1 de las fronteras impuestas.\",\"url\":\"https:\/\/pagina10.com\/web\/author\/pdiezadmin\/\"}]}<\/script>\n<!-- \/ Yoast SEO plugin. -->","yoast_head_json":{"title":"Gobierno regional y Ministerio de Industria Comercio y Turismo unidos por la reactivaci\u00f3n de Nari\u00f1o | P\u00e1gina10","robots":{"index":"index","follow":"follow","max-snippet":"max-snippet:-1","max-image-preview":"max-image-preview:large","max-video-preview":"max-video-preview:-1"},"canonical":"https:\/\/pagina10.com\/web\/gobierno-regional-y-ministerio-de-industria-y-comercio-unidos-por-la-reactivacion-de-narin\/","og_locale":"es_ES","og_type":"article","og_title":"Gobierno regional y Ministerio de Industria Comercio y Turismo unidos por la reactivaci\u00f3n de Nari\u00f1o | P\u00e1gina10","og_description":"Las respuestas del ministro ante las preocupaciones del sector productivo","og_url":"https:\/\/pagina10.com\/web\/gobierno-regional-y-ministerio-de-industria-y-comercio-unidos-por-la-reactivacion-de-narin\/","og_site_name":"P\u00e1gina10","article_publisher":"https:\/\/www.facebook.com\/pag10com","article_published_time":"2021-01-29T19:07:56+00:00","article_modified_time":"2021-01-29T19:14:33+00:00","og_image":[{"width":1080,"height":803,"url":"https:\/\/pagina10.com\/web\/wp-content\/uploads\/2021\/01\/foto-1.jpg","type":"image\/jpeg"}],"author":"P\u00e1gina 10","twitter_card":"summary_large_image","twitter_creator":"@Pag10com","twitter_site":"@Pag10com","twitter_misc":{"Escrito por":"P\u00e1gina 10","Tiempo de lectura":"2 minutos"},"schema":{"@context":"https:\/\/schema.org","@graph":[{"@type":"Article","@id":"https:\/\/pagina10.com\/web\/gobierno-regional-y-ministerio-de-industria-y-comercio-unidos-por-la-reactivacion-de-narin\/#article","isPartOf":{"@id":"https:\/\/pagina10.com\/web\/gobierno-regional-y-ministerio-de-industria-y-comercio-unidos-por-la-reactivacion-de-narin\/"},"author":{"name":"P\u00e1gina 10","@id":"https:\/\/pagina10.com\/web\/#\/schema\/person\/2efc4a090d25b667d3bc796798a3a81b"},"headline":"Gobierno regional y Ministerio de Industria Comercio y Turismo unidos por la reactivaci\u00f3n de Nari\u00f1o","datePublished":"2021-01-29T19:07:56+00:00","dateModified":"2021-01-29T19:14:33+00:00","mainEntityOfPage":{"@id":"https:\/\/pagina10.com\/web\/gobierno-regional-y-ministerio-de-industria-y-comercio-unidos-por-la-reactivacion-de-narin\/"},"wordCount":323,"commentCount":0,"publisher":{"@id":"https:\/\/pagina10.com\/web\/#organization"},"image":{"@id":"https:\/\/pagina10.com\/web\/gobierno-regional-y-ministerio-de-industria-y-comercio-unidos-por-la-reactivacion-de-narin\/#primaryimage"},"thumbnailUrl":"https:\/\/pagina10.com\/web\/wp-content\/uploads\/2021\/01\/foto-1.jpg","articleSection":["Econom\u00eda"],"inLanguage":"es","potentialAction":[{"@type":"CommentAction","name":"Comment","target":["https:\/\/pagina10.com\/web\/gobierno-regional-y-ministerio-de-industria-y-comercio-unidos-por-la-reactivacion-de-narin\/#respond"]}]},{"@type":"WebPage","@id":"https:\/\/pagina10.com\/web\/gobierno-regional-y-ministerio-de-industria-y-comercio-unidos-por-la-reactivacion-de-narin\/","url":"https:\/\/pagina10.com\/web\/gobierno-regional-y-ministerio-de-industria-y-comercio-unidos-por-la-reactivacion-de-narin\/","name":"Gobierno regional y Ministerio de Industria Comercio y Turismo unidos por la reactivaci\u00f3n de Nari\u00f1o | P\u00e1gina10","isPartOf":{"@id":"https:\/\/pagina10.com\/web\/#website"},"primaryImageOfPage":{"@id":"https:\/\/pagina10.com\/web\/gobierno-regional-y-ministerio-de-industria-y-comercio-unidos-por-la-reactivacion-de-narin\/#primaryimage"},"image":{"@id":"https:\/\/pagina10.com\/web\/gobierno-regional-y-ministerio-de-industria-y-comercio-unidos-por-la-reactivacion-de-narin\/#primaryimage"},"thumbnailUrl":"https:\/\/pagina10.com\/web\/wp-content\/uploads\/2021\/01\/foto-1.jpg","datePublished":"2021-01-29T19:07:56+00:00","dateModified":"2021-01-29T19:14:33+00:00","breadcrumb":{"@id":"https:\/\/pagina10.com\/web\/gobierno-regional-y-ministerio-de-industria-y-comercio-unidos-por-la-reactivacion-de-narin\/#breadcrumb"},"inLanguage":"es","potentialAction":[{"@type":"ReadAction","target":["https:\/\/pagina10.com\/web\/gobierno-regional-y-ministerio-de-industria-y-comercio-unidos-por-la-reactivacion-de-narin\/"]}]},{"@type":"ImageObject","inLanguage":"es","@id":"https:\/\/pagina10.com\/web\/gobierno-regional-y-ministerio-de-industria-y-comercio-unidos-por-la-reactivacion-de-narin\/#primaryimage","url":"https:\/\/pagina10.com\/web\/wp-content\/uploads\/2021\/01\/foto-1.jpg","contentUrl":"https:\/\/pagina10.com\/web\/wp-content\/uploads\/2021\/01\/foto-1.jpg","width":1080,"height":803},{"@type":"BreadcrumbList","@id":"https:\/\/pagina10.com\/web\/gobierno-regional-y-ministerio-de-industria-y-comercio-unidos-por-la-reactivacion-de-narin\/#breadcrumb","itemListElement":[{"@type":"ListItem","position":1,"name":"Portada","item":"https:\/\/pagina10.com\/web\/"},{"@type":"ListItem","position":2,"name":"Gobierno regional y Ministerio de Industria Comercio y Turismo unidos por la reactivaci\u00f3n de Nari\u00f1o"}]},{"@type":"WebSite","@id":"https:\/\/pagina10.com\/web\/#website","url":"https:\/\/pagina10.com\/web\/","name":"P\u00e1gina10","description":"Peri\u00f3dico Regional","publisher":{"@id":"https:\/\/pagina10.com\/web\/#organization"},"alternateName":"P\u00e1gina10 Peri\u00f3dico Regional","potentialAction":[{"@type":"SearchAction","target":{"@type":"EntryPoint","urlTemplate":"https:\/\/pagina10.com\/web\/?s={search_term_string}"},"query-input":{"@type":"PropertyValueSpecification","valueRequired":true,"valueName":"search_term_string"}}],"inLanguage":"es"},{"@type":"Organization","@id":"https:\/\/pagina10.com\/web\/#organization","name":"P\u00e1gina10","alternateName":"P\u00e1gina10 Peri\u00f3dico Regional","url":"https:\/\/pagina10.com\/web\/","logo":{"@type":"ImageObject","inLanguage":"es","@id":"https:\/\/pagina10.com\/web\/#\/schema\/logo\/image\/","url":"https:\/\/pagina10.com\/web\/wp-content\/uploads\/2024\/01\/40-pagina-10-periodico-regional-pasto.jpg","contentUrl":"https:\/\/pagina10.com\/web\/wp-content\/uploads\/2024\/01\/40-pagina-10-periodico-regional-pasto.jpg","width":1280,"height":720,"caption":"P\u00e1gina10"},"image":{"@id":"https:\/\/pagina10.com\/web\/#\/schema\/logo\/image\/"},"sameAs":["https:\/\/www.facebook.com\/pag10com","https:\/\/x.com\/Pag10com","https:\/\/www.instagram.com\/pagina10col\/","https:\/\/youtube.com\/channel\/pag10","https:\/\/www.tiktok.com\/@p10col"]},{"@type":"Person","@id":"https:\/\/pagina10.com\/web\/#\/schema\/person\/2efc4a090d25b667d3bc796798a3a81b","name":"P\u00e1gina 10","description":"P\u00e1gina 10 es un peri\u00f3dico regional que nace en Colombia, en el departamento de Nari\u00f1o, con un enfoque global, fundamentado en cuatro pilares esenciales: la libertad, el pluralismo, la inclusi\u00f3n y la independencia. P\u00e1gina 10 hace referencia a Nari\u00f1o como el d\u00e9cimo departamento creado en Colombia, despu\u00e9s de un proceso pol\u00edtico liderado por actores y actrices regionales con el fin de obtener la independencia y autonom\u00eda de nuestros territorios. Con la creaci\u00f3n de P\u00e1gina 10 se pretende abrir un escenario para el dialogo, la reflexi\u00f3n y el debate que se extienda a otras geograf\u00edas de Am\u00e9rica Latina y del planeta, en una apuesta por transformar colectivamente los desaf\u00edos de un mundo contempor\u00e1neo, m\u00e1s all\u00e1 de las fronteras impuestas.","url":"https:\/\/pagina10.com\/web\/author\/pdiezadmin\/"}]}},"_links":{"self":[{"href":"https:\/\/pagina10.com\/web\/wp-json\/wp\/v2\/posts\/50030","targetHints":{"allow":["GET"]}}],"collection":[{"href":"https:\/\/pagina10.com\/web\/wp-json\/wp\/v2\/posts"}],"about":[{"href":"https:\/\/pagina10.com\/web\/wp-json\/wp\/v2\/types\/post"}],"author":[{"embeddable":true,"href":"https:\/\/pagina10.com\/web\/wp-json\/wp\/v2\/users\/1"}],"replies":[{"embeddable":true,"href":"https:\/\/pagina10.com\/web\/wp-json\/wp\/v2\/comments?post=50030"}],"version-history":[{"count":4,"href":"https:\/\/pagina10.com\/web\/wp-json\/wp\/v2\/posts\/50030\/revisions"}],"predecessor-version":[{"id":50036,"href":"https:\/\/pagina10.com\/web\/wp-json\/wp\/v2\/posts\/50030\/revisions\/50036"}],"wp:featuredmedia":[{"embeddable":true,"href":"https:\/\/pagina10.com\/web\/wp-json\/wp\/v2\/media\/50032"}],"wp:attachment":[{"href":"https:\/\/pagina10.com\/web\/wp-json\/wp\/v2\/media?parent=50030"}],"wp:term":[{"taxonomy":"category","embeddable":true,"href":"https:\/\/pagina10.com\/web\/wp-json\/wp\/v2\/categories?post=50030"},{"taxonomy":"post_tag","embeddable":true,"href":"https:\/\/pagina10.com\/web\/wp-json\/wp\/v2\/tags?post=50030"}],"curies":[{"name":"wp","href":"https:\/\/api.w.org\/{rel}","templated":true}]}}