{"id":50119,"date":"2021-02-02T12:34:19","date_gmt":"2021-02-02T17:34:19","guid":{"rendered":"https:\/\/pagina10.com\/web\/?p=50119"},"modified":"2021-02-02T14:49:26","modified_gmt":"2021-02-02T19:49:26","slug":"papa-francisco-se-une-a-campana-en-torno-a-la-no-violencia-contra-las-mujeres","status":"publish","type":"post","link":"https:\/\/pagina10.com\/web\/papa-francisco-se-une-a-campana-en-torno-a-la-no-violencia-contra-las-mujeres\/","title":{"rendered":"Papa Francisco se une a campa\u00f1a en torno a la no violencia contra las mujeres"},"content":{"rendered":"<p style=\"text-align: justify;\">Es por muchos conocido que en el mundo siempre ha dominado una corriente de machismo, de desigualdad entre hombres y mujeres y peor aun: De violencia de distintos tipos contra las mismas. A ra\u00edz de esto han surgido muchos movimientos feministas que buscan la igualdad entre todos los seres humanos sin importar si se es hombre o se es mujer; Entre ellos se destacan movimientos como &#8221; He for she&#8221; (\u00e9l para ella), &#8221; me too&#8221;( yo tambi\u00e9n) entre muchos otros. Algunas celebridades como Emma Watson, Jeniffer Lopez, Jenniffer Aniston entre otras han unido sus voces que han jugado un papel importante en los objetivos que dichos movimientos buscan.<\/p>\n<p style=\"text-align: justify;\">La iglesia cat\u00f3lica no es ajena a esta tem\u00e1tica , y recientemente su cabeza principal, el papa francisco , ha sumado su expresi\u00f3n en apoyo a esta lucha que ha existido desde mucho tiempo atr\u00e1s: &#8221; Hoy sigue habiendo mujeres que sufren violencia: Violencia psicol\u00f3gica, f\u00edsica, sexual&#8230; Las diferentes formas de malos tratos que sufren muchas mujeres son una cobard\u00eda. Los testimonios de las victimas que se atreven a romper su silencio son un grito de socorro que no podemos ignorar, recemos por las mujeres que son victimas de la violencia para que sean protegidas por la sociedad y para que su sufrimiento sea considerado y escuchado por todos&#8221; manifest\u00f3 el sumo pont\u00edfice en un mensaje dirigido a la Organizaci\u00f3n de Naciones Unidas ( ONU) a trav\u00e9s de un video.<\/p>\n<p style=\"text-align: justify;\">Se espera que cada vez mas y mas seres humanos se identifiquen con esta problem\u00e1tica , y empiecen a actuar en torno a ella. Aqu\u00ed podemos observar el video con las palabras dichas por el papa francisco: https:\/\/www.youtube.com\/watch?v=VeaRjeHdMDI<\/p>\n","protected":false},"excerpt":{"rendered":"<p>Es por muchos conocido que en el mundo siempre ha dominado una corriente de machismo, de desigualdad entre hombres y mujeres y peor aun: De violencia de distintos tipos contra las mismas. A ra\u00edz de esto han surgido muchos movimientos feministas que buscan la igualdad entre todos los seres humanos sin importar si se es [&hellip;]<\/p>\n","protected":false},"author":1,"featured_media":50120,"comment_status":"open","ping_status":"open","sticky":false,"template":"","format":"standard","meta":{"footnotes":""},"categories":[2],"tags":[],"class_list":["post-50119","post","type-post","status-publish","format-standard","has-post-thumbnail","hentry","category-pagina10"],"yoast_head":"<!-- This site is optimized with the Yoast SEO plugin v27.1.1 - https:\/\/yoast.com\/product\/yoast-seo-wordpress\/ -->\n<title>Papa Francisco se une a campa\u00f1a en torno a la no violencia contra las mujeres | P\u00e1gina10<\/title>\n<meta name=\"robots\" content=\"index, follow, max-snippet:-1, max-image-preview:large, max-video-preview:-1\" \/>\n<link rel=\"canonical\" href=\"https:\/\/pagina10.com\/web\/papa-francisco-se-une-a-campana-en-torno-a-la-no-violencia-contra-las-mujeres\/\" \/>\n<meta property=\"og:locale\" content=\"es_ES\" \/>\n<meta property=\"og:type\" content=\"article\" \/>\n<meta property=\"og:title\" content=\"Papa Francisco se une a campa\u00f1a en torno a la no violencia contra las mujeres | P\u00e1gina10\" \/>\n<meta property=\"og:description\" content=\"Es por muchos conocido que en el mundo siempre ha dominado una corriente de machismo, de desigualdad entre hombres y mujeres y peor aun: De violencia de distintos tipos contra las mismas. A ra\u00edz de esto han surgido muchos movimientos feministas que buscan la igualdad entre todos los seres humanos sin importar si se es [&hellip;]\" \/>\n<meta property=\"og:url\" content=\"https:\/\/pagina10.com\/web\/papa-francisco-se-une-a-campana-en-torno-a-la-no-violencia-contra-las-mujeres\/\" \/>\n<meta property=\"og:site_name\" content=\"P\u00e1gina10\" \/>\n<meta property=\"article:publisher\" content=\"https:\/\/www.facebook.com\/pag10com\" \/>\n<meta property=\"article:published_time\" content=\"2021-02-02T17:34:19+00:00\" \/>\n<meta property=\"article:modified_time\" content=\"2021-02-02T19:49:26+00:00\" \/>\n<meta property=\"og:image\" content=\"https:\/\/pagina10.com\/web\/wp-content\/uploads\/2021\/02\/papa.jpg\" \/>\n\t<meta property=\"og:image:width\" content=\"195\" \/>\n\t<meta property=\"og:image:height\" content=\"258\" \/>\n\t<meta property=\"og:image:type\" content=\"image\/jpeg\" \/>\n<meta name=\"author\" content=\"P\u00e1gina 10\" \/>\n<meta name=\"twitter:card\" content=\"summary_large_image\" \/>\n<meta name=\"twitter:creator\" content=\"@Pag10com\" \/>\n<meta name=\"twitter:site\" content=\"@Pag10com\" \/>\n<meta name=\"twitter:label1\" content=\"Escrito por\" \/>\n\t<meta name=\"twitter:data1\" content=\"P\u00e1gina 10\" \/>\n\t<meta name=\"twitter:label2\" content=\"Tiempo de lectura\" \/>\n\t<meta name=\"twitter:data2\" content=\"1 minuto\" \/>\n<script type=\"application\/ld+json\" class=\"yoast-schema-graph\">{\"@context\":\"https:\/\/schema.org\",\"@graph\":[{\"@type\":\"Article\",\"@id\":\"https:\/\/pagina10.com\/web\/papa-francisco-se-une-a-campana-en-torno-a-la-no-violencia-contra-las-mujeres\/#article\",\"isPartOf\":{\"@id\":\"https:\/\/pagina10.com\/web\/papa-francisco-se-une-a-campana-en-torno-a-la-no-violencia-contra-las-mujeres\/\"},\"author\":{\"name\":\"P\u00e1gina 10\",\"@id\":\"https:\/\/pagina10.com\/web\/#\/schema\/person\/2efc4a090d25b667d3bc796798a3a81b\"},\"headline\":\"Papa Francisco se une a campa\u00f1a en torno a la no violencia contra las mujeres\",\"datePublished\":\"2021-02-02T17:34:19+00:00\",\"dateModified\":\"2021-02-02T19:49:26+00:00\",\"mainEntityOfPage\":{\"@id\":\"https:\/\/pagina10.com\/web\/papa-francisco-se-une-a-campana-en-torno-a-la-no-violencia-contra-las-mujeres\/\"},\"wordCount\":305,\"commentCount\":0,\"publisher\":{\"@id\":\"https:\/\/pagina10.com\/web\/#organization\"},\"image\":{\"@id\":\"https:\/\/pagina10.com\/web\/papa-francisco-se-une-a-campana-en-torno-a-la-no-violencia-contra-las-mujeres\/#primaryimage\"},\"thumbnailUrl\":\"https:\/\/pagina10.com\/web\/wp-content\/uploads\/2021\/02\/papa.jpg\",\"articleSection\":[\"P\u00e1gina10\"],\"inLanguage\":\"es\",\"potentialAction\":[{\"@type\":\"CommentAction\",\"name\":\"Comment\",\"target\":[\"https:\/\/pagina10.com\/web\/papa-francisco-se-une-a-campana-en-torno-a-la-no-violencia-contra-las-mujeres\/#respond\"]}]},{\"@type\":\"WebPage\",\"@id\":\"https:\/\/pagina10.com\/web\/papa-francisco-se-une-a-campana-en-torno-a-la-no-violencia-contra-las-mujeres\/\",\"url\":\"https:\/\/pagina10.com\/web\/papa-francisco-se-une-a-campana-en-torno-a-la-no-violencia-contra-las-mujeres\/\",\"name\":\"Papa Francisco se une a campa\u00f1a en torno a la no violencia contra las mujeres | P\u00e1gina10\",\"isPartOf\":{\"@id\":\"https:\/\/pagina10.com\/web\/#website\"},\"primaryImageOfPage\":{\"@id\":\"https:\/\/pagina10.com\/web\/papa-francisco-se-une-a-campana-en-torno-a-la-no-violencia-contra-las-mujeres\/#primaryimage\"},\"image\":{\"@id\":\"https:\/\/pagina10.com\/web\/papa-francisco-se-une-a-campana-en-torno-a-la-no-violencia-contra-las-mujeres\/#primaryimage\"},\"thumbnailUrl\":\"https:\/\/pagina10.com\/web\/wp-content\/uploads\/2021\/02\/papa.jpg\",\"datePublished\":\"2021-02-02T17:34:19+00:00\",\"dateModified\":\"2021-02-02T19:49:26+00:00\",\"breadcrumb\":{\"@id\":\"https:\/\/pagina10.com\/web\/papa-francisco-se-une-a-campana-en-torno-a-la-no-violencia-contra-las-mujeres\/#breadcrumb\"},\"inLanguage\":\"es\",\"potentialAction\":[{\"@type\":\"ReadAction\",\"target\":[\"https:\/\/pagina10.com\/web\/papa-francisco-se-une-a-campana-en-torno-a-la-no-violencia-contra-las-mujeres\/\"]}]},{\"@type\":\"ImageObject\",\"inLanguage\":\"es\",\"@id\":\"https:\/\/pagina10.com\/web\/papa-francisco-se-une-a-campana-en-torno-a-la-no-violencia-contra-las-mujeres\/#primaryimage\",\"url\":\"https:\/\/pagina10.com\/web\/wp-content\/uploads\/2021\/02\/papa.jpg\",\"contentUrl\":\"https:\/\/pagina10.com\/web\/wp-content\/uploads\/2021\/02\/papa.jpg\",\"width\":195,\"height\":258},{\"@type\":\"BreadcrumbList\",\"@id\":\"https:\/\/pagina10.com\/web\/papa-francisco-se-une-a-campana-en-torno-a-la-no-violencia-contra-las-mujeres\/#breadcrumb\",\"itemListElement\":[{\"@type\":\"ListItem\",\"position\":1,\"name\":\"Portada\",\"item\":\"https:\/\/pagina10.com\/web\/\"},{\"@type\":\"ListItem\",\"position\":2,\"name\":\"Papa Francisco se une a campa\u00f1a en torno a la no violencia contra las mujeres\"}]},{\"@type\":\"WebSite\",\"@id\":\"https:\/\/pagina10.com\/web\/#website\",\"url\":\"https:\/\/pagina10.com\/web\/\",\"name\":\"P\u00e1gina10\",\"description\":\"Peri\u00f3dico Regional\",\"publisher\":{\"@id\":\"https:\/\/pagina10.com\/web\/#organization\"},\"alternateName\":\"P\u00e1gina10 Peri\u00f3dico Regional\",\"potentialAction\":[{\"@type\":\"SearchAction\",\"target\":{\"@type\":\"EntryPoint\",\"urlTemplate\":\"https:\/\/pagina10.com\/web\/?s={search_term_string}\"},\"query-input\":{\"@type\":\"PropertyValueSpecification\",\"valueRequired\":true,\"valueName\":\"search_term_string\"}}],\"inLanguage\":\"es\"},{\"@type\":\"Organization\",\"@id\":\"https:\/\/pagina10.com\/web\/#organization\",\"name\":\"P\u00e1gina10\",\"alternateName\":\"P\u00e1gina10 Peri\u00f3dico Regional\",\"url\":\"https:\/\/pagina10.com\/web\/\",\"logo\":{\"@type\":\"ImageObject\",\"inLanguage\":\"es\",\"@id\":\"https:\/\/pagina10.com\/web\/#\/schema\/logo\/image\/\",\"url\":\"https:\/\/pagina10.com\/web\/wp-content\/uploads\/2024\/01\/40-pagina-10-periodico-regional-pasto.jpg\",\"contentUrl\":\"https:\/\/pagina10.com\/web\/wp-content\/uploads\/2024\/01\/40-pagina-10-periodico-regional-pasto.jpg\",\"width\":1280,\"height\":720,\"caption\":\"P\u00e1gina10\"},\"image\":{\"@id\":\"https:\/\/pagina10.com\/web\/#\/schema\/logo\/image\/\"},\"sameAs\":[\"https:\/\/www.facebook.com\/pag10com\",\"https:\/\/x.com\/Pag10com\",\"https:\/\/www.instagram.com\/pagina10col\/\",\"https:\/\/youtube.com\/channel\/pag10\",\"https:\/\/www.tiktok.com\/@p10col\"]},{\"@type\":\"Person\",\"@id\":\"https:\/\/pagina10.com\/web\/#\/schema\/person\/2efc4a090d25b667d3bc796798a3a81b\",\"name\":\"P\u00e1gina 10\",\"description\":\"P\u00e1gina 10 es un peri\u00f3dico regional que nace en Colombia, en el departamento de Nari\u00f1o, con un enfoque global, fundamentado en cuatro pilares esenciales: la libertad, el pluralismo, la inclusi\u00f3n y la independencia. P\u00e1gina 10 hace referencia a Nari\u00f1o como el d\u00e9cimo departamento creado en Colombia, despu\u00e9s de un proceso pol\u00edtico liderado por actores y actrices regionales con el fin de obtener la independencia y autonom\u00eda de nuestros territorios. Con la creaci\u00f3n de P\u00e1gina 10 se pretende abrir un escenario para el dialogo, la reflexi\u00f3n y el debate que se extienda a otras geograf\u00edas de Am\u00e9rica Latina y del planeta, en una apuesta por transformar colectivamente los desaf\u00edos de un mundo contempor\u00e1neo, m\u00e1s all\u00e1 de las fronteras impuestas.\",\"url\":\"https:\/\/pagina10.com\/web\/author\/pdiezadmin\/\"}]}<\/script>\n<!-- \/ Yoast SEO plugin. -->","yoast_head_json":{"title":"Papa Francisco se une a campa\u00f1a en torno a la no violencia contra las mujeres | P\u00e1gina10","robots":{"index":"index","follow":"follow","max-snippet":"max-snippet:-1","max-image-preview":"max-image-preview:large","max-video-preview":"max-video-preview:-1"},"canonical":"https:\/\/pagina10.com\/web\/papa-francisco-se-une-a-campana-en-torno-a-la-no-violencia-contra-las-mujeres\/","og_locale":"es_ES","og_type":"article","og_title":"Papa Francisco se une a campa\u00f1a en torno a la no violencia contra las mujeres | P\u00e1gina10","og_description":"Es por muchos conocido que en el mundo siempre ha dominado una corriente de machismo, de desigualdad entre hombres y mujeres y peor aun: De violencia de distintos tipos contra las mismas. A ra\u00edz de esto han surgido muchos movimientos feministas que buscan la igualdad entre todos los seres humanos sin importar si se es [&hellip;]","og_url":"https:\/\/pagina10.com\/web\/papa-francisco-se-une-a-campana-en-torno-a-la-no-violencia-contra-las-mujeres\/","og_site_name":"P\u00e1gina10","article_publisher":"https:\/\/www.facebook.com\/pag10com","article_published_time":"2021-02-02T17:34:19+00:00","article_modified_time":"2021-02-02T19:49:26+00:00","og_image":[{"width":195,"height":258,"url":"https:\/\/pagina10.com\/web\/wp-content\/uploads\/2021\/02\/papa.jpg","type":"image\/jpeg"}],"author":"P\u00e1gina 10","twitter_card":"summary_large_image","twitter_creator":"@Pag10com","twitter_site":"@Pag10com","twitter_misc":{"Escrito por":"P\u00e1gina 10","Tiempo de lectura":"1 minuto"},"schema":{"@context":"https:\/\/schema.org","@graph":[{"@type":"Article","@id":"https:\/\/pagina10.com\/web\/papa-francisco-se-une-a-campana-en-torno-a-la-no-violencia-contra-las-mujeres\/#article","isPartOf":{"@id":"https:\/\/pagina10.com\/web\/papa-francisco-se-une-a-campana-en-torno-a-la-no-violencia-contra-las-mujeres\/"},"author":{"name":"P\u00e1gina 10","@id":"https:\/\/pagina10.com\/web\/#\/schema\/person\/2efc4a090d25b667d3bc796798a3a81b"},"headline":"Papa Francisco se une a campa\u00f1a en torno a la no violencia contra las mujeres","datePublished":"2021-02-02T17:34:19+00:00","dateModified":"2021-02-02T19:49:26+00:00","mainEntityOfPage":{"@id":"https:\/\/pagina10.com\/web\/papa-francisco-se-une-a-campana-en-torno-a-la-no-violencia-contra-las-mujeres\/"},"wordCount":305,"commentCount":0,"publisher":{"@id":"https:\/\/pagina10.com\/web\/#organization"},"image":{"@id":"https:\/\/pagina10.com\/web\/papa-francisco-se-une-a-campana-en-torno-a-la-no-violencia-contra-las-mujeres\/#primaryimage"},"thumbnailUrl":"https:\/\/pagina10.com\/web\/wp-content\/uploads\/2021\/02\/papa.jpg","articleSection":["P\u00e1gina10"],"inLanguage":"es","potentialAction":[{"@type":"CommentAction","name":"Comment","target":["https:\/\/pagina10.com\/web\/papa-francisco-se-une-a-campana-en-torno-a-la-no-violencia-contra-las-mujeres\/#respond"]}]},{"@type":"WebPage","@id":"https:\/\/pagina10.com\/web\/papa-francisco-se-une-a-campana-en-torno-a-la-no-violencia-contra-las-mujeres\/","url":"https:\/\/pagina10.com\/web\/papa-francisco-se-une-a-campana-en-torno-a-la-no-violencia-contra-las-mujeres\/","name":"Papa Francisco se une a campa\u00f1a en torno a la no violencia contra las mujeres | P\u00e1gina10","isPartOf":{"@id":"https:\/\/pagina10.com\/web\/#website"},"primaryImageOfPage":{"@id":"https:\/\/pagina10.com\/web\/papa-francisco-se-une-a-campana-en-torno-a-la-no-violencia-contra-las-mujeres\/#primaryimage"},"image":{"@id":"https:\/\/pagina10.com\/web\/papa-francisco-se-une-a-campana-en-torno-a-la-no-violencia-contra-las-mujeres\/#primaryimage"},"thumbnailUrl":"https:\/\/pagina10.com\/web\/wp-content\/uploads\/2021\/02\/papa.jpg","datePublished":"2021-02-02T17:34:19+00:00","dateModified":"2021-02-02T19:49:26+00:00","breadcrumb":{"@id":"https:\/\/pagina10.com\/web\/papa-francisco-se-une-a-campana-en-torno-a-la-no-violencia-contra-las-mujeres\/#breadcrumb"},"inLanguage":"es","potentialAction":[{"@type":"ReadAction","target":["https:\/\/pagina10.com\/web\/papa-francisco-se-une-a-campana-en-torno-a-la-no-violencia-contra-las-mujeres\/"]}]},{"@type":"ImageObject","inLanguage":"es","@id":"https:\/\/pagina10.com\/web\/papa-francisco-se-une-a-campana-en-torno-a-la-no-violencia-contra-las-mujeres\/#primaryimage","url":"https:\/\/pagina10.com\/web\/wp-content\/uploads\/2021\/02\/papa.jpg","contentUrl":"https:\/\/pagina10.com\/web\/wp-content\/uploads\/2021\/02\/papa.jpg","width":195,"height":258},{"@type":"BreadcrumbList","@id":"https:\/\/pagina10.com\/web\/papa-francisco-se-une-a-campana-en-torno-a-la-no-violencia-contra-las-mujeres\/#breadcrumb","itemListElement":[{"@type":"ListItem","position":1,"name":"Portada","item":"https:\/\/pagina10.com\/web\/"},{"@type":"ListItem","position":2,"name":"Papa Francisco se une a campa\u00f1a en torno a la no violencia contra las mujeres"}]},{"@type":"WebSite","@id":"https:\/\/pagina10.com\/web\/#website","url":"https:\/\/pagina10.com\/web\/","name":"P\u00e1gina10","description":"Peri\u00f3dico Regional","publisher":{"@id":"https:\/\/pagina10.com\/web\/#organization"},"alternateName":"P\u00e1gina10 Peri\u00f3dico Regional","potentialAction":[{"@type":"SearchAction","target":{"@type":"EntryPoint","urlTemplate":"https:\/\/pagina10.com\/web\/?s={search_term_string}"},"query-input":{"@type":"PropertyValueSpecification","valueRequired":true,"valueName":"search_term_string"}}],"inLanguage":"es"},{"@type":"Organization","@id":"https:\/\/pagina10.com\/web\/#organization","name":"P\u00e1gina10","alternateName":"P\u00e1gina10 Peri\u00f3dico Regional","url":"https:\/\/pagina10.com\/web\/","logo":{"@type":"ImageObject","inLanguage":"es","@id":"https:\/\/pagina10.com\/web\/#\/schema\/logo\/image\/","url":"https:\/\/pagina10.com\/web\/wp-content\/uploads\/2024\/01\/40-pagina-10-periodico-regional-pasto.jpg","contentUrl":"https:\/\/pagina10.com\/web\/wp-content\/uploads\/2024\/01\/40-pagina-10-periodico-regional-pasto.jpg","width":1280,"height":720,"caption":"P\u00e1gina10"},"image":{"@id":"https:\/\/pagina10.com\/web\/#\/schema\/logo\/image\/"},"sameAs":["https:\/\/www.facebook.com\/pag10com","https:\/\/x.com\/Pag10com","https:\/\/www.instagram.com\/pagina10col\/","https:\/\/youtube.com\/channel\/pag10","https:\/\/www.tiktok.com\/@p10col"]},{"@type":"Person","@id":"https:\/\/pagina10.com\/web\/#\/schema\/person\/2efc4a090d25b667d3bc796798a3a81b","name":"P\u00e1gina 10","description":"P\u00e1gina 10 es un peri\u00f3dico regional que nace en Colombia, en el departamento de Nari\u00f1o, con un enfoque global, fundamentado en cuatro pilares esenciales: la libertad, el pluralismo, la inclusi\u00f3n y la independencia. P\u00e1gina 10 hace referencia a Nari\u00f1o como el d\u00e9cimo departamento creado en Colombia, despu\u00e9s de un proceso pol\u00edtico liderado por actores y actrices regionales con el fin de obtener la independencia y autonom\u00eda de nuestros territorios. Con la creaci\u00f3n de P\u00e1gina 10 se pretende abrir un escenario para el dialogo, la reflexi\u00f3n y el debate que se extienda a otras geograf\u00edas de Am\u00e9rica Latina y del planeta, en una apuesta por transformar colectivamente los desaf\u00edos de un mundo contempor\u00e1neo, m\u00e1s all\u00e1 de las fronteras impuestas.","url":"https:\/\/pagina10.com\/web\/author\/pdiezadmin\/"}]}},"_links":{"self":[{"href":"https:\/\/pagina10.com\/web\/wp-json\/wp\/v2\/posts\/50119","targetHints":{"allow":["GET"]}}],"collection":[{"href":"https:\/\/pagina10.com\/web\/wp-json\/wp\/v2\/posts"}],"about":[{"href":"https:\/\/pagina10.com\/web\/wp-json\/wp\/v2\/types\/post"}],"author":[{"embeddable":true,"href":"https:\/\/pagina10.com\/web\/wp-json\/wp\/v2\/users\/1"}],"replies":[{"embeddable":true,"href":"https:\/\/pagina10.com\/web\/wp-json\/wp\/v2\/comments?post=50119"}],"version-history":[{"count":3,"href":"https:\/\/pagina10.com\/web\/wp-json\/wp\/v2\/posts\/50119\/revisions"}],"predecessor-version":[{"id":50136,"href":"https:\/\/pagina10.com\/web\/wp-json\/wp\/v2\/posts\/50119\/revisions\/50136"}],"wp:featuredmedia":[{"embeddable":true,"href":"https:\/\/pagina10.com\/web\/wp-json\/wp\/v2\/media\/50120"}],"wp:attachment":[{"href":"https:\/\/pagina10.com\/web\/wp-json\/wp\/v2\/media?parent=50119"}],"wp:term":[{"taxonomy":"category","embeddable":true,"href":"https:\/\/pagina10.com\/web\/wp-json\/wp\/v2\/categories?post=50119"},{"taxonomy":"post_tag","embeddable":true,"href":"https:\/\/pagina10.com\/web\/wp-json\/wp\/v2\/tags?post=50119"}],"curies":[{"name":"wp","href":"https:\/\/api.w.org\/{rel}","templated":true}]}}